{"id":64794,"date":"2025-03-12T16:29:17","date_gmt":"2025-03-12T19:29:17","guid":{"rendered":"https:\/\/noticiasribeiraopreto.com.br\/index.php\/2025\/03\/12\/capital-inicial-acustico-ribeirao-pretano-kiko-zambianchi-participa-de-turne-especial\/"},"modified":"2025-03-12T16:29:17","modified_gmt":"2025-03-12T19:29:17","slug":"capital-inicial-acustico-ribeirao-pretano-kiko-zambianchi-participa-de-turne-especial","status":"publish","type":"post","link":"https:\/\/noticiasribeiraopreto.com.br\/index.php\/2025\/03\/12\/capital-inicial-acustico-ribeirao-pretano-kiko-zambianchi-participa-de-turne-especial\/","title":{"rendered":"Capital Inicial Ac\u00fastico: ribeir\u00e3o-pretano Kiko Zambianchi participa de turn\u00ea especial"},"content":{"rendered":"<div class='code-block code-block-1' style='margin: 8px 0 8px auto; text-align: right; display: block; clear: both;'>\n<p><a href=\"https:\/\/wa.link\/vpicfd\"><img data-recalc-dims=\"1\" class=\"wp-image-4922\" style=\"aspect-ratio: 2.0253164556962027; width: 561px; height: auto;\" src=\"https:\/\/i0.wp.com\/ismaelcolosi.com.br\/wp-content\/uploads\/2023\/11\/grupo-de-empregos-whatsapp-e-facebook-ismael-colosi-vagas.jpg?ssl=1\" alt=\"\" \/><\/a><\/p>\n<!-- \/wp:image -->\n<\/div>\n<p> <br \/>\n<\/p>\n<div>\n<p>Considerada uma das maiores bandas da hist\u00f3ria do rock nacional, Capital Inicial est\u00e1 em turn\u00ea celebrando seu \u00e1lbum \u201cCapital Inicial Ac\u00fastico MTV\u201d. No s\u00e1bado, dia 22 de mar\u00e7o, Dinho Ouro Preto, Fl\u00e1vio Lemos, F\u00ea Lemos e Yves Passarell desembarcam em Ribeir\u00e3o Preto para uma apresenta\u00e7\u00e3o repleta de hits e muita nostalgia, em um show que reproduz na \u00edntegra a ordem original das m\u00fasicas do disco.<\/p>\n<p>E a celebra\u00e7\u00e3o promete ser ainda mais especial para o m\u00fasico ribeir\u00e3o-pretano Kiko Zambianchi. Parceiro de longa data da banda, o artista foi convidado pelos integrantes para rodar o Brasil com a turn\u00ea e, agora, ter\u00e1 a oportunidade de se apresentar em sua terra natal.<\/p>\n<p>\u201cNossa amizade vem de antes do ac\u00fastico e \u00e9 mais antiga do que as pessoas imaginam\u201d, relembra Zambianchi. \u201cCom o sucesso da turn\u00ea, no in\u00edcio dos anos 2000, viajamos juntos por cerca de tr\u00eas anos, o que nos aproximou ainda mais e s\u00f3 fez aumentar nossa amizade, admira\u00e7\u00e3o e o respeito pelo trabalho. A parceria, que j\u00e1 funcionou uma vez, tem tudo para repetir a mesma dose de sucesso\u201d, destaca.<\/p>\n<p>A parceria entre o Capital Inicial e Kiko Zambianchi promete emocionar o p\u00fablico, relembrando cl\u00e1ssicos que marcaram gera\u00e7\u00f5es. Kiko, que j\u00e1 dividiu o palco com a banda em diversas ocasi\u00f5es, participou do \u00e1lbum ac\u00fastico, regravando o hit \u201cPrimeiros Erros\u201d, uma das can\u00e7\u00f5es mais emblem\u00e1ticas do repert\u00f3rio.<\/p>\n<p>\u201cRibeir\u00e3o Preto \u00e9 uma cidade que sempre nos acolheu de bra\u00e7os abertos, onde temos muitos amigos. Voltar a Ribeir\u00e3o com Kiko ser\u00e1 ainda mais bacana. Estamos ansiosos para rodar o Brasil todo com ele e Denny, trazendo toda a nostalgia do Ac\u00fastico. Os dois fizeram hist\u00f3ria com a gente e continuar\u00e3o fazendo com essa essa nova turn\u00ea\u201d, afirma Dinho Ouro Preto, vocalista do Capital Inicial. Al\u00e9m de Kiko, o percussionista Denny Concei\u00e7\u00e3o, que participou do \u00e1lbum, tamb\u00e9m foi convidado para a nova turn\u00ea.<\/p>\n<p>\u201cTocar em Ribeir\u00e3o Preto \u00e9 sempre muito bom, me recordo do in\u00edcio da minha carreira, da fam\u00edlia, dos amigos e de toda hist\u00f3ria musical que vivi em cada canto da cidade. Os f\u00e3s podem esperar um show bem tocado e arranjado, revivendo a fase de maior sucesso da banda. Estar com o Capital Inicial na minha cidade \u00e9 uma alegria multiplicada por todos esses fatores envolvidos\u201d, completa Zambianchi.<\/p>\n<p>A apresenta\u00e7\u00e3o acontece na Arena Nicnet, a partir das 19h. Os ingressos est\u00e3o dispon\u00edveis no site: www.guicheweb.com.br\/capital-inicial-acustico-25-anos_36814.<\/p>\n<p>Servi\u00e7o<\/p>\n<p>Capital Inicial Ac\u00fastico 25 anos em Ribeir\u00e3o Preto<\/p>\n<p>Data: 22\/03\/2025 (s\u00e1bado)<br \/>Local: Arena Nicnet (Av. Cost\u00e1bile Romano, S\/N)<br \/>Hor\u00e1rio: a partir das 19h<br \/>Ingressos: pelo site<\/p>\n<p>&#13;<br \/>\n\t\t\t\t<span class=\"post-views-icon dashicons dashicons-chart-bar\"\/> <span class=\"post-views-label\">Visualiza\u00e7\u00f5es:<\/span> <span class=\"post-views-count\">16<\/span>&#13;\n\t\t\t<\/p>\n<\/p><\/div>\n<p><br \/>\n<br \/><a href=\"https:\/\/folhaderibeirao.com.br\/2025\/03\/12\/capital-inicial-acustico-ribeirao-pretano-kiko-zambianchi-participa-de-turne-especial\/\">Source link <\/a><\/p>\n<!-- CONTENT END 1 -->\n","protected":false},"excerpt":{"rendered":"<p>Considerada uma das maiores bandas da hist\u00f3ria do rock nacional, Capital Inicial est\u00e1 em turn\u00ea celebrando seu \u00e1lbum \u201cCapital Inicial Ac\u00fastico MTV\u201d. No s\u00e1bado, dia&#8230;<\/p>\n","protected":false},"author":1,"featured_media":64795,"comment_status":"open","ping_status":"open","sticky":false,"template":"","format":"standard","meta":{"advanced_seo_description":"","jetpack_seo_html_title":"","jetpack_seo_noindex":false,"jetpack_post_was_ever_published":false,"_jetpack_newsletter_access":"","_jetpack_dont_email_post_to_subs":false,"_jetpack_newsletter_tier_id":0,"_jetpack_memberships_contains_paywalled_content":false,"_jetpack_memberships_contains_paid_content":false,"footnotes":"","jetpack_publicize_message":"","jetpack_publicize_feature_enabled":true,"jetpack_social_post_already_shared":true,"jetpack_social_options":{"image_generator_settings":{"template":"highway","default_image_id":0,"font":"","enabled":false},"version":2}},"categories":[11],"tags":[6269,2443,923,6268,4701,831,2624,3455,4702],"class_list":["post-64794","post","type-post","status-publish","format-standard","has-post-thumbnail","hentry","category-noticias-de-ribeirao-preto-sp-e-regiao-ismael-colosi","tag-acustico","tag-capital","tag-especial","tag-inicial","tag-kiko","tag-participa","tag-ribeiraopretano","tag-turne","tag-zambianchi"],"jetpack_publicize_connections":[],"jetpack_featured_media_url":"https:\/\/i0.wp.com\/noticiasribeiraopreto.com.br\/wp-content\/uploads\/2025\/03\/WhatsApp-Image-2025-03-12-at-12.00.01.jpeg?fit=1600%2C1000&ssl=1","jetpack-related-posts":[{"id":65452,"url":"https:\/\/noticiasribeiraopreto.com.br\/index.php\/2025\/03\/20\/tudo-sobre-o-show-do-capital-inicial-em-ribeirao-preto\/","url_meta":{"origin":64794,"position":0},"title":"Tudo sobre o show do Capital Inicial em Ribeir\u00e3o Preto","author":"noticiasribeiraopreto.com.br","date":"20 de March de 2025","format":false,"excerpt":"A banda Capital Inicial desembarca em Ribeir\u00e3o Preto no pr\u00f3ximo s\u00e1bado (22) com a turn\u00ea \u201cAc\u00fastico 25 anos\u201d, que celebra 25 anos do \u00e1lbum \u201cAc\u00fastico MTV\u201d. A apresenta\u00e7\u00e3o est\u00e1 marcada para come\u00e7ar \u00e0s 21h, no est\u00e1dio Santa Cruz\/Arena Nicnet. Ribeir\u00e3o Preto ser\u00e1 palco do quarto show da nova turn\u00ea banda\u2026","rel":"","context":"In &quot;Not\u00edcias de Ribeir\u00e3o Preto-SP e Regi\u00e3o&quot;","block_context":{"text":"Not\u00edcias de Ribeir\u00e3o Preto-SP e Regi\u00e3o","link":"https:\/\/noticiasribeiraopreto.com.br\/index.php\/category\/noticias-de-ribeirao-preto-sp-e-regiao-ismael-colosi\/"},"img":{"alt_text":"","src":"https:\/\/i0.wp.com\/noticiasribeiraopreto.com.br\/wp-content\/uploads\/2025\/03\/165766899062ce057e49fe4_1657668990_3x2_md_2025-03-20_13-37-00_jpg_2025-03-20_13-37-00.webp.webp?fit=768%2C512&ssl=1&resize=350%2C200","width":350,"height":200,"srcset":"https:\/\/i0.wp.com\/noticiasribeiraopreto.com.br\/wp-content\/uploads\/2025\/03\/165766899062ce057e49fe4_1657668990_3x2_md_2025-03-20_13-37-00_jpg_2025-03-20_13-37-00.webp.webp?fit=768%2C512&ssl=1&resize=350%2C200 1x, https:\/\/i0.wp.com\/noticiasribeiraopreto.com.br\/wp-content\/uploads\/2025\/03\/165766899062ce057e49fe4_1657668990_3x2_md_2025-03-20_13-37-00_jpg_2025-03-20_13-37-00.webp.webp?fit=768%2C512&ssl=1&resize=525%2C300 1.5x, https:\/\/i0.wp.com\/noticiasribeiraopreto.com.br\/wp-content\/uploads\/2025\/03\/165766899062ce057e49fe4_1657668990_3x2_md_2025-03-20_13-37-00_jpg_2025-03-20_13-37-00.webp.webp?fit=768%2C512&ssl=1&resize=700%2C400 2x"},"classes":[]},{"id":60421,"url":"https:\/\/noticiasribeiraopreto.com.br\/index.php\/2024\/11\/13\/ribeirao-preto-recebe-show-da-turne-comemorativa-do-acustico-do-capital-inicial\/","url_meta":{"origin":64794,"position":1},"title":"Ribeir\u00e3o Preto recebe show da turn\u00ea comemorativa do ac\u00fastico do Capital Inicial","author":"noticiasribeiraopreto.com.br","date":"13 de November de 2024","format":false,"excerpt":"A banda Capital Inicial anunciou uma turn\u00ea em comemora\u00e7\u00e3o aos 25 anos do seu \u00e1lbum mais conhecido, o \u201cAc\u00fastico MTV\u201d. Ribeir\u00e3o Preto ser\u00e1 a terceira cidade a receber a turn\u00ea comemorativa, com show marcado para o dia 22 de mar\u00e7o de 2025. O local ainda n\u00e3o foi divulgado.. O an\u00fancio\u2026","rel":"","context":"In &quot;Not\u00edcias de Ribeir\u00e3o Preto-SP e Regi\u00e3o&quot;","block_context":{"text":"Not\u00edcias de Ribeir\u00e3o Preto-SP e Regi\u00e3o","link":"https:\/\/noticiasribeiraopreto.com.br\/index.php\/category\/noticias-de-ribeirao-preto-sp-e-regiao-ismael-colosi\/"},"img":{"alt_text":"","src":"https:\/\/i0.wp.com\/noticiasribeiraopreto.com.br\/wp-content\/uploads\/2024\/11\/foto_-Fernando-Schlaepfer_2024-11-13_15-07-26_jpg_2024-11-13_15-07-27.webp.webp?fit=1200%2C750&ssl=1&resize=350%2C200","width":350,"height":200,"srcset":"https:\/\/i0.wp.com\/noticiasribeiraopreto.com.br\/wp-content\/uploads\/2024\/11\/foto_-Fernando-Schlaepfer_2024-11-13_15-07-26_jpg_2024-11-13_15-07-27.webp.webp?fit=1200%2C750&ssl=1&resize=350%2C200 1x, https:\/\/i0.wp.com\/noticiasribeiraopreto.com.br\/wp-content\/uploads\/2024\/11\/foto_-Fernando-Schlaepfer_2024-11-13_15-07-26_jpg_2024-11-13_15-07-27.webp.webp?fit=1200%2C750&ssl=1&resize=525%2C300 1.5x, https:\/\/i0.wp.com\/noticiasribeiraopreto.com.br\/wp-content\/uploads\/2024\/11\/foto_-Fernando-Schlaepfer_2024-11-13_15-07-26_jpg_2024-11-13_15-07-27.webp.webp?fit=1200%2C750&ssl=1&resize=700%2C400 2x, https:\/\/i0.wp.com\/noticiasribeiraopreto.com.br\/wp-content\/uploads\/2024\/11\/foto_-Fernando-Schlaepfer_2024-11-13_15-07-26_jpg_2024-11-13_15-07-27.webp.webp?fit=1200%2C750&ssl=1&resize=1050%2C600 3x"},"classes":[]},{"id":41191,"url":"https:\/\/noticiasribeiraopreto.com.br\/index.php\/2024\/03\/06\/ritmo-do-bem-kiko-zambianchi-traz-classicos-nacionais-em-show-em-ribeirao-preto\/","url_meta":{"origin":64794,"position":2},"title":"Kiko Zambianchi traz cl\u00e1ssicos nacionais em show em Ribeir\u00e3o Preto \u2013 Portal Popito","author":"noticiasribeiraopreto.com.br","date":"6 de March de 2024","format":false,"excerpt":"Rod Hanna e \u00c1lvaro Petersen far\u00e3o participa\u00e7\u00e3o especial com setlist que misturar\u00e1 MBP, pop rock e disco music; todos eles, artistas da \u2018casa\u2019, se unem em evento beneficente em prol da Casa das Mangueiras no dia 14 de mar\u00e7o. Ingressos est\u00e3o \u00e0 venda As hist\u00f3rias de vida e carreiras profissionais\u2026","rel":"","context":"In &quot;Not\u00edcias de Ribeir\u00e3o Preto-SP e Regi\u00e3o&quot;","block_context":{"text":"Not\u00edcias de Ribeir\u00e3o Preto-SP e Regi\u00e3o","link":"https:\/\/noticiasribeiraopreto.com.br\/index.php\/category\/noticias-de-ribeirao-preto-sp-e-regiao-ismael-colosi\/"},"img":{"alt_text":"","src":"https:\/\/i0.wp.com\/noticiasribeiraopreto.com.br\/wp-content\/uploads\/2024\/03\/Rod-Hanna.jpg?fit=1200%2C721&ssl=1&resize=350%2C200","width":350,"height":200,"srcset":"https:\/\/i0.wp.com\/noticiasribeiraopreto.com.br\/wp-content\/uploads\/2024\/03\/Rod-Hanna.jpg?fit=1200%2C721&ssl=1&resize=350%2C200 1x, https:\/\/i0.wp.com\/noticiasribeiraopreto.com.br\/wp-content\/uploads\/2024\/03\/Rod-Hanna.jpg?fit=1200%2C721&ssl=1&resize=525%2C300 1.5x, https:\/\/i0.wp.com\/noticiasribeiraopreto.com.br\/wp-content\/uploads\/2024\/03\/Rod-Hanna.jpg?fit=1200%2C721&ssl=1&resize=700%2C400 2x, https:\/\/i0.wp.com\/noticiasribeiraopreto.com.br\/wp-content\/uploads\/2024\/03\/Rod-Hanna.jpg?fit=1200%2C721&ssl=1&resize=1050%2C600 3x"},"classes":[]},{"id":42412,"url":"https:\/\/noticiasribeiraopreto.com.br\/index.php\/2024\/03\/14\/kiko-zambianchi-faz-show-beneficente\/","url_meta":{"origin":64794,"position":3},"title":"Kiko Zambianchi faz show beneficente \u00a0","author":"noticiasribeiraopreto.com.br","date":"14 de March de 2024","format":false,"excerpt":"A Casa das Mangueiras \u00e9 mantida com apoio institucional e financeiro de toda a sociedade civil e poder p\u00fablico, al\u00e9m de estrat\u00e9gias de gera\u00e7\u00e3o de receita pr\u00f3pria. O projeto Ritmo do Bem, por exemplo, nasceu para colaborar com as atividades da institui\u00e7\u00e3o. Para isso, Ribeir\u00e3o Preto receber\u00e1 nesta quinta-feira, 14\u2026","rel":"","context":"In &quot;Not\u00edcias de Ribeir\u00e3o Preto-SP e Regi\u00e3o&quot;","block_context":{"text":"Not\u00edcias de Ribeir\u00e3o Preto-SP e Regi\u00e3o","link":"https:\/\/noticiasribeiraopreto.com.br\/index.php\/category\/noticias-de-ribeirao-preto-sp-e-regiao-ismael-colosi\/"},"img":{"alt_text":"","src":"https:\/\/i0.wp.com\/noticiasribeiraopreto.com.br\/wp-content\/uploads\/2024\/03\/Mangueiras-Kik-Priscila-Prade-scaled.jpg?fit=966%2C645&ssl=1&resize=350%2C200","width":350,"height":200,"srcset":"https:\/\/i0.wp.com\/noticiasribeiraopreto.com.br\/wp-content\/uploads\/2024\/03\/Mangueiras-Kik-Priscila-Prade-scaled.jpg?fit=966%2C645&ssl=1&resize=350%2C200 1x, https:\/\/i0.wp.com\/noticiasribeiraopreto.com.br\/wp-content\/uploads\/2024\/03\/Mangueiras-Kik-Priscila-Prade-scaled.jpg?fit=966%2C645&ssl=1&resize=525%2C300 1.5x, https:\/\/i0.wp.com\/noticiasribeiraopreto.com.br\/wp-content\/uploads\/2024\/03\/Mangueiras-Kik-Priscila-Prade-scaled.jpg?fit=966%2C645&ssl=1&resize=700%2C400 2x"},"classes":[]},{"id":48890,"url":"https:\/\/noticiasribeiraopreto.com.br\/index.php\/2024\/05\/07\/kiko-zambianchi-participa-da-escolha-de-semifinalistas-do-concurso-epra-cantar\/","url_meta":{"origin":64794,"position":4},"title":"Kiko Zambianchi participa da escolha de semifinalistas do concurso \u2018\u00c9Pra Cantar\u2019","author":"noticiasribeiraopreto.com.br","date":"7 de May de 2024","format":false,"excerpt":"O cantor e compositor ribeir\u00e3o-pretano Kiko Zambianchi foi um dos jurados que definiu presencialmente na segunda-feira (6), os 20 semifinalistas do concurso musical \u201c\u00c9Pra Cantar\u201d, realizado pela EPTV, afiliada da Rede Globo. A escolha dos candidatos que seguir\u00e3o na disputa do concurso aconteceu na sede da EPTV Campinas e, al\u00e9m\u2026","rel":"","context":"In &quot;Not\u00edcias de Ribeir\u00e3o Preto-SP e Regi\u00e3o&quot;","block_context":{"text":"Not\u00edcias de Ribeir\u00e3o Preto-SP e Regi\u00e3o","link":"https:\/\/noticiasribeiraopreto.com.br\/index.php\/category\/noticias-de-ribeirao-preto-sp-e-regiao-ismael-colosi\/"},"img":{"alt_text":"","src":"https:\/\/i0.wp.com\/noticiasribeiraopreto.com.br\/wp-content\/uploads\/2024\/05\/Capturar_2024-05-06_21-49-33_jpg_2024-05-06_21-49-34.webp.webp?fit=779%2C430&ssl=1&resize=350%2C200","width":350,"height":200,"srcset":"https:\/\/i0.wp.com\/noticiasribeiraopreto.com.br\/wp-content\/uploads\/2024\/05\/Capturar_2024-05-06_21-49-33_jpg_2024-05-06_21-49-34.webp.webp?fit=779%2C430&ssl=1&resize=350%2C200 1x, https:\/\/i0.wp.com\/noticiasribeiraopreto.com.br\/wp-content\/uploads\/2024\/05\/Capturar_2024-05-06_21-49-33_jpg_2024-05-06_21-49-34.webp.webp?fit=779%2C430&ssl=1&resize=525%2C300 1.5x, https:\/\/i0.wp.com\/noticiasribeiraopreto.com.br\/wp-content\/uploads\/2024\/05\/Capturar_2024-05-06_21-49-33_jpg_2024-05-06_21-49-34.webp.webp?fit=779%2C430&ssl=1&resize=700%2C400 2x"},"classes":[]},{"id":64278,"url":"https:\/\/noticiasribeiraopreto.com.br\/index.php\/2025\/03\/06\/ribeirao-preto-recebe-turne-acustico-25-anos-do-capital-inicial-veja-como-comprar-ingressos\/","url_meta":{"origin":64794,"position":5},"title":"Ribeir\u00e3o Preto recebe turn\u00ea &#8216;Ac\u00fastico 25 anos&#8217; do Capital Inicial; Veja como comprar ingressos","author":"noticiasribeiraopreto.com.br","date":"6 de March de 2025","format":false,"excerpt":"Ribeir\u00e3o Preto recebe a turn\u00ea \u201cAc\u00fastico 25 anos\u201d da banda Capital Inicial, no pr\u00f3ximo s\u00e1bado (22), no est\u00e1dio Santa Cruz\/Arena Nicnet, zona Leste do munic\u00edpio. Os ingressos ainda est\u00e3o dispon\u00edveis e variam entre R$ 210 e R$ 560 \u2013 saiba mais abaixo. \u00a0 Com mais de 40 anos de estrada,\u2026","rel":"","context":"In &quot;Not\u00edcias de Ribeir\u00e3o Preto-SP e Regi\u00e3o&quot;","block_context":{"text":"Not\u00edcias de Ribeir\u00e3o Preto-SP e Regi\u00e3o","link":"https:\/\/noticiasribeiraopreto.com.br\/index.php\/category\/noticias-de-ribeirao-preto-sp-e-regiao-ismael-colosi\/"},"img":{"alt_text":"","src":"https:\/\/i0.wp.com\/noticiasribeiraopreto.com.br\/wp-content\/uploads\/2025\/03\/Copia-de-Copia-de-Copia-de-TAMANHO-EXATO-PARA-FOTOS-NO-SISTEMA-NOVO-2025-03-06T160144.807_2025-03-06_19-01-51_png_2025-03-06_19-01-51.webp.webp?fit=1200%2C675&ssl=1&resize=350%2C200","width":350,"height":200,"srcset":"https:\/\/i0.wp.com\/noticiasribeiraopreto.com.br\/wp-content\/uploads\/2025\/03\/Copia-de-Copia-de-Copia-de-TAMANHO-EXATO-PARA-FOTOS-NO-SISTEMA-NOVO-2025-03-06T160144.807_2025-03-06_19-01-51_png_2025-03-06_19-01-51.webp.webp?fit=1200%2C675&ssl=1&resize=350%2C200 1x, https:\/\/i0.wp.com\/noticiasribeiraopreto.com.br\/wp-content\/uploads\/2025\/03\/Copia-de-Copia-de-Copia-de-TAMANHO-EXATO-PARA-FOTOS-NO-SISTEMA-NOVO-2025-03-06T160144.807_2025-03-06_19-01-51_png_2025-03-06_19-01-51.webp.webp?fit=1200%2C675&ssl=1&resize=525%2C300 1.5x, https:\/\/i0.wp.com\/noticiasribeiraopreto.com.br\/wp-content\/uploads\/2025\/03\/Copia-de-Copia-de-Copia-de-TAMANHO-EXATO-PARA-FOTOS-NO-SISTEMA-NOVO-2025-03-06T160144.807_2025-03-06_19-01-51_png_2025-03-06_19-01-51.webp.webp?fit=1200%2C675&ssl=1&resize=700%2C400 2x, https:\/\/i0.wp.com\/noticiasribeiraopreto.com.br\/wp-content\/uploads\/2025\/03\/Copia-de-Copia-de-Copia-de-TAMANHO-EXATO-PARA-FOTOS-NO-SISTEMA-NOVO-2025-03-06T160144.807_2025-03-06_19-01-51_png_2025-03-06_19-01-51.webp.webp?fit=1200%2C675&ssl=1&resize=1050%2C600 3x"},"classes":[]}],"jetpack_sharing_enabled":true,"jetpack_shortlink":"https:\/\/wp.me\/peQAOb-gR4","_links":{"self":[{"href":"https:\/\/noticiasribeiraopreto.com.br\/index.php\/wp-json\/wp\/v2\/posts\/64794","targetHints":{"allow":["GET"]}}],"collection":[{"href":"https:\/\/noticiasribeiraopreto.com.br\/index.php\/wp-json\/wp\/v2\/posts"}],"about":[{"href":"https:\/\/noticiasribeiraopreto.com.br\/index.php\/wp-json\/wp\/v2\/types\/post"}],"author":[{"embeddable":true,"href":"https:\/\/noticiasribeiraopreto.com.br\/index.php\/wp-json\/wp\/v2\/users\/1"}],"replies":[{"embeddable":true,"href":"https:\/\/noticiasribeiraopreto.com.br\/index.php\/wp-json\/wp\/v2\/comments?post=64794"}],"version-history":[{"count":0,"href":"https:\/\/noticiasribeiraopreto.com.br\/index.php\/wp-json\/wp\/v2\/posts\/64794\/revisions"}],"wp:featuredmedia":[{"embeddable":true,"href":"https:\/\/noticiasribeiraopreto.com.br\/index.php\/wp-json\/wp\/v2\/media\/64795"}],"wp:attachment":[{"href":"https:\/\/noticiasribeiraopreto.com.br\/index.php\/wp-json\/wp\/v2\/media?parent=64794"}],"wp:term":[{"taxonomy":"category","embeddable":true,"href":"https:\/\/noticiasribeiraopreto.com.br\/index.php\/wp-json\/wp\/v2\/categories?post=64794"},{"taxonomy":"post_tag","embeddable":true,"href":"https:\/\/noticiasribeiraopreto.com.br\/index.php\/wp-json\/wp\/v2\/tags?post=64794"}],"curies":[{"name":"wp","href":"https:\/\/api.w.org\/{rel}","templated":true}]}}