{"id":64898,"date":"2025-03-13T13:18:39","date_gmt":"2025-03-13T16:18:39","guid":{"rendered":"https:\/\/noticiasribeiraopreto.com.br\/index.php\/2025\/03\/13\/casal-de-idosos-acorda-com-assaltante-dentro-de-casa-na-zona-oeste-de-ribeirao-preto\/"},"modified":"2025-03-13T13:18:39","modified_gmt":"2025-03-13T16:18:39","slug":"casal-de-idosos-acorda-com-assaltante-dentro-de-casa-na-zona-oeste-de-ribeirao-preto","status":"publish","type":"post","link":"https:\/\/noticiasribeiraopreto.com.br\/index.php\/2025\/03\/13\/casal-de-idosos-acorda-com-assaltante-dentro-de-casa-na-zona-oeste-de-ribeirao-preto\/","title":{"rendered":"Casal de idosos acorda com assaltante dentro de casa na zona Oeste de Ribeir\u00e3o Preto"},"content":{"rendered":"<p> <br \/>\n<\/p>\n<div data-td-block-uid=\"tdi_95\">\n<div class=\"tdb-block-inner td-fix-index\">\n<p><strong>Um casal de idosos acordou com um assaltante dentro de casa no in\u00edcio da manh\u00e3 desta quarta-feira (12), no Jardim Recreio, zona Oeste de Ribeir\u00e3o Preto.<\/strong><\/p>\n<p>Segundo o <strong>boletim de ocorr\u00eancia (BO)<\/strong>, o <strong>homem<\/strong>, de 65 anos, foi <strong>amarrado <\/strong>na <strong>cama <\/strong>pelo <strong>criminoso<\/strong>, que estava com uma <strong>faca<\/strong>. <\/p>\n<p>A mulher, de 63 anos, teve a faca apontada para o seu pesco\u00e7o e recebeu amea\u00e7as durante a a\u00e7\u00e3o, ocorrida na rua Jaracati\u00e1.<\/p>\n<p>O assaltante teria escalado a resid\u00eancia e entrado no im\u00f3vel por uma porta destravada.<\/p>\n<p>A porta de um dos quartos onde dormia uma funcion\u00e1ria foi arrombada.<\/p>\n<p>Foram levados joias, celular, documentos pessoais e cart\u00f5es banc\u00e1rios das v\u00edtimas.<\/p>\n<p>O caso foi registrado na CPJ (Central de Pol\u00edcia Judici\u00e1ria) Permanente como roubo a resid\u00eancia para investiga\u00e7\u00e3o da Pol\u00edcia Civil. Nenhum suspeito foi preso.<\/p>\n<p>SAIBA MAIS<\/p>\n<p>Gatos morrem ap\u00f3s inalarem fuma\u00e7a de inc\u00eandio em apartamento no Centro de Ribeir\u00e3o Preto<\/p>\n<h3 class=\"wp-block-heading\"><strong>FIQUE ON<\/strong><\/h3>\n<p>Fique ligado em tudo que acontece em Ribeir\u00e3o Preto e regi\u00e3o. Siga os perfis do\u00a0<strong>acidade on<\/strong>\u00a0no\u00a0<a href=\"https:\/\/www.instagram.com\/acidadeonribeirao\">Instagram\u00a0<\/a>e no\u00a0<a href=\"https:\/\/www.facebook.com\/acidadeonribeirao\/\">Facebook.<\/a><\/p>\n<p>Receba not\u00edcias do\u00a0<strong>acidade on\u00a0<\/strong>no WhatsApp.\u00a0<a href=\"https:\/\/chat.whatsapp.com\/BjKQZ9oJwlz8VVT50NuePq\">Para entrar no grupo, basta clicar aqui.<\/a><\/p>\n<p>Fa\u00e7a uma den\u00fancia ou sugira uma reportagem sobre Ribeir\u00e3o Preto e regi\u00e3o pelo WhatsApp: 16 99117 7802.<\/p>\n<p>VEJA TAMB\u00c9M<\/p>\n<p>Qual o novo prazo para a declara\u00e7\u00e3o do IRPF 2025?<\/p>\n<p><!-- CONTENT END 1 -->\n<\/div>\n<\/div>\n<p><script async src=\"\/\/www.instagram.com\/embed.js\"><\/script><br \/>\n<br \/><br \/>\n<br \/><a href=\"https:\/\/www.acidadeon.com\/ribeiraopreto\/cotidiano\/casal-de-idosos-acorda-com-assaltante-dentro-de-casa-na-zona-oeste-de-ribeirao-preto\/\">Source link <\/a><\/p>\n","protected":false},"excerpt":{"rendered":"<p>Um casal de idosos acordou com um assaltante dentro de casa no in\u00edcio da manh\u00e3 desta quarta-feira (12), no Jardim Recreio, zona Oeste de Ribeir\u00e3o&#8230;<\/p>\n","protected":false},"author":1,"featured_media":64899,"comment_status":"open","ping_status":"open","sticky":false,"template":"","format":"standard","meta":{"advanced_seo_description":"","jetpack_seo_html_title":"","jetpack_seo_noindex":false,"jetpack_seo_schema_type":"","_jetpack_newsletter_access":"","_jetpack_dont_email_post_to_subs":false,"_jetpack_newsletter_tier_id":0,"_jetpack_memberships_contains_paywalled_content":false,"_jetpack_feature_clip_id":0,"_jetpack_memberships_contains_paid_content":false,"footnotes":"","jetpack_publicize_message":"","jetpack_publicize_feature_enabled":true,"jetpack_social_post_already_shared":true,"jetpack_social_options":{"image_generator_settings":{"template":"highway","default_image_id":0,"font":"","enabled":false},"version":2},"jetpack_post_was_ever_published":false},"categories":[11],"tags":[],"class_list":["post-64898","post","type-post","status-publish","format-standard","has-post-thumbnail","hentry","category-noticias-de-ribeirao-preto-sp-e-regiao-ismael-colosi"],"jetpack_publicize_connections":[],"jetpack-related-posts":[{"id":79363,"url":"https:\/\/noticiasribeiraopreto.com.br\/index.php\/2025\/10\/30\/ladrao-rende-casal-de-idosos-e-faz-limpa-em-residencia-na-zona-sul-de-ribeirao-preto\/","url_meta":{"origin":64898,"position":0},"title":"Ladr\u00e3o rende casal de idosos e faz &#8216;limpa&#8217; em resid\u00eancia na zona Sul de Ribeir\u00e3o Preto","author":"noticiasribeiraopreto.com.br","date":"30 de October de 2025","format":false,"excerpt":"Um casal de idosos foi rendido por um assaltante armado durante um roubo a resid\u00eancia na noite desta quarta-feira (29), na City Ribeir\u00e3o, zona Sul de Ribeir\u00e3o Preto. Segundo o boletim de ocorr\u00eancia (BO), foram levados joias, eletr\u00f4nicos \u2013 como notebooks, televisores e celulares \u2013 e um carro Volkswagen T-Cross\u2026","rel":"","context":"In &quot;Not\u00edcias de Ribeir\u00e3o Preto-SP e Regi\u00e3o&quot;","block_context":{"text":"Not\u00edcias de Ribeir\u00e3o Preto-SP e Regi\u00e3o","link":"https:\/\/noticiasribeiraopreto.com.br\/index.php\/category\/noticias-de-ribeirao-preto-sp-e-regiao-ismael-colosi\/"},"img":{"alt_text":"","src":"https:\/\/i0.wp.com\/noticiasribeiraopreto.com.br\/wp-content\/uploads\/2025\/10\/WhatsApp-Image-2025-10-30-at-09.26.44_2025-10-30_12-27-20.webp.webp?fit=852%2C610&ssl=1&resize=350%2C200","width":350,"height":200,"srcset":"https:\/\/i0.wp.com\/noticiasribeiraopreto.com.br\/wp-content\/uploads\/2025\/10\/WhatsApp-Image-2025-10-30-at-09.26.44_2025-10-30_12-27-20.webp.webp?fit=852%2C610&ssl=1&resize=350%2C200 1x, https:\/\/i0.wp.com\/noticiasribeiraopreto.com.br\/wp-content\/uploads\/2025\/10\/WhatsApp-Image-2025-10-30-at-09.26.44_2025-10-30_12-27-20.webp.webp?fit=852%2C610&ssl=1&resize=525%2C300 1.5x, https:\/\/i0.wp.com\/noticiasribeiraopreto.com.br\/wp-content\/uploads\/2025\/10\/WhatsApp-Image-2025-10-30-at-09.26.44_2025-10-30_12-27-20.webp.webp?fit=852%2C610&ssl=1&resize=700%2C400 2x"},"classes":[]},{"id":66060,"url":"https:\/\/noticiasribeiraopreto.com.br\/index.php\/2025\/03\/27\/assaltantes-atropelam-idoso-com-carro-da-propria-vitima-durante-roubo-em-ribeirao-preto\/","url_meta":{"origin":64898,"position":1},"title":"Assaltantes atropelam idoso com carro da pr\u00f3pria v\u00edtima durante roubo em Ribeir\u00e3o Preto","author":"noticiasribeiraopreto.com.br","date":"27 de March de 2025","format":false,"excerpt":"Um homem de 80 anos foi atropelado por assaltantes que estavam com o carro roubado\u00a0da v\u00edtima, no bairro Dom\u00a0Mielle, zona Oeste de Ribeir\u00e3o Preto. O crime ocorreu\u00a0na \u00faltima\u00a0segunda-feira (24), na rua Jos\u00e9 Roberto Rodrigues, quando a v\u00edtima chegava a sua casa, por volta das 20h. Segundo o boletim de ocorr\u00eancia\u2026","rel":"","context":"In &quot;Not\u00edcias de Ribeir\u00e3o Preto-SP e Regi\u00e3o&quot;","block_context":{"text":"Not\u00edcias de Ribeir\u00e3o Preto-SP e Regi\u00e3o","link":"https:\/\/noticiasribeiraopreto.com.br\/index.php\/category\/noticias-de-ribeirao-preto-sp-e-regiao-ismael-colosi\/"},"img":{"alt_text":"","src":"https:\/\/i0.wp.com\/noticiasribeiraopreto.com.br\/wp-content\/uploads\/2025\/03\/1743092192_cpj_policia_1024x576_21012021082231.jpg?fit=1024%2C576&ssl=1&resize=350%2C200","width":350,"height":200,"srcset":"https:\/\/i0.wp.com\/noticiasribeiraopreto.com.br\/wp-content\/uploads\/2025\/03\/1743092192_cpj_policia_1024x576_21012021082231.jpg?fit=1024%2C576&ssl=1&resize=350%2C200 1x, https:\/\/i0.wp.com\/noticiasribeiraopreto.com.br\/wp-content\/uploads\/2025\/03\/1743092192_cpj_policia_1024x576_21012021082231.jpg?fit=1024%2C576&ssl=1&resize=525%2C300 1.5x, https:\/\/i0.wp.com\/noticiasribeiraopreto.com.br\/wp-content\/uploads\/2025\/03\/1743092192_cpj_policia_1024x576_21012021082231.jpg?fit=1024%2C576&ssl=1&resize=700%2C400 2x"},"classes":[]},{"id":66045,"url":"https:\/\/noticiasribeiraopreto.com.br\/index.php\/2025\/03\/27\/assaltantes-atropelam-idoso-com-o-carro-da-propria-vitima-durante-roubo-em-ribeirao-preto\/","url_meta":{"origin":64898,"position":2},"title":"Assaltantes atropelam idoso com o carro da pr\u00f3pria v\u00edtima durante roubo em Ribeir\u00e3o Preto","author":"noticiasribeiraopreto.com.br","date":"27 de March de 2025","format":false,"excerpt":"Um homem de 80 anos foi atropelado por assaltantes com o pr\u00f3prio carro da\u00a0v\u00edtima roubado\u00a0na a\u00e7\u00e3o, no bairro Dom\u00a0Mielle, zona Oeste de Ribeir\u00e3o Preto. O crime ocorreu\u00a0na \u00faltima\u00a0segunda-feira (24), na rua Jos\u00e9 Roberto Rodrigues, quando o idoso chegava a sua casa, por volta das 20h. Segundo o boletim de ocorr\u00eancia\u2026","rel":"","context":"In &quot;Not\u00edcias de Ribeir\u00e3o Preto-SP e Regi\u00e3o&quot;","block_context":{"text":"Not\u00edcias de Ribeir\u00e3o Preto-SP e Regi\u00e3o","link":"https:\/\/noticiasribeiraopreto.com.br\/index.php\/category\/noticias-de-ribeirao-preto-sp-e-regiao-ismael-colosi\/"},"img":{"alt_text":"","src":"https:\/\/i0.wp.com\/noticiasribeiraopreto.com.br\/wp-content\/uploads\/2025\/03\/1743085233_cpj_policia_1024x576_21012021082231.jpg?fit=1024%2C576&ssl=1&resize=350%2C200","width":350,"height":200,"srcset":"https:\/\/i0.wp.com\/noticiasribeiraopreto.com.br\/wp-content\/uploads\/2025\/03\/1743085233_cpj_policia_1024x576_21012021082231.jpg?fit=1024%2C576&ssl=1&resize=350%2C200 1x, https:\/\/i0.wp.com\/noticiasribeiraopreto.com.br\/wp-content\/uploads\/2025\/03\/1743085233_cpj_policia_1024x576_21012021082231.jpg?fit=1024%2C576&ssl=1&resize=525%2C300 1.5x, https:\/\/i0.wp.com\/noticiasribeiraopreto.com.br\/wp-content\/uploads\/2025\/03\/1743085233_cpj_policia_1024x576_21012021082231.jpg?fit=1024%2C576&ssl=1&resize=700%2C400 2x"},"classes":[]},{"id":77422,"url":"https:\/\/noticiasribeiraopreto.com.br\/index.php\/2025\/09\/18\/casal-e-rendido-por-assaltante-armado-em-chacara-na-zona-norte-de-ribeirao-preto\/","url_meta":{"origin":64898,"position":3},"title":"Casal \u00e9 rendido por assaltante armado em ch\u00e1cara na zona Norte de Ribeir\u00e3o Preto","author":"noticiasribeiraopreto.com.br","date":"18 de September de 2025","format":false,"excerpt":"Um casal foi rendido por um assaltante armado na noite desta quarta-feira (17), em uma ch\u00e1cara no Parque Industrial Tanquinho, zona Norte de Ribeir\u00e3o Preto. Segundo o boletim\u00a0de ocorr\u00eancia (BO), o criminoso pulou um muro nos fundos da propriedade, que fica na rua Romano Cor\u00f3. O morador, de 25 anos,\u2026","rel":"","context":"In &quot;Not\u00edcias de Ribeir\u00e3o Preto-SP e Regi\u00e3o&quot;","block_context":{"text":"Not\u00edcias de Ribeir\u00e3o Preto-SP e Regi\u00e3o","link":"https:\/\/noticiasribeiraopreto.com.br\/index.php\/category\/noticias-de-ribeirao-preto-sp-e-regiao-ismael-colosi\/"},"img":{"alt_text":"","src":"https:\/\/i0.wp.com\/noticiasribeiraopreto.com.br\/wp-content\/uploads\/2025\/09\/LUZ-POLICIA_2025-09-18_12-53-42.webp.webp?fit=1200%2C672&ssl=1&resize=350%2C200","width":350,"height":200,"srcset":"https:\/\/i0.wp.com\/noticiasribeiraopreto.com.br\/wp-content\/uploads\/2025\/09\/LUZ-POLICIA_2025-09-18_12-53-42.webp.webp?fit=1200%2C672&ssl=1&resize=350%2C200 1x, https:\/\/i0.wp.com\/noticiasribeiraopreto.com.br\/wp-content\/uploads\/2025\/09\/LUZ-POLICIA_2025-09-18_12-53-42.webp.webp?fit=1200%2C672&ssl=1&resize=525%2C300 1.5x, https:\/\/i0.wp.com\/noticiasribeiraopreto.com.br\/wp-content\/uploads\/2025\/09\/LUZ-POLICIA_2025-09-18_12-53-42.webp.webp?fit=1200%2C672&ssl=1&resize=700%2C400 2x, https:\/\/i0.wp.com\/noticiasribeiraopreto.com.br\/wp-content\/uploads\/2025\/09\/LUZ-POLICIA_2025-09-18_12-53-42.webp.webp?fit=1200%2C672&ssl=1&resize=1050%2C600 3x"},"classes":[]},{"id":88886,"url":"https:\/\/noticiasribeiraopreto.com.br\/index.php\/2026\/07\/27\/assaltantes-invadem-obra-e-amarram-vigia-na-zona-oeste-de-ribeirao-preto\/","url_meta":{"origin":64898,"position":4},"title":"Assaltantes invadem obra e amarram vigia na zona Oeste de Ribeir\u00e3o Preto","author":"noticiasribeiraopreto.com.br","date":"27 de July de 2026","format":false,"excerpt":"Ver essa foto no Instagram Um post compartilhado por acidade on Ribeir\u00e3o (@acidadeonribeirao) Um vigia foi amarrado durante uma tentativa de roubo a um canteiro de obras de pr\u00e9dios na madrugada desta segunda-feira (27), no bairro Jardim Eug\u00eanio Mendes Lopes, zona Oeste de Ribeir\u00e3o Preto. O caso ocorreu na rua\u2026","rel":"","context":"In &quot;Not\u00edcias de Ribeir\u00e3o Preto-SP e Regi\u00e3o&quot;","block_context":{"text":"Not\u00edcias de Ribeir\u00e3o Preto-SP e Regi\u00e3o","link":"https:\/\/noticiasribeiraopreto.com.br\/index.php\/category\/noticias-de-ribeirao-preto-sp-e-regiao-ismael-colosi\/"},"img":{"alt_text":"","src":"https:\/\/i0.wp.com\/noticiasribeiraopreto.com.br\/wp-content\/uploads\/2026\/07\/policia.jpg?fit=1200%2C668&ssl=1&resize=350%2C200","width":350,"height":200,"srcset":"https:\/\/i0.wp.com\/noticiasribeiraopreto.com.br\/wp-content\/uploads\/2026\/07\/policia.jpg?fit=1200%2C668&ssl=1&resize=350%2C200 1x, https:\/\/i0.wp.com\/noticiasribeiraopreto.com.br\/wp-content\/uploads\/2026\/07\/policia.jpg?fit=1200%2C668&ssl=1&resize=525%2C300 1.5x, https:\/\/i0.wp.com\/noticiasribeiraopreto.com.br\/wp-content\/uploads\/2026\/07\/policia.jpg?fit=1200%2C668&ssl=1&resize=700%2C400 2x, https:\/\/i0.wp.com\/noticiasribeiraopreto.com.br\/wp-content\/uploads\/2026\/07\/policia.jpg?fit=1200%2C668&ssl=1&resize=1050%2C600 3x"},"classes":[]},{"id":57596,"url":"https:\/\/noticiasribeiraopreto.com.br\/index.php\/2024\/09\/05\/assaltantes-fazem-casal-refem-agridem-vitima-e-roubam-cofre-vazio-em-ribeirao\/","url_meta":{"origin":64898,"position":5},"title":"Assaltantes fazem casal ref\u00e9m, agridem v\u00edtima e roubam cofre vazio em Ribeir\u00e3o","author":"noticiasribeiraopreto.com.br","date":"5 de September de 2024","format":false,"excerpt":"Dois criminosos, um dos quais com uma arma de fogo, fizeram um casal ref\u00e9m e agrediram uma das v\u00edtimas durante um assalto no in\u00edcio da noite desta quarta-feira (4), no bairro Campos El\u00edseos, zona Norte de Ribeir\u00e3o Preto. Segundo o boletim de ocorr\u00eancia (BO), a v\u00edtima \u2013 um homem de\u2026","rel":"","context":"In &quot;Not\u00edcias de Ribeir\u00e3o Preto-SP e Regi\u00e3o&quot;","block_context":{"text":"Not\u00edcias de Ribeir\u00e3o Preto-SP e Regi\u00e3o","link":"https:\/\/noticiasribeiraopreto.com.br\/index.php\/category\/noticias-de-ribeirao-preto-sp-e-regiao-ismael-colosi\/"},"img":{"alt_text":"","src":"https:\/\/i0.wp.com\/noticiasribeiraopreto.com.br\/wp-content\/uploads\/2024\/09\/pm_qru_1024x576_25052021184558.jpg?fit=1024%2C576&ssl=1&resize=350%2C200","width":350,"height":200,"srcset":"https:\/\/i0.wp.com\/noticiasribeiraopreto.com.br\/wp-content\/uploads\/2024\/09\/pm_qru_1024x576_25052021184558.jpg?fit=1024%2C576&ssl=1&resize=350%2C200 1x, https:\/\/i0.wp.com\/noticiasribeiraopreto.com.br\/wp-content\/uploads\/2024\/09\/pm_qru_1024x576_25052021184558.jpg?fit=1024%2C576&ssl=1&resize=525%2C300 1.5x, https:\/\/i0.wp.com\/noticiasribeiraopreto.com.br\/wp-content\/uploads\/2024\/09\/pm_qru_1024x576_25052021184558.jpg?fit=1024%2C576&ssl=1&resize=700%2C400 2x"},"classes":[]}],"jetpack_sharing_enabled":true,"jetpack_shortlink":"https:\/\/wp.me\/peQAOb-gSK","jetpack_featured_media_url":"https:\/\/i0.wp.com\/noticiasribeiraopreto.com.br\/wp-content\/uploads\/2025\/03\/cpj_1024x576_21012021092745.jpg?fit=1024%2C575&ssl=1","_links":{"self":[{"href":"https:\/\/noticiasribeiraopreto.com.br\/index.php\/wp-json\/wp\/v2\/posts\/64898","targetHints":{"allow":["GET"]}}],"collection":[{"href":"https:\/\/noticiasribeiraopreto.com.br\/index.php\/wp-json\/wp\/v2\/posts"}],"about":[{"href":"https:\/\/noticiasribeiraopreto.com.br\/index.php\/wp-json\/wp\/v2\/types\/post"}],"author":[{"embeddable":true,"href":"https:\/\/noticiasribeiraopreto.com.br\/index.php\/wp-json\/wp\/v2\/users\/1"}],"replies":[{"embeddable":true,"href":"https:\/\/noticiasribeiraopreto.com.br\/index.php\/wp-json\/wp\/v2\/comments?post=64898"}],"version-history":[{"count":0,"href":"https:\/\/noticiasribeiraopreto.com.br\/index.php\/wp-json\/wp\/v2\/posts\/64898\/revisions"}],"wp:featuredmedia":[{"embeddable":true,"href":"https:\/\/noticiasribeiraopreto.com.br\/index.php\/wp-json\/wp\/v2\/media\/64899"}],"wp:attachment":[{"href":"https:\/\/noticiasribeiraopreto.com.br\/index.php\/wp-json\/wp\/v2\/media?parent=64898"}],"wp:term":[{"taxonomy":"category","embeddable":true,"href":"https:\/\/noticiasribeiraopreto.com.br\/index.php\/wp-json\/wp\/v2\/categories?post=64898"},{"taxonomy":"post_tag","embeddable":true,"href":"https:\/\/noticiasribeiraopreto.com.br\/index.php\/wp-json\/wp\/v2\/tags?post=64898"}],"curies":[{"name":"wp","href":"https:\/\/api.w.org\/{rel}","templated":true}]}}