{"id":64900,"date":"2025-03-13T13:20:04","date_gmt":"2025-03-13T16:20:04","guid":{"rendered":"https:\/\/noticiasribeiraopreto.com.br\/index.php\/2025\/03\/13\/receita-federal-inicia-prazo-para-declaracao-do-irpf-2025-no-dia-17-de-marco\/"},"modified":"2025-03-13T13:20:04","modified_gmt":"2025-03-13T16:20:04","slug":"receita-federal-inicia-prazo-para-declaracao-do-irpf-2025-no-dia-17-de-marco","status":"publish","type":"post","link":"https:\/\/noticiasribeiraopreto.com.br\/index.php\/2025\/03\/13\/receita-federal-inicia-prazo-para-declaracao-do-irpf-2025-no-dia-17-de-marco\/","title":{"rendered":"Receita Federal inicia prazo para declara\u00e7\u00e3o do IRPF 2025 no dia 17 de mar\u00e7o"},"content":{"rendered":"<div class='code-block code-block-1' style='margin: 8px 0 8px auto; text-align: right; display: block; clear: both;'>\n<p><a href=\"https:\/\/wa.link\/vpicfd\"><img data-recalc-dims=\"1\" class=\"wp-image-4922\" style=\"aspect-ratio: 2.0253164556962027; width: 561px; height: auto;\" src=\"https:\/\/i0.wp.com\/ismaelcolosi.com.br\/wp-content\/uploads\/2023\/11\/grupo-de-empregos-whatsapp-e-facebook-ismael-colosi-vagas.jpg?ssl=1\" alt=\"\" \/><\/a><\/p>\n<!-- \/wp:image -->\n<\/div>\n<p> <br \/>\n<\/p>\n<div>\n<p data-start=\"193\" data-end=\"663\">A Receita Federal come\u00e7a a receber as declara\u00e7\u00f5es do Imposto de Renda Pessoa F\u00edsica 2025 a partir de 17 de mar\u00e7o. O prazo vai at\u00e9 30 de abril, e este ano, o IR traz algumas atualiza\u00e7\u00f5es, incluindo novas faixas de isen\u00e7\u00e3o, simplifica\u00e7\u00f5es no preenchimento e ajustes na restitui\u00e7\u00e3o. Quem tiver imposto a restituir e declarar nos primeiros dias poder\u00e1 receber mais cedo. Recomenda-se aten\u00e7\u00e3o ao preenchimento correto, evitando erros que possam gerar multas ou fiscaliza\u00e7\u00f5es.<\/p>\n<p data-start=\"665\" data-end=\"760\" data-is-last-node=\"\" data-is-only-node=\"\">Para mais informa\u00e7\u00f5es sobre as novas regras e prazos, acesse o site oficial da Receita Federal.<\/p>\n<p>&#13;<br \/>\n\t\t\t\t<span class=\"post-views-icon dashicons dashicons-chart-bar\"\/> <span class=\"post-views-label\">Visualiza\u00e7\u00f5es:<\/span> <span class=\"post-views-count\">13<\/span>&#13;\n\t\t\t<\/p>\n<\/p><\/div>\n<p><br \/>\n<br \/><a href=\"https:\/\/folhaderibeirao.com.br\/2025\/03\/13\/receita-federal-inicia-prazo-para-declaracao-do-irpf-2025-no-dia-17-de-marco\/\">Source link <\/a><\/p>\n<!-- CONTENT END 1 -->\n","protected":false},"excerpt":{"rendered":"<p>A Receita Federal come\u00e7a a receber as declara\u00e7\u00f5es do Imposto de Renda Pessoa F\u00edsica 2025 a partir de 17 de mar\u00e7o. O prazo vai at\u00e9&#8230;<\/p>\n","protected":false},"author":1,"featured_media":59727,"comment_status":"open","ping_status":"open","sticky":false,"template":"","format":"standard","meta":{"advanced_seo_description":"","jetpack_seo_html_title":"","jetpack_seo_noindex":false,"jetpack_post_was_ever_published":false,"_jetpack_newsletter_access":"","_jetpack_dont_email_post_to_subs":false,"_jetpack_newsletter_tier_id":0,"_jetpack_memberships_contains_paywalled_content":false,"_jetpack_memberships_contains_paid_content":false,"footnotes":"","jetpack_publicize_message":"","jetpack_publicize_feature_enabled":true,"jetpack_social_post_already_shared":true,"jetpack_social_options":{"image_generator_settings":{"template":"highway","default_image_id":0,"font":"","enabled":false},"version":2}},"categories":[11],"tags":[4288,142,674,1951,1134,770,71,183,1131],"class_list":["post-64900","post","type-post","status-publish","format-standard","has-post-thumbnail","hentry","category-noticias-de-ribeirao-preto-sp-e-regiao-ismael-colosi","tag-declaracao","tag-dia","tag-federal","tag-inicia","tag-irpf","tag-marco","tag-para","tag-prazo","tag-receita"],"jetpack_publicize_connections":[],"jetpack_featured_media_url":"https:\/\/i0.wp.com\/noticiasribeiraopreto.com.br\/wp-content\/uploads\/2024\/10\/real_moeda_dinheiro_mcajr_2904223667.webp.webp?fit=1170%2C700&ssl=1","jetpack-related-posts":[{"id":41054,"url":"https:\/\/noticiasribeiraopreto.com.br\/index.php\/2024\/03\/06\/receita-divulga-regras-para-irpf-2024-confira-prazos-e-limites\/","url_meta":{"origin":64900,"position":0},"title":"Receita divulga regras para IRPF 2024; confira prazos e limites","author":"noticiasribeiraopreto.com.br","date":"6 de March de 2024","format":false,"excerpt":"6 de mar\u00e7o de 2024 | 14:306 de mar\u00e7o de 2024 | 13:57 0O prazo de entrega do Imposto de Renda Pessoa F\u00edsica (IRPF) em 2024 come\u00e7a em 15 de mar\u00e7o e vai at\u00e9 31 de maio. A Receita Federal divulgou hoje (6) as regras para a declara\u00e7\u00e3o do IRPF,\u2026","rel":"","context":"In &quot;Not\u00edcias de Ribeir\u00e3o Preto-SP e Regi\u00e3o&quot;","block_context":{"text":"Not\u00edcias de Ribeir\u00e3o Preto-SP e Regi\u00e3o","link":"https:\/\/noticiasribeiraopreto.com.br\/index.php\/category\/noticias-de-ribeirao-preto-sp-e-regiao-ismael-colosi\/"},"img":{"alt_text":"","src":"https:\/\/i0.wp.com\/noticiasribeiraopreto.com.br\/wp-content\/uploads\/2024\/03\/imposto-de-renda-scaled.jpg?fit=1000%2C598&ssl=1&resize=350%2C200","width":350,"height":200,"srcset":"https:\/\/i0.wp.com\/noticiasribeiraopreto.com.br\/wp-content\/uploads\/2024\/03\/imposto-de-renda-scaled.jpg?fit=1000%2C598&ssl=1&resize=350%2C200 1x, https:\/\/i0.wp.com\/noticiasribeiraopreto.com.br\/wp-content\/uploads\/2024\/03\/imposto-de-renda-scaled.jpg?fit=1000%2C598&ssl=1&resize=525%2C300 1.5x, https:\/\/i0.wp.com\/noticiasribeiraopreto.com.br\/wp-content\/uploads\/2024\/03\/imposto-de-renda-scaled.jpg?fit=1000%2C598&ssl=1&resize=700%2C400 2x"},"classes":[]},{"id":83582,"url":"https:\/\/noticiasribeiraopreto.com.br\/index.php\/2026\/03\/21\/receita-libera-programa-do-irpf\/","url_meta":{"origin":64900,"position":1},"title":"Receita libera programa do IRPF","author":"noticiasribeiraopreto.com.br","date":"21 de March de 2026","format":false,"excerpt":"O prazo para envio da Declara\u00e7\u00e3o de Ajuste Anual do Imposto de Renda de Pessoa F\u00edsica (IRPF) de 2026 come\u00e7a \u00e0s oito horas desta segunda-feira, 23 de mar\u00e7o, e segue at\u00e9 as 23h59 do dia 29 de maio. As informa\u00e7\u00f5es, referentes ao ano-calend\u00e1rio de 2025, foram publicadas pela Receita Federal\u2026","rel":"","context":"In &quot;Not\u00edcias de Ribeir\u00e3o Preto-SP e Regi\u00e3o&quot;","block_context":{"text":"Not\u00edcias de Ribeir\u00e3o Preto-SP e Regi\u00e3o","link":"https:\/\/noticiasribeiraopreto.com.br\/index.php\/category\/noticias-de-ribeirao-preto-sp-e-regiao-ismael-colosi\/"},"img":{"alt_text":"","src":"https:\/\/i0.wp.com\/noticiasribeiraopreto.com.br\/wp-content\/uploads\/2026\/03\/LeaoIR-Rafa-Neddermeyer-Ag.Br_.jpg?fit=1170%2C700&ssl=1&resize=350%2C200","width":350,"height":200,"srcset":"https:\/\/i0.wp.com\/noticiasribeiraopreto.com.br\/wp-content\/uploads\/2026\/03\/LeaoIR-Rafa-Neddermeyer-Ag.Br_.jpg?fit=1170%2C700&ssl=1&resize=350%2C200 1x, https:\/\/i0.wp.com\/noticiasribeiraopreto.com.br\/wp-content\/uploads\/2026\/03\/LeaoIR-Rafa-Neddermeyer-Ag.Br_.jpg?fit=1170%2C700&ssl=1&resize=525%2C300 1.5x, https:\/\/i0.wp.com\/noticiasribeiraopreto.com.br\/wp-content\/uploads\/2026\/03\/LeaoIR-Rafa-Neddermeyer-Ag.Br_.jpg?fit=1170%2C700&ssl=1&resize=700%2C400 2x, https:\/\/i0.wp.com\/noticiasribeiraopreto.com.br\/wp-content\/uploads\/2026\/03\/LeaoIR-Rafa-Neddermeyer-Ag.Br_.jpg?fit=1170%2C700&ssl=1&resize=1050%2C600 3x"},"classes":[]},{"id":65039,"url":"https:\/\/noticiasribeiraopreto.com.br\/index.php\/2025\/03\/14\/receita-comeca-a-receber-declaracoes-do-imposto-de-renda-dia-17-3-e-prazo-vai-ate-30-5\/","url_meta":{"origin":64900,"position":2},"title":"Receita come\u00e7a a receber declara\u00e7\u00f5es do imposto de renda dia 17\/3 e prazo vai at\u00e9 30\/5","author":"noticiasribeiraopreto.com.br","date":"14 de March de 2025","format":false,"excerpt":"As normas e procedimentos para a apresenta\u00e7\u00e3o da Declara\u00e7\u00e3o de Ajuste Anual do Imposto sobre a Renda da Pessoa F\u00edsica (DIRPF) referentes ao exerc\u00edcio de 2025, ano-calend\u00e1rio 2024, foram apresentadas na quarta-feira (12\/3), pela Secretaria Especial da Receita Federal do Brasil. O prazo para a entrega da declara\u00e7\u00e3o come\u00e7a na\u2026","rel":"","context":"In &quot;Not\u00edcias de Franca-SP&quot;","block_context":{"text":"Not\u00edcias de Franca-SP","link":"https:\/\/noticiasribeiraopreto.com.br\/index.php\/category\/noticias-de-ribeirao-preto-sp-e-regiao-ismael-colosi\/noticias-franca-sp\/"},"img":{"alt_text":"","src":"https:\/\/i0.wp.com\/noticiasribeiraopreto.com.br\/wp-content\/uploads\/2025\/03\/imposto-de-renda.jpg?fit=1024%2C683&ssl=1&resize=350%2C200","width":350,"height":200,"srcset":"https:\/\/i0.wp.com\/noticiasribeiraopreto.com.br\/wp-content\/uploads\/2025\/03\/imposto-de-renda.jpg?fit=1024%2C683&ssl=1&resize=350%2C200 1x, https:\/\/i0.wp.com\/noticiasribeiraopreto.com.br\/wp-content\/uploads\/2025\/03\/imposto-de-renda.jpg?fit=1024%2C683&ssl=1&resize=525%2C300 1.5x, https:\/\/i0.wp.com\/noticiasribeiraopreto.com.br\/wp-content\/uploads\/2025\/03\/imposto-de-renda.jpg?fit=1024%2C683&ssl=1&resize=700%2C400 2x"},"classes":[]},{"id":42543,"url":"https:\/\/noticiasribeiraopreto.com.br\/index.php\/2024\/03\/15\/receita-comeca-a-receber-o-ir\/","url_meta":{"origin":64900,"position":3},"title":"Receita come\u00e7a\u00a0a receber o IR \u00a0","author":"noticiasribeiraopreto.com.br","date":"15 de March de 2024","format":false,"excerpt":"15 de mar\u00e7o de 2024 | 9:0014 de mar\u00e7o de 2024 | 20:09 0A Receita Federal abre nesta sexta-feira, 15 de mar\u00e7o, a partir das oito horas, o prazo para entrega da declara\u00e7\u00e3o de Imposto de Renda Pessoa F\u00edsica de 2024 (ano-base 2023). O contribuinte tem at\u00e9 as 23h59min59s de\u2026","rel":"","context":"In &quot;Not\u00edcias de Ribeir\u00e3o Preto-SP e Regi\u00e3o&quot;","block_context":{"text":"Not\u00edcias de Ribeir\u00e3o Preto-SP e Regi\u00e3o","link":"https:\/\/noticiasribeiraopreto.com.br\/index.php\/category\/noticias-de-ribeirao-preto-sp-e-regiao-ismael-colosi\/"},"img":{"alt_text":"","src":"https:\/\/i0.wp.com\/noticiasribeiraopreto.com.br\/wp-content\/uploads\/2024\/03\/LeaoIR-Joedson-Alves-Ag.Br_-scaled.jpg?fit=1000%2C598&ssl=1&resize=350%2C200","width":350,"height":200,"srcset":"https:\/\/i0.wp.com\/noticiasribeiraopreto.com.br\/wp-content\/uploads\/2024\/03\/LeaoIR-Joedson-Alves-Ag.Br_-scaled.jpg?fit=1000%2C598&ssl=1&resize=350%2C200 1x, https:\/\/i0.wp.com\/noticiasribeiraopreto.com.br\/wp-content\/uploads\/2024\/03\/LeaoIR-Joedson-Alves-Ag.Br_-scaled.jpg?fit=1000%2C598&ssl=1&resize=525%2C300 1.5x, https:\/\/i0.wp.com\/noticiasribeiraopreto.com.br\/wp-content\/uploads\/2024\/03\/LeaoIR-Joedson-Alves-Ag.Br_-scaled.jpg?fit=1000%2C598&ssl=1&resize=700%2C400 2x"},"classes":[]},{"id":66447,"url":"https:\/\/noticiasribeiraopreto.com.br\/index.php\/2025\/04\/01\/declaracao-pre-preenchida-completa-do-ir-esta-disponivel-a-partir-desta-terca-entenda\/","url_meta":{"origin":64900,"position":4},"title":"Declara\u00e7\u00e3o pr\u00e9-preenchida completa do IR est\u00e1 dispon\u00edvel a partir desta ter\u00e7a; Entenda","author":"noticiasribeiraopreto.com.br","date":"1 de April de 2025","format":false,"excerpt":"A declara\u00e7\u00e3o pr\u00e9-preenchida do\u00a0Imposto de Renda Pessoa F\u00edsica (IRPF)\u00a0est\u00e1 dispon\u00edvel com dados completos a partir desta ter\u00e7a-feira (1), depois de duas semanas com informa\u00e7\u00f5es parciais. O atraso ocorreu por causa da greve dos auditores-fiscais da Receita Federal. Tamb\u00e9m a partir desta ter\u00e7a,\u00a0est\u00e1 dispon\u00edvel a declara\u00e7\u00e3o pelo celular e pelo Centro\u2026","rel":"","context":"In &quot;Not\u00edcias de Ribeir\u00e3o Preto-SP e Regi\u00e3o&quot;","block_context":{"text":"Not\u00edcias de Ribeir\u00e3o Preto-SP e Regi\u00e3o","link":"https:\/\/noticiasribeiraopreto.com.br\/index.php\/category\/noticias-de-ribeirao-preto-sp-e-regiao-ismael-colosi\/"},"img":{"alt_text":"","src":"https:\/\/i0.wp.com\/noticiasribeiraopreto.com.br\/wp-content\/uploads\/2024\/03\/imposto-de-renda.webp.webp?fit=1170%2C700&ssl=1&resize=350%2C200","width":350,"height":200,"srcset":"https:\/\/i0.wp.com\/noticiasribeiraopreto.com.br\/wp-content\/uploads\/2024\/03\/imposto-de-renda.webp.webp?fit=1170%2C700&ssl=1&resize=350%2C200 1x, https:\/\/i0.wp.com\/noticiasribeiraopreto.com.br\/wp-content\/uploads\/2024\/03\/imposto-de-renda.webp.webp?fit=1170%2C700&ssl=1&resize=525%2C300 1.5x, https:\/\/i0.wp.com\/noticiasribeiraopreto.com.br\/wp-content\/uploads\/2024\/03\/imposto-de-renda.webp.webp?fit=1170%2C700&ssl=1&resize=700%2C400 2x, https:\/\/i0.wp.com\/noticiasribeiraopreto.com.br\/wp-content\/uploads\/2024\/03\/imposto-de-renda.webp.webp?fit=1170%2C700&ssl=1&resize=1050%2C600 3x"},"classes":[]},{"id":41060,"url":"https:\/\/noticiasribeiraopreto.com.br\/index.php\/2024\/03\/06\/veja-as-novas-regras-para-declaracao-do-imposto-de-renda-2024\/","url_meta":{"origin":64900,"position":5},"title":"Veja as novas regras para declara\u00e7\u00e3o do Imposto de Renda 2024","author":"noticiasribeiraopreto.com.br","date":"6 de March de 2024","format":false,"excerpt":"A Receita Federal divulgou nesta quarta-feira (6) as novas regras para declara\u00e7\u00e3o do Imposto de Renda Pessoa F\u00edsica 2024. O prazo para a entrega da declara\u00e7\u00e3o, ano-base 2023, ser\u00e1 de 15 de mar\u00e7o a 31 de maio. O programa para preenchimento ser\u00e1 liberado pela Receita Federal no mesmo dia da\u2026","rel":"","context":"In &quot;Not\u00edcias de Ribeir\u00e3o Preto-SP e Regi\u00e3o&quot;","block_context":{"text":"Not\u00edcias de Ribeir\u00e3o Preto-SP e Regi\u00e3o","link":"https:\/\/noticiasribeiraopreto.com.br\/index.php\/category\/noticias-de-ribeirao-preto-sp-e-regiao-ismael-colosi\/"},"img":{"alt_text":"","src":"https:\/\/i0.wp.com\/noticiasribeiraopreto.com.br\/wp-content\/uploads\/2024\/03\/imposto-de-renda.webp.webp?fit=1170%2C700&ssl=1&resize=350%2C200","width":350,"height":200,"srcset":"https:\/\/i0.wp.com\/noticiasribeiraopreto.com.br\/wp-content\/uploads\/2024\/03\/imposto-de-renda.webp.webp?fit=1170%2C700&ssl=1&resize=350%2C200 1x, https:\/\/i0.wp.com\/noticiasribeiraopreto.com.br\/wp-content\/uploads\/2024\/03\/imposto-de-renda.webp.webp?fit=1170%2C700&ssl=1&resize=525%2C300 1.5x, https:\/\/i0.wp.com\/noticiasribeiraopreto.com.br\/wp-content\/uploads\/2024\/03\/imposto-de-renda.webp.webp?fit=1170%2C700&ssl=1&resize=700%2C400 2x, https:\/\/i0.wp.com\/noticiasribeiraopreto.com.br\/wp-content\/uploads\/2024\/03\/imposto-de-renda.webp.webp?fit=1170%2C700&ssl=1&resize=1050%2C600 3x"},"classes":[]}],"jetpack_sharing_enabled":true,"jetpack_shortlink":"https:\/\/wp.me\/peQAOb-gSM","_links":{"self":[{"href":"https:\/\/noticiasribeiraopreto.com.br\/index.php\/wp-json\/wp\/v2\/posts\/64900","targetHints":{"allow":["GET"]}}],"collection":[{"href":"https:\/\/noticiasribeiraopreto.com.br\/index.php\/wp-json\/wp\/v2\/posts"}],"about":[{"href":"https:\/\/noticiasribeiraopreto.com.br\/index.php\/wp-json\/wp\/v2\/types\/post"}],"author":[{"embeddable":true,"href":"https:\/\/noticiasribeiraopreto.com.br\/index.php\/wp-json\/wp\/v2\/users\/1"}],"replies":[{"embeddable":true,"href":"https:\/\/noticiasribeiraopreto.com.br\/index.php\/wp-json\/wp\/v2\/comments?post=64900"}],"version-history":[{"count":0,"href":"https:\/\/noticiasribeiraopreto.com.br\/index.php\/wp-json\/wp\/v2\/posts\/64900\/revisions"}],"wp:featuredmedia":[{"embeddable":true,"href":"https:\/\/noticiasribeiraopreto.com.br\/index.php\/wp-json\/wp\/v2\/media\/59727"}],"wp:attachment":[{"href":"https:\/\/noticiasribeiraopreto.com.br\/index.php\/wp-json\/wp\/v2\/media?parent=64900"}],"wp:term":[{"taxonomy":"category","embeddable":true,"href":"https:\/\/noticiasribeiraopreto.com.br\/index.php\/wp-json\/wp\/v2\/categories?post=64900"},{"taxonomy":"post_tag","embeddable":true,"href":"https:\/\/noticiasribeiraopreto.com.br\/index.php\/wp-json\/wp\/v2\/tags?post=64900"}],"curies":[{"name":"wp","href":"https:\/\/api.w.org\/{rel}","templated":true}]}}