{"id":65055,"date":"2025-03-15T07:10:39","date_gmt":"2025-03-15T10:10:39","guid":{"rendered":"https:\/\/noticiasribeiraopreto.com.br\/index.php\/2025\/03\/15\/fundo-estadual-de-defesa-dos-interesses-difusos-libera-recursos-de-mais-de-r-66-milhoes-para-regiao\/"},"modified":"2025-03-15T07:10:39","modified_gmt":"2025-03-15T10:10:39","slug":"fundo-estadual-de-defesa-dos-interesses-difusos-libera-recursos-de-mais-de-r-66-milhoes-para-regiao","status":"publish","type":"post","link":"https:\/\/noticiasribeiraopreto.com.br\/index.php\/2025\/03\/15\/fundo-estadual-de-defesa-dos-interesses-difusos-libera-recursos-de-mais-de-r-66-milhoes-para-regiao\/","title":{"rendered":"Fundo Estadual de Defesa dos Interesses Difusos libera recursos de mais de R$ 6,6 milh\u00f5es para regi\u00e3o"},"content":{"rendered":"<p> <br \/>\n<\/p>\n<div>\n<p>O Governo de S\u00e3o Paulo firmou conv\u00eanios com cidades da regi\u00e3o de Franca para impulsionar oito projetos em infraestrutura e mobilidade. O Estado liberou R$ 6,6 milh\u00f5es por meio do Fundo Estadual de Defesa dos Interesses Difusos (FID) para as iniciativas, com uma contrapartida de R$ 1,6 mih\u00e3o dos munic\u00edpios. A assinatura foi feita nesta quinta-feira (13), no Pal\u00e1cio dos Bandeirantes.<\/p>\n<p>Voltados \u00e0 preserva\u00e7\u00e3o ambiental, recupera\u00e7\u00e3o de \u00e1reas urbanas degradadas e amplia\u00e7\u00e3o da mobilidade urbana, os investimentos fazem parte de um aporte total de R$ 316 milh\u00f5es, sendo R$ 238 milh\u00f5es do Estado e R$ 78 milh\u00f5es de contrapartida de prefeituras para o desenvolvimento de 270 projetos em todo o estado.<\/p>\n<p>\u201cAproveitamos de uma forma muito inteligente aqueles recursos que v\u00eam de apenamento por uma infra\u00e7\u00e3o, pelo desrespeito aos interesses difusos e coletivos que v\u00e3o ser empregados agora em prol justamente dos interesses difusos e coletivos. A gente come\u00e7ou o ano liberando R$ 228 milh\u00f5es para os munic\u00edpios para o enfrentamento \u00e0 dengue, uma antecipa\u00e7\u00e3o do incentivo da gest\u00e3o municipal. Hoje, s\u00e3o mais R$ 238 milh\u00f5es, que a gente sabe como far\u00e3o a diferen\u00e7a na vida dos munic\u00edpios. E n\u00e3o vai parar por a\u00ed, estamos estruturando as libera\u00e7\u00f5es de recursos do Fehidro (Fundo Estadual de Recursos H\u00eddricos) para ajudar os munic\u00edpios em projetos de drenagem\u201d, afirmou o governador Tarc\u00edsio de Freitas (Republicanos).<\/p>\n<p>Os investimentos na regi\u00e3o de Franca v\u00e3o financiar projetos como a constru\u00e7\u00e3o de parques, revitaliza\u00e7\u00e3o e instala\u00e7\u00e3o de pra\u00e7as, ciclovias, ciclofaixas, al\u00e9m de adequa\u00e7\u00e3o de edifica\u00e7\u00f5es hist\u00f3ricas. Os munic\u00edpios contemplados s\u00e3o Guar\u00e1, Igarapava, Ituverava, Miguel\u00f3polis, Morro Agudo, Ribeir\u00e3o Corrente, Patroc\u00ednio Paulista e S\u00e3o Jos\u00e9 da Bela Vista.<\/p>\n<p>Entenda o Fundo<br \/>O Fundo de Interesses Difusos (FID) da Secretaria da Justi\u00e7a e Cidadania de S\u00e3o Paulo \u00e9 um instrumento financeiro destinado a apoiar projetos que promovam a repara\u00e7\u00e3o de danos e a defesa de direitos coletivos, relacionados a \u00e1reas como meio ambiente, consumidores, patrim\u00f4nio hist\u00f3rico e cultural, entre outros. Ele \u00e9 regulamentado por lei e gerenciado pelo Conselho Gestor do FID.<\/p>\n<p>O aporte liberado representa um crescimento de 103% em rela\u00e7\u00e3o ao \u00faltimo edital, realizado em 2017, quando foram contemplados 133 projetos. A libera\u00e7\u00e3o em curso acontece ap\u00f3s os esfor\u00e7os da equipe t\u00e9cnica da Secretaria de Justi\u00e7a e Cidadania, desde o primeiro m\u00eas do governo Tarc\u00edsio de Freitas em 2023.<\/p>\n<p>PROPONENTE \u2013 NOME DO PROJETO \u2013 TOTAL (R$) \u2013 FID (R$) \u2013 CONTRAPARTIDA (R$)<\/p>\n<ol>\n<li>Miguel\u00f3polis \u2013 IMPLANTA\u00c7\u00c3O DE \u00c1REA DE LAZER NA PRA\u00c7A JOS\u00c9 FIUMARO \u2013 1.325.683,84 \u2013 1.000.000,00 \u2013 325.683,84<\/li>\n<li>Morro Agudo \u2013 Implanta\u00e7\u00e3o de ciclovia e ilumina\u00e7\u00e3o no Centro de Lazer Municipal de Morro Agudo\/SP \u2013 1.358.328,67 \u2013 1.000.000,00 \u2013 358.328,67<\/li>\n<li>Ribeir\u00e3o Corrente \u2013 Constru\u00e7\u00e3o de Parque Ecol\u00f3gico no Munic\u00edpio de Ribeir\u00e3o Corrente \u2013 1.350.740,96 \u2013 996.000,00 \u2013 354.740,96<\/li>\n<li>Guar\u00e1 \u2013 Constru\u00e7\u00e3o de uma Ciclovia \u2013 874.761,81 \u2013 786.716,40 \u2013 88.045,41<\/li>\n<li>Patrocinio Paulista \u2013 Constru\u00e7\u00e3o de Ciclovia no Munic\u00edpio de Patroc\u00ednio Paulista \u2013 539.122,85 \u2013 501.051,71 \u2013 38.071,14<\/li>\n<li>Igarapava \u2013 Reforma e adequa\u00e7\u00e3o para fins de acessibilidade das edifica\u00e7\u00f5es hist\u00f3ricas do Parque Ecol\u00f3gico Porto das Canoas \u2013 875.147,54 \u2013 632.317,40 \u2013 242.830,14<\/li>\n<li>S\u00e3o Jos\u00e9 da Bela Vista \u2013 Pista de caminhada nas Avenidas Jos\u00e9 de Freitas Gomes e Vereador Roque Rodrigues de Souza \u2013 858.590,33 \u2013 808.590,33 \u2013 50.000,00<\/li>\n<li>Ituverava \u2013 Revitaliza\u00e7\u00e3o do C\u00f3rrego Cal\u00e7\u00e3o de Couro \u2013 1.054.762,42 \u2013 885.183,93 \u2013 169.578,49<\/li>\n<li>Total \u2013 8.237.138,42 \u2013 6.609.859,77 \u2013 1.627.278,65<\/li>\n<\/ol>\n<p>Origem dos recursos do Fid<br \/>O fundo \u00e9 constitu\u00eddo por valores oriundos de:<\/p>\n<ul>\n<li>Condena\u00e7\u00f5es judiciais e acordos extrajudiciais em a\u00e7\u00f5es civis p\u00fablicas que envolvam interesses difusos e coletivos.<\/li>\n<li>Indeniza\u00e7\u00f5es e multas aplicadas pelo Minist\u00e9rio P\u00fablico, \u00f3rg\u00e3os ambientais e outras entidades.<\/li>\n<\/ul>\n<p>Objetivos do Fid<\/p>\n<ul>\n<li>Os recursos do fundo s\u00e3o destinados a:<\/li>\n<li>Reparar danos causados ao meio ambiente, consumidores, patrim\u00f4nio hist\u00f3rico e cultural, entre outros.<\/li>\n<li>Financiar projetos que visem a preven\u00e7\u00e3o e conscientiza\u00e7\u00e3o sobre direitos coletivos.<\/li>\n<li>Incentivar a moderniza\u00e7\u00e3o e fortalecimento de \u00f3rg\u00e3os p\u00fablicos que atuam na defesa desses interesses.<\/li>\n<\/ul>\n<p>Quem Pode Apresentar Projetos ao Fid<br \/>Podem apresentar projetos para obten\u00e7\u00e3o de recursos:<\/p>\n<p>\u00d3rg\u00e3os p\u00fablicos estaduais e municipais.<\/p>\n<p>Entidades sem fins lucrativos.<\/p>\n<p>Os projetos devem obrigatoriamente estar alinhados com os objetivos do fundo e seguir as diretrizes do<\/p>\n<p>Conselho Gestor do Fid.<\/p>\n<p>Como funciona a aprova\u00e7\u00e3o dos projetos<\/p>\n<p>O processo segue as seguintes etapas:<\/p>\n<p>Lan\u00e7amento de edital: A Secretaria da Justi\u00e7a e Cidadania publica um edital com os crit\u00e9rios e prazos para a apresenta\u00e7\u00e3o de projetos.<\/p>\n<p>Inscri\u00e7\u00e3o e an\u00e1lise t\u00e9cnica: Os projetos s\u00e3o submetidos e passam por an\u00e1lise t\u00e9cnica para verificar sua viabilidade.<\/p>\n<p>Aprecia\u00e7\u00e3o pelo Conselho Gestor do Fid: O conselho avalia e seleciona os projetos que atendem aos crit\u00e9rios estabelecidos.<\/p>\n<p>Celebra\u00e7\u00e3o de conv\u00eanios e repasse de recursos: Os projetos aprovados celebram conv\u00eanios com a Secretaria da Justi\u00e7a e Cidadania para receber os recursos e iniciar a execu\u00e7\u00e3o.<\/p>\n<p>Monitoramento e presta\u00e7\u00e3o de contas: Os respons\u00e1veis devem prestar contas da aplica\u00e7\u00e3o dos recursos e do impacto gerado pelo projeto.<\/p>\n<p>Conselho Gestor do Fid<\/p>\n<p>O Fid \u00e9 administrado por um Conselho Gestor composto por representantes de diversos \u00f3rg\u00e3os do governo estadual e da sociedade civil, que t\u00eam a fun\u00e7\u00e3o de avaliar e aprovar projetos, al\u00e9m de definir diretrizes para a aplica\u00e7\u00e3o dos recursos.<\/p>\n<p>Exemplos de Projetos Financiados pelo Fid<\/p>\n<p>Recupera\u00e7\u00e3o de \u00e1reas degradadas.<\/p>\n<p>Restauro de pr\u00e9dios hist\u00f3ricos.<\/p>\n<p>Campanhas de defesa do consumidor.<\/p>\n<p>Cria\u00e7\u00e3o de centros de apoio a v\u00edtimas de viol\u00eancia.<\/p>\n<p>Projetos de educa\u00e7\u00e3o ambiental e cidadania.<\/p>\n<p>Impacto do Fid<\/p>\n<p>O Fid tem um papel essencial na promo\u00e7\u00e3o da justi\u00e7a social e na repara\u00e7\u00e3o de danos coletivos, garantindo que os recursos obtidos por meio de penalidades e indeniza\u00e7\u00f5es sejam revertidos para a sociedade.<\/p>\n<p><!-- CONTENT END 1 --><\/p><\/div>\n<p><br \/>\n<br \/><a href=\"https:\/\/www.f3noticias.com.br\/fundo-estadual-de-defesa-dos-interesses-difusos-libera-recursos-de-mais-de-r-66-milhoes-para-regiao\/\">Source link <\/a><\/p>\n","protected":false},"excerpt":{"rendered":"<p>O Governo de S\u00e3o Paulo firmou conv\u00eanios com cidades da regi\u00e3o de Franca para impulsionar oito projetos em infraestrutura e mobilidade. O Estado liberou R$&#8230;<\/p>\n","protected":false},"author":1,"featured_media":65056,"comment_status":"open","ping_status":"open","sticky":false,"template":"","format":"standard","meta":{"advanced_seo_description":"","jetpack_seo_html_title":"","jetpack_seo_noindex":false,"jetpack_post_was_ever_published":false,"_jetpack_newsletter_access":"","_jetpack_dont_email_post_to_subs":false,"_jetpack_newsletter_tier_id":0,"_jetpack_memberships_contains_paywalled_content":false,"_jetpack_memberships_contains_paid_content":false,"footnotes":"","jetpack_publicize_message":"","jetpack_publicize_feature_enabled":true,"jetpack_social_post_already_shared":true,"jetpack_social_options":{"image_generator_settings":{"template":"highway","default_image_id":0,"font":"","enabled":false},"version":2}},"categories":[3597],"tags":[],"class_list":["post-65055","post","type-post","status-publish","format-standard","has-post-thumbnail","hentry","category-noticias-franca-sp"],"jetpack_publicize_connections":[],"jetpack_featured_media_url":"https:\/\/i0.wp.com\/noticiasribeiraopreto.com.br\/wp-content\/uploads\/2025\/03\/Parque-Ecoturistico-Porto-Das-Canoas-em-Igarapeva-scaled.jpg?fit=2560%2C1707&ssl=1","jetpack-related-posts":[{"id":65190,"url":"https:\/\/noticiasribeiraopreto.com.br\/index.php\/2025\/03\/17\/jornal-da-franca-regiao-de-franca-vai-receber-quase-r-7-milhoes-do-estado-para-preservacao-ambiental\/","url_meta":{"origin":65055,"position":0},"title":"Jornal da Franca &#8211; Regi\u00e3o de Franca vai receber quase R$ 7 milh\u00f5es do Estado para preserva\u00e7\u00e3o ambiental","author":"noticiasribeiraopreto.com.br","date":"17 de March de 2025","format":false,"excerpt":"compartilhar no whatsapp compartilhar no telegram compartilhar no facebook compartilhar no linkedin Conv\u00eanios viabilizam projetos de implanta\u00e7\u00e3o de parques e \u00e1reas verdes, ciclovias, ciclofaixas e adequa\u00e7\u00e3o de edifica\u00e7\u00f5es hist\u00f3ricas O Parque Ecol\u00f3gico Porto das Canoas, em Igarapava, passar\u00e1 por reformas para garantir acessibilidade e inclus\u00e3o. (Foto: Foto: Andr\u00e9 Rosa) O\u2026","rel":"","context":"In &quot;Not\u00edcias de Franca-SP&quot;","block_context":{"text":"Not\u00edcias de Franca-SP","link":"https:\/\/noticiasribeiraopreto.com.br\/index.php\/category\/noticias-de-ribeirao-preto-sp-e-regiao-ismael-colosi\/noticias-franca-sp\/"},"img":{"alt_text":"","src":"https:\/\/i0.wp.com\/noticiasribeiraopreto.com.br\/wp-content\/uploads\/2025\/03\/Parque-Ecoturistico-Porto-Das-Canoas-em-Igarapeva-1024x683-1.jpg?fit=1024%2C683&ssl=1&resize=350%2C200","width":350,"height":200,"srcset":"https:\/\/i0.wp.com\/noticiasribeiraopreto.com.br\/wp-content\/uploads\/2025\/03\/Parque-Ecoturistico-Porto-Das-Canoas-em-Igarapeva-1024x683-1.jpg?fit=1024%2C683&ssl=1&resize=350%2C200 1x, https:\/\/i0.wp.com\/noticiasribeiraopreto.com.br\/wp-content\/uploads\/2025\/03\/Parque-Ecoturistico-Porto-Das-Canoas-em-Igarapeva-1024x683-1.jpg?fit=1024%2C683&ssl=1&resize=525%2C300 1.5x, https:\/\/i0.wp.com\/noticiasribeiraopreto.com.br\/wp-content\/uploads\/2025\/03\/Parque-Ecoturistico-Porto-Das-Canoas-em-Igarapeva-1024x683-1.jpg?fit=1024%2C683&ssl=1&resize=700%2C400 2x"},"classes":[]},{"id":65064,"url":"https:\/\/noticiasribeiraopreto.com.br\/index.php\/2025\/03\/15\/jornal-da-franca-regiao-de-franca-recebe-r-66-milhoes-para-implantar-ciclovias-e-areas-verdes\/","url_meta":{"origin":65055,"position":1},"title":"Jornal da Franca &#8211; Regi\u00e3o de Franca recebe R$ 6,6 milh\u00f5es para implantar ciclovias e \u00e1reas verdes","author":"noticiasribeiraopreto.com.br","date":"15 de March de 2025","format":false,"excerpt":"compartilhar no whatsapp compartilhar no telegram compartilhar no facebook compartilhar no linkedin Deputada Delegada Graciela se manifestou, destacando a efici\u00eancia do governo paulista ao conseguir liberar recursos do FID Oito cidades da regi\u00e3o de Franca v\u00e3o receber R$ 6,6 milh\u00f5es para revitalizar e implantar parques, \u00e1rea de lazer, ciclovias e\u2026","rel":"","context":"In &quot;Not\u00edcias de Franca-SP&quot;","block_context":{"text":"Not\u00edcias de Franca-SP","link":"https:\/\/noticiasribeiraopreto.com.br\/index.php\/category\/noticias-de-ribeirao-preto-sp-e-regiao-ismael-colosi\/noticias-franca-sp\/"},"img":{"alt_text":"","src":"https:\/\/i0.wp.com\/noticiasribeiraopreto.com.br\/wp-content\/uploads\/2025\/03\/14.03.2025.jpg?fit=799%2C533&ssl=1&resize=350%2C200","width":350,"height":200,"srcset":"https:\/\/i0.wp.com\/noticiasribeiraopreto.com.br\/wp-content\/uploads\/2025\/03\/14.03.2025.jpg?fit=799%2C533&ssl=1&resize=350%2C200 1x, https:\/\/i0.wp.com\/noticiasribeiraopreto.com.br\/wp-content\/uploads\/2025\/03\/14.03.2025.jpg?fit=799%2C533&ssl=1&resize=525%2C300 1.5x, https:\/\/i0.wp.com\/noticiasribeiraopreto.com.br\/wp-content\/uploads\/2025\/03\/14.03.2025.jpg?fit=799%2C533&ssl=1&resize=700%2C400 2x"},"classes":[]},{"id":70605,"url":"https:\/\/noticiasribeiraopreto.com.br\/index.php\/2025\/05\/28\/jornal-da-franca-patrocinio-paulista-vai-construir-uma-ciclovia-com-verba-da-secretaria-da-justica\/","url_meta":{"origin":65055,"position":2},"title":"Jornal da Franca &#8211; Patroc\u00ednio Paulista vai construir uma ciclovia com verba da Secretaria da Justi\u00e7a","author":"noticiasribeiraopreto.com.br","date":"28 de May de 2025","format":false,"excerpt":"compartilhar no whatsapp compartilhar no telegram compartilhar no facebook compartilhar no linkedin Cidade est\u00e1 entre os 11 munic\u00edpios paulistas que assinaram projetos que integram pacote de R$ 238 milh\u00f5es anunciado em mar\u00e7o Na segunda-feira (26), no Pal\u00e1cio dos Campos El\u00edseos, sede da Secretaria da Justi\u00e7a e Cidadania, foram formalizados mais\u2026","rel":"","context":"In &quot;Not\u00edcias de Franca-SP&quot;","block_context":{"text":"Not\u00edcias de Franca-SP","link":"https:\/\/noticiasribeiraopreto.com.br\/index.php\/category\/noticias-de-ribeirao-preto-sp-e-regiao-ismael-colosi\/noticias-franca-sp\/"},"img":{"alt_text":"","src":"https:\/\/i0.wp.com\/noticiasribeiraopreto.com.br\/wp-content\/uploads\/2025\/05\/156.jpg?fit=1000%2C667&ssl=1&resize=350%2C200","width":350,"height":200,"srcset":"https:\/\/i0.wp.com\/noticiasribeiraopreto.com.br\/wp-content\/uploads\/2025\/05\/156.jpg?fit=1000%2C667&ssl=1&resize=350%2C200 1x, https:\/\/i0.wp.com\/noticiasribeiraopreto.com.br\/wp-content\/uploads\/2025\/05\/156.jpg?fit=1000%2C667&ssl=1&resize=525%2C300 1.5x, https:\/\/i0.wp.com\/noticiasribeiraopreto.com.br\/wp-content\/uploads\/2025\/05\/156.jpg?fit=1000%2C667&ssl=1&resize=700%2C400 2x"},"classes":[]},{"id":64910,"url":"https:\/\/noticiasribeiraopreto.com.br\/index.php\/2025\/03\/13\/sp-libera-r-115-mi-para-projetos-de-infraestrutura-e-mobilidade-na-regiao-de-ribeirao\/","url_meta":{"origin":65055,"position":3},"title":"SP libera R$ 11,5 mi para projetos de infraestrutura e mobilidade na regi\u00e3o de Ribeir\u00e3o","author":"noticiasribeiraopreto.com.br","date":"13 de March de 2025","format":false,"excerpt":"O Governo de S\u00e3o Paulo firma nesta quinta-feira (13), no Pal\u00e1cio dos Bandeirantes, conv\u00eanios com cidades da regi\u00e3o de Ribeir\u00e3o Preto para 12 projetos de infraestrutura e mobilidade. Ao todo, ser\u00e3o destinados R$ 11,5 milh\u00f5es por meio do FID (Fundo Estadual de Defesa dos Interesses Difusos). Como contrapartida, os munic\u00edpios\u2026","rel":"","context":"In &quot;Not\u00edcias de Ribeir\u00e3o Preto-SP e Regi\u00e3o&quot;","block_context":{"text":"Not\u00edcias de Ribeir\u00e3o Preto-SP e Regi\u00e3o","link":"https:\/\/noticiasribeiraopreto.com.br\/index.php\/category\/noticias-de-ribeirao-preto-sp-e-regiao-ismael-colosi\/"},"img":{"alt_text":"","src":"https:\/\/i0.wp.com\/noticiasribeiraopreto.com.br\/wp-content\/uploads\/2025\/03\/parque-cravinhos_2025-03-13_16-50-56_jpg_2025-03-13_16-50-56.webp.webp?fit=1200%2C649&ssl=1&resize=350%2C200","width":350,"height":200,"srcset":"https:\/\/i0.wp.com\/noticiasribeiraopreto.com.br\/wp-content\/uploads\/2025\/03\/parque-cravinhos_2025-03-13_16-50-56_jpg_2025-03-13_16-50-56.webp.webp?fit=1200%2C649&ssl=1&resize=350%2C200 1x, https:\/\/i0.wp.com\/noticiasribeiraopreto.com.br\/wp-content\/uploads\/2025\/03\/parque-cravinhos_2025-03-13_16-50-56_jpg_2025-03-13_16-50-56.webp.webp?fit=1200%2C649&ssl=1&resize=525%2C300 1.5x, https:\/\/i0.wp.com\/noticiasribeiraopreto.com.br\/wp-content\/uploads\/2025\/03\/parque-cravinhos_2025-03-13_16-50-56_jpg_2025-03-13_16-50-56.webp.webp?fit=1200%2C649&ssl=1&resize=700%2C400 2x, https:\/\/i0.wp.com\/noticiasribeiraopreto.com.br\/wp-content\/uploads\/2025\/03\/parque-cravinhos_2025-03-13_16-50-56_jpg_2025-03-13_16-50-56.webp.webp?fit=1200%2C649&ssl=1&resize=1050%2C600 3x"},"classes":[]},{"id":68948,"url":"https:\/\/noticiasribeiraopreto.com.br\/index.php\/2025\/04\/30\/demandas-de-assistencia-social-geram-repasses-de-mais-de-r-3-milhoes-para-franca-e-regiao\/","url_meta":{"origin":65055,"position":4},"title":"Demandas de assist\u00eancia social geram repasses de mais de R$ 3 milh\u00f5es para Franca e regi\u00e3o","author":"noticiasribeiraopreto.com.br","date":"30 de April de 2025","format":false,"excerpt":"O Governo de S\u00e3o Paulo investiu R$ 79,4 milh\u00f5es para fortalecer a rede de assist\u00eancia social em todo o estado. A iniciativa da Secretaria de Desenvolvimento Social (SEDS) apoiou a cria\u00e7\u00e3o de 32 servi\u00e7os regionais em cerca de 150 munic\u00edpios, com iniciativas que incluem acolhimento para jovens e adultos com\u2026","rel":"","context":"In &quot;Not\u00edcias de Franca-SP&quot;","block_context":{"text":"Not\u00edcias de Franca-SP","link":"https:\/\/noticiasribeiraopreto.com.br\/index.php\/category\/noticias-de-ribeirao-preto-sp-e-regiao-ismael-colosi\/noticias-franca-sp\/"},"img":{"alt_text":"","src":"https:\/\/i0.wp.com\/noticiasribeiraopreto.com.br\/wp-content\/uploads\/2025\/04\/cras-franca.jpg?fit=700%2C400&ssl=1&resize=350%2C200","width":350,"height":200,"srcset":"https:\/\/i0.wp.com\/noticiasribeiraopreto.com.br\/wp-content\/uploads\/2025\/04\/cras-franca.jpg?fit=700%2C400&ssl=1&resize=350%2C200 1x, https:\/\/i0.wp.com\/noticiasribeiraopreto.com.br\/wp-content\/uploads\/2025\/04\/cras-franca.jpg?fit=700%2C400&ssl=1&resize=525%2C300 1.5x, https:\/\/i0.wp.com\/noticiasribeiraopreto.com.br\/wp-content\/uploads\/2025\/04\/cras-franca.jpg?fit=700%2C400&ssl=1&resize=700%2C400 2x"},"classes":[]},{"id":71372,"url":"https:\/\/noticiasribeiraopreto.com.br\/index.php\/2025\/06\/05\/jornal-da-franca-deputada-delegada-graciela-destina-r-5-milhoes-em-recursos-para-o-setor-de-saude\/","url_meta":{"origin":65055,"position":5},"title":"Jornal da Franca &#8211; Deputada Delegada Graciela destina R$ 5 milh\u00f5es em recursos para o setor de sa\u00fade","author":"noticiasribeiraopreto.com.br","date":"5 de June de 2025","format":false,"excerpt":"compartilhar no whatsapp compartilhar no telegram compartilhar no facebook compartilhar no linkedin Emendas parlamentares da Deputada Graciela est\u00e3o beneficiando 23 cidades com recursos financeiros para a sa\u00fade p\u00fablica O Governo do Estado de S\u00e3o Paulo anunciou a libera\u00e7\u00e3o de mais de R$ 5 milh\u00f5es para melhorar o atendimento no setor\u2026","rel":"","context":"In &quot;Not\u00edcias de Franca-SP&quot;","block_context":{"text":"Not\u00edcias de Franca-SP","link":"https:\/\/noticiasribeiraopreto.com.br\/index.php\/category\/noticias-de-ribeirao-preto-sp-e-regiao-ismael-colosi\/noticias-franca-sp\/"},"img":{"alt_text":"","src":"https:\/\/i0.wp.com\/noticiasribeiraopreto.com.br\/wp-content\/uploads\/2025\/06\/essa-00.jpg?fit=1200%2C900&ssl=1&resize=350%2C200","width":350,"height":200,"srcset":"https:\/\/i0.wp.com\/noticiasribeiraopreto.com.br\/wp-content\/uploads\/2025\/06\/essa-00.jpg?fit=1200%2C900&ssl=1&resize=350%2C200 1x, https:\/\/i0.wp.com\/noticiasribeiraopreto.com.br\/wp-content\/uploads\/2025\/06\/essa-00.jpg?fit=1200%2C900&ssl=1&resize=525%2C300 1.5x, https:\/\/i0.wp.com\/noticiasribeiraopreto.com.br\/wp-content\/uploads\/2025\/06\/essa-00.jpg?fit=1200%2C900&ssl=1&resize=700%2C400 2x, https:\/\/i0.wp.com\/noticiasribeiraopreto.com.br\/wp-content\/uploads\/2025\/06\/essa-00.jpg?fit=1200%2C900&ssl=1&resize=1050%2C600 3x"},"classes":[]}],"jetpack_sharing_enabled":true,"jetpack_shortlink":"https:\/\/wp.me\/peQAOb-gVh","_links":{"self":[{"href":"https:\/\/noticiasribeiraopreto.com.br\/index.php\/wp-json\/wp\/v2\/posts\/65055","targetHints":{"allow":["GET"]}}],"collection":[{"href":"https:\/\/noticiasribeiraopreto.com.br\/index.php\/wp-json\/wp\/v2\/posts"}],"about":[{"href":"https:\/\/noticiasribeiraopreto.com.br\/index.php\/wp-json\/wp\/v2\/types\/post"}],"author":[{"embeddable":true,"href":"https:\/\/noticiasribeiraopreto.com.br\/index.php\/wp-json\/wp\/v2\/users\/1"}],"replies":[{"embeddable":true,"href":"https:\/\/noticiasribeiraopreto.com.br\/index.php\/wp-json\/wp\/v2\/comments?post=65055"}],"version-history":[{"count":0,"href":"https:\/\/noticiasribeiraopreto.com.br\/index.php\/wp-json\/wp\/v2\/posts\/65055\/revisions"}],"wp:featuredmedia":[{"embeddable":true,"href":"https:\/\/noticiasribeiraopreto.com.br\/index.php\/wp-json\/wp\/v2\/media\/65056"}],"wp:attachment":[{"href":"https:\/\/noticiasribeiraopreto.com.br\/index.php\/wp-json\/wp\/v2\/media?parent=65055"}],"wp:term":[{"taxonomy":"category","embeddable":true,"href":"https:\/\/noticiasribeiraopreto.com.br\/index.php\/wp-json\/wp\/v2\/categories?post=65055"},{"taxonomy":"post_tag","embeddable":true,"href":"https:\/\/noticiasribeiraopreto.com.br\/index.php\/wp-json\/wp\/v2\/tags?post=65055"}],"curies":[{"name":"wp","href":"https:\/\/api.w.org\/{rel}","templated":true}]}}