{"id":65062,"date":"2025-03-15T07:59:45","date_gmt":"2025-03-15T10:59:45","guid":{"rendered":"https:\/\/noticiasribeiraopreto.com.br\/index.php\/2025\/03\/15\/cassia-soares-recebe-nova-ambulancia-do-samu-em-evento-do-governo-lula-representando-sertaozinho-rede-sertaozinho\/"},"modified":"2025-03-15T07:59:45","modified_gmt":"2025-03-15T10:59:45","slug":"cassia-soares-recebe-nova-ambulancia-do-samu-em-evento-do-governo-lula-representando-sertaozinho-rede-sertaozinho","status":"publish","type":"post","link":"https:\/\/noticiasribeiraopreto.com.br\/index.php\/2025\/03\/15\/cassia-soares-recebe-nova-ambulancia-do-samu-em-evento-do-governo-lula-representando-sertaozinho-rede-sertaozinho\/","title":{"rendered":"C\u00e1ssia Soares recebe nova ambul\u00e2ncia do SAMU em evento do governo Lula, representando Sert\u00e3ozinho &#8211; Rede Sert\u00e3ozinho"},"content":{"rendered":"<div class='code-block code-block-1' style='margin: 8px 0 8px auto; text-align: right; display: block; clear: both;'>\n<p><a href=\"https:\/\/wa.link\/vpicfd\"><img data-recalc-dims=\"1\" class=\"wp-image-4922\" style=\"aspect-ratio: 2.0253164556962027; width: 561px; height: auto;\" src=\"https:\/\/i0.wp.com\/ismaelcolosi.com.br\/wp-content\/uploads\/2023\/11\/grupo-de-empregos-whatsapp-e-facebook-ismael-colosi-vagas.jpg?ssl=1\" alt=\"\" \/><\/a><\/p>\n<!-- \/wp:image -->\n<\/div>\n<p> <br \/>\n<\/p>\n<div>\n\t\t\t\t<head><br \/>\n\t\t\t<meta charset=\"UTF-8\"\/><br \/>\n\t\t\t<meta name=\"viewport\" content=\"width=device-width, initial-scale=1\"\/>\n\t\t\t<link rel=\"profile\" href=\"http:\/\/gmpg.org\/xfn\/11\"\/>\n\t\t\t<title>C\u00e1ssia Soares recebe nova ambul\u00e2ncia do SAMU em evento do governo Lula, representando Sert\u00e3ozinho &#8211; Rede Sert\u00e3ozinho | Portal de Not\u00edcias de Sert\u00e3ozinho<\/title><\/p>\n<p>\t\t<!-- All in One SEO 4.8.0 - aioseo.com --><br \/>\n\t<meta name=\"description\" content=\"Nesta sexta-feira (14), Sert\u00e3ozinho foi contemplado com uma nova ambul\u00e2ncia do Servi\u00e7o de Atendimento M\u00f3vel de Urg\u00eancia (SAMU) durante uma cerim\u00f4nia realizada em Sorocaba\/SP pelo Minist\u00e9rio da Sa\u00fade. Representando o prefeito Zezinho Gimenez, a vice-prefeita C\u00e1ssia Soares participou do evento, que faz parte do programa de renova\u00e7\u00e3o da frota promovido pelo governo federal. A solenidade\"\/><br \/>\n\t<meta name=\"robots\" content=\"max-image-preview:large\"\/><br \/>\n\t<meta name=\"author\" content=\"l3clickdesigner@gmail.com\"\/><br \/>\n\t<meta name=\"google-site-verification\" content=\"1Evl5GQCVOkfKaoivohi_4zGgXmbEY4UU5BeB2sE8QQ\"\/>\n\t<link rel=\"canonical\" href=\"https:\/\/redesertaozinho.com.br\/cassia-soares-recebe-nova-ambulancia-do-samu-em-evento-do-governo-lula-representando-sertaozinho\/\"\/>\n\t<meta name=\"generator\" content=\"All in One SEO (AIOSEO) 4.8.0\"\/><br \/>\n\t\t<meta property=\"og:locale\" content=\"pt_BR\"\/><br \/>\n\t\t<meta property=\"og:site_name\" content=\"Rede Sert\u00e3ozinho | Portal de Not\u00edcias de Sert\u00e3ozinho - Not\u00edcias e novidades de Sert\u00e3ozinho\/ Ribeir\u00e3o Preto e Regi\u00e3o, tudo em primeira m\u00e3o! Fique por dentro do que acontece na cidade, desde eventos at\u00e9 os \u00faltimos acontecimentos!\"\/><br \/>\n\t\t<meta property=\"og:type\" content=\"article\"\/><br \/>\n\t\t<meta property=\"og:title\" content=\"C\u00e1ssia Soares recebe nova ambul\u00e2ncia do SAMU em evento do governo Lula, representando Sert\u00e3ozinho - Rede Sert\u00e3ozinho | Portal de Not\u00edcias de Sert\u00e3ozinho\"\/><br \/>\n\t\t<meta property=\"og:description\" content=\"Nesta sexta-feira (14), Sert\u00e3ozinho foi contemplado com uma nova ambul\u00e2ncia do Servi\u00e7o de Atendimento M\u00f3vel de Urg\u00eancia (SAMU) durante uma cerim\u00f4nia realizada em Sorocaba\/SP pelo Minist\u00e9rio da Sa\u00fade. Representando o prefeito Zezinho Gimenez, a vice-prefeita C\u00e1ssia Soares participou do evento, que faz parte do programa de renova\u00e7\u00e3o da frota promovido pelo governo federal. A solenidade\"\/><br \/>\n\t\t<meta property=\"og:url\" content=\"https:\/\/redesertaozinho.com.br\/cassia-soares-recebe-nova-ambulancia-do-samu-em-evento-do-governo-lula-representando-sertaozinho\/\"\/><br \/>\n\t\t<meta property=\"og:image\" content=\"https:\/\/redesertaozinho.com.br\/wp-content\/uploads\/2025\/03\/Gold-Greyscale-Photo-Business-Proposal-Cover-Page-scaled.jpg\"\/><br \/>\n\t\t<meta property=\"og:image:secure_url\" content=\"https:\/\/redesertaozinho.com.br\/wp-content\/uploads\/2025\/03\/Gold-Greyscale-Photo-Business-Proposal-Cover-Page-scaled.jpg\"\/><br \/>\n\t\t<meta property=\"og:image:width\" content=\"2560\"\/><br \/>\n\t\t<meta property=\"og:image:height\" content=\"1810\"\/><br \/>\n\t\t<meta property=\"article:published_time\" content=\"2025-03-15T10:58:02+00:00\"\/><br \/>\n\t\t<meta property=\"article:modified_time\" content=\"2025-03-15T10:58:06+00:00\"\/><br \/>\n\t\t<meta name=\"twitter:card\" content=\"summary_large_image\"\/><br \/>\n\t\t<meta name=\"twitter:title\" content=\"C\u00e1ssia Soares recebe nova ambul\u00e2ncia do SAMU em evento do governo Lula, representando Sert\u00e3ozinho - Rede Sert\u00e3ozinho | Portal de Not\u00edcias de Sert\u00e3ozinho\"\/><br \/>\n\t\t<meta name=\"twitter:description\" content=\"Nesta sexta-feira (14), Sert\u00e3ozinho foi contemplado com uma nova ambul\u00e2ncia do Servi\u00e7o de Atendimento M\u00f3vel de Urg\u00eancia (SAMU) durante uma cerim\u00f4nia realizada em Sorocaba\/SP pelo Minist\u00e9rio da Sa\u00fade. Representando o prefeito Zezinho Gimenez, a vice-prefeita C\u00e1ssia Soares participou do evento, que faz parte do programa de renova\u00e7\u00e3o da frota promovido pelo governo federal. A solenidade\"\/><br \/>\n\t\t<meta name=\"twitter:image\" content=\"https:\/\/redesertaozinho.com.br\/wp-content\/uploads\/2025\/03\/Gold-Greyscale-Photo-Business-Proposal-Cover-Page-scaled.jpg\"\/><\/p>\n<p>\t\t<!-- All in One SEO --><\/p>\n<link rel=\"dns-prefetch\" href=\"https:\/\/fonts.googleapis.com\"\/>\n<link rel=\"dns-prefetch\" href=\"https:\/\/www.googletagmanager.com\"\/>\n<link rel=\"alternate\" type=\"application\/rss+xml\" title=\"Feed para Rede Sert\u00e3ozinho | Portal de Not\u00edcias de Sert\u00e3ozinho \u00bb\" href=\"https:\/\/redesertaozinho.com.br\/feed\/\"\/>\n<link rel=\"alternate\" type=\"application\/rss+xml\" title=\"Feed de coment\u00e1rios para Rede Sert\u00e3ozinho | Portal de Not\u00edcias de Sert\u00e3ozinho \u00bb\" href=\"https:\/\/redesertaozinho.com.br\/comments\/feed\/\"\/>\n<link rel=\"alternate\" type=\"application\/rss+xml\" title=\"Feed de coment\u00e1rios para Rede Sert\u00e3ozinho | Portal de Not\u00edcias de Sert\u00e3ozinho \u00bb C\u00e1ssia Soares recebe nova ambul\u00e2ncia do SAMU em evento do governo Lula, representando Sert\u00e3ozinho\" href=\"https:\/\/redesertaozinho.com.br\/cassia-soares-recebe-nova-ambulancia-do-samu-em-evento-do-governo-lula-representando-sertaozinho\/feed\/\"\/>\n\t\t<link rel=\"preconnect\" href=\"https:\/\/fonts.googleapis.com\"\/>\n\t\t<link rel=\"preconnect\" href=\"https:\/\/fonts.gstatic.com\" crossorigin=\"\"\/>\n\t\t\t\t<!-- This site uses the Google Analytics by MonsterInsights plugin v9.3.1 - Using Analytics tracking - https:\/\/www.monsterinsights.com\/ --><br \/>\n\t\t<!-- Note: MonsterInsights is not currently configured on this site. The site owner needs to authenticate with Google Analytics in the MonsterInsights settings panel. --><br \/>\n\t\t\t\t\t<!-- No tracking code set --><br \/>\n\t\t\t\t<!-- \/ Google Analytics by MonsterInsights --><\/p>\n<link rel=\"stylesheet\" id=\"wp-block-library-css\" href=\"https:\/\/redesertaozinho.com.br\/wp-includes\/css\/dist\/block-library\/style.min.css?ver=6.6.2\" type=\"text\/css\" media=\"all\"\/>\n<link rel=\"stylesheet\" id=\"site-styles.css-css\" href=\"https:\/\/redesertaozinho.com.br\/wp-content\/plugins\/omnisend\/styles\/site-styles.css?1742036385&amp;ver=1.7.1\" type=\"text\/css\" media=\"all\"\/>\n<link rel=\"stylesheet\" id=\"royale-news-style-css\" href=\"https:\/\/redesertaozinho.com.br\/wp-content\/themes\/royale-news\/style.css?ver=2.2.3\" type=\"text\/css\" media=\"all\"\/>\n<link rel=\"stylesheet\" id=\"royale-news-font-css\" href=\"https:\/\/fonts.googleapis.com\/css2?family=Montserrat&amp;display=swap\" type=\"text\/css\" media=\"all\"\/>\n<link rel=\"stylesheet\" id=\"royale-news-skin-css\" href=\"https:\/\/redesertaozinho.com.br\/wp-content\/themes\/royale-news\/assets\/dist\/css\/main.css?ver=2.2.3\" type=\"text\/css\" media=\"all\"\/>\n<link rel=\"https:\/\/api.w.org\/\" href=\"https:\/\/redesertaozinho.com.br\/wp-json\/\"\/><link rel=\"alternate\" title=\"JSON\" type=\"application\/json\" href=\"https:\/\/redesertaozinho.com.br\/wp-json\/wp\/v2\/posts\/1012\"\/><link rel=\"EditURI\" type=\"application\/rsd+xml\" title=\"RSD\" href=\"https:\/\/redesertaozinho.com.br\/xmlrpc.php?rsd\"\/>\n<meta name=\"generator\" content=\"WordPress 6.6.2\"\/>\n<link rel=\"shortlink\" href=\"https:\/\/redesertaozinho.com.br\/?p=1012\"\/>\n<link rel=\"alternate\" title=\"oEmbed (JSON)\" type=\"application\/json+oembed\" href=\"https:\/\/redesertaozinho.com.br\/wp-json\/oembed\/1.0\/embed?url=https%3A%2F%2Fredesertaozinho.com.br%2Fcassia-soares-recebe-nova-ambulancia-do-samu-em-evento-do-governo-lula-representando-sertaozinho%2F\"\/>\n<link rel=\"alternate\" title=\"oEmbed (XML)\" type=\"text\/xml+oembed\" href=\"https:\/\/redesertaozinho.com.br\/wp-json\/oembed\/1.0\/embed?url=https%3A%2F%2Fredesertaozinho.com.br%2Fcassia-soares-recebe-nova-ambulancia-do-samu-em-evento-do-governo-lula-representando-sertaozinho%2F&amp;format=xml\"\/>\n<meta name=\"generator\" content=\"Site Kit by Google 1.148.0\"\/><link rel=\"pingback\" href=\"https:\/\/redesertaozinho.com.br\/xmlrpc.php\"\/>\n<p>\t\t<meta name=\"generator\" content=\"Elementor 3.25.3; features: e_font_icon_svg, additional_custom_breakpoints, e_optimized_control_loading, e_element_cache; settings: css_print_method-external, google_font-enabled, font_display-swap\"\/><\/p>\n<p>\t\t\t\t\t<\/head><br \/>\n\t\t\t\t<body class=\"post-template-default single single-post postid-1012 single-format-standard wp-custom-logo elementor-default elementor-kit-65\" id=\"wp_automatic_ReadabilityBody\"><br \/>\n\t\t\t\t\t\t<a class=\"skip-link screen-reader-text\" href=\"#content\">Ir para o conte\u00fado<\/a><br \/>\n\t\t\t\t\t\t<!-- .header --><\/p>\n<p>\t\t\t\t<!-- .footer --><br \/>\n\t\t\t\t\t<!-- .scroll-top#scroll-top --><\/p>\n<p>\t\t<\/body>\n\t\t<\/div>\n<p><br \/>\n<br \/><a href=\"https:\/\/redesertaozinho.com.br\/cassia-soares-recebe-nova-ambulancia-do-samu-em-evento-do-governo-lula-representando-sertaozinho\/?utm_source=rss&#038;utm_medium=rss&#038;utm_campaign=cassia-soares-recebe-nova-ambulancia-do-samu-em-evento-do-governo-lula-representando-sertaozinho\">Source link <\/a><\/p>\n<!-- CONTENT END 1 -->\n","protected":false},"excerpt":{"rendered":"<p>C\u00e1ssia Soares recebe nova ambul\u00e2ncia do SAMU em evento do governo Lula, representando Sert\u00e3ozinho &#8211; Rede Sert\u00e3ozinho | Portal de Not\u00edcias de Sert\u00e3ozinho Ir para&#8230;<\/p>\n","protected":false},"author":1,"featured_media":65063,"comment_status":"open","ping_status":"open","sticky":false,"template":"","format":"standard","meta":{"advanced_seo_description":"","jetpack_seo_html_title":"","jetpack_seo_noindex":false,"jetpack_post_was_ever_published":false,"_jetpack_newsletter_access":"","_jetpack_dont_email_post_to_subs":false,"_jetpack_newsletter_tier_id":0,"_jetpack_memberships_contains_paywalled_content":false,"_jetpack_memberships_contains_paid_content":false,"footnotes":"","jetpack_publicize_message":"","jetpack_publicize_feature_enabled":true,"jetpack_social_post_already_shared":true,"jetpack_social_options":{"image_generator_settings":{"template":"highway","default_image_id":0,"font":"","enabled":false},"version":2}},"categories":[8],"tags":[],"class_list":["post-65062","post","type-post","status-publish","format-standard","has-post-thumbnail","hentry","category-noticias-cidade-sertaozinho-sp"],"jetpack_publicize_connections":[],"jetpack_featured_media_url":"https:\/\/i0.wp.com\/noticiasribeiraopreto.com.br\/wp-content\/uploads\/2025\/03\/Gold-Greyscale-Photo-Business-Proposal-Cover-Page-scaled.jpg?fit=2560%2C1810&ssl=1","jetpack-related-posts":[{"id":64304,"url":"https:\/\/noticiasribeiraopreto.com.br\/index.php\/2025\/03\/06\/zezinho-e-cassia-superando-desafios-e-impulsionando-avancos-nos-primeiros-30-dias-de-governo-rede-sertaozinho\/","url_meta":{"origin":65062,"position":0},"title":"Zezinho e C\u00e1ssia: Superando Desafios e Impulsionando Avan\u00e7os nos Primeiros 30 Dias de Governo &#8211; Rede Sert\u00e3ozinho","author":"noticiasribeiraopreto.com.br","date":"6 de March de 2025","format":false,"excerpt":"Zezinho e C\u00e1ssia: Superando Desafios e Impulsionando Avan\u00e7os nos Primeiros 30 Dias de Governo - Rede Sert\u00e3ozinho | Portal de Not\u00edcias de Sert\u00e3ozinho Ir para o conte\u00fado Source link","rel":"","context":"In &quot;Not\u00edcias de Sert\u00e3ozinho-SP&quot;","block_context":{"text":"Not\u00edcias de Sert\u00e3ozinho-SP","link":"https:\/\/noticiasribeiraopreto.com.br\/index.php\/category\/noticias-de-ribeirao-preto-sp-e-regiao-ismael-colosi\/noticias-cidade-sertaozinho-sp\/"},"img":{"alt_text":"","src":"https:\/\/i0.wp.com\/noticiasribeiraopreto.com.br\/wp-content\/uploads\/2025\/03\/REDE-STZ-ARTE-13.jpg?fit=1080%2C1080&ssl=1&resize=350%2C200","width":350,"height":200,"srcset":"https:\/\/i0.wp.com\/noticiasribeiraopreto.com.br\/wp-content\/uploads\/2025\/03\/REDE-STZ-ARTE-13.jpg?fit=1080%2C1080&ssl=1&resize=350%2C200 1x, https:\/\/i0.wp.com\/noticiasribeiraopreto.com.br\/wp-content\/uploads\/2025\/03\/REDE-STZ-ARTE-13.jpg?fit=1080%2C1080&ssl=1&resize=525%2C300 1.5x, https:\/\/i0.wp.com\/noticiasribeiraopreto.com.br\/wp-content\/uploads\/2025\/03\/REDE-STZ-ARTE-13.jpg?fit=1080%2C1080&ssl=1&resize=700%2C400 2x, https:\/\/i0.wp.com\/noticiasribeiraopreto.com.br\/wp-content\/uploads\/2025\/03\/REDE-STZ-ARTE-13.jpg?fit=1080%2C1080&ssl=1&resize=1050%2C600 3x"},"classes":[]},{"id":64283,"url":"https:\/\/noticiasribeiraopreto.com.br\/index.php\/2025\/03\/06\/nova-lideranca-na-santa-casa-de-sertaozinho-rede-sertaozinho\/","url_meta":{"origin":65062,"position":1},"title":"Nova lideran\u00e7a na Santa Casa de Sert\u00e3ozinho! &#8211; Rede Sert\u00e3ozinho","author":"noticiasribeiraopreto.com.br","date":"6 de March de 2025","format":false,"excerpt":"Nova lideran\u00e7a na Santa Casa de Sert\u00e3ozinho! - Rede Sert\u00e3ozinho | Portal de Not\u00edcias de Sert\u00e3ozinho Ir para o conte\u00fado Source link","rel":"","context":"In &quot;Not\u00edcias de Sert\u00e3ozinho-SP&quot;","block_context":{"text":"Not\u00edcias de Sert\u00e3ozinho-SP","link":"https:\/\/noticiasribeiraopreto.com.br\/index.php\/category\/noticias-de-ribeirao-preto-sp-e-regiao-ismael-colosi\/noticias-cidade-sertaozinho-sp\/"},"img":{"alt_text":"","src":"https:\/\/i0.wp.com\/noticiasribeiraopreto.com.br\/wp-content\/uploads\/2025\/03\/WhatsApp-Image-2025-02-26-at-3.50.30-PM-edited.jpeg?fit=900%2C900&ssl=1&resize=350%2C200","width":350,"height":200,"srcset":"https:\/\/i0.wp.com\/noticiasribeiraopreto.com.br\/wp-content\/uploads\/2025\/03\/WhatsApp-Image-2025-02-26-at-3.50.30-PM-edited.jpeg?fit=900%2C900&ssl=1&resize=350%2C200 1x, https:\/\/i0.wp.com\/noticiasribeiraopreto.com.br\/wp-content\/uploads\/2025\/03\/WhatsApp-Image-2025-02-26-at-3.50.30-PM-edited.jpeg?fit=900%2C900&ssl=1&resize=525%2C300 1.5x, https:\/\/i0.wp.com\/noticiasribeiraopreto.com.br\/wp-content\/uploads\/2025\/03\/WhatsApp-Image-2025-02-26-at-3.50.30-PM-edited.jpeg?fit=900%2C900&ssl=1&resize=700%2C400 2x"},"classes":[]},{"id":64787,"url":"https:\/\/noticiasribeiraopreto.com.br\/index.php\/2025\/03\/12\/acao-mulher-com-sucesso-de-publico-evento-reuniu-diversas-atividades-com-foco-na-saude-e-qualidade-de-vida-rede-sertaozinho\/","url_meta":{"origin":65062,"position":2},"title":"A\u00e7\u00e3o Mulher: com sucesso de p\u00fablico, evento reuniu diversas atividades com foco na sa\u00fade e qualidade de vida &#8211; Rede Sert\u00e3ozinho","author":"noticiasribeiraopreto.com.br","date":"12 de March de 2025","format":false,"excerpt":"A\u00e7\u00e3o Mulher: com sucesso de p\u00fablico, evento reuniu diversas atividades com foco na sa\u00fade e qualidade de vida - Rede Sert\u00e3ozinho | Portal de Not\u00edcias de Sert\u00e3ozinho Ir para o conte\u00fado Source link","rel":"","context":"In &quot;Not\u00edcias de Sert\u00e3ozinho-SP&quot;","block_context":{"text":"Not\u00edcias de Sert\u00e3ozinho-SP","link":"https:\/\/noticiasribeiraopreto.com.br\/index.php\/category\/noticias-de-ribeirao-preto-sp-e-regiao-ismael-colosi\/noticias-cidade-sertaozinho-sp\/"},"img":{"alt_text":"","src":"https:\/\/i0.wp.com\/noticiasribeiraopreto.com.br\/wp-content\/uploads\/2025\/03\/WhatsApp-Image-2025-03-10-at-20.22.26-1.jpeg?fit=865%2C813&ssl=1&resize=350%2C200","width":350,"height":200,"srcset":"https:\/\/i0.wp.com\/noticiasribeiraopreto.com.br\/wp-content\/uploads\/2025\/03\/WhatsApp-Image-2025-03-10-at-20.22.26-1.jpeg?fit=865%2C813&ssl=1&resize=350%2C200 1x, https:\/\/i0.wp.com\/noticiasribeiraopreto.com.br\/wp-content\/uploads\/2025\/03\/WhatsApp-Image-2025-03-10-at-20.22.26-1.jpeg?fit=865%2C813&ssl=1&resize=525%2C300 1.5x, https:\/\/i0.wp.com\/noticiasribeiraopreto.com.br\/wp-content\/uploads\/2025\/03\/WhatsApp-Image-2025-03-10-at-20.22.26-1.jpeg?fit=865%2C813&ssl=1&resize=700%2C400 2x"},"classes":[]},{"id":64289,"url":"https:\/\/noticiasribeiraopreto.com.br\/index.php\/2025\/03\/06\/escola-da-rede-estadual-em-sertaozinho-tem-58-alunos-aprovados-em-universidades-rede-sertaozinho\/","url_meta":{"origin":65062,"position":3},"title":"Escola da rede estadual em Sert\u00e3ozinho tem 58 alunos aprovados em universidades &#8211; Rede Sert\u00e3ozinho","author":"noticiasribeiraopreto.com.br","date":"6 de March de 2025","format":false,"excerpt":"Escola da rede estadual em Sert\u00e3ozinho tem 58 alunos aprovados em universidades - Rede Sert\u00e3ozinho | Portal de Not\u00edcias de Sert\u00e3ozinho Ir para o conte\u00fado Source link","rel":"","context":"In &quot;Not\u00edcias de Sert\u00e3ozinho-SP&quot;","block_context":{"text":"Not\u00edcias de Sert\u00e3ozinho-SP","link":"https:\/\/noticiasribeiraopreto.com.br\/index.php\/category\/noticias-de-ribeirao-preto-sp-e-regiao-ismael-colosi\/noticias-cidade-sertaozinho-sp\/"},"img":{"alt_text":"","src":"https:\/\/i0.wp.com\/noticiasribeiraopreto.com.br\/wp-content\/uploads\/2025\/03\/1741290470_cropped-cropped-Publicidade-Site-Rede-Sertaozinho-e1740491552697-2.png?fit=1200%2C291&ssl=1&resize=350%2C200","width":350,"height":200,"srcset":"https:\/\/i0.wp.com\/noticiasribeiraopreto.com.br\/wp-content\/uploads\/2025\/03\/1741290470_cropped-cropped-Publicidade-Site-Rede-Sertaozinho-e1740491552697-2.png?fit=1200%2C291&ssl=1&resize=350%2C200 1x, https:\/\/i0.wp.com\/noticiasribeiraopreto.com.br\/wp-content\/uploads\/2025\/03\/1741290470_cropped-cropped-Publicidade-Site-Rede-Sertaozinho-e1740491552697-2.png?fit=1200%2C291&ssl=1&resize=525%2C300 1.5x, https:\/\/i0.wp.com\/noticiasribeiraopreto.com.br\/wp-content\/uploads\/2025\/03\/1741290470_cropped-cropped-Publicidade-Site-Rede-Sertaozinho-e1740491552697-2.png?fit=1200%2C291&ssl=1&resize=700%2C400 2x, https:\/\/i0.wp.com\/noticiasribeiraopreto.com.br\/wp-content\/uploads\/2025\/03\/1741290470_cropped-cropped-Publicidade-Site-Rede-Sertaozinho-e1740491552697-2.png?fit=1200%2C291&ssl=1&resize=1050%2C600 3x"},"classes":[]},{"id":64298,"url":"https:\/\/noticiasribeiraopreto.com.br\/index.php\/2025\/03\/06\/liderancas-de-sertaozinho-marcam-presenca-no-encontro-de-novos-prefeitos-em-brasilia-rede-sertaozinho\/","url_meta":{"origin":65062,"position":4},"title":"Lideran\u00e7as de Sert\u00e3ozinho marcam presen\u00e7a no Encontro de Novos Prefeitos em Bras\u00edlia &#8211; Rede Sert\u00e3ozinho","author":"noticiasribeiraopreto.com.br","date":"6 de March de 2025","format":false,"excerpt":"Lideran\u00e7as de Sert\u00e3ozinho marcam presen\u00e7a no Encontro de Novos Prefeitos em Bras\u00edlia - Rede Sert\u00e3ozinho | Portal de Not\u00edcias de Sert\u00e3ozinho Ir para o conte\u00fado Source link","rel":"","context":"In &quot;Not\u00edcias de Sert\u00e3ozinho-SP&quot;","block_context":{"text":"Not\u00edcias de Sert\u00e3ozinho-SP","link":"https:\/\/noticiasribeiraopreto.com.br\/index.php\/category\/noticias-de-ribeirao-preto-sp-e-regiao-ismael-colosi\/noticias-cidade-sertaozinho-sp\/"},"img":{"alt_text":"","src":"https:\/\/i0.wp.com\/noticiasribeiraopreto.com.br\/wp-content\/uploads\/2025\/03\/1bbacc5b-aa8e-4a5b-a174-b20da0cde2a6.jpg?fit=1200%2C675&ssl=1&resize=350%2C200","width":350,"height":200,"srcset":"https:\/\/i0.wp.com\/noticiasribeiraopreto.com.br\/wp-content\/uploads\/2025\/03\/1bbacc5b-aa8e-4a5b-a174-b20da0cde2a6.jpg?fit=1200%2C675&ssl=1&resize=350%2C200 1x, https:\/\/i0.wp.com\/noticiasribeiraopreto.com.br\/wp-content\/uploads\/2025\/03\/1bbacc5b-aa8e-4a5b-a174-b20da0cde2a6.jpg?fit=1200%2C675&ssl=1&resize=525%2C300 1.5x, https:\/\/i0.wp.com\/noticiasribeiraopreto.com.br\/wp-content\/uploads\/2025\/03\/1bbacc5b-aa8e-4a5b-a174-b20da0cde2a6.jpg?fit=1200%2C675&ssl=1&resize=700%2C400 2x, https:\/\/i0.wp.com\/noticiasribeiraopreto.com.br\/wp-content\/uploads\/2025\/03\/1bbacc5b-aa8e-4a5b-a174-b20da0cde2a6.jpg?fit=1200%2C675&ssl=1&resize=1050%2C600 3x"},"classes":[]},{"id":64825,"url":"https:\/\/noticiasribeiraopreto.com.br\/index.php\/2025\/03\/12\/morador-de-sertaozinho-morre-em-grave-acidente-na-sp-255-em-araraquara-rede-sertaozinho\/","url_meta":{"origin":65062,"position":5},"title":"Morador de Sert\u00e3ozinho Morre em Grave Acidente na SP-255, em Araraquara &#8211; Rede Sert\u00e3ozinho","author":"noticiasribeiraopreto.com.br","date":"12 de March de 2025","format":false,"excerpt":"Morador de Sert\u00e3ozinho Morre em Grave Acidente na SP-255, em Araraquara - Rede Sert\u00e3ozinho | Portal de Not\u00edcias de Sert\u00e3ozinho Ir para o conte\u00fado Source link","rel":"","context":"In &quot;Not\u00edcias de Sert\u00e3ozinho-SP&quot;","block_context":{"text":"Not\u00edcias de Sert\u00e3ozinho-SP","link":"https:\/\/noticiasribeiraopreto.com.br\/index.php\/category\/noticias-de-ribeirao-preto-sp-e-regiao-ismael-colosi\/noticias-cidade-sertaozinho-sp\/"},"img":{"alt_text":"","src":"https:\/\/i0.wp.com\/noticiasribeiraopreto.com.br\/wp-content\/uploads\/2025\/03\/480501467_1056066009873718_8976319657910001215_n.jpg?fit=519%2C600&ssl=1&resize=350%2C200","width":350,"height":200},"classes":[]}],"jetpack_sharing_enabled":true,"jetpack_shortlink":"https:\/\/wp.me\/peQAOb-gVo","_links":{"self":[{"href":"https:\/\/noticiasribeiraopreto.com.br\/index.php\/wp-json\/wp\/v2\/posts\/65062","targetHints":{"allow":["GET"]}}],"collection":[{"href":"https:\/\/noticiasribeiraopreto.com.br\/index.php\/wp-json\/wp\/v2\/posts"}],"about":[{"href":"https:\/\/noticiasribeiraopreto.com.br\/index.php\/wp-json\/wp\/v2\/types\/post"}],"author":[{"embeddable":true,"href":"https:\/\/noticiasribeiraopreto.com.br\/index.php\/wp-json\/wp\/v2\/users\/1"}],"replies":[{"embeddable":true,"href":"https:\/\/noticiasribeiraopreto.com.br\/index.php\/wp-json\/wp\/v2\/comments?post=65062"}],"version-history":[{"count":0,"href":"https:\/\/noticiasribeiraopreto.com.br\/index.php\/wp-json\/wp\/v2\/posts\/65062\/revisions"}],"wp:featuredmedia":[{"embeddable":true,"href":"https:\/\/noticiasribeiraopreto.com.br\/index.php\/wp-json\/wp\/v2\/media\/65063"}],"wp:attachment":[{"href":"https:\/\/noticiasribeiraopreto.com.br\/index.php\/wp-json\/wp\/v2\/media?parent=65062"}],"wp:term":[{"taxonomy":"category","embeddable":true,"href":"https:\/\/noticiasribeiraopreto.com.br\/index.php\/wp-json\/wp\/v2\/categories?post=65062"},{"taxonomy":"post_tag","embeddable":true,"href":"https:\/\/noticiasribeiraopreto.com.br\/index.php\/wp-json\/wp\/v2\/tags?post=65062"}],"curies":[{"name":"wp","href":"https:\/\/api.w.org\/{rel}","templated":true}]}}