{"id":65259,"date":"2025-03-18T08:01:10","date_gmt":"2025-03-18T11:01:10","guid":{"rendered":"https:\/\/noticiasribeiraopreto.com.br\/index.php\/2025\/03\/18\/motorista-tenta-desprender-moto-presa-ao-carro-apos-atropelar-entregador-em-rodovia\/"},"modified":"2025-03-18T08:01:10","modified_gmt":"2025-03-18T11:01:10","slug":"motorista-tenta-desprender-moto-presa-ao-carro-apos-atropelar-entregador-em-rodovia","status":"publish","type":"post","link":"https:\/\/noticiasribeiraopreto.com.br\/index.php\/2025\/03\/18\/motorista-tenta-desprender-moto-presa-ao-carro-apos-atropelar-entregador-em-rodovia\/","title":{"rendered":"Motorista Tenta Desprender Moto Presa ao Carro Ap\u00f3s Atropelar Entregador em Rodovia"},"content":{"rendered":"<div class='code-block code-block-1' style='margin: 8px 0 8px auto; text-align: right; display: block; clear: both;'>\n<p><a href=\"https:\/\/wa.link\/vpicfd\"><img data-recalc-dims=\"1\" class=\"wp-image-4922\" style=\"aspect-ratio: 2.0253164556962027; width: 561px; height: auto;\" src=\"https:\/\/i0.wp.com\/ismaelcolosi.com.br\/wp-content\/uploads\/2023\/11\/grupo-de-empregos-whatsapp-e-facebook-ismael-colosi-vagas.jpg?ssl=1\" alt=\"\" \/><\/a><\/p>\n<!-- \/wp:image -->\n<\/div>\n<p> <br \/>\n<\/p>\n<div>\n<p>Um tr\u00e1gico atropelamento envolvendo o entregador R\u00e9gis Antonillo, de 36 anos, em uma rodovia pr\u00f3xima a Ribeir\u00e3o Preto est\u00e1 gerando como\u00e7\u00e3o e revolta nas redes sociais e entre a popula\u00e7\u00e3o local. O acidente ocorreu na noite de segunda-feira (17) e, de acordo com testemunhas, o motorista envolvido tentou se livrar da motocicleta de R\u00e9gis ap\u00f3s o impacto, realizando manobras em zigue-zague na tentativa de soltar a moto que ficou presa ao ve\u00edculo. O entregador n\u00e3o resistiu aos ferimentos, perdendo sua vida de forma brutal, e o motorista fugiu sem prestar socorro.<\/p>\n<p>O Acidente<br \/>O acidente aconteceu por volta das 20h na rodovia que liga Ribeir\u00e3o Preto a Sert\u00e3ozinho. Segundo relatos de testemunhas e v\u00eddeos que circulam nas redes sociais, o motorista atropelou R\u00e9gis enquanto ele trafegava em sua motocicleta, possivelmente a caminho de uma entrega. O impacto foi t\u00e3o forte que a moto ficou presa \u00e0 parte dianteira do carro. Em vez de parar e prestar socorro, o motorista continuou dirigindo e come\u00e7ou a fazer manobras bruscas na tentativa de desprender a motocicleta.<\/p>\n<p>\u201cEle estava em alta velocidade, e a moto ficou arrastando pelo ch\u00e3o enquanto ele fazia zigue-zague na pista, claramente tentando se livrar dela. Foi uma cena desesperadora\u201d, contou uma testemunha que passava pelo local no momento do acidente. Segundo ela, o motorista parecia alheio \u00e0s consequ\u00eancias de suas a\u00e7\u00f5es, colocando ainda mais vidas em risco ao realizar as manobras perigosas na rodovia.<\/p>\n<p>Fuga e Investiga\u00e7\u00e3o<br \/>Ap\u00f3s as manobras fracassadas para soltar a moto, o motorista conseguiu se distanciar do local do atropelamento e, at\u00e9 o momento, n\u00e3o foi localizado. A Pol\u00edcia Rodovi\u00e1ria foi acionada e est\u00e1 conduzindo as investiga\u00e7\u00f5es para identificar e localizar o condutor. C\u00e2meras de seguran\u00e7a ao longo da rodovia est\u00e3o sendo analisadas, e as autoridades acreditam que a identifica\u00e7\u00e3o do respons\u00e1vel \u00e9 apenas uma quest\u00e3o de tempo.<\/p>\n<p>\u201cEstamos trabalhando com imagens de c\u00e2meras de monitoramento e contamos com depoimentos de testemunhas para identificar o motorista o mais r\u00e1pido poss\u00edvel. \u00c9 inadmiss\u00edvel que algu\u00e9m cometa um crime de tr\u00e2nsito t\u00e3o grave e simplesmente fuja sem prestar socorro\u201d, declarou um delegado da Pol\u00edcia Rodovi\u00e1ria de Ribeir\u00e3o Preto.<\/p>\n<p>A fuga agrava ainda mais a situa\u00e7\u00e3o do motorista, que agora ser\u00e1 investigado por homic\u00eddio culposo no tr\u00e2nsito e omiss\u00e3o de socorro, al\u00e9m das manobras imprudentes que colocaram outros motoristas em risco. A pol\u00edcia tamb\u00e9m apura se o condutor apresentava sinais de embriaguez ou uso de subst\u00e2ncias no momento do acidente.<\/p>\n<p>V\u00edtima e Repercuss\u00e3o<br \/>R\u00e9gis Antonillo, de 36 anos, era um entregador de aplicativo que trabalhava duro para sustentar sua fam\u00edlia. Ele era descrito por amigos e familiares como uma pessoa respons\u00e1vel e querida, que fazia longas jornadas para complementar a renda familiar. R\u00e9gis deixa filhos pequenos e sua esposa, que est\u00e1 devastada pela perda.<\/p>\n<p>Nas redes sociais, a repercuss\u00e3o do acidente foi imediata, com diversas mensagens de apoio \u00e0 fam\u00edlia da v\u00edtima e exig\u00eancias por justi\u00e7a. \u201c\u00c9 revoltante ver como a vida de algu\u00e9m pode ser tirada de forma t\u00e3o violenta e o respons\u00e1vel simplesmente fugir. R\u00e9gis era um homem trabalhador e pai de fam\u00edlia, e queremos justi\u00e7a\u201d, escreveu um amigo pr\u00f3ximo da v\u00edtima em uma publica\u00e7\u00e3o.<\/p>\n<p>Motociclistas e entregadores est\u00e3o se mobilizando para prestar homenagens \u00e0 v\u00edtima e cobrar respostas r\u00e1pidas das autoridades. A\u00e7\u00f5es como carreatas e manifesta\u00e7\u00f5es est\u00e3o sendo organizadas para os pr\u00f3ximos dias, com o objetivo de chamar aten\u00e7\u00e3o para a seguran\u00e7a no tr\u00e2nsito e respeito aos profissionais que circulam pelas rodovias diariamente.<\/p>\n<p>Seguran\u00e7a no Tr\u00e2nsito e Justi\u00e7a<br \/>Esse incidente traz \u00e0 tona a quest\u00e3o da seguran\u00e7a no tr\u00e2nsito, especialmente para motociclistas e entregadores, que est\u00e3o entre os mais vulner\u00e1veis. Dados apontam que motociclistas representam uma grande parcela das mortes em acidentes de tr\u00e2nsito no Brasil, sendo que muitos desses casos envolvem colis\u00f5es com ve\u00edculos de maior porte.<\/p>\n<p>Especialistas ressaltam que \u00e9 fundamental que motoristas tenham mais responsabilidade, principalmente nas rodovias, onde a alta velocidade eleva o risco de acidentes fatais. A conduta imprudente e a omiss\u00e3o de socorro, como no caso de R\u00e9gis Antonillo, s\u00e3o atitudes inaceit\u00e1veis que devem ser severamente punidas.<\/p>\n<p>A fam\u00edlia de R\u00e9gis, agora, busca for\u00e7as para lidar com a dor da perda e pede que o motorista seja identificado e responsabilizado o quanto antes. \u201cQueremos justi\u00e7a para o R\u00e9gis. Ele era um trabalhador honesto, que saiu para trabalhar e nunca mais voltou. O que esse motorista fez foi covardia\u201d, desabafou sua esposa.<\/p>\n<p>As autoridades continuam investigando o caso, e a sociedade espera que a justi\u00e7a seja feita para que trag\u00e9dias como esta n\u00e3o se repitam.<\/p>\n<p>&#13;<br \/>\n\t\t\t\t<span class=\"post-views-icon dashicons dashicons-chart-bar\"\/> <span class=\"post-views-label\">Visualiza\u00e7\u00f5es:<\/span> <span class=\"post-views-count\">6<\/span>&#13;\n\t\t\t<\/p>\n<\/p><\/div>\n<p><br \/>\n<br \/><a href=\"https:\/\/folhaderibeirao.com.br\/2025\/03\/18\/motorista-tenta-desprender-moto-presa-ao-carro-apos-atropelar-entregador-em-rodovia\/\">Source link <\/a><\/p>\n<!-- CONTENT END 1 -->\n","protected":false},"excerpt":{"rendered":"<p>Um tr\u00e1gico atropelamento envolvendo o entregador R\u00e9gis Antonillo, de 36 anos, em uma rodovia pr\u00f3xima a Ribeir\u00e3o Preto est\u00e1 gerando como\u00e7\u00e3o e revolta nas redes&#8230;<\/p>\n","protected":false},"author":1,"featured_media":65260,"comment_status":"open","ping_status":"open","sticky":false,"template":"","format":"standard","meta":{"advanced_seo_description":"","jetpack_seo_html_title":"","jetpack_seo_noindex":false,"jetpack_post_was_ever_published":false,"_jetpack_newsletter_access":"","_jetpack_dont_email_post_to_subs":false,"_jetpack_newsletter_tier_id":0,"_jetpack_memberships_contains_paywalled_content":false,"_jetpack_memberships_contains_paid_content":false,"footnotes":"","jetpack_publicize_message":"","jetpack_publicize_feature_enabled":true,"jetpack_social_post_already_shared":true,"jetpack_social_options":{"image_generator_settings":{"template":"highway","default_image_id":0,"font":"","enabled":false},"version":2}},"categories":[11],"tags":[37,2444,295,6288,3977,395,319,182,80,843],"class_list":["post-65259","post","type-post","status-publish","format-standard","has-post-thumbnail","hentry","category-noticias-de-ribeirao-preto-sp-e-regiao-ismael-colosi","tag-apos","tag-atropelar","tag-carro","tag-desprender","tag-entregador","tag-moto","tag-motorista","tag-presa","tag-rodovia","tag-tenta"],"jetpack_publicize_connections":[],"jetpack_featured_media_url":"https:\/\/i0.wp.com\/noticiasribeiraopreto.com.br\/wp-content\/uploads\/2025\/03\/52615142415_75d987402e_o.webp.webp?fit=1170%2C700&ssl=1","jetpack-related-posts":[{"id":48808,"url":"https:\/\/noticiasribeiraopreto.com.br\/index.php\/2024\/05\/06\/motocicleta-e-arrastada-apos-motorista-atropelar-condutor-em-rodovia-de-ribeirao\/","url_meta":{"origin":65259,"position":0},"title":"Motocicleta \u00e9 arrastada ap\u00f3s motorista atropelar condutor em rodovia de Ribeir\u00e3o","author":"noticiasribeiraopreto.com.br","date":"6 de May de 2024","format":false,"excerpt":"O motorista de um carro foi preso na manh\u00e3 desta segunda-feira (6), ap\u00f3s se envolver em um acidente de tr\u00e2nsito e arrastar uma moto por cerca de tr\u00eas quil\u00f4metros na rodovia Alexandre Balbo (SP-328), em Ribeir\u00e3o Preto. De acordo com o boletim de ocorr\u00eancia registrado, o homem bateu na traseira\u2026","rel":"","context":"In &quot;Not\u00edcias de Ribeir\u00e3o Preto-SP e Regi\u00e3o&quot;","block_context":{"text":"Not\u00edcias de Ribeir\u00e3o Preto-SP e Regi\u00e3o","link":"https:\/\/noticiasribeiraopreto.com.br\/index.php\/category\/noticias-de-ribeirao-preto-sp-e-regiao-ismael-colosi\/"},"img":{"alt_text":"","src":"https:\/\/i0.wp.com\/noticiasribeiraopreto.com.br\/wp-content\/uploads\/2024\/05\/AnyConv.com__Copia-de-Copia-de-TAMANHO-EXATO-PARA-FOTOS-NO-SISTEMA-NOVO-26_2024-05-06_23-03-13.webp.webp?fit=1200%2C675&ssl=1&resize=350%2C200","width":350,"height":200,"srcset":"https:\/\/i0.wp.com\/noticiasribeiraopreto.com.br\/wp-content\/uploads\/2024\/05\/AnyConv.com__Copia-de-Copia-de-TAMANHO-EXATO-PARA-FOTOS-NO-SISTEMA-NOVO-26_2024-05-06_23-03-13.webp.webp?fit=1200%2C675&ssl=1&resize=350%2C200 1x, https:\/\/i0.wp.com\/noticiasribeiraopreto.com.br\/wp-content\/uploads\/2024\/05\/AnyConv.com__Copia-de-Copia-de-TAMANHO-EXATO-PARA-FOTOS-NO-SISTEMA-NOVO-26_2024-05-06_23-03-13.webp.webp?fit=1200%2C675&ssl=1&resize=525%2C300 1.5x, https:\/\/i0.wp.com\/noticiasribeiraopreto.com.br\/wp-content\/uploads\/2024\/05\/AnyConv.com__Copia-de-Copia-de-TAMANHO-EXATO-PARA-FOTOS-NO-SISTEMA-NOVO-26_2024-05-06_23-03-13.webp.webp?fit=1200%2C675&ssl=1&resize=700%2C400 2x, https:\/\/i0.wp.com\/noticiasribeiraopreto.com.br\/wp-content\/uploads\/2024\/05\/AnyConv.com__Copia-de-Copia-de-TAMANHO-EXATO-PARA-FOTOS-NO-SISTEMA-NOVO-26_2024-05-06_23-03-13.webp.webp?fit=1200%2C675&ssl=1&resize=1050%2C600 3x"},"classes":[]},{"id":65289,"url":"https:\/\/noticiasribeiraopreto.com.br\/index.php\/2025\/03\/18\/o-que-se-sabe-sobre-o-motorista-envolvido-em-acidente-que-matou-entregador-em-ribeirao\/","url_meta":{"origin":65259,"position":1},"title":"O que se sabe sobre o motorista envolvido em acidente que matou entregador em Ribeir\u00e3o","author":"noticiasribeiraopreto.com.br","date":"18 de March de 2025","format":false,"excerpt":"Uma testemunha, que seguiu o motorista envolvido no acidente que matou um entregador de 36 anos, na noite do \u00faltimo domingo (16), contou que o carro envolvido no acidente era um Kia Niro que estava sem placas. Regis dos Santos Antonillo morreu no local, que fica na altura do quil\u00f4metro\u2026","rel":"","context":"In &quot;Not\u00edcias de Ribeir\u00e3o Preto-SP e Regi\u00e3o&quot;","block_context":{"text":"Not\u00edcias de Ribeir\u00e3o Preto-SP e Regi\u00e3o","link":"https:\/\/noticiasribeiraopreto.com.br\/index.php\/category\/noticias-de-ribeirao-preto-sp-e-regiao-ismael-colosi\/"},"img":{"alt_text":"","src":"https:\/\/i0.wp.com\/noticiasribeiraopreto.com.br\/wp-content\/uploads\/2025\/03\/REGIS_2025-03-17_14-45-14_jpg_2025-03-17_14-45-15.webp.webp?fit=1200%2C711&ssl=1&resize=350%2C200","width":350,"height":200,"srcset":"https:\/\/i0.wp.com\/noticiasribeiraopreto.com.br\/wp-content\/uploads\/2025\/03\/REGIS_2025-03-17_14-45-14_jpg_2025-03-17_14-45-15.webp.webp?fit=1200%2C711&ssl=1&resize=350%2C200 1x, https:\/\/i0.wp.com\/noticiasribeiraopreto.com.br\/wp-content\/uploads\/2025\/03\/REGIS_2025-03-17_14-45-14_jpg_2025-03-17_14-45-15.webp.webp?fit=1200%2C711&ssl=1&resize=525%2C300 1.5x, https:\/\/i0.wp.com\/noticiasribeiraopreto.com.br\/wp-content\/uploads\/2025\/03\/REGIS_2025-03-17_14-45-14_jpg_2025-03-17_14-45-15.webp.webp?fit=1200%2C711&ssl=1&resize=700%2C400 2x, https:\/\/i0.wp.com\/noticiasribeiraopreto.com.br\/wp-content\/uploads\/2025\/03\/REGIS_2025-03-17_14-45-14_jpg_2025-03-17_14-45-15.webp.webp?fit=1200%2C711&ssl=1&resize=1050%2C600 3x"},"classes":[]},{"id":65223,"url":"https:\/\/noticiasribeiraopreto.com.br\/index.php\/2025\/03\/17\/so-queria-um-futuro-bom-para-a-filha-diz-tio-de-entregador-que-morreu-atropelado-em-ribeirao\/","url_meta":{"origin":65259,"position":2},"title":"&#8216;S\u00f3 queria um futuro bom para a filha&#8217;, diz tio de entregador que morreu atropelado em Ribeir\u00e3o","author":"noticiasribeiraopreto.com.br","date":"17 de March de 2025","format":false,"excerpt":"O carro que atropelou e matou um entregador de 36 anos na noite deste domingo (16), no Anel Vi\u00e1rio Sul de Ribeir\u00e3o Preto, arrastou a moto da v\u00edtima por aproximadamente sete quil\u00f4metros ap\u00f3s o acidente. Regis dos Santos Antonillo morreu no local, pr\u00f3ximo ao km 316, na altura do Jardim\u2026","rel":"","context":"In &quot;Not\u00edcias de Ribeir\u00e3o Preto-SP e Regi\u00e3o&quot;","block_context":{"text":"Not\u00edcias de Ribeir\u00e3o Preto-SP e Regi\u00e3o","link":"https:\/\/noticiasribeiraopreto.com.br\/index.php\/category\/noticias-de-ribeirao-preto-sp-e-regiao-ismael-colosi\/"},"img":{"alt_text":"","src":"https:\/\/i0.wp.com\/noticiasribeiraopreto.com.br\/wp-content\/uploads\/2025\/03\/Copia-de-Copia-de-Copia-de-TAMANHO-EXATO-PARA-FOTOS-NO-SISTEMA-NOVO-2025-03-17T153442.006_2025-03-17_18-34-53_png_2025-03-17_18-34-53.webp.webp?fit=1200%2C675&ssl=1&resize=350%2C200","width":350,"height":200,"srcset":"https:\/\/i0.wp.com\/noticiasribeiraopreto.com.br\/wp-content\/uploads\/2025\/03\/Copia-de-Copia-de-Copia-de-TAMANHO-EXATO-PARA-FOTOS-NO-SISTEMA-NOVO-2025-03-17T153442.006_2025-03-17_18-34-53_png_2025-03-17_18-34-53.webp.webp?fit=1200%2C675&ssl=1&resize=350%2C200 1x, https:\/\/i0.wp.com\/noticiasribeiraopreto.com.br\/wp-content\/uploads\/2025\/03\/Copia-de-Copia-de-Copia-de-TAMANHO-EXATO-PARA-FOTOS-NO-SISTEMA-NOVO-2025-03-17T153442.006_2025-03-17_18-34-53_png_2025-03-17_18-34-53.webp.webp?fit=1200%2C675&ssl=1&resize=525%2C300 1.5x, https:\/\/i0.wp.com\/noticiasribeiraopreto.com.br\/wp-content\/uploads\/2025\/03\/Copia-de-Copia-de-Copia-de-TAMANHO-EXATO-PARA-FOTOS-NO-SISTEMA-NOVO-2025-03-17T153442.006_2025-03-17_18-34-53_png_2025-03-17_18-34-53.webp.webp?fit=1200%2C675&ssl=1&resize=700%2C400 2x, https:\/\/i0.wp.com\/noticiasribeiraopreto.com.br\/wp-content\/uploads\/2025\/03\/Copia-de-Copia-de-Copia-de-TAMANHO-EXATO-PARA-FOTOS-NO-SISTEMA-NOVO-2025-03-17T153442.006_2025-03-17_18-34-53_png_2025-03-17_18-34-53.webp.webp?fit=1200%2C675&ssl=1&resize=1050%2C600 3x"},"classes":[]},{"id":71936,"url":"https:\/\/noticiasribeiraopreto.com.br\/index.php\/2025\/06\/11\/entregador-sofre-fratura-ao-cair-de-moto-em-acidente-e-motorista-foge-em-ribeirao-preto-video\/","url_meta":{"origin":65259,"position":3},"title":"Entregador sofre fratura ao cair de moto em acidente e motorista foge em Ribeir\u00e3o Preto; V\u00eddeo","author":"noticiasribeiraopreto.com.br","date":"11 de June de 2025","format":false,"excerpt":"Um entregador de lanches ficou ferido ap\u00f3s cair da moto em um acidente com um carro na avenida Francisco Junqueira, em Ribeir\u00e3o Preto. O motorista fugiu sem prestar socorro \u00e0 v\u00edtima, na noite do \u00faltimo s\u00e1bado (7). Assista ao v\u00eddeo abaixo. Benedito Olimpio Prata, de 62 anos, sofreu fratura na\u2026","rel":"","context":"In &quot;Not\u00edcias de Ribeir\u00e3o Preto-SP e Regi\u00e3o&quot;","block_context":{"text":"Not\u00edcias de Ribeir\u00e3o Preto-SP e Regi\u00e3o","link":"https:\/\/noticiasribeiraopreto.com.br\/index.php\/category\/noticias-de-ribeirao-preto-sp-e-regiao-ismael-colosi\/"},"img":{"alt_text":"","src":"https:\/\/i0.wp.com\/noticiasribeiraopreto.com.br\/wp-content\/uploads\/2025\/06\/WhatsApp-Image-2025-06-11-at-13.04.00_2025-06-11_16-04-29.webp.webp?fit=1200%2C968&ssl=1&resize=350%2C200","width":350,"height":200,"srcset":"https:\/\/i0.wp.com\/noticiasribeiraopreto.com.br\/wp-content\/uploads\/2025\/06\/WhatsApp-Image-2025-06-11-at-13.04.00_2025-06-11_16-04-29.webp.webp?fit=1200%2C968&ssl=1&resize=350%2C200 1x, https:\/\/i0.wp.com\/noticiasribeiraopreto.com.br\/wp-content\/uploads\/2025\/06\/WhatsApp-Image-2025-06-11-at-13.04.00_2025-06-11_16-04-29.webp.webp?fit=1200%2C968&ssl=1&resize=525%2C300 1.5x, https:\/\/i0.wp.com\/noticiasribeiraopreto.com.br\/wp-content\/uploads\/2025\/06\/WhatsApp-Image-2025-06-11-at-13.04.00_2025-06-11_16-04-29.webp.webp?fit=1200%2C968&ssl=1&resize=700%2C400 2x, https:\/\/i0.wp.com\/noticiasribeiraopreto.com.br\/wp-content\/uploads\/2025\/06\/WhatsApp-Image-2025-06-11-at-13.04.00_2025-06-11_16-04-29.webp.webp?fit=1200%2C968&ssl=1&resize=1050%2C600 3x"},"classes":[]},{"id":65208,"url":"https:\/\/noticiasribeiraopreto.com.br\/index.php\/2025\/03\/17\/identificado-motociclista-morto-apos-sofrer-batida-cair-e-ser-atropelado-no-anel-viario-sul\/","url_meta":{"origin":65259,"position":4},"title":"Identificado motociclista morto ap\u00f3s sofrer batida, cair e ser atropelado no Anel Vi\u00e1rio Sul","author":"noticiasribeiraopreto.com.br","date":"17 de March de 2025","format":false,"excerpt":"A Pol\u00edcia Civil identificou o motociclista morto na noite deste domingo (16), depois de ter a moto atingida na traseira por um ve\u00edculo, cair e ser atropelado por um carro que vinha atr\u00e1s no Anel Vi\u00e1rio\u00a0Sul\u00a0(rodovia Ant\u00f4nio\u00a0Duarte Nogueira, SP-322), em Ribeir\u00e3o Preto. A moto foi arrastada por sete quil\u00f4metros pelo\u2026","rel":"","context":"In &quot;Not\u00edcias de Ribeir\u00e3o Preto-SP e Regi\u00e3o&quot;","block_context":{"text":"Not\u00edcias de Ribeir\u00e3o Preto-SP e Regi\u00e3o","link":"https:\/\/noticiasribeiraopreto.com.br\/index.php\/category\/noticias-de-ribeirao-preto-sp-e-regiao-ismael-colosi\/"},"img":{"alt_text":"","src":"https:\/\/i0.wp.com\/noticiasribeiraopreto.com.br\/wp-content\/uploads\/2025\/03\/REGIS_2025-03-17_14-45-14_jpg_2025-03-17_14-45-15.webp.webp?fit=1200%2C711&ssl=1&resize=350%2C200","width":350,"height":200,"srcset":"https:\/\/i0.wp.com\/noticiasribeiraopreto.com.br\/wp-content\/uploads\/2025\/03\/REGIS_2025-03-17_14-45-14_jpg_2025-03-17_14-45-15.webp.webp?fit=1200%2C711&ssl=1&resize=350%2C200 1x, https:\/\/i0.wp.com\/noticiasribeiraopreto.com.br\/wp-content\/uploads\/2025\/03\/REGIS_2025-03-17_14-45-14_jpg_2025-03-17_14-45-15.webp.webp?fit=1200%2C711&ssl=1&resize=525%2C300 1.5x, https:\/\/i0.wp.com\/noticiasribeiraopreto.com.br\/wp-content\/uploads\/2025\/03\/REGIS_2025-03-17_14-45-14_jpg_2025-03-17_14-45-15.webp.webp?fit=1200%2C711&ssl=1&resize=700%2C400 2x, https:\/\/i0.wp.com\/noticiasribeiraopreto.com.br\/wp-content\/uploads\/2025\/03\/REGIS_2025-03-17_14-45-14_jpg_2025-03-17_14-45-15.webp.webp?fit=1200%2C711&ssl=1&resize=1050%2C600 3x"},"classes":[]},{"id":65554,"url":"https:\/\/noticiasribeiraopreto.com.br\/index.php\/2025\/03\/21\/ele-nao-arrastou-ninguem-diz-advogado-de-empresario-envolvido-em-acidente-em-ribeirao\/","url_meta":{"origin":65259,"position":5},"title":"\u2018Ele n\u00e3o arrastou ningu\u00e9m\u2019, diz advogado de empres\u00e1rio envolvido em acidente em Ribeir\u00e3o","author":"noticiasribeiraopreto.com.br","date":"21 de March de 2025","format":false,"excerpt":"O advogado J\u00falio Mossin, que defende o empres\u00e1rio Elieser de Fraga Silveira, envolvido no acidente que resultou na morte do entregador R\u00e9gis dos Santos Antonillo, disse que o motorista n\u00e3o arrastou a v\u00edtima. \u201cEle n\u00e3o arrastou ningu\u00e9m, n\u00e3o passou por cima de ningu\u00e9m, foi uma colis\u00e3o. A v\u00edtima foi para\u2026","rel":"","context":"In &quot;Not\u00edcias de Ribeir\u00e3o Preto-SP e Regi\u00e3o&quot;","block_context":{"text":"Not\u00edcias de Ribeir\u00e3o Preto-SP e Regi\u00e3o","link":"https:\/\/noticiasribeiraopreto.com.br\/index.php\/category\/noticias-de-ribeirao-preto-sp-e-regiao-ismael-colosi\/"},"img":{"alt_text":"","src":"https:\/\/i0.wp.com\/noticiasribeiraopreto.com.br\/wp-content\/uploads\/2025\/03\/Copia-de-Copia-de-Copia-de-TAMANHO-EXATO-PARA-FOTOS-NO-SISTEMA-NOVO-2025-03-20T182335.664_2025-03-20_21-23-58_png_2025-03-20_21-23-58.webp.webp?fit=1200%2C675&ssl=1&resize=350%2C200","width":350,"height":200,"srcset":"https:\/\/i0.wp.com\/noticiasribeiraopreto.com.br\/wp-content\/uploads\/2025\/03\/Copia-de-Copia-de-Copia-de-TAMANHO-EXATO-PARA-FOTOS-NO-SISTEMA-NOVO-2025-03-20T182335.664_2025-03-20_21-23-58_png_2025-03-20_21-23-58.webp.webp?fit=1200%2C675&ssl=1&resize=350%2C200 1x, https:\/\/i0.wp.com\/noticiasribeiraopreto.com.br\/wp-content\/uploads\/2025\/03\/Copia-de-Copia-de-Copia-de-TAMANHO-EXATO-PARA-FOTOS-NO-SISTEMA-NOVO-2025-03-20T182335.664_2025-03-20_21-23-58_png_2025-03-20_21-23-58.webp.webp?fit=1200%2C675&ssl=1&resize=525%2C300 1.5x, https:\/\/i0.wp.com\/noticiasribeiraopreto.com.br\/wp-content\/uploads\/2025\/03\/Copia-de-Copia-de-Copia-de-TAMANHO-EXATO-PARA-FOTOS-NO-SISTEMA-NOVO-2025-03-20T182335.664_2025-03-20_21-23-58_png_2025-03-20_21-23-58.webp.webp?fit=1200%2C675&ssl=1&resize=700%2C400 2x, https:\/\/i0.wp.com\/noticiasribeiraopreto.com.br\/wp-content\/uploads\/2025\/03\/Copia-de-Copia-de-Copia-de-TAMANHO-EXATO-PARA-FOTOS-NO-SISTEMA-NOVO-2025-03-20T182335.664_2025-03-20_21-23-58_png_2025-03-20_21-23-58.webp.webp?fit=1200%2C675&ssl=1&resize=1050%2C600 3x"},"classes":[]}],"jetpack_sharing_enabled":true,"jetpack_shortlink":"https:\/\/wp.me\/peQAOb-gYz","_links":{"self":[{"href":"https:\/\/noticiasribeiraopreto.com.br\/index.php\/wp-json\/wp\/v2\/posts\/65259","targetHints":{"allow":["GET"]}}],"collection":[{"href":"https:\/\/noticiasribeiraopreto.com.br\/index.php\/wp-json\/wp\/v2\/posts"}],"about":[{"href":"https:\/\/noticiasribeiraopreto.com.br\/index.php\/wp-json\/wp\/v2\/types\/post"}],"author":[{"embeddable":true,"href":"https:\/\/noticiasribeiraopreto.com.br\/index.php\/wp-json\/wp\/v2\/users\/1"}],"replies":[{"embeddable":true,"href":"https:\/\/noticiasribeiraopreto.com.br\/index.php\/wp-json\/wp\/v2\/comments?post=65259"}],"version-history":[{"count":0,"href":"https:\/\/noticiasribeiraopreto.com.br\/index.php\/wp-json\/wp\/v2\/posts\/65259\/revisions"}],"wp:featuredmedia":[{"embeddable":true,"href":"https:\/\/noticiasribeiraopreto.com.br\/index.php\/wp-json\/wp\/v2\/media\/65260"}],"wp:attachment":[{"href":"https:\/\/noticiasribeiraopreto.com.br\/index.php\/wp-json\/wp\/v2\/media?parent=65259"}],"wp:term":[{"taxonomy":"category","embeddable":true,"href":"https:\/\/noticiasribeiraopreto.com.br\/index.php\/wp-json\/wp\/v2\/categories?post=65259"},{"taxonomy":"post_tag","embeddable":true,"href":"https:\/\/noticiasribeiraopreto.com.br\/index.php\/wp-json\/wp\/v2\/tags?post=65259"}],"curies":[{"name":"wp","href":"https:\/\/api.w.org\/{rel}","templated":true}]}}