{"id":65525,"date":"2025-03-21T07:33:57","date_gmt":"2025-03-21T10:33:57","guid":{"rendered":"https:\/\/noticiasribeiraopreto.com.br\/index.php\/2025\/03\/21\/mulher-e-encontrada-morta-no-porta-malas-do-proprio-carro-em-ribeirao-preto\/"},"modified":"2025-03-21T07:33:57","modified_gmt":"2025-03-21T10:33:57","slug":"mulher-e-encontrada-morta-no-porta-malas-do-proprio-carro-em-ribeirao-preto","status":"publish","type":"post","link":"https:\/\/noticiasribeiraopreto.com.br\/index.php\/2025\/03\/21\/mulher-e-encontrada-morta-no-porta-malas-do-proprio-carro-em-ribeirao-preto\/","title":{"rendered":"Mulher \u00e9 Encontrada Morta no Porta-Malas do Pr\u00f3prio Carro em Ribeir\u00e3o Preto"},"content":{"rendered":"<div class='code-block code-block-1' style='margin: 8px 0 8px auto; text-align: right; display: block; clear: both;'>\n<p><a href=\"https:\/\/wa.link\/vpicfd\"><img data-recalc-dims=\"1\" class=\"wp-image-4922\" style=\"aspect-ratio: 2.0253164556962027; width: 561px; height: auto;\" src=\"https:\/\/i0.wp.com\/ismaelcolosi.com.br\/wp-content\/uploads\/2023\/11\/grupo-de-empregos-whatsapp-e-facebook-ismael-colosi-vagas.jpg?ssl=1\" alt=\"\" \/><\/a><\/p>\n<!-- \/wp:image -->\n<\/div>\n<p> <br \/>\n<\/p>\n<div class=\"flex flex-1 grow basis-auto flex-col overflow-hidden\">\n<div class=\"relative h-full\">\n<div class=\"flex h-full flex-col overflow-y-auto [scrollbar-gutter:stable]\">\n<div class=\"mt-1.5 flex flex-col text-sm @thread-xl\/thread:pt-header-height md:pb-9\">\n<article class=\"group\/turn w-full text-token-text-primary focus-visible:outline-2 focus-visible:outline-offset-[-4px]\" dir=\"auto\" data-testid=\"conversation-turn-40\" data-scroll-anchor=\"true\">\n<div class=\"text-base my-auto mx-auto py-[18px] px-6\">\n<div class=\"mx-auto flex flex-1 text-base gap-4 md:gap-5 lg:gap-6 md:max-w-3xl lg:max-w-[40rem] xl:max-w-[48rem]\">\n<div class=\"group\/conversation-turn relative flex w-full min-w-0 flex-col agent-turn @xs\/thread:px-0 @sm\/thread:px-1.5 @md\/thread:px-4\">\n<div class=\"flex-col gap-1 md:gap-3\">\n<div class=\"flex max-w-full flex-col flex-grow\">\n<div class=\"min-h-8 text-message relative flex w-full flex-col items-end gap-2 whitespace-normal break-words text-start [.text-message+&amp;]:mt-5\" dir=\"auto\" data-message-author-role=\"assistant\" data-message-id=\"f17e4a07-8aaf-4f7b-9495-2a09003fa816\" data-message-model-slug=\"gpt-4o\">\n<div class=\"flex w-full flex-col gap-1 empty:hidden first:pt-[3px]\">\n<div class=\"markdown prose w-full break-words dark:prose-invert light\">\n<p data-start=\"229\" data-end=\"653\">Uma mulher foi encontrada morta no porta-malas de seu pr\u00f3prio carro nesta quarta-feira (20), em Ribeir\u00e3o Preto (SP), em uma \u00e1rea rural nas proximidades da cidade. O corpo da v\u00edtima, cuja identidade n\u00e3o foi revelada, estava em estado avan\u00e7ado de decomposi\u00e7\u00e3o, e a descoberta chocou os moradores da regi\u00e3o. A Pol\u00edcia Civil foi acionada por testemunhas que relataram a presen\u00e7a de um ve\u00edculo abandonado em uma estrada de terra.<\/p>\n<p data-start=\"655\" data-end=\"1134\">De acordo com as autoridades, a principal linha de investiga\u00e7\u00e3o \u00e9 de homic\u00eddio, j\u00e1 que h\u00e1 ind\u00edcios de que a mulher pode ter sido assassinada e seu corpo ocultado no carro. O delegado respons\u00e1vel pelo caso, Jo\u00e3o Mendes, informou que a v\u00edtima apresentava sinais de viol\u00eancia e que um inqu\u00e9rito foi instaurado para apurar as circunst\u00e2ncias do crime. &#8220;Estamos trabalhando com todas as hip\u00f3teses e j\u00e1 iniciamos as dilig\u00eancias para identificar poss\u00edveis suspeitos&#8221;, afirmou o delegado.<\/p>\n<h3 data-start=\"1136\" data-end=\"1160\">Localiza\u00e7\u00e3o do Corpo<\/h3>\n<p data-start=\"1162\" data-end=\"1498\">O ve\u00edculo, um modelo sedan preto, foi encontrado em uma estrada de dif\u00edcil acesso, onde poucos carros circulam. Segundo informa\u00e7\u00f5es preliminares, trabalhadores rurais da regi\u00e3o notaram o carro parado h\u00e1 alguns dias, o que levantou suspeitas. Ao se aproximarem do ve\u00edculo, sentiram um forte odor e acionaram as autoridades imediatamente.<\/p>\n<p data-start=\"1500\" data-end=\"1789\">Uma equipe da Pol\u00edcia Cient\u00edfica foi enviada ao local para realizar a per\u00edcia. O corpo foi retirado do porta-malas e levado ao Instituto M\u00e9dico Legal (IML), onde passar\u00e1 por exames necrosc\u00f3picos que dever\u00e3o ajudar a esclarecer a causa da morte e o tempo que a v\u00edtima permaneceu no ve\u00edculo.<\/p>\n<h3 data-start=\"1791\" data-end=\"1830\">Investiga\u00e7\u00f5es e Busca por Suspeitos<\/h3>\n<p data-start=\"1832\" data-end=\"2261\">O delegado Jo\u00e3o Mendes declarou que a equipe da Delegacia de Investiga\u00e7\u00f5es Gerais (DIG) est\u00e1 trabalhando intensamente para coletar depoimentos e buscar c\u00e2meras de seguran\u00e7a nas redondezas que possam ter registrado a movimenta\u00e7\u00e3o do carro ou de poss\u00edveis suspeitos. Ele destacou que o crime apresenta caracter\u00edsticas de premedita\u00e7\u00e3o, mas que ainda \u00e9 cedo para descartar outras motiva\u00e7\u00f5es, como latroc\u00ednio (roubo seguido de morte).<\/p>\n<p data-start=\"2263\" data-end=\"2489\">&#8220;Estamos analisando todas as possibilidades. As investiga\u00e7\u00f5es est\u00e3o no in\u00edcio, mas j\u00e1 estamos ouvindo testemunhas e familiares para tra\u00e7ar o perfil da v\u00edtima e entender o que pode ter levado a esse crime&#8221;, declarou o delegado.<\/p>\n<p data-start=\"2491\" data-end=\"2820\">A Pol\u00edcia Civil tamb\u00e9m busca informa\u00e7\u00f5es sobre a vida pessoal da v\u00edtima para tentar encontrar algum motivo que possa estar ligado ao assassinato. At\u00e9 o momento, n\u00e3o h\u00e1 detalhes sobre suspeitos, mas a pol\u00edcia acredita que o crime tenha envolvido mais de uma pessoa, devido \u00e0 complexidade de esconder o corpo e abandonar o ve\u00edculo.<\/p>\n<h3 data-start=\"2822\" data-end=\"2858\">Repercuss\u00e3o e Medo na Comunidade<\/h3>\n<p data-start=\"2860\" data-end=\"3115\">O caso gerou grande repercuss\u00e3o entre os moradores de Ribeir\u00e3o Preto, especialmente na zona rural, onde o corpo foi encontrado. A descoberta do carro com o corpo no porta-malas chocou a comunidade local, que teme a presen\u00e7a de criminosos nas proximidades.<\/p>\n<p data-start=\"3117\" data-end=\"3315\">&#8220;\u00c9 assustador pensar que uma pessoa pode ter sido morta e abandonada aqui perto. Nunca aconteceu algo assim por aqui, estamos todos com medo&#8221;, disse um dos moradores que preferiu n\u00e3o se identificar.<\/p>\n<p data-start=\"3317\" data-end=\"3537\">Al\u00e9m disso, o crime reacendeu o debate sobre a seguran\u00e7a na \u00e1rea rural da cidade, onde a presen\u00e7a de patrulhamento policial \u00e9 mais escassa, o que pode facilitar a a\u00e7\u00e3o de criminosos que buscam esconder corpos e ve\u00edculos.<\/p>\n<h3 data-start=\"3539\" data-end=\"3567\">An\u00e1lise da Cena do Crime<\/h3>\n<p data-start=\"3569\" data-end=\"3933\">A per\u00edcia realizada no local identificou marcas de sangue no interior do carro, al\u00e9m de pertences pessoais da v\u00edtima. Os peritos tamb\u00e9m recolheram amostras de DNA que ser\u00e3o analisadas para tentar identificar os poss\u00edveis autores do crime. O ve\u00edculo ser\u00e1 encaminhado para mais exames detalhados, que podem fornecer pistas sobre como e onde a mulher foi assassinada.<\/p>\n<p data-start=\"3935\" data-end=\"4246\">Os investigadores n\u00e3o descartam que o crime possa ter ocorrido em outro local e que o carro tenha sido utilizado apenas como meio de transporte para ocultar o corpo. A localiza\u00e7\u00e3o remota da estrada onde o ve\u00edculo foi encontrado sugere que os criminosos escolheram um ponto distante para dificultar a descoberta.<\/p>\n<h3 data-start=\"4248\" data-end=\"4280\">Casos de Viol\u00eancia na Regi\u00e3o<\/h3>\n<p data-start=\"4282\" data-end=\"4617\">O homic\u00eddio ocorrido em Ribeir\u00e3o Preto se junta a outros casos de viol\u00eancia que t\u00eam preocupado as autoridades e a popula\u00e7\u00e3o. Em 2025, o \u00edndice de crimes violentos aumentou na cidade, o que levou a um refor\u00e7o das opera\u00e7\u00f5es policiais. Apesar dos esfor\u00e7os das for\u00e7as de seguran\u00e7a, os casos de assassinato e latroc\u00ednio continuam a ocorrer.<\/p>\n<p data-start=\"4619\" data-end=\"5011\">A Pol\u00edcia Civil tem buscado intensificar o combate a crimes hediondos na regi\u00e3o, mas esbarra na dificuldade de monitorar \u00e1reas rurais mais afastadas, como no caso da v\u00edtima encontrada no porta-malas. A delegacia respons\u00e1vel pela investiga\u00e7\u00e3o trabalha para solucionar o crime o mais r\u00e1pido poss\u00edvel, visando trazer justi\u00e7a para a fam\u00edlia da v\u00edtima e amenizar o temor que tomou conta da cidade.<\/p>\n<h3 data-start=\"5013\" data-end=\"5026\">Conclus\u00e3o<\/h3>\n<p data-start=\"5028\" data-end=\"5405\">O corpo da mulher encontrado no porta-malas do pr\u00f3prio carro \u00e9 mais um caso tr\u00e1gico que assusta Ribeir\u00e3o Preto. As investiga\u00e7\u00f5es seguem em andamento para identificar os respons\u00e1veis pelo homic\u00eddio e esclarecer as circunst\u00e2ncias da morte. Enquanto isso, a comunidade espera por respostas e por a\u00e7\u00f5es que garantam mais seguran\u00e7a, especialmente nas \u00e1reas mais afastadas da cidade.<\/p>\n<p data-start=\"5407\" data-end=\"5666\" data-is-last-node=\"\" data-is-only-node=\"\">A Pol\u00edcia Civil continua apelando \u00e0 popula\u00e7\u00e3o para que colabore com informa\u00e7\u00f5es que possam ajudar a solucionar o caso. Qualquer dado relevante pode ser repassado anonimamente atrav\u00e9s do Disque Den\u00fancia, a fim de levar os autores desse crime b\u00e1rbaro \u00e0 justi\u00e7a.<\/p>\n<\/div>\n<\/div>\n<\/div>\n<\/div>\n<\/div>\n<\/div>\n<\/div>\n<\/div>\n<\/article>\n<\/div>\n<\/div>\n<\/div>\n<\/div>\n<p>O post Mulher \u00e9 Encontrada Morta no Porta-Malas do Pr\u00f3prio Carro em Ribeir\u00e3o Preto apareceu primeiro em Folha de Ribeir\u00e3o.<\/p>\n<p><br \/>\n<br \/><a href=\"https:\/\/folhaderibeirao.com.br\/2025\/03\/21\/mulher-e-encontrada-morta-no-porta-malas-do-proprio-carro-em-ribeirao-preto\/\">Source link <\/a><\/p>\n<!-- CONTENT END 1 -->\n","protected":false},"excerpt":{"rendered":"<p>Uma mulher foi encontrada morta no porta-malas de seu pr\u00f3prio carro nesta quarta-feira (20), em Ribeir\u00e3o Preto (SP), em uma \u00e1rea rural nas proximidades da&#8230;<\/p>\n","protected":false},"author":1,"featured_media":65526,"comment_status":"open","ping_status":"open","sticky":false,"template":"","format":"standard","meta":{"advanced_seo_description":"","jetpack_seo_html_title":"","jetpack_seo_noindex":false,"jetpack_post_was_ever_published":false,"_jetpack_newsletter_access":"","_jetpack_dont_email_post_to_subs":false,"_jetpack_newsletter_tier_id":0,"_jetpack_memberships_contains_paywalled_content":false,"_jetpack_memberships_contains_paid_content":false,"footnotes":"","jetpack_publicize_message":"","jetpack_publicize_feature_enabled":true,"jetpack_social_post_already_shared":true,"jetpack_social_options":{"image_generator_settings":{"template":"highway","default_image_id":0,"font":"","enabled":false},"version":2}},"categories":[11],"tags":[295,331,4421,325,6293,27,3193,26],"class_list":["post-65525","post","type-post","status-publish","format-standard","has-post-thumbnail","hentry","category-noticias-de-ribeirao-preto-sp-e-regiao-ismael-colosi","tag-carro","tag-encontrada","tag-morta","tag-mulher","tag-portamalas","tag-preto","tag-proprio","tag-ribeirao"],"jetpack_publicize_connections":[],"jetpack_featured_media_url":"https:\/\/i0.wp.com\/noticiasribeiraopreto.com.br\/wp-content\/uploads\/2025\/03\/violencia_domestica_marcos_santos_usp.webp.webp?fit=1170%2C700&ssl=1","jetpack-related-posts":[{"id":66368,"url":"https:\/\/noticiasribeiraopreto.com.br\/index.php\/2025\/03\/31\/filho-e-sobrinho-de-mulher-encontrada-morta-em-porta-malas-sao-presos-suspeitos-do-crime\/","url_meta":{"origin":65525,"position":0},"title":"Filho e sobrinho de mulher encontrada morta em porta-malas s\u00e3o presos suspeitos do crime","author":"noticiasribeiraopreto.com.br","date":"31 de March de 2025","format":false,"excerpt":"O filho e o sobrinho de uma mulher de 45 anos, encontrada morta na madrugada do \u00faltimo dia 20, no porta-malas de um carro, na Via\u00a0Norte, em Ribeir\u00e3o Preto, foram presos pela Pol\u00edcia Civiil suspeitos de envolvimento no crime. Amanda de Paiva e Silva possu\u00eda ferimentos na cabe\u00e7a e no\u2026","rel":"","context":"In &quot;Not\u00edcias de Ribeir\u00e3o Preto-SP e Regi\u00e3o&quot;","block_context":{"text":"Not\u00edcias de Ribeir\u00e3o Preto-SP e Regi\u00e3o","link":"https:\/\/noticiasribeiraopreto.com.br\/index.php\/category\/noticias-de-ribeirao-preto-sp-e-regiao-ismael-colosi\/"},"img":{"alt_text":"","src":"https:\/\/i0.wp.com\/noticiasribeiraopreto.com.br\/wp-content\/uploads\/2025\/03\/amanda_2025-03-20_16-40-57_jpg_2025-03-20_16-40-57.webp.webp?fit=974%2C544&ssl=1&resize=350%2C200","width":350,"height":200,"srcset":"https:\/\/i0.wp.com\/noticiasribeiraopreto.com.br\/wp-content\/uploads\/2025\/03\/amanda_2025-03-20_16-40-57_jpg_2025-03-20_16-40-57.webp.webp?fit=974%2C544&ssl=1&resize=350%2C200 1x, https:\/\/i0.wp.com\/noticiasribeiraopreto.com.br\/wp-content\/uploads\/2025\/03\/amanda_2025-03-20_16-40-57_jpg_2025-03-20_16-40-57.webp.webp?fit=974%2C544&ssl=1&resize=525%2C300 1.5x, https:\/\/i0.wp.com\/noticiasribeiraopreto.com.br\/wp-content\/uploads\/2025\/03\/amanda_2025-03-20_16-40-57_jpg_2025-03-20_16-40-57.webp.webp?fit=974%2C544&ssl=1&resize=700%2C400 2x"},"classes":[]},{"id":66412,"url":"https:\/\/noticiasribeiraopreto.com.br\/index.php\/2025\/03\/31\/policia-prende-filho-e-sobrinho-de-mulher-encontrada-morta-no-porta-malas-em-ribeirao-preto\/","url_meta":{"origin":65525,"position":1},"title":"Pol\u00edcia Prende Filho e Sobrinho de Mulher Encontrada Morta no Porta-Malas em Ribeir\u00e3o Preto","author":"noticiasribeiraopreto.com.br","date":"31 de March de 2025","format":false,"excerpt":"Na manh\u00e3 desta segunda-feira, 31 de mar\u00e7o de 2025, a Pol\u00edcia Civil de Ribeir\u00e3o Preto efetuou a pris\u00e3o do filho e do sobrinho de uma mulher encontrada morta no porta-malas de seu pr\u00f3prio carro. A descoberta tr\u00e1gica ocorreu em uma \u00e1rea residencial pouco movimentada, desencadeando uma investiga\u00e7\u00e3o que aponta para\u2026","rel":"","context":"In &quot;Not\u00edcias de Ribeir\u00e3o Preto-SP e Regi\u00e3o&quot;","block_context":{"text":"Not\u00edcias de Ribeir\u00e3o Preto-SP e Regi\u00e3o","link":"https:\/\/noticiasribeiraopreto.com.br\/index.php\/category\/noticias-de-ribeirao-preto-sp-e-regiao-ismael-colosi\/"},"img":{"alt_text":"","src":"https:\/\/i0.wp.com\/noticiasribeiraopreto.com.br\/wp-content\/uploads\/2025\/03\/envergonhado-e-negativo_0.webp.webp?fit=1170%2C700&ssl=1&resize=350%2C200","width":350,"height":200,"srcset":"https:\/\/i0.wp.com\/noticiasribeiraopreto.com.br\/wp-content\/uploads\/2025\/03\/envergonhado-e-negativo_0.webp.webp?fit=1170%2C700&ssl=1&resize=350%2C200 1x, https:\/\/i0.wp.com\/noticiasribeiraopreto.com.br\/wp-content\/uploads\/2025\/03\/envergonhado-e-negativo_0.webp.webp?fit=1170%2C700&ssl=1&resize=525%2C300 1.5x, https:\/\/i0.wp.com\/noticiasribeiraopreto.com.br\/wp-content\/uploads\/2025\/03\/envergonhado-e-negativo_0.webp.webp?fit=1170%2C700&ssl=1&resize=700%2C400 2x, https:\/\/i0.wp.com\/noticiasribeiraopreto.com.br\/wp-content\/uploads\/2025\/03\/envergonhado-e-negativo_0.webp.webp?fit=1170%2C700&ssl=1&resize=1050%2C600 3x"},"classes":[]},{"id":66033,"url":"https:\/\/noticiasribeiraopreto.com.br\/index.php\/2025\/03\/27\/mulher-e-encontrada-morta-com-o-corpo-nu-em-corrego-de-ribeirao-preto\/","url_meta":{"origin":65525,"position":2},"title":"Mulher \u00e9 encontrada morta com o corpo nu em c\u00f3rrego de Ribeir\u00e3o Preto","author":"noticiasribeiraopreto.com.br","date":"27 de March de 2025","format":false,"excerpt":"Uma mulher foi encontrada morta e nua, no fim da manh\u00e3 desta quarta-feira (26), no ribeir\u00e3o Preto, na Vila Virg\u00ednia, zona Oeste de Ribeir\u00e3o Preto. A mulher n\u00e3o havia sido identificada at\u00e9 o registro do boletim de ocorr\u00eancia (BO). N\u00e3o foram informadas as caracter\u00edsticas f\u00edsicas dela nem se havia ind\u00edcios\u2026","rel":"","context":"In &quot;Not\u00edcias de Ribeir\u00e3o Preto-SP e Regi\u00e3o&quot;","block_context":{"text":"Not\u00edcias de Ribeir\u00e3o Preto-SP e Regi\u00e3o","link":"https:\/\/noticiasribeiraopreto.com.br\/index.php\/category\/noticias-de-ribeirao-preto-sp-e-regiao-ismael-colosi\/"},"img":{"alt_text":"","src":"https:\/\/i0.wp.com\/noticiasribeiraopreto.com.br\/wp-content\/uploads\/2025\/03\/BOMBEIROS.jpg?fit=1200%2C674&ssl=1&resize=350%2C200","width":350,"height":200,"srcset":"https:\/\/i0.wp.com\/noticiasribeiraopreto.com.br\/wp-content\/uploads\/2025\/03\/BOMBEIROS.jpg?fit=1200%2C674&ssl=1&resize=350%2C200 1x, https:\/\/i0.wp.com\/noticiasribeiraopreto.com.br\/wp-content\/uploads\/2025\/03\/BOMBEIROS.jpg?fit=1200%2C674&ssl=1&resize=525%2C300 1.5x, https:\/\/i0.wp.com\/noticiasribeiraopreto.com.br\/wp-content\/uploads\/2025\/03\/BOMBEIROS.jpg?fit=1200%2C674&ssl=1&resize=700%2C400 2x, https:\/\/i0.wp.com\/noticiasribeiraopreto.com.br\/wp-content\/uploads\/2025\/03\/BOMBEIROS.jpg?fit=1200%2C674&ssl=1&resize=1050%2C600 3x"},"classes":[]},{"id":67520,"url":"https:\/\/noticiasribeiraopreto.com.br\/index.php\/2025\/04\/15\/identificada-mulher-encontrada-morta-com-o-corpo-nu-em-corrego-de-ribeirao-preto\/","url_meta":{"origin":65525,"position":3},"title":"Identificada mulher encontrada morta com o corpo nu em c\u00f3rrego de Ribeir\u00e3o Preto","author":"noticiasribeiraopreto.com.br","date":"15 de April de 2025","format":false,"excerpt":"A Pol\u00edcia Civil identificou a mulher encontrada morta e nua, no \u00faltimo dia 26 de mar\u00e7o, no ribeir\u00e3o Preto, na Vila Virg\u00ednia, zona Oeste de Ribeir\u00e3o Preto. Segundo o boletim de ocorr\u00eancia (BO), a\u00a0mulher\u00a0foi\u00a0identificada\u00a0por meio de exame papilosc\u00f3pico como Arilene da Silva Sim\u00f5es, de 41 anos. Ainda conforme o registro,\u2026","rel":"","context":"In &quot;Not\u00edcias de Ribeir\u00e3o Preto-SP e Regi\u00e3o&quot;","block_context":{"text":"Not\u00edcias de Ribeir\u00e3o Preto-SP e Regi\u00e3o","link":"https:\/\/noticiasribeiraopreto.com.br\/index.php\/category\/noticias-de-ribeirao-preto-sp-e-regiao-ismael-colosi\/"},"img":{"alt_text":"","src":"https:\/\/i0.wp.com\/noticiasribeiraopreto.com.br\/wp-content\/uploads\/2025\/04\/1744724883_cpj_1024x576_21012021092745.jpg?fit=1024%2C575&ssl=1&resize=350%2C200","width":350,"height":200,"srcset":"https:\/\/i0.wp.com\/noticiasribeiraopreto.com.br\/wp-content\/uploads\/2025\/04\/1744724883_cpj_1024x576_21012021092745.jpg?fit=1024%2C575&ssl=1&resize=350%2C200 1x, https:\/\/i0.wp.com\/noticiasribeiraopreto.com.br\/wp-content\/uploads\/2025\/04\/1744724883_cpj_1024x576_21012021092745.jpg?fit=1024%2C575&ssl=1&resize=525%2C300 1.5x, https:\/\/i0.wp.com\/noticiasribeiraopreto.com.br\/wp-content\/uploads\/2025\/04\/1744724883_cpj_1024x576_21012021092745.jpg?fit=1024%2C575&ssl=1&resize=700%2C400 2x"},"classes":[]},{"id":60091,"url":"https:\/\/noticiasribeiraopreto.com.br\/index.php\/2024\/11\/05\/mulher-e-encontrada-morta-a-facadas-na-regiao-de-ribeirao-preto\/","url_meta":{"origin":65525,"position":4},"title":"Mulher \u00e9 encontrada morta a facadas na regi\u00e3o de Ribeir\u00e3o Preto","author":"noticiasribeiraopreto.com.br","date":"5 de November de 2024","format":false,"excerpt":"Uma mulher de 54 anos foi encontrada morta a facadas na segunda-feira (4), em\u00a0Barretos, na regi\u00e3o de Ribeir\u00e3o Preto. O principal suspeito pelo crime \u00e9 o atual companheiro dela, com quem ela estava h\u00e1 dois anos. Ela apresentava\u00a0marcas no pesco\u00e7o, perna, bra\u00e7o e m\u00e3o. O filho do suspeito que acionou\u2026","rel":"","context":"In &quot;Not\u00edcias de Ribeir\u00e3o Preto-SP e Regi\u00e3o&quot;","block_context":{"text":"Not\u00edcias de Ribeir\u00e3o Preto-SP e Regi\u00e3o","link":"https:\/\/noticiasribeiraopreto.com.br\/index.php\/category\/noticias-de-ribeirao-preto-sp-e-regiao-ismael-colosi\/"},"img":{"alt_text":"","src":"https:\/\/i0.wp.com\/noticiasribeiraopreto.com.br\/wp-content\/uploads\/2024\/11\/Design-sem-nome-2_2024-11-05_21-45-23_png_2024-11-05_21-45-23.webp.webp?fit=1068%2C601&ssl=1&resize=350%2C200","width":350,"height":200,"srcset":"https:\/\/i0.wp.com\/noticiasribeiraopreto.com.br\/wp-content\/uploads\/2024\/11\/Design-sem-nome-2_2024-11-05_21-45-23_png_2024-11-05_21-45-23.webp.webp?fit=1068%2C601&ssl=1&resize=350%2C200 1x, https:\/\/i0.wp.com\/noticiasribeiraopreto.com.br\/wp-content\/uploads\/2024\/11\/Design-sem-nome-2_2024-11-05_21-45-23_png_2024-11-05_21-45-23.webp.webp?fit=1068%2C601&ssl=1&resize=525%2C300 1.5x, https:\/\/i0.wp.com\/noticiasribeiraopreto.com.br\/wp-content\/uploads\/2024\/11\/Design-sem-nome-2_2024-11-05_21-45-23_png_2024-11-05_21-45-23.webp.webp?fit=1068%2C601&ssl=1&resize=700%2C400 2x, https:\/\/i0.wp.com\/noticiasribeiraopreto.com.br\/wp-content\/uploads\/2024\/11\/Design-sem-nome-2_2024-11-05_21-45-23_png_2024-11-05_21-45-23.webp.webp?fit=1068%2C601&ssl=1&resize=1050%2C600 3x"},"classes":[]},{"id":53161,"url":"https:\/\/noticiasribeiraopreto.com.br\/index.php\/2024\/06\/17\/corpo-de-mulher-encontrada-morta-e-dilacerado-por-caes-em-ribeirao-preto\/","url_meta":{"origin":65525,"position":5},"title":"Corpo de mulher encontrada morta \u00e9 dilacerado por c\u00e3es em Ribeir\u00e3o Preto","author":"noticiasribeiraopreto.com.br","date":"17 de June de 2024","format":false,"excerpt":"Uma mulher de 55 anos foi encontrada morta e partes do corpo foram dilaceradas por c\u00e3es que moravam com a v\u00edtima. O caso foi registrado na noite de domingo (16), no bairro Cristo Redentor, na zona Norte de Ribeir\u00e3o Preto. De acordo com o boletim de ocorr\u00eancia, os vizinhos chamaram\u2026","rel":"","context":"In &quot;Not\u00edcias de Ribeir\u00e3o Preto-SP e Regi\u00e3o&quot;","block_context":{"text":"Not\u00edcias de Ribeir\u00e3o Preto-SP e Regi\u00e3o","link":"https:\/\/noticiasribeiraopreto.com.br\/index.php\/category\/noticias-de-ribeirao-preto-sp-e-regiao-ismael-colosi\/"},"img":{"alt_text":"","src":"https:\/\/i0.wp.com\/noticiasribeiraopreto.com.br\/wp-content\/uploads\/2024\/06\/1718630595_Copia-de-Copia-de-TAMANHO-EXATO-PARA-FOTOS-NO-SISTEMA-NOVO-10-1.jpg?fit=1200%2C675&ssl=1&resize=350%2C200","width":350,"height":200,"srcset":"https:\/\/i0.wp.com\/noticiasribeiraopreto.com.br\/wp-content\/uploads\/2024\/06\/1718630595_Copia-de-Copia-de-TAMANHO-EXATO-PARA-FOTOS-NO-SISTEMA-NOVO-10-1.jpg?fit=1200%2C675&ssl=1&resize=350%2C200 1x, https:\/\/i0.wp.com\/noticiasribeiraopreto.com.br\/wp-content\/uploads\/2024\/06\/1718630595_Copia-de-Copia-de-TAMANHO-EXATO-PARA-FOTOS-NO-SISTEMA-NOVO-10-1.jpg?fit=1200%2C675&ssl=1&resize=525%2C300 1.5x, https:\/\/i0.wp.com\/noticiasribeiraopreto.com.br\/wp-content\/uploads\/2024\/06\/1718630595_Copia-de-Copia-de-TAMANHO-EXATO-PARA-FOTOS-NO-SISTEMA-NOVO-10-1.jpg?fit=1200%2C675&ssl=1&resize=700%2C400 2x, https:\/\/i0.wp.com\/noticiasribeiraopreto.com.br\/wp-content\/uploads\/2024\/06\/1718630595_Copia-de-Copia-de-TAMANHO-EXATO-PARA-FOTOS-NO-SISTEMA-NOVO-10-1.jpg?fit=1200%2C675&ssl=1&resize=1050%2C600 3x"},"classes":[]}],"jetpack_sharing_enabled":true,"jetpack_shortlink":"https:\/\/wp.me\/peQAOb-h2R","_links":{"self":[{"href":"https:\/\/noticiasribeiraopreto.com.br\/index.php\/wp-json\/wp\/v2\/posts\/65525","targetHints":{"allow":["GET"]}}],"collection":[{"href":"https:\/\/noticiasribeiraopreto.com.br\/index.php\/wp-json\/wp\/v2\/posts"}],"about":[{"href":"https:\/\/noticiasribeiraopreto.com.br\/index.php\/wp-json\/wp\/v2\/types\/post"}],"author":[{"embeddable":true,"href":"https:\/\/noticiasribeiraopreto.com.br\/index.php\/wp-json\/wp\/v2\/users\/1"}],"replies":[{"embeddable":true,"href":"https:\/\/noticiasribeiraopreto.com.br\/index.php\/wp-json\/wp\/v2\/comments?post=65525"}],"version-history":[{"count":0,"href":"https:\/\/noticiasribeiraopreto.com.br\/index.php\/wp-json\/wp\/v2\/posts\/65525\/revisions"}],"wp:featuredmedia":[{"embeddable":true,"href":"https:\/\/noticiasribeiraopreto.com.br\/index.php\/wp-json\/wp\/v2\/media\/65526"}],"wp:attachment":[{"href":"https:\/\/noticiasribeiraopreto.com.br\/index.php\/wp-json\/wp\/v2\/media?parent=65525"}],"wp:term":[{"taxonomy":"category","embeddable":true,"href":"https:\/\/noticiasribeiraopreto.com.br\/index.php\/wp-json\/wp\/v2\/categories?post=65525"},{"taxonomy":"post_tag","embeddable":true,"href":"https:\/\/noticiasribeiraopreto.com.br\/index.php\/wp-json\/wp\/v2\/tags?post=65525"}],"curies":[{"name":"wp","href":"https:\/\/api.w.org\/{rel}","templated":true}]}}