{"id":65527,"date":"2025-03-21T07:38:45","date_gmt":"2025-03-21T10:38:45","guid":{"rendered":"https:\/\/noticiasribeiraopreto.com.br\/index.php\/2025\/03\/21\/nova-versao-de-branca-de-neve-estimula-a-empatia-e-contribui-para-o-desenvolvimento-infantil-destaca-especialista\/"},"modified":"2025-03-21T07:38:45","modified_gmt":"2025-03-21T10:38:45","slug":"nova-versao-de-branca-de-neve-estimula-a-empatia-e-contribui-para-o-desenvolvimento-infantil-destaca-especialista","status":"publish","type":"post","link":"https:\/\/noticiasribeiraopreto.com.br\/index.php\/2025\/03\/21\/nova-versao-de-branca-de-neve-estimula-a-empatia-e-contribui-para-o-desenvolvimento-infantil-destaca-especialista\/","title":{"rendered":"Nova vers\u00e3o de Branca de Neve estimula a empatia e contribui para o desenvolvimento infantil, destaca especialista"},"content":{"rendered":"<div class='code-block code-block-1' style='margin: 8px 0 8px auto; text-align: right; display: block; clear: both;'>\n<p><a href=\"https:\/\/wa.link\/vpicfd\"><img data-recalc-dims=\"1\" class=\"wp-image-4922\" style=\"aspect-ratio: 2.0253164556962027; width: 561px; height: auto;\" src=\"https:\/\/i0.wp.com\/ismaelcolosi.com.br\/wp-content\/uploads\/2023\/11\/grupo-de-empregos-whatsapp-e-facebook-ismael-colosi-vagas.jpg?ssl=1\" alt=\"\" \/><\/a><\/p>\n<!-- \/wp:image -->\n<\/div>\n<p> <br \/>\n<\/p>\n<div>\n<p>Mais do que simples hist\u00f3rias para entreter, os contos infantis exercem um papel fundamental no desenvolvimento emocional, cognitivo e social das crian\u00e7as. Ao explorar o universo da fantasia, como no cl\u00e1ssico Branca de Neve, que acaba de ganhar uma vers\u00e3o live-action \u2013 com estreia nesta quinta-feira, dia 20 de mar\u00e7o, no UCI do Ribeir\u00e3oShopping e na Cin\u00e9polis do ShoppingSanta\u00darsula -, os pequenos t\u00eam a oportunidade de desenvolver habilidades essenciais para a forma\u00e7\u00e3o de sua identidade.<\/p>\n<p>Psic\u00f3loga e neuropsic\u00f3loga do MultiSer \u2013 Centro de Psicoterapia e Gest\u00e3o da Emo\u00e7\u00e3o, localizado no setor Alameda Gourmet do Ribeir\u00e3oShopping, Suiane Maria de Almeida (CRP 06\/129062), destaca que os contos infantis estimulam a criatividade e a imagina\u00e7\u00e3o, al\u00e9m de ajudar as crian\u00e7as a lidar com suas emo\u00e7\u00f5es, como o medo e a ansiedade, estimulando a autonomia emocional. \u201cOs elementos assustadores e dif\u00edceis destas hist\u00f3rias possibilitam que as crian\u00e7as percebam que situa\u00e7\u00f5es desafiadoras podem ser enfrentadas e superadas\u201d, explica a especialista.<\/p>\n<p>Segundo Suiane, as vers\u00f5es modernas dos cl\u00e1ssicos trazem personagens mais independentes, o que impacta positivamente no desenvolvimento dos pequenos. \u201cEsse empoderamento dos personagens dos contos atuais, faz com que as crian\u00e7as tenham inspira\u00e7\u00e3o, for\u00e7a e coragem de enfrentar os desafios, com atitudes construtivas e ben\u00e9ficas em sua vida\u201d, ressalta.<\/p>\n<p><strong>Novos cl\u00e1ssicos trabalham a pluralidade social<\/strong><\/p>\n<p>A diversidade e a inclus\u00e3o, temas cada vez mais presentes nas vers\u00f5es contempor\u00e2neas dos contos cl\u00e1ssicos, tamb\u00e9m ganham destaque na nova adapta\u00e7\u00e3o do filme Branca de Neve. \u201cS\u00e3o quest\u00f5es importantes, pois as crian\u00e7as aprendem a conviver com a pluralidade da sociedade e a respeitar as diferen\u00e7as, j\u00e1 que mostram personagens de diferentes etnias, classes sociais, g\u00eaneros, orienta\u00e7\u00f5es sexuais e at\u00e9 com defici\u00eancia. Abordar esses assuntos faz com que o p\u00fablico infantil se identifique com os personagens e com as hist\u00f3rias e aprenda sobre o direito \u00e0 igualdade de oportunidades.\u201d<\/p>\n<p>A psic\u00f3loga ressalta, tamb\u00e9m, a importante influ\u00eancia dos pais neste momento, destacando, inclusive, que assistir \u00e0s novas adapta\u00e7\u00f5es em fam\u00edlia \u00e9 uma oportunidade de promover o fortalecimento das rela\u00e7\u00f5es e do v\u00ednculo emocional. \u201cEsses aspectos s\u00e3o importantes, pois promovem a constru\u00e7\u00e3o de conhecimento e a compreens\u00e3o da diversidade. As novas adapta\u00e7\u00f5es nas hist\u00f3rias ajudam a ensinar tend\u00eancias por meio das inspira\u00e7\u00f5es dos contos antigos.\u201d<\/p>\n<p><strong>Filme entra em cartaz no Ribeir\u00e3oShopping e ShoppingSanta\u00darsula<\/strong><\/p>\n<p>Estrelado por Rachel Zegler e Gal Gadot, \u201cBranca de Neve\u201d chega aos cinemas do Ribeir\u00e3oShopping e ShoppingSanta\u00darsula nesta quinta-feira, dia 20 de mar\u00e7o. A venda de ingressos est\u00e1 dispon\u00edvel nos sites www.ribeiraoshopping.com.br e www.shoppingsantaursula.com.br ou pelo app Multi.<\/p>\n<p>\u201cBranca de Neve\u201d \u00e9 uma recria\u00e7\u00e3o live-action do cl\u00e1ssico animado de Walt Disney, lan\u00e7ado em 1937, sobre uma jovem princesa que, ao ser perseguida por uma rainha ciumenta, busca ref\u00fagio em uma cabana na floresta, onde encontra a ajuda de sete an\u00f5es amig\u00e1veis.<\/p>\n<p>&#13;<br \/>\n\t\t\t\t<span class=\"post-views-icon dashicons dashicons-chart-bar\"\/> <span class=\"post-views-label\">Visualiza\u00e7\u00f5es:<\/span> <span class=\"post-views-count\">11<\/span>&#13;\n\t\t\t<\/p>\n<\/p><\/div>\n<p><br \/>\n<br \/><a href=\"https:\/\/folhaderibeirao.com.br\/2025\/03\/21\/nova-versao-de-branca-de-neve-estimula-a-empatia-e-contribui-para-o-desenvolvimento-infantil-destaca-especialista\/\">Source link <\/a><\/p>\n<!-- CONTENT END 1 -->\n","protected":false},"excerpt":{"rendered":"<p>Mais do que simples hist\u00f3rias para entreter, os contos infantis exercem um papel fundamental no desenvolvimento emocional, cognitivo e social das crian\u00e7as. Ao explorar o&#8230;<\/p>\n","protected":false},"author":1,"featured_media":65528,"comment_status":"open","ping_status":"open","sticky":false,"template":"","format":"standard","meta":{"advanced_seo_description":"","jetpack_seo_html_title":"","jetpack_seo_noindex":false,"jetpack_post_was_ever_published":false,"_jetpack_newsletter_access":"","_jetpack_dont_email_post_to_subs":false,"_jetpack_newsletter_tier_id":0,"_jetpack_memberships_contains_paywalled_content":false,"_jetpack_memberships_contains_paid_content":false,"footnotes":"","jetpack_publicize_message":"","jetpack_publicize_feature_enabled":true,"jetpack_social_post_already_shared":true,"jetpack_social_options":{"image_generator_settings":{"template":"highway","default_image_id":0,"font":"","enabled":false},"version":2}},"categories":[11],"tags":[6294,6297,3792,1458,6296,4225,6295,3848,3687,422,71,1714],"class_list":["post-65527","post","type-post","status-publish","format-standard","has-post-thumbnail","hentry","category-noticias-de-ribeirao-preto-sp-e-regiao-ismael-colosi","tag-branca","tag-contribui","tag-desenvolvimento","tag-destaca","tag-empatia","tag-especialista","tag-estimula","tag-infantil","tag-neve","tag-nova","tag-para","tag-versao"],"jetpack_publicize_connections":[],"jetpack_featured_media_url":"https:\/\/i0.wp.com\/noticiasribeiraopreto.com.br\/wp-content\/uploads\/2025\/03\/WhatsApp-Image-2025-03-20-at-11.56.35.jpeg?fit=1280%2C889&ssl=1","jetpack-related-posts":[{"id":65454,"url":"https:\/\/noticiasribeiraopreto.com.br\/index.php\/2025\/03\/20\/branca-de-neve-e-the-alto-knights-chegam-aos-cinemas-de-ribeirao-preto\/","url_meta":{"origin":65527,"position":0},"title":"\u2018Branca de Neve\u2019 e \u2018The Alto Knights\u2019 chegam aos cinemas de Ribeir\u00e3o Preto","author":"noticiasribeiraopreto.com.br","date":"20 de March de 2025","format":false,"excerpt":"Dois novos filmes chegam aos cinemas de Ribeir\u00e3o Preto nesta quinta-feira (20). Entre as novidades, est\u00e3o os filmes: \u201cBranca de Neve\u201d, o live-action da Disney e \u201cThe Alto Knights: M\u00e1fia e Poder\u201d, que traz a hist\u00f3ria real de dois mafiosos. Veja mais detalhes: Ribeir\u00e3o Preto conta com quatro cinemas, o\u2026","rel":"","context":"In &quot;Not\u00edcias de Ribeir\u00e3o Preto-SP e Regi\u00e3o&quot;","block_context":{"text":"Not\u00edcias de Ribeir\u00e3o Preto-SP e Regi\u00e3o","link":"https:\/\/noticiasribeiraopreto.com.br\/index.php\/category\/noticias-de-ribeirao-preto-sp-e-regiao-ismael-colosi\/"},"img":{"alt_text":"","src":"https:\/\/i0.wp.com\/noticiasribeiraopreto.com.br\/wp-content\/uploads\/2025\/03\/live-action-branca-de-neve-capa_2025-03-20_12-08-14_jpg_2025-03-20_12-08-14.webp.webp?fit=1200%2C675&ssl=1&resize=350%2C200","width":350,"height":200,"srcset":"https:\/\/i0.wp.com\/noticiasribeiraopreto.com.br\/wp-content\/uploads\/2025\/03\/live-action-branca-de-neve-capa_2025-03-20_12-08-14_jpg_2025-03-20_12-08-14.webp.webp?fit=1200%2C675&ssl=1&resize=350%2C200 1x, https:\/\/i0.wp.com\/noticiasribeiraopreto.com.br\/wp-content\/uploads\/2025\/03\/live-action-branca-de-neve-capa_2025-03-20_12-08-14_jpg_2025-03-20_12-08-14.webp.webp?fit=1200%2C675&ssl=1&resize=525%2C300 1.5x, https:\/\/i0.wp.com\/noticiasribeiraopreto.com.br\/wp-content\/uploads\/2025\/03\/live-action-branca-de-neve-capa_2025-03-20_12-08-14_jpg_2025-03-20_12-08-14.webp.webp?fit=1200%2C675&ssl=1&resize=700%2C400 2x, https:\/\/i0.wp.com\/noticiasribeiraopreto.com.br\/wp-content\/uploads\/2025\/03\/live-action-branca-de-neve-capa_2025-03-20_12-08-14_jpg_2025-03-20_12-08-14.webp.webp?fit=1200%2C675&ssl=1&resize=1050%2C600 3x"},"classes":[]},{"id":63947,"url":"https:\/\/noticiasribeiraopreto.com.br\/index.php\/2025\/02\/26\/projeto-gratuito-promove-a-escolarizacao-de-jovens-e-adultos-no-ribeiraoshopping-e-shoppingsantaursula\/","url_meta":{"origin":65527,"position":1},"title":"Projeto gratuito promove a escolariza\u00e7\u00e3o de jovens e adultos no Ribeir\u00e3oShopping e ShoppingSanta\u00darsula","author":"noticiasribeiraopreto.com.br","date":"26 de February de 2025","format":false,"excerpt":"A oportunidade de concluir os estudos e sonhar com um futuro melhor agora est\u00e1 ao alcance de funcion\u00e1rios e seus familiares no Ribeir\u00e3oShopping e ShoppingSanta\u00darsula. O projeto de escolariza\u00e7\u00e3o, uma iniciativa da Multiplan em parceria com todos os shoppings da rede, tem sido um divisor de \u00e1guas na vida de\u2026","rel":"","context":"In &quot;Not\u00edcias de Ribeir\u00e3o Preto-SP e Regi\u00e3o&quot;","block_context":{"text":"Not\u00edcias de Ribeir\u00e3o Preto-SP e Regi\u00e3o","link":"https:\/\/noticiasribeiraopreto.com.br\/index.php\/category\/noticias-de-ribeirao-preto-sp-e-regiao-ismael-colosi\/"},"img":{"alt_text":"","src":"https:\/\/i0.wp.com\/noticiasribeiraopreto.com.br\/wp-content\/uploads\/2025\/02\/WhatsApp-Image-2025-02-21-at-12.10.56.jpeg?fit=1200%2C800&ssl=1&resize=350%2C200","width":350,"height":200,"srcset":"https:\/\/i0.wp.com\/noticiasribeiraopreto.com.br\/wp-content\/uploads\/2025\/02\/WhatsApp-Image-2025-02-21-at-12.10.56.jpeg?fit=1200%2C800&ssl=1&resize=350%2C200 1x, https:\/\/i0.wp.com\/noticiasribeiraopreto.com.br\/wp-content\/uploads\/2025\/02\/WhatsApp-Image-2025-02-21-at-12.10.56.jpeg?fit=1200%2C800&ssl=1&resize=525%2C300 1.5x, https:\/\/i0.wp.com\/noticiasribeiraopreto.com.br\/wp-content\/uploads\/2025\/02\/WhatsApp-Image-2025-02-21-at-12.10.56.jpeg?fit=1200%2C800&ssl=1&resize=700%2C400 2x, https:\/\/i0.wp.com\/noticiasribeiraopreto.com.br\/wp-content\/uploads\/2025\/02\/WhatsApp-Image-2025-02-21-at-12.10.56.jpeg?fit=1200%2C800&ssl=1&resize=1050%2C600 3x"},"classes":[]},{"id":65911,"url":"https:\/\/noticiasribeiraopreto.com.br\/index.php\/2025\/03\/25\/sofisticacao-conforto-e-estilo-boho-chic-estao-entre-as-principais-tendencias-da-colecao-outono-inverno-2025\/","url_meta":{"origin":65527,"position":2},"title":"Sofistica\u00e7\u00e3o, conforto e estilo boho chic est\u00e3o entre as principais tend\u00eancias da cole\u00e7\u00e3o outono\/inverno 2025","author":"noticiasribeiraopreto.com.br","date":"25 de March de 2025","format":false,"excerpt":"Com a chegada da cole\u00e7\u00e3o outono\/inverno, novas apostas da moda surgem, trazendo inspira\u00e7\u00f5es atuais para o guarda-roupa. As tend\u00eancias, baseadas nas semanas de moda internacionais, incluem pe\u00e7as que unem eleg\u00e2ncia, conforto e um toque de inova\u00e7\u00e3o, com cores neutras e tons terrosos, al\u00e9m do retorno do estilo boho chic, que\u2026","rel":"","context":"In &quot;Not\u00edcias de Ribeir\u00e3o Preto-SP e Regi\u00e3o&quot;","block_context":{"text":"Not\u00edcias de Ribeir\u00e3o Preto-SP e Regi\u00e3o","link":"https:\/\/noticiasribeiraopreto.com.br\/index.php\/category\/noticias-de-ribeirao-preto-sp-e-regiao-ismael-colosi\/"},"img":{"alt_text":"","src":"https:\/\/i0.wp.com\/noticiasribeiraopreto.com.br\/wp-content\/uploads\/2025\/03\/WhatsApp-Image-2025-03-21-at-11.22.51.jpeg?fit=840%2C1200&ssl=1&resize=350%2C200","width":350,"height":200,"srcset":"https:\/\/i0.wp.com\/noticiasribeiraopreto.com.br\/wp-content\/uploads\/2025\/03\/WhatsApp-Image-2025-03-21-at-11.22.51.jpeg?fit=840%2C1200&ssl=1&resize=350%2C200 1x, https:\/\/i0.wp.com\/noticiasribeiraopreto.com.br\/wp-content\/uploads\/2025\/03\/WhatsApp-Image-2025-03-21-at-11.22.51.jpeg?fit=840%2C1200&ssl=1&resize=525%2C300 1.5x, https:\/\/i0.wp.com\/noticiasribeiraopreto.com.br\/wp-content\/uploads\/2025\/03\/WhatsApp-Image-2025-03-21-at-11.22.51.jpeg?fit=840%2C1200&ssl=1&resize=700%2C400 2x"},"classes":[]},{"id":63717,"url":"https:\/\/noticiasribeiraopreto.com.br\/index.php\/2025\/02\/19\/ribeiraoshopping-tera-programacao-especial-de-carnaval-com-bloquinho-para-toda-familia\/","url_meta":{"origin":65527,"position":3},"title":"Ribeir\u00e3oShopping ter\u00e1 programa\u00e7\u00e3o especial de Carnaval com bloquinho para toda fam\u00edlia","author":"noticiasribeiraopreto.com.br","date":"19 de February de 2025","format":false,"excerpt":"O Ribeir\u00e3oShopping se prepara para a festa mais brasileira. A programa\u00e7\u00e3o especial de Carnaval, \u201cMultiVc na folia\u201d, contar\u00e1 com atra\u00e7\u00f5es para toda fam\u00edlia, nos dias 2 e 4 de mar\u00e7o, incluindo oficina de customiza\u00e7\u00e3o de abad\u00e1, bloquinho no mall, al\u00e9m de um bailinho infantil no Multiplan Hall. As crian\u00e7as poder\u00e3o\u2026","rel":"","context":"In &quot;Not\u00edcias de Ribeir\u00e3o Preto-SP e Regi\u00e3o&quot;","block_context":{"text":"Not\u00edcias de Ribeir\u00e3o Preto-SP e Regi\u00e3o","link":"https:\/\/noticiasribeiraopreto.com.br\/index.php\/category\/noticias-de-ribeirao-preto-sp-e-regiao-ismael-colosi\/"},"img":{"alt_text":"","src":"https:\/\/i0.wp.com\/noticiasribeiraopreto.com.br\/wp-content\/uploads\/2025\/02\/WhatsApp-Image-2025-02-19-at-14.38.29.jpeg?fit=1174%2C1200&ssl=1&resize=350%2C200","width":350,"height":200,"srcset":"https:\/\/i0.wp.com\/noticiasribeiraopreto.com.br\/wp-content\/uploads\/2025\/02\/WhatsApp-Image-2025-02-19-at-14.38.29.jpeg?fit=1174%2C1200&ssl=1&resize=350%2C200 1x, https:\/\/i0.wp.com\/noticiasribeiraopreto.com.br\/wp-content\/uploads\/2025\/02\/WhatsApp-Image-2025-02-19-at-14.38.29.jpeg?fit=1174%2C1200&ssl=1&resize=525%2C300 1.5x, https:\/\/i0.wp.com\/noticiasribeiraopreto.com.br\/wp-content\/uploads\/2025\/02\/WhatsApp-Image-2025-02-19-at-14.38.29.jpeg?fit=1174%2C1200&ssl=1&resize=700%2C400 2x, https:\/\/i0.wp.com\/noticiasribeiraopreto.com.br\/wp-content\/uploads\/2025\/02\/WhatsApp-Image-2025-02-19-at-14.38.29.jpeg?fit=1174%2C1200&ssl=1&resize=1050%2C600 3x"},"classes":[]},{"id":70522,"url":"https:\/\/noticiasribeiraopreto.com.br\/index.php\/2025\/05\/27\/salarios-de-ate-r-212-mil-saiba-tudo-sobre-a-nova-carreira-criada-em-sp\/","url_meta":{"origin":65527,"position":4},"title":"Sal\u00e1rios de at\u00e9 R$ 21,2 mil: saiba tudo sobre a nova carreira criada em SP","author":"noticiasribeiraopreto.com.br","date":"27 de May de 2025","format":false,"excerpt":"O Governo de S\u00e3o Paulo encaminhou para Alesp (Assembleia Legislativa de S\u00e3o Paulo) um projeto de lei complementar que cria uma nova carreira com sal\u00e1rios de at\u00e9 R$ 21,2 mil. A nova fun\u00e7\u00e3o de Especialista Social unifica os cargos de Agente de Desenvolvimento Social e Especialista em Desenvolvimento Social. Segundo\u2026","rel":"","context":"In &quot;Not\u00edcias de Ribeir\u00e3o Preto-SP e Regi\u00e3o&quot;","block_context":{"text":"Not\u00edcias de Ribeir\u00e3o Preto-SP e Regi\u00e3o","link":"https:\/\/noticiasribeiraopreto.com.br\/index.php\/category\/noticias-de-ribeirao-preto-sp-e-regiao-ismael-colosi\/"},"img":{"alt_text":"","src":"https:\/\/i0.wp.com\/noticiasribeiraopreto.com.br\/wp-content\/uploads\/2025\/05\/emprego-novo_2025-05-27_16-48-37.webp.webp?fit=1200%2C800&ssl=1&resize=350%2C200","width":350,"height":200,"srcset":"https:\/\/i0.wp.com\/noticiasribeiraopreto.com.br\/wp-content\/uploads\/2025\/05\/emprego-novo_2025-05-27_16-48-37.webp.webp?fit=1200%2C800&ssl=1&resize=350%2C200 1x, https:\/\/i0.wp.com\/noticiasribeiraopreto.com.br\/wp-content\/uploads\/2025\/05\/emprego-novo_2025-05-27_16-48-37.webp.webp?fit=1200%2C800&ssl=1&resize=525%2C300 1.5x, https:\/\/i0.wp.com\/noticiasribeiraopreto.com.br\/wp-content\/uploads\/2025\/05\/emprego-novo_2025-05-27_16-48-37.webp.webp?fit=1200%2C800&ssl=1&resize=700%2C400 2x, https:\/\/i0.wp.com\/noticiasribeiraopreto.com.br\/wp-content\/uploads\/2025\/05\/emprego-novo_2025-05-27_16-48-37.webp.webp?fit=1200%2C800&ssl=1&resize=1050%2C600 3x"},"classes":[]},{"id":81610,"url":"https:\/\/noticiasribeiraopreto.com.br\/index.php\/2026\/01\/11\/o-dificil-acesso-a-educacao-para-criancas-carentes\/","url_meta":{"origin":65527,"position":5},"title":"O dif\u00edcil acesso \u00e0 educa\u00e7\u00e3o para crian\u00e7as carentes","author":"noticiasribeiraopreto.com.br","date":"11 de January de 2026","format":false,"excerpt":"As desigualdades socioecon\u00f4micas continuam dificultando o acesso \u00e0 educa\u00e7\u00e3o infantil no Brasil. Essa \u00e9 uma das conclus\u00f5es do estudo in\u00e9dito \u201cO desafio da equidade no acesso \u00e0 educa\u00e7\u00e3o infantil \u2013 uma an\u00e1lise do Cad\u00danico e do Censo Escolar\u201d, realizado pela Funda\u00e7\u00e3o Maria Cecilia Souto Vidigal, em parceria com o Minist\u00e9rio\u2026","rel":"","context":"In &quot;Not\u00edcias de Ribeir\u00e3o Preto-SP e Regi\u00e3o&quot;","block_context":{"text":"Not\u00edcias de Ribeir\u00e3o Preto-SP e Regi\u00e3o","link":"https:\/\/noticiasribeiraopreto.com.br\/index.php\/category\/noticias-de-ribeirao-preto-sp-e-regiao-ismael-colosi\/"},"img":{"alt_text":"","src":"https:\/\/i0.wp.com\/noticiasribeiraopreto.com.br\/wp-content\/uploads\/2026\/01\/box-Guilherme-Sircili.jpg?fit=1170%2C780&ssl=1&resize=350%2C200","width":350,"height":200,"srcset":"https:\/\/i0.wp.com\/noticiasribeiraopreto.com.br\/wp-content\/uploads\/2026\/01\/box-Guilherme-Sircili.jpg?fit=1170%2C780&ssl=1&resize=350%2C200 1x, https:\/\/i0.wp.com\/noticiasribeiraopreto.com.br\/wp-content\/uploads\/2026\/01\/box-Guilherme-Sircili.jpg?fit=1170%2C780&ssl=1&resize=525%2C300 1.5x, https:\/\/i0.wp.com\/noticiasribeiraopreto.com.br\/wp-content\/uploads\/2026\/01\/box-Guilherme-Sircili.jpg?fit=1170%2C780&ssl=1&resize=700%2C400 2x, https:\/\/i0.wp.com\/noticiasribeiraopreto.com.br\/wp-content\/uploads\/2026\/01\/box-Guilherme-Sircili.jpg?fit=1170%2C780&ssl=1&resize=1050%2C600 3x"},"classes":[]}],"jetpack_sharing_enabled":true,"jetpack_shortlink":"https:\/\/wp.me\/peQAOb-h2T","_links":{"self":[{"href":"https:\/\/noticiasribeiraopreto.com.br\/index.php\/wp-json\/wp\/v2\/posts\/65527","targetHints":{"allow":["GET"]}}],"collection":[{"href":"https:\/\/noticiasribeiraopreto.com.br\/index.php\/wp-json\/wp\/v2\/posts"}],"about":[{"href":"https:\/\/noticiasribeiraopreto.com.br\/index.php\/wp-json\/wp\/v2\/types\/post"}],"author":[{"embeddable":true,"href":"https:\/\/noticiasribeiraopreto.com.br\/index.php\/wp-json\/wp\/v2\/users\/1"}],"replies":[{"embeddable":true,"href":"https:\/\/noticiasribeiraopreto.com.br\/index.php\/wp-json\/wp\/v2\/comments?post=65527"}],"version-history":[{"count":0,"href":"https:\/\/noticiasribeiraopreto.com.br\/index.php\/wp-json\/wp\/v2\/posts\/65527\/revisions"}],"wp:featuredmedia":[{"embeddable":true,"href":"https:\/\/noticiasribeiraopreto.com.br\/index.php\/wp-json\/wp\/v2\/media\/65528"}],"wp:attachment":[{"href":"https:\/\/noticiasribeiraopreto.com.br\/index.php\/wp-json\/wp\/v2\/media?parent=65527"}],"wp:term":[{"taxonomy":"category","embeddable":true,"href":"https:\/\/noticiasribeiraopreto.com.br\/index.php\/wp-json\/wp\/v2\/categories?post=65527"},{"taxonomy":"post_tag","embeddable":true,"href":"https:\/\/noticiasribeiraopreto.com.br\/index.php\/wp-json\/wp\/v2\/tags?post=65527"}],"curies":[{"name":"wp","href":"https:\/\/api.w.org\/{rel}","templated":true}]}}