{"id":65676,"date":"2025-03-23T07:55:58","date_gmt":"2025-03-23T10:55:58","guid":{"rendered":"https:\/\/noticiasribeiraopreto.com.br\/index.php\/2025\/03\/23\/quem-precisa-declarar-o-imposto-de-renda-em-2025\/"},"modified":"2025-03-23T07:55:58","modified_gmt":"2025-03-23T10:55:58","slug":"quem-precisa-declarar-o-imposto-de-renda-em-2025","status":"publish","type":"post","link":"https:\/\/noticiasribeiraopreto.com.br\/index.php\/2025\/03\/23\/quem-precisa-declarar-o-imposto-de-renda-em-2025\/","title":{"rendered":"Quem precisa declarar o Imposto de Renda em 2025?"},"content":{"rendered":"<div class='code-block code-block-1' style='margin: 8px 0 8px auto; text-align: right; display: block; clear: both;'>\n<p><a href=\"https:\/\/wa.link\/vpicfd\"><img data-recalc-dims=\"1\" class=\"wp-image-4922\" style=\"aspect-ratio: 2.0253164556962027; width: 561px; height: auto;\" src=\"https:\/\/i0.wp.com\/ismaelcolosi.com.br\/wp-content\/uploads\/2023\/11\/grupo-de-empregos-whatsapp-e-facebook-ismael-colosi-vagas.jpg?ssl=1\" alt=\"\" \/><\/a><\/p>\n<!-- \/wp:image -->\n<\/div>\n<p> <br \/>\n<\/p>\n<div>\n<p class=\"\" data-start=\"166\" data-end=\"219\"><strong data-start=\"166\" data-end=\"219\">Quem precisa declarar o Imposto de Renda em 2025:<\/strong><\/p>\n<ul data-start=\"221\" data-end=\"1139\">\n<li class=\"\" data-start=\"221\" data-end=\"352\">\n<p class=\"\" data-start=\"223\" data-end=\"352\"><strong data-start=\"223\" data-end=\"270\">Rendimentos tribut\u00e1veis acima de R$ 33.888:<\/strong> <span class=\"relative -mx-px my-[-0.2rem] rounded px-px py-[0.2rem]\">Quem recebeu rendimentos como sal\u00e1rios, aposentadorias ou pens\u00f5es que, somados, ultrapassaram R$ 33.888 em 2024.<\/span><\/p>\n<\/li>\n<li class=\"\" data-start=\"354\" data-end=\"524\">\n<p class=\"\" data-start=\"356\" data-end=\"524\"><strong data-start=\"356\" data-end=\"442\">Rendimentos isentos ou tributados exclusivamente na fonte superiores a R$ 200 mil:<\/strong> <span class=\"relative -mx-px my-[-0.2rem] rounded px-px py-[0.2rem]\">Inclui, por exemplo, rendimentos de poupan\u00e7a ou indeniza\u00e7\u00f5es.<\/span>\u200b<\/p>\n<\/li>\n<li class=\"\" data-start=\"526\" data-end=\"666\">\n<p class=\"\" data-start=\"528\" data-end=\"666\"><strong data-start=\"528\" data-end=\"584\">Propriedade de bens ou direitos acima de R$ 800 mil:<\/strong> <span class=\"relative -mx-px my-[-0.2rem] rounded px-px py-[0.2rem]\">Quem possu\u00eda, em 31 de dezembro de 2024, bens ou direitos cujo valor total excedia R$ 800 mil.<\/span>\u200b<\/p>\n<\/li>\n<li class=\"\" data-start=\"668\" data-end=\"776\">\n<p class=\"\" data-start=\"670\" data-end=\"776\"><strong data-start=\"670\" data-end=\"690\">Atividade rural:<\/strong> <span class=\"relative -mx-px my-[-0.2rem] rounded px-px py-[0.2rem]\">Contribuintes com receita bruta superior a R$ 169.440 ou que desejam compensar preju\u00edzos de anos anteriores.<\/span>\u200b<\/p>\n<\/li>\n<li class=\"\" data-start=\"778\" data-end=\"896\">\n<p class=\"\" data-start=\"780\" data-end=\"896\"><strong data-start=\"780\" data-end=\"810\">Investimentos no exterior:<\/strong> <span class=\"relative -mx-px my-[-0.2rem] rounded px-px py-[0.2rem]\">Aqueles que tiveram rendimentos de aplica\u00e7\u00f5es financeiras fora do pa\u00eds, que agora s\u00e3o tributados anualmente.<\/span>\u200b<\/p>\n<\/li>\n<li class=\"\" data-start=\"898\" data-end=\"1024\">\n<p class=\"\" data-start=\"900\" data-end=\"1024\"><strong data-start=\"900\" data-end=\"938\">Atualiza\u00e7\u00e3o de valores de im\u00f3veis:<\/strong> <span class=\"relative -mx-px my-[-0.2rem] rounded px-px py-[0.2rem]\">Contribuintes que atualizaram o valor de seus im\u00f3veis no final de 2024, pagando imposto sobre ganho de capital com al\u00edquota diferenciada de 4%.<\/span>\u200b<\/p>\n<\/li>\n<li class=\"\" data-start=\"1026\" data-end=\"1139\">\n<p class=\"\" data-start=\"1028\" data-end=\"1139\"><strong data-start=\"1028\" data-end=\"1053\">Resid\u00eancia no Brasil:<\/strong> <span class=\"relative -mx-px my-[-0.2rem] rounded px-px py-[0.2rem]\">Quem passou a residir no pa\u00eds em 2024 e se encontrava nessa condi\u00e7\u00e3o em 31 de dezembro.<\/span>\u200b<\/p>\n<\/li>\n<\/ul>\n<p class=\"\" data-start=\"1141\" data-end=\"1167\"><strong data-start=\"1141\" data-end=\"1167\">Declara\u00e7\u00e3o volunt\u00e1ria:<\/strong><\/p>\n<p class=\"\" data-start=\"1169\" data-end=\"1294\"><span class=\"relative -mx-px my-[-0.2rem] rounded px-px py-[0.2rem]\">Mesmo que n\u00e3o se enquadre nos crit\u00e9rios de obrigatoriedade, o contribuinte pode optar por declarar o Imposto de Renda.<\/span> <span class=\"relative -mx-px my-[-0.2rem] rounded px-px py-[0.2rem]\">Entretanto, \u00e9 vedado a um mesmo contribuinte constar simultaneamente em mais de uma declara\u00e7\u00e3o, seja como titular ou dependente, exceto em casos de altera\u00e7\u00e3o na rela\u00e7\u00e3o de depend\u00eancia no ano-calend\u00e1rio de 2024.<\/span>\u200b<\/p>\n<p class=\"\" data-start=\"1296\" data-end=\"1334\"><strong data-start=\"1296\" data-end=\"1334\">Principais mudan\u00e7as no IR de 2025:<\/strong><\/p>\n<ul data-start=\"1336\" data-end=\"1719\">\n<li class=\"\" data-start=\"1336\" data-end=\"1454\">\n<p class=\"\" data-start=\"1338\" data-end=\"1454\"><strong data-start=\"1338\" data-end=\"1368\">Prioridade na restitui\u00e7\u00e3o:<\/strong> <span class=\"relative -mx-px my-[-0.2rem] rounded px-px py-[0.2rem]\">Contribuintes que utilizarem a declara\u00e7\u00e3o pr\u00e9-preenchida e optarem por receber a restitui\u00e7\u00e3o via Pix ter\u00e3o prioridade no recebimento.<\/span>\u200b<\/p>\n<\/li>\n<li class=\"\" data-start=\"1456\" data-end=\"1579\">\n<p class=\"\" data-start=\"1458\" data-end=\"1579\"><strong data-start=\"1458\" data-end=\"1493\">Simplifica\u00e7\u00e3o no preenchimento:<\/strong> <span class=\"relative -mx-px my-[-0.2rem] rounded px-px py-[0.2rem]\">N\u00e3o \u00e9 mais exigido o preenchimento de informa\u00e7\u00f5es como t\u00edtulo de eleitor, c\u00f3digos de consulado e embaixada para residentes no exterior e n\u00famero da \u00faltima declara\u00e7\u00e3o.<\/span>\u200b<\/p>\n<\/li>\n<li class=\"\" data-start=\"1581\" data-end=\"1719\">\n<p class=\"\" data-start=\"1583\" data-end=\"1719\"><strong data-start=\"1583\" data-end=\"1633\">Extin\u00e7\u00e3o do aplicativo \u201cMeu Imposto de Renda\u201d:<\/strong> <span class=\"relative -mx-px my-[-0.2rem] rounded px-px py-[0.2rem]\">A declara\u00e7\u00e3o deve ser feita pelo aplicativo da Receita Federal ou pela plataforma Gov.br.<\/span>\u200b<\/p>\n<\/li>\n<\/ul>\n<p class=\"\" data-start=\"1721\" data-end=\"1746\"><strong data-start=\"1721\" data-end=\"1746\">Prazos e penalidades:<\/strong><\/p>\n<p class=\"\" data-start=\"1748\" data-end=\"1913\"><span class=\"relative -mx-px my-[-0.2rem] rounded px-px py-[0.2rem]\">O prazo para envio da declara\u00e7\u00e3o do Imposto de Renda 2025 come\u00e7ou em 17 de mar\u00e7o e vai at\u00e9 30 de maio.<\/span> <span class=\"relative -mx-px my-[-0.2rem] rounded px-px py-[0.2rem]\">Quem n\u00e3o entregar a declara\u00e7\u00e3o dentro do prazo est\u00e1 sujeito a multa m\u00ednima de R$ 165,74, podendo chegar a 20% do imposto devido.<\/span> <span class=\"relative -mx-px my-[-0.2rem] rounded px-px py-[0.2rem]\">Al\u00e9m disso, o CPF do contribuinte pode ser alterado para \u201cpendente de regulariza\u00e7\u00e3o\u201d pela Receita Federal, impedindo a realiza\u00e7\u00e3o de transa\u00e7\u00f5es banc\u00e1rias.<\/span>\u200b<\/p>\n<p class=\"\" data-start=\"1915\" data-end=\"2064\">Para mais informa\u00e7\u00f5es e esclarecimentos, consulte a s\u00e9rie \u201cTira-D\u00favidas do IR 2025\u201d da Radioag\u00eancia Nacional.<\/p>\n<p class=\"\" data-start=\"2066\" data-end=\"2151\"><span class=\"relative -mx-px my-[-0.2rem] rounded px-px py-[0.2rem]\">Lembre-se de que \u00e9 fundamental prestar contas ao Fisco dentro do prazo estabelecido para evitar san\u00e7\u00f5es e manter sua situa\u00e7\u00e3o fiscal regularizada.<\/span><\/p>\n<p>&#13;<br \/>\n\t\t\t\t<span class=\"post-views-icon dashicons dashicons-chart-bar\"\/> <span class=\"post-views-label\">Visualiza\u00e7\u00f5es:<\/span> <span class=\"post-views-count\">11<\/span>&#13;\n\t\t\t<\/p>\n<\/p><\/div>\n<p><br \/>\n<br \/><a href=\"https:\/\/folhaderibeirao.com.br\/2025\/03\/23\/quem-precisa-declarar-o-imposto-de-renda-em-2025\/\">Source link <\/a><\/p>\n<!-- CONTENT END 1 -->\n","protected":false},"excerpt":{"rendered":"<p>Quem precisa declarar o Imposto de Renda em 2025: Rendimentos tribut\u00e1veis acima de R$ 33.888: Quem recebeu rendimentos como sal\u00e1rios, aposentadorias ou pens\u00f5es que, somados,&#8230;<\/p>\n","protected":false},"author":1,"featured_media":65677,"comment_status":"open","ping_status":"open","sticky":false,"template":"","format":"standard","meta":{"advanced_seo_description":"","jetpack_seo_html_title":"","jetpack_seo_noindex":false,"jetpack_post_was_ever_published":false,"_jetpack_newsletter_access":"","_jetpack_dont_email_post_to_subs":false,"_jetpack_newsletter_tier_id":0,"_jetpack_memberships_contains_paywalled_content":false,"_jetpack_memberships_contains_paid_content":false,"footnotes":"","jetpack_publicize_message":"","jetpack_publicize_feature_enabled":true,"jetpack_social_post_already_shared":true,"jetpack_social_options":{"image_generator_settings":{"template":"highway","default_image_id":0,"font":"","enabled":false},"version":2}},"categories":[11],"tags":[6311,596,1069,456,2550],"class_list":["post-65676","post","type-post","status-publish","format-standard","has-post-thumbnail","hentry","category-noticias-de-ribeirao-preto-sp-e-regiao-ismael-colosi","tag-declarar","tag-imposto","tag-precisa","tag-quem","tag-renda"],"jetpack_publicize_connections":[],"jetpack_featured_media_url":"https:\/\/i0.wp.com\/noticiasribeiraopreto.com.br\/wp-content\/uploads\/2025\/03\/mg_7893.webp.webp?fit=1170%2C700&ssl=1","jetpack-related-posts":[{"id":83302,"url":"https:\/\/noticiasribeiraopreto.com.br\/index.php\/2026\/03\/15\/declaracao-do-imposto-de-renda-2026-vai-comecar-saiba-quem-precisa-declarar-e-como-se-organizar\/","url_meta":{"origin":65676,"position":0},"title":"Declara\u00e7\u00e3o do Imposto de Renda 2026 vai come\u00e7ar: saiba quem precisa declarar e como se organizar","author":"noticiasribeiraopreto.com.br","date":"15 de March de 2026","format":false,"excerpt":"A Receita Federal divulga nesta segunda-feira (16) as regras para a declara\u00e7\u00e3o do Imposto de Renda Pessoa F\u00edsica (IRPF) 2026. Apesar de o calend\u00e1rio oficial ainda n\u00e3o ter sido divulgado, a expectativa \u00e9 de que o prazo para entregar a declara\u00e7\u00e3o comece em 16 de maio e v\u00e1 at\u00e9 29\u2026","rel":"","context":"In &quot;Not\u00edcias de Ribeir\u00e3o Preto-SP e Regi\u00e3o&quot;","block_context":{"text":"Not\u00edcias de Ribeir\u00e3o Preto-SP e Regi\u00e3o","link":"https:\/\/noticiasribeiraopreto.com.br\/index.php\/category\/noticias-de-ribeirao-preto-sp-e-regiao-ismael-colosi\/"},"img":{"alt_text":"","src":"https:\/\/i0.wp.com\/noticiasribeiraopreto.com.br\/wp-content\/uploads\/2026\/01\/mg_7893.webp.webp?fit=1170%2C700&ssl=1&resize=350%2C200","width":350,"height":200,"srcset":"https:\/\/i0.wp.com\/noticiasribeiraopreto.com.br\/wp-content\/uploads\/2026\/01\/mg_7893.webp.webp?fit=1170%2C700&ssl=1&resize=350%2C200 1x, https:\/\/i0.wp.com\/noticiasribeiraopreto.com.br\/wp-content\/uploads\/2026\/01\/mg_7893.webp.webp?fit=1170%2C700&ssl=1&resize=525%2C300 1.5x, https:\/\/i0.wp.com\/noticiasribeiraopreto.com.br\/wp-content\/uploads\/2026\/01\/mg_7893.webp.webp?fit=1170%2C700&ssl=1&resize=700%2C400 2x, https:\/\/i0.wp.com\/noticiasribeiraopreto.com.br\/wp-content\/uploads\/2026\/01\/mg_7893.webp.webp?fit=1170%2C700&ssl=1&resize=1050%2C600 3x"},"classes":[]},{"id":18421,"url":"https:\/\/noticiasribeiraopreto.com.br\/index.php\/2023\/12\/20\/emprestimo-paga-imposto-de-renda-saiba-como-declarar-em-7-passos\/","url_meta":{"origin":65676,"position":1},"title":"Empr\u00e9stimo Paga Imposto de Renda? Saiba Como Declarar em 7 Passos","author":"noticiasribeiraopreto.com.br","date":"20 de December de 2023","format":false,"excerpt":"Voc\u00ea j\u00e1 se perguntou se o empr\u00e9stimo que voc\u00ea fez precisa ser declarado no Imposto de Renda? A rela\u00e7\u00e3o entre empr\u00e9stimos e imposto de renda pode ser um territ\u00f3rio nebuloso para muitos contribuintes, mas n\u00e3o se preocupe. Este guia abrangente ir\u00e1 desvendar os mist\u00e9rios, fornecendo respostas claras sobre se empr\u00e9stimo\u2026","rel":"","context":"In &quot;Dinheiro e Investimento&quot;","block_context":{"text":"Dinheiro e Investimento","link":"https:\/\/noticiasribeiraopreto.com.br\/index.php\/category\/dinheiro-e-investimento-como-fazer-como-ganhar\/"},"img":{"alt_text":"","src":"https:\/\/i0.wp.com\/noticiasribeiraopreto.com.br\/wp-content\/uploads\/2023\/12\/emprestimo-paga-imposto-de-renda1.jpg?fit=1000%2C667&ssl=1&resize=350%2C200","width":350,"height":200,"srcset":"https:\/\/i0.wp.com\/noticiasribeiraopreto.com.br\/wp-content\/uploads\/2023\/12\/emprestimo-paga-imposto-de-renda1.jpg?fit=1000%2C667&ssl=1&resize=350%2C200 1x, https:\/\/i0.wp.com\/noticiasribeiraopreto.com.br\/wp-content\/uploads\/2023\/12\/emprestimo-paga-imposto-de-renda1.jpg?fit=1000%2C667&ssl=1&resize=525%2C300 1.5x, https:\/\/i0.wp.com\/noticiasribeiraopreto.com.br\/wp-content\/uploads\/2023\/12\/emprestimo-paga-imposto-de-renda1.jpg?fit=1000%2C667&ssl=1&resize=700%2C400 2x"},"classes":[]},{"id":22908,"url":"https:\/\/noticiasribeiraopreto.com.br\/index.php\/2023\/12\/31\/calendario-do-imposto-de-renda-2024-saiba-as-datas-e-as-novidades\/","url_meta":{"origin":65676,"position":2},"title":"Calend\u00e1rio do Imposto de Renda 2024: saiba as datas e as novidades","author":"noticiasribeiraopreto.com.br","date":"31 de December de 2023","format":false,"excerpt":"Enfim, a\u00a0Receita Federal divulgou as regras para a declara\u00e7\u00e3o do Imposto de Renda 2024, programando melhorias na declara\u00e7\u00e3o pr\u00e9-preenchida e altera\u00e7\u00f5es em outros setores para o pr\u00f3ximo ano. Aqui est\u00e1 o que mudou. Per\u00edodo de entrega da declara\u00e7\u00e3o do Imposto de Renda 2024 Tal qual, o per\u00edodo para a entrega\u2026","rel":"","context":"In &quot;Vagas de Emprego em Ribeir\u00e3o Preto-SP&quot;","block_context":{"text":"Vagas de Emprego em Ribeir\u00e3o Preto-SP","link":"https:\/\/noticiasribeiraopreto.com.br\/index.php\/category\/empregos-classificados-vagas-trabalho\/vagas-de-empregos-em-ribeirao-preto-regiao-brasil\/"},"img":{"alt_text":"","src":"","width":0,"height":0},"classes":[]},{"id":41060,"url":"https:\/\/noticiasribeiraopreto.com.br\/index.php\/2024\/03\/06\/veja-as-novas-regras-para-declaracao-do-imposto-de-renda-2024\/","url_meta":{"origin":65676,"position":3},"title":"Veja as novas regras para declara\u00e7\u00e3o do Imposto de Renda 2024","author":"noticiasribeiraopreto.com.br","date":"6 de March de 2024","format":false,"excerpt":"A Receita Federal divulgou nesta quarta-feira (6) as novas regras para declara\u00e7\u00e3o do Imposto de Renda Pessoa F\u00edsica 2024. O prazo para a entrega da declara\u00e7\u00e3o, ano-base 2023, ser\u00e1 de 15 de mar\u00e7o a 31 de maio. O programa para preenchimento ser\u00e1 liberado pela Receita Federal no mesmo dia da\u2026","rel":"","context":"In &quot;Not\u00edcias de Ribeir\u00e3o Preto-SP e Regi\u00e3o&quot;","block_context":{"text":"Not\u00edcias de Ribeir\u00e3o Preto-SP e Regi\u00e3o","link":"https:\/\/noticiasribeiraopreto.com.br\/index.php\/category\/noticias-de-ribeirao-preto-sp-e-regiao-ismael-colosi\/"},"img":{"alt_text":"","src":"https:\/\/i0.wp.com\/noticiasribeiraopreto.com.br\/wp-content\/uploads\/2024\/03\/imposto-de-renda.webp.webp?fit=1170%2C700&ssl=1&resize=350%2C200","width":350,"height":200,"srcset":"https:\/\/i0.wp.com\/noticiasribeiraopreto.com.br\/wp-content\/uploads\/2024\/03\/imposto-de-renda.webp.webp?fit=1170%2C700&ssl=1&resize=350%2C200 1x, https:\/\/i0.wp.com\/noticiasribeiraopreto.com.br\/wp-content\/uploads\/2024\/03\/imposto-de-renda.webp.webp?fit=1170%2C700&ssl=1&resize=525%2C300 1.5x, https:\/\/i0.wp.com\/noticiasribeiraopreto.com.br\/wp-content\/uploads\/2024\/03\/imposto-de-renda.webp.webp?fit=1170%2C700&ssl=1&resize=700%2C400 2x, https:\/\/i0.wp.com\/noticiasribeiraopreto.com.br\/wp-content\/uploads\/2024\/03\/imposto-de-renda.webp.webp?fit=1170%2C700&ssl=1&resize=1050%2C600 3x"},"classes":[]},{"id":64811,"url":"https:\/\/noticiasribeiraopreto.com.br\/index.php\/2025\/03\/12\/confira-as-regras-do-imposto-de-renda-2025-prazo-para-declaracao-comeca-na-segunda-feira\/","url_meta":{"origin":65676,"position":4},"title":"Confira as regras do Imposto de Renda 2025; Prazo para declara\u00e7\u00e3o come\u00e7a na segunda-feira","author":"noticiasribeiraopreto.com.br","date":"12 de March de 2025","format":false,"excerpt":"A Receita Federal divulgou na tarde desta quarta-feira (12), as regras do Imposto de Renda 2025. O prazo para a entrega da declara\u00e7\u00e3o ano-base 2024 ser\u00e1 de 17 de mar\u00e7o a 30 de maio. O programa do IR 2025 estar\u00e1 dispon\u00edvel para download a partir desta quinta-feira (13), no entanto,\u2026","rel":"","context":"In &quot;Not\u00edcias de Ribeir\u00e3o Preto-SP e Regi\u00e3o&quot;","block_context":{"text":"Not\u00edcias de Ribeir\u00e3o Preto-SP e Regi\u00e3o","link":"https:\/\/noticiasribeiraopreto.com.br\/index.php\/category\/noticias-de-ribeirao-preto-sp-e-regiao-ismael-colosi\/"},"img":{"alt_text":"","src":"https:\/\/i0.wp.com\/noticiasribeiraopreto.com.br\/wp-content\/uploads\/2025\/03\/novo_lote_1024x576_22072020125933.jpg?fit=1024%2C575&ssl=1&resize=350%2C200","width":350,"height":200,"srcset":"https:\/\/i0.wp.com\/noticiasribeiraopreto.com.br\/wp-content\/uploads\/2025\/03\/novo_lote_1024x576_22072020125933.jpg?fit=1024%2C575&ssl=1&resize=350%2C200 1x, https:\/\/i0.wp.com\/noticiasribeiraopreto.com.br\/wp-content\/uploads\/2025\/03\/novo_lote_1024x576_22072020125933.jpg?fit=1024%2C575&ssl=1&resize=525%2C300 1.5x, https:\/\/i0.wp.com\/noticiasribeiraopreto.com.br\/wp-content\/uploads\/2025\/03\/novo_lote_1024x576_22072020125933.jpg?fit=1024%2C575&ssl=1&resize=700%2C400 2x"},"classes":[]},{"id":68988,"url":"https:\/\/noticiasribeiraopreto.com.br\/index.php\/2025\/05\/01\/jornal-da-franca-imposto-de-renda-2025-saiba-como-declarar-previdencia-privada-e-pensao-alimenticia\/","url_meta":{"origin":65676,"position":5},"title":"Jornal da Franca &#8211; Imposto de Renda 2025: saiba como declarar previd\u00eancia privada e pens\u00e3o aliment\u00edcia","author":"noticiasribeiraopreto.com.br","date":"1 de May de 2025","format":false,"excerpt":"compartilhar no whatsapp compartilhar no telegram compartilhar no facebook compartilhar no linkedin Contribuintes que precisam pagar Imposto de Renda podem utilizar a previd\u00eancia privada para reduzir o valor devido Contribuinte pode conseguir dedu\u00e7\u00f5es na hora da declara\u00e7\u00e3o do Imposto de Renda \u2013 foto Arquivo \u00a0 Contribuintes que precisam pagar Imposto\u2026","rel":"","context":"In &quot;Not\u00edcias de Franca-SP&quot;","block_context":{"text":"Not\u00edcias de Franca-SP","link":"https:\/\/noticiasribeiraopreto.com.br\/index.php\/category\/noticias-de-ribeirao-preto-sp-e-regiao-ismael-colosi\/noticias-franca-sp\/"},"img":{"alt_text":"","src":"https:\/\/i0.wp.com\/noticiasribeiraopreto.com.br\/wp-content\/uploads\/2025\/05\/imposto-de-renda-tela-receita-federal-computador.jpg?fit=860%2C570&ssl=1&resize=350%2C200","width":350,"height":200,"srcset":"https:\/\/i0.wp.com\/noticiasribeiraopreto.com.br\/wp-content\/uploads\/2025\/05\/imposto-de-renda-tela-receita-federal-computador.jpg?fit=860%2C570&ssl=1&resize=350%2C200 1x, https:\/\/i0.wp.com\/noticiasribeiraopreto.com.br\/wp-content\/uploads\/2025\/05\/imposto-de-renda-tela-receita-federal-computador.jpg?fit=860%2C570&ssl=1&resize=525%2C300 1.5x, https:\/\/i0.wp.com\/noticiasribeiraopreto.com.br\/wp-content\/uploads\/2025\/05\/imposto-de-renda-tela-receita-federal-computador.jpg?fit=860%2C570&ssl=1&resize=700%2C400 2x"},"classes":[]}],"jetpack_sharing_enabled":true,"jetpack_shortlink":"https:\/\/wp.me\/peQAOb-h5i","_links":{"self":[{"href":"https:\/\/noticiasribeiraopreto.com.br\/index.php\/wp-json\/wp\/v2\/posts\/65676","targetHints":{"allow":["GET"]}}],"collection":[{"href":"https:\/\/noticiasribeiraopreto.com.br\/index.php\/wp-json\/wp\/v2\/posts"}],"about":[{"href":"https:\/\/noticiasribeiraopreto.com.br\/index.php\/wp-json\/wp\/v2\/types\/post"}],"author":[{"embeddable":true,"href":"https:\/\/noticiasribeiraopreto.com.br\/index.php\/wp-json\/wp\/v2\/users\/1"}],"replies":[{"embeddable":true,"href":"https:\/\/noticiasribeiraopreto.com.br\/index.php\/wp-json\/wp\/v2\/comments?post=65676"}],"version-history":[{"count":0,"href":"https:\/\/noticiasribeiraopreto.com.br\/index.php\/wp-json\/wp\/v2\/posts\/65676\/revisions"}],"wp:featuredmedia":[{"embeddable":true,"href":"https:\/\/noticiasribeiraopreto.com.br\/index.php\/wp-json\/wp\/v2\/media\/65677"}],"wp:attachment":[{"href":"https:\/\/noticiasribeiraopreto.com.br\/index.php\/wp-json\/wp\/v2\/media?parent=65676"}],"wp:term":[{"taxonomy":"category","embeddable":true,"href":"https:\/\/noticiasribeiraopreto.com.br\/index.php\/wp-json\/wp\/v2\/categories?post=65676"},{"taxonomy":"post_tag","embeddable":true,"href":"https:\/\/noticiasribeiraopreto.com.br\/index.php\/wp-json\/wp\/v2\/tags?post=65676"}],"curies":[{"name":"wp","href":"https:\/\/api.w.org\/{rel}","templated":true}]}}