{"id":65690,"date":"2025-03-23T08:32:06","date_gmt":"2025-03-23T11:32:06","guid":{"rendered":"https:\/\/noticiasribeiraopreto.com.br\/index.php\/2025\/03\/23\/reforma-do-imposto-de-renda-medida-visa-reduzir-desigualdade-social-no-brasil\/"},"modified":"2025-03-23T08:32:06","modified_gmt":"2025-03-23T11:32:06","slug":"reforma-do-imposto-de-renda-medida-visa-reduzir-desigualdade-social-no-brasil","status":"publish","type":"post","link":"https:\/\/noticiasribeiraopreto.com.br\/index.php\/2025\/03\/23\/reforma-do-imposto-de-renda-medida-visa-reduzir-desigualdade-social-no-brasil\/","title":{"rendered":"Reforma do Imposto de Renda: Medida visa reduzir desigualdade social no Brasil"},"content":{"rendered":"<div class='code-block code-block-1' style='margin: 8px 0 8px auto; text-align: right; display: block; clear: both;'>\n<p><a href=\"https:\/\/wa.link\/vpicfd\"><img data-recalc-dims=\"1\" class=\"wp-image-4922\" style=\"aspect-ratio: 2.0253164556962027; width: 561px; height: auto;\" src=\"https:\/\/i0.wp.com\/ismaelcolosi.com.br\/wp-content\/uploads\/2023\/11\/grupo-de-empregos-whatsapp-e-facebook-ismael-colosi-vagas.jpg?ssl=1\" alt=\"\" \/><\/a><\/p>\n<!-- \/wp:image -->\n<\/div>\n<p> <br \/>\n<\/p>\n<div>\n<p>O governo federal prop\u00f4s uma reforma no Imposto de Renda (IR) com o objetivo de tornar o sistema tribut\u00e1rio mais justo e diminuir as desigualdades sociais no pa\u00eds. A principal mudan\u00e7a \u00e9 a isen\u00e7\u00e3o do IR para quem recebe at\u00e9 R$ 5 mil mensais, beneficiando aproximadamente 10 milh\u00f5es de brasileiros. Para compensar a redu\u00e7\u00e3o na arrecada\u00e7\u00e3o, a proposta prev\u00ea a cria\u00e7\u00e3o de uma al\u00edquota para rendas superiores a R$ 600 mil anuais, visando aumentar a tributa\u00e7\u00e3o sobre os mais ricos. \u200b<\/p>\n<p>Detalhamento da Proposta<\/p>\n<p>De acordo com o Minist\u00e9rio da Fazenda, nove em cada dez brasileiros que pagam IR ter\u00e3o isen\u00e7\u00e3o total ou parcial. Dos declarantes do IR, mais de 26 milh\u00f5es (65%) n\u00e3o pagar\u00e3o nada. A tributa\u00e7\u00e3o sobre altas rendas atingir\u00e1 0,13% dos contribuintes e 0,06% da popula\u00e7\u00e3o. \u200b<\/p>\n<p>Justi\u00e7a Tribut\u00e1ria e Redu\u00e7\u00e3o de Desigualdades<\/p>\n<p>Especialistas destacam que a progressividade no sistema tribut\u00e1rio \u00e9 fundamental para a redu\u00e7\u00e3o das desigualdades sociais. A economista Clara Zanon Brenck, professora da Universidade Federal de Minas Gerais (UFMG), enfatiza que pa\u00edses mais igualit\u00e1rios tendem a tributar de maneira mais progressiva. Ela ressalta que, ao implementar essas mudan\u00e7as, o Brasil se aproximar\u00e1 de sistemas tribut\u00e1rios de pa\u00edses desenvolvidos, contribuindo para a diminui\u00e7\u00e3o das desigualdades sociais. \u200b<br \/>Brasil de Fato<\/p>\n<p>Considera\u00e7\u00f5es Finais<\/p>\n<p>A reforma do Imposto de Renda proposta pelo governo representa um passo significativo rumo a um sistema tribut\u00e1rio mais equitativo. Ao aliviar a carga tribut\u00e1ria sobre os trabalhadores de menor renda e aumentar a contribui\u00e7\u00e3o dos mais abastados, a medida busca promover a justi\u00e7a social e reduzir as disparidades econ\u00f4micas no pa\u00eds. No entanto, \u00e9 essencial que o Congresso Nacional analise detalhadamente a proposta, garantindo que as mudan\u00e7as efetivamente contribuam para a redu\u00e7\u00e3o das desigualdades sociais.<\/p>\n<p>&#13;<br \/>\n\t\t\t\t<span class=\"post-views-icon dashicons dashicons-chart-bar\"\/> <span class=\"post-views-label\">Visualiza\u00e7\u00f5es:<\/span> <span class=\"post-views-count\">12<\/span>&#13;\n\t\t\t<\/p>\n<\/p><\/div>\n<p><br \/>\n<br \/><a href=\"https:\/\/folhaderibeirao.com.br\/2025\/03\/23\/reforma-do-imposto-de-renda-medida-visa-reduzir-desigualdade-social-no-brasil\/\">Source link <\/a><\/p>\n<!-- CONTENT END 1 -->\n","protected":false},"excerpt":{"rendered":"<p>O governo federal prop\u00f4s uma reforma no Imposto de Renda (IR) com o objetivo de tornar o sistema tribut\u00e1rio mais justo e diminuir as desigualdades&#8230;<\/p>\n","protected":false},"author":1,"featured_media":65691,"comment_status":"open","ping_status":"open","sticky":false,"template":"","format":"standard","meta":{"advanced_seo_description":"","jetpack_seo_html_title":"","jetpack_seo_noindex":false,"jetpack_post_was_ever_published":false,"_jetpack_newsletter_access":"","_jetpack_dont_email_post_to_subs":false,"_jetpack_newsletter_tier_id":0,"_jetpack_memberships_contains_paywalled_content":false,"_jetpack_memberships_contains_paid_content":false,"footnotes":"","jetpack_publicize_message":"","jetpack_publicize_feature_enabled":true,"jetpack_social_post_already_shared":true,"jetpack_social_options":{"image_generator_settings":{"template":"highway","default_image_id":0,"font":"","enabled":false},"version":2}},"categories":[11],"tags":[137,6325,596,5273,2184,2287,2550,1754,6324],"class_list":["post-65690","post","type-post","status-publish","format-standard","has-post-thumbnail","hentry","category-noticias-de-ribeirao-preto-sp-e-regiao-ismael-colosi","tag-brasil","tag-desigualdade","tag-imposto","tag-medida","tag-reduzir","tag-reforma","tag-renda","tag-social","tag-visa"],"jetpack_publicize_connections":[],"jetpack_featured_media_url":"https:\/\/i0.wp.com\/noticiasribeiraopreto.com.br\/wp-content\/uploads\/2025\/03\/real_moeda_50_reais020120a84t47165203.webp.webp?fit=1170%2C700&ssl=1","jetpack-related-posts":[{"id":65350,"url":"https:\/\/noticiasribeiraopreto.com.br\/index.php\/2025\/03\/19\/reforma-do-imposto-de-renda-entenda-as-principais-mudancas-propostas-pelo-governo-ao-congresso-nacional\/","url_meta":{"origin":65690,"position":0},"title":"Reforma do Imposto de Renda: Entenda as Principais Mudan\u00e7as Propostas pelo Governo ao Congresso Nacional","author":"noticiasribeiraopreto.com.br","date":"19 de March de 2025","format":false,"excerpt":"O governo federal enviou ao Congresso Nacional, nesta ter\u00e7a-feira (18), a proposta de reforma do Imposto de Renda (IR), que pretende introduzir uma s\u00e9rie de mudan\u00e7as no sistema tribut\u00e1rio brasileiro. O objetivo da reforma \u00e9 tornar a arrecada\u00e7\u00e3o mais justa e equilibrada, corrigindo distor\u00e7\u00f5es que impactam tanto contribuintes individuais quanto\u2026","rel":"","context":"In &quot;Not\u00edcias de Ribeir\u00e3o Preto-SP e Regi\u00e3o&quot;","block_context":{"text":"Not\u00edcias de Ribeir\u00e3o Preto-SP e Regi\u00e3o","link":"https:\/\/noticiasribeiraopreto.com.br\/index.php\/category\/noticias-de-ribeirao-preto-sp-e-regiao-ismael-colosi\/"},"img":{"alt_text":"","src":"https:\/\/i0.wp.com\/noticiasribeiraopreto.com.br\/wp-content\/uploads\/2025\/03\/mca_abr_21031913349.webp.webp?fit=1170%2C700&ssl=1&resize=350%2C200","width":350,"height":200,"srcset":"https:\/\/i0.wp.com\/noticiasribeiraopreto.com.br\/wp-content\/uploads\/2025\/03\/mca_abr_21031913349.webp.webp?fit=1170%2C700&ssl=1&resize=350%2C200 1x, https:\/\/i0.wp.com\/noticiasribeiraopreto.com.br\/wp-content\/uploads\/2025\/03\/mca_abr_21031913349.webp.webp?fit=1170%2C700&ssl=1&resize=525%2C300 1.5x, https:\/\/i0.wp.com\/noticiasribeiraopreto.com.br\/wp-content\/uploads\/2025\/03\/mca_abr_21031913349.webp.webp?fit=1170%2C700&ssl=1&resize=700%2C400 2x, https:\/\/i0.wp.com\/noticiasribeiraopreto.com.br\/wp-content\/uploads\/2025\/03\/mca_abr_21031913349.webp.webp?fit=1170%2C700&ssl=1&resize=1050%2C600 3x"},"classes":[]},{"id":78106,"url":"https:\/\/noticiasribeiraopreto.com.br\/index.php\/2025\/10\/02\/isencao-de-imposto-de-renda-ate-r-5-mil-e-taxacao-dos-mais-ricos-veja-o-que-muda\/","url_meta":{"origin":65690,"position":1},"title":"Isen\u00e7\u00e3o de Imposto de Renda at\u00e9 R$ 5 mil e taxa\u00e7\u00e3o dos mais ricos: veja o que muda","author":"noticiasribeiraopreto.com.br","date":"2 de October de 2025","format":false,"excerpt":"A C\u00e2mara dos Deputados aprovou na noite de quarta-feira (1\u00ba de outubro), de forma un\u00e2nime, o projeto que amplia a isen\u00e7\u00e3o do Imposto de Renda para quem ganha at\u00e9 R$ 5 mil mensais. A proposta tamb\u00e9m estabelece como compensa\u00e7\u00e3o a cria\u00e7\u00e3o de um imposto m\u00ednimo de at\u00e9 10% sobre a\u2026","rel":"","context":"In &quot;Not\u00edcias de Ribeir\u00e3o Preto-SP e Regi\u00e3o&quot;","block_context":{"text":"Not\u00edcias de Ribeir\u00e3o Preto-SP e Regi\u00e3o","link":"https:\/\/noticiasribeiraopreto.com.br\/index.php\/category\/noticias-de-ribeirao-preto-sp-e-regiao-ismael-colosi\/"},"img":{"alt_text":"","src":"https:\/\/i0.wp.com\/noticiasribeiraopreto.com.br\/wp-content\/uploads\/2025\/10\/imposto-de-renda_2025-10-02_12-47-55.webp.webp?fit=1200%2C800&ssl=1&resize=350%2C200","width":350,"height":200,"srcset":"https:\/\/i0.wp.com\/noticiasribeiraopreto.com.br\/wp-content\/uploads\/2025\/10\/imposto-de-renda_2025-10-02_12-47-55.webp.webp?fit=1200%2C800&ssl=1&resize=350%2C200 1x, https:\/\/i0.wp.com\/noticiasribeiraopreto.com.br\/wp-content\/uploads\/2025\/10\/imposto-de-renda_2025-10-02_12-47-55.webp.webp?fit=1200%2C800&ssl=1&resize=525%2C300 1.5x, https:\/\/i0.wp.com\/noticiasribeiraopreto.com.br\/wp-content\/uploads\/2025\/10\/imposto-de-renda_2025-10-02_12-47-55.webp.webp?fit=1200%2C800&ssl=1&resize=700%2C400 2x, https:\/\/i0.wp.com\/noticiasribeiraopreto.com.br\/wp-content\/uploads\/2025\/10\/imposto-de-renda_2025-10-02_12-47-55.webp.webp?fit=1200%2C800&ssl=1&resize=1050%2C600 3x"},"classes":[]},{"id":79686,"url":"https:\/\/noticiasribeiraopreto.com.br\/index.php\/2025\/11\/05\/isencao-do-ir-para-salarios-de-ate-r-5-mil-e-aprovada-no-senado\/","url_meta":{"origin":65690,"position":2},"title":"Isen\u00e7\u00e3o do IR para sal\u00e1rios de at\u00e9 R$ 5 mil \u00e9 aprovada no Senado","author":"noticiasribeiraopreto.com.br","date":"5 de November de 2025","format":false,"excerpt":"O Senado aprovou nesta quarta-feira (5) o projeto que amplia a faixa de isen\u00e7\u00e3o do Imposto de Renda para pessoas f\u00edsicas. O texto permite que quem recebe at\u00e9 R$ 5 mil mensais fique isento do pagamento do imposto. A proposta recebeu aprova\u00e7\u00e3o un\u00e2nime dos senadores e segue para san\u00e7\u00e3o do\u2026","rel":"","context":"In &quot;Not\u00edcias de Ribeir\u00e3o Preto-SP e Regi\u00e3o&quot;","block_context":{"text":"Not\u00edcias de Ribeir\u00e3o Preto-SP e Regi\u00e3o","link":"https:\/\/noticiasribeiraopreto.com.br\/index.php\/category\/noticias-de-ribeirao-preto-sp-e-regiao-ismael-colosi\/"},"img":{"alt_text":"","src":"https:\/\/i0.wp.com\/noticiasribeiraopreto.com.br\/wp-content\/uploads\/2025\/07\/dinheiro-fgts_2025-07-25_13-27-21.webp.webp?fit=1170%2C700&ssl=1&resize=350%2C200","width":350,"height":200,"srcset":"https:\/\/i0.wp.com\/noticiasribeiraopreto.com.br\/wp-content\/uploads\/2025\/07\/dinheiro-fgts_2025-07-25_13-27-21.webp.webp?fit=1170%2C700&ssl=1&resize=350%2C200 1x, https:\/\/i0.wp.com\/noticiasribeiraopreto.com.br\/wp-content\/uploads\/2025\/07\/dinheiro-fgts_2025-07-25_13-27-21.webp.webp?fit=1170%2C700&ssl=1&resize=525%2C300 1.5x, https:\/\/i0.wp.com\/noticiasribeiraopreto.com.br\/wp-content\/uploads\/2025\/07\/dinheiro-fgts_2025-07-25_13-27-21.webp.webp?fit=1170%2C700&ssl=1&resize=700%2C400 2x, https:\/\/i0.wp.com\/noticiasribeiraopreto.com.br\/wp-content\/uploads\/2025\/07\/dinheiro-fgts_2025-07-25_13-27-21.webp.webp?fit=1170%2C700&ssl=1&resize=1050%2C600 3x"},"classes":[]},{"id":79691,"url":"https:\/\/noticiasribeiraopreto.com.br\/index.php\/2025\/11\/06\/senadores-aprovam-isencao-do-ir-para-quem-ganha-ate-r-5-mil\/","url_meta":{"origin":65690,"position":3},"title":"Senadores aprovam isen\u00e7\u00e3o do IR para quem ganha ate R$ 5 mil","author":"noticiasribeiraopreto.com.br","date":"6 de November de 2025","format":false,"excerpt":"6 de novembro de 2025 08:156 de novembro de 2025 08:274 Compartilhar0 Se o texto for sancionado at\u00e9 o final do ano pelo presidente Luiz In\u00e1cio Lula da Silva, a redu\u00e7\u00e3o do Imposto de Renda IR passa a valer a partir de janeiro de 2026. O Senado aprovou, por unanimidade,\u2026","rel":"","context":"In &quot;Not\u00edcias de Ribeir\u00e3o Preto-SP e Regi\u00e3o&quot;","block_context":{"text":"Not\u00edcias de Ribeir\u00e3o Preto-SP e Regi\u00e3o","link":"https:\/\/noticiasribeiraopreto.com.br\/index.php\/category\/noticias-de-ribeirao-preto-sp-e-regiao-ismael-colosi\/"},"img":{"alt_text":"","src":"https:\/\/i0.wp.com\/noticiasribeiraopreto.com.br\/wp-content\/uploads\/2025\/11\/IsencaoIR-Carlos-Moura-Agencia-Senado-scaled.jpg?fit=1200%2C623&ssl=1&resize=350%2C200","width":350,"height":200,"srcset":"https:\/\/i0.wp.com\/noticiasribeiraopreto.com.br\/wp-content\/uploads\/2025\/11\/IsencaoIR-Carlos-Moura-Agencia-Senado-scaled.jpg?fit=1200%2C623&ssl=1&resize=350%2C200 1x, https:\/\/i0.wp.com\/noticiasribeiraopreto.com.br\/wp-content\/uploads\/2025\/11\/IsencaoIR-Carlos-Moura-Agencia-Senado-scaled.jpg?fit=1200%2C623&ssl=1&resize=525%2C300 1.5x, https:\/\/i0.wp.com\/noticiasribeiraopreto.com.br\/wp-content\/uploads\/2025\/11\/IsencaoIR-Carlos-Moura-Agencia-Senado-scaled.jpg?fit=1200%2C623&ssl=1&resize=700%2C400 2x, https:\/\/i0.wp.com\/noticiasribeiraopreto.com.br\/wp-content\/uploads\/2025\/11\/IsencaoIR-Carlos-Moura-Agencia-Senado-scaled.jpg?fit=1200%2C623&ssl=1&resize=1050%2C600 3x"},"classes":[]},{"id":60886,"url":"https:\/\/noticiasribeiraopreto.com.br\/index.php\/2024\/11\/28\/entenda-a-isencao-do-imposto-de-renda-ate-r-5-mil-anunciada-pelo-governo\/","url_meta":{"origin":65690,"position":4},"title":"Entenda a isen\u00e7\u00e3o do Imposto de Renda at\u00e9 R$ 5 mil anunciada pelo governo","author":"noticiasribeiraopreto.com.br","date":"28 de November de 2024","format":false,"excerpt":"O ministro da Fazenda, Fernando Haddad, anunciou na noite desta quarta-feira (27), durante pronunciamento, que enviar\u00e1 ao Congresso a proposta para isentar de Imposto de Renda quem ganha at\u00e9 R$ 5 mil por m\u00eas. Haddad esclareceu que a medida n\u00e3o ter\u00e1 impacto sobre as contas p\u00fablicas, porque ser\u00e1 bancada com\u2026","rel":"","context":"In &quot;Not\u00edcias de Ribeir\u00e3o Preto-SP e Regi\u00e3o&quot;","block_context":{"text":"Not\u00edcias de Ribeir\u00e3o Preto-SP e Regi\u00e3o","link":"https:\/\/noticiasribeiraopreto.com.br\/index.php\/category\/noticias-de-ribeirao-preto-sp-e-regiao-ismael-colosi\/"},"img":{"alt_text":"","src":"https:\/\/i0.wp.com\/noticiasribeiraopreto.com.br\/wp-content\/uploads\/2024\/11\/ballots-1195046_1920.jpg?fit=1200%2C800&ssl=1&resize=350%2C200","width":350,"height":200,"srcset":"https:\/\/i0.wp.com\/noticiasribeiraopreto.com.br\/wp-content\/uploads\/2024\/11\/ballots-1195046_1920.jpg?fit=1200%2C800&ssl=1&resize=350%2C200 1x, https:\/\/i0.wp.com\/noticiasribeiraopreto.com.br\/wp-content\/uploads\/2024\/11\/ballots-1195046_1920.jpg?fit=1200%2C800&ssl=1&resize=525%2C300 1.5x, https:\/\/i0.wp.com\/noticiasribeiraopreto.com.br\/wp-content\/uploads\/2024\/11\/ballots-1195046_1920.jpg?fit=1200%2C800&ssl=1&resize=700%2C400 2x, https:\/\/i0.wp.com\/noticiasribeiraopreto.com.br\/wp-content\/uploads\/2024\/11\/ballots-1195046_1920.jpg?fit=1200%2C800&ssl=1&resize=1050%2C600 3x"},"classes":[]},{"id":23422,"url":"https:\/\/noticiasribeiraopreto.com.br\/index.php\/2024\/01\/02\/imposto-de-renda-10-dos-contribuintes-concentram-51-da-renda-no-pais\/","url_meta":{"origin":65690,"position":5},"title":"Imposto de Renda: 10% dos contribuintes concentram 51% da renda no pa\u00eds","author":"noticiasribeiraopreto.com.br","date":"2 de January de 2024","format":false,"excerpt":"2 de janeiro de 2024 | 10:002 de janeiro de 2024 | 8:42 0Um relat\u00f3rio publicado pelo Minist\u00e9rio da Fazenda, no \u00faltimo dia 29 de dezembro, detalha a desigualdade na distribui\u00e7\u00e3o da renda e da riqueza da popula\u00e7\u00e3o brasileira. O estudo analisou dados do Imposto de Renda da Pessoa F\u00edsica\u2026","rel":"","context":"In &quot;Not\u00edcias de Ribeir\u00e3o Preto-SP e Regi\u00e3o&quot;","block_context":{"text":"Not\u00edcias de Ribeir\u00e3o Preto-SP e Regi\u00e3o","link":"https:\/\/noticiasribeiraopreto.com.br\/index.php\/category\/noticias-de-ribeirao-preto-sp-e-regiao-ismael-colosi\/"},"img":{"alt_text":"","src":"https:\/\/i0.wp.com\/noticiasribeiraopreto.com.br\/wp-content\/uploads\/2024\/01\/imposto-de-renda-715x390.jpg?fit=715%2C390&ssl=1&resize=350%2C200","width":350,"height":200,"srcset":"https:\/\/i0.wp.com\/noticiasribeiraopreto.com.br\/wp-content\/uploads\/2024\/01\/imposto-de-renda-715x390.jpg?fit=715%2C390&ssl=1&resize=350%2C200 1x, https:\/\/i0.wp.com\/noticiasribeiraopreto.com.br\/wp-content\/uploads\/2024\/01\/imposto-de-renda-715x390.jpg?fit=715%2C390&ssl=1&resize=525%2C300 1.5x, https:\/\/i0.wp.com\/noticiasribeiraopreto.com.br\/wp-content\/uploads\/2024\/01\/imposto-de-renda-715x390.jpg?fit=715%2C390&ssl=1&resize=700%2C400 2x"},"classes":[]}],"jetpack_sharing_enabled":true,"jetpack_shortlink":"https:\/\/wp.me\/peQAOb-h5w","_links":{"self":[{"href":"https:\/\/noticiasribeiraopreto.com.br\/index.php\/wp-json\/wp\/v2\/posts\/65690","targetHints":{"allow":["GET"]}}],"collection":[{"href":"https:\/\/noticiasribeiraopreto.com.br\/index.php\/wp-json\/wp\/v2\/posts"}],"about":[{"href":"https:\/\/noticiasribeiraopreto.com.br\/index.php\/wp-json\/wp\/v2\/types\/post"}],"author":[{"embeddable":true,"href":"https:\/\/noticiasribeiraopreto.com.br\/index.php\/wp-json\/wp\/v2\/users\/1"}],"replies":[{"embeddable":true,"href":"https:\/\/noticiasribeiraopreto.com.br\/index.php\/wp-json\/wp\/v2\/comments?post=65690"}],"version-history":[{"count":0,"href":"https:\/\/noticiasribeiraopreto.com.br\/index.php\/wp-json\/wp\/v2\/posts\/65690\/revisions"}],"wp:featuredmedia":[{"embeddable":true,"href":"https:\/\/noticiasribeiraopreto.com.br\/index.php\/wp-json\/wp\/v2\/media\/65691"}],"wp:attachment":[{"href":"https:\/\/noticiasribeiraopreto.com.br\/index.php\/wp-json\/wp\/v2\/media?parent=65690"}],"wp:term":[{"taxonomy":"category","embeddable":true,"href":"https:\/\/noticiasribeiraopreto.com.br\/index.php\/wp-json\/wp\/v2\/categories?post=65690"},{"taxonomy":"post_tag","embeddable":true,"href":"https:\/\/noticiasribeiraopreto.com.br\/index.php\/wp-json\/wp\/v2\/tags?post=65690"}],"curies":[{"name":"wp","href":"https:\/\/api.w.org\/{rel}","templated":true}]}}