{"id":65856,"date":"2025-03-25T10:34:38","date_gmt":"2025-03-25T13:34:38","guid":{"rendered":"https:\/\/noticiasribeiraopreto.com.br\/index.php\/2025\/03\/25\/conselho-nacional-de-educacao-estabelece-novas-diretrizes-para-uso-de-celulares-em-salas-de-aula\/"},"modified":"2025-03-25T10:34:38","modified_gmt":"2025-03-25T13:34:38","slug":"conselho-nacional-de-educacao-estabelece-novas-diretrizes-para-uso-de-celulares-em-salas-de-aula","status":"publish","type":"post","link":"https:\/\/noticiasribeiraopreto.com.br\/index.php\/2025\/03\/25\/conselho-nacional-de-educacao-estabelece-novas-diretrizes-para-uso-de-celulares-em-salas-de-aula\/","title":{"rendered":"Conselho Nacional de Educa\u00e7\u00e3o Estabelece Novas Diretrizes para Uso de Celulares em Salas de Aula"},"content":{"rendered":"<div class='code-block code-block-1' style='margin: 8px 0 8px auto; text-align: right; display: block; clear: both;'>\n<p><a href=\"https:\/\/wa.link\/vpicfd\"><img data-recalc-dims=\"1\" class=\"wp-image-4922\" style=\"aspect-ratio: 2.0253164556962027; width: 561px; height: auto;\" src=\"https:\/\/i0.wp.com\/ismaelcolosi.com.br\/wp-content\/uploads\/2023\/11\/grupo-de-empregos-whatsapp-e-facebook-ismael-colosi-vagas.jpg?ssl=1\" alt=\"\" \/><\/a><\/p>\n<!-- \/wp:image -->\n<\/div>\n<p> <br \/>\n<\/p>\n<div>\n<p class=\"\" data-start=\"214\" data-end=\"333\"><span class=\"relative -mx-px my-[-0.2rem] rounded px-px py-[0.2rem]\">O Conselho Nacional de Educa\u00e7\u00e3o (CNE) publicou, em 24 de mar\u00e7o de 2025, a Resolu\u00e7\u00e3o CNE\/CEB n\u00ba 2\/2025, estabelecendo diretrizes nacionais para o uso de celulares e outros dispositivos digitais em salas de aula.<\/span> <span class=\"relative -mx-px my-[-0.2rem] rounded px-px py-[0.2rem]\">O objetivo principal \u00e9 promover a sa\u00fade mental dos estudantes e orientar o uso pedag\u00f3gico desses aparelhos no ambiente escolar.<\/span>\u200b<\/p>\n<p class=\"\" data-start=\"335\" data-end=\"383\"><strong data-start=\"335\" data-end=\"383\">Diretrizes para o Ensino Fundamental e M\u00e9dio<\/strong><\/p>\n<ul data-start=\"385\" data-end=\"847\">\n<li class=\"\" data-start=\"385\" data-end=\"509\">\n<p class=\"\" data-start=\"387\" data-end=\"509\"><strong data-start=\"387\" data-end=\"427\">Uso Permitido para Fins Pedag\u00f3gicos:<\/strong> <span class=\"relative -mx-px my-[-0.2rem] rounded px-px py-[0.2rem]\">Estudantes do ensino fundamental e m\u00e9dio podem utilizar celulares e dispositivos digitais durante as aulas, exclusivamente para atividades pedag\u00f3gicas, sob a supervis\u00e3o de profissionais de educa\u00e7\u00e3o.<\/span><\/p>\n<\/li>\n<li class=\"\" data-start=\"511\" data-end=\"622\">\n<p class=\"\" data-start=\"513\" data-end=\"622\"><strong data-start=\"513\" data-end=\"540\">Proibi\u00e7\u00f5es Espec\u00edficas:<\/strong> <span class=\"relative -mx-px my-[-0.2rem] rounded px-px py-[0.2rem]\">\u00c9 vedado o uso desses aparelhos para outros fins, como redes sociais ou jogos, inclusive durante intervalos e fora das salas de aula.<\/span><\/p>\n<\/li>\n<li class=\"\" data-start=\"624\" data-end=\"730\">\n<p class=\"\" data-start=\"626\" data-end=\"730\"><strong data-start=\"626\" data-end=\"648\">Autonomia Gradual:<\/strong> <span class=\"relative -mx-px my-[-0.2rem] rounded px-px py-[0.2rem]\">As escolas devem respeitar o desenvolvimento de compet\u00eancias e habilidades dos estudantes, promovendo uma progress\u00e3o gradual na autonomia de uso desses dispositivos.<\/span><\/p>\n<\/li>\n<li class=\"\" data-start=\"732\" data-end=\"847\">\n<p class=\"\" data-start=\"734\" data-end=\"847\"><strong data-start=\"734\" data-end=\"763\">Crit\u00e9rios Institucionais:<\/strong> <span class=\"relative -mx-px my-[-0.2rem] rounded px-px py-[0.2rem]\">Cada institui\u00e7\u00e3o de ensino pode definir regras espec\u00edficas sobre o porte e armazenamento dos aparelhos durante o per\u00edodo escolar.<\/span>\u200b<\/p>\n<\/li>\n<\/ul>\n<p class=\"\" data-start=\"849\" data-end=\"889\"><strong data-start=\"849\" data-end=\"889\">Orienta\u00e7\u00f5es para a Educa\u00e7\u00e3o Infantil<\/strong><\/p>\n<ul data-start=\"891\" data-end=\"1005\">\n<li class=\"\" data-start=\"891\" data-end=\"1005\">\n<p class=\"\" data-start=\"893\" data-end=\"1005\"><strong data-start=\"893\" data-end=\"919\">Uso Restrito de Telas:<\/strong> <span class=\"relative -mx-px my-[-0.2rem] rounded px-px py-[0.2rem]\">Na educa\u00e7\u00e3o infantil, o uso de telas e dispositivos digitais n\u00e3o \u00e9 recomendado, sendo aceit\u00e1vel apenas em situa\u00e7\u00f5es excepcionais e sempre com media\u00e7\u00e3o direta de um professor.<\/span>\u200b<\/p>\n<\/li>\n<\/ul>\n<p class=\"\" data-start=\"1007\" data-end=\"1037\"><strong data-start=\"1007\" data-end=\"1037\">Iniciativas Complementares<\/strong><\/p>\n<ul data-start=\"1039\" data-end=\"1267\">\n<li class=\"\" data-start=\"1039\" data-end=\"1153\">\n<p class=\"\" data-start=\"1041\" data-end=\"1153\"><strong data-start=\"1041\" data-end=\"1067\">Capacita\u00e7\u00e3o e Suporte:<\/strong> <span class=\"relative -mx-px my-[-0.2rem] rounded px-px py-[0.2rem]\">Escolas e redes de ensino s\u00e3o incentivadas a oferecer capacita\u00e7\u00f5es e criar ambientes acolhedores que identifiquem sinais de sofrimento emocional, visando \u00e0 promo\u00e7\u00e3o da sa\u00fade mental dos estudantes.<\/span>\u200b<\/p>\n<\/li>\n<li class=\"\" data-start=\"1155\" data-end=\"1267\">\n<p class=\"\" data-start=\"1157\" data-end=\"1267\"><strong data-start=\"1157\" data-end=\"1181\">Forma\u00e7\u00e3o Continuada:<\/strong> <span class=\"relative -mx-px my-[-0.2rem] rounded px-px py-[0.2rem]\">H\u00e1 uma \u00eanfase na forma\u00e7\u00e3o cont\u00ednua de professores e profissionais da educa\u00e7\u00e3o para a implementa\u00e7\u00e3o eficaz do uso pedag\u00f3gico de dispositivos digitais.<\/span>\u200b<\/p>\n<\/li>\n<\/ul>\n<p class=\"\" data-start=\"1269\" data-end=\"1354\"><span class=\"relative -mx-px my-[-0.2rem] rounded px-px py-[0.2rem]\">Essas diretrizes fazem parte das a\u00e7\u00f5es da Estrat\u00e9gia Nacional Escolas Conectadas (Enec), que busca garantir a educa\u00e7\u00e3o e a cidadania digital nas escolas, utilizando a tecnologia de forma estrat\u00e9gica para potencializar o ensino e a aprendizagem, sempre com foco na prote\u00e7\u00e3o da sa\u00fade mental, f\u00edsica e ps\u00edquica de crian\u00e7as e adolescentes.<\/span>\u200b<\/p>\n<p>&#13;<br \/>\n\t\t\t\t<span class=\"post-views-icon dashicons dashicons-chart-bar\"\/> <span class=\"post-views-label\">Visualiza\u00e7\u00f5es:<\/span> <span class=\"post-views-count\">5<\/span>&#13;\n\t\t\t<\/p>\n<\/p><\/div>\n<p><br \/>\n<br \/><a href=\"https:\/\/folhaderibeirao.com.br\/2025\/03\/25\/conselho-nacional-de-educacao-estabelece-novas-diretrizes-para-uso-de-celulares-em-salas-de-aula\/\">Source link <\/a><\/p>\n<!-- CONTENT END 1 -->\n","protected":false},"excerpt":{"rendered":"<p>O Conselho Nacional de Educa\u00e7\u00e3o (CNE) publicou, em 24 de mar\u00e7o de 2025, a Resolu\u00e7\u00e3o CNE\/CEB n\u00ba 2\/2025, estabelecendo diretrizes nacionais para o uso de&#8230;<\/p>\n","protected":false},"author":1,"featured_media":65857,"comment_status":"open","ping_status":"open","sticky":false,"template":"","format":"standard","meta":{"advanced_seo_description":"","jetpack_seo_html_title":"","jetpack_seo_noindex":false,"jetpack_post_was_ever_published":false,"_jetpack_newsletter_access":"","_jetpack_dont_email_post_to_subs":false,"_jetpack_newsletter_tier_id":0,"_jetpack_memberships_contains_paywalled_content":false,"_jetpack_memberships_contains_paid_content":false,"footnotes":"","jetpack_publicize_message":"","jetpack_publicize_feature_enabled":true,"jetpack_social_post_already_shared":true,"jetpack_social_options":{"image_generator_settings":{"template":"highway","default_image_id":0,"font":"","enabled":false},"version":2}},"categories":[11],"tags":[2918,2473,1481,769,1033,2990,721,763,71,6328,3686],"class_list":["post-65856","post","type-post","status-publish","format-standard","has-post-thumbnail","hentry","category-noticias-de-ribeirao-preto-sp-e-regiao-ismael-colosi","tag-aula","tag-celulares","tag-conselho","tag-diretrizes","tag-educacao","tag-estabelece","tag-nacional","tag-novas","tag-para","tag-salas","tag-uso"],"jetpack_publicize_connections":[],"jetpack_featured_media_url":"https:\/\/i0.wp.com\/noticiasribeiraopreto.com.br\/wp-content\/uploads\/2025\/03\/pzzb9096.webp.webp?fit=1170%2C700&ssl=1","jetpack-related-posts":[{"id":65772,"url":"https:\/\/noticiasribeiraopreto.com.br\/index.php\/2025\/03\/24\/governo-publica-regras-para-uso-de-celulares-nas-escolas-entenda\/","url_meta":{"origin":65856,"position":0},"title":"Governo publica regras para uso de celulares nas escolas; Entenda","author":"noticiasribeiraopreto.com.br","date":"24 de March de 2025","format":false,"excerpt":"O CNE (Conselho Nacional de Educa\u00e7\u00e3o), vinculado ao Governo Federal, publicou, nesta segunda-feira (24) as Diretrizes Operacionais Nacionais sobre o uso de celulares nas escolas. Normas parecidas j\u00e1 haviam sido divulgadas pelo Governo de S\u00e3o Paulo. A resolu\u00e7\u00e3o autoriza o uso dos dispositivos digitais nas escolas por parte dos estudantes\u2026","rel":"","context":"In &quot;Not\u00edcias de Ribeir\u00e3o Preto-SP e Regi\u00e3o&quot;","block_context":{"text":"Not\u00edcias de Ribeir\u00e3o Preto-SP e Regi\u00e3o","link":"https:\/\/noticiasribeiraopreto.com.br\/index.php\/category\/noticias-de-ribeirao-preto-sp-e-regiao-ismael-colosi\/"},"img":{"alt_text":"","src":"https:\/\/i0.wp.com\/noticiasribeiraopreto.com.br\/wp-content\/uploads\/2025\/03\/celular-sala-de-aula_2025-03-24_14-44-56_jpg_2025-03-24_14-44-56.webp.webp?fit=1000%2C665&ssl=1&resize=350%2C200","width":350,"height":200,"srcset":"https:\/\/i0.wp.com\/noticiasribeiraopreto.com.br\/wp-content\/uploads\/2025\/03\/celular-sala-de-aula_2025-03-24_14-44-56_jpg_2025-03-24_14-44-56.webp.webp?fit=1000%2C665&ssl=1&resize=350%2C200 1x, https:\/\/i0.wp.com\/noticiasribeiraopreto.com.br\/wp-content\/uploads\/2025\/03\/celular-sala-de-aula_2025-03-24_14-44-56_jpg_2025-03-24_14-44-56.webp.webp?fit=1000%2C665&ssl=1&resize=525%2C300 1.5x, https:\/\/i0.wp.com\/noticiasribeiraopreto.com.br\/wp-content\/uploads\/2025\/03\/celular-sala-de-aula_2025-03-24_14-44-56_jpg_2025-03-24_14-44-56.webp.webp?fit=1000%2C665&ssl=1&resize=700%2C400 2x"},"classes":[]},{"id":65807,"url":"https:\/\/noticiasribeiraopreto.com.br\/index.php\/2025\/03\/24\/celular-proibido-professores-de-ribeirao-preto-notam-melhora-na-concentracao-dos-alunos\/","url_meta":{"origin":65856,"position":1},"title":"Celular proibido: Professores de Ribeir\u00e3o Preto notam melhora na concentra\u00e7\u00e3o dos alunos","author":"noticiasribeiraopreto.com.br","date":"24 de March de 2025","format":false,"excerpt":"Um levantamento realizado pela Secretaria da Educa\u00e7\u00e3o de Ribeir\u00e3o Preto aponta que 86% dos profissionais da rede municipal, incluindo os professores, coordenadores e gestores, notaram que houve aumento na concentra\u00e7\u00e3o e aten\u00e7\u00e3o dos alunos ap\u00f3s a proibi\u00e7\u00e3o dos celulares nas escolas. O estudo ainda aponta que 61% dos profissionais notaram\u2026","rel":"","context":"In &quot;Not\u00edcias de Ribeir\u00e3o Preto-SP e Regi\u00e3o&quot;","block_context":{"text":"Not\u00edcias de Ribeir\u00e3o Preto-SP e Regi\u00e3o","link":"https:\/\/noticiasribeiraopreto.com.br\/index.php\/category\/noticias-de-ribeirao-preto-sp-e-regiao-ismael-colosi\/"},"img":{"alt_text":"","src":"https:\/\/i0.wp.com\/noticiasribeiraopreto.com.br\/wp-content\/uploads\/2025\/03\/educacao-ribeirao-preto_2025-03-24_20-19-19_jpg_2025-03-24_20-19-19.webp.webp?fit=1200%2C798&ssl=1&resize=350%2C200","width":350,"height":200,"srcset":"https:\/\/i0.wp.com\/noticiasribeiraopreto.com.br\/wp-content\/uploads\/2025\/03\/educacao-ribeirao-preto_2025-03-24_20-19-19_jpg_2025-03-24_20-19-19.webp.webp?fit=1200%2C798&ssl=1&resize=350%2C200 1x, https:\/\/i0.wp.com\/noticiasribeiraopreto.com.br\/wp-content\/uploads\/2025\/03\/educacao-ribeirao-preto_2025-03-24_20-19-19_jpg_2025-03-24_20-19-19.webp.webp?fit=1200%2C798&ssl=1&resize=525%2C300 1.5x, https:\/\/i0.wp.com\/noticiasribeiraopreto.com.br\/wp-content\/uploads\/2025\/03\/educacao-ribeirao-preto_2025-03-24_20-19-19_jpg_2025-03-24_20-19-19.webp.webp?fit=1200%2C798&ssl=1&resize=700%2C400 2x, https:\/\/i0.wp.com\/noticiasribeiraopreto.com.br\/wp-content\/uploads\/2025\/03\/educacao-ribeirao-preto_2025-03-24_20-19-19_jpg_2025-03-24_20-19-19.webp.webp?fit=1200%2C798&ssl=1&resize=1050%2C600 3x"},"classes":[]},{"id":62423,"url":"https:\/\/noticiasribeiraopreto.com.br\/index.php\/2025\/01\/13\/sancionada-lei-que-limita-uso-de-celulares-nas-escolas-entenda-o-que-muda\/","url_meta":{"origin":65856,"position":2},"title":"Sancionada lei que limita uso de celulares nas escolas; entenda o que muda","author":"noticiasribeiraopreto.com.br","date":"13 de January de 2025","format":false,"excerpt":"O presidente Luiz In\u00e1cio Lula da Silva (PT) sancionou, sem vetos, o projeto de lei que restringe o uso de celulares nas escolas p\u00fablicas e privadas em todo o Brasil, nesta segunda-feira (13). A nova legisla\u00e7\u00e3o pro\u00edbe o uso de smartphones tanto durante as aulas quanto nos intervalos e recreios.\u2026","rel":"","context":"In &quot;Not\u00edcias de Ribeir\u00e3o Preto-SP e Regi\u00e3o&quot;","block_context":{"text":"Not\u00edcias de Ribeir\u00e3o Preto-SP e Regi\u00e3o","link":"https:\/\/noticiasribeiraopreto.com.br\/index.php\/category\/noticias-de-ribeirao-preto-sp-e-regiao-ismael-colosi\/"},"img":{"alt_text":"","src":"https:\/\/i0.wp.com\/noticiasribeiraopreto.com.br\/wp-content\/uploads\/2024\/11\/Copia-de-Copia-de-Copia-de-TAMANHO-EXATO-PARA-FOTOS-NO-SISTEMA-NOVO-89_2024-11-12_23-58-04_png_2024-11-12_23-58-04.webp.webp?fit=1200%2C675&ssl=1&resize=350%2C200","width":350,"height":200,"srcset":"https:\/\/i0.wp.com\/noticiasribeiraopreto.com.br\/wp-content\/uploads\/2024\/11\/Copia-de-Copia-de-Copia-de-TAMANHO-EXATO-PARA-FOTOS-NO-SISTEMA-NOVO-89_2024-11-12_23-58-04_png_2024-11-12_23-58-04.webp.webp?fit=1200%2C675&ssl=1&resize=350%2C200 1x, https:\/\/i0.wp.com\/noticiasribeiraopreto.com.br\/wp-content\/uploads\/2024\/11\/Copia-de-Copia-de-Copia-de-TAMANHO-EXATO-PARA-FOTOS-NO-SISTEMA-NOVO-89_2024-11-12_23-58-04_png_2024-11-12_23-58-04.webp.webp?fit=1200%2C675&ssl=1&resize=525%2C300 1.5x, https:\/\/i0.wp.com\/noticiasribeiraopreto.com.br\/wp-content\/uploads\/2024\/11\/Copia-de-Copia-de-Copia-de-TAMANHO-EXATO-PARA-FOTOS-NO-SISTEMA-NOVO-89_2024-11-12_23-58-04_png_2024-11-12_23-58-04.webp.webp?fit=1200%2C675&ssl=1&resize=700%2C400 2x, https:\/\/i0.wp.com\/noticiasribeiraopreto.com.br\/wp-content\/uploads\/2024\/11\/Copia-de-Copia-de-Copia-de-TAMANHO-EXATO-PARA-FOTOS-NO-SISTEMA-NOVO-89_2024-11-12_23-58-04_png_2024-11-12_23-58-04.webp.webp?fit=1200%2C675&ssl=1&resize=1050%2C600 3x"},"classes":[]},{"id":61216,"url":"https:\/\/noticiasribeiraopreto.com.br\/index.php\/2024\/12\/06\/lei-que-proibe-celulares-em-escolas-do-estado-de-sp-e-sancionada-veja-o-que-muda\/","url_meta":{"origin":65856,"position":3},"title":"Lei que pro\u00edbe celulares em escolas do estado de SP \u00e9 sancionada; Veja o que muda","author":"noticiasribeiraopreto.com.br","date":"6 de December de 2024","format":false,"excerpt":"O governador Tarc\u00edsio de Freitas (REP) sancionou na \u00faltima quinta-feira (5) a lei que pro\u00edbe celulares nas escolas p\u00fablicas e particulares do Estado de S\u00e3o Paulo. As novas regras para o uso de dispositivos eletr\u00f4nicos com acesso \u00e0 internet em unidades escolares passam a valer a partir do ano letivo\u2026","rel":"","context":"In &quot;Not\u00edcias de Ribeir\u00e3o Preto-SP e Regi\u00e3o&quot;","block_context":{"text":"Not\u00edcias de Ribeir\u00e3o Preto-SP e Regi\u00e3o","link":"https:\/\/noticiasribeiraopreto.com.br\/index.php\/category\/noticias-de-ribeirao-preto-sp-e-regiao-ismael-colosi\/"},"img":{"alt_text":"","src":"https:\/\/i0.wp.com\/noticiasribeiraopreto.com.br\/wp-content\/uploads\/2024\/06\/AnyConv.com__hands-1851218_1280.webp.webp?fit=1200%2C800&ssl=1&resize=350%2C200","width":350,"height":200,"srcset":"https:\/\/i0.wp.com\/noticiasribeiraopreto.com.br\/wp-content\/uploads\/2024\/06\/AnyConv.com__hands-1851218_1280.webp.webp?fit=1200%2C800&ssl=1&resize=350%2C200 1x, https:\/\/i0.wp.com\/noticiasribeiraopreto.com.br\/wp-content\/uploads\/2024\/06\/AnyConv.com__hands-1851218_1280.webp.webp?fit=1200%2C800&ssl=1&resize=525%2C300 1.5x, https:\/\/i0.wp.com\/noticiasribeiraopreto.com.br\/wp-content\/uploads\/2024\/06\/AnyConv.com__hands-1851218_1280.webp.webp?fit=1200%2C800&ssl=1&resize=700%2C400 2x, https:\/\/i0.wp.com\/noticiasribeiraopreto.com.br\/wp-content\/uploads\/2024\/06\/AnyConv.com__hands-1851218_1280.webp.webp?fit=1200%2C800&ssl=1&resize=1050%2C600 3x"},"classes":[]},{"id":63100,"url":"https:\/\/noticiasribeiraopreto.com.br\/index.php\/2025\/02\/02\/estudantes-das-escolas-publicas-de-ribeirao-preto-voltam-as-aulas-nesta-semana\/","url_meta":{"origin":65856,"position":4},"title":"Estudantes das escolas p\u00fablicas de Ribeir\u00e3o Preto voltam \u00e0s aulas nesta semana","author":"noticiasribeiraopreto.com.br","date":"2 de February de 2025","format":false,"excerpt":"Os estudantes das escolas p\u00fablicas de Ribeir\u00e3o Preto voltam \u00e0s aulas nesta semana. O ano letivo na rede estadual de S\u00e3o Paulo come\u00e7a nesta segunda-feira (3), j\u00e1 na rede municipal de Ribeir\u00e3o Preto as aulas come\u00e7am na quarta-feira (5). De acordo com a Secretaria Municipal da Educa\u00e7\u00e3o, a rede deve\u2026","rel":"","context":"In &quot;Not\u00edcias de Ribeir\u00e3o Preto-SP e Regi\u00e3o&quot;","block_context":{"text":"Not\u00edcias de Ribeir\u00e3o Preto-SP e Regi\u00e3o","link":"https:\/\/noticiasribeiraopreto.com.br\/index.php\/category\/noticias-de-ribeirao-preto-sp-e-regiao-ismael-colosi\/"},"img":{"alt_text":"","src":"https:\/\/i0.wp.com\/noticiasribeiraopreto.com.br\/wp-content\/uploads\/2025\/02\/escola-fernando-gonzaga_2025-02-02_21-25-46_jpg_2025-02-02_21-25-46.webp.webp?fit=1200%2C800&ssl=1&resize=350%2C200","width":350,"height":200,"srcset":"https:\/\/i0.wp.com\/noticiasribeiraopreto.com.br\/wp-content\/uploads\/2025\/02\/escola-fernando-gonzaga_2025-02-02_21-25-46_jpg_2025-02-02_21-25-46.webp.webp?fit=1200%2C800&ssl=1&resize=350%2C200 1x, https:\/\/i0.wp.com\/noticiasribeiraopreto.com.br\/wp-content\/uploads\/2025\/02\/escola-fernando-gonzaga_2025-02-02_21-25-46_jpg_2025-02-02_21-25-46.webp.webp?fit=1200%2C800&ssl=1&resize=525%2C300 1.5x, https:\/\/i0.wp.com\/noticiasribeiraopreto.com.br\/wp-content\/uploads\/2025\/02\/escola-fernando-gonzaga_2025-02-02_21-25-46_jpg_2025-02-02_21-25-46.webp.webp?fit=1200%2C800&ssl=1&resize=700%2C400 2x, https:\/\/i0.wp.com\/noticiasribeiraopreto.com.br\/wp-content\/uploads\/2025\/02\/escola-fernando-gonzaga_2025-02-02_21-25-46_jpg_2025-02-02_21-25-46.webp.webp?fit=1200%2C800&ssl=1&resize=1050%2C600 3x"},"classes":[]},{"id":77897,"url":"https:\/\/noticiasribeiraopreto.com.br\/index.php\/2025\/09\/28\/professores-de-arte-de-ribeirao-preto-contestam-reducao-de-aulas-no-ensino-fundamental-entenda\/","url_meta":{"origin":65856,"position":5},"title":"Professores de arte de Ribeir\u00e3o Preto contestam redu\u00e7\u00e3o de aulas no Ensino Fundamental; Entenda","author":"noticiasribeiraopreto.com.br","date":"28 de September de 2025","format":false,"excerpt":"Professores de arte da rede municipal de Ribeir\u00e3o Preto divulgaram, em carta aberta, posi\u00e7\u00e3o contr\u00e1ria \u00e0 resolu\u00e7\u00e3o publicada em 27 de agosto de 2025 o Di\u00e1rio Oficial do Munic\u00edpio. O documento reduz de tr\u00eas para duas as aulas semanais de arte no Ensino Fundamental I e promove altera\u00e7\u00f5es em outros\u2026","rel":"","context":"In &quot;Not\u00edcias de Ribeir\u00e3o Preto-SP e Regi\u00e3o&quot;","block_context":{"text":"Not\u00edcias de Ribeir\u00e3o Preto-SP e Regi\u00e3o","link":"https:\/\/noticiasribeiraopreto.com.br\/index.php\/category\/noticias-de-ribeirao-preto-sp-e-regiao-ismael-colosi\/"},"img":{"alt_text":"","src":"https:\/\/i0.wp.com\/noticiasribeiraopreto.com.br\/wp-content\/uploads\/2025\/09\/AnyConv.com__sala-de-aulas.webp.webp?fit=1170%2C779&ssl=1&resize=350%2C200","width":350,"height":200,"srcset":"https:\/\/i0.wp.com\/noticiasribeiraopreto.com.br\/wp-content\/uploads\/2025\/09\/AnyConv.com__sala-de-aulas.webp.webp?fit=1170%2C779&ssl=1&resize=350%2C200 1x, https:\/\/i0.wp.com\/noticiasribeiraopreto.com.br\/wp-content\/uploads\/2025\/09\/AnyConv.com__sala-de-aulas.webp.webp?fit=1170%2C779&ssl=1&resize=525%2C300 1.5x, https:\/\/i0.wp.com\/noticiasribeiraopreto.com.br\/wp-content\/uploads\/2025\/09\/AnyConv.com__sala-de-aulas.webp.webp?fit=1170%2C779&ssl=1&resize=700%2C400 2x, https:\/\/i0.wp.com\/noticiasribeiraopreto.com.br\/wp-content\/uploads\/2025\/09\/AnyConv.com__sala-de-aulas.webp.webp?fit=1170%2C779&ssl=1&resize=1050%2C600 3x"},"classes":[]}],"jetpack_sharing_enabled":true,"jetpack_shortlink":"https:\/\/wp.me\/peQAOb-h8c","_links":{"self":[{"href":"https:\/\/noticiasribeiraopreto.com.br\/index.php\/wp-json\/wp\/v2\/posts\/65856","targetHints":{"allow":["GET"]}}],"collection":[{"href":"https:\/\/noticiasribeiraopreto.com.br\/index.php\/wp-json\/wp\/v2\/posts"}],"about":[{"href":"https:\/\/noticiasribeiraopreto.com.br\/index.php\/wp-json\/wp\/v2\/types\/post"}],"author":[{"embeddable":true,"href":"https:\/\/noticiasribeiraopreto.com.br\/index.php\/wp-json\/wp\/v2\/users\/1"}],"replies":[{"embeddable":true,"href":"https:\/\/noticiasribeiraopreto.com.br\/index.php\/wp-json\/wp\/v2\/comments?post=65856"}],"version-history":[{"count":0,"href":"https:\/\/noticiasribeiraopreto.com.br\/index.php\/wp-json\/wp\/v2\/posts\/65856\/revisions"}],"wp:featuredmedia":[{"embeddable":true,"href":"https:\/\/noticiasribeiraopreto.com.br\/index.php\/wp-json\/wp\/v2\/media\/65857"}],"wp:attachment":[{"href":"https:\/\/noticiasribeiraopreto.com.br\/index.php\/wp-json\/wp\/v2\/media?parent=65856"}],"wp:term":[{"taxonomy":"category","embeddable":true,"href":"https:\/\/noticiasribeiraopreto.com.br\/index.php\/wp-json\/wp\/v2\/categories?post=65856"},{"taxonomy":"post_tag","embeddable":true,"href":"https:\/\/noticiasribeiraopreto.com.br\/index.php\/wp-json\/wp\/v2\/tags?post=65856"}],"curies":[{"name":"wp","href":"https:\/\/api.w.org\/{rel}","templated":true}]}}