{"id":65858,"date":"2025-03-25T10:38:45","date_gmt":"2025-03-25T13:38:45","guid":{"rendered":"https:\/\/noticiasribeiraopreto.com.br\/index.php\/2025\/03\/25\/brasil-enfrenta-argentina-nas-eliminatorias-com-desfalques-significativos\/"},"modified":"2025-03-25T10:38:45","modified_gmt":"2025-03-25T13:38:45","slug":"brasil-enfrenta-argentina-nas-eliminatorias-com-desfalques-significativos","status":"publish","type":"post","link":"https:\/\/noticiasribeiraopreto.com.br\/index.php\/2025\/03\/25\/brasil-enfrenta-argentina-nas-eliminatorias-com-desfalques-significativos\/","title":{"rendered":"Brasil Enfrenta Argentina nas Eliminat\u00f3rias com Desfalques Significativos"},"content":{"rendered":"<div class='code-block code-block-1' style='margin: 8px 0 8px auto; text-align: right; display: block; clear: both;'>\n<p><a href=\"https:\/\/wa.link\/vpicfd\"><img data-recalc-dims=\"1\" class=\"wp-image-4922\" style=\"aspect-ratio: 2.0253164556962027; width: 561px; height: auto;\" src=\"https:\/\/i0.wp.com\/ismaelcolosi.com.br\/wp-content\/uploads\/2023\/11\/grupo-de-empregos-whatsapp-e-facebook-ismael-colosi-vagas.jpg?ssl=1\" alt=\"\" \/><\/a><\/p>\n<!-- \/wp:image -->\n<\/div>\n<p> <br \/>\n<\/p>\n<div>\n<p class=\"\" data-start=\"162\" data-end=\"281\"><span class=\"relative -mx-px my-[-0.2rem] rounded px-px py-[0.2rem]\">Nesta ter\u00e7a-feira, 25 de mar\u00e7o de 2025, \u00e0s 21h (hor\u00e1rio de Bras\u00edlia), a Sele\u00e7\u00e3o Brasileira enfrentar\u00e1 a Argentina no est\u00e1dio Monumental de Nu\u00f1ez, em Buenos Aires, pela 14\u00aa rodada das Eliminat\u00f3rias Sul-Americanas para a Copa do Mundo de 2026.<\/span> <span class=\"relative -mx-px my-[-0.2rem] rounded px-px py-[0.2rem]\">O t\u00e9cnico Dorival J\u00fanior ter\u00e1 que lidar com importantes desfalques para este confronto.<\/span><\/p>\n<p class=\"\" data-start=\"283\" data-end=\"321\"><strong data-start=\"283\" data-end=\"321\">Desfalques e Mudan\u00e7as na Escala\u00e7\u00e3o<\/strong><\/p>\n<p class=\"\" data-start=\"323\" data-end=\"518\"><span class=\"relative -mx-px my-[-0.2rem] rounded px-px py-[0.2rem]\">O goleiro Alisson foi cortado ap\u00f3s sofrer uma concuss\u00e3o na vit\u00f3ria por 2 a 1 sobre a Col\u00f4mbia na \u00faltima rodada.<\/span> <span class=\"relative -mx-px my-[-0.2rem] rounded px-px py-[0.2rem]\">Al\u00e9m dele, o meio-campista Gerson est\u00e1 fora devido a uma les\u00e3o na coxa esquerda.<\/span> <span class=\"relative -mx-px my-[-0.2rem] rounded px-px py-[0.2rem]\">O zagueiro Gabriel Magalh\u00e3es e o volante Bruno Guimar\u00e3es cumprem suspens\u00e3o por ac\u00famulo de cart\u00f5es amarelos.<\/span> <span class=\"relative -mx-px my-[-0.2rem] rounded px-px py-[0.2rem]\">Diante dessas aus\u00eancias, Dorival J\u00fanior promover\u00e1 seis mudan\u00e7as na equipe titular:<\/span>\u200b<\/p>\n<p class=\"\" data-start=\"323\" data-end=\"518\"><strong data-start=\"522\" data-end=\"531\">Bento<\/strong> assume a posi\u00e7\u00e3o de goleiro no lugar de Alisson.<\/p>\n<ul data-start=\"520\" data-end=\"847\">\n<li class=\"\" data-start=\"581\" data-end=\"640\">\n<p class=\"\" data-start=\"583\" data-end=\"640\"><strong data-start=\"583\" data-end=\"594\">Murillo<\/strong> entra na zaga substituindo Gabriel Magalh\u00e3es.<\/p>\n<\/li>\n<li class=\"\" data-start=\"641\" data-end=\"699\">\n<p class=\"\" data-start=\"643\" data-end=\"699\"><strong data-start=\"643\" data-end=\"652\">Andr\u00e9<\/strong> ocupa o meio-campo na vaga de Bruno Guimar\u00e3es.<\/p>\n<\/li>\n<li class=\"\" data-start=\"700\" data-end=\"733\">\n<p class=\"\" data-start=\"702\" data-end=\"733\"><strong data-start=\"702\" data-end=\"715\">Joelinton<\/strong> substitui Gerson.<\/p>\n<\/li>\n<li class=\"\" data-start=\"734\" data-end=\"847\">\n<p class=\"\" data-start=\"736\" data-end=\"847\"><strong data-start=\"736\" data-end=\"746\">Wesley<\/strong> e <strong data-start=\"749\" data-end=\"766\">Matheus Cunha<\/strong> entram por op\u00e7\u00e3o t\u00e9cnica nos lugares de Vanderson e Jo\u00e3o Pedro, respectivamente.<\/p>\n<\/li>\n<\/ul>\n<p class=\"\" data-start=\"849\" data-end=\"930\"><span class=\"relative -mx-px my-[-0.2rem] rounded px-px py-[0.2rem]\">A prov\u00e1vel escala\u00e7\u00e3o do Brasil para o cl\u00e1ssico \u00e9: Bento; Wesley, Marquinhos, Murillo e Guilherme Arana; Andr\u00e9, Joelinton e Rodrygo; Raphinha, Vin\u00edcius J\u00fanior e Matheus Cunha.<\/span>\u200b<\/p>\n<p class=\"\" data-start=\"932\" data-end=\"961\"><strong data-start=\"932\" data-end=\"961\">Prepara\u00e7\u00e3o e Expectativas<\/strong><\/p>\n<p class=\"\" data-start=\"963\" data-end=\"1088\"><span class=\"relative -mx-px my-[-0.2rem] rounded px-px py-[0.2rem]\">Apesar dos desfalques, a Sele\u00e7\u00e3o Brasileira vem embalada pela vit\u00f3ria contra a Col\u00f4mbia e busca manter o ritmo para enfrentar a l\u00edder das eliminat\u00f3rias, Argentina.<\/span> <span class=\"relative -mx-px my-[-0.2rem] rounded px-px py-[0.2rem]\">O t\u00e9cnico Dorival J\u00fanior enfatizou a import\u00e2ncia do respeito ao advers\u00e1rio, mas destacou o objetivo de conquistar um resultado positivo:<\/span>\u200b<\/p>\n<blockquote data-start=\"1090\" data-end=\"1177\">\n<p class=\"\" data-start=\"1092\" data-end=\"1177\"><span class=\"relative -mx-px my-[-0.2rem] rounded px-px py-[0.2rem]\">\u201c\u00c9 um grande cl\u00e1ssico do futebol mundial. Vai existir a luta em campo, mas vai existir acima de tudo o respeito entre as duas equipes, e n\u00f3s vamos buscar jogar futebol.\u201d<\/span>\u200b<\/p>\n<\/blockquote>\n<p class=\"\" data-start=\"1179\" data-end=\"1214\"><strong data-start=\"1179\" data-end=\"1214\">Desfalques na Sele\u00e7\u00e3o Argentina<\/strong><\/p>\n<p class=\"\" data-start=\"1216\" data-end=\"1461\"><span class=\"relative -mx-px my-[-0.2rem] rounded px-px py-[0.2rem]\">A Argentina tamb\u00e9m enfrenta problemas com desfalques importantes.<\/span> <span class=\"relative -mx-px my-[-0.2rem] rounded px-px py-[0.2rem]\">O principal deles \u00e9 Lionel Messi, que, devido a uma les\u00e3o, n\u00e3o foi convocado pelo t\u00e9cnico Lionel Scaloni.<\/span> <span class=\"relative -mx-px my-[-0.2rem] rounded px-px py-[0.2rem]\">Al\u00e9m dele, o atacante Lautaro Mart\u00ednez tamb\u00e9m est\u00e1 fora por les\u00e3o na coxa esquerda.<\/span> <span class=\"relative -mx-px my-[-0.2rem] rounded px-px py-[0.2rem]\">Por outro lado, o volante Rodrigo De Paul retorna \u00e0 equipe titular ap\u00f3s se recuperar de uma sobrecarga muscular.<\/span> <span class=\"relative -mx-px my-[-0.2rem] rounded px-px py-[0.2rem]\">A prov\u00e1vel escala\u00e7\u00e3o argentina inclui: Dibu Mart\u00ednez; Tagliafico, Otamendi, Romero e Molina; Enzo Fern\u00e1ndez, Mac Allister e Rodrigo De Paul; Thiago Almada, Juli\u00e1n \u00c1lvarez e Giovanni Simeone.<\/span>\u200b<\/p>\n<p class=\"\" data-start=\"1463\" data-end=\"1485\"><strong data-start=\"1463\" data-end=\"1485\">Confronto Decisivo<\/strong><\/p>\n<p class=\"\" data-start=\"1487\" data-end=\"1652\"><span class=\"relative -mx-px my-[-0.2rem] rounded px-px py-[0.2rem]\">Este cl\u00e1ssico sul-americano \u00e9 crucial para ambas as sele\u00e7\u00f5es nas eliminat\u00f3rias.<\/span> <span class=\"relative -mx-px my-[-0.2rem] rounded px-px py-[0.2rem]\">A Argentina lidera a competi\u00e7\u00e3o com 28 pontos, enquanto o Brasil ocupa a terceira posi\u00e7\u00e3o com 21 pontos.<\/span> <span class=\"relative -mx-px my-[-0.2rem] rounded px-px py-[0.2rem]\">Uma vit\u00f3ria brasileira em Buenos Aires seria significativa para a busca por uma vaga na Copa do Mundo de 2026.<\/span>\u200b<\/p>\n<p class=\"\" data-start=\"1654\" data-end=\"1739\"><span class=\"relative -mx-px my-[-0.2rem] rounded px-px py-[0.2rem]\">A partida ser\u00e1 transmitida ao vivo pela R\u00e1dio Nacional, permitindo que os torcedores acompanhem todos os detalhes deste confronto hist\u00f3rico.<\/span>\u200b<\/p>\n<p>&#13;<br \/>\n\t\t\t\t<span class=\"post-views-icon dashicons dashicons-chart-bar\"\/> <span class=\"post-views-label\">Visualiza\u00e7\u00f5es:<\/span> <span class=\"post-views-count\">3<\/span>&#13;\n\t\t\t<\/p>\n<\/p><\/div>\n<p><br \/>\n<br \/><a href=\"https:\/\/folhaderibeirao.com.br\/2025\/03\/25\/brasil-enfrenta-argentina-nas-eliminatorias-com-desfalques-significativos\/\">Source link <\/a><\/p>\n<!-- CONTENT END 1 -->\n","protected":false},"excerpt":{"rendered":"<p>Nesta ter\u00e7a-feira, 25 de mar\u00e7o de 2025, \u00e0s 21h (hor\u00e1rio de Bras\u00edlia), a Sele\u00e7\u00e3o Brasileira enfrentar\u00e1 a Argentina no est\u00e1dio Monumental de Nu\u00f1ez, em Buenos&#8230;<\/p>\n","protected":false},"author":1,"featured_media":65859,"comment_status":"open","ping_status":"open","sticky":false,"template":"","format":"standard","meta":{"advanced_seo_description":"","jetpack_seo_html_title":"","jetpack_seo_noindex":false,"jetpack_post_was_ever_published":false,"_jetpack_newsletter_access":"","_jetpack_dont_email_post_to_subs":false,"_jetpack_newsletter_tier_id":0,"_jetpack_memberships_contains_paywalled_content":false,"_jetpack_memberships_contains_paid_content":false,"footnotes":"","jetpack_publicize_message":"","jetpack_publicize_feature_enabled":true,"jetpack_social_post_already_shared":true,"jetpack_social_options":{"image_generator_settings":{"template":"highway","default_image_id":0,"font":"","enabled":false},"version":2}},"categories":[11],"tags":[489,137,6329,5968,3001,104,6330],"class_list":["post-65858","post","type-post","status-publish","format-standard","has-post-thumbnail","hentry","category-noticias-de-ribeirao-preto-sp-e-regiao-ismael-colosi","tag-argentina","tag-brasil","tag-desfalques","tag-eliminatorias","tag-enfrenta","tag-nas","tag-significativos"],"jetpack_publicize_connections":[],"jetpack_featured_media_url":"https:\/\/i0.wp.com\/noticiasribeiraopreto.com.br\/wp-content\/uploads\/2025\/03\/53347766306_790eabe272_o.webp.webp?fit=1170%2C700&ssl=1","jetpack-related-posts":[{"id":65938,"url":"https:\/\/noticiasribeiraopreto.com.br\/index.php\/2025\/03\/26\/brasil-sofre-derrota-acachapante-para-a-argentina-por-4-a-1-nas-eliminatorias\/","url_meta":{"origin":65858,"position":0},"title":"Brasil Sofre Derrota Acachapante para a Argentina por 4 a 1 nas Eliminat\u00f3rias","author":"noticiasribeiraopreto.com.br","date":"26 de March de 2025","format":false,"excerpt":"Em uma noite para ser esquecida, a Sele\u00e7\u00e3o Brasileira foi goleada por 4 a 1 pela Argentina no Est\u00e1dio Monumental de N\u00fa\u00f1ez, em Buenos Aires, pela 14\u00aa rodada das Eliminat\u00f3rias Sul-Americanas para a Copa do Mundo de 2026. Com esse resultado, o Brasil permanece com 21 pontos, ocupando a quarta\u2026","rel":"","context":"In &quot;Not\u00edcias de Ribeir\u00e3o Preto-SP e Regi\u00e3o&quot;","block_context":{"text":"Not\u00edcias de Ribeir\u00e3o Preto-SP e Regi\u00e3o","link":"https:\/\/noticiasribeiraopreto.com.br\/index.php\/category\/noticias-de-ribeirao-preto-sp-e-regiao-ismael-colosi\/"},"img":{"alt_text":"","src":"https:\/\/i0.wp.com\/noticiasribeiraopreto.com.br\/wp-content\/uploads\/2025\/03\/2025-03-26t001932z_1878975296_up1el3q00wi5k_rtrmadp_3_soccer-worldcup-arg-bra-report.webp.webp?fit=1170%2C700&ssl=1&resize=350%2C200","width":350,"height":200,"srcset":"https:\/\/i0.wp.com\/noticiasribeiraopreto.com.br\/wp-content\/uploads\/2025\/03\/2025-03-26t001932z_1878975296_up1el3q00wi5k_rtrmadp_3_soccer-worldcup-arg-bra-report.webp.webp?fit=1170%2C700&ssl=1&resize=350%2C200 1x, https:\/\/i0.wp.com\/noticiasribeiraopreto.com.br\/wp-content\/uploads\/2025\/03\/2025-03-26t001932z_1878975296_up1el3q00wi5k_rtrmadp_3_soccer-worldcup-arg-bra-report.webp.webp?fit=1170%2C700&ssl=1&resize=525%2C300 1.5x, https:\/\/i0.wp.com\/noticiasribeiraopreto.com.br\/wp-content\/uploads\/2025\/03\/2025-03-26t001932z_1878975296_up1el3q00wi5k_rtrmadp_3_soccer-worldcup-arg-bra-report.webp.webp?fit=1170%2C700&ssl=1&resize=700%2C400 2x, https:\/\/i0.wp.com\/noticiasribeiraopreto.com.br\/wp-content\/uploads\/2025\/03\/2025-03-26t001932z_1878975296_up1el3q00wi5k_rtrmadp_3_soccer-worldcup-arg-bra-report.webp.webp?fit=1170%2C700&ssl=1&resize=1050%2C600 3x"},"classes":[]},{"id":70268,"url":"https:\/\/noticiasribeiraopreto.com.br\/index.php\/2025\/05\/24\/sao-paulo-tera-desfalques-importantes-em-duelo-contra-mirassol\/","url_meta":{"origin":65858,"position":1},"title":"S\u00e3o Paulo ter\u00e1 desfalques importantes em duelo contra Mirassol\u00a0\u00a0","author":"noticiasribeiraopreto.com.br","date":"24 de May de 2025","format":false,"excerpt":"24 de maio de 2025 12:3024 de maio de 2025 12:288 Compartilhar0 Por Otavio Gentil\u00a0 O S\u00e3o Paulo recebe o Mirassol neste s\u00e1bado (24), \u00e0s 18h30, no Morumbis, pela 10\u00aa rodada do Brasileir\u00e3o. Sem o t\u00e9cnico Luis Zubeld\u00eda, suspenso pelo STJD, o Tricolor tenta a segunda vit\u00f3ria consecutiva, (venceu o\u2026","rel":"","context":"In &quot;Not\u00edcias de Ribeir\u00e3o Preto-SP e Regi\u00e3o&quot;","block_context":{"text":"Not\u00edcias de Ribeir\u00e3o Preto-SP e Regi\u00e3o","link":"https:\/\/noticiasribeiraopreto.com.br\/index.php\/category\/noticias-de-ribeirao-preto-sp-e-regiao-ismael-colosi\/"},"img":{"alt_text":"","src":"","width":0,"height":0},"classes":[]},{"id":66344,"url":"https:\/\/noticiasribeiraopreto.com.br\/index.php\/2025\/03\/31\/cbf-demite-dorival-junior-apos-derrota-para-a-argentina-nas-eliminatorias\/","url_meta":{"origin":65858,"position":2},"title":"CBF Demite Dorival J\u00fanior Ap\u00f3s Derrota para a Argentina nas Eliminat\u00f3rias","author":"noticiasribeiraopreto.com.br","date":"31 de March de 2025","format":false,"excerpt":"A Confedera\u00e7\u00e3o Brasileira de Futebol (CBF) anunciou nesta sexta-feira (28) a demiss\u00e3o de Dorival J\u00fanior do cargo de t\u00e9cnico da sele\u00e7\u00e3o brasileira. A decis\u00e3o ocorre ap\u00f3s a goleada sofrida para a Argentina por 4 a 1, em Buenos Aires, pela 14\u00aa rodada das Eliminat\u00f3rias para a Copa do Mundo de\u2026","rel":"","context":"In &quot;Not\u00edcias de Ribeir\u00e3o Preto-SP e Regi\u00e3o&quot;","block_context":{"text":"Not\u00edcias de Ribeir\u00e3o Preto-SP e Regi\u00e3o","link":"https:\/\/noticiasribeiraopreto.com.br\/index.php\/category\/noticias-de-ribeirao-preto-sp-e-regiao-ismael-colosi\/"},"img":{"alt_text":"","src":"https:\/\/i0.wp.com\/noticiasribeiraopreto.com.br\/wp-content\/uploads\/2025\/03\/whatsapp_image_2025-03-19_at_16.46.51_1.webp.webp?fit=1170%2C700&ssl=1&resize=350%2C200","width":350,"height":200,"srcset":"https:\/\/i0.wp.com\/noticiasribeiraopreto.com.br\/wp-content\/uploads\/2025\/03\/whatsapp_image_2025-03-19_at_16.46.51_1.webp.webp?fit=1170%2C700&ssl=1&resize=350%2C200 1x, https:\/\/i0.wp.com\/noticiasribeiraopreto.com.br\/wp-content\/uploads\/2025\/03\/whatsapp_image_2025-03-19_at_16.46.51_1.webp.webp?fit=1170%2C700&ssl=1&resize=525%2C300 1.5x, https:\/\/i0.wp.com\/noticiasribeiraopreto.com.br\/wp-content\/uploads\/2025\/03\/whatsapp_image_2025-03-19_at_16.46.51_1.webp.webp?fit=1170%2C700&ssl=1&resize=700%2C400 2x, https:\/\/i0.wp.com\/noticiasribeiraopreto.com.br\/wp-content\/uploads\/2025\/03\/whatsapp_image_2025-03-19_at_16.46.51_1.webp.webp?fit=1170%2C700&ssl=1&resize=1050%2C600 3x"},"classes":[]},{"id":76763,"url":"https:\/\/noticiasribeiraopreto.com.br\/index.php\/2025\/09\/05\/brasil-joga-bem-no-maracana-e-derrota-chile-pelas-eliminatorias\/","url_meta":{"origin":65858,"position":3},"title":"Brasil joga bem no Maracan\u00e3 e derrota Chile pelas Eliminat\u00f3rias","author":"noticiasribeiraopreto.com.br","date":"5 de September de 2025","format":false,"excerpt":"5 de setembro de 2025 01:513 Compartilhar0 Est\u00eav\u00e3o, Lucas Paquet\u00e1 e Bruno Guimar\u00e3es marcaram os gols da sele\u00e7\u00e3o Na \u00faltima atua\u00e7\u00e3o diante da torcida brasileira pelas Eliminat\u00f3rias Sul-Americanas para a Copa do Mundo, o Brasil derrotou o Chile por 3 a 0, na noite desta quinta-feira (4) no est\u00e1dio do\u2026","rel":"","context":"In &quot;Not\u00edcias de Ribeir\u00e3o Preto-SP e Regi\u00e3o&quot;","block_context":{"text":"Not\u00edcias de Ribeir\u00e3o Preto-SP e Regi\u00e3o","link":"https:\/\/noticiasribeiraopreto.com.br\/index.php\/category\/noticias-de-ribeirao-preto-sp-e-regiao-ismael-colosi\/"},"img":{"alt_text":"","src":"https:\/\/i0.wp.com\/noticiasribeiraopreto.com.br\/wp-content\/uploads\/2025\/09\/Estevao-Reuters-Sergio-Moraes-.webp.webp?fit=1170%2C700&ssl=1&resize=350%2C200","width":350,"height":200,"srcset":"https:\/\/i0.wp.com\/noticiasribeiraopreto.com.br\/wp-content\/uploads\/2025\/09\/Estevao-Reuters-Sergio-Moraes-.webp.webp?fit=1170%2C700&ssl=1&resize=350%2C200 1x, https:\/\/i0.wp.com\/noticiasribeiraopreto.com.br\/wp-content\/uploads\/2025\/09\/Estevao-Reuters-Sergio-Moraes-.webp.webp?fit=1170%2C700&ssl=1&resize=525%2C300 1.5x, https:\/\/i0.wp.com\/noticiasribeiraopreto.com.br\/wp-content\/uploads\/2025\/09\/Estevao-Reuters-Sergio-Moraes-.webp.webp?fit=1170%2C700&ssl=1&resize=700%2C400 2x, https:\/\/i0.wp.com\/noticiasribeiraopreto.com.br\/wp-content\/uploads\/2025\/09\/Estevao-Reuters-Sergio-Moraes-.webp.webp?fit=1170%2C700&ssl=1&resize=1050%2C600 3x"},"classes":[]},{"id":9961,"url":"https:\/\/noticiasribeiraopreto.com.br\/index.php\/2023\/12\/03\/palmeiras-joga-pelo-titulo-do-brasileirao-santos-para-escapar-do-rebaixamento\/","url_meta":{"origin":65858,"position":4},"title":"Palmeiras joga pelo t\u00edtulo do Brasileir\u00e3o; Santos para escapar do rebaixamento\u00a0\u00a0","author":"noticiasribeiraopreto.com.br","date":"3 de December de 2023","format":false,"excerpt":"Depois de ver o Botafogo liderar a competi\u00e7\u00e3o por diversas rodadas, o Palmeiras pode ser campe\u00e3o brasileiro neste domingo. Por isso, o Tribuna Ribeir\u00e3o elencou os cen\u00e1rios necess\u00e1rios para que o Verd\u00e3o erga a ta\u00e7a nesta rodada.\u00a0\u00a0Atualmente o time de Abel Ferreira tem 66 pontos e \u00e9 o l\u00edder. Botafogo,\u2026","rel":"","context":"In &quot;Not\u00edcias de Ribeir\u00e3o Preto-SP e Regi\u00e3o&quot;","block_context":{"text":"Not\u00edcias de Ribeir\u00e3o Preto-SP e Regi\u00e3o","link":"https:\/\/noticiasribeiraopreto.com.br\/index.php\/category\/noticias-de-ribeirao-preto-sp-e-regiao-ismael-colosi\/"},"img":{"alt_text":"","src":"https:\/\/i0.wp.com\/noticiasribeiraopreto.com.br\/wp-content\/uploads\/2023\/12\/pal-scaled.jpg?fit=1000%2C563&ssl=1&resize=350%2C200","width":350,"height":200,"srcset":"https:\/\/i0.wp.com\/noticiasribeiraopreto.com.br\/wp-content\/uploads\/2023\/12\/pal-scaled.jpg?fit=1000%2C563&ssl=1&resize=350%2C200 1x, https:\/\/i0.wp.com\/noticiasribeiraopreto.com.br\/wp-content\/uploads\/2023\/12\/pal-scaled.jpg?fit=1000%2C563&ssl=1&resize=525%2C300 1.5x, https:\/\/i0.wp.com\/noticiasribeiraopreto.com.br\/wp-content\/uploads\/2023\/12\/pal-scaled.jpg?fit=1000%2C563&ssl=1&resize=700%2C400 2x"},"classes":[]},{"id":64472,"url":"https:\/\/noticiasribeiraopreto.com.br\/index.php\/2025\/03\/08\/jornal-da-franca-francana-treina-para-receber-marilia-no-lanchao-equipe-precisa-ganhar-do-rival\/","url_meta":{"origin":65858,"position":5},"title":"Jornal da Franca &#8211; Francana treina para receber Mar\u00edlia no Lanch\u00e3o: equipe precisa ganhar do rival","author":"noticiasribeiraopreto.com.br","date":"8 de March de 2025","format":false,"excerpt":"compartilhar no whatsapp compartilhar no telegram compartilhar no facebook compartilhar no linkedin Veterana precisa vencer para seguir na luta por vaga no G8 do Paulist\u00e3o S\u00e9rie A3 A Francana recebe o Mar\u00edlia neste domingo, \u00e0s 10h, no est\u00e1dio Lancha Filho, em Franca, pela pen\u00faltima rodada da 1\u00aa fase do Paulist\u00e3o\u2026","rel":"","context":"In &quot;Not\u00edcias de Franca-SP&quot;","block_context":{"text":"Not\u00edcias de Franca-SP","link":"https:\/\/noticiasribeiraopreto.com.br\/index.php\/category\/noticias-de-ribeirao-preto-sp-e-regiao-ismael-colosi\/noticias-franca-sp\/"},"img":{"alt_text":"","src":"https:\/\/i0.wp.com\/noticiasribeiraopreto.com.br\/wp-content\/uploads\/2025\/03\/IMG-20250305-WA0000-1.jpg?fit=1200%2C900&ssl=1&resize=350%2C200","width":350,"height":200,"srcset":"https:\/\/i0.wp.com\/noticiasribeiraopreto.com.br\/wp-content\/uploads\/2025\/03\/IMG-20250305-WA0000-1.jpg?fit=1200%2C900&ssl=1&resize=350%2C200 1x, https:\/\/i0.wp.com\/noticiasribeiraopreto.com.br\/wp-content\/uploads\/2025\/03\/IMG-20250305-WA0000-1.jpg?fit=1200%2C900&ssl=1&resize=525%2C300 1.5x, https:\/\/i0.wp.com\/noticiasribeiraopreto.com.br\/wp-content\/uploads\/2025\/03\/IMG-20250305-WA0000-1.jpg?fit=1200%2C900&ssl=1&resize=700%2C400 2x, https:\/\/i0.wp.com\/noticiasribeiraopreto.com.br\/wp-content\/uploads\/2025\/03\/IMG-20250305-WA0000-1.jpg?fit=1200%2C900&ssl=1&resize=1050%2C600 3x"},"classes":[]}],"jetpack_sharing_enabled":true,"jetpack_shortlink":"https:\/\/wp.me\/peQAOb-h8e","_links":{"self":[{"href":"https:\/\/noticiasribeiraopreto.com.br\/index.php\/wp-json\/wp\/v2\/posts\/65858","targetHints":{"allow":["GET"]}}],"collection":[{"href":"https:\/\/noticiasribeiraopreto.com.br\/index.php\/wp-json\/wp\/v2\/posts"}],"about":[{"href":"https:\/\/noticiasribeiraopreto.com.br\/index.php\/wp-json\/wp\/v2\/types\/post"}],"author":[{"embeddable":true,"href":"https:\/\/noticiasribeiraopreto.com.br\/index.php\/wp-json\/wp\/v2\/users\/1"}],"replies":[{"embeddable":true,"href":"https:\/\/noticiasribeiraopreto.com.br\/index.php\/wp-json\/wp\/v2\/comments?post=65858"}],"version-history":[{"count":0,"href":"https:\/\/noticiasribeiraopreto.com.br\/index.php\/wp-json\/wp\/v2\/posts\/65858\/revisions"}],"wp:featuredmedia":[{"embeddable":true,"href":"https:\/\/noticiasribeiraopreto.com.br\/index.php\/wp-json\/wp\/v2\/media\/65859"}],"wp:attachment":[{"href":"https:\/\/noticiasribeiraopreto.com.br\/index.php\/wp-json\/wp\/v2\/media?parent=65858"}],"wp:term":[{"taxonomy":"category","embeddable":true,"href":"https:\/\/noticiasribeiraopreto.com.br\/index.php\/wp-json\/wp\/v2\/categories?post=65858"},{"taxonomy":"post_tag","embeddable":true,"href":"https:\/\/noticiasribeiraopreto.com.br\/index.php\/wp-json\/wp\/v2\/tags?post=65858"}],"curies":[{"name":"wp","href":"https:\/\/api.w.org\/{rel}","templated":true}]}}