{"id":65862,"date":"2025-03-25T10:42:09","date_gmt":"2025-03-25T13:42:09","guid":{"rendered":"https:\/\/noticiasribeiraopreto.com.br\/index.php\/2025\/03\/25\/stf-decide-hoje-se-bolsonaro-e-aliados-serao-reus-por-tentativa-de-golpe-de-estado\/"},"modified":"2025-03-25T10:42:09","modified_gmt":"2025-03-25T13:42:09","slug":"stf-decide-hoje-se-bolsonaro-e-aliados-serao-reus-por-tentativa-de-golpe-de-estado","status":"publish","type":"post","link":"https:\/\/noticiasribeiraopreto.com.br\/index.php\/2025\/03\/25\/stf-decide-hoje-se-bolsonaro-e-aliados-serao-reus-por-tentativa-de-golpe-de-estado\/","title":{"rendered":"STF Decide Hoje se Bolsonaro e Aliados Ser\u00e3o R\u00e9us por Tentativa de Golpe de Estado"},"content":{"rendered":"<div class='code-block code-block-1' style='margin: 8px 0 8px auto; text-align: right; display: block; clear: both;'>\n<p><a href=\"https:\/\/wa.link\/vpicfd\"><img data-recalc-dims=\"1\" class=\"wp-image-4922\" style=\"aspect-ratio: 2.0253164556962027; width: 561px; height: auto;\" src=\"https:\/\/i0.wp.com\/ismaelcolosi.com.br\/wp-content\/uploads\/2023\/11\/grupo-de-empregos-whatsapp-e-facebook-ismael-colosi-vagas.jpg?ssl=1\" alt=\"\" \/><\/a><\/p>\n<!-- \/wp:image -->\n<\/div>\n<p> <br \/>\n<\/p>\n<div>\n<p><iframe loading=\"lazy\" title=\"TV Justi\u00e7a - acompanhe nossa programa\u00e7\u00e3o ao vivo\" width=\"500\" height=\"375\" src=\"https:\/\/www.youtube.com\/embed\/hPueavgNcs8?feature=oembed\" frameborder=\"0\" allow=\"accelerometer; autoplay; clipboard-write; encrypted-media; gyroscope; picture-in-picture; web-share\" referrerpolicy=\"strict-origin-when-cross-origin\" allowfullscreen><\/iframe><\/p>\n<p class=\"\" data-start=\"187\" data-end=\"617\">O Supremo Tribunal Federal (STF) inicia nesta ter\u00e7a-feira, 25 de mar\u00e7o de 2025, o julgamento que determinar\u00e1 se o ex-presidente Jair Bolsonaro e outros sete acusados se tornar\u00e3o r\u00e9us em uma a\u00e7\u00e3o penal por suposta tentativa de golpe de Estado ap\u00f3s as elei\u00e7\u00f5es de 2022. A decis\u00e3o ser\u00e1 tomada pela Primeira Turma do STF, composta pelos ministros Alexandre de Moraes (relator), Fl\u00e1vio Dino, Cristiano Zanin, C\u00e1rmen L\u00facia e Luiz Fux.<\/p>\n<h3 class=\"\" data-start=\"619\" data-end=\"647\">Contexto das Acusa\u00e7\u00f5es<\/h3>\n<p class=\"\" data-start=\"649\" data-end=\"1018\">Em fevereiro deste ano, o procurador-geral da Rep\u00fablica, Paulo Gonet, apresentou den\u00fancia contra um grupo de 34 pessoas, incluindo Bolsonaro e aliados pr\u00f3ximos, acusando-os de conspirar para impedir a posse do presidente eleito Luiz In\u00e1cio Lula da Silva. As acusa\u00e7\u00f5es incluem crimes como tentativa violenta de abolir o Estado Democr\u00e1tico de Direito e golpe de Estado.<\/p>\n<h3 class=\"\" data-start=\"1020\" data-end=\"1053\">Os Oito Principais Acusados<\/h3>\n<p class=\"\" data-start=\"1055\" data-end=\"1105\">O chamado \u201cN\u00facleo 1\u201d da den\u00fancia \u00e9 composto por:<\/p>\n<ul data-start=\"1107\" data-end=\"1635\">\n<li class=\"\" data-start=\"1107\" data-end=\"1154\">\n<p class=\"\" data-start=\"1109\" data-end=\"1154\">Jair Bolsonaro, ex-presidente da Rep\u00fablica;<\/p>\n<\/li>\n<li class=\"\" data-start=\"1155\" data-end=\"1213\">\n<p class=\"\" data-start=\"1157\" data-end=\"1213\">Walter Braga Netto, general do Ex\u00e9rcito e ex-ministro;<\/p>\n<\/li>\n<li class=\"\" data-start=\"1214\" data-end=\"1293\">\n<p class=\"\" data-start=\"1216\" data-end=\"1293\">General Augusto Heleno, ex-ministro do Gabinete de Seguran\u00e7a Institucional;<\/p>\n<\/li>\n<li class=\"\" data-start=\"1294\" data-end=\"1373\">\n<p class=\"\" data-start=\"1296\" data-end=\"1373\">Alexandre Ramagem, ex-diretor da Ag\u00eancia Brasileira de Intelig\u00eancia (Abin);<\/p>\n<\/li>\n<li class=\"\" data-start=\"1374\" data-end=\"1467\">\n<p class=\"\" data-start=\"1376\" data-end=\"1467\">Anderson Torres, ex-ministro da Justi\u00e7a e ex-secret\u00e1rio de Seguran\u00e7a do Distrito Federal;<\/p>\n<\/li>\n<li class=\"\" data-start=\"1468\" data-end=\"1512\">\n<p class=\"\" data-start=\"1470\" data-end=\"1512\">Almir Garnier, ex-comandante da Marinha;<\/p>\n<\/li>\n<li class=\"\" data-start=\"1513\" data-end=\"1584\">\n<p class=\"\" data-start=\"1515\" data-end=\"1584\">Paulo S\u00e9rgio Nogueira, general do Ex\u00e9rcito e ex-ministro da Defesa;<\/p>\n<\/li>\n<li class=\"\" data-start=\"1585\" data-end=\"1635\">\n<p class=\"\" data-start=\"1587\" data-end=\"1635\">Mauro Cid, ex-ajudante de ordens de Bolsonaro.<\/p>\n<\/li>\n<\/ul>\n<h3 class=\"\" data-start=\"1637\" data-end=\"1666\">Poss\u00edveis Consequ\u00eancias<\/h3>\n<p class=\"\" data-start=\"1668\" data-end=\"1923\">Se a maioria dos ministros da Primeira Turma aceitar a den\u00fancia, os acusados passar\u00e3o \u00e0 condi\u00e7\u00e3o de r\u00e9us, iniciando-se uma a\u00e7\u00e3o penal que poder\u00e1 culminar em condena\u00e7\u00e3o ou absolvi\u00e7\u00e3o. As penas para os crimes imputados podem resultar em d\u00e9cadas de pris\u00e3o.<\/p>\n<h3 class=\"\" data-start=\"1925\" data-end=\"1954\">Desdobramentos Recentes<\/h3>\n<p class=\"\" data-start=\"1956\" data-end=\"2272\">A den\u00fancia est\u00e1 fundamentada em investiga\u00e7\u00f5es da Pol\u00edcia Federal, que apontam a exist\u00eancia de uma organiza\u00e7\u00e3o criminosa visando impedir a posse de Lula. Al\u00e9m disso, relatos indicam que o grupo teria planejado a\u00e7\u00f5es extremas, incluindo o envenenamento de Lula e o assassinato do ministro do STF Alexandre de Moraes.<\/p>\n<h3 class=\"\" data-start=\"2274\" data-end=\"2298\">Defesa e Alega\u00e7\u00f5es<\/h3>\n<p class=\"\" data-start=\"2300\" data-end=\"2635\">Jair Bolsonaro nega as acusa\u00e7\u00f5es, alegando persegui\u00e7\u00e3o pol\u00edtica. Seus advogados tentaram, sem sucesso, afastar dois ministros do julgamento, argumentando parcialidade devido a nomea\u00e7\u00f5es feitas por Lula. A defesa sustenta que n\u00e3o h\u00e1 provas concretas das alega\u00e7\u00f5es e que o ex-presidente sempre atuou dentro dos limites constitucionais.<\/p>\n<h3 class=\"\" data-start=\"2637\" data-end=\"2658\">Pr\u00f3ximos Passos<\/h3>\n<p class=\"\" data-start=\"2660\" data-end=\"2959\">O julgamento deve se estender at\u00e9 quarta-feira, 26 de mar\u00e7o, com sess\u00f5es previstas para a manh\u00e3 e a tarde. A decis\u00e3o do STF ser\u00e1 transmitida ao vivo pelo canal oficial do tribunal, permitindo que a popula\u00e7\u00e3o acompanhe os desdobramentos deste caso de grande relev\u00e2ncia para a democracia brasileira.<\/p>\n<p class=\"\" data-start=\"2961\" data-end=\"3186\">Este julgamento representa um momento crucial na hist\u00f3ria pol\u00edtica do Brasil, podendo estabelecer precedentes significativos sobre a responsabiliza\u00e7\u00e3o de altos cargos p\u00fablicos em casos de atentados contra a ordem democr\u00e1tica.<\/p>\n<p>&#13;<br \/>\n\t\t\t\t<span class=\"post-views-icon dashicons dashicons-chart-bar\"\/> <span class=\"post-views-label\">Visualiza\u00e7\u00f5es:<\/span> <span class=\"post-views-count\">22<\/span>&#13;\n\t\t\t<\/p>\n<\/p><\/div>\n<p><br \/>\n<br \/><a href=\"https:\/\/folhaderibeirao.com.br\/2025\/03\/25\/stf-decide-hoje-se-bolsonaro-e-aliados-serao-reus-por-tentativa-de-golpe-de-estado\/\">Source link <\/a><\/p>\n<!-- CONTENT END 1 -->\n","protected":false},"excerpt":{"rendered":"<p>O Supremo Tribunal Federal (STF) inicia nesta ter\u00e7a-feira, 25 de mar\u00e7o de 2025, o julgamento que determinar\u00e1 se o ex-presidente Jair Bolsonaro e outros sete&#8230;<\/p>\n","protected":false},"author":1,"featured_media":65864,"comment_status":"open","ping_status":"open","sticky":false,"template":"","format":"standard","meta":{"advanced_seo_description":"","jetpack_seo_html_title":"","jetpack_seo_noindex":false,"jetpack_post_was_ever_published":false,"_jetpack_newsletter_access":"","_jetpack_dont_email_post_to_subs":false,"_jetpack_newsletter_tier_id":0,"_jetpack_memberships_contains_paywalled_content":false,"_jetpack_memberships_contains_paid_content":false,"footnotes":"","jetpack_publicize_message":"","jetpack_publicize_feature_enabled":true,"jetpack_social_post_already_shared":true,"jetpack_social_options":{"image_generator_settings":{"template":"highway","default_image_id":0,"font":"","enabled":false},"version":2}},"categories":[11],"tags":[6331,3964,1226,160,25,1752,134,6332,2462,892,2005],"class_list":["post-65862","post","type-post","status-publish","format-standard","has-post-thumbnail","hentry","category-noticias-de-ribeirao-preto-sp-e-regiao-ismael-colosi","tag-aliados","tag-bolsonaro","tag-decide","tag-estado","tag-golpe","tag-hoje","tag-por","tag-reus","tag-serao","tag-stf","tag-tentativa"],"jetpack_publicize_connections":[],"jetpack_featured_media_url":"https:\/\/i0.wp.com\/noticiasribeiraopreto.com.br\/wp-content\/uploads\/2025\/03\/2023-04-14T183421Z_1_LYNXMPEJ3D0QL_RTROPTP_4_BRAZIL-POLITICS-BOLSONARO_binary_325234-1.jpg?fit=2528%2C1685&ssl=1","jetpack-related-posts":[{"id":65975,"url":"https:\/\/noticiasribeiraopreto.com.br\/index.php\/2025\/03\/26\/stf-forma-maioria-para-tornar-bolsonaro-reu-por-tentativa-de-golpe-de-estado\/","url_meta":{"origin":65862,"position":0},"title":"STF forma maioria para tornar Bolsonaro r\u00e9u por tentativa de golpe de Estado\u200b","author":"noticiasribeiraopreto.com.br","date":"26 de March de 2025","format":false,"excerpt":"Nesta quarta-feira (26), a Primeira Turma do Supremo Tribunal Federal (STF) alcan\u00e7ou maioria de votos para tornar o ex-presidente Jair Bolsonaro r\u00e9u pelos crimes de golpe de Estado e tentativa de abolir o Estado Democr\u00e1tico de Direito. Essa \u00e9 a primeira vez que um ex-presidente eleito \u00e9 formalmente acusado por\u2026","rel":"","context":"In &quot;Not\u00edcias de Ribeir\u00e3o Preto-SP e Regi\u00e3o&quot;","block_context":{"text":"Not\u00edcias de Ribeir\u00e3o Preto-SP e Regi\u00e3o","link":"https:\/\/noticiasribeiraopreto.com.br\/index.php\/category\/noticias-de-ribeirao-preto-sp-e-regiao-ismael-colosi\/"},"img":{"alt_text":"","src":"https:\/\/i0.wp.com\/noticiasribeiraopreto.com.br\/wp-content\/uploads\/2025\/03\/5.webp.webp?fit=1170%2C700&ssl=1&resize=350%2C200","width":350,"height":200,"srcset":"https:\/\/i0.wp.com\/noticiasribeiraopreto.com.br\/wp-content\/uploads\/2025\/03\/5.webp.webp?fit=1170%2C700&ssl=1&resize=350%2C200 1x, https:\/\/i0.wp.com\/noticiasribeiraopreto.com.br\/wp-content\/uploads\/2025\/03\/5.webp.webp?fit=1170%2C700&ssl=1&resize=525%2C300 1.5x, https:\/\/i0.wp.com\/noticiasribeiraopreto.com.br\/wp-content\/uploads\/2025\/03\/5.webp.webp?fit=1170%2C700&ssl=1&resize=700%2C400 2x, https:\/\/i0.wp.com\/noticiasribeiraopreto.com.br\/wp-content\/uploads\/2025\/03\/5.webp.webp?fit=1170%2C700&ssl=1&resize=1050%2C600 3x"},"classes":[]},{"id":66080,"url":"https:\/\/noticiasribeiraopreto.com.br\/index.php\/2025\/03\/27\/apos-virar-reu-bolsonaro-nega-decreto-de-golpe-de-estado\/","url_meta":{"origin":65862,"position":1},"title":"Ap\u00f3s virar r\u00e9u, Bolsonaro nega decreto de golpe de Estado","author":"noticiasribeiraopreto.com.br","date":"27 de March de 2025","format":false,"excerpt":"O ex-presidente Jair Bolsonaro se pronunciou nesta quarta-feira (26) ap\u00f3s tornar-se r\u00e9u por tentativa de golpe de Estado, negando veementemente as acusa\u00e7\u00f5es de que teria articulado uma minuta golpista com os comandantes das For\u00e7as Armadas para suspender as elei\u00e7\u00f5es de 2022. A den\u00fancia da Procuradoria-Geral da Rep\u00fablica (PGR) sustenta que,\u2026","rel":"","context":"In &quot;Not\u00edcias de Ribeir\u00e3o Preto-SP e Regi\u00e3o&quot;","block_context":{"text":"Not\u00edcias de Ribeir\u00e3o Preto-SP e Regi\u00e3o","link":"https:\/\/noticiasribeiraopreto.com.br\/index.php\/category\/noticias-de-ribeirao-preto-sp-e-regiao-ismael-colosi\/"},"img":{"alt_text":"","src":"https:\/\/i0.wp.com\/noticiasribeiraopreto.com.br\/wp-content\/uploads\/2025\/03\/lula6182.webp.webp?fit=1170%2C700&ssl=1&resize=350%2C200","width":350,"height":200,"srcset":"https:\/\/i0.wp.com\/noticiasribeiraopreto.com.br\/wp-content\/uploads\/2025\/03\/lula6182.webp.webp?fit=1170%2C700&ssl=1&resize=350%2C200 1x, https:\/\/i0.wp.com\/noticiasribeiraopreto.com.br\/wp-content\/uploads\/2025\/03\/lula6182.webp.webp?fit=1170%2C700&ssl=1&resize=525%2C300 1.5x, https:\/\/i0.wp.com\/noticiasribeiraopreto.com.br\/wp-content\/uploads\/2025\/03\/lula6182.webp.webp?fit=1170%2C700&ssl=1&resize=700%2C400 2x, https:\/\/i0.wp.com\/noticiasribeiraopreto.com.br\/wp-content\/uploads\/2025\/03\/lula6182.webp.webp?fit=1170%2C700&ssl=1&resize=1050%2C600 3x"},"classes":[]},{"id":79816,"url":"https:\/\/noticiasribeiraopreto.com.br\/index.php\/2025\/11\/08\/stf-mantem-condenacao-de-bolsonaro\/","url_meta":{"origin":65862,"position":2},"title":"STF mant\u00e9m condena\u00e7\u00e3o de Bolsonaro","author":"noticiasribeiraopreto.com.br","date":"8 de November de 2025","format":false,"excerpt":"Andr\u00e9 Richter \/ Ag\u00eancia Brasil A Primeira Turma do Supremo Tribunal Federal (STF) decidiu nesta sexta-feira, 7 de novembro, por unanimidade, manter a condena\u00e7\u00e3o do ex-presidente Jair Bolsonaro (PL) e mais seis r\u00e9us na a\u00e7\u00e3o penal do N\u00facleo 1 da trama golpista. Os votos foram proferidos durante o julgamento virtual\u2026","rel":"","context":"In &quot;Not\u00edcias de Ribeir\u00e3o Preto-SP e Regi\u00e3o&quot;","block_context":{"text":"Not\u00edcias de Ribeir\u00e3o Preto-SP e Regi\u00e3o","link":"https:\/\/noticiasribeiraopreto.com.br\/index.php\/category\/noticias-de-ribeirao-preto-sp-e-regiao-ismael-colosi\/"},"img":{"alt_text":"","src":"https:\/\/i0.wp.com\/noticiasribeiraopreto.com.br\/wp-content\/uploads\/2025\/11\/BozoSTF-Fabio-Rodrigues-Pozzebom-Ag.Br_-scaled.jpg?fit=1170%2C780&ssl=1&resize=350%2C200","width":350,"height":200,"srcset":"https:\/\/i0.wp.com\/noticiasribeiraopreto.com.br\/wp-content\/uploads\/2025\/11\/BozoSTF-Fabio-Rodrigues-Pozzebom-Ag.Br_-scaled.jpg?fit=1170%2C780&ssl=1&resize=350%2C200 1x, https:\/\/i0.wp.com\/noticiasribeiraopreto.com.br\/wp-content\/uploads\/2025\/11\/BozoSTF-Fabio-Rodrigues-Pozzebom-Ag.Br_-scaled.jpg?fit=1170%2C780&ssl=1&resize=525%2C300 1.5x, https:\/\/i0.wp.com\/noticiasribeiraopreto.com.br\/wp-content\/uploads\/2025\/11\/BozoSTF-Fabio-Rodrigues-Pozzebom-Ag.Br_-scaled.jpg?fit=1170%2C780&ssl=1&resize=700%2C400 2x, https:\/\/i0.wp.com\/noticiasribeiraopreto.com.br\/wp-content\/uploads\/2025\/11\/BozoSTF-Fabio-Rodrigues-Pozzebom-Ag.Br_-scaled.jpg?fit=1170%2C780&ssl=1&resize=1050%2C600 3x"},"classes":[]},{"id":77130,"url":"https:\/\/noticiasribeiraopreto.com.br\/index.php\/2025\/09\/12\/bolsonaro-e-aliados-deverao-pagar-r-30-milhoes-pela-depredacao-no-8-1\/","url_meta":{"origin":65862,"position":3},"title":"Bolsonaro e aliados dever\u00e3o pagar R$ 30 milh\u00f5es pela depreda\u00e7\u00e3o no 8\/1","author":"noticiasribeiraopreto.com.br","date":"12 de September de 2025","format":false,"excerpt":"12 de setembro de 2025 07:3612 de setembro de 2025 06:511 Compartilhar0 A Primeira Turma do Supremo Tribunal Federal (STF) decidiu nesta quinta-feira (11) condenar o ex-presidente Jair Bolsonaro e mais sete r\u00e9us pela trama golpista ao pagamento solid\u00e1rio de R$ 30 milh\u00f5es pelos danos causados pela depreda\u00e7\u00e3o das sedes\u2026","rel":"","context":"In &quot;Not\u00edcias de Ribeir\u00e3o Preto-SP e Regi\u00e3o&quot;","block_context":{"text":"Not\u00edcias de Ribeir\u00e3o Preto-SP e Regi\u00e3o","link":"https:\/\/noticiasribeiraopreto.com.br\/index.php\/category\/noticias-de-ribeirao-preto-sp-e-regiao-ismael-colosi\/"},"img":{"alt_text":"","src":"https:\/\/i0.wp.com\/noticiasribeiraopreto.com.br\/wp-content\/uploads\/2025\/09\/ja_9173.jpg?fit=1170%2C700&ssl=1&resize=350%2C200","width":350,"height":200,"srcset":"https:\/\/i0.wp.com\/noticiasribeiraopreto.com.br\/wp-content\/uploads\/2025\/09\/ja_9173.jpg?fit=1170%2C700&ssl=1&resize=350%2C200 1x, https:\/\/i0.wp.com\/noticiasribeiraopreto.com.br\/wp-content\/uploads\/2025\/09\/ja_9173.jpg?fit=1170%2C700&ssl=1&resize=525%2C300 1.5x, https:\/\/i0.wp.com\/noticiasribeiraopreto.com.br\/wp-content\/uploads\/2025\/09\/ja_9173.jpg?fit=1170%2C700&ssl=1&resize=700%2C400 2x, https:\/\/i0.wp.com\/noticiasribeiraopreto.com.br\/wp-content\/uploads\/2025\/09\/ja_9173.jpg?fit=1170%2C700&ssl=1&resize=1050%2C600 3x"},"classes":[]},{"id":76611,"url":"https:\/\/noticiasribeiraopreto.com.br\/index.php\/2025\/09\/02\/stf-inicia-julgamento-de-bolsonaro-e-mais-sete-aliados\/","url_meta":{"origin":65862,"position":4},"title":"STF inicia julgamento de Bolsonaro e mais sete aliados","author":"noticiasribeiraopreto.com.br","date":"2 de September de 2025","format":false,"excerpt":"A Primeira Turma do Supremo Tribunal Federal (STF) inicia nesta ter\u00e7a-feira (2), \u00e0s 9h, o julgamento que pode condenar o ex-presidente Jair Bolsonaro e mais sete aliados pela trama golpista para tentar reverter o resultado das elei\u00e7\u00f5es de 2022. O grupo faz parte do n\u00facleo crucial da den\u00fancia apresentada pela\u2026","rel":"","context":"In &quot;Not\u00edcias de Ribeir\u00e3o Preto-SP e Regi\u00e3o&quot;","block_context":{"text":"Not\u00edcias de Ribeir\u00e3o Preto-SP e Regi\u00e3o","link":"https:\/\/noticiasribeiraopreto.com.br\/index.php\/category\/noticias-de-ribeirao-preto-sp-e-regiao-ismael-colosi\/"},"img":{"alt_text":"","src":"https:\/\/i0.wp.com\/noticiasribeiraopreto.com.br\/wp-content\/uploads\/2025\/09\/marques-.webp.webp?fit=1170%2C700&ssl=1&resize=350%2C200","width":350,"height":200,"srcset":"https:\/\/i0.wp.com\/noticiasribeiraopreto.com.br\/wp-content\/uploads\/2025\/09\/marques-.webp.webp?fit=1170%2C700&ssl=1&resize=350%2C200 1x, https:\/\/i0.wp.com\/noticiasribeiraopreto.com.br\/wp-content\/uploads\/2025\/09\/marques-.webp.webp?fit=1170%2C700&ssl=1&resize=525%2C300 1.5x, https:\/\/i0.wp.com\/noticiasribeiraopreto.com.br\/wp-content\/uploads\/2025\/09\/marques-.webp.webp?fit=1170%2C700&ssl=1&resize=700%2C400 2x, https:\/\/i0.wp.com\/noticiasribeiraopreto.com.br\/wp-content\/uploads\/2025\/09\/marques-.webp.webp?fit=1170%2C700&ssl=1&resize=1050%2C600 3x"},"classes":[]},{"id":77113,"url":"https:\/\/noticiasribeiraopreto.com.br\/index.php\/2025\/09\/11\/1a-turma-do-stf-forma-maioria-para-condenar-bolsonaro-assista\/","url_meta":{"origin":65862,"position":5},"title":"1\u00aa Turma do STF forma maioria para condenar Bolsonaro; Assista","author":"noticiasribeiraopreto.com.br","date":"11 de September de 2025","format":false,"excerpt":"A Primeira Turma do STF (Supremo Tribunal Federal) formou na tarde desta quinta-feira (11) maioria para condenar Jair Bolsonaro e os outros sete r\u00e9us por organiza\u00e7\u00e3o criminosa, tentativa de golpe de Estado, tentativa de aboli\u00e7\u00e3o violenta do Estado democr\u00e1tico de direito, dano ao patrim\u00f4nio da Uni\u00e3o e deteriora\u00e7\u00e3o de patrim\u00f4nio\u2026","rel":"","context":"In &quot;Not\u00edcias de Ribeir\u00e3o Preto-SP e Regi\u00e3o&quot;","block_context":{"text":"Not\u00edcias de Ribeir\u00e3o Preto-SP e Regi\u00e3o","link":"https:\/\/noticiasribeiraopreto.com.br\/index.php\/category\/noticias-de-ribeirao-preto-sp-e-regiao-ismael-colosi\/"},"img":{"alt_text":"","src":"https:\/\/i0.wp.com\/noticiasribeiraopreto.com.br\/wp-content\/uploads\/2025\/09\/lula5925.webp.webp?fit=1170%2C700&ssl=1&resize=350%2C200","width":350,"height":200,"srcset":"https:\/\/i0.wp.com\/noticiasribeiraopreto.com.br\/wp-content\/uploads\/2025\/09\/lula5925.webp.webp?fit=1170%2C700&ssl=1&resize=350%2C200 1x, https:\/\/i0.wp.com\/noticiasribeiraopreto.com.br\/wp-content\/uploads\/2025\/09\/lula5925.webp.webp?fit=1170%2C700&ssl=1&resize=525%2C300 1.5x, https:\/\/i0.wp.com\/noticiasribeiraopreto.com.br\/wp-content\/uploads\/2025\/09\/lula5925.webp.webp?fit=1170%2C700&ssl=1&resize=700%2C400 2x, https:\/\/i0.wp.com\/noticiasribeiraopreto.com.br\/wp-content\/uploads\/2025\/09\/lula5925.webp.webp?fit=1170%2C700&ssl=1&resize=1050%2C600 3x"},"classes":[]}],"jetpack_sharing_enabled":true,"jetpack_shortlink":"https:\/\/wp.me\/peQAOb-h8i","_links":{"self":[{"href":"https:\/\/noticiasribeiraopreto.com.br\/index.php\/wp-json\/wp\/v2\/posts\/65862","targetHints":{"allow":["GET"]}}],"collection":[{"href":"https:\/\/noticiasribeiraopreto.com.br\/index.php\/wp-json\/wp\/v2\/posts"}],"about":[{"href":"https:\/\/noticiasribeiraopreto.com.br\/index.php\/wp-json\/wp\/v2\/types\/post"}],"author":[{"embeddable":true,"href":"https:\/\/noticiasribeiraopreto.com.br\/index.php\/wp-json\/wp\/v2\/users\/1"}],"replies":[{"embeddable":true,"href":"https:\/\/noticiasribeiraopreto.com.br\/index.php\/wp-json\/wp\/v2\/comments?post=65862"}],"version-history":[{"count":0,"href":"https:\/\/noticiasribeiraopreto.com.br\/index.php\/wp-json\/wp\/v2\/posts\/65862\/revisions"}],"wp:featuredmedia":[{"embeddable":true,"href":"https:\/\/noticiasribeiraopreto.com.br\/index.php\/wp-json\/wp\/v2\/media\/65864"}],"wp:attachment":[{"href":"https:\/\/noticiasribeiraopreto.com.br\/index.php\/wp-json\/wp\/v2\/media?parent=65862"}],"wp:term":[{"taxonomy":"category","embeddable":true,"href":"https:\/\/noticiasribeiraopreto.com.br\/index.php\/wp-json\/wp\/v2\/categories?post=65862"},{"taxonomy":"post_tag","embeddable":true,"href":"https:\/\/noticiasribeiraopreto.com.br\/index.php\/wp-json\/wp\/v2\/tags?post=65862"}],"curies":[{"name":"wp","href":"https:\/\/api.w.org\/{rel}","templated":true}]}}