{"id":65905,"date":"2025-03-25T19:33:46","date_gmt":"2025-03-25T22:33:46","guid":{"rendered":"https:\/\/noticiasribeiraopreto.com.br\/index.php\/2025\/03\/25\/shoppingsantaursula-recebe-circuito-tematico-da-galinha-pintadinha\/"},"modified":"2025-03-25T19:33:46","modified_gmt":"2025-03-25T22:33:46","slug":"shoppingsantaursula-recebe-circuito-tematico-da-galinha-pintadinha","status":"publish","type":"post","link":"https:\/\/noticiasribeiraopreto.com.br\/index.php\/2025\/03\/25\/shoppingsantaursula-recebe-circuito-tematico-da-galinha-pintadinha\/","title":{"rendered":"ShoppingSanta\u00darsula recebe circuito tem\u00e1tico da Galinha Pintadinha"},"content":{"rendered":"<div class='code-block code-block-1' style='margin: 8px 0 8px auto; text-align: right; display: block; clear: both;'>\n<p><a href=\"https:\/\/wa.link\/vpicfd\"><img data-recalc-dims=\"1\" class=\"wp-image-4922\" style=\"aspect-ratio: 2.0253164556962027; width: 561px; height: auto;\" src=\"https:\/\/i0.wp.com\/ismaelcolosi.com.br\/wp-content\/uploads\/2023\/11\/grupo-de-empregos-whatsapp-e-facebook-ismael-colosi-vagas.jpg?ssl=1\" alt=\"\" \/><\/a><\/p>\n<!-- \/wp:image -->\n<\/div>\n<p> <br \/>\n<\/p>\n<div>\n<p>Uma das personagens mais queridas pelas crian\u00e7as no pa\u00eds, a Galinha Pintadinha chega ao ShoppingSanta\u00darsula com um parque infl\u00e1vel tem\u00e1tico e imersivo, refor\u00e7ando as op\u00e7\u00f5es de lazer e entretenimento do empreendimento.<\/p>\n<p>Localizado na Pra\u00e7a de Eventos, o circuito permanece no Santa at\u00e9 dia 30 de abril e \u00e9 destinado a crian\u00e7as de at\u00e9 12 anos de idade. Com um espa\u00e7o l\u00fadico e interativo, conta com atividades que estimulam a imagina\u00e7\u00e3o e trazem muita divers\u00e3o. O valor do ingresso \u00e9 de R$50 para 30 minutos na atra\u00e7\u00e3o, com a possibilidade de tempo adicional por R$1 a cada minuto extra.<\/p>\n<p>O circuito conta com uma s\u00e9rie de atra\u00e7\u00f5es tem\u00e1ticas, como m\u00f3dulos infl\u00e1veis com obst\u00e1culos sensoriais radicais, um corredor de el\u00e1sticos, tapetes interativos, escorregadores, camas el\u00e1sticas, piscina de bolinhas, games e uma \u00e1rea de pintura. No espa\u00e7o, \u00e9 poss\u00edvel fazer fotos em cen\u00e1rios instagram\u00e1veis e com a Galinha Pintadinha infl\u00e1vel de cinco metros de altura.<\/p>\n<p>Para mais informa\u00e7\u00f5es, acesse www.shoppingsantaursula.com.br, redes sociais @shoppingsantaursula ou o App Multi.<\/p>\n<p>Servi\u00e7o<br \/>Circuito Galinha Pintadinha<\/p>\n<p>Data: at\u00e9 30 de abril de 2025.<br \/>Local: Pra\u00e7a de Eventos (Piso T\u00e9rreo).<br \/>Valores: R$ 50,00 por 30 minutos | Minuto adicional: R$ 1,00.<br \/>Hor\u00e1rio de funcionamento: de segunda a s\u00e1bado, das 10h \u00e0s 22h; domingos e feriados, das 12h \u00e0s 20h.<\/p>\n<p>Sobre o ShoppingSanta\u00darsula<\/p>\n<p>H\u00e1 25 anos, o ShoppingSanta\u00darsula \u00e9 refer\u00eancia na regi\u00e3o central de Ribeir\u00e3o Preto, com diversas op\u00e7\u00f5es de compras, gastronomia e entretenimento para toda fam\u00edlia com conforto e praticidade.<\/p>\n<p>Pioneiro em Ribeir\u00e3o no sistema free flow \u2013 entradas expressas e sem cancelas \u2013 o empreendimento oferece a comodidade do Acesso Multi para pagamento do estacionamento. Aos domingos, o servi\u00e7o \u00e9 gratuito para clientes cadastrados no App Multi.<\/p>\n<p>O Santa tamb\u00e9m \u00e9 o primeiro shopping da cidade a permitir a visita\u00e7\u00e3o de pets. No espa\u00e7o idealizado especialmente para os animais \u2013 localizado no Piso 3, pr\u00f3ximo \u00e0 Pra\u00e7a de Alimenta\u00e7\u00e3o \u2013 tutores e pets podem curtir juntos com seguran\u00e7a e conforto.<\/p>\n<p>O empreendimento est\u00e1 localizado na Rua S\u00e3o Jos\u00e9, 933 \u2013 Bairro Higien\u00f3polis. Mais informa\u00e7\u00f5es: (16) 2102-7400, ou pelo site: shoppingsantaursula.com.br e nas redes sociais: @shoppingsantaursula.<\/p>\n<p>&#13;<br \/>\n\t\t\t\t<span class=\"post-views-icon dashicons dashicons-chart-bar\"\/> <span class=\"post-views-label\">Visualiza\u00e7\u00f5es:<\/span> <span class=\"post-views-count\">12<\/span>&#13;\n\t\t\t<\/p>\n<\/p><\/div>\n<p><br \/>\n<br \/><a href=\"https:\/\/folhaderibeirao.com.br\/2025\/03\/25\/shoppingsantaursula-recebe-circuito-tematico-da-galinha-pintadinha\/\">Source link <\/a><\/p>\n<!-- CONTENT END 1 -->\n","protected":false},"excerpt":{"rendered":"<p>Uma das personagens mais queridas pelas crian\u00e7as no pa\u00eds, a Galinha Pintadinha chega ao ShoppingSanta\u00darsula com um parque infl\u00e1vel tem\u00e1tico e imersivo, refor\u00e7ando as op\u00e7\u00f5es&#8230;<\/p>\n","protected":false},"author":1,"featured_media":65906,"comment_status":"open","ping_status":"open","sticky":false,"template":"","format":"standard","meta":{"advanced_seo_description":"","jetpack_seo_html_title":"","jetpack_seo_noindex":false,"jetpack_post_was_ever_published":false,"_jetpack_newsletter_access":"","_jetpack_dont_email_post_to_subs":false,"_jetpack_newsletter_tier_id":0,"_jetpack_memberships_contains_paywalled_content":false,"_jetpack_memberships_contains_paid_content":false,"footnotes":"","jetpack_publicize_message":"","jetpack_publicize_feature_enabled":true,"jetpack_social_post_already_shared":true,"jetpack_social_options":{"image_generator_settings":{"template":"highway","default_image_id":0,"font":"","enabled":false},"version":2}},"categories":[11],"tags":[2568,6334,6335,407,3996,6333],"class_list":["post-65905","post","type-post","status-publish","format-standard","has-post-thumbnail","hentry","category-noticias-de-ribeirao-preto-sp-e-regiao-ismael-colosi","tag-circuito","tag-galinha","tag-pintadinha","tag-recebe","tag-shoppingsantaursula","tag-tematico"],"jetpack_publicize_connections":[],"jetpack_featured_media_url":"https:\/\/i0.wp.com\/noticiasribeiraopreto.com.br\/wp-content\/uploads\/2025\/03\/WhatsApp-Image-2025-03-25-at-15.09.17.jpeg?fit=1280%2C853&ssl=1","jetpack-related-posts":[{"id":39960,"url":"https:\/\/noticiasribeiraopreto.com.br\/index.php\/2024\/02\/29\/shopping-de-ribeirao-preto-recebe-parque-tematico-da-galinha-pintadinha\/","url_meta":{"origin":65905,"position":0},"title":"Shopping de Ribeir\u00e3o Preto recebe parque tem\u00e1tico da Galinha Pintadinha","author":"noticiasribeiraopreto.com.br","date":"29 de February de 2024","format":false,"excerpt":"O Ribeir\u00e3oShopping, na zona Sul de Ribeir\u00e3o Preto, recebe um parque tem\u00e1tico para crian\u00e7as de at\u00e9 12 anos. A atra\u00e7\u00e3o fica at\u00e9 dia 5 de abril e os ingressos podem ser adquiridos presencialmente ou pelo aplicativo do centro de compras. A atra\u00e7\u00e3o \u201cCircuito da Galinha Pintadinha\u201d conta com uma galinha\u2026","rel":"","context":"In &quot;Not\u00edcias de Ribeir\u00e3o Preto-SP e Regi\u00e3o&quot;","block_context":{"text":"Not\u00edcias de Ribeir\u00e3o Preto-SP e Regi\u00e3o","link":"https:\/\/noticiasribeiraopreto.com.br\/index.php\/category\/noticias-de-ribeirao-preto-sp-e-regiao-ismael-colosi\/"},"img":{"alt_text":"","src":"https:\/\/i0.wp.com\/noticiasribeiraopreto.com.br\/wp-content\/uploads\/2024\/02\/1526c2492586b2a8b25f9fc42046e2be.jpg?fit=1200%2C800&ssl=1&resize=350%2C200","width":350,"height":200,"srcset":"https:\/\/i0.wp.com\/noticiasribeiraopreto.com.br\/wp-content\/uploads\/2024\/02\/1526c2492586b2a8b25f9fc42046e2be.jpg?fit=1200%2C800&ssl=1&resize=350%2C200 1x, https:\/\/i0.wp.com\/noticiasribeiraopreto.com.br\/wp-content\/uploads\/2024\/02\/1526c2492586b2a8b25f9fc42046e2be.jpg?fit=1200%2C800&ssl=1&resize=525%2C300 1.5x, https:\/\/i0.wp.com\/noticiasribeiraopreto.com.br\/wp-content\/uploads\/2024\/02\/1526c2492586b2a8b25f9fc42046e2be.jpg?fit=1200%2C800&ssl=1&resize=700%2C400 2x, https:\/\/i0.wp.com\/noticiasribeiraopreto.com.br\/wp-content\/uploads\/2024\/02\/1526c2492586b2a8b25f9fc42046e2be.jpg?fit=1200%2C800&ssl=1&resize=1050%2C600 3x"},"classes":[]},{"id":73277,"url":"https:\/\/noticiasribeiraopreto.com.br\/index.php\/2025\/06\/28\/regiao-de-ribeirao-preto-recebe-evento-gratuito-com-brincadeiras-musica-e-desfile-tematico\/","url_meta":{"origin":65905,"position":1},"title":"Regi\u00e3o de Ribeir\u00e3o Preto recebe evento gratuito com brincadeiras, m\u00fasica e desfile tem\u00e1tico","author":"noticiasribeiraopreto.com.br","date":"28 de June de 2025","format":false,"excerpt":"Pedregulho, cidade na regi\u00e3o de Ribeir\u00e3o Preto recebe o Circuito Credicitrus neste s\u00e1bado (28), das 16h \u00e0s 21h, na pra\u00e7a Oct\u00e1vio Qu\u00e9rcia. O tema deste ano \u00e9 \u201cAventura Safari\u201d e traz uma programa\u00e7\u00e3o especial para toda fam\u00edlia. A entrada \u00e9 gratuita. A programa\u00e7\u00e3o conta com atividades infantis como brincadeiras, pintura\u2026","rel":"","context":"In &quot;Not\u00edcias de Ribeir\u00e3o Preto-SP e Regi\u00e3o&quot;","block_context":{"text":"Not\u00edcias de Ribeir\u00e3o Preto-SP e Regi\u00e3o","link":"https:\/\/noticiasribeiraopreto.com.br\/index.php\/category\/noticias-de-ribeirao-preto-sp-e-regiao-ismael-colosi\/"},"img":{"alt_text":"","src":"https:\/\/i0.wp.com\/noticiasribeiraopreto.com.br\/wp-content\/uploads\/2025\/06\/Capturar_2025-06-28_13-49-11.webp.webp?fit=735%2C476&ssl=1&resize=350%2C200","width":350,"height":200,"srcset":"https:\/\/i0.wp.com\/noticiasribeiraopreto.com.br\/wp-content\/uploads\/2025\/06\/Capturar_2025-06-28_13-49-11.webp.webp?fit=735%2C476&ssl=1&resize=350%2C200 1x, https:\/\/i0.wp.com\/noticiasribeiraopreto.com.br\/wp-content\/uploads\/2025\/06\/Capturar_2025-06-28_13-49-11.webp.webp?fit=735%2C476&ssl=1&resize=525%2C300 1.5x, https:\/\/i0.wp.com\/noticiasribeiraopreto.com.br\/wp-content\/uploads\/2025\/06\/Capturar_2025-06-28_13-49-11.webp.webp?fit=735%2C476&ssl=1&resize=700%2C400 2x"},"classes":[]},{"id":77018,"url":"https:\/\/noticiasribeiraopreto.com.br\/index.php\/2025\/09\/10\/bebedouro-recebe-evento-safari-com-musical-e-desfile-tematico-no-fim-de-semana\/","url_meta":{"origin":65905,"position":2},"title":"Bebedouro recebe evento safari com musical e desfile tem\u00e1tico no fim de semana","author":"noticiasribeiraopreto.com.br","date":"10 de September de 2025","format":false,"excerpt":"Bebedouro, cidade a 80 quil\u00f4metros de Ribeir\u00e3o Preto, recebe neste domingo (14), a partir das 16h, a edi\u00e7\u00e3o do Circuito Credicitrus \u201cAventura Safari\u201d, que proporciona m\u00fasica ao vivo, brincadeiras e desfile tem\u00e1tico para aproveitar com toda fam\u00edlia. A entrada \u00e9 gratuita. Evento conta com uma edi\u00e7\u00e3o especial que comemora os\u2026","rel":"","context":"In &quot;Not\u00edcias de Ribeir\u00e3o Preto-SP e Regi\u00e3o&quot;","block_context":{"text":"Not\u00edcias de Ribeir\u00e3o Preto-SP e Regi\u00e3o","link":"https:\/\/noticiasribeiraopreto.com.br\/index.php\/category\/noticias-de-ribeirao-preto-sp-e-regiao-ismael-colosi\/"},"img":{"alt_text":"","src":"https:\/\/i0.wp.com\/noticiasribeiraopreto.com.br\/wp-content\/uploads\/2025\/09\/safaria-1_2025-07-15_17-39-41-1068x711-1.webp.webp?fit=1068%2C711&ssl=1&resize=350%2C200","width":350,"height":200,"srcset":"https:\/\/i0.wp.com\/noticiasribeiraopreto.com.br\/wp-content\/uploads\/2025\/09\/safaria-1_2025-07-15_17-39-41-1068x711-1.webp.webp?fit=1068%2C711&ssl=1&resize=350%2C200 1x, https:\/\/i0.wp.com\/noticiasribeiraopreto.com.br\/wp-content\/uploads\/2025\/09\/safaria-1_2025-07-15_17-39-41-1068x711-1.webp.webp?fit=1068%2C711&ssl=1&resize=525%2C300 1.5x, https:\/\/i0.wp.com\/noticiasribeiraopreto.com.br\/wp-content\/uploads\/2025\/09\/safaria-1_2025-07-15_17-39-41-1068x711-1.webp.webp?fit=1068%2C711&ssl=1&resize=700%2C400 2x, https:\/\/i0.wp.com\/noticiasribeiraopreto.com.br\/wp-content\/uploads\/2025\/09\/safaria-1_2025-07-15_17-39-41-1068x711-1.webp.webp?fit=1068%2C711&ssl=1&resize=1050%2C600 3x"},"classes":[]},{"id":33975,"url":"https:\/\/noticiasribeiraopreto.com.br\/index.php\/2024\/01\/31\/replicas-das-tacas-da-libertadores-e-da-champions-league-em-exposicao-no-shoppingsantaursula\/","url_meta":{"origin":65905,"position":3},"title":"R\u00e9plicas das Ta\u00e7as da Libertadores e da Champions League em exposi\u00e7\u00e3o no ShoppingSanta\u00darsula","author":"noticiasribeiraopreto.com.br","date":"31 de January de 2024","format":false,"excerpt":"31 de janeiro de 2024 | 13:3031 de janeiro de 2024 | 11:36 0Os apaixonados por futebol podem visitar, at\u00e9 dia 3 de fevereiro, gratuitamente, uma exposi\u00e7\u00e3o que conta com duas r\u00e9plicas id\u00eanticas das ta\u00e7as Libertadores da Am\u00e9rica e Champions League, sendo uma de cada campeonato.Promovida pela loja Bola Show,\u2026","rel":"","context":"In &quot;Not\u00edcias de Ribeir\u00e3o Preto-SP e Regi\u00e3o&quot;","block_context":{"text":"Not\u00edcias de Ribeir\u00e3o Preto-SP e Regi\u00e3o","link":"https:\/\/noticiasribeiraopreto.com.br\/index.php\/category\/noticias-de-ribeirao-preto-sp-e-regiao-ismael-colosi\/"},"img":{"alt_text":"","src":"https:\/\/i0.wp.com\/noticiasribeiraopreto.com.br\/wp-content\/uploads\/2024\/01\/IMG-6632-scaled.jpg?fit=967%2C645&ssl=1&resize=350%2C200","width":350,"height":200,"srcset":"https:\/\/i0.wp.com\/noticiasribeiraopreto.com.br\/wp-content\/uploads\/2024\/01\/IMG-6632-scaled.jpg?fit=967%2C645&ssl=1&resize=350%2C200 1x, https:\/\/i0.wp.com\/noticiasribeiraopreto.com.br\/wp-content\/uploads\/2024\/01\/IMG-6632-scaled.jpg?fit=967%2C645&ssl=1&resize=525%2C300 1.5x, https:\/\/i0.wp.com\/noticiasribeiraopreto.com.br\/wp-content\/uploads\/2024\/01\/IMG-6632-scaled.jpg?fit=967%2C645&ssl=1&resize=700%2C400 2x"},"classes":[]},{"id":64243,"url":"https:\/\/noticiasribeiraopreto.com.br\/index.php\/2025\/03\/06\/shoppingsantaursula-recebe-serie-de-encontros-com-mulheres-inspiradoras-durante-o-mes-de-marco\/","url_meta":{"origin":65905,"position":4},"title":"ShoppingSanta\u00darsula recebe s\u00e9rie de encontros com mulheres inspiradoras durante o m\u00eas de mar\u00e7o","author":"noticiasribeiraopreto.com.br","date":"6 de March de 2025","format":false,"excerpt":"Celebrando o m\u00eas da mulher com uma s\u00e9rie de encontros, o ShoppingSanta\u00darsula recebe nos dias 10, 17, 24 e 31 de mar\u00e7o, \u00e0s 18h30, o projeto \u201cEntre Mulheres\u201d. A a\u00e7\u00e3o, organizada em parceria com a comunicadora Heloisa Pedrosa, contar\u00e1 com a presen\u00e7a de mulheres de sucesso em diferentes segmentos da\u2026","rel":"","context":"In &quot;Not\u00edcias de Ribeir\u00e3o Preto-SP e Regi\u00e3o&quot;","block_context":{"text":"Not\u00edcias de Ribeir\u00e3o Preto-SP e Regi\u00e3o","link":"https:\/\/noticiasribeiraopreto.com.br\/index.php\/category\/noticias-de-ribeirao-preto-sp-e-regiao-ismael-colosi\/"},"img":{"alt_text":"","src":"https:\/\/i0.wp.com\/noticiasribeiraopreto.com.br\/wp-content\/uploads\/2025\/03\/WhatsApp-Image-2025-03-06-at-09.48.19.jpeg?fit=1200%2C800&ssl=1&resize=350%2C200","width":350,"height":200,"srcset":"https:\/\/i0.wp.com\/noticiasribeiraopreto.com.br\/wp-content\/uploads\/2025\/03\/WhatsApp-Image-2025-03-06-at-09.48.19.jpeg?fit=1200%2C800&ssl=1&resize=350%2C200 1x, https:\/\/i0.wp.com\/noticiasribeiraopreto.com.br\/wp-content\/uploads\/2025\/03\/WhatsApp-Image-2025-03-06-at-09.48.19.jpeg?fit=1200%2C800&ssl=1&resize=525%2C300 1.5x, https:\/\/i0.wp.com\/noticiasribeiraopreto.com.br\/wp-content\/uploads\/2025\/03\/WhatsApp-Image-2025-03-06-at-09.48.19.jpeg?fit=1200%2C800&ssl=1&resize=700%2C400 2x, https:\/\/i0.wp.com\/noticiasribeiraopreto.com.br\/wp-content\/uploads\/2025\/03\/WhatsApp-Image-2025-03-06-at-09.48.19.jpeg?fit=1200%2C800&ssl=1&resize=1050%2C600 3x"},"classes":[]},{"id":63941,"url":"https:\/\/noticiasribeiraopreto.com.br\/index.php\/2025\/02\/26\/campanha-de-natal-do-ribeiraoshopping-e-shoppingsantaursula-entrega-doacao-para-o-hospital-das-clinicas\/","url_meta":{"origin":65905,"position":5},"title":"Campanha de Natal do Ribeir\u00e3oShopping e ShoppingSanta\u00darsula entrega doa\u00e7\u00e3o para o Hospital das Cl\u00ednicas","author":"noticiasribeiraopreto.com.br","date":"26 de February de 2025","format":false,"excerpt":"A Multiplan, administradora de 20 shopping centers presentes em sete estados brasileiros, arrecadou R$1,1 milh\u00e3o por meio da campanha solid\u00e1ria \u201cArrecad\u00f4metro de Natal\u201d. Uma parte do valor ser\u00e1 destinado \u00e0 compra de cestas b\u00e1sicas e a outra transferida para institui\u00e7\u00f5es parceiras, beneficiando mais de 30 mil pessoas em situa\u00e7\u00e3o de\u2026","rel":"","context":"In &quot;Not\u00edcias de Ribeir\u00e3o Preto-SP e Regi\u00e3o&quot;","block_context":{"text":"Not\u00edcias de Ribeir\u00e3o Preto-SP e Regi\u00e3o","link":"https:\/\/noticiasribeiraopreto.com.br\/index.php\/category\/noticias-de-ribeirao-preto-sp-e-regiao-ismael-colosi\/"},"img":{"alt_text":"","src":"https:\/\/i0.wp.com\/noticiasribeiraopreto.com.br\/wp-content\/uploads\/2025\/02\/WhatsApp-Image-2025-02-24-at-09.50.57.jpeg?fit=1200%2C800&ssl=1&resize=350%2C200","width":350,"height":200,"srcset":"https:\/\/i0.wp.com\/noticiasribeiraopreto.com.br\/wp-content\/uploads\/2025\/02\/WhatsApp-Image-2025-02-24-at-09.50.57.jpeg?fit=1200%2C800&ssl=1&resize=350%2C200 1x, https:\/\/i0.wp.com\/noticiasribeiraopreto.com.br\/wp-content\/uploads\/2025\/02\/WhatsApp-Image-2025-02-24-at-09.50.57.jpeg?fit=1200%2C800&ssl=1&resize=525%2C300 1.5x, https:\/\/i0.wp.com\/noticiasribeiraopreto.com.br\/wp-content\/uploads\/2025\/02\/WhatsApp-Image-2025-02-24-at-09.50.57.jpeg?fit=1200%2C800&ssl=1&resize=700%2C400 2x, https:\/\/i0.wp.com\/noticiasribeiraopreto.com.br\/wp-content\/uploads\/2025\/02\/WhatsApp-Image-2025-02-24-at-09.50.57.jpeg?fit=1200%2C800&ssl=1&resize=1050%2C600 3x"},"classes":[]}],"jetpack_sharing_enabled":true,"jetpack_shortlink":"https:\/\/wp.me\/peQAOb-h8Z","_links":{"self":[{"href":"https:\/\/noticiasribeiraopreto.com.br\/index.php\/wp-json\/wp\/v2\/posts\/65905","targetHints":{"allow":["GET"]}}],"collection":[{"href":"https:\/\/noticiasribeiraopreto.com.br\/index.php\/wp-json\/wp\/v2\/posts"}],"about":[{"href":"https:\/\/noticiasribeiraopreto.com.br\/index.php\/wp-json\/wp\/v2\/types\/post"}],"author":[{"embeddable":true,"href":"https:\/\/noticiasribeiraopreto.com.br\/index.php\/wp-json\/wp\/v2\/users\/1"}],"replies":[{"embeddable":true,"href":"https:\/\/noticiasribeiraopreto.com.br\/index.php\/wp-json\/wp\/v2\/comments?post=65905"}],"version-history":[{"count":0,"href":"https:\/\/noticiasribeiraopreto.com.br\/index.php\/wp-json\/wp\/v2\/posts\/65905\/revisions"}],"wp:featuredmedia":[{"embeddable":true,"href":"https:\/\/noticiasribeiraopreto.com.br\/index.php\/wp-json\/wp\/v2\/media\/65906"}],"wp:attachment":[{"href":"https:\/\/noticiasribeiraopreto.com.br\/index.php\/wp-json\/wp\/v2\/media?parent=65905"}],"wp:term":[{"taxonomy":"category","embeddable":true,"href":"https:\/\/noticiasribeiraopreto.com.br\/index.php\/wp-json\/wp\/v2\/categories?post=65905"},{"taxonomy":"post_tag","embeddable":true,"href":"https:\/\/noticiasribeiraopreto.com.br\/index.php\/wp-json\/wp\/v2\/tags?post=65905"}],"curies":[{"name":"wp","href":"https:\/\/api.w.org\/{rel}","templated":true}]}}