{"id":65909,"date":"2025-03-25T19:38:45","date_gmt":"2025-03-25T22:38:45","guid":{"rendered":"https:\/\/noticiasribeiraopreto.com.br\/index.php\/2025\/03\/25\/show-do-capital-inicial-arrecada-16-tonelada-de-alimentos-para-o-fundo-social-de-solidariedade-de-ribeirao-preto\/"},"modified":"2025-03-25T19:38:45","modified_gmt":"2025-03-25T22:38:45","slug":"show-do-capital-inicial-arrecada-16-tonelada-de-alimentos-para-o-fundo-social-de-solidariedade-de-ribeirao-preto","status":"publish","type":"post","link":"https:\/\/noticiasribeiraopreto.com.br\/index.php\/2025\/03\/25\/show-do-capital-inicial-arrecada-16-tonelada-de-alimentos-para-o-fundo-social-de-solidariedade-de-ribeirao-preto\/","title":{"rendered":"Show do Capital Inicial arrecada 1,6 tonelada de alimentos para o Fundo Social de Solidariedade de Ribeir\u00e3o Preto"},"content":{"rendered":"<div class='code-block code-block-1' style='margin: 8px 0 8px auto; text-align: right; display: block; clear: both;'>\n<p><a href=\"https:\/\/wa.link\/vpicfd\"><img data-recalc-dims=\"1\" class=\"wp-image-4922\" style=\"aspect-ratio: 2.0253164556962027; width: 561px; height: auto;\" src=\"https:\/\/i0.wp.com\/ismaelcolosi.com.br\/wp-content\/uploads\/2023\/11\/grupo-de-empregos-whatsapp-e-facebook-ismael-colosi-vagas.jpg?ssl=1\" alt=\"\" \/><\/a><\/p>\n<!-- \/wp:image -->\n<\/div>\n<p> <br \/>\n<\/p>\n<div>\n<p>Se em cima do palco a Banda Capital Inicial deu um verdadeiro show com a turn\u00ea que celebra os 25 anos do \u00e1lbum ac\u00fastico, fora dele, a solidariedade tamb\u00e9m teve seu espa\u00e7o. A apresenta\u00e7\u00e3o, realizada no \u00faltimo s\u00e1bado, 22, reuniu mais de 5 mil pessoas e arrecadou 1,6 tonelada de alimentos que foram destinados ao Fundo Social de Solidariedade (FSS) da Prefeitura de Ribeir\u00e3o Preto.<\/p>\n<p>A iniciativa faz parte de uma parceria entre os promotores do show, Talk Produ\u00e7\u00f5es e For All, e o Fundo Social de Solidariedade de Ribeir\u00e3o Preto, com apoio de diversas Organiza\u00e7\u00f5es da Sociedade Civil (OSCs) que atuaram como volunt\u00e1rias na coleta das doa\u00e7\u00f5es.<\/p>\n<p>\u201cA cultura tem um papel transformador e pode ser uma ferramenta de mobiliza\u00e7\u00e3o social. Estamos muito felizes com a ades\u00e3o do p\u00fablico e por colaborar com uma causa t\u00e3o importante ao lado do Fundo Social de Solidariedade de Ribeir\u00e3o Preto\u201d, afirma Cristiano Rezende, da Talk Produ\u00e7\u00f5es.<\/p>\n<p>A presidente do FSS, Carol Silva, ressaltou a import\u00e2ncia da parceria. \u201cEles tiveram a sensibilidade social em ajudar as entidades. S\u00e3o produtores que fazem trabalhos culturais exemplares na cidade e mostraram empatia com a popula\u00e7\u00e3o em situa\u00e7\u00e3o de fragilidade social. Fez toda a diferen\u00e7a a atitude deles.\u201d<\/p>\n<p>Os alimentos arrecadados j\u00e1 come\u00e7aram a ser separados e distribu\u00eddos entre as OSCs, que far\u00e3o o repasse \u00e0s fam\u00edlias em situa\u00e7\u00e3o de vulnerabilidade social atendidas pelas entidades.<\/p>\n<p>&#13;<br \/>\n\t\t\t\t<span class=\"post-views-icon dashicons dashicons-chart-bar\"\/> <span class=\"post-views-label\">Visualiza\u00e7\u00f5es:<\/span> <span class=\"post-views-count\">10<\/span>&#13;\n\t\t\t<\/p>\n<\/p><\/div>\n<p><br \/>\n<br \/><a href=\"https:\/\/folhaderibeirao.com.br\/2025\/03\/25\/show-do-capital-inicial-arrecada-16-tonelada-de-alimentos-para-o-fundo-social-de-solidariedade-de-ribeirao-preto\/\">Source link <\/a><\/p>\n<!-- CONTENT END 1 -->\n","protected":false},"excerpt":{"rendered":"<p>Se em cima do palco a Banda Capital Inicial deu um verdadeiro show com a turn\u00ea que celebra os 25 anos do \u00e1lbum ac\u00fastico, fora&#8230;<\/p>\n","protected":false},"author":1,"featured_media":65910,"comment_status":"open","ping_status":"open","sticky":false,"template":"","format":"standard","meta":{"advanced_seo_description":"","jetpack_seo_html_title":"","jetpack_seo_noindex":false,"jetpack_post_was_ever_published":false,"_jetpack_newsletter_access":"","_jetpack_dont_email_post_to_subs":false,"_jetpack_newsletter_tier_id":0,"_jetpack_memberships_contains_paywalled_content":false,"_jetpack_memberships_contains_paid_content":false,"footnotes":"","jetpack_publicize_message":"","jetpack_publicize_feature_enabled":true,"jetpack_social_post_already_shared":true,"jetpack_social_options":{"image_generator_settings":{"template":"highway","default_image_id":0,"font":"","enabled":false},"version":2}},"categories":[11],"tags":[2892,2042,2443,1182,6268,71,27,26,360,1754,869,6336],"class_list":["post-65909","post","type-post","status-publish","format-standard","has-post-thumbnail","hentry","category-noticias-de-ribeirao-preto-sp-e-regiao-ismael-colosi","tag-alimentos","tag-arrecada","tag-capital","tag-fundo","tag-inicial","tag-para","tag-preto","tag-ribeirao","tag-show","tag-social","tag-solidariedade","tag-tonelada"],"jetpack_publicize_connections":[],"jetpack_featured_media_url":"https:\/\/i0.wp.com\/noticiasribeiraopreto.com.br\/wp-content\/uploads\/2025\/03\/WhatsApp-Image-2025-03-25-at-15.59.50.jpeg?fit=1600%2C1200&ssl=1","jetpack-related-posts":[{"id":41936,"url":"https:\/\/noticiasribeiraopreto.com.br\/index.php\/2024\/03\/12\/show-do-jao-arrecada-25-toneladas-de-alimentos-em-ribeirao-preto\/","url_meta":{"origin":65909,"position":0},"title":"Show do J\u00e3o arrecada 2,5 toneladas de alimentos em Ribeir\u00e3o Preto","author":"noticiasribeiraopreto.com.br","date":"12 de March de 2024","format":false,"excerpt":"O show do cantor J\u00e3o na \u201cSuperturn\u00ea\u201d, em Ribeir\u00e3o Preto, arrecadou 2,5 toneladas em alimentos n\u00e3o perec\u00edveis para doa\u00e7\u00e3o a entidades da cidade, por meio do Fundo Social de Solidariedade (FSS). O evento aconteceu no \u00faltimo s\u00e1bado (9), no Est\u00e1dio Palma Travassos (Comercial). O evento contou com a op\u00e7\u00e3o de\u00a0\u201cingresso\u2026","rel":"","context":"In &quot;Not\u00edcias de Ribeir\u00e3o Preto-SP e Regi\u00e3o&quot;","block_context":{"text":"Not\u00edcias de Ribeir\u00e3o Preto-SP e Regi\u00e3o","link":"https:\/\/noticiasribeiraopreto.com.br\/index.php\/category\/noticias-de-ribeirao-preto-sp-e-regiao-ismael-colosi\/"},"img":{"alt_text":"","src":"https:\/\/i0.wp.com\/noticiasribeiraopreto.com.br\/wp-content\/uploads\/2024\/03\/fss_turne_jao_1.jpg?fit=1044%2C692&ssl=1&resize=350%2C200","width":350,"height":200,"srcset":"https:\/\/i0.wp.com\/noticiasribeiraopreto.com.br\/wp-content\/uploads\/2024\/03\/fss_turne_jao_1.jpg?fit=1044%2C692&ssl=1&resize=350%2C200 1x, https:\/\/i0.wp.com\/noticiasribeiraopreto.com.br\/wp-content\/uploads\/2024\/03\/fss_turne_jao_1.jpg?fit=1044%2C692&ssl=1&resize=525%2C300 1.5x, https:\/\/i0.wp.com\/noticiasribeiraopreto.com.br\/wp-content\/uploads\/2024\/03\/fss_turne_jao_1.jpg?fit=1044%2C692&ssl=1&resize=700%2C400 2x"},"classes":[]},{"id":35415,"url":"https:\/\/noticiasribeiraopreto.com.br\/index.php\/2024\/02\/06\/bloco-california-arrecada-mais-de-2-toneladas-de-alimentos-em-ribeirao\/","url_meta":{"origin":65909,"position":1},"title":"Bloco Calif\u00f3rnia arrecada mais de 2 toneladas de alimentos em Ribeir\u00e3o","author":"noticiasribeiraopreto.com.br","date":"6 de February de 2024","format":false,"excerpt":"O Bloco Calif\u00f3rnia 2024 arrecadou 2,5 toneladas de alimentos n\u00e3o perec\u00edveis para doa\u00e7\u00e3o a entidades, por meio do Fundo Social de Solidariedade (FSS) de Ribeir\u00e3o Preto. O evento aconteceu no \u00faltimo s\u00e1bado (3), no Est\u00e1dio Palma Travassos (Comercial), e reuniu mais de 15 mil pessoas. O bloco contou com a\u2026","rel":"","context":"In &quot;Not\u00edcias de Ribeir\u00e3o Preto-SP e Regi\u00e3o&quot;","block_context":{"text":"Not\u00edcias de Ribeir\u00e3o Preto-SP e Regi\u00e3o","link":"https:\/\/noticiasribeiraopreto.com.br\/index.php\/category\/noticias-de-ribeirao-preto-sp-e-regiao-ismael-colosi\/"},"img":{"alt_text":"","src":"https:\/\/i0.wp.com\/noticiasribeiraopreto.com.br\/wp-content\/uploads\/2024\/02\/alimentos_fundo_social_5.jpg?fit=1200%2C900&ssl=1&resize=350%2C200","width":350,"height":200,"srcset":"https:\/\/i0.wp.com\/noticiasribeiraopreto.com.br\/wp-content\/uploads\/2024\/02\/alimentos_fundo_social_5.jpg?fit=1200%2C900&ssl=1&resize=350%2C200 1x, https:\/\/i0.wp.com\/noticiasribeiraopreto.com.br\/wp-content\/uploads\/2024\/02\/alimentos_fundo_social_5.jpg?fit=1200%2C900&ssl=1&resize=525%2C300 1.5x, https:\/\/i0.wp.com\/noticiasribeiraopreto.com.br\/wp-content\/uploads\/2024\/02\/alimentos_fundo_social_5.jpg?fit=1200%2C900&ssl=1&resize=700%2C400 2x, https:\/\/i0.wp.com\/noticiasribeiraopreto.com.br\/wp-content\/uploads\/2024\/02\/alimentos_fundo_social_5.jpg?fit=1200%2C900&ssl=1&resize=1050%2C600 3x"},"classes":[]},{"id":63945,"url":"https:\/\/noticiasribeiraopreto.com.br\/index.php\/2025\/02\/26\/bloco-california-entrega-tres-toneladas-de-alimentos-ao-fundo-social-de-solidariedade\/","url_meta":{"origin":65909,"position":2},"title":"Bloco Calif\u00f3rnia entrega tr\u00eas toneladas de alimentos ao Fundo Social de Solidariedade","author":"noticiasribeiraopreto.com.br","date":"26 de February de 2025","format":false,"excerpt":"Maior pr\u00e9-carnaval de Ribeir\u00e3o Preto e regi\u00e3o, o Bloco Calif\u00f3rnia embalou os foli\u00f5es e deu um show de solidariedade no \u00faltimo s\u00e1bado, 22 de fevereiro. Com mais de 15 mil pessoas reunidas para a folia antecipada, o evento arrecadou tr\u00eas toneladas de alimentos n\u00e3o perec\u00edveis com a op\u00e7\u00e3o de ingresso\u2026","rel":"","context":"In &quot;Not\u00edcias de Ribeir\u00e3o Preto-SP e Regi\u00e3o&quot;","block_context":{"text":"Not\u00edcias de Ribeir\u00e3o Preto-SP e Regi\u00e3o","link":"https:\/\/noticiasribeiraopreto.com.br\/index.php\/category\/noticias-de-ribeirao-preto-sp-e-regiao-ismael-colosi\/"},"img":{"alt_text":"","src":"https:\/\/i0.wp.com\/noticiasribeiraopreto.com.br\/wp-content\/uploads\/2025\/02\/WhatsApp-Image-2025-02-25-at-15.14.41.jpeg?fit=1200%2C800&ssl=1&resize=350%2C200","width":350,"height":200,"srcset":"https:\/\/i0.wp.com\/noticiasribeiraopreto.com.br\/wp-content\/uploads\/2025\/02\/WhatsApp-Image-2025-02-25-at-15.14.41.jpeg?fit=1200%2C800&ssl=1&resize=350%2C200 1x, https:\/\/i0.wp.com\/noticiasribeiraopreto.com.br\/wp-content\/uploads\/2025\/02\/WhatsApp-Image-2025-02-25-at-15.14.41.jpeg?fit=1200%2C800&ssl=1&resize=525%2C300 1.5x, https:\/\/i0.wp.com\/noticiasribeiraopreto.com.br\/wp-content\/uploads\/2025\/02\/WhatsApp-Image-2025-02-25-at-15.14.41.jpeg?fit=1200%2C800&ssl=1&resize=700%2C400 2x, https:\/\/i0.wp.com\/noticiasribeiraopreto.com.br\/wp-content\/uploads\/2025\/02\/WhatsApp-Image-2025-02-25-at-15.14.41.jpeg?fit=1200%2C800&ssl=1&resize=1050%2C600 3x"},"classes":[]},{"id":69839,"url":"https:\/\/noticiasribeiraopreto.com.br\/index.php\/2025\/05\/09\/fundo-social-recebeu-12-toneladas-de-alimentos-do-ribeirao-rodeo-music\/","url_meta":{"origin":65909,"position":3},"title":"Fundo Social recebeu 12 toneladas de alimentos do Ribeir\u00e3o Rodeo Music","author":"noticiasribeiraopreto.com.br","date":"9 de May de 2025","format":false,"excerpt":"O Fundo Social de Solidariedade de Ribeir\u00e3o Preto recebeu 12 toneladas de alimentos arrecadados durante os quatro dias do Ribeir\u00e3o Rodeo Music. O evento aconteceu nos dias 26 e 30 de abril e 2 e 3 de maio, no Parque Permanente de Exposi\u00e7\u00f5es. De acordo com o Fundo Social de\u2026","rel":"","context":"In &quot;Not\u00edcias de Ribeir\u00e3o Preto-SP e Regi\u00e3o&quot;","block_context":{"text":"Not\u00edcias de Ribeir\u00e3o Preto-SP e Regi\u00e3o","link":"https:\/\/noticiasribeiraopreto.com.br\/index.php\/category\/noticias-de-ribeirao-preto-sp-e-regiao-ismael-colosi\/"},"img":{"alt_text":"","src":"https:\/\/i0.wp.com\/noticiasribeiraopreto.com.br\/wp-content\/uploads\/2025\/05\/alimentos-RRM_2025-05-09_20-31-03.webp.webp?fit=1200%2C800&ssl=1&resize=350%2C200","width":350,"height":200,"srcset":"https:\/\/i0.wp.com\/noticiasribeiraopreto.com.br\/wp-content\/uploads\/2025\/05\/alimentos-RRM_2025-05-09_20-31-03.webp.webp?fit=1200%2C800&ssl=1&resize=350%2C200 1x, https:\/\/i0.wp.com\/noticiasribeiraopreto.com.br\/wp-content\/uploads\/2025\/05\/alimentos-RRM_2025-05-09_20-31-03.webp.webp?fit=1200%2C800&ssl=1&resize=525%2C300 1.5x, https:\/\/i0.wp.com\/noticiasribeiraopreto.com.br\/wp-content\/uploads\/2025\/05\/alimentos-RRM_2025-05-09_20-31-03.webp.webp?fit=1200%2C800&ssl=1&resize=700%2C400 2x, https:\/\/i0.wp.com\/noticiasribeiraopreto.com.br\/wp-content\/uploads\/2025\/05\/alimentos-RRM_2025-05-09_20-31-03.webp.webp?fit=1200%2C800&ssl=1&resize=1050%2C600 3x"},"classes":[]},{"id":69858,"url":"https:\/\/noticiasribeiraopreto.com.br\/index.php\/2025\/05\/09\/fundo-social-recebe-12-toneladas-de-alimentos-do-ribeirao-rodeo-music\/","url_meta":{"origin":65909,"position":4},"title":"Fundo Social recebe 12 toneladas de alimentos do Ribeir\u00e3o Rodeo Music","author":"noticiasribeiraopreto.com.br","date":"9 de May de 2025","format":false,"excerpt":"O Fundo Social de Solidariedade de Ribeir\u00e3o Preto recebeu 12 toneladas de alimentos arrecadados durante os quatro dias do Ribeir\u00e3o Rodeo Music. O evento aconteceu nos dias 26 e 30 de abril e 2 e 3 de maio, no Parque Permanente de Exposi\u00e7\u00f5es. De acordo com o Fundo Social de\u2026","rel":"","context":"In &quot;Not\u00edcias de Ribeir\u00e3o Preto-SP e Regi\u00e3o&quot;","block_context":{"text":"Not\u00edcias de Ribeir\u00e3o Preto-SP e Regi\u00e3o","link":"https:\/\/noticiasribeiraopreto.com.br\/index.php\/category\/noticias-de-ribeirao-preto-sp-e-regiao-ismael-colosi\/"},"img":{"alt_text":"","src":"https:\/\/i0.wp.com\/noticiasribeiraopreto.com.br\/wp-content\/uploads\/2025\/05\/alimentos-RRM_2025-05-09_20-31-03.webp.webp?fit=1200%2C800&ssl=1&resize=350%2C200","width":350,"height":200,"srcset":"https:\/\/i0.wp.com\/noticiasribeiraopreto.com.br\/wp-content\/uploads\/2025\/05\/alimentos-RRM_2025-05-09_20-31-03.webp.webp?fit=1200%2C800&ssl=1&resize=350%2C200 1x, https:\/\/i0.wp.com\/noticiasribeiraopreto.com.br\/wp-content\/uploads\/2025\/05\/alimentos-RRM_2025-05-09_20-31-03.webp.webp?fit=1200%2C800&ssl=1&resize=525%2C300 1.5x, https:\/\/i0.wp.com\/noticiasribeiraopreto.com.br\/wp-content\/uploads\/2025\/05\/alimentos-RRM_2025-05-09_20-31-03.webp.webp?fit=1200%2C800&ssl=1&resize=700%2C400 2x, https:\/\/i0.wp.com\/noticiasribeiraopreto.com.br\/wp-content\/uploads\/2025\/05\/alimentos-RRM_2025-05-09_20-31-03.webp.webp?fit=1200%2C800&ssl=1&resize=1050%2C600 3x"},"classes":[]},{"id":48894,"url":"https:\/\/noticiasribeiraopreto.com.br\/index.php\/2024\/05\/07\/fundo-social-de-ribeirao-recebe-20-toneladas-de-doacoes-para-o-rio-grande-do-sul\/","url_meta":{"origin":65909,"position":5},"title":"Fundo Social de Ribeir\u00e3o recebe 20 toneladas de doa\u00e7\u00f5es para o Rio Grande do Sul","author":"noticiasribeiraopreto.com.br","date":"7 de May de 2024","format":false,"excerpt":"O Fundo Social de Solidariedade (FSS) de Ribeir\u00e3o Preto recebeu 20 toneladas de doa\u00e7\u00f5es para as v\u00edtimas das chuvas no Rio Grande do Sul. O balan\u00e7o foi divulgado no fim da tarde desta segunda (6) e a campanha continua. A a\u00e7\u00e3o teve in\u00edcio no \u00faltimo s\u00e1bado (4) e entre as\u2026","rel":"","context":"In &quot;Not\u00edcias de Ribeir\u00e3o Preto-SP e Regi\u00e3o&quot;","block_context":{"text":"Not\u00edcias de Ribeir\u00e3o Preto-SP e Regi\u00e3o","link":"https:\/\/noticiasribeiraopreto.com.br\/index.php\/category\/noticias-de-ribeirao-preto-sp-e-regiao-ismael-colosi\/"},"img":{"alt_text":"","src":"https:\/\/i0.wp.com\/noticiasribeiraopreto.com.br\/wp-content\/uploads\/2024\/05\/campanha_enchentes_2_2024-05-07_15-33-32_jpeg_2024-05-07_15-33-33.webp.webp?fit=1200%2C900&ssl=1&resize=350%2C200","width":350,"height":200,"srcset":"https:\/\/i0.wp.com\/noticiasribeiraopreto.com.br\/wp-content\/uploads\/2024\/05\/campanha_enchentes_2_2024-05-07_15-33-32_jpeg_2024-05-07_15-33-33.webp.webp?fit=1200%2C900&ssl=1&resize=350%2C200 1x, https:\/\/i0.wp.com\/noticiasribeiraopreto.com.br\/wp-content\/uploads\/2024\/05\/campanha_enchentes_2_2024-05-07_15-33-32_jpeg_2024-05-07_15-33-33.webp.webp?fit=1200%2C900&ssl=1&resize=525%2C300 1.5x, https:\/\/i0.wp.com\/noticiasribeiraopreto.com.br\/wp-content\/uploads\/2024\/05\/campanha_enchentes_2_2024-05-07_15-33-32_jpeg_2024-05-07_15-33-33.webp.webp?fit=1200%2C900&ssl=1&resize=700%2C400 2x, https:\/\/i0.wp.com\/noticiasribeiraopreto.com.br\/wp-content\/uploads\/2024\/05\/campanha_enchentes_2_2024-05-07_15-33-32_jpeg_2024-05-07_15-33-33.webp.webp?fit=1200%2C900&ssl=1&resize=1050%2C600 3x"},"classes":[]}],"jetpack_sharing_enabled":true,"jetpack_shortlink":"https:\/\/wp.me\/peQAOb-h93","_links":{"self":[{"href":"https:\/\/noticiasribeiraopreto.com.br\/index.php\/wp-json\/wp\/v2\/posts\/65909","targetHints":{"allow":["GET"]}}],"collection":[{"href":"https:\/\/noticiasribeiraopreto.com.br\/index.php\/wp-json\/wp\/v2\/posts"}],"about":[{"href":"https:\/\/noticiasribeiraopreto.com.br\/index.php\/wp-json\/wp\/v2\/types\/post"}],"author":[{"embeddable":true,"href":"https:\/\/noticiasribeiraopreto.com.br\/index.php\/wp-json\/wp\/v2\/users\/1"}],"replies":[{"embeddable":true,"href":"https:\/\/noticiasribeiraopreto.com.br\/index.php\/wp-json\/wp\/v2\/comments?post=65909"}],"version-history":[{"count":0,"href":"https:\/\/noticiasribeiraopreto.com.br\/index.php\/wp-json\/wp\/v2\/posts\/65909\/revisions"}],"wp:featuredmedia":[{"embeddable":true,"href":"https:\/\/noticiasribeiraopreto.com.br\/index.php\/wp-json\/wp\/v2\/media\/65910"}],"wp:attachment":[{"href":"https:\/\/noticiasribeiraopreto.com.br\/index.php\/wp-json\/wp\/v2\/media?parent=65909"}],"wp:term":[{"taxonomy":"category","embeddable":true,"href":"https:\/\/noticiasribeiraopreto.com.br\/index.php\/wp-json\/wp\/v2\/categories?post=65909"},{"taxonomy":"post_tag","embeddable":true,"href":"https:\/\/noticiasribeiraopreto.com.br\/index.php\/wp-json\/wp\/v2\/tags?post=65909"}],"curies":[{"name":"wp","href":"https:\/\/api.w.org\/{rel}","templated":true}]}}