{"id":65942,"date":"2025-03-26T02:45:21","date_gmt":"2025-03-26T05:45:21","guid":{"rendered":"https:\/\/noticiasribeiraopreto.com.br\/index.php\/2025\/03\/26\/jornal-da-franca-a-terrivel-dor-de-pedra-nos-rins-e-alimentos-o-que-evitar-e-o-que-incluir-na-dieta\/"},"modified":"2025-03-26T02:45:21","modified_gmt":"2025-03-26T05:45:21","slug":"jornal-da-franca-a-terrivel-dor-de-pedra-nos-rins-e-alimentos-o-que-evitar-e-o-que-incluir-na-dieta","status":"publish","type":"post","link":"https:\/\/noticiasribeiraopreto.com.br\/index.php\/2025\/03\/26\/jornal-da-franca-a-terrivel-dor-de-pedra-nos-rins-e-alimentos-o-que-evitar-e-o-que-incluir-na-dieta\/","title":{"rendered":"Jornal da Franca &#8211; A terr\u00edvel dor de pedra nos rins e alimentos: o que evitar e o que incluir na dieta?"},"content":{"rendered":"<p> <br \/>\n<\/p>\n<div>\n\t                            <a class=\"mb-1\" href=\"https:\/\/api.whatsapp.com\/send?text=Olha essa Not\u00edcia no Jornal da Franca.%0D%0D*A terr\u00edvel dor de pedra nos rins e alimentos: o que evitar e o que incluir na dieta?*%0D%0Dclique na url abaixo%0Dhttps:\/\/www.jornaldafranca.com.br\/a-terrivel-dor-de-pedra-nos-rins-e-alimentos-o-que-evitar-e-o-que-incluir-na-dieta\/\" target=\"_blank\"><span class=\"text-12 badge badge-pill badge-success\"><i class=\"fa fa-whatsapp\"\/> compartilhar no whatsapp<\/span><\/a><\/p>\n<p>\t                            <a class=\"mb-1\" href=\"https:\/\/telegram.me\/share\/url?url=https:\/\/www.jornaldafranca.com.br\/a-terrivel-dor-de-pedra-nos-rins-e-alimentos-o-que-evitar-e-o-que-incluir-na-dieta\/&amp;text=Olha essa Not\u00edcia no Jornal da Franca.\" target=\"_blank\"><span class=\"text-12 badge badge-pill badge-info\"><i class=\"fa fa-telegram\"\/> compartilhar no telegram<\/span><\/a><\/p>\n<p>\t                            <a class=\"mb-1\" href=\"https:\/\/www.facebook.com\/sharer\/sharer.php?u=https:\/\/www.jornaldafranca.com.br\/a-terrivel-dor-de-pedra-nos-rins-e-alimentos-o-que-evitar-e-o-que-incluir-na-dieta\/\" target=\"_blank\"><span class=\"text-12 badge badge-pill badge-primary\"><i class=\"fa fa-facebook\"\/> compartilhar no facebook<\/span><\/a><\/p>\n<p>\t                            <a class=\"mb-1\" href=\"https:\/\/www.linkedin.com\/shareArticle?mini=true&amp;url=https:\/\/www.jornaldafranca.com.br\/a-terrivel-dor-de-pedra-nos-rins-e-alimentos-o-que-evitar-e-o-que-incluir-na-dieta\/&amp;title=A terr\u00edvel dor de pedra nos rins e alimentos: o que evitar e o que incluir na dieta?&amp;source=JORNAL DA FRANCA\" target=\"_blank\"><span class=\"text-12 badge badge-pill badge-secondary\"><i class=\"fa fa-linkedin\"\/> compartilhar no linkedin<\/span><\/a><\/p>\n<div class=\"lead text-20\">\n<p>Adotar h\u00e1bitos saud\u00e1veis, manter-se hidratado e equilibrar a alimenta\u00e7\u00e3o s\u00e3o boas estrat\u00e9gias para prevenir a forma\u00e7\u00e3o de pedras nos rins.<\/p>\n<\/p><\/div>\n<p><img data-recalc-dims=\"1\" decoding=\"async\" src=\"https:\/\/i0.wp.com\/www.jornaldafranca.com.br\/wp-content\/uploads\/2025\/03\/3902.jpg?ssl=1\" alt=\"\"\/><\/p>\n<p>Mar\u00e7o \u00e9 o M\u00eas de Conscientiza\u00e7\u00e3o sobre as Doen\u00e7as do Rim, um per\u00edodo dedicado \u00e0 import\u00e2ncia da preven\u00e7\u00e3o, diagn\u00f3stico precoce e tratamento adequado de condi\u00e7\u00f5es renais, como as pedras nos rins.<\/p>\n<p>Para se ter uma ideia, cerca de 12% dos homens e 6% das mulheres brasileiras desenvolver\u00e3o esse problema ao longo da vida. A condi\u00e7\u00e3o \u00e9 mais comum em adultos jovens, entre 20 e 35 anos, e afeta mais os homens.<\/p>\n<p>As pedras nos rins se formam quando subst\u00e2ncias como c\u00e1lcio, oxalato e \u00e1cido \u00farico se acumulam na urina e cristalizam, originando pequenos c\u00e1lculos que podem obstruir as vias urin\u00e1rias.<\/p>\n<p>\u201cO principal sintoma \u00e9 uma dor intensa na regi\u00e3o lombar, que pode irradiar para o abd\u00f4men e a virilha, al\u00e9m de causar dificuldade para urinar, presen\u00e7a de sangue na urina e, em alguns casos, n\u00e1useas e v\u00f4mitos\u201d, explica a nutricionista, pesquisadora cient\u00edfica e coordenadora da p\u00f3s-gradua\u00e7\u00e3o Nutri\u00e7\u00e3o de Excel\u00eancia, Aline Quissak.<\/p>\n<p><strong>C\u00e1lculos renais<\/strong><\/p>\n<p>A forma\u00e7\u00e3o de c\u00e1lculos renais pode estar associada \u00e0 predisposi\u00e7\u00e3o gen\u00e9tica, baixa ingest\u00e3o de l\u00edquidos, dieta inadequada e h\u00e1bitos de vida pouco saud\u00e1veis.<\/p>\n<p>No entanto, a boa not\u00edcia \u00e9 que a alimenta\u00e7\u00e3o desempenha um papel crucial tanto na preven\u00e7\u00e3o quanto no tratamento, ajudando a evitar o ac\u00famulo dessas subst\u00e2ncias e favorecendo sua elimina\u00e7\u00e3o antes que se tornem c\u00e1lculos maiores.<\/p>\n<p>\u201cA alimenta\u00e7\u00e3o terap\u00eautica e adequada \u00e9 uma grande aliada na preven\u00e7\u00e3o e no tratamento de diversas doen\u00e7as, incluindo as pedras nos rins. Al\u00e9m de aliviar sintomas, ela contribui para uma melhor qualidade de vida\u201d, destaca a especialista.<\/p>\n<p><strong>Alimentos que favorecem a forma\u00e7\u00e3o de pedras nos rins<\/strong><\/p>\n<p>\u00c9 importante destacar que nenhum alimento isolado causa pedras nos rins, mas alguns fatores diet\u00e9ticos podem aumentar o risco em pessoas predispostas.<\/p>\n<p>Os principais vil\u00f5es s\u00e3o a baixa ingest\u00e3o de \u00e1gua, o alto consumo de produtos industrializados e a ingest\u00e3o excessiva de s\u00f3dio e refrigerantes:<\/p>\n<p><strong>Baixa ingest\u00e3o de \u00e1gua:\u00a0<\/strong>Quando a urina fica mais concentrada, as subst\u00e2ncias formadoras de c\u00e1lculos t\u00eam maior facilidade para cristalizar.<\/p>\n<p><strong>Alimentos ultraprocessados e ricos em s\u00f3dio:<\/strong>\u00a0O excesso de s\u00f3dio na alimenta\u00e7\u00e3o aumenta a excre\u00e7\u00e3o de c\u00e1lcio pelos rins, favorecendo a forma\u00e7\u00e3o de pedras de oxalato de c\u00e1lcio.<\/p>\n<p><strong>Refrigerantes e bebidas ado\u00e7adas:<\/strong>\u00a0Cont\u00eam \u00e1cido fosf\u00f3rico e frutose em excesso, que promovem um ambiente \u00e1cido nos rins, aumentando o risco de c\u00e1lculos.<\/p>\n<p><strong>Oxalato<\/strong><\/p>\n<p>Al\u00e9m disso, pessoas com tend\u00eancia a c\u00e1lculos renais devem ter cuidado moderado com alimentos ricos em oxalato.<\/p>\n<p>Esses alimentos n\u00e3o causam pedras nos rins diretamente, mas podem aumentar o risco em quem j\u00e1 tem predisposi\u00e7\u00e3o gen\u00e9tica ou baixo consumo de l\u00edquidos. Entre eles est\u00e3o: espinafre, beterraba, batata-doce, nozes, chocolate e ch\u00e1 preto.<\/p>\n<p>Uma estrat\u00e9gia eficaz para minimizar o impacto do oxalato na forma\u00e7\u00e3o de c\u00e1lculos \u00e9 consumi-lo junto com fontes de c\u00e1lcio. Isso ocorre porque o c\u00e1lcio se liga ao oxalato no intestino, reduzindo sua absor\u00e7\u00e3o e evitando que ele seja filtrado pelos rins. Exemplo: comer espinafre com queijo ou iogurte pode ajudar a neutralizar esse efeito.<\/p>\n<p><strong>O que comer para prevenir pedras nos rins?<\/strong><\/p>\n<p>Para manter os rins saud\u00e1veis e reduzir o risco de c\u00e1lculos, \u00e9 essencial incluir na dieta:<\/p>\n<p><strong>\u00c1gua:<\/strong> A hidrata\u00e7\u00e3o adequada dilui a urina e impede a cristaliza\u00e7\u00e3o de subst\u00e2ncias que formam c\u00e1lculos. O ideal \u00e9 beber pelo menos 2 a 3 litros de \u00e1gua por dia.<\/p>\n<p><strong>Frutas c\u00edtricas:<\/strong> Lim\u00e3o, laranja e toranja s\u00e3o ricos em citrato, que inibe a forma\u00e7\u00e3o de pedras de c\u00e1lcio.<\/p>\n<p><strong>Vegetais de baixo oxalato:<\/strong> Br\u00f3colis, couve-flor e pepino s\u00e3o boas alternativas.<\/p>\n<p><strong>Alimentos ricos em c\u00e1lcio:<\/strong> Leite, iogurte, am\u00eandoas e tofu ajudam a reduzir a absor\u00e7\u00e3o de oxalato.<\/p>\n<p><strong>Gr\u00e3os integrais:<\/strong> Aveia, quinoa e arroz integral auxiliam no bom funcionamento renal.<\/p>\n<p><strong>Ervas e especiarias:<\/strong> Manjeric\u00e3o, salsa e c\u00farcuma s\u00e3o boas alternativas para temperar os alimentos sem excesso de sal.<\/p>\n<p><strong>Ch\u00e1s de ervas:<\/strong> Hortel\u00e3 e hibisco s\u00e3o \u00f3timas op\u00e7\u00f5es para substituir o ch\u00e1 preto e o ch\u00e1-mate.<\/p>\n<p><strong>H\u00e1bitos saud\u00e1veis<\/strong><\/p>\n<p>Adotar h\u00e1bitos saud\u00e1veis, manter-se hidratado e equilibrar a alimenta\u00e7\u00e3o s\u00e3o estrat\u00e9gias fundamentais para prevenir a forma\u00e7\u00e3o de pedras nos rins.<\/p>\n<p>Esses cuidados tamb\u00e9m promovem a sa\u00fade geral dos rins, garantindo sua fun\u00e7\u00e3o de filtrar o sangue, eliminar toxinas e equilibrar os minerais no organismo.<\/p>\n<p>Com rins saud\u00e1veis, \u00e9 poss\u00edvel regular a press\u00e3o arterial, evitar reten\u00e7\u00e3o de l\u00edquidos e manter o corpo em harmonia.<\/p>\n<p><!-- CONTENT END 1 --><\/p>\n<hr\/><\/div>\n<p><br \/>\n<br \/><a href=\"https:\/\/www.jornaldafranca.com.br\/a-terrivel-dor-de-pedra-nos-rins-e-alimentos-o-que-evitar-e-o-que-incluir-na-dieta\/\">Source link <\/a><\/p>\n","protected":false},"excerpt":{"rendered":"<p>compartilhar no whatsapp compartilhar no telegram compartilhar no facebook compartilhar no linkedin Adotar h\u00e1bitos saud\u00e1veis, manter-se hidratado e equilibrar a alimenta\u00e7\u00e3o s\u00e3o boas estrat\u00e9gias para&#8230;<\/p>\n","protected":false},"author":1,"featured_media":65943,"comment_status":"open","ping_status":"open","sticky":false,"template":"","format":"standard","meta":{"advanced_seo_description":"","jetpack_seo_html_title":"","jetpack_seo_noindex":false,"jetpack_post_was_ever_published":false,"_jetpack_newsletter_access":"","_jetpack_dont_email_post_to_subs":false,"_jetpack_newsletter_tier_id":0,"_jetpack_memberships_contains_paywalled_content":false,"_jetpack_memberships_contains_paid_content":false,"footnotes":"","jetpack_publicize_message":"","jetpack_publicize_feature_enabled":true,"jetpack_social_post_already_shared":true,"jetpack_social_options":{"image_generator_settings":{"template":"highway","default_image_id":0,"font":"","enabled":false},"version":2}},"categories":[3597],"tags":[],"class_list":["post-65942","post","type-post","status-publish","format-standard","has-post-thumbnail","hentry","category-noticias-franca-sp"],"jetpack_publicize_connections":[],"jetpack_featured_media_url":"https:\/\/i0.wp.com\/noticiasribeiraopreto.com.br\/wp-content\/uploads\/2025\/03\/3902.jpg?fit=1000%2C667&ssl=1","jetpack-related-posts":[{"id":69340,"url":"https:\/\/noticiasribeiraopreto.com.br\/index.php\/2025\/05\/05\/jornal-da-franca-implantacao-de-escola-civico-militar-em-franca-e-tema-de-debates-na-camara-municipal\/","url_meta":{"origin":65942,"position":0},"title":"Jornal da Franca &#8211; Implanta\u00e7\u00e3o de escola c\u00edvico-militar em Franca \u00e9 tema de debates na C\u00e2mara Municipal","author":"noticiasribeiraopreto.com.br","date":"5 de May de 2025","format":false,"excerpt":"compartilhar no whatsapp compartilhar no telegram compartilhar no facebook compartilhar no linkedin Mun\u00edcipe agradece apoio de vereadores e parlamentares para que Franca fosse contemplada com o modelo educacional A implanta\u00e7\u00e3o do Programa das Escolas C\u00edvico-Militares em Franca, pauta defendida pela direita, foi tema abordado durante a sess\u00e3o ordin\u00e1ria da C\u00e2mara\u2026","rel":"","context":"In &quot;Not\u00edcias de Franca-SP&quot;","block_context":{"text":"Not\u00edcias de Franca-SP","link":"https:\/\/noticiasribeiraopreto.com.br\/index.php\/category\/noticias-de-ribeirao-preto-sp-e-regiao-ismael-colosi\/noticias-franca-sp\/"},"img":{"alt_text":"","src":"https:\/\/i0.wp.com\/noticiasribeiraopreto.com.br\/wp-content\/uploads\/2025\/05\/1746449336_plenariodiagonal_0.jpg?fit=930%2C558&ssl=1&resize=350%2C200","width":350,"height":200,"srcset":"https:\/\/i0.wp.com\/noticiasribeiraopreto.com.br\/wp-content\/uploads\/2025\/05\/1746449336_plenariodiagonal_0.jpg?fit=930%2C558&ssl=1&resize=350%2C200 1x, https:\/\/i0.wp.com\/noticiasribeiraopreto.com.br\/wp-content\/uploads\/2025\/05\/1746449336_plenariodiagonal_0.jpg?fit=930%2C558&ssl=1&resize=525%2C300 1.5x, https:\/\/i0.wp.com\/noticiasribeiraopreto.com.br\/wp-content\/uploads\/2025\/05\/1746449336_plenariodiagonal_0.jpg?fit=930%2C558&ssl=1&resize=700%2C400 2x"},"classes":[]},{"id":67863,"url":"https:\/\/noticiasribeiraopreto.com.br\/index.php\/2025\/04\/19\/jornal-da-franca-sesi-franca-quer-vencer-o-cordoba-e-deixar-a-champions-league-de-cabeca-erguida\/","url_meta":{"origin":65942,"position":1},"title":"Jornal da Franca &#8211; Sesi Franca quer vencer o C\u00f3rdoba e deixar a Champions League de cabe\u00e7a erguida","author":"noticiasribeiraopreto.com.br","date":"19 de April de 2025","format":false,"excerpt":"compartilhar no whatsapp compartilhar no telegram compartilhar no facebook compartilhar no linkedin Jogo de hoje servir\u00e1 para a equipe se reencontrar e encerrar campeonato honrosamente O Sesi Franca ainda procura se reencontrar ap\u00f3s a elimina\u00e7\u00e3o contra o Flamengo pelas semifinais da Champions League, por 91 a 65, na noite desta\u2026","rel":"","context":"In &quot;Not\u00edcias de Franca-SP&quot;","block_context":{"text":"Not\u00edcias de Franca-SP","link":"https:\/\/noticiasribeiraopreto.com.br\/index.php\/category\/noticias-de-ribeirao-preto-sp-e-regiao-ismael-colosi\/noticias-franca-sp\/"},"img":{"alt_text":"","src":"https:\/\/i0.wp.com\/noticiasribeiraopreto.com.br\/wp-content\/uploads\/2025\/04\/IMG_20250418_111654.jpg?fit=1080%2C710&ssl=1&resize=350%2C200","width":350,"height":200,"srcset":"https:\/\/i0.wp.com\/noticiasribeiraopreto.com.br\/wp-content\/uploads\/2025\/04\/IMG_20250418_111654.jpg?fit=1080%2C710&ssl=1&resize=350%2C200 1x, https:\/\/i0.wp.com\/noticiasribeiraopreto.com.br\/wp-content\/uploads\/2025\/04\/IMG_20250418_111654.jpg?fit=1080%2C710&ssl=1&resize=525%2C300 1.5x, https:\/\/i0.wp.com\/noticiasribeiraopreto.com.br\/wp-content\/uploads\/2025\/04\/IMG_20250418_111654.jpg?fit=1080%2C710&ssl=1&resize=700%2C400 2x, https:\/\/i0.wp.com\/noticiasribeiraopreto.com.br\/wp-content\/uploads\/2025\/04\/IMG_20250418_111654.jpg?fit=1080%2C710&ssl=1&resize=1050%2C600 3x"},"classes":[]},{"id":69085,"url":"https:\/\/noticiasribeiraopreto.com.br\/index.php\/2025\/05\/02\/jornal-da-franca-sesi-franca-basquete-varre-o-pato-por-3-a-0-e-avanca-as-quartas-de-final-do-nbb\/","url_meta":{"origin":65942,"position":2},"title":"Jornal da Franca &#8211; Sesi Franca Basquete varre o Pato por 3 a 0 e avan\u00e7a \u00e0s quartas de final do NBB","author":"noticiasribeiraopreto.com.br","date":"2 de May de 2025","format":false,"excerpt":"compartilhar no whatsapp compartilhar no telegram compartilhar no facebook compartilhar no linkedin Time venceu o Pato Basquete por 3 a 0 na s\u00e9rie melhor de cinco e setembro classificou O Sesi Franca Basquete avan\u00e7ou \u00e0s quartas de final do NBB 2024\/2025 ap\u00f3s vencer o Pato Basquete de forma incontest\u00e1vel por\u2026","rel":"","context":"In &quot;Not\u00edcias de Franca-SP&quot;","block_context":{"text":"Not\u00edcias de Franca-SP","link":"https:\/\/noticiasribeiraopreto.com.br\/index.php\/category\/noticias-de-ribeirao-preto-sp-e-regiao-ismael-colosi\/noticias-franca-sp\/"},"img":{"alt_text":"","src":"https:\/\/i0.wp.com\/noticiasribeiraopreto.com.br\/wp-content\/uploads\/2025\/05\/IMG_20250502_043552.jpg?fit=1080%2C712&ssl=1&resize=350%2C200","width":350,"height":200,"srcset":"https:\/\/i0.wp.com\/noticiasribeiraopreto.com.br\/wp-content\/uploads\/2025\/05\/IMG_20250502_043552.jpg?fit=1080%2C712&ssl=1&resize=350%2C200 1x, https:\/\/i0.wp.com\/noticiasribeiraopreto.com.br\/wp-content\/uploads\/2025\/05\/IMG_20250502_043552.jpg?fit=1080%2C712&ssl=1&resize=525%2C300 1.5x, https:\/\/i0.wp.com\/noticiasribeiraopreto.com.br\/wp-content\/uploads\/2025\/05\/IMG_20250502_043552.jpg?fit=1080%2C712&ssl=1&resize=700%2C400 2x, https:\/\/i0.wp.com\/noticiasribeiraopreto.com.br\/wp-content\/uploads\/2025\/05\/IMG_20250502_043552.jpg?fit=1080%2C712&ssl=1&resize=1050%2C600 3x"},"classes":[]},{"id":64747,"url":"https:\/\/noticiasribeiraopreto.com.br\/index.php\/2025\/03\/12\/jornal-da-franca-autoridades-e-produtores-rurais-de-franca-fazem-abertura-da-16-edicao-do-simcafe\/","url_meta":{"origin":65942,"position":3},"title":"Jornal da Franca &#8211; Autoridades e produtores rurais de Franca fazem abertura da 16\u00b0 edi\u00e7\u00e3o do SimCaf\u00e9","author":"noticiasribeiraopreto.com.br","date":"12 de March de 2025","format":false,"excerpt":"compartilhar no whatsapp compartilhar no telegram compartilhar no facebook compartilhar no linkedin Evento re\u00fane cafeicultores e empresas do setor de agro de Franca e regi\u00e3o O Simcaf\u00e9 \u2013 Simp\u00f3sio do Agroneg\u00f3cio Caf\u00e9 da Alta Mogiana \u2013 teve sua 16\u00b0 edi\u00e7\u00e3o aberta nesta ter\u00e7a-feira com a presen\u00e7a de diversas autoridades pol\u00edticas.\u2026","rel":"","context":"In &quot;Not\u00edcias de Franca-SP&quot;","block_context":{"text":"Not\u00edcias de Franca-SP","link":"https:\/\/noticiasribeiraopreto.com.br\/index.php\/category\/noticias-de-ribeirao-preto-sp-e-regiao-ismael-colosi\/noticias-franca-sp\/"},"img":{"alt_text":"","src":"https:\/\/i0.wp.com\/noticiasribeiraopreto.com.br\/wp-content\/uploads\/2025\/03\/IMG_20250311_180004.jpg?fit=804%2C730&ssl=1&resize=350%2C200","width":350,"height":200,"srcset":"https:\/\/i0.wp.com\/noticiasribeiraopreto.com.br\/wp-content\/uploads\/2025\/03\/IMG_20250311_180004.jpg?fit=804%2C730&ssl=1&resize=350%2C200 1x, https:\/\/i0.wp.com\/noticiasribeiraopreto.com.br\/wp-content\/uploads\/2025\/03\/IMG_20250311_180004.jpg?fit=804%2C730&ssl=1&resize=525%2C300 1.5x, https:\/\/i0.wp.com\/noticiasribeiraopreto.com.br\/wp-content\/uploads\/2025\/03\/IMG_20250311_180004.jpg?fit=804%2C730&ssl=1&resize=700%2C400 2x"},"classes":[]},{"id":66379,"url":"https:\/\/noticiasribeiraopreto.com.br\/index.php\/2025\/03\/31\/jornal-da-franca-sesi-franca-quer-nona-vitoria-consecutiva-pelo-nbb-nesta-noite-contra-o-caxias\/","url_meta":{"origin":65942,"position":4},"title":"Jornal da Franca &#8211; Sesi Franca quer nona vit\u00f3ria consecutiva pelo NBB nesta noite, contra o Caxias","author":"noticiasribeiraopreto.com.br","date":"31 de March de 2025","format":false,"excerpt":"compartilhar no whatsapp compartilhar no telegram compartilhar no facebook compartilhar no linkedin Time francano, terceiro colocado na tabela de classifica\u00e7\u00e3o, enfrenta o Caxias, que est\u00e1 em 15\u00ba\u00a0 O Sesi Franca Basquete recebe o Caxias \u00e0s 19h30 desta segunda-feira, 31 de mar\u00e7o, no gin\u00e1sio Pedroc\u00e3o, pelo segundo turno do NBB \u2013\u2026","rel":"","context":"In &quot;Not\u00edcias de Franca-SP&quot;","block_context":{"text":"Not\u00edcias de Franca-SP","link":"https:\/\/noticiasribeiraopreto.com.br\/index.php\/category\/noticias-de-ribeirao-preto-sp-e-regiao-ismael-colosi\/noticias-franca-sp\/"},"img":{"alt_text":"","src":"https:\/\/i0.wp.com\/noticiasribeiraopreto.com.br\/wp-content\/uploads\/2025\/03\/IMG-20250329-WA0001.jpg?fit=1040%2C694&ssl=1&resize=350%2C200","width":350,"height":200,"srcset":"https:\/\/i0.wp.com\/noticiasribeiraopreto.com.br\/wp-content\/uploads\/2025\/03\/IMG-20250329-WA0001.jpg?fit=1040%2C694&ssl=1&resize=350%2C200 1x, https:\/\/i0.wp.com\/noticiasribeiraopreto.com.br\/wp-content\/uploads\/2025\/03\/IMG-20250329-WA0001.jpg?fit=1040%2C694&ssl=1&resize=525%2C300 1.5x, https:\/\/i0.wp.com\/noticiasribeiraopreto.com.br\/wp-content\/uploads\/2025\/03\/IMG-20250329-WA0001.jpg?fit=1040%2C694&ssl=1&resize=700%2C400 2x"},"classes":[]},{"id":67756,"url":"https:\/\/noticiasribeiraopreto.com.br\/index.php\/2025\/04\/18\/jornal-da-franca-vereadores-aprovam-reconhecimento-a-profissionais-e-entidades-que-atuam-em-franca\/","url_meta":{"origin":65942,"position":5},"title":"Jornal da Franca &#8211; Vereadores aprovam reconhecimento a profissionais e entidades que atuam em Franca\u00a0","author":"noticiasribeiraopreto.com.br","date":"18 de April de 2025","format":false,"excerpt":"compartilhar no whatsapp compartilhar no telegram compartilhar no facebook compartilhar no linkedin Mo\u00e7\u00f5es de aplausos e congratula\u00e7\u00f5es s\u00e3o apresentadas em reconhecimento a servi\u00e7os prestados A C\u00e2mara Municipal de Franca aprovou na sess\u00e3o desta ter\u00e7a-feira mo\u00e7\u00f5es de aplausos e congratula\u00e7\u00f5es em reconhecimento a profissionais, entidades e sindicatos que se destacaram em\u2026","rel":"","context":"In &quot;Not\u00edcias de Franca-SP&quot;","block_context":{"text":"Not\u00edcias de Franca-SP","link":"https:\/\/noticiasribeiraopreto.com.br\/index.php\/category\/noticias-de-ribeirao-preto-sp-e-regiao-ismael-colosi\/noticias-franca-sp\/"},"img":{"alt_text":"","src":"https:\/\/i0.wp.com\/noticiasribeiraopreto.com.br\/wp-content\/uploads\/2025\/04\/reuniaodecomissoes-2.jpg?fit=930%2C558&ssl=1&resize=350%2C200","width":350,"height":200,"srcset":"https:\/\/i0.wp.com\/noticiasribeiraopreto.com.br\/wp-content\/uploads\/2025\/04\/reuniaodecomissoes-2.jpg?fit=930%2C558&ssl=1&resize=350%2C200 1x, https:\/\/i0.wp.com\/noticiasribeiraopreto.com.br\/wp-content\/uploads\/2025\/04\/reuniaodecomissoes-2.jpg?fit=930%2C558&ssl=1&resize=525%2C300 1.5x, https:\/\/i0.wp.com\/noticiasribeiraopreto.com.br\/wp-content\/uploads\/2025\/04\/reuniaodecomissoes-2.jpg?fit=930%2C558&ssl=1&resize=700%2C400 2x"},"classes":[]}],"jetpack_sharing_enabled":true,"jetpack_shortlink":"https:\/\/wp.me\/peQAOb-h9A","_links":{"self":[{"href":"https:\/\/noticiasribeiraopreto.com.br\/index.php\/wp-json\/wp\/v2\/posts\/65942","targetHints":{"allow":["GET"]}}],"collection":[{"href":"https:\/\/noticiasribeiraopreto.com.br\/index.php\/wp-json\/wp\/v2\/posts"}],"about":[{"href":"https:\/\/noticiasribeiraopreto.com.br\/index.php\/wp-json\/wp\/v2\/types\/post"}],"author":[{"embeddable":true,"href":"https:\/\/noticiasribeiraopreto.com.br\/index.php\/wp-json\/wp\/v2\/users\/1"}],"replies":[{"embeddable":true,"href":"https:\/\/noticiasribeiraopreto.com.br\/index.php\/wp-json\/wp\/v2\/comments?post=65942"}],"version-history":[{"count":0,"href":"https:\/\/noticiasribeiraopreto.com.br\/index.php\/wp-json\/wp\/v2\/posts\/65942\/revisions"}],"wp:featuredmedia":[{"embeddable":true,"href":"https:\/\/noticiasribeiraopreto.com.br\/index.php\/wp-json\/wp\/v2\/media\/65943"}],"wp:attachment":[{"href":"https:\/\/noticiasribeiraopreto.com.br\/index.php\/wp-json\/wp\/v2\/media?parent=65942"}],"wp:term":[{"taxonomy":"category","embeddable":true,"href":"https:\/\/noticiasribeiraopreto.com.br\/index.php\/wp-json\/wp\/v2\/categories?post=65942"},{"taxonomy":"post_tag","embeddable":true,"href":"https:\/\/noticiasribeiraopreto.com.br\/index.php\/wp-json\/wp\/v2\/tags?post=65942"}],"curies":[{"name":"wp","href":"https:\/\/api.w.org\/{rel}","templated":true}]}}