{"id":65977,"date":"2025-03-26T13:36:49","date_gmt":"2025-03-26T16:36:49","guid":{"rendered":"https:\/\/noticiasribeiraopreto.com.br\/index.php\/2025\/03\/26\/megaoperacao-policial-busca-desmantelar-quadrilha-de-trafico-de-drogas-e-lavagem-de-dinheiro-em-sp-pr-e-mg\/"},"modified":"2025-03-26T13:36:49","modified_gmt":"2025-03-26T16:36:49","slug":"megaoperacao-policial-busca-desmantelar-quadrilha-de-trafico-de-drogas-e-lavagem-de-dinheiro-em-sp-pr-e-mg","status":"publish","type":"post","link":"https:\/\/noticiasribeiraopreto.com.br\/index.php\/2025\/03\/26\/megaoperacao-policial-busca-desmantelar-quadrilha-de-trafico-de-drogas-e-lavagem-de-dinheiro-em-sp-pr-e-mg\/","title":{"rendered":"Megaopera\u00e7\u00e3o policial busca desmantelar quadrilha de tr\u00e1fico de drogas e lavagem de dinheiro em SP, PR e MG"},"content":{"rendered":"<div class='code-block code-block-1' style='margin: 8px 0 8px auto; text-align: right; display: block; clear: both;'>\n<p><a href=\"https:\/\/wa.link\/vpicfd\"><img data-recalc-dims=\"1\" class=\"wp-image-4922\" style=\"aspect-ratio: 2.0253164556962027; width: 561px; height: auto;\" src=\"https:\/\/i0.wp.com\/ismaelcolosi.com.br\/wp-content\/uploads\/2023\/11\/grupo-de-empregos-whatsapp-e-facebook-ismael-colosi-vagas.jpg?ssl=1\" alt=\"\" \/><\/a><\/p>\n<!-- \/wp:image -->\n<\/div>\n<p> <br \/>\n<\/p>\n<div>\n<p class=\"\" data-start=\"255\" data-end=\"374\"><span class=\"relative -mx-px my-[-0.2rem] rounded px-px py-[0.2rem]\">Na manh\u00e3 desta quarta-feira (26), uma opera\u00e7\u00e3o conjunta das pol\u00edcias civis de S\u00e3o Paulo, Paran\u00e1 e Minas Gerais foi deflagrada com o objetivo de desmantelar uma organiza\u00e7\u00e3o criminosa envolvida em tr\u00e1fico de drogas e lavagem de dinheiro.<\/span> <span class=\"relative -mx-px my-[-0.2rem] rounded px-px py-[0.2rem]\">A megaopera\u00e7\u00e3o visa cumprir 39 mandados de pris\u00e3o e 53 de busca e apreens\u00e3o nos tr\u00eas estados.<\/span>\u200b<\/p>\n<p class=\"\" data-start=\"376\" data-end=\"495\"><span class=\"relative -mx-px my-[-0.2rem] rounded px-px py-[0.2rem]\">As investiga\u00e7\u00f5es, que duraram aproximadamente um ano, identificaram uma complexa rede criminosa respons\u00e1vel por distribuir entorpecentes e ocultar os lucros il\u00edcitos por meio de empresas de fachada e laranjas.<\/span> <span class=\"relative -mx-px my-[-0.2rem] rounded px-px py-[0.2rem]\">Os l\u00edderes da organiza\u00e7\u00e3o utilizavam esses artif\u00edcios para dificultar o rastreamento dos valores obtidos com as atividades ilegais.<\/span>\u200b<\/p>\n<p class=\"\" data-start=\"497\" data-end=\"616\"><span class=\"relative -mx-px my-[-0.2rem] rounded px-px py-[0.2rem]\">Em S\u00e3o Paulo, as a\u00e7\u00f5es se concentram principalmente na regi\u00e3o de Ribeir\u00e3o Preto, onde foram identificados diversos im\u00f3veis e estabelecimentos comerciais ligados ao grupo.<\/span> <span class=\"relative -mx-px my-[-0.2rem] rounded px-px py-[0.2rem]\">No Paran\u00e1 e em Minas Gerais, as opera\u00e7\u00f5es ocorrem em cidades estrat\u00e9gicas para a log\u00edstica do tr\u00e1fico, utilizadas como pontos de armazenamento e distribui\u00e7\u00e3o das drogas.<\/span>\u200b<\/p>\n<p class=\"\" data-start=\"618\" data-end=\"741\"><span class=\"relative -mx-px my-[-0.2rem] rounded px-px py-[0.2rem]\">Durante as dilig\u00eancias, al\u00e9m das pris\u00f5es, foram apreendidos ve\u00edculos de luxo, quantias significativas em dinheiro, documentos e equipamentos eletr\u00f4nicos que podem auxiliar na continuidade das investiga\u00e7\u00f5es.<\/span> <span class=\"relative -mx-px my-[-0.2rem] rounded px-px py-[0.2rem]\">As autoridades destacam que a opera\u00e7\u00e3o representa um duro golpe contra o crime organizado na regi\u00e3o.<\/span>\u200b<\/p>\n<p class=\"\" data-start=\"743\" data-end=\"868\"><span class=\"relative -mx-px my-[-0.2rem] rounded px-px py-[0.2rem]\">O delegado respons\u00e1vel pelo caso ressaltou a import\u00e2ncia da coopera\u00e7\u00e3o entre as for\u00e7as policiais dos diferentes estados e afirmou que as investiga\u00e7\u00f5es prosseguir\u00e3o para identificar outros poss\u00edveis integrantes da quadrilha e desmantelar completamente a rede criminosa.<\/span> <span class=\"relative -mx-px my-[-0.2rem] rounded px-px py-[0.2rem]\">A popula\u00e7\u00e3o \u00e9 encorajada a colaborar com informa\u00e7\u00f5es que possam auxiliar nas investiga\u00e7\u00f5es, garantindo o anonimato dos denunciantes.<\/span><\/p>\n<p>&#13;<br \/>\n\t\t\t\t<span class=\"post-views-icon dashicons dashicons-chart-bar\"\/> <span class=\"post-views-label\">Visualiza\u00e7\u00f5es:<\/span> <span class=\"post-views-count\">7<\/span>&#13;\n\t\t\t<\/p>\n<\/p><\/div>\n<p><br \/>\n<br \/><a href=\"https:\/\/folhaderibeirao.com.br\/2025\/03\/26\/megaoperacao-policial-busca-desmantelar-quadrilha-de-trafico-de-drogas-e-lavagem-de-dinheiro-em-sp-pr-e-mg\/\">Source link <\/a><\/p>\n<!-- CONTENT END 1 -->\n","protected":false},"excerpt":{"rendered":"<p>Na manh\u00e3 desta quarta-feira (26), uma opera\u00e7\u00e3o conjunta das pol\u00edcias civis de S\u00e3o Paulo, Paran\u00e1 e Minas Gerais foi deflagrada com o objetivo de desmantelar&#8230;<\/p>\n","protected":false},"author":1,"featured_media":65978,"comment_status":"open","ping_status":"open","sticky":false,"template":"","format":"standard","meta":{"advanced_seo_description":"","jetpack_seo_html_title":"","jetpack_seo_noindex":false,"jetpack_post_was_ever_published":false,"_jetpack_newsletter_access":"","_jetpack_dont_email_post_to_subs":false,"_jetpack_newsletter_tier_id":0,"_jetpack_memberships_contains_paywalled_content":false,"_jetpack_memberships_contains_paid_content":false,"footnotes":"","jetpack_publicize_message":"","jetpack_publicize_feature_enabled":true,"jetpack_social_post_already_shared":true,"jetpack_social_options":{"image_generator_settings":{"template":"highway","default_image_id":0,"font":"","enabled":false},"version":2}},"categories":[11],"tags":[1994,6350,926,1050,1497,6122,1397,179,1570],"class_list":["post-65977","post","type-post","status-publish","format-standard","has-post-thumbnail","hentry","category-noticias-de-ribeirao-preto-sp-e-regiao-ismael-colosi","tag-busca","tag-desmantelar","tag-dinheiro","tag-drogas","tag-lavagem","tag-megaoperacao","tag-policial","tag-quadrilha","tag-trafico"],"jetpack_publicize_connections":[],"jetpack_featured_media_url":"https:\/\/i0.wp.com\/noticiasribeiraopreto.com.br\/wp-content\/uploads\/2025\/03\/14_07_2020_policia_civil_sao_paulo.webp.webp?fit=1170%2C700&ssl=1","jetpack-related-posts":[{"id":14762,"url":"https:\/\/noticiasribeiraopreto.com.br\/index.php\/2023\/12\/12\/pf-e-gaeco-miram-quadrilha-que-movimentou-r-700-milhoes-com-drogas-e-lavagem-de-dinheiro-alvo-em-mt\/","url_meta":{"origin":65977,"position":0},"title":"PF e Gaeco miram quadrilha que movimentou R$ 700 milh\u00f5es com drogas e lavagem de dinheiro; alvo em MT","author":"noticiasribeiraopreto.com.br","date":"12 de December de 2023","format":false,"excerpt":"O Grupo de Atua\u00e7\u00e3o Especial de Combate ao Crime Organizado (GAECO) e a Pol\u00edcia Federal deflagraram nesta ter\u00e7a-feira (12), a Opera\u00e7\u00e3o Alcateia para desarticular organiza\u00e7\u00e3o criminosa dedicada ao tr\u00e1fico de drogas e lavagem de dinheiro estabelecida na cidade de Ribeir\u00e3o Preto (SP). Por determina\u00e7\u00e3o da Justi\u00e7a, foram cumpridos 26 mandados\u2026","rel":"","context":"In &quot;Not\u00edcias de Ribeir\u00e3o Preto-SP e Regi\u00e3o&quot;","block_context":{"text":"Not\u00edcias de Ribeir\u00e3o Preto-SP e Regi\u00e3o","link":"https:\/\/noticiasribeiraopreto.com.br\/index.php\/category\/noticias-de-ribeirao-preto-sp-e-regiao-ismael-colosi\/"},"img":{"alt_text":"","src":"https:\/\/i0.wp.com\/noticiasribeiraopreto.com.br\/wp-content\/uploads\/2023\/12\/a-a-16.webp.webp?fit=984%2C740&ssl=1&resize=350%2C200","width":350,"height":200,"srcset":"https:\/\/i0.wp.com\/noticiasribeiraopreto.com.br\/wp-content\/uploads\/2023\/12\/a-a-16.webp.webp?fit=984%2C740&ssl=1&resize=350%2C200 1x, https:\/\/i0.wp.com\/noticiasribeiraopreto.com.br\/wp-content\/uploads\/2023\/12\/a-a-16.webp.webp?fit=984%2C740&ssl=1&resize=525%2C300 1.5x, https:\/\/i0.wp.com\/noticiasribeiraopreto.com.br\/wp-content\/uploads\/2023\/12\/a-a-16.webp.webp?fit=984%2C740&ssl=1&resize=700%2C400 2x"},"classes":[]},{"id":60856,"url":"https:\/\/noticiasribeiraopreto.com.br\/index.php\/2024\/11\/27\/megaoperacao-contra-o-trafico-e-lavagem-de-dinheiro-de-faccao-mira-empresa-em-ribeirao-preto\/","url_meta":{"origin":65977,"position":1},"title":"Megaopera\u00e7\u00e3o contra o tr\u00e1fico e lavagem de dinheiro de fac\u00e7\u00e3o mira empresa em Ribeir\u00e3o Preto","author":"noticiasribeiraopreto.com.br","date":"27 de November de 2024","format":false,"excerpt":"Uma for\u00e7a-tarefa, composta pelo Gaeco (Grupo de Atua\u00e7\u00e3o Especial de Combate ao Crime Organizado) de Minas Gerais e for\u00e7as policiais, deflagrou nesta quarta-feira (27) a opera\u00e7\u00e3o \u00caxodo contra o tr\u00e1fico de drogas e lavagem de dinheiro da fac\u00e7\u00e3o Terceiro Comando Puro (TCP), com atua\u00e7\u00e3o no estado mineiro. Segundo o Gaeco,\u2026","rel":"","context":"In &quot;Not\u00edcias de Ribeir\u00e3o Preto-SP e Regi\u00e3o&quot;","block_context":{"text":"Not\u00edcias de Ribeir\u00e3o Preto-SP e Regi\u00e3o","link":"https:\/\/noticiasribeiraopreto.com.br\/index.php\/category\/noticias-de-ribeirao-preto-sp-e-regiao-ismael-colosi\/"},"img":{"alt_text":"","src":"https:\/\/i0.wp.com\/noticiasribeiraopreto.com.br\/wp-content\/uploads\/2024\/11\/1732718272_sao_carlos_500x320_03082019163914.jpg?fit=500%2C322&ssl=1&resize=350%2C200","width":350,"height":200},"classes":[]},{"id":77634,"url":"https:\/\/noticiasribeiraopreto.com.br\/index.php\/2025\/09\/23\/pf-e-gaeco-miram-quadrilha-de-ribeirao-preto-em-esquema-de-trafico-e-lavagem-de-dinheiro\/","url_meta":{"origin":65977,"position":2},"title":"PF e Gaeco miram quadrilha de Ribeir\u00e3o Preto em esquema de tr\u00e1fico e lavagem de dinheiro","author":"noticiasribeiraopreto.com.br","date":"23 de September de 2025","format":false,"excerpt":"A PF (Pol\u00edcia Federal) e o Gaeco (Grupo de Atua\u00e7\u00e3o Especial de Combate ao Crime Organizado) deflagraram nesta ter\u00e7a-feira (23), em Ribeir\u00e3o Preto, a 2\u00aa fase da opera\u00e7\u00e3o Arco Sul contra suspeitos de integrarem uma quadrilha de tr\u00e1fico de drogas e lavagem de dinheiro com atua\u00e7\u00e3o em tr\u00eas estados. A\u2026","rel":"","context":"In &quot;Not\u00edcias de Ribeir\u00e3o Preto-SP e Regi\u00e3o&quot;","block_context":{"text":"Not\u00edcias de Ribeir\u00e3o Preto-SP e Regi\u00e3o","link":"https:\/\/noticiasribeiraopreto.com.br\/index.php\/category\/noticias-de-ribeirao-preto-sp-e-regiao-ismael-colosi\/"},"img":{"alt_text":"","src":"https:\/\/i0.wp.com\/noticiasribeiraopreto.com.br\/wp-content\/uploads\/2025\/09\/WhatsApp-Image-2025-09-23-at-08.46.03_2025-09-23_11-53-22.webp.webp?fit=1200%2C675&ssl=1&resize=350%2C200","width":350,"height":200,"srcset":"https:\/\/i0.wp.com\/noticiasribeiraopreto.com.br\/wp-content\/uploads\/2025\/09\/WhatsApp-Image-2025-09-23-at-08.46.03_2025-09-23_11-53-22.webp.webp?fit=1200%2C675&ssl=1&resize=350%2C200 1x, https:\/\/i0.wp.com\/noticiasribeiraopreto.com.br\/wp-content\/uploads\/2025\/09\/WhatsApp-Image-2025-09-23-at-08.46.03_2025-09-23_11-53-22.webp.webp?fit=1200%2C675&ssl=1&resize=525%2C300 1.5x, https:\/\/i0.wp.com\/noticiasribeiraopreto.com.br\/wp-content\/uploads\/2025\/09\/WhatsApp-Image-2025-09-23-at-08.46.03_2025-09-23_11-53-22.webp.webp?fit=1200%2C675&ssl=1&resize=700%2C400 2x, https:\/\/i0.wp.com\/noticiasribeiraopreto.com.br\/wp-content\/uploads\/2025\/09\/WhatsApp-Image-2025-09-23-at-08.46.03_2025-09-23_11-53-22.webp.webp?fit=1200%2C675&ssl=1&resize=1050%2C600 3x"},"classes":[]},{"id":74420,"url":"https:\/\/noticiasribeiraopreto.com.br\/index.php\/2025\/07\/22\/empresarios-de-ribeirao-preto-sao-condenados-por-lavagem-de-dinheiro-eles-movimentaram-r-500-milhoes\/","url_meta":{"origin":65977,"position":3},"title":"Empres\u00e1rios de Ribeir\u00e3o Preto s\u00e3o condenados por lavagem de dinheiro; eles movimentaram R$ 500 milh\u00f5es","author":"noticiasribeiraopreto.com.br","date":"22 de July de 2025","format":false,"excerpt":"A Justi\u00e7a condenou tr\u00eas empres\u00e1rios de Ribeir\u00e3o Preto por lavagem de dinheiro para o tr\u00e1fico de drogas. Eles moravam em im\u00f3veis de luxo na avenida Jo\u00e3o Fiusa e na Vila do Golf, na zona Sul da cidade. Os empres\u00e1rios foram alvos da opera\u00e7\u00e3o Pol\u00edcia Civil em outubro de 2022. Segundo\u2026","rel":"","context":"In &quot;Not\u00edcias de Ribeir\u00e3o Preto-SP e Regi\u00e3o&quot;","block_context":{"text":"Not\u00edcias de Ribeir\u00e3o Preto-SP e Regi\u00e3o","link":"https:\/\/noticiasribeiraopreto.com.br\/index.php\/category\/noticias-de-ribeirao-preto-sp-e-regiao-ismael-colosi\/"},"img":{"alt_text":"","src":"https:\/\/i0.wp.com\/noticiasribeiraopreto.com.br\/wp-content\/uploads\/2025\/07\/casal-condenado_2025-07-22_16-52-55.webp.webp?fit=1200%2C553&ssl=1&resize=350%2C200","width":350,"height":200,"srcset":"https:\/\/i0.wp.com\/noticiasribeiraopreto.com.br\/wp-content\/uploads\/2025\/07\/casal-condenado_2025-07-22_16-52-55.webp.webp?fit=1200%2C553&ssl=1&resize=350%2C200 1x, https:\/\/i0.wp.com\/noticiasribeiraopreto.com.br\/wp-content\/uploads\/2025\/07\/casal-condenado_2025-07-22_16-52-55.webp.webp?fit=1200%2C553&ssl=1&resize=525%2C300 1.5x, https:\/\/i0.wp.com\/noticiasribeiraopreto.com.br\/wp-content\/uploads\/2025\/07\/casal-condenado_2025-07-22_16-52-55.webp.webp?fit=1200%2C553&ssl=1&resize=700%2C400 2x, https:\/\/i0.wp.com\/noticiasribeiraopreto.com.br\/wp-content\/uploads\/2025\/07\/casal-condenado_2025-07-22_16-52-55.webp.webp?fit=1200%2C553&ssl=1&resize=1050%2C600 3x"},"classes":[]},{"id":50400,"url":"https:\/\/noticiasribeiraopreto.com.br\/index.php\/2024\/05\/16\/pf-de-ribeirao-faz-operacao-contra-lavagem-de-dinheiro-do-trafico-de-drogas-e-contrabando\/","url_meta":{"origin":65977,"position":4},"title":"PF de Ribeir\u00e3o faz opera\u00e7\u00e3o contra lavagem de dinheiro do tr\u00e1fico de drogas e contrabando","author":"noticiasribeiraopreto.com.br","date":"16 de May de 2024","format":false,"excerpt":"A PF (Pol\u00edcia Federal) de Ribeir\u00e3o Preto deflagrou nesta quinta-feira (16) a opera\u00e7\u00e3o Pallium contra uma quadrilha suspeita de integrar em um esquema de lavagem de dinheiro do tr\u00e1fico de drogas e de contrabando. Segundo a PF, s\u00e3o cumpridos 20 mandados de busca em dez cidades localizadas nos estados de\u2026","rel":"","context":"In &quot;Not\u00edcias de Ribeir\u00e3o Preto-SP e Regi\u00e3o&quot;","block_context":{"text":"Not\u00edcias de Ribeir\u00e3o Preto-SP e Regi\u00e3o","link":"https:\/\/noticiasribeiraopreto.com.br\/index.php\/category\/noticias-de-ribeirao-preto-sp-e-regiao-ismael-colosi\/"},"img":{"alt_text":"","src":"https:\/\/i0.wp.com\/noticiasribeiraopreto.com.br\/wp-content\/uploads\/2024\/05\/WhatsApp-Image-2024-05-16-at-08.09.44_2024-05-16_12-05-48_jpeg_2024-05-16_12-05-48.webp.webp?fit=1200%2C554&ssl=1&resize=350%2C200","width":350,"height":200,"srcset":"https:\/\/i0.wp.com\/noticiasribeiraopreto.com.br\/wp-content\/uploads\/2024\/05\/WhatsApp-Image-2024-05-16-at-08.09.44_2024-05-16_12-05-48_jpeg_2024-05-16_12-05-48.webp.webp?fit=1200%2C554&ssl=1&resize=350%2C200 1x, https:\/\/i0.wp.com\/noticiasribeiraopreto.com.br\/wp-content\/uploads\/2024\/05\/WhatsApp-Image-2024-05-16-at-08.09.44_2024-05-16_12-05-48_jpeg_2024-05-16_12-05-48.webp.webp?fit=1200%2C554&ssl=1&resize=525%2C300 1.5x, https:\/\/i0.wp.com\/noticiasribeiraopreto.com.br\/wp-content\/uploads\/2024\/05\/WhatsApp-Image-2024-05-16-at-08.09.44_2024-05-16_12-05-48_jpeg_2024-05-16_12-05-48.webp.webp?fit=1200%2C554&ssl=1&resize=700%2C400 2x, https:\/\/i0.wp.com\/noticiasribeiraopreto.com.br\/wp-content\/uploads\/2024\/05\/WhatsApp-Image-2024-05-16-at-08.09.44_2024-05-16_12-05-48_jpeg_2024-05-16_12-05-48.webp.webp?fit=1200%2C554&ssl=1&resize=1050%2C600 3x"},"classes":[]},{"id":77636,"url":"https:\/\/noticiasribeiraopreto.com.br\/index.php\/2025\/09\/23\/ribeirao-preto-e-alvo-de-megaoperacao-contra-crime-organizado\/","url_meta":{"origin":65977,"position":5},"title":"Ribeir\u00e3o Preto \u00e9 alvo de megaopera\u00e7\u00e3o contra crime organizado","author":"noticiasribeiraopreto.com.br","date":"23 de September de 2025","format":false,"excerpt":"For\u00e7a-tarefa mira procurado da Interpol e integrantes de grupo que trafica drogas e realiza lavagem de dinheiro il\u00edcito 23 de setembro de 2025 09:3423 de setembro de 2025 09:377 Compartilhar2 Por: Adalberto Luque Uma grande opera\u00e7\u00e3o foi realizada, na manh\u00e3 desta ter\u00e7a-feira (23), na cidade de Ribeir\u00e3o Preto. A segunda\u2026","rel":"","context":"In &quot;Not\u00edcias de Ribeir\u00e3o Preto-SP e Regi\u00e3o&quot;","block_context":{"text":"Not\u00edcias de Ribeir\u00e3o Preto-SP e Regi\u00e3o","link":"https:\/\/noticiasribeiraopreto.com.br\/index.php\/category\/noticias-de-ribeirao-preto-sp-e-regiao-ismael-colosi\/"},"img":{"alt_text":"","src":"https:\/\/i0.wp.com\/noticiasribeiraopreto.com.br\/wp-content\/uploads\/2025\/09\/23-set-2025-arcosul4.jpg?fit=822%2C454&ssl=1&resize=350%2C200","width":350,"height":200,"srcset":"https:\/\/i0.wp.com\/noticiasribeiraopreto.com.br\/wp-content\/uploads\/2025\/09\/23-set-2025-arcosul4.jpg?fit=822%2C454&ssl=1&resize=350%2C200 1x, https:\/\/i0.wp.com\/noticiasribeiraopreto.com.br\/wp-content\/uploads\/2025\/09\/23-set-2025-arcosul4.jpg?fit=822%2C454&ssl=1&resize=525%2C300 1.5x, https:\/\/i0.wp.com\/noticiasribeiraopreto.com.br\/wp-content\/uploads\/2025\/09\/23-set-2025-arcosul4.jpg?fit=822%2C454&ssl=1&resize=700%2C400 2x"},"classes":[]}],"jetpack_sharing_enabled":true,"jetpack_shortlink":"https:\/\/wp.me\/peQAOb-ha9","_links":{"self":[{"href":"https:\/\/noticiasribeiraopreto.com.br\/index.php\/wp-json\/wp\/v2\/posts\/65977","targetHints":{"allow":["GET"]}}],"collection":[{"href":"https:\/\/noticiasribeiraopreto.com.br\/index.php\/wp-json\/wp\/v2\/posts"}],"about":[{"href":"https:\/\/noticiasribeiraopreto.com.br\/index.php\/wp-json\/wp\/v2\/types\/post"}],"author":[{"embeddable":true,"href":"https:\/\/noticiasribeiraopreto.com.br\/index.php\/wp-json\/wp\/v2\/users\/1"}],"replies":[{"embeddable":true,"href":"https:\/\/noticiasribeiraopreto.com.br\/index.php\/wp-json\/wp\/v2\/comments?post=65977"}],"version-history":[{"count":0,"href":"https:\/\/noticiasribeiraopreto.com.br\/index.php\/wp-json\/wp\/v2\/posts\/65977\/revisions"}],"wp:featuredmedia":[{"embeddable":true,"href":"https:\/\/noticiasribeiraopreto.com.br\/index.php\/wp-json\/wp\/v2\/media\/65978"}],"wp:attachment":[{"href":"https:\/\/noticiasribeiraopreto.com.br\/index.php\/wp-json\/wp\/v2\/media?parent=65977"}],"wp:term":[{"taxonomy":"category","embeddable":true,"href":"https:\/\/noticiasribeiraopreto.com.br\/index.php\/wp-json\/wp\/v2\/categories?post=65977"},{"taxonomy":"post_tag","embeddable":true,"href":"https:\/\/noticiasribeiraopreto.com.br\/index.php\/wp-json\/wp\/v2\/tags?post=65977"}],"curies":[{"name":"wp","href":"https:\/\/api.w.org\/{rel}","templated":true}]}}