{"id":65979,"date":"2025-03-26T14:18:03","date_gmt":"2025-03-26T17:18:03","guid":{"rendered":"https:\/\/noticiasribeiraopreto.com.br\/index.php\/2025\/03\/26\/quem-pretende-trabalhar-com-moda-autoral-em-franca-e-regiao-pode-participar-de-evento-neste-dia-26-3\/"},"modified":"2025-03-26T14:18:03","modified_gmt":"2025-03-26T17:18:03","slug":"quem-pretende-trabalhar-com-moda-autoral-em-franca-e-regiao-pode-participar-de-evento-neste-dia-26-3","status":"publish","type":"post","link":"https:\/\/noticiasribeiraopreto.com.br\/index.php\/2025\/03\/26\/quem-pretende-trabalhar-com-moda-autoral-em-franca-e-regiao-pode-participar-de-evento-neste-dia-26-3\/","title":{"rendered":"Quem pretende trabalhar com moda autoral em Franca e regi\u00e3o pode participar de evento neste dia 26\/3"},"content":{"rendered":"<p> <br \/>\n<\/p>\n<div>\n<p>Nesta quarta-feira (26), o Sebrae-SP vai lan\u00e7ar o programa \u201cCRIE Moda Autoral\u201d para os pequenos neg\u00f3cios paulistas. O evento de lan\u00e7amento ser\u00e1 realizado das 19h \u00e0s 21h no audit\u00f3rio do Sebrae-SP, localizado na Rua Vergueiro, 1.117, 1\u00ba andar, no Para\u00edso. Haver\u00e1 tamb\u00e9m transmiss\u00e3o simult\u00e2nea on-line pelo YouTube. As inscri\u00e7\u00f5es s\u00e3o gratuitas e podem ser feitas pelo link https:\/\/bit.ly\/3DDOIhT.<\/p>\n<p>Durante o evento, consultores e convidados v\u00e3o falar sobre moda autoral, suas particularidades, diferenciais e oportunidades de mercado tanto para quem j\u00e1 atua no segmento, quanto para quem tem interesse em come\u00e7ar um pequeno neg\u00f3cio no setor, inclusive estudantes. Al\u00e9m disso haver\u00e1 um talk show com Grace Santos, Jorge Feitoza e Ana Sudano, especialistas na \u00e1rea, onde v\u00e3o compartilhar suas experi\u00eancias e passar insights para empreendedores e empreendedoras participantes.<\/p>\n<p>O encontro ainda vai promover a apresenta\u00e7\u00e3o da primeira trilha de desenvolvimento de neg\u00f3cios de moda autoral criada pelo Sebrae-SP para a capacita\u00e7\u00e3o dos pequenos neg\u00f3cios. \u201cQueremos ajudar os empres\u00e1rios a se capacitarem e desenvolverem seus neg\u00f3cios, tanto na parte da gest\u00e3o quanto no desenvolvimento de produtos e cole\u00e7\u00f5es. Vamos oferecer workshops coletivos, orienta\u00e7\u00f5es t\u00e9cnicas individuais, ebooks e trilhas estruturadas de forma gratuita durante o programa que j\u00e1 come\u00e7a neste m\u00eas de abril\u201d, comenta a gestora estadual do Sebrae-SP no segmento de moda, Izabela Bergamo.<\/p>\n<p>O Sebrae-SP j\u00e1 possui capacita\u00e7\u00f5es para o segmento de moda no varejo e na ind\u00fastria, mas para a gestora, o lan\u00e7amento o \u201cCRIE Moda Autoral\u201d visa dar um enfoque especial para o desenvolvimento do segmento. \u201cTeremos um olhar voltado para a moda autoral, que possui p\u00fablico e especificidades que demandam conte\u00fados mais direcionados pensando em diversidade, sustentabilidade, territorialidade, produ\u00e7\u00e3o fora de s\u00e9rie e outras particularidades\u201d, conclui Bergamo.<\/p>\n<p>O programa Crie Moda Autoral foi desenvolvido pelo Polo de Refer\u00eancia Nacional em Economia Criativa, iniciativa liderada pelo Sebrae-SP em parceria com Sebrae Nacional, e tem como objetivo desenvolver a\u00e7\u00f5es para apoiar e fomentar a moda autoral no Brasil.<\/p>\n<p>*SERVI\u00c7O*<\/p>\n<p>Lan\u00e7amento \u2013 CRIE Moda Autoral<\/p>\n<p>Data: quarta-feira, 26 de mar\u00e7o de 2025<\/p>\n<p>Hor\u00e1rio: 19h \u00e0s 21h<\/p>\n<p>Local: Audit\u00f3rio do Sebrae-SP<\/p>\n<p>Endere\u00e7o: Rua Vergueiro, 1117, 1\u00ba andar \u2013 Para\u00edso \u2013 S\u00e3o Paulo\/SP<\/p>\n<p>Transmiss\u00e3o ao vivo on-line: https:\/\/www.youtube.com\/live\/uoP7wlZ-c4g<\/p>\n<p>Inscri\u00e7\u00f5es presenciais: https:\/\/bit.ly\/3DDOIhT<\/p>\n<p><!-- CONTENT END 1 --><\/p><\/div>\n<p><br \/>\n<br \/><a href=\"https:\/\/www.f3noticias.com.br\/quem-pretende-trabalhar-com-moda-autoral-em-franca-e-regiao-pode-participar-de-evento-neste-dia-26-3\/\">Source link <\/a><\/p>\n","protected":false},"excerpt":{"rendered":"<p>Nesta quarta-feira (26), o Sebrae-SP vai lan\u00e7ar o programa \u201cCRIE Moda Autoral\u201d para os pequenos neg\u00f3cios paulistas. O evento de lan\u00e7amento ser\u00e1 realizado das 19h&#8230;<\/p>\n","protected":false},"author":1,"featured_media":65980,"comment_status":"open","ping_status":"open","sticky":false,"template":"","format":"standard","meta":{"advanced_seo_description":"","jetpack_seo_html_title":"","jetpack_seo_noindex":false,"jetpack_post_was_ever_published":false,"_jetpack_newsletter_access":"","_jetpack_dont_email_post_to_subs":false,"_jetpack_newsletter_tier_id":0,"_jetpack_memberships_contains_paywalled_content":false,"_jetpack_memberships_contains_paid_content":false,"footnotes":"","jetpack_publicize_message":"","jetpack_publicize_feature_enabled":true,"jetpack_social_post_already_shared":true,"jetpack_social_options":{"image_generator_settings":{"template":"highway","default_image_id":0,"font":"","enabled":false},"version":2}},"categories":[3597],"tags":[],"class_list":["post-65979","post","type-post","status-publish","format-standard","has-post-thumbnail","hentry","category-noticias-franca-sp"],"jetpack_publicize_connections":[],"jetpack_featured_media_url":"https:\/\/i0.wp.com\/noticiasribeiraopreto.com.br\/wp-content\/uploads\/2025\/03\/Escola_da_Moda_original.jpg?fit=1920%2C1279&ssl=1","jetpack-related-posts":[{"id":65954,"url":"https:\/\/noticiasribeiraopreto.com.br\/index.php\/2025\/03\/26\/mulheres-empreendedoras-podem-ter-oportunidades-de-negocios-em-evento-neste-dia-27-3\/","url_meta":{"origin":65979,"position":0},"title":"Mulheres empreendedoras podem ter oportunidades de neg\u00f3cios em evento neste dia 27\/3","author":"noticiasribeiraopreto.com.br","date":"26 de March de 2025","format":false,"excerpt":"Em comemora\u00e7\u00e3o ao M\u00eas da Mulher, o Sebrae-SP promove, no dia 27 de mar\u00e7o, o evento \u201cTodas por Elas\u201d, uma a\u00e7\u00e3o estadual dedicada ao fortalecimento do empreendedorismo feminino. Em Franca, a programa\u00e7\u00e3o ocorrer\u00e1 no Escrit\u00f3rio Regional do Sebrae-SP, localizado na Avenida Alonso Y Alonso, 789, Centro. A programa\u00e7\u00e3o do evento\u2026","rel":"","context":"In &quot;Not\u00edcias de Franca-SP&quot;","block_context":{"text":"Not\u00edcias de Franca-SP","link":"https:\/\/noticiasribeiraopreto.com.br\/index.php\/category\/noticias-de-ribeirao-preto-sp-e-regiao-ismael-colosi\/noticias-franca-sp\/"},"img":{"alt_text":"","src":"https:\/\/i0.wp.com\/noticiasribeiraopreto.com.br\/wp-content\/uploads\/2025\/03\/IMG-20250326-WA0022.jpg?fit=1200%2C800&ssl=1&resize=350%2C200","width":350,"height":200,"srcset":"https:\/\/i0.wp.com\/noticiasribeiraopreto.com.br\/wp-content\/uploads\/2025\/03\/IMG-20250326-WA0022.jpg?fit=1200%2C800&ssl=1&resize=350%2C200 1x, https:\/\/i0.wp.com\/noticiasribeiraopreto.com.br\/wp-content\/uploads\/2025\/03\/IMG-20250326-WA0022.jpg?fit=1200%2C800&ssl=1&resize=525%2C300 1.5x, https:\/\/i0.wp.com\/noticiasribeiraopreto.com.br\/wp-content\/uploads\/2025\/03\/IMG-20250326-WA0022.jpg?fit=1200%2C800&ssl=1&resize=700%2C400 2x, https:\/\/i0.wp.com\/noticiasribeiraopreto.com.br\/wp-content\/uploads\/2025\/03\/IMG-20250326-WA0022.jpg?fit=1200%2C800&ssl=1&resize=1050%2C600 3x"},"classes":[]},{"id":65948,"url":"https:\/\/noticiasribeiraopreto.com.br\/index.php\/2025\/03\/26\/jornal-da-franca-sebrae-traz-a-franca-nesta-quinta-feira-27-o-evento-todas-por-elas\/","url_meta":{"origin":65979,"position":1},"title":"Jornal da Franca &#8211; Sebrae traz a Franca nesta quinta-feira (27) o evento \u201cTodas por Elas\u201d","author":"noticiasribeiraopreto.com.br","date":"26 de March de 2025","format":false,"excerpt":"compartilhar no whatsapp compartilhar no telegram compartilhar no facebook compartilhar no linkedin Al\u00e9m de inspirar e motivar as participantes, o \u201cTodas por Elas\u201d vai oferecer uma manh\u00e3 com muito networking e troca de experi\u00eancias Em comemora\u00e7\u00e3o ao M\u00eas da Mulher, o Sebrae promove, no dia 27 de mar\u00e7o, o evento\u2026","rel":"","context":"In &quot;Not\u00edcias de Franca-SP&quot;","block_context":{"text":"Not\u00edcias de Franca-SP","link":"https:\/\/noticiasribeiraopreto.com.br\/index.php\/category\/noticias-de-ribeirao-preto-sp-e-regiao-ismael-colosi\/noticias-franca-sp\/"},"img":{"alt_text":"","src":"https:\/\/i0.wp.com\/noticiasribeiraopreto.com.br\/wp-content\/uploads\/2025\/03\/30ccc2b3-4cd5-4541-a662-78bcdf092fc1.jpg?fit=1200%2C800&ssl=1&resize=350%2C200","width":350,"height":200,"srcset":"https:\/\/i0.wp.com\/noticiasribeiraopreto.com.br\/wp-content\/uploads\/2025\/03\/30ccc2b3-4cd5-4541-a662-78bcdf092fc1.jpg?fit=1200%2C800&ssl=1&resize=350%2C200 1x, https:\/\/i0.wp.com\/noticiasribeiraopreto.com.br\/wp-content\/uploads\/2025\/03\/30ccc2b3-4cd5-4541-a662-78bcdf092fc1.jpg?fit=1200%2C800&ssl=1&resize=525%2C300 1.5x, https:\/\/i0.wp.com\/noticiasribeiraopreto.com.br\/wp-content\/uploads\/2025\/03\/30ccc2b3-4cd5-4541-a662-78bcdf092fc1.jpg?fit=1200%2C800&ssl=1&resize=700%2C400 2x, https:\/\/i0.wp.com\/noticiasribeiraopreto.com.br\/wp-content\/uploads\/2025\/03\/30ccc2b3-4cd5-4541-a662-78bcdf092fc1.jpg?fit=1200%2C800&ssl=1&resize=1050%2C600 3x"},"classes":[]},{"id":64974,"url":"https:\/\/noticiasribeiraopreto.com.br\/index.php\/2025\/03\/14\/jornal-da-franca-sebrae-apresenta-em-franca-os-beneficios-de-credito-para-as-cooperativas\/","url_meta":{"origin":65979,"position":2},"title":"Jornal da Franca &#8211; Sebrae apresenta em Franca os benef\u00edcios de cr\u00e9dito para as cooperativas","author":"noticiasribeiraopreto.com.br","date":"14 de March de 2025","format":false,"excerpt":"compartilhar no whatsapp compartilhar no telegram compartilhar no facebook compartilhar no linkedin O interessado no cr\u00e9dito precisa saber se a institui\u00e7\u00e3o financeira tem conv\u00eanio para operacionalizar o Fampe junto ao Sebrae O Sebrae-SP realizou um encontro com representantes de cooperativas de cr\u00e9dito da regi\u00e3o, nesta quarta-feira, dia 12, em Franca,\u2026","rel":"","context":"In &quot;Not\u00edcias de Franca-SP&quot;","block_context":{"text":"Not\u00edcias de Franca-SP","link":"https:\/\/noticiasribeiraopreto.com.br\/index.php\/category\/noticias-de-ribeirao-preto-sp-e-regiao-ismael-colosi\/noticias-franca-sp\/"},"img":{"alt_text":"","src":"https:\/\/i0.wp.com\/noticiasribeiraopreto.com.br\/wp-content\/uploads\/2025\/03\/18449e84-44ec-4658-8c58-08fc304d10c0.jpg?fit=936%2C520&ssl=1&resize=350%2C200","width":350,"height":200,"srcset":"https:\/\/i0.wp.com\/noticiasribeiraopreto.com.br\/wp-content\/uploads\/2025\/03\/18449e84-44ec-4658-8c58-08fc304d10c0.jpg?fit=936%2C520&ssl=1&resize=350%2C200 1x, https:\/\/i0.wp.com\/noticiasribeiraopreto.com.br\/wp-content\/uploads\/2025\/03\/18449e84-44ec-4658-8c58-08fc304d10c0.jpg?fit=936%2C520&ssl=1&resize=525%2C300 1.5x, https:\/\/i0.wp.com\/noticiasribeiraopreto.com.br\/wp-content\/uploads\/2025\/03\/18449e84-44ec-4658-8c58-08fc304d10c0.jpg?fit=936%2C520&ssl=1&resize=700%2C400 2x"},"classes":[]},{"id":64983,"url":"https:\/\/noticiasribeiraopreto.com.br\/index.php\/2025\/03\/14\/jornal-da-franca-precisa-de-credito-para-seu-negocio-inscreva-se-na-jornada-de-credito-de-franca\/","url_meta":{"origin":65979,"position":3},"title":"Jornal da Franca &#8211; Precisa de cr\u00e9dito para seu neg\u00f3cio? Inscreva-se na Jornada de Cr\u00e9dito de Franca!","author":"noticiasribeiraopreto.com.br","date":"14 de March de 2025","format":false,"excerpt":"compartilhar no whatsapp compartilhar no telegram compartilhar no facebook compartilhar no linkedin Os participantes ter\u00e3o acesso a informa\u00e7\u00f5es detalhadas sobre linhas de cr\u00e9dito, taxas reduzidas e facilidades para obter financiamento O evento \u00e9 voltado para MEIs, pequenos e m\u00e9dios empres\u00e1rios, al\u00e9m de quem deseja abrir um neg\u00f3cio \u00a0 Empreendedores de\u2026","rel":"","context":"In &quot;Not\u00edcias de Franca-SP&quot;","block_context":{"text":"Not\u00edcias de Franca-SP","link":"https:\/\/noticiasribeiraopreto.com.br\/index.php\/category\/noticias-de-ribeirao-preto-sp-e-regiao-ismael-colosi\/noticias-franca-sp\/"},"img":{"alt_text":"","src":"https:\/\/i0.wp.com\/noticiasribeiraopreto.com.br\/wp-content\/uploads\/2025\/03\/Franca-Imagem-Geral.jpeg?fit=1200%2C806&ssl=1&resize=350%2C200","width":350,"height":200,"srcset":"https:\/\/i0.wp.com\/noticiasribeiraopreto.com.br\/wp-content\/uploads\/2025\/03\/Franca-Imagem-Geral.jpeg?fit=1200%2C806&ssl=1&resize=350%2C200 1x, https:\/\/i0.wp.com\/noticiasribeiraopreto.com.br\/wp-content\/uploads\/2025\/03\/Franca-Imagem-Geral.jpeg?fit=1200%2C806&ssl=1&resize=525%2C300 1.5x, https:\/\/i0.wp.com\/noticiasribeiraopreto.com.br\/wp-content\/uploads\/2025\/03\/Franca-Imagem-Geral.jpeg?fit=1200%2C806&ssl=1&resize=700%2C400 2x, https:\/\/i0.wp.com\/noticiasribeiraopreto.com.br\/wp-content\/uploads\/2025\/03\/Franca-Imagem-Geral.jpeg?fit=1200%2C806&ssl=1&resize=1050%2C600 3x"},"classes":[]},{"id":70045,"url":"https:\/\/noticiasribeiraopreto.com.br\/index.php\/2025\/05\/22\/jornal-da-franca-curso-gratuito-para-capacitar-micros-empresarios-sera-realizado-na-camara-de-franca\/","url_meta":{"origin":65979,"position":4},"title":"Jornal da Franca &#8211; Curso gratuito para capacitar micros empres\u00e1rios ser\u00e1 realizado na C\u00e2mara de Franca","author":"noticiasribeiraopreto.com.br","date":"22 de May de 2025","format":false,"excerpt":"compartilhar no whatsapp compartilhar no telegram compartilhar no facebook compartilhar no linkedin O \u201cTurbine em seu neg\u00f3cio\u201d \u00e9 um curso destinado a quem j\u00e1 empreende ou deseja empreender em um curto per\u00edodo de tempo.\u00a0 A C\u00e2mara Municipal de Franca, em parceria com o Sebrae, realizar\u00e1 um curso de capacita\u00e7\u00e3o voltado\u2026","rel":"","context":"In &quot;Not\u00edcias de Franca-SP&quot;","block_context":{"text":"Not\u00edcias de Franca-SP","link":"https:\/\/noticiasribeiraopreto.com.br\/index.php\/category\/noticias-de-ribeirao-preto-sp-e-regiao-ismael-colosi\/noticias-franca-sp\/"},"img":{"alt_text":"","src":"https:\/\/i0.wp.com\/noticiasribeiraopreto.com.br\/wp-content\/uploads\/2025\/05\/WhatsApp-Image-2025-05-15-at-16.02.35.jpeg?fit=930%2C558&ssl=1&resize=350%2C200","width":350,"height":200,"srcset":"https:\/\/i0.wp.com\/noticiasribeiraopreto.com.br\/wp-content\/uploads\/2025\/05\/WhatsApp-Image-2025-05-15-at-16.02.35.jpeg?fit=930%2C558&ssl=1&resize=350%2C200 1x, https:\/\/i0.wp.com\/noticiasribeiraopreto.com.br\/wp-content\/uploads\/2025\/05\/WhatsApp-Image-2025-05-15-at-16.02.35.jpeg?fit=930%2C558&ssl=1&resize=525%2C300 1.5x, https:\/\/i0.wp.com\/noticiasribeiraopreto.com.br\/wp-content\/uploads\/2025\/05\/WhatsApp-Image-2025-05-15-at-16.02.35.jpeg?fit=930%2C558&ssl=1&resize=700%2C400 2x"},"classes":[]},{"id":65076,"url":"https:\/\/noticiasribeiraopreto.com.br\/index.php\/2025\/03\/15\/jornal-da-franca-veja-quando-sera-o-startup-day-em-franca-sebrae-anuncia-abertura-das-inscricoes\/","url_meta":{"origin":65979,"position":5},"title":"Jornal da Franca &#8211; Veja quando ser\u00e1 o Startup Day em Franca: Sebrae anuncia abertura das inscri\u00e7\u00f5es","author":"noticiasribeiraopreto.com.br","date":"15 de March de 2025","format":false,"excerpt":"compartilhar no whatsapp compartilhar no telegram compartilhar no facebook compartilhar no linkedin Evento tem como p\u00fablico-alvo startups em todos os momentos de maturidade: curiosidade, idea\u00e7\u00e3o, valida\u00e7\u00e3o, tra\u00e7\u00e3o, crescimento e escala. O Startup Day 2025, um dos maiores movimentos de fomento ao empreendedorismo e inova\u00e7\u00e3o do Brasil, j\u00e1 tem data marcada:\u2026","rel":"","context":"In &quot;Not\u00edcias de Franca-SP&quot;","block_context":{"text":"Not\u00edcias de Franca-SP","link":"https:\/\/noticiasribeiraopreto.com.br\/index.php\/category\/noticias-de-ribeirao-preto-sp-e-regiao-ismael-colosi\/noticias-franca-sp\/"},"img":{"alt_text":"","src":"https:\/\/i0.wp.com\/noticiasribeiraopreto.com.br\/wp-content\/uploads\/2025\/03\/d2592921-1203-4302-8e0d-59765231352e.jpg?fit=1200%2C800&ssl=1&resize=350%2C200","width":350,"height":200,"srcset":"https:\/\/i0.wp.com\/noticiasribeiraopreto.com.br\/wp-content\/uploads\/2025\/03\/d2592921-1203-4302-8e0d-59765231352e.jpg?fit=1200%2C800&ssl=1&resize=350%2C200 1x, https:\/\/i0.wp.com\/noticiasribeiraopreto.com.br\/wp-content\/uploads\/2025\/03\/d2592921-1203-4302-8e0d-59765231352e.jpg?fit=1200%2C800&ssl=1&resize=525%2C300 1.5x, https:\/\/i0.wp.com\/noticiasribeiraopreto.com.br\/wp-content\/uploads\/2025\/03\/d2592921-1203-4302-8e0d-59765231352e.jpg?fit=1200%2C800&ssl=1&resize=700%2C400 2x, https:\/\/i0.wp.com\/noticiasribeiraopreto.com.br\/wp-content\/uploads\/2025\/03\/d2592921-1203-4302-8e0d-59765231352e.jpg?fit=1200%2C800&ssl=1&resize=1050%2C600 3x"},"classes":[]}],"jetpack_sharing_enabled":true,"jetpack_shortlink":"https:\/\/wp.me\/peQAOb-hab","_links":{"self":[{"href":"https:\/\/noticiasribeiraopreto.com.br\/index.php\/wp-json\/wp\/v2\/posts\/65979","targetHints":{"allow":["GET"]}}],"collection":[{"href":"https:\/\/noticiasribeiraopreto.com.br\/index.php\/wp-json\/wp\/v2\/posts"}],"about":[{"href":"https:\/\/noticiasribeiraopreto.com.br\/index.php\/wp-json\/wp\/v2\/types\/post"}],"author":[{"embeddable":true,"href":"https:\/\/noticiasribeiraopreto.com.br\/index.php\/wp-json\/wp\/v2\/users\/1"}],"replies":[{"embeddable":true,"href":"https:\/\/noticiasribeiraopreto.com.br\/index.php\/wp-json\/wp\/v2\/comments?post=65979"}],"version-history":[{"count":0,"href":"https:\/\/noticiasribeiraopreto.com.br\/index.php\/wp-json\/wp\/v2\/posts\/65979\/revisions"}],"wp:featuredmedia":[{"embeddable":true,"href":"https:\/\/noticiasribeiraopreto.com.br\/index.php\/wp-json\/wp\/v2\/media\/65980"}],"wp:attachment":[{"href":"https:\/\/noticiasribeiraopreto.com.br\/index.php\/wp-json\/wp\/v2\/media?parent=65979"}],"wp:term":[{"taxonomy":"category","embeddable":true,"href":"https:\/\/noticiasribeiraopreto.com.br\/index.php\/wp-json\/wp\/v2\/categories?post=65979"},{"taxonomy":"post_tag","embeddable":true,"href":"https:\/\/noticiasribeiraopreto.com.br\/index.php\/wp-json\/wp\/v2\/tags?post=65979"}],"curies":[{"name":"wp","href":"https:\/\/api.w.org\/{rel}","templated":true}]}}