{"id":66076,"date":"2025-03-27T16:55:22","date_gmt":"2025-03-27T19:55:22","guid":{"rendered":"https:\/\/noticiasribeiraopreto.com.br\/index.php\/2025\/03\/27\/elecoes-brasileiras-de-basquete-conhecem-adversarios-na-americup-2025\/"},"modified":"2025-03-27T16:55:22","modified_gmt":"2025-03-27T19:55:22","slug":"elecoes-brasileiras-de-basquete-conhecem-adversarios-na-americup-2025","status":"publish","type":"post","link":"https:\/\/noticiasribeiraopreto.com.br\/index.php\/2025\/03\/27\/elecoes-brasileiras-de-basquete-conhecem-adversarios-na-americup-2025\/","title":{"rendered":"ele\u00e7\u00f5es Brasileiras de Basquete Conhecem Advers\u00e1rios na AmeriCup 2025"},"content":{"rendered":"<div class='code-block code-block-1' style='margin: 8px 0 8px auto; text-align: right; display: block; clear: both;'>\n<p><a href=\"https:\/\/wa.link\/vpicfd\"><img data-recalc-dims=\"1\" class=\"wp-image-4922\" style=\"aspect-ratio: 2.0253164556962027; width: 561px; height: auto;\" src=\"https:\/\/i0.wp.com\/ismaelcolosi.com.br\/wp-content\/uploads\/2023\/11\/grupo-de-empregos-whatsapp-e-facebook-ismael-colosi-vagas.jpg?ssl=1\" alt=\"\" \/><\/a><\/p>\n<!-- \/wp:image -->\n<\/div>\n<p> <br \/>\n<\/p>\n<div>\n<p class=\"\" data-start=\"207\" data-end=\"326\"><span class=\"relative -mx-px my-[-0.2rem] rounded px-px py-[0.2rem]\">As sele\u00e7\u00f5es brasileiras de basquete, tanto feminina quanto masculina, descobriram seus advers\u00e1rios na AmeriCup 2025 ap\u00f3s o sorteio realizado pela Federa\u00e7\u00e3o Internacional de Basquete (FIBA) na \u00faltima quarta-feira (26).<\/span> <span class=\"relative -mx-px my-[-0.2rem] rounded px-px py-[0.2rem]\">As competi\u00e7\u00f5es ocorrer\u00e3o no Chile e na Nicar\u00e1gua, respectivamente, e servir\u00e3o como importantes testes para as equipes nacionais.<\/span>\u200b<\/p>\n<p class=\"\" data-start=\"328\" data-end=\"354\"><strong data-start=\"328\" data-end=\"354\">AmeriCup Feminina 2025<\/strong><\/p>\n<p class=\"\" data-start=\"356\" data-end=\"515\"><span class=\"relative -mx-px my-[-0.2rem] rounded px-px py-[0.2rem]\">A equipe feminina, atual campe\u00e3 da competi\u00e7\u00e3o, foi sorteada para o Grupo A, ao lado de Canad\u00e1, Argentina, Rep\u00fablica Dominicana e El Salvador.<\/span> <span class=\"relative -mx-px my-[-0.2rem] rounded px-px py-[0.2rem]\">Os jogos ser\u00e3o disputados entre 28 de junho e 2 de julho, em Santiago, Chile.<\/span> <span class=\"relative -mx-px my-[-0.2rem] rounded px-px py-[0.2rem]\">Esta ser\u00e1 a primeira competi\u00e7\u00e3o oficial sob o comando da t\u00e9cnica norte-americana Dana \u201cPokey\u201d Chatman, que assumiu a sele\u00e7\u00e3o no final do ano passado.<\/span>\u200b<\/p>\n<p class=\"\" data-start=\"517\" data-end=\"602\"><span class=\"relative -mx-px my-[-0.2rem] rounded px-px py-[0.2rem]\">Chatman comentou sobre os desafios do grupo:<\/span>\u200b<\/p>\n<blockquote data-start=\"604\" data-end=\"691\">\n<p class=\"\" data-start=\"606\" data-end=\"691\"><span class=\"relative -mx-px my-[-0.2rem] rounded px-px py-[0.2rem]\">\u201cO Canad\u00e1 \u00e9 sempre um dos favoritos ao t\u00edtulo. Vem forte. A Argentina, uma rival do continente, cresce a cada ano. E a Rep\u00fablica Dominicana \u00e9 uma equipe sempre muito forte fisicamente. Al\u00e9m disso, \u00e9 preciso respeitar El Salvador. Vamos trabalhar muito para buscar nossos objetivos, um passo de cada vez.\u201d<\/span>\u200b<\/p>\n<\/blockquote>\n<p class=\"\" data-start=\"693\" data-end=\"778\"><span class=\"relative -mx-px my-[-0.2rem] rounded px-px py-[0.2rem]\">Para se preparar, a sele\u00e7\u00e3o feminina realizar\u00e1 dois amistosos nos Estados Unidos contra equipes da WNBA: Indiana Fever e Chicago Sky, nos dias 2 e 4 de maio, respectivamente.<\/span>\u200b<\/p>\n<p class=\"\" data-start=\"780\" data-end=\"807\"><strong data-start=\"780\" data-end=\"807\">AmeriCup Masculina 2025<\/strong><\/p>\n<p class=\"\" data-start=\"809\" data-end=\"974\"><span class=\"relative -mx-px my-[-0.2rem] rounded px-px py-[0.2rem]\">A sele\u00e7\u00e3o masculina buscar\u00e1 seu quinto t\u00edtulo na AmeriCup, competindo em Man\u00e1gua, Nicar\u00e1gua, entre 22 e 31 de agosto.<\/span> <span class=\"relative -mx-px my-[-0.2rem] rounded px-px py-[0.2rem]\">O Brasil foi colocado no Grupo A, considerado desafiador, junto com Estados Unidos, Uruguai e Bahamas.<\/span> <span class=\"relative -mx-px my-[-0.2rem] rounded px-px py-[0.2rem]\">Na edi\u00e7\u00e3o anterior, em 2022, a equipe brasileira foi vice-campe\u00e3, perdendo a final para a Argentina por 75 a 73.<\/span>\u200b<\/p>\n<p class=\"\" data-start=\"976\" data-end=\"1061\"><span class=\"relative -mx-px my-[-0.2rem] rounded px-px py-[0.2rem]\">O t\u00e9cnico da sele\u00e7\u00e3o masculina, Gustavo De Conti, analisou o grupo:<\/span>\u200b<\/p>\n<blockquote data-start=\"1063\" data-end=\"1150\">\n<p class=\"\" data-start=\"1065\" data-end=\"1150\"><span class=\"relative -mx-px my-[-0.2rem] rounded px-px py-[0.2rem]\">\u201c\u00c9 um grupo de muitas inc\u00f3gnitas. EUA \u00e9 sempre competitivo, mas neste momento n\u00e3o sabemos com qual equipe vai jogar. Uruguai conhecemos nas Eliminat\u00f3rias, tem um bom grupo e ainda faltaram alguns jogadores importantes. Bahamas tamb\u00e9m \u00e9 uma inc\u00f3gnita.\u201d<\/span>\u200b<\/p>\n<\/blockquote>\n<p class=\"\" data-start=\"1152\" data-end=\"1237\"><span class=\"relative -mx-px my-[-0.2rem] rounded px-px py-[0.2rem]\">As sele\u00e7\u00f5es brasileiras seguem em prepara\u00e7\u00e3o intensiva, visando alcan\u00e7ar resultados expressivos nas respectivas competi\u00e7\u00f5es continentais e fortalecer o basquete nacional no cen\u00e1rio internacional.<\/span><\/p>\n<p>&#13;<br \/>\n\t\t\t\t<span class=\"post-views-icon dashicons dashicons-chart-bar\"\/> <span class=\"post-views-label\">Visualiza\u00e7\u00f5es:<\/span> <span class=\"post-views-count\">2<\/span>&#13;\n\t\t\t<\/p>\n<\/p><\/div>\n<p><br \/>\n<br \/><a href=\"https:\/\/folhaderibeirao.com.br\/2025\/03\/27\/elecoes-brasileiras-de-basquete-conhecem-adversarios-na-americup-2025\/\">Source link <\/a><\/p>\n<!-- CONTENT END 1 -->\n","protected":false},"excerpt":{"rendered":"<p>As sele\u00e7\u00f5es brasileiras de basquete, tanto feminina quanto masculina, descobriram seus advers\u00e1rios na AmeriCup 2025 ap\u00f3s o sorteio realizado pela Federa\u00e7\u00e3o Internacional de Basquete (FIBA)&#8230;<\/p>\n","protected":false},"author":1,"featured_media":66077,"comment_status":"open","ping_status":"open","sticky":false,"template":"","format":"standard","meta":{"advanced_seo_description":"","jetpack_seo_html_title":"","jetpack_seo_noindex":false,"jetpack_post_was_ever_published":false,"_jetpack_newsletter_access":"","_jetpack_dont_email_post_to_subs":false,"_jetpack_newsletter_tier_id":0,"_jetpack_memberships_contains_paywalled_content":false,"_jetpack_memberships_contains_paid_content":false,"footnotes":"","jetpack_publicize_message":"","jetpack_publicize_feature_enabled":true,"jetpack_social_post_already_shared":true,"jetpack_social_options":{"image_generator_settings":{"template":"highway","default_image_id":0,"font":"","enabled":false},"version":2}},"categories":[11],"tags":[51,6352,1990,1455,706,6351],"class_list":["post-66076","post","type-post","status-publish","format-standard","has-post-thumbnail","hentry","category-noticias-de-ribeirao-preto-sp-e-regiao-ismael-colosi","tag-adversarios","tag-americup","tag-basquete","tag-brasileiras","tag-conhecem","tag-elecoes"],"jetpack_publicize_connections":[],"jetpack_featured_media_url":"https:\/\/i0.wp.com\/noticiasribeiraopreto.com.br\/wp-content\/uploads\/2025\/03\/selecao_basquete_masc_paris_2024.webp.webp?fit=1170%2C700&ssl=1","jetpack-related-posts":[{"id":69328,"url":"https:\/\/noticiasribeiraopreto.com.br\/index.php\/2025\/05\/05\/jornal-da-franca-sem-atletas-de-franca-selecao-brasileira-de-basquete-inicia-preparacao-nos-eua\/","url_meta":{"origin":66076,"position":0},"title":"Jornal da Franca &#8211; Sem atletas de Franca, Sele\u00e7\u00e3o Brasileira de Basquete inicia prepara\u00e7\u00e3o nos EUA","author":"noticiasribeiraopreto.com.br","date":"5 de May de 2025","format":false,"excerpt":"compartilhar no whatsapp compartilhar no telegram compartilhar no facebook compartilhar no linkedin Equipe disputar\u00e1 amistosos contra franquias da WNBA como parte do \u201cTour Brasil na W\u201d A Sele\u00e7\u00e3o Brasileira feminina de basquete iniciou sua prepara\u00e7\u00e3o nos Estados Unidos para a disputa do \u201cTour Brasil na W\u201d. Ao contr\u00e1rio da equipe\u2026","rel":"","context":"In &quot;Not\u00edcias de Franca-SP&quot;","block_context":{"text":"Not\u00edcias de Franca-SP","link":"https:\/\/noticiasribeiraopreto.com.br\/index.php\/category\/noticias-de-ribeirao-preto-sp-e-regiao-ismael-colosi\/noticias-franca-sp\/"},"img":{"alt_text":"","src":"https:\/\/i0.wp.com\/noticiasribeiraopreto.com.br\/wp-content\/uploads\/2025\/05\/pedrocao-dez-22-scaled.jpg?fit=1200%2C795&ssl=1&resize=350%2C200","width":350,"height":200,"srcset":"https:\/\/i0.wp.com\/noticiasribeiraopreto.com.br\/wp-content\/uploads\/2025\/05\/pedrocao-dez-22-scaled.jpg?fit=1200%2C795&ssl=1&resize=350%2C200 1x, https:\/\/i0.wp.com\/noticiasribeiraopreto.com.br\/wp-content\/uploads\/2025\/05\/pedrocao-dez-22-scaled.jpg?fit=1200%2C795&ssl=1&resize=525%2C300 1.5x, https:\/\/i0.wp.com\/noticiasribeiraopreto.com.br\/wp-content\/uploads\/2025\/05\/pedrocao-dez-22-scaled.jpg?fit=1200%2C795&ssl=1&resize=700%2C400 2x, https:\/\/i0.wp.com\/noticiasribeiraopreto.com.br\/wp-content\/uploads\/2025\/05\/pedrocao-dez-22-scaled.jpg?fit=1200%2C795&ssl=1&resize=1050%2C600 3x"},"classes":[]},{"id":69666,"url":"https:\/\/noticiasribeiraopreto.com.br\/index.php\/2025\/05\/08\/jornal-da-franca-brasil-encerra-tour-na-wnba-com-derrota-franca-segue-sem-representantes-na-selecao\/","url_meta":{"origin":66076,"position":1},"title":"Jornal da Franca &#8211; Brasil encerra Tour na WNBA com derrota; Franca segue sem representantes na sele\u00e7\u00e3o","author":"noticiasribeiraopreto.com.br","date":"8 de May de 2025","format":false,"excerpt":"compartilhar no whatsapp compartilhar no telegram compartilhar no facebook compartilhar no linkedin Sem equipe feminina ativa, cidade fica de fora da convoca\u00e7\u00e3o para amistosos nos EUA A Sele\u00e7\u00e3o Brasileira feminina de basquete encerrou neste domingo (4) sua participa\u00e7\u00e3o no \u201cTour Brasil na WNBA\u201d com uma derrota contundente para o Indiana\u2026","rel":"","context":"In &quot;Not\u00edcias de Franca-SP&quot;","block_context":{"text":"Not\u00edcias de Franca-SP","link":"https:\/\/noticiasribeiraopreto.com.br\/index.php\/category\/noticias-de-ribeirao-preto-sp-e-regiao-ismael-colosi\/noticias-franca-sp\/"},"img":{"alt_text":"","src":"https:\/\/i0.wp.com\/noticiasribeiraopreto.com.br\/wp-content\/uploads\/2025\/05\/pLENARIO.jpg?fit=830%2C539&ssl=1&resize=350%2C200","width":350,"height":200,"srcset":"https:\/\/i0.wp.com\/noticiasribeiraopreto.com.br\/wp-content\/uploads\/2025\/05\/pLENARIO.jpg?fit=830%2C539&ssl=1&resize=350%2C200 1x, https:\/\/i0.wp.com\/noticiasribeiraopreto.com.br\/wp-content\/uploads\/2025\/05\/pLENARIO.jpg?fit=830%2C539&ssl=1&resize=525%2C300 1.5x, https:\/\/i0.wp.com\/noticiasribeiraopreto.com.br\/wp-content\/uploads\/2025\/05\/pLENARIO.jpg?fit=830%2C539&ssl=1&resize=700%2C400 2x"},"classes":[]},{"id":64951,"url":"https:\/\/noticiasribeiraopreto.com.br\/index.php\/2025\/03\/13\/sesi-franca-basquete-esta-no-final-4-da-liga-das-americas-veja-melhores-momentos\/","url_meta":{"origin":66076,"position":2},"title":"Sesi Franca Basquete est\u00e1 no Final 4 da Liga das Am\u00e9ricas; veja melhores momentos","author":"noticiasribeiraopreto.com.br","date":"13 de March de 2025","format":false,"excerpt":"Por 84 a 73, o Sesi Franca Basquete conquistou a vaga para o final 4 da Liga das Am\u00e9ricas de Basquete. O time francano fechou a s\u00e9rie contra o Quimsa, da Argentina, em 2 a 1 na s\u00e9rie. O jogo final foi neste 13\/3. Georginho foi o cestinha, com 24\u2026","rel":"","context":"In &quot;Not\u00edcias de Franca-SP&quot;","block_context":{"text":"Not\u00edcias de Franca-SP","link":"https:\/\/noticiasribeiraopreto.com.br\/index.php\/category\/noticias-de-ribeirao-preto-sp-e-regiao-ismael-colosi\/noticias-franca-sp\/"},"img":{"alt_text":"","src":"https:\/\/i0.wp.com\/noticiasribeiraopreto.com.br\/wp-content\/uploads\/2025\/03\/plxhcbffeo6jqatkwk5k.webp.webp?fit=1200%2C800&ssl=1&resize=350%2C200","width":350,"height":200,"srcset":"https:\/\/i0.wp.com\/noticiasribeiraopreto.com.br\/wp-content\/uploads\/2025\/03\/plxhcbffeo6jqatkwk5k.webp.webp?fit=1200%2C800&ssl=1&resize=350%2C200 1x, https:\/\/i0.wp.com\/noticiasribeiraopreto.com.br\/wp-content\/uploads\/2025\/03\/plxhcbffeo6jqatkwk5k.webp.webp?fit=1200%2C800&ssl=1&resize=525%2C300 1.5x, https:\/\/i0.wp.com\/noticiasribeiraopreto.com.br\/wp-content\/uploads\/2025\/03\/plxhcbffeo6jqatkwk5k.webp.webp?fit=1200%2C800&ssl=1&resize=700%2C400 2x, https:\/\/i0.wp.com\/noticiasribeiraopreto.com.br\/wp-content\/uploads\/2025\/03\/plxhcbffeo6jqatkwk5k.webp.webp?fit=1200%2C800&ssl=1&resize=1050%2C600 3x"},"classes":[]},{"id":65319,"url":"https:\/\/noticiasribeiraopreto.com.br\/index.php\/2025\/03\/18\/briga-entre-cbb-e-lnb-caminha-para-o-fim-e-campeonato-nacional-deve-voltar-a-ser-o-nbb\/","url_meta":{"origin":66076,"position":3},"title":"Briga entre CBB e LNB caminha para o fim e campeonato nacional deve voltar a ser o NBB","author":"noticiasribeiraopreto.com.br","date":"18 de March de 2025","format":false,"excerpt":"A Confedera\u00e7\u00e3o Brasileira de Basquete (CBB) e a Liga Nacional de Basquete (LNB) chegaram a um acordo para que o NBB, organizado pela Liga Nacional de Basquete (LNB), seja chancelado novamente como torneio nacional. Segundo apurou a Itatiaia, a Federa\u00e7\u00e3o Internacional de Basquete (Fiba) deve formalizar o acordo nos pr\u00f3ximos\u2026","rel":"","context":"In &quot;Not\u00edcias de Franca-SP&quot;","block_context":{"text":"Not\u00edcias de Franca-SP","link":"https:\/\/noticiasribeiraopreto.com.br\/index.php\/category\/noticias-de-ribeirao-preto-sp-e-regiao-ismael-colosi\/noticias-franca-sp\/"},"img":{"alt_text":"","src":"https:\/\/i0.wp.com\/noticiasribeiraopreto.com.br\/wp-content\/uploads\/2025\/03\/lucasdiasbasquete-e1695084998281.jpg?fit=700%2C467&ssl=1&resize=350%2C200","width":350,"height":200,"srcset":"https:\/\/i0.wp.com\/noticiasribeiraopreto.com.br\/wp-content\/uploads\/2025\/03\/lucasdiasbasquete-e1695084998281.jpg?fit=700%2C467&ssl=1&resize=350%2C200 1x, https:\/\/i0.wp.com\/noticiasribeiraopreto.com.br\/wp-content\/uploads\/2025\/03\/lucasdiasbasquete-e1695084998281.jpg?fit=700%2C467&ssl=1&resize=525%2C300 1.5x, https:\/\/i0.wp.com\/noticiasribeiraopreto.com.br\/wp-content\/uploads\/2025\/03\/lucasdiasbasquete-e1695084998281.jpg?fit=700%2C467&ssl=1&resize=700%2C400 2x"},"classes":[]},{"id":6131,"url":"https:\/\/noticiasribeiraopreto.com.br\/index.php\/2023\/11\/24\/botafogo-e-comercial-conhecem-adversarios-na-copa-sp\/","url_meta":{"origin":66076,"position":4},"title":"Botafogo e Comercial conhecem advers\u00e1rios na Copa SP\u00a0\u00a0","author":"noticiasribeiraopreto.com.br","date":"24 de November de 2023","format":false,"excerpt":"24 de novembro de 2023 | 15:3024 de novembro de 2023 | 12:05 0Botafogo e Comercial conheceram na quarta-feira quem ser\u00e3o seus advers\u00e1rios na primeira fase da Copa S\u00e3o Paulo de Futebol J\u00fanior. A 54\u00aa edi\u00e7\u00e3o da Copa S\u00e3o Paulo tem in\u00edcio no dia 2 e decis\u00e3o em 25 de\u2026","rel":"","context":"In &quot;Not\u00edcias de Ribeir\u00e3o Preto-SP e Regi\u00e3o&quot;","block_context":{"text":"Not\u00edcias de Ribeir\u00e3o Preto-SP e Regi\u00e3o","link":"https:\/\/noticiasribeiraopreto.com.br\/index.php\/category\/noticias-de-ribeirao-preto-sp-e-regiao-ismael-colosi\/"},"img":{"alt_text":"","src":"https:\/\/i0.wp.com\/noticiasribeiraopreto.com.br\/wp-content\/uploads\/2023\/11\/copinha.jpg?fit=1000%2C503&ssl=1&resize=350%2C200","width":350,"height":200,"srcset":"https:\/\/i0.wp.com\/noticiasribeiraopreto.com.br\/wp-content\/uploads\/2023\/11\/copinha.jpg?fit=1000%2C503&ssl=1&resize=350%2C200 1x, https:\/\/i0.wp.com\/noticiasribeiraopreto.com.br\/wp-content\/uploads\/2023\/11\/copinha.jpg?fit=1000%2C503&ssl=1&resize=525%2C300 1.5x, https:\/\/i0.wp.com\/noticiasribeiraopreto.com.br\/wp-content\/uploads\/2023\/11\/copinha.jpg?fit=1000%2C503&ssl=1&resize=700%2C400 2x"},"classes":[]},{"id":68679,"url":"https:\/\/noticiasribeiraopreto.com.br\/index.php\/2025\/04\/27\/jornal-da-franca-selecao-masculina-de-basquete-se-prepara-para-americup-sesi-franca-no-aguardo\/","url_meta":{"origin":66076,"position":5},"title":"Jornal da Franca &#8211; Sele\u00e7\u00e3o Masculina de Basquete se prepara para AmeriCup: Sesi Franca no aguardo","author":"noticiasribeiraopreto.com.br","date":"27 de April de 2025","format":false,"excerpt":"compartilhar no whatsapp compartilhar no telegram compartilhar no facebook compartilhar no linkedin Brasil enfrentar\u00e1 rivais tradicionais como Argentina, Uruguai e Panam\u00e1 em torneio preparat\u00f3rio A Sele\u00e7\u00e3o Brasileira masculina de basquete est\u00e1 se preparando para a AmeriCup 2025, que ser\u00e1 realizada na Nicar\u00e1gua entre os dias 22 e 31 de agosto.\u2026","rel":"","context":"In &quot;Not\u00edcias de Franca-SP&quot;","block_context":{"text":"Not\u00edcias de Franca-SP","link":"https:\/\/noticiasribeiraopreto.com.br\/index.php\/category\/noticias-de-ribeirao-preto-sp-e-regiao-ismael-colosi\/noticias-franca-sp\/"},"img":{"alt_text":"","src":"https:\/\/i0.wp.com\/noticiasribeiraopreto.com.br\/wp-content\/uploads\/2025\/04\/Georginho-FIBA1.jpg?fit=1000%2C600&ssl=1&resize=350%2C200","width":350,"height":200,"srcset":"https:\/\/i0.wp.com\/noticiasribeiraopreto.com.br\/wp-content\/uploads\/2025\/04\/Georginho-FIBA1.jpg?fit=1000%2C600&ssl=1&resize=350%2C200 1x, https:\/\/i0.wp.com\/noticiasribeiraopreto.com.br\/wp-content\/uploads\/2025\/04\/Georginho-FIBA1.jpg?fit=1000%2C600&ssl=1&resize=525%2C300 1.5x, https:\/\/i0.wp.com\/noticiasribeiraopreto.com.br\/wp-content\/uploads\/2025\/04\/Georginho-FIBA1.jpg?fit=1000%2C600&ssl=1&resize=700%2C400 2x"},"classes":[]}],"jetpack_sharing_enabled":true,"jetpack_shortlink":"https:\/\/wp.me\/peQAOb-hbK","_links":{"self":[{"href":"https:\/\/noticiasribeiraopreto.com.br\/index.php\/wp-json\/wp\/v2\/posts\/66076","targetHints":{"allow":["GET"]}}],"collection":[{"href":"https:\/\/noticiasribeiraopreto.com.br\/index.php\/wp-json\/wp\/v2\/posts"}],"about":[{"href":"https:\/\/noticiasribeiraopreto.com.br\/index.php\/wp-json\/wp\/v2\/types\/post"}],"author":[{"embeddable":true,"href":"https:\/\/noticiasribeiraopreto.com.br\/index.php\/wp-json\/wp\/v2\/users\/1"}],"replies":[{"embeddable":true,"href":"https:\/\/noticiasribeiraopreto.com.br\/index.php\/wp-json\/wp\/v2\/comments?post=66076"}],"version-history":[{"count":0,"href":"https:\/\/noticiasribeiraopreto.com.br\/index.php\/wp-json\/wp\/v2\/posts\/66076\/revisions"}],"wp:featuredmedia":[{"embeddable":true,"href":"https:\/\/noticiasribeiraopreto.com.br\/index.php\/wp-json\/wp\/v2\/media\/66077"}],"wp:attachment":[{"href":"https:\/\/noticiasribeiraopreto.com.br\/index.php\/wp-json\/wp\/v2\/media?parent=66076"}],"wp:term":[{"taxonomy":"category","embeddable":true,"href":"https:\/\/noticiasribeiraopreto.com.br\/index.php\/wp-json\/wp\/v2\/categories?post=66076"},{"taxonomy":"post_tag","embeddable":true,"href":"https:\/\/noticiasribeiraopreto.com.br\/index.php\/wp-json\/wp\/v2\/tags?post=66076"}],"curies":[{"name":"wp","href":"https:\/\/api.w.org\/{rel}","templated":true}]}}