{"id":66080,"date":"2025-03-27T17:02:32","date_gmt":"2025-03-27T20:02:32","guid":{"rendered":"https:\/\/noticiasribeiraopreto.com.br\/index.php\/2025\/03\/27\/apos-virar-reu-bolsonaro-nega-decreto-de-golpe-de-estado\/"},"modified":"2025-03-27T17:02:32","modified_gmt":"2025-03-27T20:02:32","slug":"apos-virar-reu-bolsonaro-nega-decreto-de-golpe-de-estado","status":"publish","type":"post","link":"https:\/\/noticiasribeiraopreto.com.br\/index.php\/2025\/03\/27\/apos-virar-reu-bolsonaro-nega-decreto-de-golpe-de-estado\/","title":{"rendered":"Ap\u00f3s virar r\u00e9u, Bolsonaro nega decreto de golpe de Estado"},"content":{"rendered":"<div class='code-block code-block-1' style='margin: 8px 0 8px auto; text-align: right; display: block; clear: both;'>\n<p><a href=\"https:\/\/wa.link\/vpicfd\"><img data-recalc-dims=\"1\" class=\"wp-image-4922\" style=\"aspect-ratio: 2.0253164556962027; width: 561px; height: auto;\" src=\"https:\/\/i0.wp.com\/ismaelcolosi.com.br\/wp-content\/uploads\/2023\/11\/grupo-de-empregos-whatsapp-e-facebook-ismael-colosi-vagas.jpg?ssl=1\" alt=\"\" \/><\/a><\/p>\n<!-- \/wp:image -->\n<\/div>\n<p> <br \/>\n<\/p>\n<div>\n<p class=\"\" data-start=\"207\" data-end=\"364\"><span class=\"relative -mx-px my-[-0.2rem] rounded px-px py-[0.2rem]\">O ex-presidente Jair Bolsonaro se pronunciou nesta quarta-feira (26) ap\u00f3s tornar-se r\u00e9u por tentativa de golpe de Estado, negando veementemente as acusa\u00e7\u00f5es de que teria articulado uma minuta golpista com os comandantes das For\u00e7as Armadas para suspender as elei\u00e7\u00f5es de 2022.<\/span> <span class=\"relative -mx-px my-[-0.2rem] rounded px-px py-[0.2rem]\">A den\u00fancia da Procuradoria-Geral da Rep\u00fablica (PGR) sustenta que, em 7 de dezembro de 2022, Bolsonaro reuniu-se no Pal\u00e1cio da Alvorada com os comandantes do Ex\u00e9rcito, Aeron\u00e1utica e Marinha, ocasi\u00e3o em que teria sido apresentada a chamada \u201cminuta do golpe\u201d visando suspender o processo eleitoral.<\/span> \u200b<\/p>\n<p class=\"\" data-start=\"366\" data-end=\"527\"><span class=\"relative -mx-px my-[-0.2rem] rounded px-px py-[0.2rem]\">Em declara\u00e7\u00e3o \u00e0 imprensa, Bolsonaro afirmou que, antes da assinatura de um decreto de Estado de Defesa, conforme previsto no Artigo 136 da Constitui\u00e7\u00e3o, seria necess\u00e1rio convocar os Conselhos da Rep\u00fablica e de Defesa, o que, segundo ele, n\u00e3o ocorreu.<\/span> <span class=\"relative -mx-px my-[-0.2rem] rounded px-px py-[0.2rem]\">\u201cN\u00e3o convoquei os conselhos, nem atos preparat\u00f3rios houve para isso\u201d, destacou o ex-presidente.<\/span> \u200b<\/p>\n<p class=\"\" data-start=\"529\" data-end=\"694\"><span class=\"relative -mx-px my-[-0.2rem] rounded px-px py-[0.2rem]\">Bolsonaro tamb\u00e9m refor\u00e7ou a narrativa de que \u00e9 alvo de persegui\u00e7\u00e3o pol\u00edtica e questionou a integridade das urnas eletr\u00f4nicas, sem apresentar evid\u00eancias.<\/span> <span class=\"relative -mx-px my-[-0.2rem] rounded px-px py-[0.2rem]\">Al\u00e9m disso, criticou o ministro do Supremo Tribunal Federal (STF), Alexandre de Moraes, respons\u00e1vel por conduzir parte das investiga\u00e7\u00f5es relacionadas ao caso.<\/span> \u200b<\/p>\n<p class=\"\" data-start=\"696\" data-end=\"861\"><span class=\"relative -mx-px my-[-0.2rem] rounded px-px py-[0.2rem]\">A defesa de Bolsonaro negou sua participa\u00e7\u00e3o nos atos golpistas de 8 de janeiro de 2023, argumentando que n\u00e3o h\u00e1 evid\u00eancias concretas que sustentem as acusa\u00e7\u00f5es.<\/span> <span class=\"relative -mx-px my-[-0.2rem] rounded px-px py-[0.2rem]\">O advogado Celso Vilardi afirmou que o ex-presidente sempre atuou dentro dos limites constitucionais e que a den\u00fancia carece de fundamenta\u00e7\u00e3o s\u00f3lida.<\/span> \u200b<\/p>\n<p class=\"\" data-start=\"863\" data-end=\"1028\"><span class=\"relative -mx-px my-[-0.2rem] rounded px-px py-[0.2rem]\">O STF formou maioria para tornar Bolsonaro r\u00e9u, sendo esta a primeira vez que um ex-presidente brasileiro enfrenta um processo criminal por tentativa de golpe de Estado.<\/span> <span class=\"relative -mx-px my-[-0.2rem] rounded px-px py-[0.2rem]\">A decis\u00e3o hist\u00f3rica ressalta a gravidade das acusa\u00e7\u00f5es e a import\u00e2ncia da manuten\u00e7\u00e3o do Estado Democr\u00e1tico de Direito no pa\u00eds.<\/span> \u200b<\/p>\n<p class=\"\" data-start=\"1030\" data-end=\"1195\"><span class=\"relative -mx-px my-[-0.2rem] rounded px-px py-[0.2rem]\">Observadores internacionais tamb\u00e9m acompanham de perto o desenrolar dos acontecimentos.<\/span> <span class=\"relative -mx-px my-[-0.2rem] rounded px-px py-[0.2rem]\">O jornal The New York Times destacou que o Brasil esteve pr\u00f3ximo de retornar a um regime ditatorial, evidenciando a preocupa\u00e7\u00e3o global com a estabilidade democr\u00e1tica brasileira.<\/span> \u200b<\/p>\n<p class=\"\" data-start=\"1197\" data-end=\"1282\"><span class=\"relative -mx-px my-[-0.2rem] rounded px-px py-[0.2rem]\">O processo contra Jair Bolsonaro segue em andamento, com desdobramentos que podem redefinir os rumos pol\u00edticos do pa\u00eds nos pr\u00f3ximos anos.<\/span><\/p>\n<p>&#13;<br \/>\n\t\t\t\t<span class=\"post-views-icon dashicons dashicons-chart-bar\"\/> <span class=\"post-views-label\">Visualiza\u00e7\u00f5es:<\/span> <span class=\"post-views-count\">3<\/span>&#13;\n\t\t\t<\/p>\n<\/p><\/div>\n<p><br \/>\n<br \/><a href=\"https:\/\/folhaderibeirao.com.br\/2025\/03\/27\/apos-virar-reu-bolsonaro-nega-decreto-de-golpe-de-estado\/\">Source link <\/a><\/p>\n<!-- CONTENT END 1 -->\n","protected":false},"excerpt":{"rendered":"<p>O ex-presidente Jair Bolsonaro se pronunciou nesta quarta-feira (26) ap\u00f3s tornar-se r\u00e9u por tentativa de golpe de Estado, negando veementemente as acusa\u00e7\u00f5es de que teria&#8230;<\/p>\n","protected":false},"author":1,"featured_media":66081,"comment_status":"open","ping_status":"open","sticky":false,"template":"","format":"standard","meta":{"advanced_seo_description":"","jetpack_seo_html_title":"","jetpack_seo_noindex":false,"jetpack_post_was_ever_published":false,"_jetpack_newsletter_access":"","_jetpack_dont_email_post_to_subs":false,"_jetpack_newsletter_tier_id":0,"_jetpack_memberships_contains_paywalled_content":false,"_jetpack_memberships_contains_paid_content":false,"footnotes":"","jetpack_publicize_message":"","jetpack_publicize_feature_enabled":true,"jetpack_social_post_already_shared":true,"jetpack_social_options":{"image_generator_settings":{"template":"highway","default_image_id":0,"font":"","enabled":false},"version":2}},"categories":[11],"tags":[37,3964,2315,160,25,1873,6349,3882],"class_list":["post-66080","post","type-post","status-publish","format-standard","has-post-thumbnail","hentry","category-noticias-de-ribeirao-preto-sp-e-regiao-ismael-colosi","tag-apos","tag-bolsonaro","tag-decreto","tag-estado","tag-golpe","tag-nega","tag-reu","tag-virar"],"jetpack_publicize_connections":[],"jetpack_featured_media_url":"https:\/\/i0.wp.com\/noticiasribeiraopreto.com.br\/wp-content\/uploads\/2025\/03\/lula6182.webp.webp?fit=1170%2C700&ssl=1","jetpack-related-posts":[{"id":65862,"url":"https:\/\/noticiasribeiraopreto.com.br\/index.php\/2025\/03\/25\/stf-decide-hoje-se-bolsonaro-e-aliados-serao-reus-por-tentativa-de-golpe-de-estado\/","url_meta":{"origin":66080,"position":0},"title":"STF Decide Hoje se Bolsonaro e Aliados Ser\u00e3o R\u00e9us por Tentativa de Golpe de Estado","author":"noticiasribeiraopreto.com.br","date":"25 de March de 2025","format":false,"excerpt":"O Supremo Tribunal Federal (STF) inicia nesta ter\u00e7a-feira, 25 de mar\u00e7o de 2025, o julgamento que determinar\u00e1 se o ex-presidente Jair Bolsonaro e outros sete acusados se tornar\u00e3o r\u00e9us em uma a\u00e7\u00e3o penal por suposta tentativa de golpe de Estado ap\u00f3s as elei\u00e7\u00f5es de 2022. A decis\u00e3o ser\u00e1 tomada pela\u2026","rel":"","context":"In &quot;Not\u00edcias de Ribeir\u00e3o Preto-SP e Regi\u00e3o&quot;","block_context":{"text":"Not\u00edcias de Ribeir\u00e3o Preto-SP e Regi\u00e3o","link":"https:\/\/noticiasribeiraopreto.com.br\/index.php\/category\/noticias-de-ribeirao-preto-sp-e-regiao-ismael-colosi\/"},"img":{"alt_text":"","src":"https:\/\/i0.wp.com\/noticiasribeiraopreto.com.br\/wp-content\/uploads\/2025\/03\/2023-04-14T183421Z_1_LYNXMPEJ3D0QL_RTROPTP_4_BRAZIL-POLITICS-BOLSONARO_binary_325234-1.jpg?fit=1200%2C800&ssl=1&resize=350%2C200","width":350,"height":200,"srcset":"https:\/\/i0.wp.com\/noticiasribeiraopreto.com.br\/wp-content\/uploads\/2025\/03\/2023-04-14T183421Z_1_LYNXMPEJ3D0QL_RTROPTP_4_BRAZIL-POLITICS-BOLSONARO_binary_325234-1.jpg?fit=1200%2C800&ssl=1&resize=350%2C200 1x, https:\/\/i0.wp.com\/noticiasribeiraopreto.com.br\/wp-content\/uploads\/2025\/03\/2023-04-14T183421Z_1_LYNXMPEJ3D0QL_RTROPTP_4_BRAZIL-POLITICS-BOLSONARO_binary_325234-1.jpg?fit=1200%2C800&ssl=1&resize=525%2C300 1.5x, https:\/\/i0.wp.com\/noticiasribeiraopreto.com.br\/wp-content\/uploads\/2025\/03\/2023-04-14T183421Z_1_LYNXMPEJ3D0QL_RTROPTP_4_BRAZIL-POLITICS-BOLSONARO_binary_325234-1.jpg?fit=1200%2C800&ssl=1&resize=700%2C400 2x, https:\/\/i0.wp.com\/noticiasribeiraopreto.com.br\/wp-content\/uploads\/2025\/03\/2023-04-14T183421Z_1_LYNXMPEJ3D0QL_RTROPTP_4_BRAZIL-POLITICS-BOLSONARO_binary_325234-1.jpg?fit=1200%2C800&ssl=1&resize=1050%2C600 3x"},"classes":[]},{"id":65975,"url":"https:\/\/noticiasribeiraopreto.com.br\/index.php\/2025\/03\/26\/stf-forma-maioria-para-tornar-bolsonaro-reu-por-tentativa-de-golpe-de-estado\/","url_meta":{"origin":66080,"position":1},"title":"STF forma maioria para tornar Bolsonaro r\u00e9u por tentativa de golpe de Estado\u200b","author":"noticiasribeiraopreto.com.br","date":"26 de March de 2025","format":false,"excerpt":"Nesta quarta-feira (26), a Primeira Turma do Supremo Tribunal Federal (STF) alcan\u00e7ou maioria de votos para tornar o ex-presidente Jair Bolsonaro r\u00e9u pelos crimes de golpe de Estado e tentativa de abolir o Estado Democr\u00e1tico de Direito. Essa \u00e9 a primeira vez que um ex-presidente eleito \u00e9 formalmente acusado por\u2026","rel":"","context":"In &quot;Not\u00edcias de Ribeir\u00e3o Preto-SP e Regi\u00e3o&quot;","block_context":{"text":"Not\u00edcias de Ribeir\u00e3o Preto-SP e Regi\u00e3o","link":"https:\/\/noticiasribeiraopreto.com.br\/index.php\/category\/noticias-de-ribeirao-preto-sp-e-regiao-ismael-colosi\/"},"img":{"alt_text":"","src":"https:\/\/i0.wp.com\/noticiasribeiraopreto.com.br\/wp-content\/uploads\/2025\/03\/5.webp.webp?fit=1170%2C700&ssl=1&resize=350%2C200","width":350,"height":200,"srcset":"https:\/\/i0.wp.com\/noticiasribeiraopreto.com.br\/wp-content\/uploads\/2025\/03\/5.webp.webp?fit=1170%2C700&ssl=1&resize=350%2C200 1x, https:\/\/i0.wp.com\/noticiasribeiraopreto.com.br\/wp-content\/uploads\/2025\/03\/5.webp.webp?fit=1170%2C700&ssl=1&resize=525%2C300 1.5x, https:\/\/i0.wp.com\/noticiasribeiraopreto.com.br\/wp-content\/uploads\/2025\/03\/5.webp.webp?fit=1170%2C700&ssl=1&resize=700%2C400 2x, https:\/\/i0.wp.com\/noticiasribeiraopreto.com.br\/wp-content\/uploads\/2025\/03\/5.webp.webp?fit=1170%2C700&ssl=1&resize=1050%2C600 3x"},"classes":[]},{"id":74049,"url":"https:\/\/noticiasribeiraopreto.com.br\/index.php\/2025\/07\/15\/pgr-pede-condenacao-de-bolsonaro-e-mais-7-reus-por-golpe-de-estado\/","url_meta":{"origin":66080,"position":2},"title":"PGR pede condena\u00e7\u00e3o de Bolsonaro e mais 7 r\u00e9us por golpe de Estado","author":"noticiasribeiraopreto.com.br","date":"15 de July de 2025","format":false,"excerpt":"15 de julho de 2025 09:164 Compartilhar0 A\u00a0Procuradoria-Geral da Rep\u00fablica (PGR) pediu nesta segunda-feira (14) ao Supremo Tribunal Federal (STF) a condena\u00e7\u00e3o do ex-presidente Jair Bolsonaro e de mais sete r\u00e9us do n\u00facleo 1 da trama golpista. A manifesta\u00e7\u00e3o foi enviada ao ministro Alexandre de Moraes, por volta das 23h45,\u2026","rel":"","context":"In &quot;Not\u00edcias de Ribeir\u00e3o Preto-SP e Regi\u00e3o&quot;","block_context":{"text":"Not\u00edcias de Ribeir\u00e3o Preto-SP e Regi\u00e3o","link":"https:\/\/noticiasribeiraopreto.com.br\/index.php\/category\/noticias-de-ribeirao-preto-sp-e-regiao-ismael-colosi\/"},"img":{"alt_text":"","src":"https:\/\/i0.wp.com\/noticiasribeiraopreto.com.br\/wp-content\/uploads\/2025\/07\/bozo.jpeg?fit=1170%2C700&ssl=1&resize=350%2C200","width":350,"height":200,"srcset":"https:\/\/i0.wp.com\/noticiasribeiraopreto.com.br\/wp-content\/uploads\/2025\/07\/bozo.jpeg?fit=1170%2C700&ssl=1&resize=350%2C200 1x, https:\/\/i0.wp.com\/noticiasribeiraopreto.com.br\/wp-content\/uploads\/2025\/07\/bozo.jpeg?fit=1170%2C700&ssl=1&resize=525%2C300 1.5x, https:\/\/i0.wp.com\/noticiasribeiraopreto.com.br\/wp-content\/uploads\/2025\/07\/bozo.jpeg?fit=1170%2C700&ssl=1&resize=700%2C400 2x, https:\/\/i0.wp.com\/noticiasribeiraopreto.com.br\/wp-content\/uploads\/2025\/07\/bozo.jpeg?fit=1170%2C700&ssl=1&resize=1050%2C600 3x"},"classes":[]},{"id":76630,"url":"https:\/\/noticiasribeiraopreto.com.br\/index.php\/2025\/09\/02\/ao-vivo-veja-o-julgamento-de-bolsonaro-no-stf\/","url_meta":{"origin":66080,"position":3},"title":"AO VIVO: Veja o julgamento de Bolsonaro no STF","author":"noticiasribeiraopreto.com.br","date":"2 de September de 2025","format":false,"excerpt":"A Primeira Turma do Supremo Tribunal Federal (STF) come\u00e7a nesta segunda-feira (2), \u00e0s 9h, o julgamento que pode condenar o ex-presidente Jair Bolsonaro e mais sete aliados, acusados pela Procuradoria-Geral da Rep\u00fablica (PGR) de tentativa de golpe de Estado no final de 2022. O grupo faz parte do n\u00facleo crucial\u2026","rel":"","context":"In &quot;Not\u00edcias de Ribeir\u00e3o Preto-SP e Regi\u00e3o&quot;","block_context":{"text":"Not\u00edcias de Ribeir\u00e3o Preto-SP e Regi\u00e3o","link":"https:\/\/noticiasribeiraopreto.com.br\/index.php\/category\/noticias-de-ribeirao-preto-sp-e-regiao-ismael-colosi\/"},"img":{"alt_text":"","src":"https:\/\/i0.wp.com\/noticiasribeiraopreto.com.br\/wp-content\/uploads\/2025\/09\/lula5925.webp.webp?fit=1170%2C700&ssl=1&resize=350%2C200","width":350,"height":200,"srcset":"https:\/\/i0.wp.com\/noticiasribeiraopreto.com.br\/wp-content\/uploads\/2025\/09\/lula5925.webp.webp?fit=1170%2C700&ssl=1&resize=350%2C200 1x, https:\/\/i0.wp.com\/noticiasribeiraopreto.com.br\/wp-content\/uploads\/2025\/09\/lula5925.webp.webp?fit=1170%2C700&ssl=1&resize=525%2C300 1.5x, https:\/\/i0.wp.com\/noticiasribeiraopreto.com.br\/wp-content\/uploads\/2025\/09\/lula5925.webp.webp?fit=1170%2C700&ssl=1&resize=700%2C400 2x, https:\/\/i0.wp.com\/noticiasribeiraopreto.com.br\/wp-content\/uploads\/2025\/09\/lula5925.webp.webp?fit=1170%2C700&ssl=1&resize=1050%2C600 3x"},"classes":[]},{"id":77115,"url":"https:\/\/noticiasribeiraopreto.com.br\/index.php\/2025\/09\/11\/stf-condena-bolsonaro-a-27-anos-e-tres-meses-de-prisao\/","url_meta":{"origin":66080,"position":4},"title":"STF condena Bolsonaro a 27 anos e tr\u00eas meses de pris\u00e3o","author":"noticiasribeiraopreto.com.br","date":"11 de September de 2025","format":false,"excerpt":"11 de setembro de 2025 19:272 Compartilhar0 A Primeira Turma do Supremo Tribunal Federal (STF) condenou nesta quinta-feira (11) o ex-presidente Jair Bolsonaro a 27 anos e tr\u00eas meses de pris\u00e3o em regime fechado. A pena foi definida ap\u00f3s o colegiado entrar na fase de fase da dosimetria das penas\u2026","rel":"","context":"In &quot;Not\u00edcias de Ribeir\u00e3o Preto-SP e Regi\u00e3o&quot;","block_context":{"text":"Not\u00edcias de Ribeir\u00e3o Preto-SP e Regi\u00e3o","link":"https:\/\/noticiasribeiraopreto.com.br\/index.php\/category\/noticias-de-ribeirao-preto-sp-e-regiao-ismael-colosi\/"},"img":{"alt_text":"","src":"https:\/\/i0.wp.com\/noticiasribeiraopreto.com.br\/wp-content\/uploads\/2025\/09\/e90a4c89-b437-4084-becb-4d0640713d1e-scaled.jpg?fit=800%2C479&ssl=1&resize=350%2C200","width":350,"height":200,"srcset":"https:\/\/i0.wp.com\/noticiasribeiraopreto.com.br\/wp-content\/uploads\/2025\/09\/e90a4c89-b437-4084-becb-4d0640713d1e-scaled.jpg?fit=800%2C479&ssl=1&resize=350%2C200 1x, https:\/\/i0.wp.com\/noticiasribeiraopreto.com.br\/wp-content\/uploads\/2025\/09\/e90a4c89-b437-4084-becb-4d0640713d1e-scaled.jpg?fit=800%2C479&ssl=1&resize=525%2C300 1.5x, https:\/\/i0.wp.com\/noticiasribeiraopreto.com.br\/wp-content\/uploads\/2025\/09\/e90a4c89-b437-4084-becb-4d0640713d1e-scaled.jpg?fit=800%2C479&ssl=1&resize=700%2C400 2x"},"classes":[]},{"id":77126,"url":"https:\/\/noticiasribeiraopreto.com.br\/index.php\/2025\/09\/12\/confira-as-penas-de-bolsonaro-e-mais-sete-condenados-pelo-supremo\/","url_meta":{"origin":66080,"position":5},"title":"Confira as penas de Bolsonaro e mais sete condenados pelo Supremo","author":"noticiasribeiraopreto.com.br","date":"12 de September de 2025","format":false,"excerpt":"12 de setembro de 2025 06:3512 de setembro de 2025 06:225 Compartilhar0 Primeira Turma finalizou julgamento da a\u00e7\u00e3o da trama golpista ap\u00f3s 2 horas do voto de Zanin A Primeira Turma do Supremo Tribunal Federal (STF) finalizou somente na noite desta quinta-feira (11) o julgamento da a\u00e7\u00e3o da trama golpista.\u2026","rel":"","context":"In &quot;Not\u00edcias de Ribeir\u00e3o Preto-SP e Regi\u00e3o&quot;","block_context":{"text":"Not\u00edcias de Ribeir\u00e3o Preto-SP e Regi\u00e3o","link":"https:\/\/noticiasribeiraopreto.com.br\/index.php\/category\/noticias-de-ribeirao-preto-sp-e-regiao-ismael-colosi\/"},"img":{"alt_text":"","src":"https:\/\/i0.wp.com\/noticiasribeiraopreto.com.br\/wp-content\/uploads\/2025\/09\/condenacao_de_bolsonaro_e_aliadospixs.webp.webp?fit=1170%2C700&ssl=1&resize=350%2C200","width":350,"height":200,"srcset":"https:\/\/i0.wp.com\/noticiasribeiraopreto.com.br\/wp-content\/uploads\/2025\/09\/condenacao_de_bolsonaro_e_aliadospixs.webp.webp?fit=1170%2C700&ssl=1&resize=350%2C200 1x, https:\/\/i0.wp.com\/noticiasribeiraopreto.com.br\/wp-content\/uploads\/2025\/09\/condenacao_de_bolsonaro_e_aliadospixs.webp.webp?fit=1170%2C700&ssl=1&resize=525%2C300 1.5x, https:\/\/i0.wp.com\/noticiasribeiraopreto.com.br\/wp-content\/uploads\/2025\/09\/condenacao_de_bolsonaro_e_aliadospixs.webp.webp?fit=1170%2C700&ssl=1&resize=700%2C400 2x, https:\/\/i0.wp.com\/noticiasribeiraopreto.com.br\/wp-content\/uploads\/2025\/09\/condenacao_de_bolsonaro_e_aliadospixs.webp.webp?fit=1170%2C700&ssl=1&resize=1050%2C600 3x"},"classes":[]}],"jetpack_sharing_enabled":true,"jetpack_shortlink":"https:\/\/wp.me\/peQAOb-hbO","_links":{"self":[{"href":"https:\/\/noticiasribeiraopreto.com.br\/index.php\/wp-json\/wp\/v2\/posts\/66080","targetHints":{"allow":["GET"]}}],"collection":[{"href":"https:\/\/noticiasribeiraopreto.com.br\/index.php\/wp-json\/wp\/v2\/posts"}],"about":[{"href":"https:\/\/noticiasribeiraopreto.com.br\/index.php\/wp-json\/wp\/v2\/types\/post"}],"author":[{"embeddable":true,"href":"https:\/\/noticiasribeiraopreto.com.br\/index.php\/wp-json\/wp\/v2\/users\/1"}],"replies":[{"embeddable":true,"href":"https:\/\/noticiasribeiraopreto.com.br\/index.php\/wp-json\/wp\/v2\/comments?post=66080"}],"version-history":[{"count":0,"href":"https:\/\/noticiasribeiraopreto.com.br\/index.php\/wp-json\/wp\/v2\/posts\/66080\/revisions"}],"wp:featuredmedia":[{"embeddable":true,"href":"https:\/\/noticiasribeiraopreto.com.br\/index.php\/wp-json\/wp\/v2\/media\/66081"}],"wp:attachment":[{"href":"https:\/\/noticiasribeiraopreto.com.br\/index.php\/wp-json\/wp\/v2\/media?parent=66080"}],"wp:term":[{"taxonomy":"category","embeddable":true,"href":"https:\/\/noticiasribeiraopreto.com.br\/index.php\/wp-json\/wp\/v2\/categories?post=66080"},{"taxonomy":"post_tag","embeddable":true,"href":"https:\/\/noticiasribeiraopreto.com.br\/index.php\/wp-json\/wp\/v2\/tags?post=66080"}],"curies":[{"name":"wp","href":"https:\/\/api.w.org\/{rel}","templated":true}]}}