{"id":66118,"date":"2025-03-28T06:14:09","date_gmt":"2025-03-28T09:14:09","guid":{"rendered":"https:\/\/noticiasribeiraopreto.com.br\/index.php\/2025\/03\/28\/corinthians-conquista-o-31o-titulo-paulista-ao-empatar-com-o-palmeiras-na-final\/"},"modified":"2025-03-28T06:14:09","modified_gmt":"2025-03-28T09:14:09","slug":"corinthians-conquista-o-31o-titulo-paulista-ao-empatar-com-o-palmeiras-na-final","status":"publish","type":"post","link":"https:\/\/noticiasribeiraopreto.com.br\/index.php\/2025\/03\/28\/corinthians-conquista-o-31o-titulo-paulista-ao-empatar-com-o-palmeiras-na-final\/","title":{"rendered":"Corinthians conquista o 31\u00ba t\u00edtulo paulista ao empatar com o Palmeiras na final"},"content":{"rendered":"<div class='code-block code-block-1' style='margin: 8px 0 8px auto; text-align: right; display: block; clear: both;'>\n<p><a href=\"https:\/\/wa.link\/vpicfd\"><img data-recalc-dims=\"1\" class=\"wp-image-4922\" style=\"aspect-ratio: 2.0253164556962027; width: 561px; height: auto;\" src=\"https:\/\/i0.wp.com\/ismaelcolosi.com.br\/wp-content\/uploads\/2023\/11\/grupo-de-empregos-whatsapp-e-facebook-ismael-colosi-vagas.jpg?ssl=1\" alt=\"\" \/><\/a><\/p>\n<!-- \/wp:image -->\n<\/div>\n<p> <br \/>\n<\/p>\n<div>\n<p class=\"\" data-start=\"207\" data-end=\"364\"><span class=\"relative -mx-px my-[-0.2rem] rounded px-px py-[0.2rem]\">O Sport Club Corinthians Paulista sagrou-se campe\u00e3o do Campeonato Paulista de 2025, alcan\u00e7ando seu 31\u00ba t\u00edtulo estadual, ao empatar em 0 a 0 com o Palmeiras na partida de volta da final, realizada nesta quinta-feira (27) na Neo Qu\u00edmica Arena.<\/span> <span class=\"relative -mx-px my-[-0.2rem] rounded px-px py-[0.2rem]\">A conquista foi assegurada gra\u00e7as \u00e0 vit\u00f3ria por 1 a 0 no jogo de ida, disputado no Allianz Parque.<\/span> \u200b<\/p>\n<p class=\"\" data-start=\"366\" data-end=\"407\"><strong data-start=\"366\" data-end=\"407\">Campanha no Campeonato Paulista 2025:<\/strong><\/p>\n<ul data-start=\"409\" data-end=\"867\">\n<li class=\"\" data-start=\"409\" data-end=\"512\">\n<p class=\"\" data-start=\"411\" data-end=\"512\"><strong data-start=\"411\" data-end=\"430\">Fase de Grupos:<\/strong> <span class=\"relative -mx-px my-[-0.2rem] rounded px-px py-[0.2rem]\">O Corinthians liderou seu grupo com uma campanha s\u00f3lida, garantindo a vantagem de decidir os mata-matas em casa.<\/span>\u200b<\/p>\n<\/li>\n<li class=\"\" data-start=\"514\" data-end=\"623\">\n<p class=\"\" data-start=\"516\" data-end=\"623\"><strong data-start=\"516\" data-end=\"537\">Quartas de Final:<\/strong> <span class=\"relative -mx-px my-[-0.2rem] rounded px-px py-[0.2rem]\">Enfrentou o Mirassol na Neo Qu\u00edmica Arena, vencendo por 2 a 0 e avan\u00e7ando \u00e0s semifinais.<\/span><\/p>\n<\/li>\n<li class=\"\" data-start=\"729\" data-end=\"867\">\n<p class=\"\" data-start=\"731\" data-end=\"867\"><strong data-start=\"731\" data-end=\"741\">Final:<\/strong> <span class=\"relative -mx-px my-[-0.2rem] rounded px-px py-[0.2rem]\">Na primeira partida, realizada no Allianz Parque, o Tim\u00e3o venceu por 1 a 0. No jogo de volta, um empate sem gols na Neo Qu\u00edmica Arena garantiu o t\u00edtulo.<\/span> \u200b<\/p>\n<\/li>\n<\/ul>\n<p class=\"\" data-start=\"869\" data-end=\"896\"><strong data-start=\"869\" data-end=\"896\">Destaques da Temporada:<\/strong><\/p>\n<ul data-start=\"898\" data-end=\"1332\">\n<li class=\"\" data-start=\"898\" data-end=\"1049\">\n<p class=\"\" data-start=\"900\" data-end=\"1049\"><strong data-start=\"900\" data-end=\"923\">T\u00e9cnico Ram\u00f3n D\u00edaz:<\/strong> <span class=\"relative -mx-px my-[-0.2rem] rounded px-px py-[0.2rem]\">O treinador argentino, que assumiu o comando do Corinthians em julho de 2024, foi fundamental na recupera\u00e7\u00e3o da equipe, levando-a da zona de rebaixamento no Campeonato Brasileiro \u00e0 conquista do Paulist\u00e3o 2025.<\/span> \u200b<\/p>\n<\/li>\n<li class=\"\" data-start=\"1051\" data-end=\"1190\">\n<p class=\"\" data-start=\"1053\" data-end=\"1190\"><strong data-start=\"1053\" data-end=\"1064\">Maycon:<\/strong> <span class=\"relative -mx-px my-[-0.2rem] rounded px-px py-[0.2rem]\">O meio-campista retornou aos gramados em fevereiro de 2025, ap\u00f3s uma grave les\u00e3o no joelho direito, e contribuiu significativamente para o desempenho da equipe ao longo do campeonato.<\/span> \u200b<\/p>\n<\/li>\n<li class=\"\" data-start=\"1192\" data-end=\"1332\">\n<p class=\"\" data-start=\"1194\" data-end=\"1332\"><strong data-start=\"1194\" data-end=\"1206\">Charles:<\/strong> <span class=\"relative -mx-px my-[-0.2rem] rounded px-px py-[0.2rem]\">Contratado em julho de 2024, o volante teve atua\u00e7\u00f5es consistentes e marcou seu primeiro gol pelo clube em dezembro do mesmo ano.<\/span> \u200b<\/p>\n<\/li>\n<\/ul>\n<p class=\"\" data-start=\"1334\" data-end=\"1371\"><strong data-start=\"1334\" data-end=\"1371\">Comemora\u00e7\u00f5es e Pr\u00f3ximos Desafios:<\/strong><\/p>\n<p class=\"\" data-start=\"1373\" data-end=\"1498\"><span class=\"relative -mx-px my-[-0.2rem] rounded px-px py-[0.2rem]\">A torcida corinthiana celebrou intensamente a conquista, que reafirma a tradi\u00e7\u00e3o vitoriosa do clube no cen\u00e1rio estadual.<\/span> <span class=\"relative -mx-px my-[-0.2rem] rounded px-px py-[0.2rem]\">A diretoria j\u00e1 planeja os pr\u00f3ximos passos para as competi\u00e7\u00f5es nacionais e internacionais que se aproximam, visando manter o alto n\u00edvel de desempenho apresentado no Paulist\u00e3o.<\/span>\u200b<\/p>\n<p class=\"\" data-start=\"1500\" data-end=\"1585\"><span class=\"relative -mx-px my-[-0.2rem] rounded px-px py-[0.2rem]\">Com o t\u00edtulo paulista, o Corinthians demonstra sua for\u00e7a e consolida o trabalho realizado pela comiss\u00e3o t\u00e9cnica e jogadores, refor\u00e7ando a confian\u00e7a da torcida para os desafios futuros na temporada de 2025.<\/span><\/p>\n<p>&#13;<br \/>\n\t\t\t\t<span class=\"post-views-icon dashicons dashicons-chart-bar\"\/> <span class=\"post-views-label\">Visualiza\u00e7\u00f5es:<\/span> <span class=\"post-views-count\">5<\/span>&#13;\n\t\t\t<\/p>\n<\/p><\/div>\n<p><br \/>\n<br \/><a href=\"https:\/\/folhaderibeirao.com.br\/2025\/03\/28\/corinthians-conquista-o-31o-titulo-paulista-ao-empatar-com-o-palmeiras-na-final\/\">Source link <\/a><\/p>\n<!-- CONTENT END 1 -->\n","protected":false},"excerpt":{"rendered":"<p>O Sport Club Corinthians Paulista sagrou-se campe\u00e3o do Campeonato Paulista de 2025, alcan\u00e7ando seu 31\u00ba t\u00edtulo estadual, ao empatar em 0 a 0 com o&#8230;<\/p>\n","protected":false},"author":1,"featured_media":66119,"comment_status":"open","ping_status":"open","sticky":false,"template":"","format":"standard","meta":{"advanced_seo_description":"","jetpack_seo_html_title":"","jetpack_seo_noindex":false,"jetpack_post_was_ever_published":false,"_jetpack_newsletter_access":"","_jetpack_dont_email_post_to_subs":false,"_jetpack_newsletter_tier_id":0,"_jetpack_memberships_contains_paywalled_content":false,"_jetpack_memberships_contains_paid_content":false,"footnotes":"","jetpack_publicize_message":"","jetpack_publicize_feature_enabled":true,"jetpack_social_post_already_shared":true,"jetpack_social_options":{"image_generator_settings":{"template":"highway","default_image_id":0,"font":"","enabled":false},"version":2}},"categories":[11],"tags":[6357,317,1723,3908,672,459,762,1318],"class_list":["post-66118","post","type-post","status-publish","format-standard","has-post-thumbnail","hentry","category-noticias-de-ribeirao-preto-sp-e-regiao-ismael-colosi","tag-31o","tag-conquista","tag-corinthians","tag-empatar","tag-final","tag-palmeiras","tag-paulista","tag-titulo"],"jetpack_publicize_connections":[],"jetpack_featured_media_url":"https:\/\/i0.wp.com\/noticiasribeiraopreto.com.br\/wp-content\/uploads\/2025\/03\/174313309560b2149f6bafd1cc9d505496f09160ba.jpg?fit=1556%2C717&ssl=1","jetpack-related-posts":[{"id":66110,"url":"https:\/\/noticiasribeiraopreto.com.br\/index.php\/2025\/03\/28\/corinthians-e-campeao-do-paulistao-apos-empate-com-o-palmeiras\/","url_meta":{"origin":66118,"position":0},"title":"Corinthians \u00e9 campe\u00e3o do Paulist\u00e3o ap\u00f3s empate com o Palmeiras","author":"noticiasribeiraopreto.com.br","date":"28 de March de 2025","format":false,"excerpt":"Corinthians e Palmeiras decidiram o Campeonato Paulista 2025 na noite desta quinta-feira (27), na Neo Qu\u00edmica Arena, em S\u00e3o Paulo. Ap\u00f3s empate por 0 a 0, o t\u00edtulo ficou com o Corinthians, que levou o 31\u00ba Paulist\u00e3o da hist\u00f3ria. O destaque da final foi o goleiro Hugo Souza, que defendeu\u2026","rel":"","context":"In &quot;Not\u00edcias de Ribeir\u00e3o Preto-SP e Regi\u00e3o&quot;","block_context":{"text":"Not\u00edcias de Ribeir\u00e3o Preto-SP e Regi\u00e3o","link":"https:\/\/noticiasribeiraopreto.com.br\/index.php\/category\/noticias-de-ribeirao-preto-sp-e-regiao-ismael-colosi\/"},"img":{"alt_text":"","src":"https:\/\/i0.wp.com\/noticiasribeiraopreto.com.br\/wp-content\/uploads\/2025\/03\/corinthians_2025-03-28_02-22-36_jpeg_2025-03-28_02-22-36.webp.webp?fit=1200%2C674&ssl=1&resize=350%2C200","width":350,"height":200,"srcset":"https:\/\/i0.wp.com\/noticiasribeiraopreto.com.br\/wp-content\/uploads\/2025\/03\/corinthians_2025-03-28_02-22-36_jpeg_2025-03-28_02-22-36.webp.webp?fit=1200%2C674&ssl=1&resize=350%2C200 1x, https:\/\/i0.wp.com\/noticiasribeiraopreto.com.br\/wp-content\/uploads\/2025\/03\/corinthians_2025-03-28_02-22-36_jpeg_2025-03-28_02-22-36.webp.webp?fit=1200%2C674&ssl=1&resize=525%2C300 1.5x, https:\/\/i0.wp.com\/noticiasribeiraopreto.com.br\/wp-content\/uploads\/2025\/03\/corinthians_2025-03-28_02-22-36_jpeg_2025-03-28_02-22-36.webp.webp?fit=1200%2C674&ssl=1&resize=700%2C400 2x, https:\/\/i0.wp.com\/noticiasribeiraopreto.com.br\/wp-content\/uploads\/2025\/03\/corinthians_2025-03-28_02-22-36_jpeg_2025-03-28_02-22-36.webp.webp?fit=1200%2C674&ssl=1&resize=1050%2C600 3x"},"classes":[]},{"id":31768,"url":"https:\/\/noticiasribeiraopreto.com.br\/index.php\/2024\/01\/23\/top-10-maiores-campeoes-do-campeonato-paulista\/","url_meta":{"origin":66118,"position":1},"title":"Top 10 maiores campe\u00f5es do Campeonato Paulista","author":"noticiasribeiraopreto.com.br","date":"23 de January de 2024","format":false,"excerpt":"O Campeonato Paulista de futebol tamb\u00e9m conhecido como Paulist\u00e3o, \u00e9 disputado desde 1902, sendo assim, a competi\u00e7\u00e3o futebol\u00edstica mais antiga do Brasil, e de in\u00edcio era organizado pela Liga Paulista de Futebol(LPF). Essa entidade esteve a frente da disputa at\u00e9 1916, quando em 1917 encerrou as suas atividades. Antes disso,\u2026","rel":"","context":"In &quot;Blog&quot;","block_context":{"text":"Blog","link":"https:\/\/noticiasribeiraopreto.com.br\/index.php\/category\/blog\/"},"img":{"alt_text":"","src":"https:\/\/i0.wp.com\/noticiasribeiraopreto.com.br\/wp-content\/uploads\/2024\/01\/Campeoes-do-Campeonato-Paulista.jpg?fit=1200%2C800&ssl=1&resize=350%2C200","width":350,"height":200,"srcset":"https:\/\/i0.wp.com\/noticiasribeiraopreto.com.br\/wp-content\/uploads\/2024\/01\/Campeoes-do-Campeonato-Paulista.jpg?fit=1200%2C800&ssl=1&resize=350%2C200 1x, https:\/\/i0.wp.com\/noticiasribeiraopreto.com.br\/wp-content\/uploads\/2024\/01\/Campeoes-do-Campeonato-Paulista.jpg?fit=1200%2C800&ssl=1&resize=525%2C300 1.5x, https:\/\/i0.wp.com\/noticiasribeiraopreto.com.br\/wp-content\/uploads\/2024\/01\/Campeoes-do-Campeonato-Paulista.jpg?fit=1200%2C800&ssl=1&resize=700%2C400 2x, https:\/\/i0.wp.com\/noticiasribeiraopreto.com.br\/wp-content\/uploads\/2024\/01\/Campeoes-do-Campeonato-Paulista.jpg?fit=1200%2C800&ssl=1&resize=1050%2C600 3x"},"classes":[]},{"id":68732,"url":"https:\/\/noticiasribeiraopreto.com.br\/index.php\/2025\/04\/28\/corinthians-anuncia-novo-tecnico-tribuna-ribeirao\/","url_meta":{"origin":66118,"position":2},"title":"Corinthians anuncia novo t\u00e9cnico &#8211; Tribuna Ribeir\u00e3o","author":"noticiasribeiraopreto.com.br","date":"28 de April de 2025","format":false,"excerpt":"Dorival J\u00fanior foi anunciado nesta segunda-feira (28) como novo t\u00e9cnico do Corinthians. Antes de assumir o comando da equipe, ele j\u00e1 havia trabalhado no Santos (2010 e 2015 a 2017), Palmeiras (2014) e S\u00e3o Paulo (2017 a 2018 e 2023). Agora, ter\u00e1 o desafio final, depois de recusar a equipe\u2026","rel":"","context":"In &quot;Not\u00edcias de Ribeir\u00e3o Preto-SP e Regi\u00e3o&quot;","block_context":{"text":"Not\u00edcias de Ribeir\u00e3o Preto-SP e Regi\u00e3o","link":"https:\/\/noticiasribeiraopreto.com.br\/index.php\/category\/noticias-de-ribeirao-preto-sp-e-regiao-ismael-colosi\/"},"img":{"alt_text":"","src":"https:\/\/i0.wp.com\/noticiasribeiraopreto.com.br\/wp-content\/uploads\/2025\/04\/2-TEC-Dorival-Junior-Divulgacao_Corinthians-scaled.jpeg?fit=729%2C500&ssl=1&resize=350%2C200","width":350,"height":200,"srcset":"https:\/\/i0.wp.com\/noticiasribeiraopreto.com.br\/wp-content\/uploads\/2025\/04\/2-TEC-Dorival-Junior-Divulgacao_Corinthians-scaled.jpeg?fit=729%2C500&ssl=1&resize=350%2C200 1x, https:\/\/i0.wp.com\/noticiasribeiraopreto.com.br\/wp-content\/uploads\/2025\/04\/2-TEC-Dorival-Junior-Divulgacao_Corinthians-scaled.jpeg?fit=729%2C500&ssl=1&resize=525%2C300 1.5x, https:\/\/i0.wp.com\/noticiasribeiraopreto.com.br\/wp-content\/uploads\/2025\/04\/2-TEC-Dorival-Junior-Divulgacao_Corinthians-scaled.jpeg?fit=729%2C500&ssl=1&resize=700%2C400 2x"},"classes":[]},{"id":82473,"url":"https:\/\/noticiasribeiraopreto.com.br\/index.php\/2026\/02\/15\/botafogo-e-eliminado-do-campeonato-paulista\/","url_meta":{"origin":66118,"position":3},"title":"Botafogo \u00e9 eliminado do Campeonato Paulista","author":"noticiasribeiraopreto.com.br","date":"15 de February de 2026","format":false,"excerpt":"\r Mesmo com um a mais, Pantera perde para o Capivariano em Ribeir\u00e3o Preto\r \r 15 de fevereiro de 2026 22:55 \r Compartilhar1 Por Hugo Luque O Botafogo foi derrotado por 1 a 0 pelo Capivariano neste domingo (15), no Est\u00e1dio Santa Cruz\/Arena Nicnet, e est\u00e1 eliminado do Campeonato Paulista.\u2026","rel":"","context":"In &quot;Not\u00edcias de Ribeir\u00e3o Preto-SP e Regi\u00e3o&quot;","block_context":{"text":"Not\u00edcias de Ribeir\u00e3o Preto-SP e Regi\u00e3o","link":"https:\/\/noticiasribeiraopreto.com.br\/index.php\/category\/noticias-de-ribeirao-preto-sp-e-regiao-ismael-colosi\/"},"img":{"alt_text":"","src":"https:\/\/i0.wp.com\/noticiasribeiraopreto.com.br\/wp-content\/uploads\/2026\/02\/Botafogo-x-Capivariano-Raul-Ramos-scaled.jpeg?fit=1200%2C800&ssl=1&resize=350%2C200","width":350,"height":200,"srcset":"https:\/\/i0.wp.com\/noticiasribeiraopreto.com.br\/wp-content\/uploads\/2026\/02\/Botafogo-x-Capivariano-Raul-Ramos-scaled.jpeg?fit=1200%2C800&ssl=1&resize=350%2C200 1x, https:\/\/i0.wp.com\/noticiasribeiraopreto.com.br\/wp-content\/uploads\/2026\/02\/Botafogo-x-Capivariano-Raul-Ramos-scaled.jpeg?fit=1200%2C800&ssl=1&resize=525%2C300 1.5x, https:\/\/i0.wp.com\/noticiasribeiraopreto.com.br\/wp-content\/uploads\/2026\/02\/Botafogo-x-Capivariano-Raul-Ramos-scaled.jpeg?fit=1200%2C800&ssl=1&resize=700%2C400 2x, https:\/\/i0.wp.com\/noticiasribeiraopreto.com.br\/wp-content\/uploads\/2026\/02\/Botafogo-x-Capivariano-Raul-Ramos-scaled.jpeg?fit=1200%2C800&ssl=1&resize=1050%2C600 3x"},"classes":[]},{"id":79993,"url":"https:\/\/noticiasribeiraopreto.com.br\/index.php\/2025\/11\/12\/fpf-anuncia-novo-formato-do-paulistao-em-modelo-europeu-e-define-confrontos\/","url_meta":{"origin":66118,"position":4},"title":"FPF anuncia novo formato do Paulist\u00e3o em \u2018modelo europeu\u2019 e define confrontos","author":"noticiasribeiraopreto.com.br","date":"12 de November de 2025","format":false,"excerpt":"Equipes far\u00e3o oito jogos na primeira fase para definir classificados ao mata-mata e rebaixados 12 de novembro de 2025 11:1038 Compartilhar1A Federa\u00e7\u00e3o Paulista de Futebol (FPF) realizou, na noite de ter\u00e7a-feira (11), o lan\u00e7amento do Paulist\u00e3o 2026. O evento no Pacaembu detalhou o novo formato de disputa estadual, que adotou\u2026","rel":"","context":"In &quot;Not\u00edcias de Ribeir\u00e3o Preto-SP e Regi\u00e3o&quot;","block_context":{"text":"Not\u00edcias de Ribeir\u00e3o Preto-SP e Regi\u00e3o","link":"https:\/\/noticiasribeiraopreto.com.br\/index.php\/category\/noticias-de-ribeirao-preto-sp-e-regiao-ismael-colosi\/"},"img":{"alt_text":"","src":"https:\/\/i0.wp.com\/noticiasribeiraopreto.com.br\/wp-content\/uploads\/2025\/11\/1-Sorteio-Paulistao-2026-Jhony-Inacio_Ag.-Paulistao.jpg?fit=799%2C533&ssl=1&resize=350%2C200","width":350,"height":200,"srcset":"https:\/\/i0.wp.com\/noticiasribeiraopreto.com.br\/wp-content\/uploads\/2025\/11\/1-Sorteio-Paulistao-2026-Jhony-Inacio_Ag.-Paulistao.jpg?fit=799%2C533&ssl=1&resize=350%2C200 1x, https:\/\/i0.wp.com\/noticiasribeiraopreto.com.br\/wp-content\/uploads\/2025\/11\/1-Sorteio-Paulistao-2026-Jhony-Inacio_Ag.-Paulistao.jpg?fit=799%2C533&ssl=1&resize=525%2C300 1.5x, https:\/\/i0.wp.com\/noticiasribeiraopreto.com.br\/wp-content\/uploads\/2025\/11\/1-Sorteio-Paulistao-2026-Jhony-Inacio_Ag.-Paulistao.jpg?fit=799%2C533&ssl=1&resize=700%2C400 2x"},"classes":[]},{"id":11876,"url":"https:\/\/noticiasribeiraopreto.com.br\/index.php\/2023\/12\/06\/palmeiras-vence-o-campeonato-brasileiro-pelo-segundo-ano-consecutivo-essa-e-a-12-vitoria-do-time\/","url_meta":{"origin":66118,"position":5},"title":"Palmeiras vence o Campeonato Brasileiro pelo segundo ano consecutivo; Essa \u00e9 a 12\u00aa vit\u00f3ria do time","author":"noticiasribeiraopreto.com.br","date":"6 de December de 2023","format":false,"excerpt":"O Palmeiras foi o grande campe\u00e3o do Campeonato Brasileiro 2023. Esse \u00e9 o segundo ano consecutivo que o time leva o trof\u00e9u para casa. O Verd\u00e3o empatou por 1 a 1 com o Cruzeiro, na noite desta quarta-feira (6), no est\u00e1dio Governador Magalh\u00e3es Pinto, o Mineir\u00e3o, em Belo Horizonte, Minas\u2026","rel":"","context":"In &quot;Not\u00edcias de Ribeir\u00e3o Preto-SP e Regi\u00e3o&quot;","block_context":{"text":"Not\u00edcias de Ribeir\u00e3o Preto-SP e Regi\u00e3o","link":"https:\/\/noticiasribeiraopreto.com.br\/index.php\/category\/noticias-de-ribeirao-preto-sp-e-regiao-ismael-colosi\/"},"img":{"alt_text":"","src":"https:\/\/i0.wp.com\/noticiasribeiraopreto.com.br\/wp-content\/uploads\/2023\/12\/Copia-de-Copia-de-TAMANHO-EXATO-PARA-FOTOS-NO-SISTEMA-NOVO.png?fit=1200%2C675&ssl=1&resize=350%2C200","width":350,"height":200,"srcset":"https:\/\/i0.wp.com\/noticiasribeiraopreto.com.br\/wp-content\/uploads\/2023\/12\/Copia-de-Copia-de-TAMANHO-EXATO-PARA-FOTOS-NO-SISTEMA-NOVO.png?fit=1200%2C675&ssl=1&resize=350%2C200 1x, https:\/\/i0.wp.com\/noticiasribeiraopreto.com.br\/wp-content\/uploads\/2023\/12\/Copia-de-Copia-de-TAMANHO-EXATO-PARA-FOTOS-NO-SISTEMA-NOVO.png?fit=1200%2C675&ssl=1&resize=525%2C300 1.5x, https:\/\/i0.wp.com\/noticiasribeiraopreto.com.br\/wp-content\/uploads\/2023\/12\/Copia-de-Copia-de-TAMANHO-EXATO-PARA-FOTOS-NO-SISTEMA-NOVO.png?fit=1200%2C675&ssl=1&resize=700%2C400 2x, https:\/\/i0.wp.com\/noticiasribeiraopreto.com.br\/wp-content\/uploads\/2023\/12\/Copia-de-Copia-de-TAMANHO-EXATO-PARA-FOTOS-NO-SISTEMA-NOVO.png?fit=1200%2C675&ssl=1&resize=1050%2C600 3x"},"classes":[]}],"jetpack_sharing_enabled":true,"jetpack_shortlink":"https:\/\/wp.me\/peQAOb-hcq","_links":{"self":[{"href":"https:\/\/noticiasribeiraopreto.com.br\/index.php\/wp-json\/wp\/v2\/posts\/66118","targetHints":{"allow":["GET"]}}],"collection":[{"href":"https:\/\/noticiasribeiraopreto.com.br\/index.php\/wp-json\/wp\/v2\/posts"}],"about":[{"href":"https:\/\/noticiasribeiraopreto.com.br\/index.php\/wp-json\/wp\/v2\/types\/post"}],"author":[{"embeddable":true,"href":"https:\/\/noticiasribeiraopreto.com.br\/index.php\/wp-json\/wp\/v2\/users\/1"}],"replies":[{"embeddable":true,"href":"https:\/\/noticiasribeiraopreto.com.br\/index.php\/wp-json\/wp\/v2\/comments?post=66118"}],"version-history":[{"count":0,"href":"https:\/\/noticiasribeiraopreto.com.br\/index.php\/wp-json\/wp\/v2\/posts\/66118\/revisions"}],"wp:featuredmedia":[{"embeddable":true,"href":"https:\/\/noticiasribeiraopreto.com.br\/index.php\/wp-json\/wp\/v2\/media\/66119"}],"wp:attachment":[{"href":"https:\/\/noticiasribeiraopreto.com.br\/index.php\/wp-json\/wp\/v2\/media?parent=66118"}],"wp:term":[{"taxonomy":"category","embeddable":true,"href":"https:\/\/noticiasribeiraopreto.com.br\/index.php\/wp-json\/wp\/v2\/categories?post=66118"},{"taxonomy":"post_tag","embeddable":true,"href":"https:\/\/noticiasribeiraopreto.com.br\/index.php\/wp-json\/wp\/v2\/tags?post=66118"}],"curies":[{"name":"wp","href":"https:\/\/api.w.org\/{rel}","templated":true}]}}