{"id":6619,"date":"2023-11-26T11:25:17","date_gmt":"2023-11-26T14:25:17","guid":{"rendered":"https:\/\/noticiasribeiraopreto.com.br\/index.php\/2023\/11\/26\/otima-noticia-aos-consumidores-no-mes-de-dezembro\/"},"modified":"2023-11-26T11:25:17","modified_gmt":"2023-11-26T14:25:17","slug":"otima-noticia-aos-consumidores-no-mes-de-dezembro","status":"publish","type":"post","link":"https:\/\/noticiasribeiraopreto.com.br\/index.php\/2023\/11\/26\/otima-noticia-aos-consumidores-no-mes-de-dezembro\/","title":{"rendered":"\u00d3TIMA not\u00edcia aos consumidores no m\u00eas de dezembro"},"content":{"rendered":"<div class='code-block code-block-1' style='margin: 8px 0 8px auto; text-align: right; display: block; clear: both;'>\n<p><a href=\"https:\/\/wa.link\/vpicfd\"><img data-recalc-dims=\"1\" class=\"wp-image-4922\" style=\"aspect-ratio: 2.0253164556962027; width: 561px; height: auto;\" src=\"https:\/\/i0.wp.com\/ismaelcolosi.com.br\/wp-content\/uploads\/2023\/11\/grupo-de-empregos-whatsapp-e-facebook-ismael-colosi-vagas.jpg?ssl=1\" alt=\"\" \/><\/a><\/p>\n<!-- \/wp:image -->\n<\/div>\n<p> <br \/>\n<\/p>\n<div>\n<p>A <a href=\"https:\/\/www.gov.br\/aneel\/pt-br\" target=\"_blank\" rel=\"noopener\">Ag\u00eancia Nacional de Energia El\u00e9trica<\/a> (Aneel) garantiu a aus\u00eancia de custos adicionais nas tarifas de energia el\u00e9trica ao <a href=\"https:\/\/catracalivre.com.br\/cidadania\/aneel-da-a-melhor-noticia-para-quem-sonha-com-conta-de-luz-mais-barata\/\" target=\"_blank\" rel=\"noopener\">consumidor<\/a> em dezembro -a bandeira tarif\u00e1ria permanecer\u00e1 verde durante este m\u00eas.<\/p>\n<div id=\"attachment_2293405\" class=\"wp-caption aligncenter\">\n<div class=\"d-flex justify-content-center\" data-attachment-id=\"2293405\">\n<div class=\"position-relative d-inline-block\"><img data-recalc-dims=\"1\" data-portal-copyright=\"Caio\/Pexels\" decoding=\"async\" fetchpriority=\"high\" class=\"size-full wp-image-2293405\" src=\"https:\/\/i0.wp.com\/catracalivre.com.br\/wp-content\/uploads\/2023\/08\/pexels-caio-45917.jpg?resize=1280%2C851&#038;ssl=1\" alt=\"Ag\u00eancia Nacional de Energia El\u00e9trica comunica a continuidade da bandeira tarif\u00e1ria verde no pr\u00f3ximo m\u00eas\" width=\"1280\" height=\"851\" srcset=\"https:\/\/catracalivre.com.br\/wp-content\/uploads\/2023\/08\/pexels-caio-45917.jpg 1280w, https:\/\/catracalivre.com.br\/wp-content\/uploads\/2023\/08\/pexels-caio-45917-450x299.jpg 450w, https:\/\/catracalivre.com.br\/wp-content\/uploads\/2023\/08\/pexels-caio-45917-768x511.jpg 768w\" sizes=\"(max-width: 1280px) 100vw, 1280px\"\/><\/p>\n<p>Cr\u00e9ditos: Caio\/Pexels<\/p>\n<\/div>\n<\/div>\n<p><span class=\"post-imagem__legenda\">Ag\u00eancia Nacional de Energia El\u00e9trica comunica a continuidade da bandeira tarif\u00e1ria verde no pr\u00f3ximo m\u00eas<\/span><\/p>\n<\/div>\n<p>A representa\u00e7\u00e3o da bandeira verde, aplic\u00e1vel a todos os consumidores do Sistema Interligado Nacional (SIN), est\u00e1 atrelada \u00e0 melhoria das condi\u00e7\u00f5es dos reservat\u00f3rios das usinas hidrel\u00e9tricas.<\/p>\n<p>O SIN corresponde ao complexo de linhas de transmiss\u00e3o que transporta a energia produzida pelas usinas at\u00e9 os pontos de consumo.<\/p>\n<p>A mec\u00e2nica das bandeiras tarif\u00e1rias, introduzida em 2015, visa a oferecer transpar\u00eancia quanto ao custo real da energia el\u00e9trica, ajustando os valores conforme as condi\u00e7\u00f5es de gera\u00e7\u00e3o e disponibilidade energ\u00e9tica.<\/p>\n<h3>Aneel e as bandeiras tarif\u00e1rias<\/h3>\n<p>Criadas em 2015 pela Aneel, as bandeiras tarif\u00e1rias refletem os custos vari\u00e1veis da gera\u00e7\u00e3o de energia el\u00e9trica. Divididas em n\u00edveis, as bandeiras indicam quanto est\u00e1 custando para o SIN gerar a energia usada nas casas, em estabelecimentos comerciais e nas ind\u00fastrias.<\/p>\n<p class=\"embed-responsive embed-responsive-16by9 mb-3 d-block\"><iframe loading=\"lazy\" title=\"O que s\u00e3o bandeiras tarif\u00e1rias?\" width=\"500\" height=\"281\" src=\"https:\/\/www.youtube.com\/embed\/w1rS7_tGSvM?feature=oembed\" frameborder=\"0\" allow=\"accelerometer; autoplay; clipboard-write; encrypted-media; gyroscope; picture-in-picture; web-share\" referrerpolicy=\"strict-origin-when-cross-origin\" allowfullscreen><\/iframe><\/p>\n<p>Quando a conta de luz \u00e9 calculada pela bandeira verde, n\u00e3o h\u00e1 nenhum acr\u00e9scimo. Quando s\u00e3o aplicadas as bandeiras vermelha ou amarela, a conta sofre acr\u00e9scimos, que variam de R$ 2,989 (bandeira amarela) a R$ 9,795 (bandeira vermelha patamar 2) a cada 100 quilowatts-hora (kWh) consumidos. Quando a bandeira de escassez h\u00eddrica vigorou, de setembro de 2021 a 15 de abril de 2022, o consumidor pagava R$ 14,20 extras a cada 100 kWh.<\/p>\n<p>O Sistema Interligado Nacional \u00e9 dividido em quatro subsistemas: Sudeste\/Centro-Oeste, Sul, Nordeste e Norte. Praticamente todo o pa\u00eds \u00e9 coberto pelo SIN. A exce\u00e7\u00e3o s\u00e3o algumas partes de estados da Regi\u00e3o Norte e de Mato Grosso, al\u00e9m de todo o estado de Roraima.<\/p>\n<div id=\"attachment_2175964\" class=\"wp-caption aligncenter\">\n<div class=\"d-flex justify-content-center\" data-attachment-id=\"2175964\">\n<div class=\"position-relative d-inline-block\"><img data-recalc-dims=\"1\" loading=\"lazy\" data-portal-copyright=\"Marcello Casal Jr\/Ag\u00eancia Brasil\" decoding=\"async\" class=\"wp-image-2175964 size-full\" src=\"https:\/\/i0.wp.com\/catracalivre.com.br\/wp-content\/uploads\/2021\/09\/onta-luz-mais-cara.jpg?resize=1170%2C700&#038;ssl=1\" alt=\"Ag\u00eancia de energia comunica a continuidade da bandeira tarif\u00e1ria verde\" width=\"1170\" height=\"700\" srcset=\"https:\/\/catracalivre.com.br\/wp-content\/uploads\/2021\/09\/onta-luz-mais-cara.jpg 1170w, https:\/\/catracalivre.com.br\/wp-content\/uploads\/2021\/09\/onta-luz-mais-cara-450x269.jpg 450w, https:\/\/catracalivre.com.br\/wp-content\/uploads\/2021\/09\/onta-luz-mais-cara-768x459.jpg 768w\" sizes=\"auto, (max-width: 1170px) 100vw, 1170px\"\/><\/p>\n<p>Cr\u00e9ditos: Marcello Casal Jr\/Ag\u00eancia Brasil<\/p>\n<\/div>\n<\/div>\n<p><span class=\"post-imagem__legenda\">Ag\u00eancia de energia comunica a continuidade da bandeira tarif\u00e1ria verde<\/span><\/p>\n<\/div>\n<p>Atualmente, h\u00e1 212 localidades isoladas do SIN, nas quais o consumo \u00e9 baixo e representa menos de 1% da carga total do pa\u00eds. A demanda por energia nessas regi\u00f5es \u00e9 suprida, principalmente, por t\u00e9rmicas a \u00f3leo diesel.<\/p>\n<\/div>\n<p><script>\n\t\t! function(f, b, e, v, n, t, s) {\n\t\t\tif (f.fbq) return;\n\t\t\tn = f.fbq = function() {\n\t\t\t\tn.callMethod ?\n\t\t\t\t\tn.callMethod.apply(n, arguments) : n.queue.push(arguments)\n\t\t\t};\n\t\t\tif (!f._fbq) f._fbq = n;\n\t\t\tn.push = n;\n\t\t\tn.loaded = !0;\n\t\t\tn.version = '2.0';\n\t\t\tn.queue = [];\n\t\t\tt = b.createElement(e);\n\t\t\tt.async = !0;\n\t\t\tt.src = v;\n\t\t\ts = b.getElementsByTagName(e)[0];\n\t\t\ts.parentNode.insertBefore(t, s)\n\t\t}(window, document, 'script',\n\t\t\t'https:\/\/connect.facebook.net\/en_US\/fbevents.js');\n\t\tfbq('init', '338315473262380');\n\t\tfbq('track', 'PageView');\n\t<\/script><br \/>\n<br \/><br \/>\n<br \/><a href=\"https:\/\/catracalivre.com.br\/cidadania\/consumidores-dezembro\/\">Source link <\/a><\/p>\n<!-- CONTENT END 1 -->\n","protected":false},"excerpt":{"rendered":"<p>A Ag\u00eancia Nacional de Energia El\u00e9trica (Aneel) garantiu a aus\u00eancia de custos adicionais nas tarifas de energia el\u00e9trica ao consumidor em dezembro -a bandeira tarif\u00e1ria&#8230;<\/p>\n","protected":false},"author":1,"featured_media":6620,"comment_status":"open","ping_status":"open","sticky":false,"template":"","format":"standard","meta":{"advanced_seo_description":"","jetpack_seo_html_title":"","jetpack_seo_noindex":false,"jetpack_post_was_ever_published":false,"_jetpack_newsletter_access":"","_jetpack_dont_email_post_to_subs":false,"_jetpack_newsletter_tier_id":0,"_jetpack_memberships_contains_paywalled_content":false,"_jetpack_memberships_contains_paid_content":false,"footnotes":"","jetpack_publicize_message":"","jetpack_publicize_feature_enabled":true,"jetpack_social_post_already_shared":true,"jetpack_social_options":{"image_generator_settings":{"template":"highway","default_image_id":0,"font":"","enabled":false},"version":2}},"categories":[19],"tags":[],"class_list":["post-6619","post","type-post","status-publish","format-standard","has-post-thumbnail","hentry","category-variedades"],"jetpack_publicize_connections":[],"jetpack_featured_media_url":"https:\/\/i0.wp.com\/noticiasribeiraopreto.com.br\/wp-content\/uploads\/2023\/11\/pexels-caio-45917.jpg?fit=1200%2C638&ssl=1","jetpack-related-posts":[{"id":22944,"url":"https:\/\/noticiasribeiraopreto.com.br\/index.php\/2023\/12\/31\/brasil-bate-recorde-de-consumo-de-energia-eletrica-pelo-segundo-mes-consecutivo-em-novembro\/","url_meta":{"origin":6619,"position":0},"title":"Brasil bate recorde de consumo de energia el\u00e9trica pelo segundo m\u00eas consecutivo em novembro","author":"noticiasribeiraopreto.com.br","date":"31 de December de 2023","format":false,"excerpt":"31 de dezembro de 2023 | 15:0030 de dezembro de 2023 | 17:07 0O Brasil bateu o segundo recorde consecutivo de consumo de energia el\u00e9trica em novembro, atingindo 46.407 gigawatts-hora (GWh), alta de 8,5% em compara\u00e7\u00e3o com novembro de 2022, informou a Empresa de Pesquisa Energ\u00e9tica (EPE). Segundo a autarquia,\u2026","rel":"","context":"In &quot;Not\u00edcias de Ribeir\u00e3o Preto-SP e Regi\u00e3o&quot;","block_context":{"text":"Not\u00edcias de Ribeir\u00e3o Preto-SP e Regi\u00e3o","link":"https:\/\/noticiasribeiraopreto.com.br\/index.php\/category\/noticias-de-ribeirao-preto-sp-e-regiao-ismael-colosi\/"},"img":{"alt_text":"","src":"https:\/\/i0.wp.com\/noticiasribeiraopreto.com.br\/wp-content\/uploads\/2023\/12\/35353960-6181-460a-bf82-25eb45dff665-1.jpg?fit=684%2C460&ssl=1&resize=350%2C200","width":350,"height":200,"srcset":"https:\/\/i0.wp.com\/noticiasribeiraopreto.com.br\/wp-content\/uploads\/2023\/12\/35353960-6181-460a-bf82-25eb45dff665-1.jpg?fit=684%2C460&ssl=1&resize=350%2C200 1x, https:\/\/i0.wp.com\/noticiasribeiraopreto.com.br\/wp-content\/uploads\/2023\/12\/35353960-6181-460a-bf82-25eb45dff665-1.jpg?fit=684%2C460&ssl=1&resize=525%2C300 1.5x"},"classes":[]},{"id":65569,"url":"https:\/\/noticiasribeiraopreto.com.br\/index.php\/2025\/03\/21\/jornal-da-franca-a-energia-caiu-e-seu-aparelho-queimou-companhia-eletrica-deve-pagar-o-prejuizo\/","url_meta":{"origin":6619,"position":1},"title":"Jornal da Franca &#8211; A energia caiu e seu aparelho queimou? Companhia el\u00e9trica deve pagar o preju\u00edzo","author":"noticiasribeiraopreto.com.br","date":"21 de March de 2025","format":false,"excerpt":"compartilhar no whatsapp compartilhar no telegram compartilhar no facebook compartilhar no linkedin Em Franca, volta e meia a energia cai e apopula\u00e7\u00e3o reclama da queima de equipamentos eletr\u00f4nicos Em Franca, volta e meia, em raz\u00e3o das oscila\u00e7\u00f5es na rede de energia el\u00e9trica, h\u00e1 relatos de equipamentos eletr\u00f4nicos, como notebooks, e\u2026","rel":"","context":"In &quot;Not\u00edcias de Franca-SP&quot;","block_context":{"text":"Not\u00edcias de Franca-SP","link":"https:\/\/noticiasribeiraopreto.com.br\/index.php\/category\/noticias-de-ribeirao-preto-sp-e-regiao-ismael-colosi\/noticias-franca-sp\/"},"img":{"alt_text":"","src":"https:\/\/i0.wp.com\/noticiasribeiraopreto.com.br\/wp-content\/uploads\/2025\/03\/corte-de-energia-eletrica.jpg?fit=800%2C600&ssl=1&resize=350%2C200","width":350,"height":200,"srcset":"https:\/\/i0.wp.com\/noticiasribeiraopreto.com.br\/wp-content\/uploads\/2025\/03\/corte-de-energia-eletrica.jpg?fit=800%2C600&ssl=1&resize=350%2C200 1x, https:\/\/i0.wp.com\/noticiasribeiraopreto.com.br\/wp-content\/uploads\/2025\/03\/corte-de-energia-eletrica.jpg?fit=800%2C600&ssl=1&resize=525%2C300 1.5x, https:\/\/i0.wp.com\/noticiasribeiraopreto.com.br\/wp-content\/uploads\/2025\/03\/corte-de-energia-eletrica.jpg?fit=800%2C600&ssl=1&resize=700%2C400 2x"},"classes":[]},{"id":15689,"url":"https:\/\/noticiasribeiraopreto.com.br\/index.php\/2023\/12\/14\/rede-de-mercado-da-regiao-e-flagrada-furtando-energia\/","url_meta":{"origin":6619,"position":2},"title":"Rede de mercado da regi\u00e3o \u00e9 flagrada furtando energia","author":"noticiasribeiraopreto.com.br","date":"14 de December de 2023","format":false,"excerpt":"Tr\u00eas lojas da rede de supermercados foram autuadas por furto de energia el\u00e9trica, o popular gato 14 de dezembro de 2023 | 7:0614 de dezembro de 2023 | 7:04 1Por: Adalberto LuqueUma opera\u00e7\u00e3o da Pol\u00edcia Civil, em parceria com a CPFL Paulista (distribuidora de energia el\u00e9trica na regi\u00e3o) flagrou, nesta\u2026","rel":"","context":"In &quot;Not\u00edcias de Ribeir\u00e3o Preto-SP e Regi\u00e3o&quot;","block_context":{"text":"Not\u00edcias de Ribeir\u00e3o Preto-SP e Regi\u00e3o","link":"https:\/\/noticiasribeiraopreto.com.br\/index.php\/category\/noticias-de-ribeirao-preto-sp-e-regiao-ismael-colosi\/"},"img":{"alt_text":"","src":"https:\/\/i0.wp.com\/noticiasribeiraopreto.com.br\/wp-content\/uploads\/2023\/12\/00-14-dez-2023-gato-cajuru-foto-cpfl-divulgacao-scaled.jpg?fit=963%2C645&ssl=1&resize=350%2C200","width":350,"height":200,"srcset":"https:\/\/i0.wp.com\/noticiasribeiraopreto.com.br\/wp-content\/uploads\/2023\/12\/00-14-dez-2023-gato-cajuru-foto-cpfl-divulgacao-scaled.jpg?fit=963%2C645&ssl=1&resize=350%2C200 1x, https:\/\/i0.wp.com\/noticiasribeiraopreto.com.br\/wp-content\/uploads\/2023\/12\/00-14-dez-2023-gato-cajuru-foto-cpfl-divulgacao-scaled.jpg?fit=963%2C645&ssl=1&resize=525%2C300 1.5x, https:\/\/i0.wp.com\/noticiasribeiraopreto.com.br\/wp-content\/uploads\/2023\/12\/00-14-dez-2023-gato-cajuru-foto-cpfl-divulgacao-scaled.jpg?fit=963%2C645&ssl=1&resize=700%2C400 2x"},"classes":[]},{"id":71696,"url":"https:\/\/noticiasribeiraopreto.com.br\/index.php\/2025\/06\/09\/conta-de-luz-tem-custo-adicional\/","url_meta":{"origin":6619,"position":3},"title":"Conta de luz tem custo adicional","author":"noticiasribeiraopreto.com.br","date":"9 de June de 2025","format":false,"excerpt":"A Ag\u00eancia Nacional de Energia El\u00e9trica (Aneel) anunciou\u00a0 a bandeira tarif\u00e1ria vermelha patamar 1 para o m\u00eas de junho, com custo adicional de R$ 4,463 a cada 100 quilowatts-hora (kW\/h) consumidos pelos clientes conectados ao Sistema Interligado Nacional (SIN). J\u00e1 \u00e9 o segundo m\u00eas seguido com taxa extra para o\u2026","rel":"","context":"In &quot;Not\u00edcias de Ribeir\u00e3o Preto-SP e Regi\u00e3o&quot;","block_context":{"text":"Not\u00edcias de Ribeir\u00e3o Preto-SP e Regi\u00e3o","link":"https:\/\/noticiasribeiraopreto.com.br\/index.php\/category\/noticias-de-ribeirao-preto-sp-e-regiao-ismael-colosi\/"},"img":{"alt_text":"","src":"https:\/\/i0.wp.com\/noticiasribeiraopreto.com.br\/wp-content\/uploads\/2025\/06\/ContaLUZ-Freepik-scaled.jpg?fit=750%2C500&ssl=1&resize=350%2C200","width":350,"height":200,"srcset":"https:\/\/i0.wp.com\/noticiasribeiraopreto.com.br\/wp-content\/uploads\/2025\/06\/ContaLUZ-Freepik-scaled.jpg?fit=750%2C500&ssl=1&resize=350%2C200 1x, https:\/\/i0.wp.com\/noticiasribeiraopreto.com.br\/wp-content\/uploads\/2025\/06\/ContaLUZ-Freepik-scaled.jpg?fit=750%2C500&ssl=1&resize=525%2C300 1.5x, https:\/\/i0.wp.com\/noticiasribeiraopreto.com.br\/wp-content\/uploads\/2025\/06\/ContaLUZ-Freepik-scaled.jpg?fit=750%2C500&ssl=1&resize=700%2C400 2x"},"classes":[]},{"id":66199,"url":"https:\/\/noticiasribeiraopreto.com.br\/index.php\/2025\/03\/28\/aneel-mantem-bandeira-verde-e-conta-de-luz-nao-aumenta-no-proximo-mes\/","url_meta":{"origin":6619,"position":4},"title":"Aneel mant\u00e9m bandeira verde e conta de luz n\u00e3o aumenta no pr\u00f3ximo m\u00eas","author":"noticiasribeiraopreto.com.br","date":"28 de March de 2025","format":false,"excerpt":"Nesta sexta-feira (28), a Ag\u00eancia Nacional de Energia El\u00e9trica (Aneel) anunciou que a bandeira verde seguir\u00e1 no m\u00eas de abril. Com essa decis\u00e3o, os consumidores de energia el\u00e9trica n\u00e3o ter\u00e3o custos adicionais nas contas de energia. Desde dezembro de 2024 que n\u00e3o h\u00e1 mudan\u00e7a na bandeira tarif\u00e1ria. A pasta afirma\u2026","rel":"","context":"In &quot;Not\u00edcias de Ribeir\u00e3o Preto-SP e Regi\u00e3o&quot;","block_context":{"text":"Not\u00edcias de Ribeir\u00e3o Preto-SP e Regi\u00e3o","link":"https:\/\/noticiasribeiraopreto.com.br\/index.php\/category\/noticias-de-ribeirao-preto-sp-e-regiao-ismael-colosi\/"},"img":{"alt_text":"","src":"https:\/\/i0.wp.com\/noticiasribeiraopreto.com.br\/wp-content\/uploads\/2025\/01\/luz_2025-01-24_15-39-11_jpg_2025-01-24_15-39-11.webp.webp?fit=1200%2C859&ssl=1&resize=350%2C200","width":350,"height":200,"srcset":"https:\/\/i0.wp.com\/noticiasribeiraopreto.com.br\/wp-content\/uploads\/2025\/01\/luz_2025-01-24_15-39-11_jpg_2025-01-24_15-39-11.webp.webp?fit=1200%2C859&ssl=1&resize=350%2C200 1x, https:\/\/i0.wp.com\/noticiasribeiraopreto.com.br\/wp-content\/uploads\/2025\/01\/luz_2025-01-24_15-39-11_jpg_2025-01-24_15-39-11.webp.webp?fit=1200%2C859&ssl=1&resize=525%2C300 1.5x, https:\/\/i0.wp.com\/noticiasribeiraopreto.com.br\/wp-content\/uploads\/2025\/01\/luz_2025-01-24_15-39-11_jpg_2025-01-24_15-39-11.webp.webp?fit=1200%2C859&ssl=1&resize=700%2C400 2x, https:\/\/i0.wp.com\/noticiasribeiraopreto.com.br\/wp-content\/uploads\/2025\/01\/luz_2025-01-24_15-39-11_jpg_2025-01-24_15-39-11.webp.webp?fit=1200%2C859&ssl=1&resize=1050%2C600 3x"},"classes":[]},{"id":68541,"url":"https:\/\/noticiasribeiraopreto.com.br\/index.php\/2025\/04\/26\/conta-de-luz-tera-custo-adicional\/","url_meta":{"origin":6619,"position":5},"title":"Conta de luz ter\u00e1 custo adicional \u00a0","author":"noticiasribeiraopreto.com.br","date":"26 de April de 2025","format":false,"excerpt":"A Ag\u00eancia Nacional de Energia El\u00e9trica (Aneel) anunciou, nesta sexta-feira, 25 de abril, a bandeira tarif\u00e1ria amarela para o m\u00eas de maio, com custo adicional de R$ 1,885 na tarifa de energia a cada 100 quilowatt-hora (kWh) consumidos pelos clientes conectados ao Sistema Interligado Nacional (SIN). A medida interrompe uma\u2026","rel":"","context":"In &quot;Not\u00edcias de Ribeir\u00e3o Preto-SP e Regi\u00e3o&quot;","block_context":{"text":"Not\u00edcias de Ribeir\u00e3o Preto-SP e Regi\u00e3o","link":"https:\/\/noticiasribeiraopreto.com.br\/index.php\/category\/noticias-de-ribeirao-preto-sp-e-regiao-ismael-colosi\/"},"img":{"alt_text":"","src":"https:\/\/i0.wp.com\/noticiasribeiraopreto.com.br\/wp-content\/uploads\/2025\/04\/ContaLUZ-Pixabay-scaled.jpeg?fit=750%2C500&ssl=1&resize=350%2C200","width":350,"height":200,"srcset":"https:\/\/i0.wp.com\/noticiasribeiraopreto.com.br\/wp-content\/uploads\/2025\/04\/ContaLUZ-Pixabay-scaled.jpeg?fit=750%2C500&ssl=1&resize=350%2C200 1x, https:\/\/i0.wp.com\/noticiasribeiraopreto.com.br\/wp-content\/uploads\/2025\/04\/ContaLUZ-Pixabay-scaled.jpeg?fit=750%2C500&ssl=1&resize=525%2C300 1.5x, https:\/\/i0.wp.com\/noticiasribeiraopreto.com.br\/wp-content\/uploads\/2025\/04\/ContaLUZ-Pixabay-scaled.jpeg?fit=750%2C500&ssl=1&resize=700%2C400 2x"},"classes":[]}],"jetpack_sharing_enabled":true,"jetpack_shortlink":"https:\/\/wp.me\/peQAOb-1IL","_links":{"self":[{"href":"https:\/\/noticiasribeiraopreto.com.br\/index.php\/wp-json\/wp\/v2\/posts\/6619","targetHints":{"allow":["GET"]}}],"collection":[{"href":"https:\/\/noticiasribeiraopreto.com.br\/index.php\/wp-json\/wp\/v2\/posts"}],"about":[{"href":"https:\/\/noticiasribeiraopreto.com.br\/index.php\/wp-json\/wp\/v2\/types\/post"}],"author":[{"embeddable":true,"href":"https:\/\/noticiasribeiraopreto.com.br\/index.php\/wp-json\/wp\/v2\/users\/1"}],"replies":[{"embeddable":true,"href":"https:\/\/noticiasribeiraopreto.com.br\/index.php\/wp-json\/wp\/v2\/comments?post=6619"}],"version-history":[{"count":0,"href":"https:\/\/noticiasribeiraopreto.com.br\/index.php\/wp-json\/wp\/v2\/posts\/6619\/revisions"}],"wp:featuredmedia":[{"embeddable":true,"href":"https:\/\/noticiasribeiraopreto.com.br\/index.php\/wp-json\/wp\/v2\/media\/6620"}],"wp:attachment":[{"href":"https:\/\/noticiasribeiraopreto.com.br\/index.php\/wp-json\/wp\/v2\/media?parent=6619"}],"wp:term":[{"taxonomy":"category","embeddable":true,"href":"https:\/\/noticiasribeiraopreto.com.br\/index.php\/wp-json\/wp\/v2\/categories?post=6619"},{"taxonomy":"post_tag","embeddable":true,"href":"https:\/\/noticiasribeiraopreto.com.br\/index.php\/wp-json\/wp\/v2\/tags?post=6619"}],"curies":[{"name":"wp","href":"https:\/\/api.w.org\/{rel}","templated":true}]}}