{"id":6623,"date":"2023-11-26T11:34:52","date_gmt":"2023-11-26T14:34:52","guid":{"rendered":"https:\/\/noticiasribeiraopreto.com.br\/index.php\/2023\/11\/26\/provao-paulista-e-adiado-conheca-novas-datas\/"},"modified":"2023-11-26T11:34:52","modified_gmt":"2023-11-26T14:34:52","slug":"provao-paulista-e-adiado-conheca-novas-datas","status":"publish","type":"post","link":"https:\/\/noticiasribeiraopreto.com.br\/index.php\/2023\/11\/26\/provao-paulista-e-adiado-conheca-novas-datas\/","title":{"rendered":"Prov\u00e3o Paulista \u00e9 adiado; conhe\u00e7a novas datas"},"content":{"rendered":"<div class='code-block code-block-1' style='margin: 8px 0 8px auto; text-align: right; display: block; clear: both;'>\n<p><a href=\"https:\/\/wa.link\/vpicfd\"><img data-recalc-dims=\"1\" class=\"wp-image-4922\" style=\"aspect-ratio: 2.0253164556962027; width: 561px; height: auto;\" src=\"https:\/\/i0.wp.com\/ismaelcolosi.com.br\/wp-content\/uploads\/2023\/11\/grupo-de-empregos-whatsapp-e-facebook-ismael-colosi-vagas.jpg?ssl=1\" alt=\"\" \/><\/a><\/p>\n<!-- \/wp:image -->\n<\/div>\n<p> <br \/>\n<\/p>\n<div>\n<p>Os estudantes que originalmente planejavam realizar o Prov\u00e3o Paulista nos dias 28 e 29 agora far\u00e3o as <a href=\"https:\/\/catracalivre.com.br\/educacao\/provao-paulista-cursos-superiores\/\" target=\"_blank\" rel=\"noopener\">avalia\u00e7\u00f5es<\/a> nos dias 29 e 30 de novembro. A mudan\u00e7a no cronograma, anunciada pela Secretaria da Educa\u00e7\u00e3o (<a href=\"https:\/\/www.educacao.sp.gov.br\/institucional\/a-secretaria\/\" target=\"_blank\" rel=\"noopener\">Seduc-SP<\/a>), tem como motivo a paralisa\u00e7\u00e3o prevista pelos funcion\u00e1rios do metr\u00f4, trens e da Sabesp.<\/p>\n<div id=\"attachment_2280657\" class=\"wp-caption aligncenter\">\n<div class=\"d-flex justify-content-center\" data-attachment-id=\"2280657\">\n<div class=\"position-relative d-inline-block\"><img data-recalc-dims=\"1\" data-portal-copyright=\"Zen Chung\/Pexels\" decoding=\"async\" fetchpriority=\"high\" class=\"size-full wp-image-2280657\" src=\"https:\/\/i0.wp.com\/catracalivre.com.br\/wp-content\/uploads\/2023\/07\/pexels-zen-chung-5538627.jpg?resize=1920%2C1330&#038;ssl=1\" alt=\"Secretaria da Educa\u00e7\u00e3o lan\u00e7ou avalia\u00e7\u00e3o seriada que poder\u00e1 garantir vagas nas principais institui\u00e7\u00f5es de ensino superior do estado\" width=\"1920\" height=\"1330\" srcset=\"https:\/\/catracalivre.com.br\/wp-content\/uploads\/2023\/07\/pexels-zen-chung-5538627.jpg 1920w, https:\/\/catracalivre.com.br\/wp-content\/uploads\/2023\/07\/pexels-zen-chung-5538627-450x312.jpg 450w, https:\/\/catracalivre.com.br\/wp-content\/uploads\/2023\/07\/pexels-zen-chung-5538627-768x532.jpg 768w\" sizes=\"(max-width: 1920px) 100vw, 1920px\"\/><\/p>\n<p>Cr\u00e9ditos: Zen Chung\/Pexels<\/p>\n<\/div>\n<\/div>\n<p><span class=\"post-imagem__legenda\">Secretaria da Educa\u00e7\u00e3o lan\u00e7ou avalia\u00e7\u00e3o seriada que poder\u00e1 garantir vagas nas principais institui\u00e7\u00f5es de ensino superior do estado<\/span><\/p>\n<\/div>\n<p>A paralisa\u00e7\u00e3o agendada para a pr\u00f3xima ter\u00e7a-feira, 28, \u00e9 resultado da <a href=\"https:\/\/www.metrocptm.com.br\/metro-e-cptm-podem-parar-novamente-no-dia-28-de-novembro-diz-presidente-do-sindicato-dos-metroviarios\/\" target=\"_blank\" rel=\"noopener\">mobiliza\u00e7\u00e3o liderada por representantes sindicais<\/a> do Metr\u00f4, CPTM, Sabesp, Apeoesp, SindSa\u00fade, Centro Paulo Souza e Funda\u00e7\u00e3o Casa, protestando contra as privatiza\u00e7\u00f5es promovidas pelo governo de S\u00e3o Paulo.<\/p>\n<p>Por isso, os estudantes inscritos para as provas, originalmente programadas para iniciar no dia 28, passar\u00e3o pelo exame em uma data diferente. Essa altera\u00e7\u00e3o abrange os 645 munic\u00edpios, garantindo que nenhum aluno seja prejudicado no dia do exame.<\/p>\n<p>Os alunos do terceiro ano do ensino m\u00e9dio, que inicialmente fariam o Prov\u00e3o Paulista nos dias 28 e 29, agora participar\u00e3o nos dias 29 e 30 de novembro, quarta e quinta-feira, respectivamente.<\/p>\n<p>Estudantes do primeiro e segundo anos, cujas provas estavam marcadas originalmente para os dias 30 de novembro (quinta) e 1\u00ba de dezembro (sexta), tiveram os testes adiados para os dias 1\u00ba (sexta) e 4 de dezembro (segunda).<\/p>\n<div id=\"attachment_2262742\" class=\"wp-caption alignnone\">\n<div class=\"d-flex justify-content-center\" data-attachment-id=\"2262742\">\n<div class=\"position-relative d-inline-block\"><img data-recalc-dims=\"1\" loading=\"lazy\" data-portal-copyright=\"Fernando Fraz\u00e3o\/Ag\u00eancia Brasil\" decoding=\"async\" class=\"size-full wp-image-2262742\" src=\"https:\/\/i0.wp.com\/catracalivre.com.br\/wp-content\/uploads\/2023\/03\/metro-sp-greve-fim.jpg?resize=1200%2C720&#038;ssl=1\" alt=\"Greve do Metr\u00f4 de SP chega ao fim; entenda a situa\u00e7\u00e3o!\" width=\"1200\" height=\"720\" srcset=\"https:\/\/catracalivre.com.br\/wp-content\/uploads\/2023\/03\/metro-sp-greve-fim.jpg 1200w, https:\/\/catracalivre.com.br\/wp-content\/uploads\/2023\/03\/metro-sp-greve-fim-450x270.jpg 450w, https:\/\/catracalivre.com.br\/wp-content\/uploads\/2023\/03\/metro-sp-greve-fim-768x461.jpg 768w\" sizes=\"auto, (max-width: 1200px) 100vw, 1200px\"\/><\/p>\n<p>Cr\u00e9ditos: Fernando Fraz\u00e3o\/Ag\u00eancia Brasil<\/p>\n<\/div>\n<\/div>\n<p><span class=\"post-imagem__legenda\">Greve do Metr\u00f4 de SP chega ao fim; entenda a situa\u00e7\u00e3o!<\/span><\/p>\n<\/div>\n<p>A Secretaria da Educa\u00e7\u00e3o, por meio do portal do Governo, lamentou a decis\u00e3o, destacando que a solu\u00e7\u00e3o busca evitar preju\u00edzos aos estudantes da rede estadual, a maioria dos quais depende do transporte p\u00fablico. Todos os alunos inscritos no Prov\u00e3o Paulista, incluindo aqueles provenientes de outros munic\u00edpios e estados para a capital, devem obedecer \u00e0s novas datas estabelecidas para a realiza\u00e7\u00e3o das provas.<\/p>\n<p>Para mais informa\u00e7\u00f5es sobre o Prov\u00e3o Paulista Seriado, visite o site <a href=\"http:\/\/www.educacao.sp.gov.br\" target=\"_blank\" rel=\"noopener\">www.educacao.sp.gov.br<\/a>.<\/p>\n<p><em>*Com informa\u00e7\u00f5es do <a href=\"https:\/\/www.saopaulo.sp.gov.br\/ultimas-noticias\/\" target=\"_blank\" rel=\"noopener\">Portal do Governo<\/a>.<\/em><\/p>\n<\/div>\n<p><script>\n\t\t! function(f, b, e, v, n, t, s) {\n\t\t\tif (f.fbq) return;\n\t\t\tn = f.fbq = function() {\n\t\t\t\tn.callMethod ?\n\t\t\t\t\tn.callMethod.apply(n, arguments) : n.queue.push(arguments)\n\t\t\t};\n\t\t\tif (!f._fbq) f._fbq = n;\n\t\t\tn.push = n;\n\t\t\tn.loaded = !0;\n\t\t\tn.version = '2.0';\n\t\t\tn.queue = [];\n\t\t\tt = b.createElement(e);\n\t\t\tt.async = !0;\n\t\t\tt.src = v;\n\t\t\ts = b.getElementsByTagName(e)[0];\n\t\t\ts.parentNode.insertBefore(t, s)\n\t\t}(window, document, 'script',\n\t\t\t'https:\/\/connect.facebook.net\/en_US\/fbevents.js');\n\t\tfbq('init', '338315473262380');\n\t\tfbq('track', 'PageView');\n\t<\/script><br \/>\n<br \/><br \/>\n<br \/><a href=\"https:\/\/catracalivre.com.br\/educacao\/provao-paulista-datas\/\">Source link <\/a><\/p>\n<!-- CONTENT END 1 -->\n","protected":false},"excerpt":{"rendered":"<p>Os estudantes que originalmente planejavam realizar o Prov\u00e3o Paulista nos dias 28 e 29 agora far\u00e3o as avalia\u00e7\u00f5es nos dias 29 e 30 de novembro&#8230;.<\/p>\n","protected":false},"author":1,"featured_media":6624,"comment_status":"open","ping_status":"open","sticky":false,"template":"","format":"standard","meta":{"advanced_seo_description":"","jetpack_seo_html_title":"","jetpack_seo_noindex":false,"jetpack_post_was_ever_published":false,"_jetpack_newsletter_access":"","_jetpack_dont_email_post_to_subs":false,"_jetpack_newsletter_tier_id":0,"_jetpack_memberships_contains_paywalled_content":false,"_jetpack_memberships_contains_paid_content":false,"footnotes":"","jetpack_publicize_message":"","jetpack_publicize_feature_enabled":true,"jetpack_social_post_already_shared":true,"jetpack_social_options":{"image_generator_settings":{"template":"highway","default_image_id":0,"font":"","enabled":false},"version":2}},"categories":[19],"tags":[],"class_list":["post-6623","post","type-post","status-publish","format-standard","has-post-thumbnail","hentry","category-variedades"],"jetpack_publicize_connections":[],"jetpack_featured_media_url":"https:\/\/i0.wp.com\/noticiasribeiraopreto.com.br\/wp-content\/uploads\/2023\/11\/pexels-zen-chung-5538627.jpg?fit=1200%2C638&ssl=1","jetpack-related-posts":[{"id":6375,"url":"https:\/\/noticiasribeiraopreto.com.br\/index.php\/2023\/11\/25\/provao-paulista-tem-novas-datas\/","url_meta":{"origin":6623,"position":0},"title":"Prov\u00e3o Paulista tem novas datas \u00a0","author":"noticiasribeiraopreto.com.br","date":"25 de November de 2023","format":false,"excerpt":"25 de novembro de 2023 | 17:0025 de novembro de 2023 | 9:27 0A Secretaria da Educa\u00e7\u00e3o do Estado de S\u00e3o Paulo (Seduc-SP) informa que, por conta da paralisa\u00e7\u00e3o anunciada pelos metrovi\u00e1rios, ferrovi\u00e1rios e funcion\u00e1rios da Sabesp, o cronograma de aplica\u00e7\u00e3o do Prov\u00e3o Paulista ser\u00e1 alterado nos 645 munic\u00edpios de\u2026","rel":"","context":"In &quot;Not\u00edcias de Ribeir\u00e3o Preto-SP e Regi\u00e3o&quot;","block_context":{"text":"Not\u00edcias de Ribeir\u00e3o Preto-SP e Regi\u00e3o","link":"https:\/\/noticiasribeiraopreto.com.br\/index.php\/category\/noticias-de-ribeirao-preto-sp-e-regiao-ismael-colosi\/"},"img":{"alt_text":"","src":"https:\/\/i0.wp.com\/noticiasribeiraopreto.com.br\/wp-content\/uploads\/2023\/11\/provao.jpg?fit=1200%2C800&ssl=1&resize=350%2C200","width":350,"height":200,"srcset":"https:\/\/i0.wp.com\/noticiasribeiraopreto.com.br\/wp-content\/uploads\/2023\/11\/provao.jpg?fit=1200%2C800&ssl=1&resize=350%2C200 1x, https:\/\/i0.wp.com\/noticiasribeiraopreto.com.br\/wp-content\/uploads\/2023\/11\/provao.jpg?fit=1200%2C800&ssl=1&resize=525%2C300 1.5x, https:\/\/i0.wp.com\/noticiasribeiraopreto.com.br\/wp-content\/uploads\/2023\/11\/provao.jpg?fit=1200%2C800&ssl=1&resize=700%2C400 2x, https:\/\/i0.wp.com\/noticiasribeiraopreto.com.br\/wp-content\/uploads\/2023\/11\/provao.jpg?fit=1200%2C800&ssl=1&resize=1050%2C600 3x"},"classes":[]},{"id":23558,"url":"https:\/\/noticiasribeiraopreto.com.br\/index.php\/2024\/01\/02\/resultado-do-provao-paulista-sera-divulgado-dia-26-de-janeiro\/","url_meta":{"origin":6623,"position":1},"title":"Resultado do Prov\u00e3o Paulista ser\u00e1 divulgado dia 26 de janeiro","author":"noticiasribeiraopreto.com.br","date":"2 de January de 2024","format":false,"excerpt":"2 de janeiro de 2024 | 15:002 de janeiro de 2024 | 14:21 0Os alunos da 3\u00aa s\u00e9rie do Ensino M\u00e9dio das escolas estaduais de S\u00e3o Paulo e que encerraram a educa\u00e7\u00e3o b\u00e1sica em 2023 ainda precisam estar atentos \u00e0s not\u00edcias da Secretaria da Educa\u00e7\u00e3o do Estado neste m\u00eas de\u2026","rel":"","context":"In &quot;Not\u00edcias de Ribeir\u00e3o Preto-SP e Regi\u00e3o&quot;","block_context":{"text":"Not\u00edcias de Ribeir\u00e3o Preto-SP e Regi\u00e3o","link":"https:\/\/noticiasribeiraopreto.com.br\/index.php\/category\/noticias-de-ribeirao-preto-sp-e-regiao-ismael-colosi\/"},"img":{"alt_text":"","src":"https:\/\/i0.wp.com\/noticiasribeiraopreto.com.br\/wp-content\/uploads\/2024\/01\/37553554364_4476a8303b_k-scaled.jpg?fit=967%2C645&ssl=1&resize=350%2C200","width":350,"height":200,"srcset":"https:\/\/i0.wp.com\/noticiasribeiraopreto.com.br\/wp-content\/uploads\/2024\/01\/37553554364_4476a8303b_k-scaled.jpg?fit=967%2C645&ssl=1&resize=350%2C200 1x, https:\/\/i0.wp.com\/noticiasribeiraopreto.com.br\/wp-content\/uploads\/2024\/01\/37553554364_4476a8303b_k-scaled.jpg?fit=967%2C645&ssl=1&resize=525%2C300 1.5x, https:\/\/i0.wp.com\/noticiasribeiraopreto.com.br\/wp-content\/uploads\/2024\/01\/37553554364_4476a8303b_k-scaled.jpg?fit=967%2C645&ssl=1&resize=700%2C400 2x"},"classes":[]},{"id":6545,"url":"https:\/\/noticiasribeiraopreto.com.br\/index.php\/2023\/11\/26\/fatecs-oferecem-acesso-a-diversos-cursos-gratuitos\/","url_meta":{"origin":6623,"position":2},"title":"Fatecs oferecem acesso a diversos cursos gratuitos","author":"noticiasribeiraopreto.com.br","date":"26 de November de 2023","format":false,"excerpt":"Os cursos gratuitos das Faculdades de Tecnologia do Estado (Fatecs), administradas pelo Centro Paula Souza (CPS), est\u00e3o entre as op\u00e7\u00f5es disponibilizadas pelo Prov\u00e3o Paulista aos estudantes de ensino m\u00e9dio da rede p\u00fablica, que pretendem concorrer a uma vaga no ensino superior, por interm\u00e9dio do novo modelo de avalia\u00e7\u00e3o seriada do\u2026","rel":"","context":"In &quot;Variedades&quot;","block_context":{"text":"Variedades","link":"https:\/\/noticiasribeiraopreto.com.br\/index.php\/category\/variedades\/"},"img":{"alt_text":"","src":"https:\/\/i0.wp.com\/noticiasribeiraopreto.com.br\/wp-content\/uploads\/2023\/11\/fatec-scaled.jpg?fit=1200%2C638&ssl=1&resize=350%2C200","width":350,"height":200,"srcset":"https:\/\/i0.wp.com\/noticiasribeiraopreto.com.br\/wp-content\/uploads\/2023\/11\/fatec-scaled.jpg?fit=1200%2C638&ssl=1&resize=350%2C200 1x, https:\/\/i0.wp.com\/noticiasribeiraopreto.com.br\/wp-content\/uploads\/2023\/11\/fatec-scaled.jpg?fit=1200%2C638&ssl=1&resize=525%2C300 1.5x, https:\/\/i0.wp.com\/noticiasribeiraopreto.com.br\/wp-content\/uploads\/2023\/11\/fatec-scaled.jpg?fit=1200%2C638&ssl=1&resize=700%2C400 2x, https:\/\/i0.wp.com\/noticiasribeiraopreto.com.br\/wp-content\/uploads\/2023\/11\/fatec-scaled.jpg?fit=1200%2C638&ssl=1&resize=1050%2C600 3x"},"classes":[]},{"id":68261,"url":"https:\/\/noticiasribeiraopreto.com.br\/index.php\/2025\/04\/23\/matriculas-para-aprovados-no-provao-paulista-devem-ser-feitas-ate-este-dia-23-4\/","url_meta":{"origin":6623,"position":3},"title":"Matr\u00edculas para aprovados no Prov\u00e3o Paulista devem ser feitas at\u00e9 este dia 23\/4","author":"noticiasribeiraopreto.com.br","date":"23 de April de 2025","format":false,"excerpt":"Os 41 estudantes da regi\u00e3o de Franca aprovados na primeira chamada do Prov\u00e3o Paulista Seriado para o segundo semestre devem efetuar a matr\u00edcula para os cursos superiores gratuitos oferecidos pelas Faculdades de Tecnologia do Estado (Fatecs) e pela Universidade Virtual do Estado de S\u00e3o Paulo (Univesp) at\u00e9 esta quarta-feira (23).\u2026","rel":"","context":"In &quot;Not\u00edcias de Franca-SP&quot;","block_context":{"text":"Not\u00edcias de Franca-SP","link":"https:\/\/noticiasribeiraopreto.com.br\/index.php\/category\/noticias-de-ribeirao-preto-sp-e-regiao-ismael-colosi\/noticias-franca-sp\/"},"img":{"alt_text":"","src":"https:\/\/i0.wp.com\/noticiasribeiraopreto.com.br\/wp-content\/uploads\/2025\/04\/fatec.jpeg?fit=1200%2C800&ssl=1&resize=350%2C200","width":350,"height":200,"srcset":"https:\/\/i0.wp.com\/noticiasribeiraopreto.com.br\/wp-content\/uploads\/2025\/04\/fatec.jpeg?fit=1200%2C800&ssl=1&resize=350%2C200 1x, https:\/\/i0.wp.com\/noticiasribeiraopreto.com.br\/wp-content\/uploads\/2025\/04\/fatec.jpeg?fit=1200%2C800&ssl=1&resize=525%2C300 1.5x, https:\/\/i0.wp.com\/noticiasribeiraopreto.com.br\/wp-content\/uploads\/2025\/04\/fatec.jpeg?fit=1200%2C800&ssl=1&resize=700%2C400 2x, https:\/\/i0.wp.com\/noticiasribeiraopreto.com.br\/wp-content\/uploads\/2025\/04\/fatec.jpeg?fit=1200%2C800&ssl=1&resize=1050%2C600 3x"},"classes":[]},{"id":60948,"url":"https:\/\/noticiasribeiraopreto.com.br\/index.php\/2024\/11\/29\/estudantes-tem-ate-hoje-para-escolher-curso-no-provao-paulista-saiba-como\/","url_meta":{"origin":6623,"position":4},"title":"Estudantes t\u00eam at\u00e9 hoje para escolher curso no Prov\u00e3o Paulista; saiba como","author":"noticiasribeiraopreto.com.br","date":"29 de November de 2024","format":false,"excerpt":"Cerca de 16.200 estudantes da 3\u00aa s\u00e9rie do ensino m\u00e9dio de Ribeir\u00e3o Preto e regi\u00e3o, que t\u00eam o sonho de ingressar na USP, Unesp, Unicamp ou Fatecs, e participaram dos dois dias do Prov\u00e3o Paulista 2024, t\u00eam at\u00e9 esta sexta-feira (29) para escolher suas op\u00e7\u00f5es de cursos superiores no portal\u2026","rel":"","context":"In &quot;Not\u00edcias de Ribeir\u00e3o Preto-SP e Regi\u00e3o&quot;","block_context":{"text":"Not\u00edcias de Ribeir\u00e3o Preto-SP e Regi\u00e3o","link":"https:\/\/noticiasribeiraopreto.com.br\/index.php\/category\/noticias-de-ribeirao-preto-sp-e-regiao-ismael-colosi\/"},"img":{"alt_text":"","src":"https:\/\/i0.wp.com\/noticiasribeiraopreto.com.br\/wp-content\/uploads\/2024\/11\/Copia-de-Copia-de-Copia-de-TAMANHO-EXATO-PARA-FOTOS-NO-SISTEMA-NOVO-2024-11-29T153847.464_2024-11-29_18-39-02_png_2024-11-29_18-39-02.webp.webp?fit=1200%2C675&ssl=1&resize=350%2C200","width":350,"height":200,"srcset":"https:\/\/i0.wp.com\/noticiasribeiraopreto.com.br\/wp-content\/uploads\/2024\/11\/Copia-de-Copia-de-Copia-de-TAMANHO-EXATO-PARA-FOTOS-NO-SISTEMA-NOVO-2024-11-29T153847.464_2024-11-29_18-39-02_png_2024-11-29_18-39-02.webp.webp?fit=1200%2C675&ssl=1&resize=350%2C200 1x, https:\/\/i0.wp.com\/noticiasribeiraopreto.com.br\/wp-content\/uploads\/2024\/11\/Copia-de-Copia-de-Copia-de-TAMANHO-EXATO-PARA-FOTOS-NO-SISTEMA-NOVO-2024-11-29T153847.464_2024-11-29_18-39-02_png_2024-11-29_18-39-02.webp.webp?fit=1200%2C675&ssl=1&resize=525%2C300 1.5x, https:\/\/i0.wp.com\/noticiasribeiraopreto.com.br\/wp-content\/uploads\/2024\/11\/Copia-de-Copia-de-Copia-de-TAMANHO-EXATO-PARA-FOTOS-NO-SISTEMA-NOVO-2024-11-29T153847.464_2024-11-29_18-39-02_png_2024-11-29_18-39-02.webp.webp?fit=1200%2C675&ssl=1&resize=700%2C400 2x, https:\/\/i0.wp.com\/noticiasribeiraopreto.com.br\/wp-content\/uploads\/2024\/11\/Copia-de-Copia-de-Copia-de-TAMANHO-EXATO-PARA-FOTOS-NO-SISTEMA-NOVO-2024-11-29T153847.464_2024-11-29_18-39-02_png_2024-11-29_18-39-02.webp.webp?fit=1200%2C675&ssl=1&resize=1050%2C600 3x"},"classes":[]},{"id":59773,"url":"https:\/\/noticiasribeiraopreto.com.br\/index.php\/2024\/10\/29\/provao-paulista-mais-de-9-mil-estudantes-da-rede-estadual-da-regiao-de-ribeirao-fazem-prova-nesta-quarta\/","url_meta":{"origin":6623,"position":5},"title":"Prov\u00e3o Paulista: mais de 9 mil estudantes da rede estadual da regi\u00e3o de Ribeir\u00e3o fazem prova nesta quarta","author":"noticiasribeiraopreto.com.br","date":"29 de October de 2024","format":false,"excerpt":"Nesta quarta-feira (30) acontece o primeiro dia de aplica\u00e7\u00e3o do Prov\u00e3o Paulista Seriado 2024. Na regi\u00e3o de Ribeir\u00e3o Preto, 9.900 estudantes da rede estadual v\u00e3o participar. Os candidatos responder\u00e3o a quest\u00f5es de Linguagens e suas Tecnologias e de Ci\u00eancias da Natureza e suas Tecnologias, al\u00e9m da reda\u00e7\u00e3o que exige a\u2026","rel":"","context":"In &quot;Not\u00edcias de Ribeir\u00e3o Preto-SP e Regi\u00e3o&quot;","block_context":{"text":"Not\u00edcias de Ribeir\u00e3o Preto-SP e Regi\u00e3o","link":"https:\/\/noticiasribeiraopreto.com.br\/index.php\/category\/noticias-de-ribeirao-preto-sp-e-regiao-ismael-colosi\/"},"img":{"alt_text":"","src":"https:\/\/i0.wp.com\/noticiasribeiraopreto.com.br\/wp-content\/uploads\/2024\/10\/Copia-de-Copia-de-TAMANHO-EXATO-PARA-FOTOS-NO-SISTEMA-NOVO-42.webp.webp?fit=1200%2C675&ssl=1&resize=350%2C200","width":350,"height":200,"srcset":"https:\/\/i0.wp.com\/noticiasribeiraopreto.com.br\/wp-content\/uploads\/2024\/10\/Copia-de-Copia-de-TAMANHO-EXATO-PARA-FOTOS-NO-SISTEMA-NOVO-42.webp.webp?fit=1200%2C675&ssl=1&resize=350%2C200 1x, https:\/\/i0.wp.com\/noticiasribeiraopreto.com.br\/wp-content\/uploads\/2024\/10\/Copia-de-Copia-de-TAMANHO-EXATO-PARA-FOTOS-NO-SISTEMA-NOVO-42.webp.webp?fit=1200%2C675&ssl=1&resize=525%2C300 1.5x, https:\/\/i0.wp.com\/noticiasribeiraopreto.com.br\/wp-content\/uploads\/2024\/10\/Copia-de-Copia-de-TAMANHO-EXATO-PARA-FOTOS-NO-SISTEMA-NOVO-42.webp.webp?fit=1200%2C675&ssl=1&resize=700%2C400 2x, https:\/\/i0.wp.com\/noticiasribeiraopreto.com.br\/wp-content\/uploads\/2024\/10\/Copia-de-Copia-de-TAMANHO-EXATO-PARA-FOTOS-NO-SISTEMA-NOVO-42.webp.webp?fit=1200%2C675&ssl=1&resize=1050%2C600 3x"},"classes":[]}],"jetpack_sharing_enabled":true,"jetpack_shortlink":"https:\/\/wp.me\/peQAOb-1IP","_links":{"self":[{"href":"https:\/\/noticiasribeiraopreto.com.br\/index.php\/wp-json\/wp\/v2\/posts\/6623","targetHints":{"allow":["GET"]}}],"collection":[{"href":"https:\/\/noticiasribeiraopreto.com.br\/index.php\/wp-json\/wp\/v2\/posts"}],"about":[{"href":"https:\/\/noticiasribeiraopreto.com.br\/index.php\/wp-json\/wp\/v2\/types\/post"}],"author":[{"embeddable":true,"href":"https:\/\/noticiasribeiraopreto.com.br\/index.php\/wp-json\/wp\/v2\/users\/1"}],"replies":[{"embeddable":true,"href":"https:\/\/noticiasribeiraopreto.com.br\/index.php\/wp-json\/wp\/v2\/comments?post=6623"}],"version-history":[{"count":0,"href":"https:\/\/noticiasribeiraopreto.com.br\/index.php\/wp-json\/wp\/v2\/posts\/6623\/revisions"}],"wp:featuredmedia":[{"embeddable":true,"href":"https:\/\/noticiasribeiraopreto.com.br\/index.php\/wp-json\/wp\/v2\/media\/6624"}],"wp:attachment":[{"href":"https:\/\/noticiasribeiraopreto.com.br\/index.php\/wp-json\/wp\/v2\/media?parent=6623"}],"wp:term":[{"taxonomy":"category","embeddable":true,"href":"https:\/\/noticiasribeiraopreto.com.br\/index.php\/wp-json\/wp\/v2\/categories?post=6623"},{"taxonomy":"post_tag","embeddable":true,"href":"https:\/\/noticiasribeiraopreto.com.br\/index.php\/wp-json\/wp\/v2\/tags?post=6623"}],"curies":[{"name":"wp","href":"https:\/\/api.w.org\/{rel}","templated":true}]}}