{"id":6629,"date":"2023-11-26T11:00:22","date_gmt":"2023-11-26T14:00:22","guid":{"rendered":"https:\/\/noticiasribeiraopreto.com.br\/index.php\/2023\/11\/26\/duda-quer-ganhar-o-mundo-com-sua-danca\/"},"modified":"2023-11-26T11:00:22","modified_gmt":"2023-11-26T14:00:22","slug":"duda-quer-ganhar-o-mundo-com-sua-danca","status":"publish","type":"post","link":"https:\/\/noticiasribeiraopreto.com.br\/index.php\/2023\/11\/26\/duda-quer-ganhar-o-mundo-com-sua-danca\/","title":{"rendered":"Duda quer ganhar o mundo com sua dan\u00e7a\u00a0"},"content":{"rendered":"<div class='code-block code-block-1' style='margin: 8px 0 8px auto; text-align: right; display: block; clear: both;'>\n<p><a href=\"https:\/\/wa.link\/vpicfd\"><img data-recalc-dims=\"1\" class=\"wp-image-4922\" style=\"aspect-ratio: 2.0253164556962027; width: 561px; height: auto;\" src=\"https:\/\/i0.wp.com\/ismaelcolosi.com.br\/wp-content\/uploads\/2023\/11\/grupo-de-empregos-whatsapp-e-facebook-ismael-colosi-vagas.jpg?ssl=1\" alt=\"\" \/><\/a><\/p>\n<!-- \/wp:image -->\n<\/div>\n<p> <br \/>\n<\/p>\n<div id=\"\">\n<p> <span class=\"entry-meta-item penci-posted-on\"><i class=\"fa fa-clock-o\"\/><time class=\"entry-date published\" datetime=\"2023-11-26T11:00:22-03:00\">26 de novembro de 2023 | 11:00<\/time><time class=\"updated\" datetime=\"2023-11-25T19:27:42-03:00\">25 de novembro de 2023 | 19:27<\/time><\/span><\/p>\n<p> <span class=\"penci-social-buttons penci-social-share-footer\"><a href=\"#\" class=\"penci-post-like penci_post-meta_item  single-like-button penci-social-item like\" data-post_id=\"365298\" title=\"Like\" data-like=\"Like\" data-unlike=\"Unlike\"><i class=\"fa fa-thumbs-o-up\"\/><span class=\"penci-share-number\">0<\/span><\/a><i class=\"fa fa-facebook\"\/><a class=\"penci-social-item twitter\" target=\"_blank\" rel=\"noopener\" title=\"\" href=\"https:\/\/twitter.com\/intent\/tweet?text=Duda%20quer%20ganhar%20o%20mundo%20com%20sua%20dan\u00e7a\u00a0%20-%20https:\/\/www.tribunaribeirao.com.br\/site\/duda-quer-ganhar-o-mundo-com-sua-danca\/\"><i class=\"fa fa-twitter\"\/><\/a><i class=\"fa fa-whatsapp\"\/><\/span><\/div>\n<div>\n<p><span data-contrast=\"auto\">Por Fabiano Ribeiro<\/span><span data-ccp-props=\"{&quot;201341983&quot;:0,&quot;335559739&quot;:160,&quot;335559740&quot;:259}\">\u00a0<\/span><\/p>\n<figure id=\"attachment_365300\" aria-describedby=\"caption-attachment-365300\" style=\"width: 200px\" class=\"wp-caption alignleft\"><figcaption id=\"caption-attachment-365300\" class=\"wp-caption-text\">S\u00e3o 20 horas semanais de dedica\u00e7\u00e3o \u00e0 dan\u00e7a (Alfredo Risk)<\/figcaption><\/figure>\n<p><span data-contrast=\"auto\">Se perguntarmos \u00e0 pequena Maria Eduarda Longo, a Duda, de 10 anos, qual o seu maior sonho, a resposta \u00e9 imediata: \u201cser bailarina profissional\u201d. E esse sonho est\u00e1 bem perto e ao mesmo tempo distante. Duda que esbanja talento e dedica\u00e7\u00e3o conseguiu ser selecionada em uma rigorosa seletiva nacional para um dos mais importantes projetos de dan\u00e7a do mundo, o YAGP, mas esbarra em um detalhe que pode tolher sua jornada, a quest\u00e3o financeira.<\/span><span data-ccp-props=\"{&quot;201341983&quot;:0,&quot;335559739&quot;:160,&quot;335559740&quot;:259}\">\u00a0<\/span><\/p>\n<p><span data-contrast=\"auto\">Duda \u00e9 aluna do 5\u00ba ano na rede municipal de ensino de Ribeir\u00e3o Preto e divide suas horas di\u00e1rias com aulas de bal\u00e9 no N\u00facleo Amanda Crozariollo. Come\u00e7ou em 2021, quando tinha sete anos e n\u00e3o parou mais. S\u00e3o 20 horas semanais de muita dedica\u00e7\u00e3o.<\/span><span data-ccp-props=\"{&quot;201341983&quot;:0,&quot;335559739&quot;:160,&quot;335559740&quot;:259}\">\u00a0<\/span><\/p>\n<p><span data-contrast=\"auto\">Pode parecer cansativo, mas Duda diz que n\u00e3o. \u201cMinha rotina n\u00e3o \u00e9 cansativa, pois \u00e9 o que eu amo fazer \u00e9 quero fazer para sempre\u201d, diz a not\u00e1vel bailarina.<\/span><span data-ccp-props=\"{&quot;201341983&quot;:0,&quot;335559739&quot;:160,&quot;335559740&quot;:259}\">\u00a0<\/span><\/p>\n<p><span data-contrast=\"auto\">Nesses tr\u00eas anos foram v\u00e1rias participa\u00e7\u00f5es com destaques em apresenta\u00e7\u00f5es e festivais. Mas o mais importante talvez tenha sido no final de outubro, entre os dias 26 e 29, quando participou no Teatro Municipal do Rio de Janeiro, da seletiva da Am\u00e9rica do Sul do Youth Am\u00e9rica Grand Prix (YAGP). Mais de 300 bailarinos tentaram uma vaga para a final mundial, mas apenas 15 foram selecionados. Duda foi uma das escolhidas. A \u00fanica solista do interior de S\u00e3o Paulo.<\/span><span data-ccp-props=\"{&quot;201341983&quot;:0,&quot;335559739&quot;:160,&quot;335559740&quot;:259}\">\u00a0<\/span><\/p>\n<figure id=\"attachment_365301\" aria-describedby=\"caption-attachment-365301\" style=\"width: 225px\" class=\"wp-caption alignleft\"><img data-recalc-dims=\"1\" loading=\"lazy\" decoding=\"async\" class=\"size-medium wp-image-365301\" src=\"https:\/\/i0.wp.com\/www.tribunaribeirao.com.br\/site\/wp-content\/uploads\/2023\/11\/duda-1-1-225x300.jpg?resize=225%2C300&#038;ssl=1\" alt=\"\" width=\"225\" height=\"300\" srcset=\"https:\/\/www.tribunaribeirao.com.br\/site\/wp-content\/uploads\/2023\/11\/duda-1-1-225x300.jpg 225w, https:\/\/www.tribunaribeirao.com.br\/site\/wp-content\/uploads\/2023\/11\/duda-1-1-769x1024.jpg 769w, https:\/\/www.tribunaribeirao.com.br\/site\/wp-content\/uploads\/2023\/11\/duda-1-1-768x1023.jpg 768w, https:\/\/www.tribunaribeirao.com.br\/site\/wp-content\/uploads\/2023\/11\/duda-1-1-1153x1536.jpg 1153w, https:\/\/www.tribunaribeirao.com.br\/site\/wp-content\/uploads\/2023\/11\/duda-1-1-960x1279.jpg 960w, https:\/\/www.tribunaribeirao.com.br\/site\/wp-content\/uploads\/2023\/11\/duda-1-1-300x400.jpg 300w, https:\/\/www.tribunaribeirao.com.br\/site\/wp-content\/uploads\/2023\/11\/duda-1-1-585x779.jpg 585w, https:\/\/www.tribunaribeirao.com.br\/site\/wp-content\/uploads\/2023\/11\/duda-1-1.jpg 1201w\" sizes=\"auto, (max-width: 225px) 100vw, 225px\"\/><figcaption id=\"caption-attachment-365301\" class=\"wp-caption-text\">Duda e a m\u00e3e Main\u00e1 (Arquivo Pessoal)<\/figcaption><\/figure>\n<p><span data-contrast=\"auto\">O YAGP \u00e9 uma competi\u00e7\u00e3o internacional de bal\u00e9 juvenil e dan\u00e7a contempor\u00e2nea sem fins lucrativos e um programa de bolsas de estudo, aberto a estudantes de todas as nacionalidades, de 9 a 19 anos.<\/span><span data-ccp-props=\"{&quot;201341983&quot;:0,&quot;335559739&quot;:160,&quot;335559740&quot;:259}\">\u00a0<\/span><\/p>\n<p><span data-contrast=\"auto\">A final acontecer\u00e1 em abril de 2024 em Nova Iorque. Duda continua motivada e se dedicando nas aulas de bal\u00e9. O problema \u00e9 o custo com a viagem que a fam\u00edlia n\u00e3o consegue arcar. Por ter 10 anos de idade, ela precisa ir acompanhada da m\u00e3e, a professora Main\u00e1 Carolina Longo.<\/span><span data-ccp-props=\"{&quot;201341983&quot;:0,&quot;335559739&quot;:160,&quot;335559740&quot;:259}\">\u00a0<\/span><\/p>\n<p><span data-contrast=\"auto\">\u201cA Duda \u00e9 uma menina extremamente dedicada. Leva o bal\u00e9 muito a s\u00e9rio. N\u00e3o \u00e9 f\u00e1cil conciliar a escola com sua rotina na dan\u00e7a, mas ela consegue fazer isso\u201d, diz Main\u00e1. \u201cEu, como m\u00e3e, ainda estou impactada com a sele\u00e7\u00e3o para a final em Nova York. N\u00e3o imaginei que ela conquistaria t\u00e3o cedo, na sua primeira participa\u00e7\u00e3o\u201d, completa.<\/span><span data-ccp-props=\"{&quot;201341983&quot;:0,&quot;335559739&quot;:160,&quot;335559740&quot;:259}\">\u00a0<\/span><\/p>\n<p><span data-contrast=\"auto\">A professora de bale de Duda, Isabela Lellis tamb\u00e9m reconhece a dedica\u00e7\u00e3o de Duda. \u201cMuito dedicada, sempre atenta \u00e0s corre\u00e7\u00f5es e muito disciplinada. Mas al\u00e9m dessas caracter\u00edsticas e do talento f\u00edsico, o que mais me chamou aten\u00e7\u00e3o, quando ela era pequena, foi seu amor pela dan\u00e7a, sua paix\u00e3o por estar no palco e o encantamento que ela tem por essa arte. O brilho que ela tem vem desde pequenininha e isso \u00e9 algo que vai levar ela cada vez mais longe\u201d, ressalta.<\/span><span data-ccp-props=\"{&quot;201341983&quot;:0,&quot;335559739&quot;:160,&quot;335559740&quot;:259}\">\u00a0<\/span><\/p>\n<figure id=\"attachment_365302\" aria-describedby=\"caption-attachment-365302\" style=\"width: 300px\" class=\"wp-caption alignleft\"><img data-recalc-dims=\"1\" loading=\"lazy\" decoding=\"async\" class=\"size-medium wp-image-365302\" src=\"https:\/\/i0.wp.com\/www.tribunaribeirao.com.br\/site\/wp-content\/uploads\/2023\/11\/duda-1-2-300x200.jpg?resize=300%2C200&#038;ssl=1\" alt=\"\" width=\"300\" height=\"200\" srcset=\"https:\/\/www.tribunaribeirao.com.br\/site\/wp-content\/uploads\/2023\/11\/duda-1-2-300x200.jpg 300w, https:\/\/www.tribunaribeirao.com.br\/site\/wp-content\/uploads\/2023\/11\/duda-1-2-1024x683.jpg 1024w, https:\/\/www.tribunaribeirao.com.br\/site\/wp-content\/uploads\/2023\/11\/duda-1-2-768x512.jpg 768w, https:\/\/www.tribunaribeirao.com.br\/site\/wp-content\/uploads\/2023\/11\/duda-1-2-1536x1024.jpg 1536w, https:\/\/www.tribunaribeirao.com.br\/site\/wp-content\/uploads\/2023\/11\/duda-1-2-2048x1365.jpg 2048w, https:\/\/www.tribunaribeirao.com.br\/site\/wp-content\/uploads\/2023\/11\/duda-1-2-480x320.jpg 480w, https:\/\/www.tribunaribeirao.com.br\/site\/wp-content\/uploads\/2023\/11\/duda-1-2-280x186.jpg 280w, https:\/\/www.tribunaribeirao.com.br\/site\/wp-content\/uploads\/2023\/11\/duda-1-2-1920x1280.jpg 1920w, https:\/\/www.tribunaribeirao.com.br\/site\/wp-content\/uploads\/2023\/11\/duda-1-2-960x640.jpg 960w, https:\/\/www.tribunaribeirao.com.br\/site\/wp-content\/uploads\/2023\/11\/duda-1-2-600x400.jpg 600w, https:\/\/www.tribunaribeirao.com.br\/site\/wp-content\/uploads\/2023\/11\/duda-1-2-585x390.jpg 585w\" sizes=\"auto, (max-width: 300px) 100vw, 300px\"\/><figcaption id=\"caption-attachment-365302\" class=\"wp-caption-text\">Duda com a professora Isabella Lellis (esq.) e a diretora da escola, Amanda Crozariollo (Alfredo Risk)<\/figcaption><\/figure>\n<p><span data-contrast=\"auto\">Sobre YAGP, Isabela explica que \u00e9 uma vitrine para jovens bailarinos. \u201cS\u00f3 de estar participando das finais mundiais j\u00e1 \u00e9 uma experi\u00eancia incr\u00edvel. Ela ser\u00e1 vista por grandes professores e diretores de escolas do mundo todo e al\u00e9m de estar concorrendo a bolsas de estudo, vai poder ter contato com artistas e mestres de v\u00e1rios lugares diferentes, enriquecendo mais ainda sua trajet\u00f3ria na dan\u00e7a\u201d, finaliza.<\/span><span data-ccp-props=\"{&quot;201341983&quot;:0,&quot;335559739&quot;:160,&quot;335559740&quot;:259}\">\u00a0<\/span><\/p>\n<p><span data-contrast=\"auto\">\u201cEu dan\u00e7o quando estou triste para ficar feliz e quando estou feliz, para ficar mais feliz ainda\u201d, encerra Duda.<\/span><span data-ccp-props=\"{&quot;201341983&quot;:0,&quot;335559739&quot;:160,&quot;335559740&quot;:259}\">\u00a0<\/span><\/p>\n<p><span data-contrast=\"auto\">Quem quiser colaborar com o sonho de Duda em participar da etapa mundial do YAGP basta acessar a plataforma vakinha.com: <\/span><a href=\"https:\/\/www.vakinha.com.br\/4199560\"><span data-contrast=\"none\">https:\/\/www.vakinha.com.br\/4199560<\/span><\/a><span data-ccp-props=\"{&quot;201341983&quot;:0,&quot;335559739&quot;:160,&quot;335559740&quot;:259}\">\u00a0<\/span><\/p>\n<p><span data-ccp-props=\"{&quot;201341983&quot;:0,&quot;335559739&quot;:160,&quot;335559740&quot;:259}\">\u00a0<\/span><\/p>\n<p>\u00a0<\/p>\n<\/div>\n<p><script async src=\"\/\/platform.twitter.com\/widgets.js\" charset=\"utf-8\"><\/script><br \/>\n<br \/><br \/>\n<br \/><a href=\"https:\/\/www.tribunaribeirao.com.br\/site\/duda-quer-ganhar-o-mundo-com-sua-danca\/\">Source link <\/a><\/p>\n<!-- CONTENT END 1 -->\n","protected":false},"excerpt":{"rendered":"<p>26 de novembro de 2023 | 11:0025 de novembro de 2023 | 19:27 0 Por Fabiano Ribeiro\u00a0 S\u00e3o 20 horas semanais de dedica\u00e7\u00e3o \u00e0 dan\u00e7a&#8230;<\/p>\n","protected":false},"author":1,"featured_media":6630,"comment_status":"open","ping_status":"open","sticky":false,"template":"","format":"standard","meta":{"advanced_seo_description":"","jetpack_seo_html_title":"","jetpack_seo_noindex":false,"jetpack_post_was_ever_published":false,"_jetpack_newsletter_access":"","_jetpack_dont_email_post_to_subs":false,"_jetpack_newsletter_tier_id":0,"_jetpack_memberships_contains_paywalled_content":false,"_jetpack_memberships_contains_paid_content":false,"footnotes":"","jetpack_publicize_message":"","jetpack_publicize_feature_enabled":true,"jetpack_social_post_already_shared":true,"jetpack_social_options":{"image_generator_settings":{"template":"highway","default_image_id":0,"font":"","enabled":false},"version":2}},"categories":[11],"tags":[800,795,797,798,796,799],"class_list":["post-6629","post","type-post","status-publish","format-standard","has-post-thumbnail","hentry","category-noticias-de-ribeirao-preto-sp-e-regiao-ismael-colosi","tag-danca","tag-duda","tag-ganhar","tag-mundo","tag-quer","tag-sua"],"jetpack_publicize_connections":[],"jetpack_featured_media_url":"https:\/\/i0.wp.com\/noticiasribeiraopreto.com.br\/wp-content\/uploads\/2023\/11\/duda-scaled.jpg?fit=2560%2C1707&ssl=1","jetpack-related-posts":[{"id":79474,"url":"https:\/\/noticiasribeiraopreto.com.br\/index.php\/2025\/11\/02\/espetaculo-originario-traz-danca-ancestralidade-e-reflexao-a-rp\/","url_meta":{"origin":6629,"position":0},"title":"Espet\u00e1culo \u201cOrigin\u00e1rio\u201d traz dan\u00e7a, ancestralidade e reflex\u00e3o a RP","author":"noticiasribeiraopreto.com.br","date":"2 de November de 2025","format":false,"excerpt":"2 de novembro de 2025 12:001 de novembro de 2025 14:5413 Compartilhar0 Entre os dias 10 e 16 de novembro, Ribeir\u00e3o Preto recebe o espet\u00e1culo \u201cOrigin\u00e1rio\u201d, solo de dan\u00e7a do artista Lu\u00eds Silva, que prop\u00f5e uma imers\u00e3o em temas como ancestralidade, mem\u00f3ria e identidade. As apresenta\u00e7\u00f5es acontecem em escolas e\u2026","rel":"","context":"In &quot;Not\u00edcias de Ribeir\u00e3o Preto-SP e Regi\u00e3o&quot;","block_context":{"text":"Not\u00edcias de Ribeir\u00e3o Preto-SP e Regi\u00e3o","link":"https:\/\/noticiasribeiraopreto.com.br\/index.php\/category\/noticias-de-ribeirao-preto-sp-e-regiao-ismael-colosi\/"},"img":{"alt_text":"","src":"https:\/\/i0.wp.com\/noticiasribeiraopreto.com.br\/wp-content\/uploads\/2025\/11\/1-originario-Foto-Ana-Leopoldino-1-scaled.jpg?fit=1170%2C780&ssl=1&resize=350%2C200","width":350,"height":200,"srcset":"https:\/\/i0.wp.com\/noticiasribeiraopreto.com.br\/wp-content\/uploads\/2025\/11\/1-originario-Foto-Ana-Leopoldino-1-scaled.jpg?fit=1170%2C780&ssl=1&resize=350%2C200 1x, https:\/\/i0.wp.com\/noticiasribeiraopreto.com.br\/wp-content\/uploads\/2025\/11\/1-originario-Foto-Ana-Leopoldino-1-scaled.jpg?fit=1170%2C780&ssl=1&resize=525%2C300 1.5x, https:\/\/i0.wp.com\/noticiasribeiraopreto.com.br\/wp-content\/uploads\/2025\/11\/1-originario-Foto-Ana-Leopoldino-1-scaled.jpg?fit=1170%2C780&ssl=1&resize=700%2C400 2x, https:\/\/i0.wp.com\/noticiasribeiraopreto.com.br\/wp-content\/uploads\/2025\/11\/1-originario-Foto-Ana-Leopoldino-1-scaled.jpg?fit=1170%2C780&ssl=1&resize=1050%2C600 3x"},"classes":[]},{"id":79670,"url":"https:\/\/noticiasribeiraopreto.com.br\/index.php\/2025\/11\/05\/ribeirao-preto-recebe-temporada-de-espetaculo-de-danca-ainda-este-mes\/","url_meta":{"origin":6629,"position":1},"title":"Ribeir\u00e3o Preto recebe temporada de espet\u00e1culo de dan\u00e7a ainda este m\u00eas","author":"noticiasribeiraopreto.com.br","date":"5 de November de 2025","format":false,"excerpt":"Entre os dias 10 a 16 de novembro, Ribeir\u00e3o Preto recebe o espet\u00e1culo solo de dan\u00e7a \u201cOrigin\u00e1rio\u201d, com apresenta\u00e7\u00f5es gratuitas em escolas e outras abertas \u00e0 comunidade. A circula\u00e7\u00e3o conta com a presen\u00e7a do artista Lu\u00eds Silva e oficina de dan\u00e7a. O espet\u00e1culo simboliza a jornada de integra\u00e7\u00e3o na sociedade,\u2026","rel":"","context":"In &quot;Not\u00edcias de Ribeir\u00e3o Preto-SP e Regi\u00e3o&quot;","block_context":{"text":"Not\u00edcias de Ribeir\u00e3o Preto-SP e Regi\u00e3o","link":"https:\/\/noticiasribeiraopreto.com.br\/index.php\/category\/noticias-de-ribeirao-preto-sp-e-regiao-ismael-colosi\/"},"img":{"alt_text":"","src":"https:\/\/i0.wp.com\/noticiasribeiraopreto.com.br\/wp-content\/uploads\/2025\/11\/Foto-Ana-Leopoldino_2025-11-05_14-17-09.webp.webp?fit=1200%2C800&ssl=1&resize=350%2C200","width":350,"height":200,"srcset":"https:\/\/i0.wp.com\/noticiasribeiraopreto.com.br\/wp-content\/uploads\/2025\/11\/Foto-Ana-Leopoldino_2025-11-05_14-17-09.webp.webp?fit=1200%2C800&ssl=1&resize=350%2C200 1x, https:\/\/i0.wp.com\/noticiasribeiraopreto.com.br\/wp-content\/uploads\/2025\/11\/Foto-Ana-Leopoldino_2025-11-05_14-17-09.webp.webp?fit=1200%2C800&ssl=1&resize=525%2C300 1.5x, https:\/\/i0.wp.com\/noticiasribeiraopreto.com.br\/wp-content\/uploads\/2025\/11\/Foto-Ana-Leopoldino_2025-11-05_14-17-09.webp.webp?fit=1200%2C800&ssl=1&resize=700%2C400 2x, https:\/\/i0.wp.com\/noticiasribeiraopreto.com.br\/wp-content\/uploads\/2025\/11\/Foto-Ana-Leopoldino_2025-11-05_14-17-09.webp.webp?fit=1200%2C800&ssl=1&resize=1050%2C600 3x"},"classes":[]},{"id":73483,"url":"https:\/\/noticiasribeiraopreto.com.br\/index.php\/2025\/07\/03\/quer-ganhar-um-ano-de-pizza-veja-como-participar-do-concurso-cultural-do-acidade-on\/","url_meta":{"origin":6629,"position":2},"title":"Quer ganhar um ano de pizza? Veja como participar do concurso cultural do acidade on","author":"noticiasribeiraopreto.com.br","date":"3 de July de 2025","format":false,"excerpt":"O portal acidade on lan\u00e7ou o concurso cultural Dia da Pizza em parceria com a Casa Falaguasta, e o pr\u00eamio \u00e9 incr\u00edvel: um ano de pizza gr\u00e1tis! Como participar? Qualquer pessoa pode participar do concurso\u00a0e \u00e9 bem f\u00e1cil: basta acessar a publica\u00e7\u00e3o abaixo no Instagram do acidade on e responder\u2026","rel":"","context":"In &quot;Not\u00edcias de Ribeir\u00e3o Preto-SP e Regi\u00e3o&quot;","block_context":{"text":"Not\u00edcias de Ribeir\u00e3o Preto-SP e Regi\u00e3o","link":"https:\/\/noticiasribeiraopreto.com.br\/index.php\/category\/noticias-de-ribeirao-preto-sp-e-regiao-ismael-colosi\/"},"img":{"alt_text":"","src":"https:\/\/i0.wp.com\/noticiasribeiraopreto.com.br\/wp-content\/uploads\/2025\/07\/pizza-3010062_1920_2025-07-02_16-56-22.webp.webp?fit=1200%2C801&ssl=1&resize=350%2C200","width":350,"height":200,"srcset":"https:\/\/i0.wp.com\/noticiasribeiraopreto.com.br\/wp-content\/uploads\/2025\/07\/pizza-3010062_1920_2025-07-02_16-56-22.webp.webp?fit=1200%2C801&ssl=1&resize=350%2C200 1x, https:\/\/i0.wp.com\/noticiasribeiraopreto.com.br\/wp-content\/uploads\/2025\/07\/pizza-3010062_1920_2025-07-02_16-56-22.webp.webp?fit=1200%2C801&ssl=1&resize=525%2C300 1.5x, https:\/\/i0.wp.com\/noticiasribeiraopreto.com.br\/wp-content\/uploads\/2025\/07\/pizza-3010062_1920_2025-07-02_16-56-22.webp.webp?fit=1200%2C801&ssl=1&resize=700%2C400 2x, https:\/\/i0.wp.com\/noticiasribeiraopreto.com.br\/wp-content\/uploads\/2025\/07\/pizza-3010062_1920_2025-07-02_16-56-22.webp.webp?fit=1200%2C801&ssl=1&resize=1050%2C600 3x"},"classes":[]},{"id":75595,"url":"https:\/\/noticiasribeiraopreto.com.br\/index.php\/2025\/08\/12\/ribeirao-preto-recebe-espetaculo-de-danca-sobre-a-imigracao-japonesa\/","url_meta":{"origin":6629,"position":3},"title":"Ribeir\u00e3o Preto recebe espet\u00e1culo de dan\u00e7a sobre a imigra\u00e7\u00e3o japonesa","author":"noticiasribeiraopreto.com.br","date":"12 de August de 2025","format":false,"excerpt":"O Teatro Municipal de Ribeir\u00e3o Preto recebe neste domingo (17), \u00e0s 18h, o espet\u00e1culo de dan\u00e7a \u201cArigat\u00f4\u2026 Sayonara\u201d, que narra a historia da imigra\u00e7\u00e3o japonesa no Brasil. Al\u00e9m disso, tamb\u00e9m acontece uma oficina de dan\u00e7a contempor\u00e2nea gratuita ministrada pelo grupo. O espet\u00e1culo \u00e9 inspirado na linhagem familiar da diretora art\u00edstica\u2026","rel":"","context":"In &quot;Not\u00edcias de Ribeir\u00e3o Preto-SP e Regi\u00e3o&quot;","block_context":{"text":"Not\u00edcias de Ribeir\u00e3o Preto-SP e Regi\u00e3o","link":"https:\/\/noticiasribeiraopreto.com.br\/index.php\/category\/noticias-de-ribeirao-preto-sp-e-regiao-ismael-colosi\/"},"img":{"alt_text":"","src":"https:\/\/i0.wp.com\/noticiasribeiraopreto.com.br\/wp-content\/uploads\/2025\/08\/Arigato-Sayonara-de-Erika-Novachi-Foto-Juliana-Hilal-_2025-08-12_14-50-23.webp.webp?fit=1200%2C800&ssl=1&resize=350%2C200","width":350,"height":200,"srcset":"https:\/\/i0.wp.com\/noticiasribeiraopreto.com.br\/wp-content\/uploads\/2025\/08\/Arigato-Sayonara-de-Erika-Novachi-Foto-Juliana-Hilal-_2025-08-12_14-50-23.webp.webp?fit=1200%2C800&ssl=1&resize=350%2C200 1x, https:\/\/i0.wp.com\/noticiasribeiraopreto.com.br\/wp-content\/uploads\/2025\/08\/Arigato-Sayonara-de-Erika-Novachi-Foto-Juliana-Hilal-_2025-08-12_14-50-23.webp.webp?fit=1200%2C800&ssl=1&resize=525%2C300 1.5x, https:\/\/i0.wp.com\/noticiasribeiraopreto.com.br\/wp-content\/uploads\/2025\/08\/Arigato-Sayonara-de-Erika-Novachi-Foto-Juliana-Hilal-_2025-08-12_14-50-23.webp.webp?fit=1200%2C800&ssl=1&resize=700%2C400 2x, https:\/\/i0.wp.com\/noticiasribeiraopreto.com.br\/wp-content\/uploads\/2025\/08\/Arigato-Sayonara-de-Erika-Novachi-Foto-Juliana-Hilal-_2025-08-12_14-50-23.webp.webp?fit=1200%2C800&ssl=1&resize=1050%2C600 3x"},"classes":[]},{"id":60316,"url":"https:\/\/noticiasribeiraopreto.com.br\/index.php\/2024\/11\/11\/sesi-ribeirao-preto-recebe-espetaculo-de-danca-com-entrada-gratuita\/","url_meta":{"origin":6629,"position":4},"title":"Sesi Ribeir\u00e3o Preto recebe espet\u00e1culo de dan\u00e7a com entrada gratuita","author":"noticiasribeiraopreto.com.br","date":"11 de November de 2024","format":false,"excerpt":"O Centro Cultural Sesi Ribeir\u00e3o Preto recebe, entre os dias 15 e 17 de novembro, o espet\u00e1culo Ou 9 ou 80, que utiliza o passinho e o funk para narrar as hist\u00f3rias de dois crimes que marcaram o Rio de Janeiro e S\u00e3o Paulo. A entrada \u00e9 gratuita e aberta\u2026","rel":"","context":"In &quot;Not\u00edcias de Ribeir\u00e3o Preto-SP e Regi\u00e3o&quot;","block_context":{"text":"Not\u00edcias de Ribeir\u00e3o Preto-SP e Regi\u00e3o","link":"https:\/\/noticiasribeiraopreto.com.br\/index.php\/category\/noticias-de-ribeirao-preto-sp-e-regiao-ismael-colosi\/"},"img":{"alt_text":"","src":"https:\/\/i0.wp.com\/noticiasribeiraopreto.com.br\/wp-content\/uploads\/2024\/11\/c80697f7-971e-42ca-affe-a6d1553c27c6_2024-11-11_13-41-57_png_2024-11-11_13-41-57.webp.webp?fit=1066%2C600&ssl=1&resize=350%2C200","width":350,"height":200,"srcset":"https:\/\/i0.wp.com\/noticiasribeiraopreto.com.br\/wp-content\/uploads\/2024\/11\/c80697f7-971e-42ca-affe-a6d1553c27c6_2024-11-11_13-41-57_png_2024-11-11_13-41-57.webp.webp?fit=1066%2C600&ssl=1&resize=350%2C200 1x, https:\/\/i0.wp.com\/noticiasribeiraopreto.com.br\/wp-content\/uploads\/2024\/11\/c80697f7-971e-42ca-affe-a6d1553c27c6_2024-11-11_13-41-57_png_2024-11-11_13-41-57.webp.webp?fit=1066%2C600&ssl=1&resize=525%2C300 1.5x, https:\/\/i0.wp.com\/noticiasribeiraopreto.com.br\/wp-content\/uploads\/2024\/11\/c80697f7-971e-42ca-affe-a6d1553c27c6_2024-11-11_13-41-57_png_2024-11-11_13-41-57.webp.webp?fit=1066%2C600&ssl=1&resize=700%2C400 2x, https:\/\/i0.wp.com\/noticiasribeiraopreto.com.br\/wp-content\/uploads\/2024\/11\/c80697f7-971e-42ca-affe-a6d1553c27c6_2024-11-11_13-41-57_png_2024-11-11_13-41-57.webp.webp?fit=1066%2C600&ssl=1&resize=1050%2C600 3x"},"classes":[]},{"id":66340,"url":"https:\/\/noticiasribeiraopreto.com.br\/index.php\/2025\/03\/31\/escola-do-teatro-bolshoi-no-brasil-celebra-25-anos-de-formacao-artistica\/","url_meta":{"origin":6629,"position":5},"title":"Escola do Teatro Bolshoi no Brasil Celebra 25 Anos de Forma\u00e7\u00e3o Art\u00edstica","author":"noticiasribeiraopreto.com.br","date":"31 de March de 2025","format":false,"excerpt":"A Escola do Teatro Bolshoi no Brasil, localizada em Joinville, Santa Catarina, comemora 25 anos de atividades dedicadas \u00e0 forma\u00e7\u00e3o de bailarinos e \u00e0 difus\u00e3o da arte-educa\u00e7\u00e3o. Fundada em 15 de mar\u00e7o de 2000, \u00e9 a \u00fanica filial do prestigioso Teatro Bolshoi russo, oferecendo ensino gratuito e benef\u00edcios como alimenta\u00e7\u00e3o,\u2026","rel":"","context":"In &quot;Not\u00edcias de Ribeir\u00e3o Preto-SP e Regi\u00e3o&quot;","block_context":{"text":"Not\u00edcias de Ribeir\u00e3o Preto-SP e Regi\u00e3o","link":"https:\/\/noticiasribeiraopreto.com.br\/index.php\/category\/noticias-de-ribeirao-preto-sp-e-regiao-ismael-colosi\/"},"img":{"alt_text":"","src":"https:\/\/i0.wp.com\/noticiasribeiraopreto.com.br\/wp-content\/uploads\/2025\/03\/bruno_miranda_arquivo_pessoal.webp.webp?fit=1170%2C700&ssl=1&resize=350%2C200","width":350,"height":200,"srcset":"https:\/\/i0.wp.com\/noticiasribeiraopreto.com.br\/wp-content\/uploads\/2025\/03\/bruno_miranda_arquivo_pessoal.webp.webp?fit=1170%2C700&ssl=1&resize=350%2C200 1x, https:\/\/i0.wp.com\/noticiasribeiraopreto.com.br\/wp-content\/uploads\/2025\/03\/bruno_miranda_arquivo_pessoal.webp.webp?fit=1170%2C700&ssl=1&resize=525%2C300 1.5x, https:\/\/i0.wp.com\/noticiasribeiraopreto.com.br\/wp-content\/uploads\/2025\/03\/bruno_miranda_arquivo_pessoal.webp.webp?fit=1170%2C700&ssl=1&resize=700%2C400 2x, https:\/\/i0.wp.com\/noticiasribeiraopreto.com.br\/wp-content\/uploads\/2025\/03\/bruno_miranda_arquivo_pessoal.webp.webp?fit=1170%2C700&ssl=1&resize=1050%2C600 3x"},"classes":[]}],"jetpack_sharing_enabled":true,"jetpack_shortlink":"https:\/\/wp.me\/peQAOb-1IV","_links":{"self":[{"href":"https:\/\/noticiasribeiraopreto.com.br\/index.php\/wp-json\/wp\/v2\/posts\/6629","targetHints":{"allow":["GET"]}}],"collection":[{"href":"https:\/\/noticiasribeiraopreto.com.br\/index.php\/wp-json\/wp\/v2\/posts"}],"about":[{"href":"https:\/\/noticiasribeiraopreto.com.br\/index.php\/wp-json\/wp\/v2\/types\/post"}],"author":[{"embeddable":true,"href":"https:\/\/noticiasribeiraopreto.com.br\/index.php\/wp-json\/wp\/v2\/users\/1"}],"replies":[{"embeddable":true,"href":"https:\/\/noticiasribeiraopreto.com.br\/index.php\/wp-json\/wp\/v2\/comments?post=6629"}],"version-history":[{"count":0,"href":"https:\/\/noticiasribeiraopreto.com.br\/index.php\/wp-json\/wp\/v2\/posts\/6629\/revisions"}],"wp:featuredmedia":[{"embeddable":true,"href":"https:\/\/noticiasribeiraopreto.com.br\/index.php\/wp-json\/wp\/v2\/media\/6630"}],"wp:attachment":[{"href":"https:\/\/noticiasribeiraopreto.com.br\/index.php\/wp-json\/wp\/v2\/media?parent=6629"}],"wp:term":[{"taxonomy":"category","embeddable":true,"href":"https:\/\/noticiasribeiraopreto.com.br\/index.php\/wp-json\/wp\/v2\/categories?post=6629"},{"taxonomy":"post_tag","embeddable":true,"href":"https:\/\/noticiasribeiraopreto.com.br\/index.php\/wp-json\/wp\/v2\/tags?post=6629"}],"curies":[{"name":"wp","href":"https:\/\/api.w.org\/{rel}","templated":true}]}}