{"id":66335,"date":"2025-03-31T06:21:51","date_gmt":"2025-03-31T09:21:51","guid":{"rendered":"https:\/\/noticiasribeiraopreto.com.br\/index.php\/2025\/03\/31\/documentos-necessarios-para-a-declaracao-do-imposto-de-renda-2025\/"},"modified":"2025-03-31T06:21:51","modified_gmt":"2025-03-31T09:21:51","slug":"documentos-necessarios-para-a-declaracao-do-imposto-de-renda-2025","status":"publish","type":"post","link":"https:\/\/noticiasribeiraopreto.com.br\/index.php\/2025\/03\/31\/documentos-necessarios-para-a-declaracao-do-imposto-de-renda-2025\/","title":{"rendered":"Documentos Necess\u00e1rios para a Declara\u00e7\u00e3o do Imposto de Renda 2025"},"content":{"rendered":"<div class='code-block code-block-1' style='margin: 8px 0 8px auto; text-align: right; display: block; clear: both;'>\n<p><a href=\"https:\/\/wa.link\/vpicfd\"><img data-recalc-dims=\"1\" class=\"wp-image-4922\" style=\"aspect-ratio: 2.0253164556962027; width: 561px; height: auto;\" src=\"https:\/\/i0.wp.com\/ismaelcolosi.com.br\/wp-content\/uploads\/2023\/11\/grupo-de-empregos-whatsapp-e-facebook-ismael-colosi-vagas.jpg?ssl=1\" alt=\"\" \/><\/a><\/p>\n<!-- \/wp:image -->\n<\/div>\n<p> <br \/>\n<\/p>\n<div>\n<p class=\"\" data-start=\"71\" data-end=\"228\"><span class=\"relative -mx-px my-[-0.2rem] rounded px-px py-[0.2rem]\">A Declara\u00e7\u00e3o do Imposto de Renda na modalidade pr\u00e9-preenchida, dispon\u00edvel desde 2022, facilitou a tarefa de prestar contas ao Fisco.<\/span> <span class=\"relative -mx-px my-[-0.2rem] rounded px-px py-[0.2rem]\">Por\u00e9m, \u00e9 necess\u00e1rio ter em m\u00e3os alguns documentos na hora de declarar.<\/span> \u200b<\/p>\n<p class=\"\" data-start=\"230\" data-end=\"349\"><span class=\"relative -mx-px my-[-0.2rem] rounded px-px py-[0.2rem]\">Para come\u00e7ar, \u00e9 preciso reunir documentos b\u00e1sicos: CPF do titular e dos dependentes, comprovante de endere\u00e7o, de atividade profissional e dados banc\u00e1rios.<\/span> \u200b<\/p>\n<p class=\"\" data-start=\"351\" data-end=\"470\"><span class=\"relative -mx-px my-[-0.2rem] rounded px-px py-[0.2rem]\">A depender dos ganhos, bens e despesas dedut\u00edveis, o restante da lista pode variar.<\/span> <span class=\"relative -mx-px my-[-0.2rem] rounded px-px py-[0.2rem]\">Veja alguns documentos necess\u00e1rios:<\/span>\u200b<\/p>\n<ul data-start=\"472\" data-end=\"1013\">\n<li class=\"\" data-start=\"472\" data-end=\"576\">\n<p class=\"\" data-start=\"474\" data-end=\"576\"><strong data-start=\"474\" data-end=\"489\">Rendimentos<\/strong>: <span class=\"relative -mx-px my-[-0.2rem] rounded px-px py-[0.2rem]\">sal\u00e1rios ou aposentadoria, alugu\u00e9is, aplica\u00e7\u00f5es financeiras, rendimentos de empresas das quais voc\u00ea \u00e9 s\u00f3cio ou outros rendimentos, pens\u00e3o ou trabalho aut\u00f4nomo.<\/span>\u200b<\/p>\n<\/li>\n<li class=\"\" data-start=\"578\" data-end=\"675\">\n<p class=\"\" data-start=\"580\" data-end=\"675\"><strong data-start=\"580\" data-end=\"588\">Bens<\/strong>: <span class=\"relative -mx-px my-[-0.2rem] rounded px-px py-[0.2rem]\">escrituras de im\u00f3veis, documentos de ve\u00edculos, saldos banc\u00e1rios e cotas de empresas, caso voc\u00ea seja s\u00f3cio.<\/span>\u200b<\/p>\n<\/li>\n<li class=\"\" data-start=\"677\" data-end=\"775\">\n<p class=\"\" data-start=\"679\" data-end=\"775\"><strong data-start=\"679\" data-end=\"688\">Sa\u00fade<\/strong>: <span class=\"relative -mx-px my-[-0.2rem] rounded px-px py-[0.2rem]\">comprovantes de despesas m\u00e9dicas, odontol\u00f3gicas, psicol\u00f3gicas, fisioter\u00e1picas e planos de sa\u00fade.<\/span><\/p>\n<\/li>\n<li class=\"\" data-start=\"777\" data-end=\"878\">\n<p class=\"\" data-start=\"779\" data-end=\"878\"><strong data-start=\"779\" data-end=\"791\">Educa\u00e7\u00e3o<\/strong>: <span class=\"relative -mx-px my-[-0.2rem] rounded px-px py-[0.2rem]\">comprovantes de pagamento de mensalidades escolares.<\/span>\u200b<\/p>\n<\/li>\n<li class=\"\" data-start=\"880\" data-end=\"1013\">\n<p class=\"\" data-start=\"882\" data-end=\"1013\"><strong data-start=\"882\" data-end=\"926\">Pens\u00e3o aliment\u00edcia e previd\u00eancia privada<\/strong>: <span class=\"relative -mx-px my-[-0.2rem] rounded px-px py-[0.2rem]\">comprovantes dos pagamentos efetuados.<\/span>\u200b<\/p>\n<\/li>\n<\/ul>\n<p class=\"\" data-start=\"1015\" data-end=\"1180\"><span class=\"relative -mx-px my-[-0.2rem] rounded px-px py-[0.2rem]\">Um dos documentos mais importantes \u00e9 o informe de rendimentos, que comprova alguns dos seus ganhos de 2024.<\/span> <span class=\"relative -mx-px my-[-0.2rem] rounded px-px py-[0.2rem]\">As empresas foram obrigadas a enviar o comprovante de rendimentos at\u00e9 o dia 28 de fevereiro deste ano.<\/span> \u200b<\/p>\n<p class=\"\" data-start=\"1182\" data-end=\"1237\"><strong data-start=\"1182\" data-end=\"1237\">Como Evitar Erros na Declara\u00e7\u00e3o do Imposto de Renda<\/strong><\/p>\n<p class=\"\" data-start=\"1239\" data-end=\"1347\"><span class=\"relative -mx-px my-[-0.2rem] rounded px-px py-[0.2rem]\">Erros na declara\u00e7\u00e3o podem levar o contribuinte a cair na malha fina da Receita Federal.<\/span> Para evitar problemas:\u200b<\/p>\n<ul data-start=\"1349\" data-end=\"1980\">\n<li class=\"\" data-start=\"1349\" data-end=\"1523\">\n<p class=\"\" data-start=\"1351\" data-end=\"1523\"><strong data-start=\"1351\" data-end=\"1396\">Organize seus documentos com anteced\u00eancia<\/strong>: <span class=\"relative -mx-px my-[-0.2rem] rounded px-px py-[0.2rem]\">Re\u00fana todos os comprovantes necess\u00e1rios antes de iniciar o preenchimento da declara\u00e7\u00e3o.<\/span> \u200b<\/p>\n<\/li>\n<li class=\"\" data-start=\"1525\" data-end=\"1646\">\n<p class=\"\" data-start=\"1527\" data-end=\"1646\"><strong data-start=\"1527\" data-end=\"1559\">Informe todos os rendimentos<\/strong>: <span class=\"relative -mx-px my-[-0.2rem] rounded px-px py-[0.2rem]\">Seja transparente e inclua todas as fontes de renda, mesmo aquelas isentas ou n\u00e3o tribut\u00e1veis.<\/span>\u200b<\/p>\n<\/li>\n<li class=\"\" data-start=\"1648\" data-end=\"1815\">\n<p class=\"\" data-start=\"1650\" data-end=\"1815\"><strong data-start=\"1650\" data-end=\"1688\">Revise a declara\u00e7\u00e3o antes do envio<\/strong>: <span class=\"relative -mx-px my-[-0.2rem] rounded px-px py-[0.2rem]\">Verifique se todas as informa\u00e7\u00f5es est\u00e3o corretas e completas.<\/span> \u200b<\/p>\n<\/li>\n<li class=\"\" data-start=\"1817\" data-end=\"1980\">\n<p class=\"\" data-start=\"1819\" data-end=\"1980\"><strong data-start=\"1819\" data-end=\"1853\">Atualize seus dados cadastrais<\/strong>: <span class=\"relative -mx-px my-[-0.2rem] rounded px-px py-[0.2rem]\">Certifique-se de que informa\u00e7\u00f5es como endere\u00e7o e conta banc\u00e1ria est\u00e3o atualizadas.<\/span> \u200b<span class=\"relative -mx-px my-[-0.2rem] rounded px-px py-[0.2rem]\"> corre\u00e7\u00e3o necess\u00e1ria.<\/span> <span class=\"relative -mx-px my-[-0.2rem] rounded px-px py-[0.2rem]\">Lembre-se de que a restitui\u00e7\u00e3o s\u00f3 ser\u00e1 liberada ap\u00f3s a resolu\u00e7\u00e3o das pend\u00eancias.<\/span> \u200b<\/p>\n<\/li>\n<\/ul>\n<p class=\"\" data-start=\"2149\" data-end=\"2234\"><span class=\"relative -mx-px my-[-0.2rem] rounded px-px py-[0.2rem]\">Para mais informa\u00e7\u00f5es e orienta\u00e7\u00f5es, consulte o site oficial da Receita Federal ou procure um profissional especializado.<\/span><\/p>\n<p>&#13;<br \/>\n\t\t\t\t<span class=\"post-views-icon dashicons dashicons-chart-bar\"\/> <span class=\"post-views-label\">Visualiza\u00e7\u00f5es:<\/span> <span class=\"post-views-count\">11<\/span>&#13;\n\t\t\t<\/p>\n<\/p><\/div>\n<p><br \/>\n<br \/><a href=\"https:\/\/folhaderibeirao.com.br\/2025\/03\/31\/documentos-necessarios-para-a-declaracao-do-imposto-de-renda-2025\/\">Source link <\/a><\/p>\n<!-- CONTENT END 1 -->\n","protected":false},"excerpt":{"rendered":"<p>A Declara\u00e7\u00e3o do Imposto de Renda na modalidade pr\u00e9-preenchida, dispon\u00edvel desde 2022, facilitou a tarefa de prestar contas ao Fisco. Por\u00e9m, \u00e9 necess\u00e1rio ter em&#8230;<\/p>\n","protected":false},"author":1,"featured_media":65677,"comment_status":"open","ping_status":"open","sticky":false,"template":"","format":"standard","meta":{"advanced_seo_description":"","jetpack_seo_html_title":"","jetpack_seo_noindex":false,"jetpack_post_was_ever_published":false,"_jetpack_newsletter_access":"","_jetpack_dont_email_post_to_subs":false,"_jetpack_newsletter_tier_id":0,"_jetpack_memberships_contains_paywalled_content":false,"_jetpack_memberships_contains_paid_content":false,"footnotes":"","jetpack_publicize_message":"","jetpack_publicize_feature_enabled":true,"jetpack_social_post_already_shared":true,"jetpack_social_options":{"image_generator_settings":{"template":"highway","default_image_id":0,"font":"","enabled":false},"version":2}},"categories":[11],"tags":[4288,3363,596,5006,71,2550],"class_list":["post-66335","post","type-post","status-publish","format-standard","has-post-thumbnail","hentry","category-noticias-de-ribeirao-preto-sp-e-regiao-ismael-colosi","tag-declaracao","tag-documentos","tag-imposto","tag-necessarios","tag-para","tag-renda"],"jetpack_publicize_connections":[],"jetpack_featured_media_url":"https:\/\/i0.wp.com\/noticiasribeiraopreto.com.br\/wp-content\/uploads\/2025\/03\/mg_7893.webp.webp?fit=1170%2C700&ssl=1","jetpack-related-posts":[{"id":20465,"url":"https:\/\/noticiasribeiraopreto.com.br\/index.php\/2023\/12\/25\/preparacao-para-o-imposto-de-renda-2024-documentos-essenciais-para-evitar-prejuizos\/","url_meta":{"origin":66335,"position":0},"title":"Prepara\u00e7\u00e3o para o Imposto de Renda 2024: documentos essenciais para evitar preju\u00edzos","author":"noticiasribeiraopreto.com.br","date":"25 de December de 2023","format":false,"excerpt":"Embora possa parecer precoce, aqueles que se antecipam conseguem apresentar sua declara\u00e7\u00e3o do Imposto de Renda no in\u00edcio do prazo, o que proporciona benef\u00edcios significativos, como a libera\u00e7\u00e3o da restitui\u00e7\u00e3o nos primeiros lotes. Para garantir que nenhuma pend\u00eancia fique em seu nome, \u00e9 aconselh\u00e1vel come\u00e7ar imediatamente a reunir os documentos\u2026","rel":"","context":"In &quot;Vagas de Emprego em Ribeir\u00e3o Preto-SP&quot;","block_context":{"text":"Vagas de Emprego em Ribeir\u00e3o Preto-SP","link":"https:\/\/noticiasribeiraopreto.com.br\/index.php\/category\/empregos-classificados-vagas-trabalho\/vagas-de-empregos-em-ribeirao-preto-regiao-brasil\/"},"img":{"alt_text":"","src":"https:\/\/i0.wp.com\/noticiasribeiraopreto.com.br\/wp-content\/uploads\/2023\/12\/noticiasconcursos.com_.br-preparacao-para-o-imposto-de-renda-2024-documentos-essenciais-para-evitar-prejuizos-imposto-de-renda.jpg?fit=830%2C456&ssl=1&resize=350%2C200","width":350,"height":200,"srcset":"https:\/\/i0.wp.com\/noticiasribeiraopreto.com.br\/wp-content\/uploads\/2023\/12\/noticiasconcursos.com_.br-preparacao-para-o-imposto-de-renda-2024-documentos-essenciais-para-evitar-prejuizos-imposto-de-renda.jpg?fit=830%2C456&ssl=1&resize=350%2C200 1x, https:\/\/i0.wp.com\/noticiasribeiraopreto.com.br\/wp-content\/uploads\/2023\/12\/noticiasconcursos.com_.br-preparacao-para-o-imposto-de-renda-2024-documentos-essenciais-para-evitar-prejuizos-imposto-de-renda.jpg?fit=830%2C456&ssl=1&resize=525%2C300 1.5x, https:\/\/i0.wp.com\/noticiasribeiraopreto.com.br\/wp-content\/uploads\/2023\/12\/noticiasconcursos.com_.br-preparacao-para-o-imposto-de-renda-2024-documentos-essenciais-para-evitar-prejuizos-imposto-de-renda.jpg?fit=830%2C456&ssl=1&resize=700%2C400 2x"},"classes":[]},{"id":20561,"url":"https:\/\/noticiasribeiraopreto.com.br\/index.php\/2023\/12\/25\/imposto-de-renda-2024-quando-vai-iniciar-o-periodo-para-declaracao\/","url_meta":{"origin":66335,"position":1},"title":"Imposto de Renda 2024: Quando vai iniciar o per\u00edodo para declara\u00e7\u00e3o?","author":"noticiasribeiraopreto.com.br","date":"25 de December de 2023","format":false,"excerpt":"O Imposto de Renda para o ano de 2024 est\u00e1 pr\u00f3ximo, marcando mais um per\u00edodo de declara\u00e7\u00e3o fiscal. Ficar atento \u00e9 crucial para n\u00e3o perder os prazos importantes junto \u00e0 Receita Federal. Atualmente, nessa declara\u00e7\u00e3o anual \u00e0 Receita Federal, s\u00e3o minuciosamente descritos os rendimentos do ano anterior, abarcando sal\u00e1rios, alugu\u00e9is,\u2026","rel":"","context":"In &quot;Vagas de Emprego em Ribeir\u00e3o Preto-SP&quot;","block_context":{"text":"Vagas de Emprego em Ribeir\u00e3o Preto-SP","link":"https:\/\/noticiasribeiraopreto.com.br\/index.php\/category\/empregos-classificados-vagas-trabalho\/vagas-de-empregos-em-ribeirao-preto-regiao-brasil\/"},"img":{"alt_text":"","src":"","width":0,"height":0},"classes":[]},{"id":83302,"url":"https:\/\/noticiasribeiraopreto.com.br\/index.php\/2026\/03\/15\/declaracao-do-imposto-de-renda-2026-vai-comecar-saiba-quem-precisa-declarar-e-como-se-organizar\/","url_meta":{"origin":66335,"position":2},"title":"Declara\u00e7\u00e3o do Imposto de Renda 2026 vai come\u00e7ar: saiba quem precisa declarar e como se organizar","author":"noticiasribeiraopreto.com.br","date":"15 de March de 2026","format":false,"excerpt":"A Receita Federal divulga nesta segunda-feira (16) as regras para a declara\u00e7\u00e3o do Imposto de Renda Pessoa F\u00edsica (IRPF) 2026. Apesar de o calend\u00e1rio oficial ainda n\u00e3o ter sido divulgado, a expectativa \u00e9 de que o prazo para entregar a declara\u00e7\u00e3o comece em 16 de maio e v\u00e1 at\u00e9 29\u2026","rel":"","context":"In &quot;Not\u00edcias de Ribeir\u00e3o Preto-SP e Regi\u00e3o&quot;","block_context":{"text":"Not\u00edcias de Ribeir\u00e3o Preto-SP e Regi\u00e3o","link":"https:\/\/noticiasribeiraopreto.com.br\/index.php\/category\/noticias-de-ribeirao-preto-sp-e-regiao-ismael-colosi\/"},"img":{"alt_text":"","src":"https:\/\/i0.wp.com\/noticiasribeiraopreto.com.br\/wp-content\/uploads\/2026\/01\/mg_7893.webp.webp?fit=1170%2C700&ssl=1&resize=350%2C200","width":350,"height":200,"srcset":"https:\/\/i0.wp.com\/noticiasribeiraopreto.com.br\/wp-content\/uploads\/2026\/01\/mg_7893.webp.webp?fit=1170%2C700&ssl=1&resize=350%2C200 1x, https:\/\/i0.wp.com\/noticiasribeiraopreto.com.br\/wp-content\/uploads\/2026\/01\/mg_7893.webp.webp?fit=1170%2C700&ssl=1&resize=525%2C300 1.5x, https:\/\/i0.wp.com\/noticiasribeiraopreto.com.br\/wp-content\/uploads\/2026\/01\/mg_7893.webp.webp?fit=1170%2C700&ssl=1&resize=700%2C400 2x, https:\/\/i0.wp.com\/noticiasribeiraopreto.com.br\/wp-content\/uploads\/2026\/01\/mg_7893.webp.webp?fit=1170%2C700&ssl=1&resize=1050%2C600 3x"},"classes":[]},{"id":59460,"url":"https:\/\/noticiasribeiraopreto.com.br\/index.php\/2024\/10\/24\/receita-federal-abre-consulta-ao-lote-da-malha-fina-do-imposto-de-renda\/","url_meta":{"origin":66335,"position":3},"title":"Receita Federal Abre Consulta ao Lote da Malha Fina do Imposto de Renda","author":"noticiasribeiraopreto.com.br","date":"24 de October de 2024","format":false,"excerpt":"A Receita Federal abriu a consulta ao novo lote da malha fina do Imposto de Renda de 2024. Contribuintes de todo o pa\u00eds j\u00e1 podem acessar o portal da Receita para verificar se suas declara\u00e7\u00f5es ficaram retidas para an\u00e1lise mais detalhada. A reten\u00e7\u00e3o na malha fina ocorre quando s\u00e3o identificadas\u2026","rel":"","context":"In &quot;Not\u00edcias de Ribeir\u00e3o Preto-SP e Regi\u00e3o&quot;","block_context":{"text":"Not\u00edcias de Ribeir\u00e3o Preto-SP e Regi\u00e3o","link":"https:\/\/noticiasribeiraopreto.com.br\/index.php\/category\/noticias-de-ribeirao-preto-sp-e-regiao-ismael-colosi\/"},"img":{"alt_text":"","src":"https:\/\/i0.wp.com\/noticiasribeiraopreto.com.br\/wp-content\/uploads\/2024\/10\/irpf_2024_-_6_0.webp.webp?fit=1170%2C700&ssl=1&resize=350%2C200","width":350,"height":200,"srcset":"https:\/\/i0.wp.com\/noticiasribeiraopreto.com.br\/wp-content\/uploads\/2024\/10\/irpf_2024_-_6_0.webp.webp?fit=1170%2C700&ssl=1&resize=350%2C200 1x, https:\/\/i0.wp.com\/noticiasribeiraopreto.com.br\/wp-content\/uploads\/2024\/10\/irpf_2024_-_6_0.webp.webp?fit=1170%2C700&ssl=1&resize=525%2C300 1.5x, https:\/\/i0.wp.com\/noticiasribeiraopreto.com.br\/wp-content\/uploads\/2024\/10\/irpf_2024_-_6_0.webp.webp?fit=1170%2C700&ssl=1&resize=700%2C400 2x, https:\/\/i0.wp.com\/noticiasribeiraopreto.com.br\/wp-content\/uploads\/2024\/10\/irpf_2024_-_6_0.webp.webp?fit=1170%2C700&ssl=1&resize=1050%2C600 3x"},"classes":[]},{"id":22908,"url":"https:\/\/noticiasribeiraopreto.com.br\/index.php\/2023\/12\/31\/calendario-do-imposto-de-renda-2024-saiba-as-datas-e-as-novidades\/","url_meta":{"origin":66335,"position":4},"title":"Calend\u00e1rio do Imposto de Renda 2024: saiba as datas e as novidades","author":"noticiasribeiraopreto.com.br","date":"31 de December de 2023","format":false,"excerpt":"Enfim, a\u00a0Receita Federal divulgou as regras para a declara\u00e7\u00e3o do Imposto de Renda 2024, programando melhorias na declara\u00e7\u00e3o pr\u00e9-preenchida e altera\u00e7\u00f5es em outros setores para o pr\u00f3ximo ano. Aqui est\u00e1 o que mudou. Per\u00edodo de entrega da declara\u00e7\u00e3o do Imposto de Renda 2024 Tal qual, o per\u00edodo para a entrega\u2026","rel":"","context":"In &quot;Vagas de Emprego em Ribeir\u00e3o Preto-SP&quot;","block_context":{"text":"Vagas de Emprego em Ribeir\u00e3o Preto-SP","link":"https:\/\/noticiasribeiraopreto.com.br\/index.php\/category\/empregos-classificados-vagas-trabalho\/vagas-de-empregos-em-ribeirao-preto-regiao-brasil\/"},"img":{"alt_text":"","src":"","width":0,"height":0},"classes":[]},{"id":82840,"url":"https:\/\/noticiasribeiraopreto.com.br\/index.php\/2026\/02\/28\/quando-comeca-a-declaracao-do-imposto-de-renda-2026\/","url_meta":{"origin":66335,"position":5},"title":"Quando come\u00e7a a declara\u00e7\u00e3o do Imposto de Renda 2026?","author":"noticiasribeiraopreto.com.br","date":"28 de February de 2026","format":false,"excerpt":"A Receita Federal deve abrir o per\u00edodo de entrega da Declara\u00e7\u00e3o do Imposto de Renda 2026 (ano-base 2025) na segunda quinzena de mar\u00e7o, mantendo o cronograma adotado nos \u00faltimos anos. A expectativa \u00e9 que o prazo tenha in\u00edcio por volta do dia 15 de mar\u00e7o, estendendo-se at\u00e9 o \u00faltimo dia\u2026","rel":"","context":"In &quot;Not\u00edcias de Ribeir\u00e3o Preto-SP e Regi\u00e3o&quot;","block_context":{"text":"Not\u00edcias de Ribeir\u00e3o Preto-SP e Regi\u00e3o","link":"https:\/\/noticiasribeiraopreto.com.br\/index.php\/category\/noticias-de-ribeirao-preto-sp-e-regiao-ismael-colosi\/"},"img":{"alt_text":"","src":"https:\/\/i0.wp.com\/noticiasribeiraopreto.com.br\/wp-content\/uploads\/2026\/01\/mg_7893.webp.webp?fit=1170%2C700&ssl=1&resize=350%2C200","width":350,"height":200,"srcset":"https:\/\/i0.wp.com\/noticiasribeiraopreto.com.br\/wp-content\/uploads\/2026\/01\/mg_7893.webp.webp?fit=1170%2C700&ssl=1&resize=350%2C200 1x, https:\/\/i0.wp.com\/noticiasribeiraopreto.com.br\/wp-content\/uploads\/2026\/01\/mg_7893.webp.webp?fit=1170%2C700&ssl=1&resize=525%2C300 1.5x, https:\/\/i0.wp.com\/noticiasribeiraopreto.com.br\/wp-content\/uploads\/2026\/01\/mg_7893.webp.webp?fit=1170%2C700&ssl=1&resize=700%2C400 2x, https:\/\/i0.wp.com\/noticiasribeiraopreto.com.br\/wp-content\/uploads\/2026\/01\/mg_7893.webp.webp?fit=1170%2C700&ssl=1&resize=1050%2C600 3x"},"classes":[]}],"jetpack_sharing_enabled":true,"jetpack_shortlink":"https:\/\/wp.me\/peQAOb-hfV","_links":{"self":[{"href":"https:\/\/noticiasribeiraopreto.com.br\/index.php\/wp-json\/wp\/v2\/posts\/66335","targetHints":{"allow":["GET"]}}],"collection":[{"href":"https:\/\/noticiasribeiraopreto.com.br\/index.php\/wp-json\/wp\/v2\/posts"}],"about":[{"href":"https:\/\/noticiasribeiraopreto.com.br\/index.php\/wp-json\/wp\/v2\/types\/post"}],"author":[{"embeddable":true,"href":"https:\/\/noticiasribeiraopreto.com.br\/index.php\/wp-json\/wp\/v2\/users\/1"}],"replies":[{"embeddable":true,"href":"https:\/\/noticiasribeiraopreto.com.br\/index.php\/wp-json\/wp\/v2\/comments?post=66335"}],"version-history":[{"count":0,"href":"https:\/\/noticiasribeiraopreto.com.br\/index.php\/wp-json\/wp\/v2\/posts\/66335\/revisions"}],"wp:featuredmedia":[{"embeddable":true,"href":"https:\/\/noticiasribeiraopreto.com.br\/index.php\/wp-json\/wp\/v2\/media\/65677"}],"wp:attachment":[{"href":"https:\/\/noticiasribeiraopreto.com.br\/index.php\/wp-json\/wp\/v2\/media?parent=66335"}],"wp:term":[{"taxonomy":"category","embeddable":true,"href":"https:\/\/noticiasribeiraopreto.com.br\/index.php\/wp-json\/wp\/v2\/categories?post=66335"},{"taxonomy":"post_tag","embeddable":true,"href":"https:\/\/noticiasribeiraopreto.com.br\/index.php\/wp-json\/wp\/v2\/tags?post=66335"}],"curies":[{"name":"wp","href":"https:\/\/api.w.org\/{rel}","templated":true}]}}