{"id":66336,"date":"2025-03-31T06:26:20","date_gmt":"2025-03-31T09:26:20","guid":{"rendered":"https:\/\/noticiasribeiraopreto.com.br\/index.php\/2025\/03\/31\/governo-federal-confirma-pagamento-de-reajuste-salarial-a-servidores-em-maio\/"},"modified":"2025-03-31T06:26:20","modified_gmt":"2025-03-31T09:26:20","slug":"governo-federal-confirma-pagamento-de-reajuste-salarial-a-servidores-em-maio","status":"publish","type":"post","link":"https:\/\/noticiasribeiraopreto.com.br\/index.php\/2025\/03\/31\/governo-federal-confirma-pagamento-de-reajuste-salarial-a-servidores-em-maio\/","title":{"rendered":"Governo Federal Confirma Pagamento de Reajuste Salarial a Servidores em Maio"},"content":{"rendered":"<div class='code-block code-block-1' style='margin: 8px 0 8px auto; text-align: right; display: block; clear: both;'>\n<p><a href=\"https:\/\/wa.link\/vpicfd\"><img data-recalc-dims=\"1\" class=\"wp-image-4922\" style=\"aspect-ratio: 2.0253164556962027; width: 561px; height: auto;\" src=\"https:\/\/i0.wp.com\/ismaelcolosi.com.br\/wp-content\/uploads\/2023\/11\/grupo-de-empregos-whatsapp-e-facebook-ismael-colosi-vagas.jpg?ssl=1\" alt=\"\" \/><\/a><\/p>\n<!-- \/wp:image -->\n<\/div>\n<p> <br \/>\n<\/p>\n<div>\n<p class=\"\" data-start=\"295\" data-end=\"600\">O governo federal anunciou que o reajuste salarial dos servidores p\u00fablicos federais ser\u00e1 processado na folha de abril e creditado nas contas dos trabalhadores em 2 de maio. Al\u00e9m do aumento nos vencimentos, o pagamento incluir\u00e1 o valor retroativo a janeiro, garantindo a compensa\u00e7\u00e3o dos meses anteriores.<\/p>\n<p class=\"\" data-start=\"602\" data-end=\"975\">A medida faz parte das negocia\u00e7\u00f5es conduzidas entre o Minist\u00e9rio da Gest\u00e3o e Inova\u00e7\u00e3o em Servi\u00e7os P\u00fablicos (MGI) e entidades representativas dos servidores, ap\u00f3s um longo per\u00edodo de estagna\u00e7\u00e3o salarial. O governo destacou que o reajuste foi poss\u00edvel ap\u00f3s intensos debates sobre o or\u00e7amento e a necessidade de recompor as perdas inflacion\u00e1rias acumuladas nos \u00faltimos anos.<\/p>\n<h3 class=\"\" data-start=\"977\" data-end=\"1030\"><strong data-start=\"981\" data-end=\"1028\">Detalhes da Medida Provis\u00f3ria e Negocia\u00e7\u00f5es<\/strong><\/h3>\n<p class=\"\" data-start=\"1032\" data-end=\"1430\">A corre\u00e7\u00e3o salarial foi formalizada por meio da Medida Provis\u00f3ria (MP) 1.286, que assegura o aumento para servidores ativos, aposentados e pensionistas de diversas categorias. O governo tamb\u00e9m confirmou que a MP ser\u00e1 prorrogada por mais 60 dias a partir de 2 de abril, permitindo que o Congresso tenha tempo suficiente para discutir e aprovar o projeto de lei que substituir\u00e1 a medida provis\u00f3ria.<\/p>\n<p class=\"\" data-start=\"1432\" data-end=\"1729\">Caso o projeto de lei n\u00e3o seja aprovado a tempo, a MP continuar\u00e1 em vigor, garantindo que os servidores n\u00e3o sejam prejudicados. Fontes ligadas ao governo afirmam que h\u00e1 amplo consenso entre parlamentares sobre a import\u00e2ncia do reajuste, o que deve facilitar sua aprova\u00e7\u00e3o sem grandes altera\u00e7\u00f5es.<\/p>\n<p class=\"\" data-start=\"1731\" data-end=\"2073\">O reajuste contemplar\u00e1 servidores de diferentes \u00e1reas, incluindo sa\u00fade, educa\u00e7\u00e3o, seguran\u00e7a p\u00fablica e administra\u00e7\u00e3o federal. Segundo o MGI, a recomposi\u00e7\u00e3o salarial \u00e9 um passo fundamental para valorizar o funcionalismo p\u00fablico e garantir melhores condi\u00e7\u00f5es de trabalho para aqueles que atuam diretamente na presta\u00e7\u00e3o de servi\u00e7os \u00e0 popula\u00e7\u00e3o.<\/p>\n<h3 class=\"\" data-start=\"2075\" data-end=\"2139\"><strong data-start=\"2079\" data-end=\"2137\">Impacto no Or\u00e7amento e Repercuss\u00e3o entre os Servidores<\/strong><\/h3>\n<p class=\"\" data-start=\"2141\" data-end=\"2396\">O reajuste salarial dos servidores federais representa um impacto significativo para os cofres p\u00fablicos. O governo precisou realocar recursos dentro do or\u00e7amento de 2025 para garantir a implementa\u00e7\u00e3o do aumento sem comprometer outras \u00e1reas priorit\u00e1rias.<\/p>\n<p class=\"\" data-start=\"2398\" data-end=\"2921\">L\u00edderes sindicais comemoraram o an\u00fancio do pagamento em maio, mas ressaltaram que a luta por uma pol\u00edtica salarial mais estruturada continua. Para muitos servidores, a recomposi\u00e7\u00e3o \u00e9 insuficiente para cobrir as perdas acumuladas nos \u00faltimos anos. \u201cEmbora seja um avan\u00e7o, ainda estamos abaixo do necess\u00e1rio para recuperar nosso poder de compra. Continuaremos mobilizados para que essa pol\u00edtica de valoriza\u00e7\u00e3o do servidor seja permanente\u201d, afirmou um representante da Confedera\u00e7\u00e3o Nacional dos Servidores P\u00fablicos Federais.<\/p>\n<h3 class=\"\" data-start=\"2923\" data-end=\"2974\"><strong data-start=\"2927\" data-end=\"2972\">Calend\u00e1rio de Pagamento e Pr\u00f3ximos Passos<\/strong><\/h3>\n<p class=\"\" data-start=\"2976\" data-end=\"3226\">Com o reajuste previsto para entrar na folha de abril, os servidores devem receber os novos valores em 2 de maio. O governo informou que j\u00e1 est\u00e1 tomando todas as provid\u00eancias necess\u00e1rias para garantir que os pagamentos sejam realizados sem atrasos.<\/p>\n<p class=\"\" data-start=\"3228\" data-end=\"3588\">O Minist\u00e9rio da Gest\u00e3o e Inova\u00e7\u00e3o refor\u00e7ou que continuar\u00e1 dialogando com as entidades representativas para avaliar novas medidas de valoriza\u00e7\u00e3o do funcionalismo p\u00fablico nos pr\u00f3ximos anos. A expectativa \u00e9 que novos debates sobre reajustes sejam retomados no segundo semestre de 2025, dependendo da situa\u00e7\u00e3o econ\u00f4mica do pa\u00eds e da disponibilidade or\u00e7ament\u00e1ria.<\/p>\n<p class=\"\" data-start=\"3590\" data-end=\"3937\">Com essa decis\u00e3o, o governo busca equilibrar as demandas dos servidores por melhores sal\u00e1rios com a responsabilidade fiscal necess\u00e1ria para manter as contas p\u00fablicas em equil\u00edbrio. Nos pr\u00f3ximos meses, o Congresso Nacional analisar\u00e1 a proposta enviada pelo Executivo, e novas rodadas de negocia\u00e7\u00f5es poder\u00e3o definir os rumos dos reajustes futuros.<\/p>\n<p>&#13;<br \/>\n\t\t\t\t<span class=\"post-views-icon dashicons dashicons-chart-bar\"\/> <span class=\"post-views-label\">Visualiza\u00e7\u00f5es:<\/span> <span class=\"post-views-count\">7<\/span>&#13;\n\t\t\t<\/p>\n<\/p><\/div>\n<p><br \/>\n<br \/><a href=\"https:\/\/folhaderibeirao.com.br\/2025\/03\/31\/governo-federal-confirma-pagamento-de-reajuste-salarial-a-servidores-em-maio\/\">Source link <\/a><\/p>\n<!-- CONTENT END 1 -->\n","protected":false},"excerpt":{"rendered":"<p>O governo federal anunciou que o reajuste salarial dos servidores p\u00fablicos federais ser\u00e1 processado na folha de abril e creditado nas contas dos trabalhadores em&#8230;<\/p>\n","protected":false},"author":1,"featured_media":66337,"comment_status":"open","ping_status":"open","sticky":false,"template":"","format":"standard","meta":{"advanced_seo_description":"","jetpack_seo_html_title":"","jetpack_seo_noindex":false,"jetpack_post_was_ever_published":false,"_jetpack_newsletter_access":"","_jetpack_dont_email_post_to_subs":false,"_jetpack_newsletter_tier_id":0,"_jetpack_memberships_contains_paywalled_content":false,"_jetpack_memberships_contains_paid_content":false,"footnotes":"","jetpack_publicize_message":"","jetpack_publicize_feature_enabled":true,"jetpack_social_post_already_shared":true,"jetpack_social_options":{"image_generator_settings":{"template":"highway","default_image_id":0,"font":"","enabled":false},"version":2}},"categories":[11],"tags":[1675,674,1271,1969,1232,519,3533,2452],"class_list":["post-66336","post","type-post","status-publish","format-standard","has-post-thumbnail","hentry","category-noticias-de-ribeirao-preto-sp-e-regiao-ismael-colosi","tag-confirma","tag-federal","tag-governo","tag-maio","tag-pagamento","tag-reajuste","tag-salarial","tag-servidores"],"jetpack_publicize_connections":[],"jetpack_featured_media_url":"https:\/\/i0.wp.com\/noticiasribeiraopreto.com.br\/wp-content\/uploads\/2025\/03\/ja_1063.webp.webp?fit=1170%2C700&ssl=1","jetpack-related-posts":[{"id":18351,"url":"https:\/\/noticiasribeiraopreto.com.br\/index.php\/2023\/12\/20\/governo-federal-nao-vai-dar-reajuste-salarial-para-servidores-em-2024\/","url_meta":{"origin":66336,"position":0},"title":"Governo Federal n\u00e3o vai dar reajuste salarial para servidores em 2024","author":"noticiasribeiraopreto.com.br","date":"20 de December de 2023","format":false,"excerpt":"O governo federal anunciou, na \u00faltima segunda-feira (18), durante a \u00faltima reuni\u00e3o do ano da Mesa Nacional de Negocia\u00e7\u00e3o Permanente, do Minist\u00e9rio da Gest\u00e3o e da Inova\u00e7\u00e3o em Servi\u00e7os P\u00fablicos (MGI), que n\u00e3o apresentar\u00e1 proposta de reajuste salarial para os servidores do Executivo em 2024. Logo, os sal\u00e1rios ficar\u00e3o congelados,\u2026","rel":"","context":"In &quot;Vagas de Emprego em Ribeir\u00e3o Preto-SP&quot;","block_context":{"text":"Vagas de Emprego em Ribeir\u00e3o Preto-SP","link":"https:\/\/noticiasribeiraopreto.com.br\/index.php\/category\/empregos-classificados-vagas-trabalho\/vagas-de-empregos-em-ribeirao-preto-regiao-brasil\/"},"img":{"alt_text":"","src":"https:\/\/i0.wp.com\/noticiasribeiraopreto.com.br\/wp-content\/uploads\/2023\/12\/lula-dando-joia-ricardo-stuckert-pr.jpg?fit=1200%2C675&ssl=1&resize=350%2C200","width":350,"height":200,"srcset":"https:\/\/i0.wp.com\/noticiasribeiraopreto.com.br\/wp-content\/uploads\/2023\/12\/lula-dando-joia-ricardo-stuckert-pr.jpg?fit=1200%2C675&ssl=1&resize=350%2C200 1x, https:\/\/i0.wp.com\/noticiasribeiraopreto.com.br\/wp-content\/uploads\/2023\/12\/lula-dando-joia-ricardo-stuckert-pr.jpg?fit=1200%2C675&ssl=1&resize=525%2C300 1.5x, https:\/\/i0.wp.com\/noticiasribeiraopreto.com.br\/wp-content\/uploads\/2023\/12\/lula-dando-joia-ricardo-stuckert-pr.jpg?fit=1200%2C675&ssl=1&resize=700%2C400 2x, https:\/\/i0.wp.com\/noticiasribeiraopreto.com.br\/wp-content\/uploads\/2023\/12\/lula-dando-joia-ricardo-stuckert-pr.jpg?fit=1200%2C675&ssl=1&resize=1050%2C600 3x"},"classes":[]},{"id":18772,"url":"https:\/\/noticiasribeiraopreto.com.br\/index.php\/2023\/12\/21\/servidores-federais-terao-reajuste-em-2024\/","url_meta":{"origin":66336,"position":1},"title":"Servidores federais ter\u00e3o reajuste em 2024?","author":"noticiasribeiraopreto.com.br","date":"21 de December de 2023","format":false,"excerpt":"Recentemente, o governo se manifestou sobre a possibilidade de reajuste para servidores federais. A nova gest\u00e3o vem negociando com a classe por mudan\u00e7as em seus recebimentos. O Minist\u00e9rio da Gest\u00e3o e da Inova\u00e7\u00e3o em Servi\u00e7os P\u00fablicos, da ministra Esther Dweck, est\u00e1 comandando a negocia\u00e7\u00e3o. Assim, indica que o Governo Federal\u2026","rel":"","context":"In &quot;Vagas de Emprego em Ribeir\u00e3o Preto-SP&quot;","block_context":{"text":"Vagas de Emprego em Ribeir\u00e3o Preto-SP","link":"https:\/\/noticiasribeiraopreto.com.br\/index.php\/category\/empregos-classificados-vagas-trabalho\/vagas-de-empregos-em-ribeirao-preto-regiao-brasil\/"},"img":{"alt_text":"","src":"","width":0,"height":0},"classes":[]},{"id":44476,"url":"https:\/\/noticiasribeiraopreto.com.br\/index.php\/2024\/03\/27\/servidores-de-ribeirao-preto-aprovam-reajuste-salarial-de-45\/","url_meta":{"origin":66336,"position":2},"title":"Servidores de Ribeir\u00e3o Preto aprovam reajuste salarial de 4,5%","author":"noticiasribeiraopreto.com.br","date":"27 de March de 2024","format":false,"excerpt":"O Sindicato dos Servidores Municipais de Ribeir\u00e3o Preto aceitou, em assembleia realizada na noite desta quarta-feira (27), a proposta de reajuste salarial de 4,5% e um aumento de 10% no vale alimenta\u00e7\u00e3o para o diss\u00eddio deste ano. As reivindica\u00e7\u00f5es dos trabalhadores foram entregues no final de fevereiro. A partir disso,\u2026","rel":"","context":"In &quot;Not\u00edcias de Ribeir\u00e3o Preto-SP e Regi\u00e3o&quot;","block_context":{"text":"Not\u00edcias de Ribeir\u00e3o Preto-SP e Regi\u00e3o","link":"https:\/\/noticiasribeiraopreto.com.br\/index.php\/category\/noticias-de-ribeirao-preto-sp-e-regiao-ismael-colosi\/"},"img":{"alt_text":"","src":"https:\/\/i0.wp.com\/noticiasribeiraopreto.com.br\/wp-content\/uploads\/2024\/03\/A_DSC8799.jpg?fit=1200%2C795&ssl=1&resize=350%2C200","width":350,"height":200,"srcset":"https:\/\/i0.wp.com\/noticiasribeiraopreto.com.br\/wp-content\/uploads\/2024\/03\/A_DSC8799.jpg?fit=1200%2C795&ssl=1&resize=350%2C200 1x, https:\/\/i0.wp.com\/noticiasribeiraopreto.com.br\/wp-content\/uploads\/2024\/03\/A_DSC8799.jpg?fit=1200%2C795&ssl=1&resize=525%2C300 1.5x, https:\/\/i0.wp.com\/noticiasribeiraopreto.com.br\/wp-content\/uploads\/2024\/03\/A_DSC8799.jpg?fit=1200%2C795&ssl=1&resize=700%2C400 2x, https:\/\/i0.wp.com\/noticiasribeiraopreto.com.br\/wp-content\/uploads\/2024\/03\/A_DSC8799.jpg?fit=1200%2C795&ssl=1&resize=1050%2C600 3x"},"classes":[]},{"id":83782,"url":"https:\/\/noticiasribeiraopreto.com.br\/index.php\/2026\/03\/25\/servidores-rejeitam-proposta-de-reajuste-salarial-proposto-pela-prefeitura\/","url_meta":{"origin":66336,"position":3},"title":"Servidores rejeitam proposta de reajuste salarial proposto pela prefeitura","author":"noticiasribeiraopreto.com.br","date":"25 de March de 2026","format":false,"excerpt":"\r \r \r 25 de mar\u00e7o de 2026 23:10 \r Compartilhar0 Prefeitura ser\u00e1 comunicada oficialmente da rejei\u00e7\u00e3o nesta quinta-feira; servidores esperam que governo fa\u00e7a uma nova proposta Em assembleia na noite desta quarta-feira, 25 de mar\u00e7o, os servidores municipais de Ribeir\u00e3o Preto rejeitaram a proposta de reajuste salarial, oferecido pela\u2026","rel":"","context":"In &quot;Not\u00edcias de Ribeir\u00e3o Preto-SP e Regi\u00e3o&quot;","block_context":{"text":"Not\u00edcias de Ribeir\u00e3o Preto-SP e Regi\u00e3o","link":"https:\/\/noticiasribeiraopreto.com.br\/index.php\/category\/noticias-de-ribeirao-preto-sp-e-regiao-ismael-colosi\/"},"img":{"alt_text":"","src":"https:\/\/i0.wp.com\/noticiasribeiraopreto.com.br\/wp-content\/uploads\/2026\/03\/assembleia-scaled.jpeg?fit=1177%2C780&ssl=1&resize=350%2C200","width":350,"height":200,"srcset":"https:\/\/i0.wp.com\/noticiasribeiraopreto.com.br\/wp-content\/uploads\/2026\/03\/assembleia-scaled.jpeg?fit=1177%2C780&ssl=1&resize=350%2C200 1x, https:\/\/i0.wp.com\/noticiasribeiraopreto.com.br\/wp-content\/uploads\/2026\/03\/assembleia-scaled.jpeg?fit=1177%2C780&ssl=1&resize=525%2C300 1.5x, https:\/\/i0.wp.com\/noticiasribeiraopreto.com.br\/wp-content\/uploads\/2026\/03\/assembleia-scaled.jpeg?fit=1177%2C780&ssl=1&resize=700%2C400 2x, https:\/\/i0.wp.com\/noticiasribeiraopreto.com.br\/wp-content\/uploads\/2026\/03\/assembleia-scaled.jpeg?fit=1177%2C780&ssl=1&resize=1050%2C600 3x"},"classes":[]},{"id":83440,"url":"https:\/\/noticiasribeiraopreto.com.br\/index.php\/2026\/03\/18\/servidores-governo-e-sindicato-discutem-reajuste\/","url_meta":{"origin":66336,"position":4},"title":"Servidores &#8211; Governo e sindicato discutem reajuste","author":"noticiasribeiraopreto.com.br","date":"18 de March de 2026","format":false,"excerpt":"O Sindicato dos Servidores Municipais de Ribeir\u00e3o Preto, Guatapar\u00e1 e Prad\u00f3polis (SSMRPGP) e a prefeitura v\u00e3o realizar, nesta semana, a segunda reuni\u00e3o para discutir a pauta de reivindica\u00e7\u00f5es da categoria, cuja data-base \u00e9 1\u00ba de mar\u00e7o. Em 25 de fevereiro, o presidente do sindicato, Valdir Avelino, entregou a pauta de\u2026","rel":"","context":"In &quot;Not\u00edcias de Ribeir\u00e3o Preto-SP e Regi\u00e3o&quot;","block_context":{"text":"Not\u00edcias de Ribeir\u00e3o Preto-SP e Regi\u00e3o","link":"https:\/\/noticiasribeiraopreto.com.br\/index.php\/category\/noticias-de-ribeirao-preto-sp-e-regiao-ismael-colosi\/"},"img":{"alt_text":"","src":"https:\/\/i0.wp.com\/noticiasribeiraopreto.com.br\/wp-content\/uploads\/2026\/03\/SSM-RP-700-PX.jpg?fit=700%2C464&ssl=1&resize=350%2C200","width":350,"height":200,"srcset":"https:\/\/i0.wp.com\/noticiasribeiraopreto.com.br\/wp-content\/uploads\/2026\/03\/SSM-RP-700-PX.jpg?fit=700%2C464&ssl=1&resize=350%2C200 1x, https:\/\/i0.wp.com\/noticiasribeiraopreto.com.br\/wp-content\/uploads\/2026\/03\/SSM-RP-700-PX.jpg?fit=700%2C464&ssl=1&resize=525%2C300 1.5x, https:\/\/i0.wp.com\/noticiasribeiraopreto.com.br\/wp-content\/uploads\/2026\/03\/SSM-RP-700-PX.jpg?fit=700%2C464&ssl=1&resize=700%2C400 2x"},"classes":[]},{"id":84729,"url":"https:\/\/noticiasribeiraopreto.com.br\/index.php\/2026\/04\/15\/vereadores-votam-projeto-de-reajuste\/","url_meta":{"origin":66336,"position":5},"title":"Vereadores votam \u2028projeto de reajuste","author":"noticiasribeiraopreto.com.br","date":"15 de April de 2026","format":false,"excerpt":"A C\u00e2mara de Vereadores vota na sess\u00e3o desta quarta-feira, 15 de abril, o projeto de lei complementar da prefeitura de Ribeir\u00e3o Preto que oficializa o reajuste dos servidores p\u00fablicos municipais ativos, inativos e pensionistas da administra\u00e7\u00e3o direta, autarquias e funda\u00e7\u00f5es municipais, al\u00e9m dos funcion\u00e1rios do Legislativo. O projeto foi protocolado\u2026","rel":"","context":"In &quot;Not\u00edcias de Ribeir\u00e3o Preto-SP e Regi\u00e3o&quot;","block_context":{"text":"Not\u00edcias de Ribeir\u00e3o Preto-SP e Regi\u00e3o","link":"https:\/\/noticiasribeiraopreto.com.br\/index.php\/category\/noticias-de-ribeirao-preto-sp-e-regiao-ismael-colosi\/"},"img":{"alt_text":"","src":"https:\/\/i0.wp.com\/noticiasribeiraopreto.com.br\/wp-content\/uploads\/2026\/04\/ReajusteSSM-Divulgacao-SSMRPGP-1-scaled.jpg?fit=1177%2C780&ssl=1&resize=350%2C200","width":350,"height":200,"srcset":"https:\/\/i0.wp.com\/noticiasribeiraopreto.com.br\/wp-content\/uploads\/2026\/04\/ReajusteSSM-Divulgacao-SSMRPGP-1-scaled.jpg?fit=1177%2C780&ssl=1&resize=350%2C200 1x, https:\/\/i0.wp.com\/noticiasribeiraopreto.com.br\/wp-content\/uploads\/2026\/04\/ReajusteSSM-Divulgacao-SSMRPGP-1-scaled.jpg?fit=1177%2C780&ssl=1&resize=525%2C300 1.5x, https:\/\/i0.wp.com\/noticiasribeiraopreto.com.br\/wp-content\/uploads\/2026\/04\/ReajusteSSM-Divulgacao-SSMRPGP-1-scaled.jpg?fit=1177%2C780&ssl=1&resize=700%2C400 2x, https:\/\/i0.wp.com\/noticiasribeiraopreto.com.br\/wp-content\/uploads\/2026\/04\/ReajusteSSM-Divulgacao-SSMRPGP-1-scaled.jpg?fit=1177%2C780&ssl=1&resize=1050%2C600 3x"},"classes":[]}],"jetpack_sharing_enabled":true,"jetpack_shortlink":"https:\/\/wp.me\/peQAOb-hfW","_links":{"self":[{"href":"https:\/\/noticiasribeiraopreto.com.br\/index.php\/wp-json\/wp\/v2\/posts\/66336","targetHints":{"allow":["GET"]}}],"collection":[{"href":"https:\/\/noticiasribeiraopreto.com.br\/index.php\/wp-json\/wp\/v2\/posts"}],"about":[{"href":"https:\/\/noticiasribeiraopreto.com.br\/index.php\/wp-json\/wp\/v2\/types\/post"}],"author":[{"embeddable":true,"href":"https:\/\/noticiasribeiraopreto.com.br\/index.php\/wp-json\/wp\/v2\/users\/1"}],"replies":[{"embeddable":true,"href":"https:\/\/noticiasribeiraopreto.com.br\/index.php\/wp-json\/wp\/v2\/comments?post=66336"}],"version-history":[{"count":0,"href":"https:\/\/noticiasribeiraopreto.com.br\/index.php\/wp-json\/wp\/v2\/posts\/66336\/revisions"}],"wp:featuredmedia":[{"embeddable":true,"href":"https:\/\/noticiasribeiraopreto.com.br\/index.php\/wp-json\/wp\/v2\/media\/66337"}],"wp:attachment":[{"href":"https:\/\/noticiasribeiraopreto.com.br\/index.php\/wp-json\/wp\/v2\/media?parent=66336"}],"wp:term":[{"taxonomy":"category","embeddable":true,"href":"https:\/\/noticiasribeiraopreto.com.br\/index.php\/wp-json\/wp\/v2\/categories?post=66336"},{"taxonomy":"post_tag","embeddable":true,"href":"https:\/\/noticiasribeiraopreto.com.br\/index.php\/wp-json\/wp\/v2\/tags?post=66336"}],"curies":[{"name":"wp","href":"https:\/\/api.w.org\/{rel}","templated":true}]}}