{"id":66362,"date":"2025-03-31T11:34:49","date_gmt":"2025-03-31T14:34:49","guid":{"rendered":"https:\/\/noticiasribeiraopreto.com.br\/index.php\/2025\/03\/31\/minecraft-the-chosen-e-rei-dos-reis-sao-alguns-dos-destaques-que-chegam-ao-cinema-do-ribeiraoshopping-durante-o-mes-de-abril\/"},"modified":"2025-03-31T11:34:49","modified_gmt":"2025-03-31T14:34:49","slug":"minecraft-the-chosen-e-rei-dos-reis-sao-alguns-dos-destaques-que-chegam-ao-cinema-do-ribeiraoshopping-durante-o-mes-de-abril","status":"publish","type":"post","link":"https:\/\/noticiasribeiraopreto.com.br\/index.php\/2025\/03\/31\/minecraft-the-chosen-e-rei-dos-reis-sao-alguns-dos-destaques-que-chegam-ao-cinema-do-ribeiraoshopping-durante-o-mes-de-abril\/","title":{"rendered":"Minecraft, The Chosen e Rei dos Reis s\u00e3o alguns dos destaques que chegam ao cinema do Ribeir\u00e3oShopping durante o m\u00eas de abril"},"content":{"rendered":"<div class='code-block code-block-1' style='margin: 8px 0 8px auto; text-align: right; display: block; clear: both;'>\n<p><a href=\"https:\/\/wa.link\/vpicfd\"><img data-recalc-dims=\"1\" class=\"wp-image-4922\" style=\"aspect-ratio: 2.0253164556962027; width: 561px; height: auto;\" src=\"https:\/\/i0.wp.com\/ismaelcolosi.com.br\/wp-content\/uploads\/2023\/11\/grupo-de-empregos-whatsapp-e-facebook-ismael-colosi-vagas.jpg?ssl=1\" alt=\"\" \/><\/a><\/p>\n<!-- \/wp:image -->\n<\/div>\n<p> <br \/>\n<\/p>\n<div>\n<p>Da adapta\u00e7\u00e3o de um dos jogos de videogame mais famosos da hist\u00f3ria a produ\u00e7\u00f5es inspiradoras sobre f\u00e9 e supera\u00e7\u00e3o, as telas de cinema do Ribeir\u00e3oShopping receber\u00e3o grandes lan\u00e7amentos para todas as idades, durante o m\u00eas de abril.<\/p>\n<p>Para os f\u00e3s de games, o lan\u00e7amento \u201cUm Filme Minecraft\u201d, que estreia no dia 3 de abril, promete transportar o p\u00fablico para o universo dos blocos, trazendo uma aventura in\u00e9dita e cheia de desafios. O filme, que \u00e9 estrelado por Jason Momoa e dirigido por Jared Hess, \u00e9 a primeira adapta\u00e7\u00e3o live-action para os cinemas do jogo mais vendido de todos os tempos.<\/p>\n<p>Outro destaque na programa\u00e7\u00e3o do UCI ser\u00e1 a quinta temporada da s\u00e9rie de TV The Chosen, que retrata a vida de Jesus e seus seguidores. \u201cThe Chosen: \u00daltima Ceia\u201d ser\u00e1 exibida a partir do dia 10 de abril. Os epis\u00f3dios retratam a Semana Santa e mostram os \u00faltimos dias de Jesus antes da crucifica\u00e7\u00e3o, desde sua entrada em Jerusal\u00e9m at\u00e9 a \u00daltima Ceia.<\/p>\n<p>J\u00e1 no dia 17, \u00e9 a vez da anima\u00e7\u00e3o \u201cRei dos Reis\u201d estrear nas telonas do Ribeir\u00e3oShopping. A trama acompanha Charles e Walter Dickens, pai e filho que embarcam em uma jornada \u00e9pica que estimula a imagina\u00e7\u00e3o das crian\u00e7as com a hist\u00f3ria de Jesus. O filme promete comover e convida o p\u00fablico a redescobrir, pelos olhos de uma crian\u00e7a, o poder da esperan\u00e7a, do amor e da reden\u00e7\u00e3o.<\/p>\n<p>Para informa\u00e7\u00f5es sobre hor\u00e1rios e ingressos, acesse www.ribeiraoshopping.com.br ou o app Multi (dispon\u00edvel para iOS e Android).<\/p>\n<p>Sobre o Ribeir\u00e3oShopping<\/p>\n<p>Inaugurado em 5 de maio de 1981, o Ribeir\u00e3oShopping foi o primeiro shopping center de Ribeir\u00e3o Preto, o segundo da rede Multiplan e um dos primeiros no Brasil, totalizando 43 anos de uma trajet\u00f3ria com oito bem-sucedidas expans\u00f5es e a constru\u00e7\u00e3o de um moderno Centro M\u00e9dico. Um dos maiores geradores de empregos da cidade e da regi\u00e3o, o Ribeir\u00e3oShopping oferece mais de 5 mil empregos diretos.<\/p>\n<p>Com todas as suas qualidades, os consumidores podem resolver tudo que precisam em um s\u00f3 lugar com conforto e praticidade, desfrutando das comodidades que o shopping oferece.<\/p>\n<p>&#13;<br \/>\n\t\t\t\t<span class=\"post-views-icon dashicons dashicons-chart-bar\"\/> <span class=\"post-views-label\">Visualiza\u00e7\u00f5es:<\/span> <span class=\"post-views-count\">9<\/span>&#13;\n\t\t\t<\/p>\n<\/p><\/div>\n<p><br \/>\n<br \/><a href=\"https:\/\/folhaderibeirao.com.br\/2025\/03\/31\/minecraft-the-chosen-e-rei-dos-reis-sao-alguns-dos-destaques-que-chegam-ao-cinema-do-ribeiraoshopping-durante-o-mes-de-abril\/\">Source link <\/a><\/p>\n<!-- CONTENT END 1 -->\n","protected":false},"excerpt":{"rendered":"<p>Da adapta\u00e7\u00e3o de um dos jogos de videogame mais famosos da hist\u00f3ria a produ\u00e7\u00f5es inspiradoras sobre f\u00e9 e supera\u00e7\u00e3o, as telas de cinema do Ribeir\u00e3oShopping&#8230;<\/p>\n","protected":false},"author":1,"featured_media":66363,"comment_status":"open","ping_status":"open","sticky":false,"template":"","format":"standard","meta":{"advanced_seo_description":"","jetpack_seo_html_title":"","jetpack_seo_noindex":false,"jetpack_post_was_ever_published":false,"_jetpack_newsletter_access":"","_jetpack_dont_email_post_to_subs":false,"_jetpack_newsletter_tier_id":0,"_jetpack_memberships_contains_paywalled_content":false,"_jetpack_memberships_contains_paid_content":false,"footnotes":"","jetpack_publicize_message":"","jetpack_publicize_feature_enabled":true,"jetpack_social_post_already_shared":true,"jetpack_social_options":{"image_generator_settings":{"template":"highway","default_image_id":0,"font":"","enabled":false},"version":2}},"categories":[11],"tags":[3924,6363,2903,6362,1290,6364,470,324,670,6361,2746,3122,4098,50],"class_list":["post-66362","post","type-post","status-publish","format-standard","has-post-thumbnail","hentry","category-noticias-de-ribeirao-preto-sp-e-regiao-ismael-colosi","tag-abril","tag-alguns","tag-chegam","tag-chosen","tag-cinema","tag-destaques","tag-dos","tag-durante","tag-mes","tag-minecraft","tag-rei","tag-reis","tag-ribeiraoshopping","tag-sao"],"jetpack_publicize_connections":[],"jetpack_featured_media_url":"https:\/\/i0.wp.com\/noticiasribeiraopreto.com.br\/wp-content\/uploads\/2025\/03\/WhatsApp-Image-2025-03-31-at-11.04.09.jpeg?fit=1572%2C1000&ssl=1","jetpack-related-posts":[{"id":66610,"url":"https:\/\/noticiasribeiraopreto.com.br\/index.php\/2025\/04\/03\/um-filme-minecraft-um-dia-daqueles-e-codigo-alarum-chegam-aos-cinemas-de-ribeirao-preto\/","url_meta":{"origin":66362,"position":0},"title":"&#8216;Um Filme Minecraft&#8217;, \u2018Um Dia Daqueles\u2019 e \u2018C\u00f3digo Alarum\u2019 chegam aos cinemas de Ribeir\u00e3o Preto","author":"noticiasribeiraopreto.com.br","date":"3 de April de 2025","format":false,"excerpt":"Os cinemas de Ribeir\u00e3o Preto recebem seis novos filmes na primeira quinta-feira de abril. Os destaques da programa\u00e7\u00e3o s\u00e3o \u201cUm filme Minecraft\u201d, \u201cUm Dia Daqueles\u201d, com\u00a0 Keke Palmer e SZA, e o \u201cC\u00f3digo Alarum\u201d, com Scott Eastwood. Veja outras estreias abaixo. Ribeir\u00e3o Preto conta com quatro cinemas, o UCI localizado\u2026","rel":"","context":"In &quot;Not\u00edcias de Ribeir\u00e3o Preto-SP e Regi\u00e3o&quot;","block_context":{"text":"Not\u00edcias de Ribeir\u00e3o Preto-SP e Regi\u00e3o","link":"https:\/\/noticiasribeiraopreto.com.br\/index.php\/category\/noticias-de-ribeirao-preto-sp-e-regiao-ismael-colosi\/"},"img":{"alt_text":"","src":"https:\/\/i0.wp.com\/noticiasribeiraopreto.com.br\/wp-content\/uploads\/2025\/04\/sza-keke_2025-04-03_13-19-09.webp.webp?fit=1200%2C577&ssl=1&resize=350%2C200","width":350,"height":200,"srcset":"https:\/\/i0.wp.com\/noticiasribeiraopreto.com.br\/wp-content\/uploads\/2025\/04\/sza-keke_2025-04-03_13-19-09.webp.webp?fit=1200%2C577&ssl=1&resize=350%2C200 1x, https:\/\/i0.wp.com\/noticiasribeiraopreto.com.br\/wp-content\/uploads\/2025\/04\/sza-keke_2025-04-03_13-19-09.webp.webp?fit=1200%2C577&ssl=1&resize=525%2C300 1.5x, https:\/\/i0.wp.com\/noticiasribeiraopreto.com.br\/wp-content\/uploads\/2025\/04\/sza-keke_2025-04-03_13-19-09.webp.webp?fit=1200%2C577&ssl=1&resize=700%2C400 2x, https:\/\/i0.wp.com\/noticiasribeiraopreto.com.br\/wp-content\/uploads\/2025\/04\/sza-keke_2025-04-03_13-19-09.webp.webp?fit=1200%2C577&ssl=1&resize=1050%2C600 3x"},"classes":[]},{"id":50503,"url":"https:\/\/noticiasribeiraopreto.com.br\/index.php\/2024\/05\/16\/back-to-black-e-amigos-imaginarios-veja-os-lancamentos-nos-cinemas-de-ribeirao-preto\/","url_meta":{"origin":66362,"position":1},"title":"Back to Black e Amigos Imagin\u00e1rios: Veja os lan\u00e7amentos nos cinemas de Ribeir\u00e3o Preto","author":"noticiasribeiraopreto.com.br","date":"16 de May de 2024","format":false,"excerpt":"Nesta quinta-feira (16), os cinemas de Ribeir\u00e3o Preto recebem lan\u00e7amentos de cinco filmes. \u201cBack to Black\u201c, \u201cAmigos Imagin\u00e1rios\u201d e \u201cO Tar\u00f4 da Morte\u201d est\u00e3o entre os nomes que chegam \u00e0s telas. Ribeir\u00e3o Preto conta com quatro cinemas para voc\u00ea assistir aos lan\u00e7amentos, o UCI localizado no Ribeir\u00e3oShopping, o Cinep\u00f3lis nos\u2026","rel":"","context":"In &quot;Not\u00edcias de Ribeir\u00e3o Preto-SP e Regi\u00e3o&quot;","block_context":{"text":"Not\u00edcias de Ribeir\u00e3o Preto-SP e Regi\u00e3o","link":"https:\/\/noticiasribeiraopreto.com.br\/index.php\/category\/noticias-de-ribeirao-preto-sp-e-regiao-ismael-colosi\/"},"img":{"alt_text":"","src":"https:\/\/i0.wp.com\/noticiasribeiraopreto.com.br\/wp-content\/uploads\/2024\/05\/amy_2024-05-16_11-56-13_jpg_2024-05-16_11-56-13.webp.webp?fit=1024%2C683&ssl=1&resize=350%2C200","width":350,"height":200,"srcset":"https:\/\/i0.wp.com\/noticiasribeiraopreto.com.br\/wp-content\/uploads\/2024\/05\/amy_2024-05-16_11-56-13_jpg_2024-05-16_11-56-13.webp.webp?fit=1024%2C683&ssl=1&resize=350%2C200 1x, https:\/\/i0.wp.com\/noticiasribeiraopreto.com.br\/wp-content\/uploads\/2024\/05\/amy_2024-05-16_11-56-13_jpg_2024-05-16_11-56-13.webp.webp?fit=1024%2C683&ssl=1&resize=525%2C300 1.5x, https:\/\/i0.wp.com\/noticiasribeiraopreto.com.br\/wp-content\/uploads\/2024\/05\/amy_2024-05-16_11-56-13_jpg_2024-05-16_11-56-13.webp.webp?fit=1024%2C683&ssl=1&resize=700%2C400 2x"},"classes":[]},{"id":77771,"url":"https:\/\/noticiasribeiraopreto.com.br\/index.php\/2025\/09\/25\/filme-com-dicaprio-e-animacoes-chegam-aos-cinemas-de-ribeirao-preto\/","url_meta":{"origin":66362,"position":2},"title":"Filme com DiCaprio e anima\u00e7\u00f5es chegam aos cinemas de Ribeir\u00e3o Preto","author":"noticiasribeiraopreto.com.br","date":"25 de September de 2025","format":false,"excerpt":"Os cinemas de Ribeir\u00e3o Preto recebem quatro novos t\u00edtulos na programa\u00e7\u00e3o desta quinta-feira (25). O destaque \u00e9 o filme \u201cUma Batalha Ap\u00f3s a Outra\u201c, estrelado por Leonardo DiCaprio. Filmes de anima\u00e7\u00e3o para curtir com a fam\u00edlia tamb\u00e9m entram em cartaz esta semana. Ribeir\u00e3o Preto conta com quatro cinemas, o UCI\u2026","rel":"","context":"In &quot;Not\u00edcias de Ribeir\u00e3o Preto-SP e Regi\u00e3o&quot;","block_context":{"text":"Not\u00edcias de Ribeir\u00e3o Preto-SP e Regi\u00e3o","link":"https:\/\/noticiasribeiraopreto.com.br\/index.php\/category\/noticias-de-ribeirao-preto-sp-e-regiao-ismael-colosi\/"},"img":{"alt_text":"","src":"https:\/\/i0.wp.com\/noticiasribeiraopreto.com.br\/wp-content\/uploads\/2025\/09\/uma-batalha-apos-a-outra-leonardo-dicaprio_2025-09-25_14-33-14.webp.webp?fit=570%2C231&ssl=1&resize=350%2C200","width":350,"height":200,"srcset":"https:\/\/i0.wp.com\/noticiasribeiraopreto.com.br\/wp-content\/uploads\/2025\/09\/uma-batalha-apos-a-outra-leonardo-dicaprio_2025-09-25_14-33-14.webp.webp?fit=570%2C231&ssl=1&resize=350%2C200 1x, https:\/\/i0.wp.com\/noticiasribeiraopreto.com.br\/wp-content\/uploads\/2025\/09\/uma-batalha-apos-a-outra-leonardo-dicaprio_2025-09-25_14-33-14.webp.webp?fit=570%2C231&ssl=1&resize=525%2C300 1.5x"},"classes":[]},{"id":66744,"url":"https:\/\/noticiasribeiraopreto.com.br\/index.php\/2025\/04\/04\/veja-programacao-de-cinema-com-sessoes-gratuitas-que-acontecem-no-sesc-franca\/","url_meta":{"origin":66362,"position":3},"title":"Veja programa\u00e7\u00e3o de cinema com sess\u00f5es gratuitas que acontecem no Sesc Franca","author":"noticiasribeiraopreto.com.br","date":"4 de April de 2025","format":false,"excerpt":"Semanalmente, com sess\u00f5es gratuitas e sempre \u00e0s ter\u00e7as-feiras \u2014 e em outros dias da semana no caso de mostras especiais \u2014 o Teatro do Sesc Franca se transforma em palco para difus\u00e3o de obras cinematogr\u00e1ficas nacionais e estrangeiras, por vezes acompanhadas de bate-papo com diretores ou educadores do Sesc. Para\u2026","rel":"","context":"In &quot;Not\u00edcias de Franca-SP&quot;","block_context":{"text":"Not\u00edcias de Franca-SP","link":"https:\/\/noticiasribeiraopreto.com.br\/index.php\/category\/noticias-de-ribeirao-preto-sp-e-regiao-ismael-colosi\/noticias-franca-sp\/"},"img":{"alt_text":"","src":"https:\/\/i0.wp.com\/noticiasribeiraopreto.com.br\/wp-content\/uploads\/2025\/04\/a-mulher-rei.jpg?fit=721%2C480&ssl=1&resize=350%2C200","width":350,"height":200,"srcset":"https:\/\/i0.wp.com\/noticiasribeiraopreto.com.br\/wp-content\/uploads\/2025\/04\/a-mulher-rei.jpg?fit=721%2C480&ssl=1&resize=350%2C200 1x, https:\/\/i0.wp.com\/noticiasribeiraopreto.com.br\/wp-content\/uploads\/2025\/04\/a-mulher-rei.jpg?fit=721%2C480&ssl=1&resize=525%2C300 1.5x, https:\/\/i0.wp.com\/noticiasribeiraopreto.com.br\/wp-content\/uploads\/2025\/04\/a-mulher-rei.jpg?fit=721%2C480&ssl=1&resize=700%2C400 2x"},"classes":[]},{"id":66148,"url":"https:\/\/noticiasribeiraopreto.com.br\/index.php\/2025\/03\/28\/abril-azul-ribeiraoshopping-e-shoppingsantaursula-promovem-conscientizacao-e-acolhimento-para-pessoas-com-transtorno-do-espectro-autista\/","url_meta":{"origin":66362,"position":4},"title":"Abril Azul: Ribeir\u00e3oShopping e ShoppingSanta\u00darsula promovem conscientiza\u00e7\u00e3o e acolhimento para pessoas com Transtorno do Espectro Autista","author":"noticiasribeiraopreto.com.br","date":"28 de March de 2025","format":false,"excerpt":"A campanha \u201cAbril Azul\u201d foi criada pela em 2007 pela Organiza\u00e7\u00e3o das Na\u00e7\u00f5es Unidas (ONU) como uma forma de conscientizar as pessoas sobre o autismo, assim como dar visibilidade ao Transtorno do Espectro Autista (TEA). Segundo estimativa da Organiza\u00e7\u00e3o Mundial de Sa\u00fade (OMS), uma em cada cem crian\u00e7as no mundo\u2026","rel":"","context":"In &quot;Not\u00edcias de Ribeir\u00e3o Preto-SP e Regi\u00e3o&quot;","block_context":{"text":"Not\u00edcias de Ribeir\u00e3o Preto-SP e Regi\u00e3o","link":"https:\/\/noticiasribeiraopreto.com.br\/index.php\/category\/noticias-de-ribeirao-preto-sp-e-regiao-ismael-colosi\/"},"img":{"alt_text":"","src":"https:\/\/i0.wp.com\/noticiasribeiraopreto.com.br\/wp-content\/uploads\/2025\/03\/Imagem-do-WhatsApp-de-2025-03-28-as-10.58.53_a1d2decd.jpg?fit=1200%2C900&ssl=1&resize=350%2C200","width":350,"height":200,"srcset":"https:\/\/i0.wp.com\/noticiasribeiraopreto.com.br\/wp-content\/uploads\/2025\/03\/Imagem-do-WhatsApp-de-2025-03-28-as-10.58.53_a1d2decd.jpg?fit=1200%2C900&ssl=1&resize=350%2C200 1x, https:\/\/i0.wp.com\/noticiasribeiraopreto.com.br\/wp-content\/uploads\/2025\/03\/Imagem-do-WhatsApp-de-2025-03-28-as-10.58.53_a1d2decd.jpg?fit=1200%2C900&ssl=1&resize=525%2C300 1.5x, https:\/\/i0.wp.com\/noticiasribeiraopreto.com.br\/wp-content\/uploads\/2025\/03\/Imagem-do-WhatsApp-de-2025-03-28-as-10.58.53_a1d2decd.jpg?fit=1200%2C900&ssl=1&resize=700%2C400 2x, https:\/\/i0.wp.com\/noticiasribeiraopreto.com.br\/wp-content\/uploads\/2025\/03\/Imagem-do-WhatsApp-de-2025-03-28-as-10.58.53_a1d2decd.jpg?fit=1200%2C900&ssl=1&resize=1050%2C600 3x"},"classes":[]},{"id":69689,"url":"https:\/\/noticiasribeiraopreto.com.br\/index.php\/2025\/05\/08\/karate-kid-lendas-chega-aos-cinemas-de-ribeirao-preto-confira-os-lancamentos\/","url_meta":{"origin":66362,"position":5},"title":"\u2018Karat\u00ea Kid: Lendas\u2019 chega aos cinemas de Ribeir\u00e3o Preto; Confira os lan\u00e7amentos","author":"noticiasribeiraopreto.com.br","date":"8 de May de 2025","format":false,"excerpt":"Tr\u00eas novos filmes chegam aos cinemas de Ribeir\u00e3o Preto nesta quinta-feira (8). O destaque da programa\u00e7\u00e3o \u00e9 o filme \u201cKarat\u00ea Kid: Lendas\u201d. A franquia est\u00e1 de volta aos cinemas ap\u00f3s 15 anos longe das telonas e, desta vez, acompanha Li Fong. Veja a programa\u00e7\u00e3o completa abaixo. Ribeir\u00e3o Preto conta com\u2026","rel":"","context":"In &quot;Not\u00edcias de Ribeir\u00e3o Preto-SP e Regi\u00e3o&quot;","block_context":{"text":"Not\u00edcias de Ribeir\u00e3o Preto-SP e Regi\u00e3o","link":"https:\/\/noticiasribeiraopreto.com.br\/index.php\/category\/noticias-de-ribeirao-preto-sp-e-regiao-ismael-colosi\/"},"img":{"alt_text":"","src":"https:\/\/i0.wp.com\/noticiasribeiraopreto.com.br\/wp-content\/uploads\/2025\/05\/karate-kid-lendas.webp.webp?fit=414%2C280&ssl=1&resize=350%2C200","width":350,"height":200},"classes":[]}],"jetpack_sharing_enabled":true,"jetpack_shortlink":"https:\/\/wp.me\/peQAOb-hgm","_links":{"self":[{"href":"https:\/\/noticiasribeiraopreto.com.br\/index.php\/wp-json\/wp\/v2\/posts\/66362","targetHints":{"allow":["GET"]}}],"collection":[{"href":"https:\/\/noticiasribeiraopreto.com.br\/index.php\/wp-json\/wp\/v2\/posts"}],"about":[{"href":"https:\/\/noticiasribeiraopreto.com.br\/index.php\/wp-json\/wp\/v2\/types\/post"}],"author":[{"embeddable":true,"href":"https:\/\/noticiasribeiraopreto.com.br\/index.php\/wp-json\/wp\/v2\/users\/1"}],"replies":[{"embeddable":true,"href":"https:\/\/noticiasribeiraopreto.com.br\/index.php\/wp-json\/wp\/v2\/comments?post=66362"}],"version-history":[{"count":0,"href":"https:\/\/noticiasribeiraopreto.com.br\/index.php\/wp-json\/wp\/v2\/posts\/66362\/revisions"}],"wp:featuredmedia":[{"embeddable":true,"href":"https:\/\/noticiasribeiraopreto.com.br\/index.php\/wp-json\/wp\/v2\/media\/66363"}],"wp:attachment":[{"href":"https:\/\/noticiasribeiraopreto.com.br\/index.php\/wp-json\/wp\/v2\/media?parent=66362"}],"wp:term":[{"taxonomy":"category","embeddable":true,"href":"https:\/\/noticiasribeiraopreto.com.br\/index.php\/wp-json\/wp\/v2\/categories?post=66362"},{"taxonomy":"post_tag","embeddable":true,"href":"https:\/\/noticiasribeiraopreto.com.br\/index.php\/wp-json\/wp\/v2\/tags?post=66362"}],"curies":[{"name":"wp","href":"https:\/\/api.w.org\/{rel}","templated":true}]}}