{"id":6882,"date":"2023-11-27T08:05:01","date_gmt":"2023-11-27T11:05:01","guid":{"rendered":"https:\/\/noticiasribeiraopreto.com.br\/index.php\/2023\/11\/27\/por-que-aveia-ajuda-a-emagrecer-e-controla-acucar-no-sangue\/"},"modified":"2023-11-27T08:05:01","modified_gmt":"2023-11-27T11:05:01","slug":"por-que-aveia-ajuda-a-emagrecer-e-controla-acucar-no-sangue","status":"publish","type":"post","link":"https:\/\/noticiasribeiraopreto.com.br\/index.php\/2023\/11\/27\/por-que-aveia-ajuda-a-emagrecer-e-controla-acucar-no-sangue\/","title":{"rendered":"Por que aveia ajuda a emagrecer e controla a\u00e7\u00facar no sangue?"},"content":{"rendered":"<div class='code-block code-block-1' style='margin: 8px 0 8px auto; text-align: right; display: block; clear: both;'>\n<p><a href=\"https:\/\/wa.link\/vpicfd\"><img data-recalc-dims=\"1\" class=\"wp-image-4922\" style=\"aspect-ratio: 2.0253164556962027; width: 561px; height: auto;\" src=\"https:\/\/i0.wp.com\/ismaelcolosi.com.br\/wp-content\/uploads\/2023\/11\/grupo-de-empregos-whatsapp-e-facebook-ismael-colosi-vagas.jpg?ssl=1\" alt=\"\" \/><\/a><\/p>\n<!-- \/wp:image -->\n<\/div>\n<p> <br \/>\n<\/p>\n<div>\n<div id=\"attachment_2314000\" class=\"wp-caption alignnone\">\n<div class=\"d-flex justify-content-center\" data-attachment-id=\"2314000\">\n<div class=\"position-relative d-inline-block\"><img data-recalc-dims=\"1\" data-portal-copyright=\"Getty Images\/iStockphoto\" decoding=\"async\" fetchpriority=\"high\" class=\"wp-image-2314000 size-full\" src=\"https:\/\/i0.wp.com\/catracalivre.com.br\/wp-content\/uploads\/2023\/11\/istock-899796524-1.jpg?resize=1254%2C836&#038;ssl=1\" alt=\"A alta concentra\u00e7\u00e3o de fibras \u00e9 um dos principais motivos pelo qual a aveia \u00e9 considerada uma aliada na busca pelo emagrecimento \u2013 iStock\/Getty Images\" width=\"1254\" height=\"836\" srcset=\"https:\/\/catracalivre.com.br\/wp-content\/uploads\/2023\/11\/istock-899796524-1.jpg 1254w, https:\/\/catracalivre.com.br\/wp-content\/uploads\/2023\/11\/istock-899796524-1-450x300.jpg 450w, https:\/\/catracalivre.com.br\/wp-content\/uploads\/2023\/11\/istock-899796524-1-768x512.jpg 768w\" sizes=\"(max-width: 1254px) 100vw, 1254px\"\/><\/p>\n<p>Cr\u00e9ditos: Getty Images\/iStockphoto<\/p>\n<\/div>\n<\/div>\n<p><span class=\"post-imagem__legenda\">A alta concentra\u00e7\u00e3o de fibras \u00e9 um dos principais motivos pelo qual a aveia \u00e9 considerada uma aliada na busca pelo emagrecimento \u2013 iStock\/Getty Images<\/span><\/p>\n<\/div>\n<p>Pesquisas recentes d\u00e3o conta de que a aveia, por conta de seus nutrientes essenciais e acess\u00edveis, pode ser considerada um superalimento para quem est\u00e1 tentando <strong><a href=\"https:\/\/catracalivre.com.br\/saude-bem-estar\/estes-sao-os-habitos-que-nao-deixam-voce-perder-peso\/\" target=\"_blank\" rel=\"noopener\">emagrecer<\/a><\/strong>. Rica em fibra, ela atua na melhoria da sa\u00fade intestinal e ainda \u00e9 respons\u00e1vel por controlar o<strong><a href=\"https:\/\/bvsms.saude.gov.br\/diabetes\/\" target=\"_blank\" rel=\"noopener\"> colesterol e o diabetes<\/a><\/strong>.<\/p>\n<h2>Por que a aveia?<\/h2>\n<p>A alta concentra\u00e7\u00e3o de fibras \u00e9 um dos principais motivos pelo qual o alimento \u00e9 considerado um aliado na busca pelo emagrecimento, segundo especialistas.<\/p>\n<p>Isso porque as fibras sol\u00faveis encontradas no cereal formam um gel viscoso no est\u00f4mago, causando uma sensa\u00e7\u00e3o de saciedade prolongada, reduzindo a vontade de comer em excesso e, consequentemente, a ingest\u00e3o cal\u00f3rica.<\/p>\n<p>As fibras insol\u00faveis tamb\u00e9m t\u00eam um papel fundamental na sa\u00fade intestinal, pois ajudam a regular o tr\u00e2nsito intestinal e prevenir a constipa\u00e7\u00e3o. Uma digest\u00e3o eficiente \u00e9 essencial para a sa\u00fade intestinal, evitando problemas como incha\u00e7o, desconforto abdominal e pris\u00e3o de ventre.<\/p>\n<p>Por aumentar o gasto energ\u00e9tico, a aveia contribui significativamente para o processo de emagrecimento. Isso porque o corpo\u00a0gasta mais calorias para digerir e absorver as fibras, o que significa que voc\u00ea estar\u00e1 queimando mais calorias simplesmente ao consumir a aveia.<\/p>\n<h2>Outros benef\u00edcios da aveia<\/h2>\n<p>Com baixo \u00edndice glic\u00eamico, o cereal ajuda a retardar a absor\u00e7\u00e3o de glicose na corrente sangu\u00ednea, evitando picos nos n\u00edveis de a\u00e7\u00facar no sangue. Isso \u00e9 especialmente ben\u00e9fico para pessoas com diabetes\u200b.<\/p>\n<p>Consumida regularmente, ela pode ajudar a diminuir os n\u00edveis de colesterol LDL (ruim) no sangue. Isso se deve aos altos n\u00edveis de fibra sol\u00favel na aveia, que se ligam ao colesterol e o removem do corpo. Isso pode ajudar a reduzir o risco de doen\u00e7as card\u00edacas e derrames.<\/p>\n<p>Por isso, voc\u00ea pode incluir a aveia na sua dieta di\u00e1ria a come\u00e7ar pelo caf\u00e9 da manh\u00e3, com um mingau com leite ou \u00e1gua e adicionando frutas e nozes.\u00a0Outra op\u00e7\u00e3o \u00e9 adicionar a aveia em flocos a smoothies ou iogurtes naturais. Al\u00e9m disso, a aveia pode ser usada para preparar barrinhas de cereais caseiras ou como ingrediente em diversas receitas de bolos e biscoitos saud\u00e1veis.<\/p>\n<\/div>\n<p><script>\n\t\t! function(f, b, e, v, n, t, s) {\n\t\t\tif (f.fbq) return;\n\t\t\tn = f.fbq = function() {\n\t\t\t\tn.callMethod ?\n\t\t\t\t\tn.callMethod.apply(n, arguments) : n.queue.push(arguments)\n\t\t\t};\n\t\t\tif (!f._fbq) f._fbq = n;\n\t\t\tn.push = n;\n\t\t\tn.loaded = !0;\n\t\t\tn.version = '2.0';\n\t\t\tn.queue = [];\n\t\t\tt = b.createElement(e);\n\t\t\tt.async = !0;\n\t\t\tt.src = v;\n\t\t\ts = b.getElementsByTagName(e)[0];\n\t\t\ts.parentNode.insertBefore(t, s)\n\t\t}(window, document, 'script',\n\t\t\t'https:\/\/connect.facebook.net\/en_US\/fbevents.js');\n\t\tfbq('init', '338315473262380');\n\t\tfbq('track', 'PageView');\n\t<\/script><br \/>\n<br \/><br \/>\n<br \/><a href=\"https:\/\/catracalivre.com.br\/saude-bem-estar\/por-que-aveia-ajuda-a-emagrecer-e-controla-acucar-no-sangue\/\">Source link <\/a><\/p>\n<!-- CONTENT END 1 -->\n","protected":false},"excerpt":{"rendered":"<p>Cr\u00e9ditos: Getty Images\/iStockphoto A alta concentra\u00e7\u00e3o de fibras \u00e9 um dos principais motivos pelo qual a aveia \u00e9 considerada uma aliada na busca pelo emagrecimento&#8230;<\/p>\n","protected":false},"author":1,"featured_media":6883,"comment_status":"open","ping_status":"open","sticky":false,"template":"","format":"standard","meta":{"advanced_seo_description":"","jetpack_seo_html_title":"","jetpack_seo_noindex":false,"jetpack_post_was_ever_published":false,"_jetpack_newsletter_access":"","_jetpack_dont_email_post_to_subs":false,"_jetpack_newsletter_tier_id":0,"_jetpack_memberships_contains_paywalled_content":false,"_jetpack_memberships_contains_paid_content":false,"footnotes":"","jetpack_publicize_message":"","jetpack_publicize_feature_enabled":true,"jetpack_social_post_already_shared":true,"jetpack_social_options":{"image_generator_settings":{"template":"highway","default_image_id":0,"font":"","enabled":false},"version":2}},"categories":[19],"tags":[],"class_list":["post-6882","post","type-post","status-publish","format-standard","has-post-thumbnail","hentry","category-variedades"],"jetpack_publicize_connections":[],"jetpack_featured_media_url":"https:\/\/i0.wp.com\/noticiasribeiraopreto.com.br\/wp-content\/uploads\/2023\/11\/istock-899796524-1.jpg?fit=1200%2C638&ssl=1","jetpack-related-posts":[{"id":10226,"url":"https:\/\/noticiasribeiraopreto.com.br\/index.php\/2023\/12\/04\/cafe-da-manha-mais-saudavel-elimina-placas-de-colesterol\/","url_meta":{"origin":6882,"position":0},"title":"Caf\u00e9 da manh\u00e3 mais saud\u00e1vel elimina placas de colesterol","author":"noticiasribeiraopreto.com.br","date":"4 de December de 2023","format":false,"excerpt":"Cr\u00e9ditos: Getty Images\/iStockphotoCaf\u00e9 da manh\u00e3 pode ser o primeiro passo para diminuir placas de colesterol \u2013 iStock\/Getty Images Come\u00e7ar o dia apostando em um caf\u00e9 da manh\u00e3 mais nutritivo pode ser uma boa escolha para quem busca um estilo de vida saud\u00e1vel. E isso n\u00e3o quer dizer abrir m\u00e3o do\u2026","rel":"","context":"In &quot;Variedades&quot;","block_context":{"text":"Variedades","link":"https:\/\/noticiasribeiraopreto.com.br\/index.php\/category\/variedades\/"},"img":{"alt_text":"","src":"https:\/\/i0.wp.com\/noticiasribeiraopreto.com.br\/wp-content\/uploads\/2023\/12\/istock-916332836.jpg?fit=1200%2C638&ssl=1&resize=350%2C200","width":350,"height":200,"srcset":"https:\/\/i0.wp.com\/noticiasribeiraopreto.com.br\/wp-content\/uploads\/2023\/12\/istock-916332836.jpg?fit=1200%2C638&ssl=1&resize=350%2C200 1x, https:\/\/i0.wp.com\/noticiasribeiraopreto.com.br\/wp-content\/uploads\/2023\/12\/istock-916332836.jpg?fit=1200%2C638&ssl=1&resize=525%2C300 1.5x, https:\/\/i0.wp.com\/noticiasribeiraopreto.com.br\/wp-content\/uploads\/2023\/12\/istock-916332836.jpg?fit=1200%2C638&ssl=1&resize=700%2C400 2x, https:\/\/i0.wp.com\/noticiasribeiraopreto.com.br\/wp-content\/uploads\/2023\/12\/istock-916332836.jpg?fit=1200%2C638&ssl=1&resize=1050%2C600 3x"},"classes":[]},{"id":21769,"url":"https:\/\/noticiasribeiraopreto.com.br\/index.php\/2023\/12\/28\/rico-em-fibras-cereal-ajuda-a-reduzir-risco-de-infarto\/","url_meta":{"origin":6882,"position":1},"title":"Rico em fibras, cereal ajuda a reduzir risco de infarto","author":"noticiasribeiraopreto.com.br","date":"28 de December de 2023","format":false,"excerpt":"Cr\u00e9ditos: Labylullaby\/istockEstudos recentes mostram como o cereal pode ser capaz de reduzir o risco de infarto \u2013 iStock\/Getty Images A aveia, um gr\u00e3o integral comumente consumido no caf\u00e9 da manh\u00e3, revelou-se uma potente aliada na preven\u00e7\u00e3o de doen\u00e7as no cora\u00e7\u00e3o. \u00c9 o que mostram\u00a0 estudos cient\u00edficos recentes, que apontam para\u2026","rel":"","context":"In &quot;Variedades&quot;","block_context":{"text":"Variedades","link":"https:\/\/noticiasribeiraopreto.com.br\/index.php\/category\/variedades\/"},"img":{"alt_text":"","src":"https:\/\/i0.wp.com\/noticiasribeiraopreto.com.br\/wp-content\/uploads\/2023\/12\/istock-1003989000.jpg?fit=1200%2C638&ssl=1&resize=350%2C200","width":350,"height":200,"srcset":"https:\/\/i0.wp.com\/noticiasribeiraopreto.com.br\/wp-content\/uploads\/2023\/12\/istock-1003989000.jpg?fit=1200%2C638&ssl=1&resize=350%2C200 1x, https:\/\/i0.wp.com\/noticiasribeiraopreto.com.br\/wp-content\/uploads\/2023\/12\/istock-1003989000.jpg?fit=1200%2C638&ssl=1&resize=525%2C300 1.5x, https:\/\/i0.wp.com\/noticiasribeiraopreto.com.br\/wp-content\/uploads\/2023\/12\/istock-1003989000.jpg?fit=1200%2C638&ssl=1&resize=700%2C400 2x, https:\/\/i0.wp.com\/noticiasribeiraopreto.com.br\/wp-content\/uploads\/2023\/12\/istock-1003989000.jpg?fit=1200%2C638&ssl=1&resize=1050%2C600 3x"},"classes":[]},{"id":84416,"url":"https:\/\/noticiasribeiraopreto.com.br\/index.php\/2026\/04\/09\/sobremesa-gluten-free-com-andrea-vitaliano\/","url_meta":{"origin":6882,"position":2},"title":"Sobremesa Gluten Free com Andr\u00e9a Vitaliano","author":"noticiasribeiraopreto.com.br","date":"9 de April de 2026","format":false,"excerpt":"Ler o resumo da not\u00edcia Andr\u00e9a Vitaliano apresentou receita de sobremesa sem gl\u00faten no programa Momento da Fam\u00edlia. A proposta consiste em cestinhas nutritivas feitas com banana, chocolate 70%, \u00f3leo de coco, chia e aveia sem gl\u00faten. A massa \u00e9 modelada em forminhas de silicone e rechada com doce de\u2026","rel":"","context":"In &quot;Not\u00edcias de Ribeir\u00e3o Preto-SP e Regi\u00e3o&quot;","block_context":{"text":"Not\u00edcias de Ribeir\u00e3o Preto-SP e Regi\u00e3o","link":"https:\/\/noticiasribeiraopreto.com.br\/index.php\/category\/noticias-de-ribeirao-preto-sp-e-regiao-ismael-colosi\/"},"img":{"alt_text":"","src":"https:\/\/i0.wp.com\/noticiasribeiraopreto.com.br\/wp-content\/uploads\/2026\/04\/capa-RECEITA-GLUTEN-FREE-ALTA_2026-04-09_13-14-51.webp.webp?fit=1114%2C628&ssl=1&resize=350%2C200","width":350,"height":200,"srcset":"https:\/\/i0.wp.com\/noticiasribeiraopreto.com.br\/wp-content\/uploads\/2026\/04\/capa-RECEITA-GLUTEN-FREE-ALTA_2026-04-09_13-14-51.webp.webp?fit=1114%2C628&ssl=1&resize=350%2C200 1x, https:\/\/i0.wp.com\/noticiasribeiraopreto.com.br\/wp-content\/uploads\/2026\/04\/capa-RECEITA-GLUTEN-FREE-ALTA_2026-04-09_13-14-51.webp.webp?fit=1114%2C628&ssl=1&resize=525%2C300 1.5x, https:\/\/i0.wp.com\/noticiasribeiraopreto.com.br\/wp-content\/uploads\/2026\/04\/capa-RECEITA-GLUTEN-FREE-ALTA_2026-04-09_13-14-51.webp.webp?fit=1114%2C628&ssl=1&resize=700%2C400 2x, https:\/\/i0.wp.com\/noticiasribeiraopreto.com.br\/wp-content\/uploads\/2026\/04\/capa-RECEITA-GLUTEN-FREE-ALTA_2026-04-09_13-14-51.webp.webp?fit=1114%2C628&ssl=1&resize=1050%2C600 3x"},"classes":[]},{"id":71108,"url":"https:\/\/noticiasribeiraopreto.com.br\/index.php\/2025\/06\/02\/jornal-da-franca-especialistas-dao-a-dica-alimentos-podem-ajudar-a-curar-pessoas-com-intestino-preso\/","url_meta":{"origin":6882,"position":3},"title":"Jornal da Franca &#8211; Especialistas d\u00e3o a dica: alimentos podem ajudar a curar pessoas com intestino preso","author":"noticiasribeiraopreto.com.br","date":"2 de June de 2025","format":false,"excerpt":"compartilhar no whatsapp compartilhar no telegram compartilhar no facebook compartilhar no linkedin Muita gente tem que tomar rem\u00e9dios para controlar o fluxo de fezes, mas controle natural \u00e9 melhor Muita gente tem que tomar rem\u00e9dios para controlar o fluxo de fezes, mas controle natural \u00e9 melhor Quem tem, no dia\u2026","rel":"","context":"In &quot;Not\u00edcias de Franca-SP&quot;","block_context":{"text":"Not\u00edcias de Franca-SP","link":"https:\/\/noticiasribeiraopreto.com.br\/index.php\/category\/noticias-de-ribeirao-preto-sp-e-regiao-ismael-colosi\/noticias-franca-sp\/"},"img":{"alt_text":"","src":"https:\/\/i0.wp.com\/noticiasribeiraopreto.com.br\/wp-content\/uploads\/2025\/06\/frutas-citricas.jpg?fit=1200%2C738&ssl=1&resize=350%2C200","width":350,"height":200,"srcset":"https:\/\/i0.wp.com\/noticiasribeiraopreto.com.br\/wp-content\/uploads\/2025\/06\/frutas-citricas.jpg?fit=1200%2C738&ssl=1&resize=350%2C200 1x, https:\/\/i0.wp.com\/noticiasribeiraopreto.com.br\/wp-content\/uploads\/2025\/06\/frutas-citricas.jpg?fit=1200%2C738&ssl=1&resize=525%2C300 1.5x, https:\/\/i0.wp.com\/noticiasribeiraopreto.com.br\/wp-content\/uploads\/2025\/06\/frutas-citricas.jpg?fit=1200%2C738&ssl=1&resize=700%2C400 2x, https:\/\/i0.wp.com\/noticiasribeiraopreto.com.br\/wp-content\/uploads\/2025\/06\/frutas-citricas.jpg?fit=1200%2C738&ssl=1&resize=1050%2C600 3x"},"classes":[]},{"id":65605,"url":"https:\/\/noticiasribeiraopreto.com.br\/index.php\/2025\/03\/21\/jornal-da-franca-voce-usa-energetico-como-pre-treino-entenda-os-riscos-para-a-sua-saude\/","url_meta":{"origin":6882,"position":4},"title":"Jornal da Franca &#8211; Voc\u00ea usa energ\u00e9tico como pr\u00e9-treino? Entenda os riscos para a sua sa\u00fade!","author":"noticiasribeiraopreto.com.br","date":"21 de March de 2025","format":false,"excerpt":"compartilhar no whatsapp compartilhar no telegram compartilhar no facebook compartilhar no linkedin Al\u00e9m de aumentar o risco de problemas card\u00edacos, o uso de energ\u00e9tico como pr\u00e9-treino pode comprometer tamb\u00e9m o desempenho f\u00edsico Energ\u00e9tico \u00e9 estimulante e aumenta a frequ\u00eancia card\u00edaca, podendo causar infarto \u2013 foto Shutterstock \u00a0 O uso de\u2026","rel":"","context":"In &quot;Not\u00edcias de Franca-SP&quot;","block_context":{"text":"Not\u00edcias de Franca-SP","link":"https:\/\/noticiasribeiraopreto.com.br\/index.php\/category\/noticias-de-ribeirao-preto-sp-e-regiao-ismael-colosi\/noticias-franca-sp\/"},"img":{"alt_text":"","src":"https:\/\/i0.wp.com\/noticiasribeiraopreto.com.br\/wp-content\/uploads\/2025\/03\/energetico-shutterstock.jpg?fit=1200%2C675&ssl=1&resize=350%2C200","width":350,"height":200,"srcset":"https:\/\/i0.wp.com\/noticiasribeiraopreto.com.br\/wp-content\/uploads\/2025\/03\/energetico-shutterstock.jpg?fit=1200%2C675&ssl=1&resize=350%2C200 1x, https:\/\/i0.wp.com\/noticiasribeiraopreto.com.br\/wp-content\/uploads\/2025\/03\/energetico-shutterstock.jpg?fit=1200%2C675&ssl=1&resize=525%2C300 1.5x, https:\/\/i0.wp.com\/noticiasribeiraopreto.com.br\/wp-content\/uploads\/2025\/03\/energetico-shutterstock.jpg?fit=1200%2C675&ssl=1&resize=700%2C400 2x, https:\/\/i0.wp.com\/noticiasribeiraopreto.com.br\/wp-content\/uploads\/2025\/03\/energetico-shutterstock.jpg?fit=1200%2C675&ssl=1&resize=1050%2C600 3x"},"classes":[]},{"id":16300,"url":"https:\/\/noticiasribeiraopreto.com.br\/index.php\/2023\/12\/15\/4-alimentos-que-podem-reduzir-o-colesterol-ruim\/","url_meta":{"origin":6882,"position":5},"title":"4 alimentos que podem reduzir o colesterol ruim","author":"noticiasribeiraopreto.com.br","date":"15 de December de 2023","format":false,"excerpt":"Cr\u00e9ditos: dulezidar\/iStockGorduras insaturadas encontradas no azeite de oliva s\u00e3o indispens\u00e1veis para a redu\u00e7\u00e3o do colesterol ruim \u2013 iStock\/Getty Images Capaz de desempenhar um papel importante na redu\u00e7\u00e3o do colesterol ruim (LDL) e no aumento do colesterol bom (HDL), uma dieta saud\u00e1vel \u00e9 fundamental para melhorar a sa\u00fade cardiovascular. Por isso,\u2026","rel":"","context":"In &quot;Variedades&quot;","block_context":{"text":"Variedades","link":"https:\/\/noticiasribeiraopreto.com.br\/index.php\/category\/variedades\/"},"img":{"alt_text":"","src":"https:\/\/i0.wp.com\/noticiasribeiraopreto.com.br\/wp-content\/uploads\/2023\/12\/azeite-910x607.jpg?fit=1200%2C638&ssl=1&resize=350%2C200","width":350,"height":200,"srcset":"https:\/\/i0.wp.com\/noticiasribeiraopreto.com.br\/wp-content\/uploads\/2023\/12\/azeite-910x607.jpg?fit=1200%2C638&ssl=1&resize=350%2C200 1x, https:\/\/i0.wp.com\/noticiasribeiraopreto.com.br\/wp-content\/uploads\/2023\/12\/azeite-910x607.jpg?fit=1200%2C638&ssl=1&resize=525%2C300 1.5x, https:\/\/i0.wp.com\/noticiasribeiraopreto.com.br\/wp-content\/uploads\/2023\/12\/azeite-910x607.jpg?fit=1200%2C638&ssl=1&resize=700%2C400 2x, https:\/\/i0.wp.com\/noticiasribeiraopreto.com.br\/wp-content\/uploads\/2023\/12\/azeite-910x607.jpg?fit=1200%2C638&ssl=1&resize=1050%2C600 3x"},"classes":[]}],"jetpack_sharing_enabled":true,"jetpack_shortlink":"https:\/\/wp.me\/peQAOb-1N0","_links":{"self":[{"href":"https:\/\/noticiasribeiraopreto.com.br\/index.php\/wp-json\/wp\/v2\/posts\/6882","targetHints":{"allow":["GET"]}}],"collection":[{"href":"https:\/\/noticiasribeiraopreto.com.br\/index.php\/wp-json\/wp\/v2\/posts"}],"about":[{"href":"https:\/\/noticiasribeiraopreto.com.br\/index.php\/wp-json\/wp\/v2\/types\/post"}],"author":[{"embeddable":true,"href":"https:\/\/noticiasribeiraopreto.com.br\/index.php\/wp-json\/wp\/v2\/users\/1"}],"replies":[{"embeddable":true,"href":"https:\/\/noticiasribeiraopreto.com.br\/index.php\/wp-json\/wp\/v2\/comments?post=6882"}],"version-history":[{"count":0,"href":"https:\/\/noticiasribeiraopreto.com.br\/index.php\/wp-json\/wp\/v2\/posts\/6882\/revisions"}],"wp:featuredmedia":[{"embeddable":true,"href":"https:\/\/noticiasribeiraopreto.com.br\/index.php\/wp-json\/wp\/v2\/media\/6883"}],"wp:attachment":[{"href":"https:\/\/noticiasribeiraopreto.com.br\/index.php\/wp-json\/wp\/v2\/media?parent=6882"}],"wp:term":[{"taxonomy":"category","embeddable":true,"href":"https:\/\/noticiasribeiraopreto.com.br\/index.php\/wp-json\/wp\/v2\/categories?post=6882"},{"taxonomy":"post_tag","embeddable":true,"href":"https:\/\/noticiasribeiraopreto.com.br\/index.php\/wp-json\/wp\/v2\/tags?post=6882"}],"curies":[{"name":"wp","href":"https:\/\/api.w.org\/{rel}","templated":true}]}}