{"id":6886,"date":"2023-11-27T08:00:01","date_gmt":"2023-11-27T11:00:01","guid":{"rendered":"https:\/\/noticiasribeiraopreto.com.br\/index.php\/2023\/11\/27\/acesso-a-avenida-independencia-a-partir-da-rua-lafaiete-ficara-interditado-por-20-dias\/"},"modified":"2023-11-27T08:00:01","modified_gmt":"2023-11-27T11:00:01","slug":"acesso-a-avenida-independencia-a-partir-da-rua-lafaiete-ficara-interditado-por-20-dias","status":"publish","type":"post","link":"https:\/\/noticiasribeiraopreto.com.br\/index.php\/2023\/11\/27\/acesso-a-avenida-independencia-a-partir-da-rua-lafaiete-ficara-interditado-por-20-dias\/","title":{"rendered":"Acesso \u00e0 avenida Independ\u00eancia a partir da rua Lafaiete ficar\u00e1 interditado por 20 dias"},"content":{"rendered":"<div class='code-block code-block-1' style='margin: 8px 0 8px auto; text-align: right; display: block; clear: both;'>\n<p><a href=\"https:\/\/wa.link\/vpicfd\"><img data-recalc-dims=\"1\" class=\"wp-image-4922\" style=\"aspect-ratio: 2.0253164556962027; width: 561px; height: auto;\" src=\"https:\/\/i0.wp.com\/ismaelcolosi.com.br\/wp-content\/uploads\/2023\/11\/grupo-de-empregos-whatsapp-e-facebook-ismael-colosi-vagas.jpg?ssl=1\" alt=\"\" \/><\/a><\/p>\n<!-- \/wp:image -->\n<\/div>\n<p> <br \/>\n<\/p>\n<div id=\"post-365341\">\n<header class=\"entry-header penci-entry-header penci-title-center\">\n<p> <span class=\"entry-meta-item penci-posted-on\"><i class=\"fa fa-clock-o\"\/><time class=\"entry-date published\" datetime=\"2023-11-27T08:00:01-03:00\">27 de novembro de 2023 | 8:00<\/time><time class=\"updated\" datetime=\"2023-11-26T12:37:14-03:00\">26 de novembro de 2023 | 12:37<\/time><\/span><\/p>\n<p> <span class=\"penci-social-buttons penci-social-share-footer\"><a href=\"#\" class=\"penci-post-like penci_post-meta_item  single-like-button penci-social-item like\" data-post_id=\"365341\" title=\"Like\" data-like=\"Like\" data-unlike=\"Unlike\"><i class=\"fa fa-thumbs-o-up\"\/><span class=\"penci-share-number\">0<\/span><\/a><i class=\"fa fa-facebook\"\/><a class=\"penci-social-item twitter\" target=\"_blank\" rel=\"noopener\" title=\"\" href=\"https:\/\/twitter.com\/intent\/tweet?text=Acesso%20\u00e0%20avenida%20Independ\u00eancia%20a%20partir%20da%20rua%20Lafaiete%20ficar\u00e1%20interditado%20por%2020%20dias%20-%20https:\/\/www.tribunaribeirao.com.br\/site\/acesso-a-avenida-independencia-a-partir-da-rua-lafaiete-ficara-interditado-por-20-dias\/\"><i class=\"fa fa-twitter\"\/><\/a><i class=\"fa fa-whatsapp\"\/><\/span><\/header>\n<div class=\"penci-entry-content entry-content\">\n<p>Em raz\u00e3o do andamento das obras do corredor de \u00f4nibus do quadril\u00e1tero Central, a partir da pr\u00f3xima segunda-feira, dia 27 de novembro, ser\u00e1 necess\u00e1ria a interdi\u00e7\u00e3o total de um trecho da rua Lafaiete, da rua Floriano Peixoto at\u00e9 a avenida Independ\u00eancia.<\/p>\n<p>Com essa interven\u00e7\u00e3o vi\u00e1ria, a RP Mobi recomenda aos condutores a utilizarem a seguinte rota alternativa:<\/p>\n<p>\u2022 Quem vem pela rua Lafaiete em dire\u00e7\u00e3o \u00e0 avenida Independ\u00eancia, ter\u00e1 que virar \u00e0 direita na rua Floriano Peixoto, \u00e0 esquerda na rua Campos Sales para acessar \u00e0 avenida Independ\u00eancia e seguir ao destino desejado.<\/p>\n<p>De acordo com a DGB Engenharia, construtora respons\u00e1vel pela execu\u00e7\u00e3o dessas obras, este bloqueio tem previs\u00e3o de in\u00edcio \u00e0s 9 horas da pr\u00f3xima segunda-feira, dia 27 de novembro; e tem previs\u00e3o de dura\u00e7\u00e3o de 20 dias.<\/p>\n<p>Na regi\u00e3o desta interdi\u00e7\u00e3o haver\u00e1 acessos locais somente para moradores e comerciantes.<\/p>\n<p>A interdi\u00e7\u00e3o estar\u00e1 devidamente sinalizada com cavaletes e cones, al\u00e9m de placas com indica\u00e7\u00f5es sobre os desvios necess\u00e1rios. Al\u00e9m disso, uma equipe t\u00e9cnica estar\u00e1 em monitoramento ao andamento dos servi\u00e7os a fim de garantir a seguran\u00e7a necess\u00e1ria aos condutores e pedestres na regi\u00e3o.<\/p>\n<p>A RP Mobi orienta os condutores que redobrem a aten\u00e7\u00e3o e diminuam a velocidade de seus ve\u00edculos a fim de se evitar acidentes.<\/p>\n<p>\u00a0<\/p>\n<\/div>\n<footer class=\"penci-entry-footer\"\/><\/div>\n<p><script async src=\"\/\/platform.twitter.com\/widgets.js\" charset=\"utf-8\"><\/script><br \/>\n<br \/><br \/>\n<br \/><a href=\"https:\/\/www.tribunaribeirao.com.br\/site\/acesso-a-avenida-independencia-a-partir-da-rua-lafaiete-ficara-interditado-por-20-dias\/\">Source link <\/a><\/p>\n<!-- CONTENT END 1 -->\n","protected":false},"excerpt":{"rendered":"<p>27 de novembro de 2023 | 8:0026 de novembro de 2023 | 12:37 0 Em raz\u00e3o do andamento das obras do corredor de \u00f4nibus do&#8230;<\/p>\n","protected":false},"author":1,"featured_media":6887,"comment_status":"open","ping_status":"open","sticky":false,"template":"","format":"standard","meta":{"advanced_seo_description":"","jetpack_seo_html_title":"","jetpack_seo_noindex":false,"jetpack_post_was_ever_published":false,"_jetpack_newsletter_access":"","_jetpack_dont_email_post_to_subs":false,"_jetpack_newsletter_tier_id":0,"_jetpack_memberships_contains_paywalled_content":false,"_jetpack_memberships_contains_paid_content":false,"footnotes":"","jetpack_publicize_message":"","jetpack_publicize_feature_enabled":true,"jetpack_social_post_already_shared":true,"jetpack_social_options":{"image_generator_settings":{"template":"highway","default_image_id":0,"font":"","enabled":false},"version":2}},"categories":[11],"tags":[318,849,493,852,850,447,851,166,134,61],"class_list":["post-6886","post","type-post","status-publish","format-standard","has-post-thumbnail","hentry","category-noticias-de-ribeirao-preto-sp-e-regiao-ismael-colosi","tag-acesso","tag-avenida","tag-dias","tag-ficara","tag-independencia","tag-interditado","tag-lafaiete","tag-partir","tag-por","tag-rua"],"jetpack_publicize_connections":[],"jetpack_featured_media_url":"https:\/\/i0.wp.com\/noticiasribeiraopreto.com.br\/wp-content\/uploads\/2023\/11\/1701083480_transito.jpg?fit=770%2C500&ssl=1","jetpack-related-posts":[{"id":38877,"url":"https:\/\/noticiasribeiraopreto.com.br\/index.php\/2024\/02\/22\/cruzamento-da-barao-do-amazonas-com-a-rua-lafaiete-ficara-interditado-por-cinco-dias\/","url_meta":{"origin":6886,"position":0},"title":"Cruzamento da Bar\u00e3o do Amazonas com a rua Lafaiete ficar\u00e1 interditado por cinco dias","author":"noticiasribeiraopreto.com.br","date":"22 de February de 2024","format":false,"excerpt":"22 de fevereiro de 2024 | 8:3021 de fevereiro de 2024 | 18:24 0Com o andamento das obras do corredor de \u00f4nibus do quadril\u00e1tero Central, a partir das 9h, desta quinta-feira, dia 22 de fevereiro, haver\u00e1 a interdi\u00e7\u00e3o total do cruzamento da rua Bar\u00e3o do Amazonas com a rua Lafaiete.Com\u2026","rel":"","context":"In &quot;Not\u00edcias de Ribeir\u00e3o Preto-SP e Regi\u00e3o&quot;","block_context":{"text":"Not\u00edcias de Ribeir\u00e3o Preto-SP e Regi\u00e3o","link":"https:\/\/noticiasribeiraopreto.com.br\/index.php\/category\/noticias-de-ribeirao-preto-sp-e-regiao-ismael-colosi\/"},"img":{"alt_text":"","src":"https:\/\/i0.wp.com\/noticiasribeiraopreto.com.br\/wp-content\/uploads\/2024\/02\/bloqueio_barao_do_amazonas_-_foto_fernando_gonzaga_1-scaled.jpg?fit=967%2C645&ssl=1&resize=350%2C200","width":350,"height":200,"srcset":"https:\/\/i0.wp.com\/noticiasribeiraopreto.com.br\/wp-content\/uploads\/2024\/02\/bloqueio_barao_do_amazonas_-_foto_fernando_gonzaga_1-scaled.jpg?fit=967%2C645&ssl=1&resize=350%2C200 1x, https:\/\/i0.wp.com\/noticiasribeiraopreto.com.br\/wp-content\/uploads\/2024\/02\/bloqueio_barao_do_amazonas_-_foto_fernando_gonzaga_1-scaled.jpg?fit=967%2C645&ssl=1&resize=525%2C300 1.5x, https:\/\/i0.wp.com\/noticiasribeiraopreto.com.br\/wp-content\/uploads\/2024\/02\/bloqueio_barao_do_amazonas_-_foto_fernando_gonzaga_1-scaled.jpg?fit=967%2C645&ssl=1&resize=700%2C400 2x"},"classes":[]},{"id":38456,"url":"https:\/\/noticiasribeiraopreto.com.br\/index.php\/2024\/02\/20\/trecho-da-barao-do-amazonas-ficara-interditado-por-20-dias\/","url_meta":{"origin":6886,"position":1},"title":"Trecho da Bar\u00e3o do Amazonas ficar\u00e1 interditado por 20 dias","author":"noticiasribeiraopreto.com.br","date":"20 de February de 2024","format":false,"excerpt":"20 de fevereiro de 2024 | 8:3019 de fevereiro de 2024 | 17:17 0A partir das 13h desta ter\u00e7a-feira, dia 20 de fevereiro, haver\u00e1 a interdi\u00e7\u00e3o total de mais um trecho da rua Bar\u00e3o do Amazonas, da rua Flor\u00eancio de Abreu at\u00e9 a rua Am\u00e9rico Brasiliense, por causa do andamento\u2026","rel":"","context":"In &quot;Not\u00edcias de Ribeir\u00e3o Preto-SP e Regi\u00e3o&quot;","block_context":{"text":"Not\u00edcias de Ribeir\u00e3o Preto-SP e Regi\u00e3o","link":"https:\/\/noticiasribeiraopreto.com.br\/index.php\/category\/noticias-de-ribeirao-preto-sp-e-regiao-ismael-colosi\/"},"img":{"alt_text":"","src":"https:\/\/i0.wp.com\/noticiasribeiraopreto.com.br\/wp-content\/uploads\/2024\/02\/obras_mobilidade_quadrilatero_-_foto_guilherme_sircili_38-scaled.jpg?fit=967%2C645&ssl=1&resize=350%2C200","width":350,"height":200,"srcset":"https:\/\/i0.wp.com\/noticiasribeiraopreto.com.br\/wp-content\/uploads\/2024\/02\/obras_mobilidade_quadrilatero_-_foto_guilherme_sircili_38-scaled.jpg?fit=967%2C645&ssl=1&resize=350%2C200 1x, https:\/\/i0.wp.com\/noticiasribeiraopreto.com.br\/wp-content\/uploads\/2024\/02\/obras_mobilidade_quadrilatero_-_foto_guilherme_sircili_38-scaled.jpg?fit=967%2C645&ssl=1&resize=525%2C300 1.5x, https:\/\/i0.wp.com\/noticiasribeiraopreto.com.br\/wp-content\/uploads\/2024\/02\/obras_mobilidade_quadrilatero_-_foto_guilherme_sircili_38-scaled.jpg?fit=967%2C645&ssl=1&resize=700%2C400 2x"},"classes":[]},{"id":40636,"url":"https:\/\/noticiasribeiraopreto.com.br\/index.php\/2024\/03\/05\/cruzamento-da-lafaiete-com-a-sete-de-setembro-sera-interditado-nesta-terca\/","url_meta":{"origin":6886,"position":2},"title":"Cruzamento da Lafaiete com a Sete de Setembro ser\u00e1 interditado nesta ter\u00e7a","author":"noticiasribeiraopreto.com.br","date":"5 de March de 2024","format":false,"excerpt":"5 de mar\u00e7o de 2024 | 8:304 de mar\u00e7o de 2024 | 17:44 0\u00a0Com o andamento das obras do corredor de \u00f4nibus do quadril\u00e1tero Central, pelo programa Ribeir\u00e3o Mobilidade, a partir das 9h desta ter\u00e7a-feira, dia 5 de mar\u00e7o, haver\u00e1 a interdi\u00e7\u00e3o total do cruzamento da rua Lafaiete com a\u2026","rel":"","context":"In &quot;Not\u00edcias de Ribeir\u00e3o Preto-SP e Regi\u00e3o&quot;","block_context":{"text":"Not\u00edcias de Ribeir\u00e3o Preto-SP e Regi\u00e3o","link":"https:\/\/noticiasribeiraopreto.com.br\/index.php\/category\/noticias-de-ribeirao-preto-sp-e-regiao-ismael-colosi\/"},"img":{"alt_text":"","src":"https:\/\/i0.wp.com\/noticiasribeiraopreto.com.br\/wp-content\/uploads\/2024\/03\/OBRAS-1.png?fit=814%2C515&ssl=1&resize=350%2C200","width":350,"height":200,"srcset":"https:\/\/i0.wp.com\/noticiasribeiraopreto.com.br\/wp-content\/uploads\/2024\/03\/OBRAS-1.png?fit=814%2C515&ssl=1&resize=350%2C200 1x, https:\/\/i0.wp.com\/noticiasribeiraopreto.com.br\/wp-content\/uploads\/2024\/03\/OBRAS-1.png?fit=814%2C515&ssl=1&resize=525%2C300 1.5x, https:\/\/i0.wp.com\/noticiasribeiraopreto.com.br\/wp-content\/uploads\/2024\/03\/OBRAS-1.png?fit=814%2C515&ssl=1&resize=700%2C400 2x"},"classes":[]},{"id":34320,"url":"https:\/\/noticiasribeiraopreto.com.br\/index.php\/2024\/02\/01\/acesso-a-rua-campos-sales-a-partir-da-rua-visconde-de-inhauma-volta-a-ser-interditado\/","url_meta":{"origin":6886,"position":3},"title":"Acesso \u00e0 rua Campos Sales a partir da rua Visconde de Inha\u00fama volta a ser interditado","author":"noticiasribeiraopreto.com.br","date":"1 de February de 2024","format":false,"excerpt":"1 de fevereiro de 2024 | 17:271 de fevereiro de 2024 | 17:28 0Em raz\u00e3o do andamento das obras do corredor de \u00f4nibus no quadril\u00e1tero Central, pelo programa Ribeir\u00e3o Mobilidade, nesta quinta-feira, dia 1\u00ba de fevereiro, houve a necessidade de retomar a interdi\u00e7\u00e3o total do acesso \u00e0 rua Campos Sales\u2026","rel":"","context":"In &quot;Not\u00edcias de Ribeir\u00e3o Preto-SP e Regi\u00e3o&quot;","block_context":{"text":"Not\u00edcias de Ribeir\u00e3o Preto-SP e Regi\u00e3o","link":"https:\/\/noticiasribeiraopreto.com.br\/index.php\/category\/noticias-de-ribeirao-preto-sp-e-regiao-ismael-colosi\/"},"img":{"alt_text":"","src":"https:\/\/i0.wp.com\/noticiasribeiraopreto.com.br\/wp-content\/uploads\/2024\/02\/interdicao_campos_sales1-scaled.jpeg?fit=956%2C645&ssl=1&resize=350%2C200","width":350,"height":200,"srcset":"https:\/\/i0.wp.com\/noticiasribeiraopreto.com.br\/wp-content\/uploads\/2024\/02\/interdicao_campos_sales1-scaled.jpeg?fit=956%2C645&ssl=1&resize=350%2C200 1x, https:\/\/i0.wp.com\/noticiasribeiraopreto.com.br\/wp-content\/uploads\/2024\/02\/interdicao_campos_sales1-scaled.jpeg?fit=956%2C645&ssl=1&resize=525%2C300 1.5x, https:\/\/i0.wp.com\/noticiasribeiraopreto.com.br\/wp-content\/uploads\/2024\/02\/interdicao_campos_sales1-scaled.jpeg?fit=956%2C645&ssl=1&resize=700%2C400 2x"},"classes":[]},{"id":15792,"url":"https:\/\/noticiasribeiraopreto.com.br\/index.php\/2023\/12\/14\/trecho-da-francisco-junqueira-ficara-interditado-por-uma-semana\/","url_meta":{"origin":6886,"position":4},"title":"Trecho da Francisco Junqueira ficar\u00e1 interditado por uma semana","author":"noticiasribeiraopreto.com.br","date":"14 de December de 2023","format":false,"excerpt":"14 de dezembro de 2023 | 11:0514 de dezembro de 2023 | 11:15 0Em continua\u00e7\u00e3o \u00e0s obras do corredor de \u00f4nibus do Quadril\u00e1tero Central, nesta quinta-feira, dia 14 dezembro, foi necess\u00e1ria a interdi\u00e7\u00e3o parcial da pista Bairro\/Centro da avenida Dr. Francisco Junqueira, no trecho entre a rua Onze de Agosto\u2026","rel":"","context":"In &quot;Not\u00edcias de Ribeir\u00e3o Preto-SP e Regi\u00e3o&quot;","block_context":{"text":"Not\u00edcias de Ribeir\u00e3o Preto-SP e Regi\u00e3o","link":"https:\/\/noticiasribeiraopreto.com.br\/index.php\/category\/noticias-de-ribeirao-preto-sp-e-regiao-ismael-colosi\/"},"img":{"alt_text":"","src":"https:\/\/i0.wp.com\/noticiasribeiraopreto.com.br\/wp-content\/uploads\/2023\/12\/interdicao.jpeg?fit=620%2C351&ssl=1&resize=350%2C200","width":350,"height":200,"srcset":"https:\/\/i0.wp.com\/noticiasribeiraopreto.com.br\/wp-content\/uploads\/2023\/12\/interdicao.jpeg?fit=620%2C351&ssl=1&resize=350%2C200 1x, https:\/\/i0.wp.com\/noticiasribeiraopreto.com.br\/wp-content\/uploads\/2023\/12\/interdicao.jpeg?fit=620%2C351&ssl=1&resize=525%2C300 1.5x"},"classes":[]},{"id":32767,"url":"https:\/\/noticiasribeiraopreto.com.br\/index.php\/2024\/01\/26\/rua-barao-do-amazonas-tem-trecho-interditado-a-partir-desta-sexta-feira-dia-26\/","url_meta":{"origin":6886,"position":5},"title":"Rua Bar\u00e3o do Amazonas tem trecho interditado a partir desta sexta-feira, dia 26 \u2013 Folha de Ribeir\u00e3o","author":"noticiasribeiraopreto.com.br","date":"26 de January de 2024","format":false,"excerpt":"Em raz\u00e3o do andamento das obras do corredor de \u00f4nibus do quadril\u00e1tero Central, a partir da manh\u00e3 desta sexta-feira, dia 28 de janeiro, ser\u00e1 necess\u00e1ria a interdi\u00e7\u00e3o total de mais um trecho da rua Bar\u00e3o do Amazonas, sendo da rua Campos Sales at\u00e9 a rua Lafaiete. Este novo bloqueio ocorrer\u00e1\u2026","rel":"","context":"In &quot;Not\u00edcias de Ribeir\u00e3o Preto-SP e Regi\u00e3o&quot;","block_context":{"text":"Not\u00edcias de Ribeir\u00e3o Preto-SP e Regi\u00e3o","link":"https:\/\/noticiasribeiraopreto.com.br\/index.php\/category\/noticias-de-ribeirao-preto-sp-e-regiao-ismael-colosi\/"},"img":{"alt_text":"","src":"https:\/\/i0.wp.com\/noticiasribeiraopreto.com.br\/wp-content\/uploads\/2024\/01\/interdicao_barao_amazonas.jpg?fit=1200%2C849&ssl=1&resize=350%2C200","width":350,"height":200,"srcset":"https:\/\/i0.wp.com\/noticiasribeiraopreto.com.br\/wp-content\/uploads\/2024\/01\/interdicao_barao_amazonas.jpg?fit=1200%2C849&ssl=1&resize=350%2C200 1x, https:\/\/i0.wp.com\/noticiasribeiraopreto.com.br\/wp-content\/uploads\/2024\/01\/interdicao_barao_amazonas.jpg?fit=1200%2C849&ssl=1&resize=525%2C300 1.5x, https:\/\/i0.wp.com\/noticiasribeiraopreto.com.br\/wp-content\/uploads\/2024\/01\/interdicao_barao_amazonas.jpg?fit=1200%2C849&ssl=1&resize=700%2C400 2x, https:\/\/i0.wp.com\/noticiasribeiraopreto.com.br\/wp-content\/uploads\/2024\/01\/interdicao_barao_amazonas.jpg?fit=1200%2C849&ssl=1&resize=1050%2C600 3x"},"classes":[]}],"jetpack_sharing_enabled":true,"jetpack_shortlink":"https:\/\/wp.me\/peQAOb-1N4","_links":{"self":[{"href":"https:\/\/noticiasribeiraopreto.com.br\/index.php\/wp-json\/wp\/v2\/posts\/6886","targetHints":{"allow":["GET"]}}],"collection":[{"href":"https:\/\/noticiasribeiraopreto.com.br\/index.php\/wp-json\/wp\/v2\/posts"}],"about":[{"href":"https:\/\/noticiasribeiraopreto.com.br\/index.php\/wp-json\/wp\/v2\/types\/post"}],"author":[{"embeddable":true,"href":"https:\/\/noticiasribeiraopreto.com.br\/index.php\/wp-json\/wp\/v2\/users\/1"}],"replies":[{"embeddable":true,"href":"https:\/\/noticiasribeiraopreto.com.br\/index.php\/wp-json\/wp\/v2\/comments?post=6886"}],"version-history":[{"count":0,"href":"https:\/\/noticiasribeiraopreto.com.br\/index.php\/wp-json\/wp\/v2\/posts\/6886\/revisions"}],"wp:featuredmedia":[{"embeddable":true,"href":"https:\/\/noticiasribeiraopreto.com.br\/index.php\/wp-json\/wp\/v2\/media\/6887"}],"wp:attachment":[{"href":"https:\/\/noticiasribeiraopreto.com.br\/index.php\/wp-json\/wp\/v2\/media?parent=6886"}],"wp:term":[{"taxonomy":"category","embeddable":true,"href":"https:\/\/noticiasribeiraopreto.com.br\/index.php\/wp-json\/wp\/v2\/categories?post=6886"},{"taxonomy":"post_tag","embeddable":true,"href":"https:\/\/noticiasribeiraopreto.com.br\/index.php\/wp-json\/wp\/v2\/tags?post=6886"}],"curies":[{"name":"wp","href":"https:\/\/api.w.org\/{rel}","templated":true}]}}