{"id":6902,"date":"2023-11-27T09:00:48","date_gmt":"2023-11-27T12:00:48","guid":{"rendered":"https:\/\/noticiasribeiraopreto.com.br\/index.php\/2023\/11\/27\/aquecimento-global-sera-tema-de-evento-da-camara\/"},"modified":"2023-11-27T09:00:48","modified_gmt":"2023-11-27T12:00:48","slug":"aquecimento-global-sera-tema-de-evento-da-camara","status":"publish","type":"post","link":"https:\/\/noticiasribeiraopreto.com.br\/index.php\/2023\/11\/27\/aquecimento-global-sera-tema-de-evento-da-camara\/","title":{"rendered":"Aquecimento Global ser\u00e1 tema de evento da C\u00e2mara\u00a0\u00a0"},"content":{"rendered":"<div class='code-block code-block-1' style='margin: 8px 0 8px auto; text-align: right; display: block; clear: both;'>\n<p><a href=\"https:\/\/wa.link\/vpicfd\"><img data-recalc-dims=\"1\" class=\"wp-image-4922\" style=\"aspect-ratio: 2.0253164556962027; width: 561px; height: auto;\" src=\"https:\/\/i0.wp.com\/ismaelcolosi.com.br\/wp-content\/uploads\/2023\/11\/grupo-de-empregos-whatsapp-e-facebook-ismael-colosi-vagas.jpg?ssl=1\" alt=\"\" \/><\/a><\/p>\n<!-- \/wp:image -->\n<\/div>\n<p> <br \/>\n<\/p>\n<div id=\"\">\n<p> <span class=\"entry-meta-item penci-posted-on\"><i class=\"fa fa-clock-o\"\/><time class=\"entry-date published\" datetime=\"2023-11-27T09:00:48-03:00\">27 de novembro de 2023 | 9:00<\/time><time class=\"updated\" datetime=\"2023-11-26T12:54:45-03:00\">26 de novembro de 2023 | 12:54<\/time><\/span><\/p>\n<p> <span class=\"penci-social-buttons penci-social-share-footer\"><a href=\"#\" class=\"penci-post-like penci_post-meta_item  single-like-button penci-social-item like\" data-post_id=\"365344\" title=\"Like\" data-like=\"Like\" data-unlike=\"Unlike\"><i class=\"fa fa-thumbs-o-up\"\/><span class=\"penci-share-number\">0<\/span><\/a><i class=\"fa fa-facebook\"\/><a class=\"penci-social-item twitter\" target=\"_blank\" rel=\"noopener\" title=\"\" href=\"https:\/\/twitter.com\/intent\/tweet?text=Aquecimento%20Global%20ser\u00e1%20tema%20de%20evento%20da%20C\u00e2mara\u00a0\u00a0%20-%20https:\/\/www.tribunaribeirao.com.br\/site\/aquecimento-global-sera-tema-de-evento-da-camara\/\"><i class=\"fa fa-twitter\"\/><\/a><i class=\"fa fa-whatsapp\"\/><\/span><\/div>\n<div>\n<p><span data-contrast=\"auto\">A C\u00e2mara Municipal de Ribeir\u00e3o Preto receber\u00e1, no dia 29 de novembro, o 3\u00ba Encontro da Rede de Escolas do Legislativo do Interior Paulista. Com o tema: COP 01 Regional \u2013 Confer\u00eancia de Mudan\u00e7as Clim\u00e1ticas da Macrorregi\u00e3o de Ribeir\u00e3o Preto, o evento contar\u00e1 com a participa\u00e7\u00e3o de representantes das Escolas do Parlamento de Araraquara, Araras, Dumont, Jaboticabal, Franca, Mococa, Prad\u00f3polis, S\u00e3o Jos\u00e9 do Rio Pardo, Monte Alto e Ribeir\u00e3o Preto.<\/span><span data-ccp-props=\"{&quot;201341983&quot;:0,&quot;335559739&quot;:0,&quot;335559740&quot;:240}\">\u00a0<\/span><\/p>\n<p><span data-contrast=\"auto\">\u201cA ideia \u00e9 chamar a aten\u00e7\u00e3o da nossa macrorregi\u00e3o para o problema das mudan\u00e7as que o clima vem sofrendo em consequ\u00eancia do aquecimento global e o que pode ser feito para que isso seja amenizado\u201d, afirma o diretor presidente da Escola do Parlamento da C\u00e2mara Municipal de Ribeir\u00e3o Preto, Edgar Prandini.<\/span><span data-ccp-props=\"{&quot;201341983&quot;:0,&quot;335559739&quot;:0,&quot;335559740&quot;:240}\">\u00a0<\/span><\/p>\n<p><span data-contrast=\"auto\">Haver\u00e1 ainda a assinatura do Acordo de Coopera\u00e7\u00e3o T\u00e9cnica entre as C\u00e2maras Municipais que integram a rede do interior paulista e o encontro ser\u00e1 encerrado com uma palestra com o professor Milton Marcondes Teixeira Junior, mestre em Planejamento e An\u00e1lise de Pol\u00edticas P\u00fablicas pela Unesp de Franca. Tamb\u00e9m est\u00e1 confirmada a presen\u00e7a do secret\u00e1rio municipal do Meio Ambiente, Laurindo Ant\u00f4nio da Silva.<\/span><span data-ccp-props=\"{&quot;201341983&quot;:0,&quot;335559739&quot;:0,&quot;335559740&quot;:240}\">\u00a0<\/span><\/p>\n<p><span data-contrast=\"auto\">Segundo Prandini, \u201co COP 01 Regional \u00e9 inspirado nos eventos da Organiza\u00e7\u00e3o das Na\u00e7\u00f5es Unidas sobre mudan\u00e7as clim\u00e1ticas e o objetivo principal do encontro \u00e9 contribuir com ideias e estudos para a elabora\u00e7\u00e3o de um plano de conten\u00e7\u00e3o das mudan\u00e7as clim\u00e1ticas para Ribeir\u00e3o Preto e todas as cidades da nossa macrorregi\u00e3o\u201d.<\/span><span data-ccp-props=\"{&quot;201341983&quot;:0,&quot;335559739&quot;:0,&quot;335559740&quot;:240}\">\u00a0<\/span><\/p>\n<p><b><span data-contrast=\"auto\">Escola do Parlamento<\/span><\/b><span data-ccp-props=\"{&quot;201341983&quot;:0,&quot;335559739&quot;:0,&quot;335559740&quot;:240}\">\u00a0<\/span><\/p>\n<p><span data-contrast=\"auto\">A Escola do Parlamento da C\u00e2mara Municipal de Ribeir\u00e3o Preto \u00e9 um \u00f3rg\u00e3o criado a partir da Resolu\u00e7\u00e3o 70\/2013, e que \u00e9 respons\u00e1vel pela capacita\u00e7\u00e3o de agentes p\u00fablicos, servidores e assessores e parlamentares do Poder Legislativo, atrav\u00e9s de atividades de forma\u00e7\u00e3o cont\u00ednua como cursos, workshops, confer\u00eancias, palestras, simp\u00f3sios e outras atividades educacionais. Tamb\u00e9m possui a fun\u00e7\u00e3o de realizar atividades de forma\u00e7\u00e3o de cidadania para a popula\u00e7\u00e3o em geral, incluindo servidores de outras esferas de governo, estudantes, universit\u00e1rios e lideran\u00e7as comunit\u00e1rias.<\/span><span data-ccp-props=\"{&quot;201341983&quot;:0,&quot;335559739&quot;:0,&quot;335559740&quot;:240}\">\u00a0<\/span><\/p>\n<p><span data-contrast=\"auto\">Em 2023 a Escola do Parlamento j\u00e1 realizou, entre outras a\u00e7\u00f5es, o curso de forma\u00e7\u00e3o sobre A Nova Lei de Licita\u00e7\u00e3o para um p\u00fablico presencial de 150 pessoas e mais 60 que participaram online, al\u00e9m da capacita\u00e7\u00e3o sobre o Sistema \u00danico de Assist\u00eancia Social \u2013 SUAS e Benef\u00edcios -, Lei Org\u00e2nica Municipal e Autonomia Municipal\u00a0\u00a0\u00a0 e palestras sobre o Protagonismo do Jovem nas Pol\u00edticas P\u00fablicas.<\/span><span data-ccp-props=\"{&quot;201341983&quot;:0,&quot;335559739&quot;:0,&quot;335559740&quot;:240}\">\u00a0<\/span><\/p>\n<p><span data-ccp-props=\"{&quot;201341983&quot;:0,&quot;335559739&quot;:0,&quot;335559740&quot;:240}\">\u00a0<\/span><\/p>\n<p>\u00a0<\/p>\n<\/div>\n<p><script async src=\"\/\/platform.twitter.com\/widgets.js\" charset=\"utf-8\"><\/script><br \/>\n<br \/><br \/>\n<br \/><a href=\"https:\/\/www.tribunaribeirao.com.br\/site\/aquecimento-global-sera-tema-de-evento-da-camara\/\">Source link <\/a><\/p>\n<!-- CONTENT END 1 -->\n","protected":false},"excerpt":{"rendered":"<p>27 de novembro de 2023 | 9:0026 de novembro de 2023 | 12:54 0 A C\u00e2mara Municipal de Ribeir\u00e3o Preto receber\u00e1, no dia 29 de&#8230;<\/p>\n","protected":false},"author":1,"featured_media":6903,"comment_status":"open","ping_status":"open","sticky":false,"template":"","format":"standard","meta":{"advanced_seo_description":"","jetpack_seo_html_title":"","jetpack_seo_noindex":false,"jetpack_post_was_ever_published":false,"_jetpack_newsletter_access":"","_jetpack_dont_email_post_to_subs":false,"_jetpack_newsletter_tier_id":0,"_jetpack_memberships_contains_paywalled_content":false,"_jetpack_memberships_contains_paid_content":false,"footnotes":"","jetpack_publicize_message":"","jetpack_publicize_feature_enabled":true,"jetpack_social_post_already_shared":true,"jetpack_social_options":{"image_generator_settings":{"template":"highway","default_image_id":0,"font":"","enabled":false},"version":2}},"categories":[11],"tags":[853,154,773,854,172,855],"class_list":["post-6902","post","type-post","status-publish","format-standard","has-post-thumbnail","hentry","category-noticias-de-ribeirao-preto-sp-e-regiao-ismael-colosi","tag-aquecimento","tag-camara","tag-evento","tag-global","tag-sera","tag-tema"],"jetpack_publicize_connections":[],"jetpack_featured_media_url":"https:\/\/i0.wp.com\/noticiasribeiraopreto.com.br\/wp-content\/uploads\/2023\/11\/camara-1-scaled.jpg?fit=2560%2C1440&ssl=1","jetpack-related-posts":[{"id":79508,"url":"https:\/\/noticiasribeiraopreto.com.br\/index.php\/2025\/11\/03\/audiencia-publica-e-agendada-para-debater-situacao-do-lar-santana\/","url_meta":{"origin":6902,"position":0},"title":"Audi\u00eancia p\u00fablica \u00e9 agendada para debater situa\u00e7\u00e3o do Lar Santana","author":"noticiasribeiraopreto.com.br","date":"3 de November de 2025","format":false,"excerpt":"3 de novembro de 2025 11:503 de novembro de 2025 11:3610 Compartilhar0 No \u00faltimo dia 31 foi oficializado no Di\u00e1rio Oficial agendamento para Audi\u00eancia P\u00fablica sobre a situa\u00e7\u00e3o prec\u00e1ria do Lar Santana A C\u00e2mara de Ribeir\u00e3o Preto agendou uma Audi\u00eancia P\u00fablica para discutir as condi\u00e7\u00f5es do Lar Santana.\u00a0Ela ir\u00e1 acontecer\u2026","rel":"","context":"In &quot;Not\u00edcias de Ribeir\u00e3o Preto-SP e Regi\u00e3o&quot;","block_context":{"text":"Not\u00edcias de Ribeir\u00e3o Preto-SP e Regi\u00e3o","link":"https:\/\/noticiasribeiraopreto.com.br\/index.php\/category\/noticias-de-ribeirao-preto-sp-e-regiao-ismael-colosi\/"},"img":{"alt_text":"","src":"https:\/\/i0.wp.com\/noticiasribeiraopreto.com.br\/wp-content\/uploads\/2025\/11\/larsantana.jpg?fit=700%2C450&ssl=1&resize=350%2C200","width":350,"height":200,"srcset":"https:\/\/i0.wp.com\/noticiasribeiraopreto.com.br\/wp-content\/uploads\/2025\/11\/larsantana.jpg?fit=700%2C450&ssl=1&resize=350%2C200 1x, https:\/\/i0.wp.com\/noticiasribeiraopreto.com.br\/wp-content\/uploads\/2025\/11\/larsantana.jpg?fit=700%2C450&ssl=1&resize=525%2C300 1.5x, https:\/\/i0.wp.com\/noticiasribeiraopreto.com.br\/wp-content\/uploads\/2025\/11\/larsantana.jpg?fit=700%2C450&ssl=1&resize=700%2C400 2x"},"classes":[]},{"id":79974,"url":"https:\/\/noticiasribeiraopreto.com.br\/index.php\/2025\/11\/12\/camara-quer-barrar-eventos-em-parque\/","url_meta":{"origin":6902,"position":1},"title":"C\u00e2mara quer barrar eventos em parque","author":"noticiasribeiraopreto.com.br","date":"12 de November de 2025","format":false,"excerpt":"12 de novembro de 2025 08:1410 Compartilhar0Projeto de lei em analise pelos vereadores pro\u00edbe a realiza\u00e7\u00e3o de qualquer evento no Parque Permanente de Exposi\u00e7\u00f5esProjeto de lei complementar protocolado na C\u00e2mara de Vereadores, na sess\u00e3o de segunda-feira, 10 de novembro, pretende impedir a realiza\u00e7\u00e3o de qualquer tipo de evento no Parque\u2026","rel":"","context":"In &quot;Not\u00edcias de Ribeir\u00e3o Preto-SP e Regi\u00e3o&quot;","block_context":{"text":"Not\u00edcias de Ribeir\u00e3o Preto-SP e Regi\u00e3o","link":"https:\/\/noticiasribeiraopreto.com.br\/index.php\/category\/noticias-de-ribeirao-preto-sp-e-regiao-ismael-colosi\/"},"img":{"alt_text":"","src":"https:\/\/i0.wp.com\/noticiasribeiraopreto.com.br\/wp-content\/uploads\/2025\/11\/Feapam-Alfredo-Risk-Arquivo-scaled.jpg?fit=1170%2C780&ssl=1&resize=350%2C200","width":350,"height":200,"srcset":"https:\/\/i0.wp.com\/noticiasribeiraopreto.com.br\/wp-content\/uploads\/2025\/11\/Feapam-Alfredo-Risk-Arquivo-scaled.jpg?fit=1170%2C780&ssl=1&resize=350%2C200 1x, https:\/\/i0.wp.com\/noticiasribeiraopreto.com.br\/wp-content\/uploads\/2025\/11\/Feapam-Alfredo-Risk-Arquivo-scaled.jpg?fit=1170%2C780&ssl=1&resize=525%2C300 1.5x, https:\/\/i0.wp.com\/noticiasribeiraopreto.com.br\/wp-content\/uploads\/2025\/11\/Feapam-Alfredo-Risk-Arquivo-scaled.jpg?fit=1170%2C780&ssl=1&resize=700%2C400 2x, https:\/\/i0.wp.com\/noticiasribeiraopreto.com.br\/wp-content\/uploads\/2025\/11\/Feapam-Alfredo-Risk-Arquivo-scaled.jpg?fit=1170%2C780&ssl=1&resize=1050%2C600 3x"},"classes":[]},{"id":71512,"url":"https:\/\/noticiasribeiraopreto.com.br\/index.php\/2025\/06\/06\/cultura-comportamento-e-lifestyle-sao-temas-do-papo-joao-rock-em-ribeirao-preto\/","url_meta":{"origin":6902,"position":2},"title":"Cultura, comportamento e lifestyle s\u00e3o temas do Papo Jo\u00e3o Rock em Ribeir\u00e3o Preto","author":"noticiasribeiraopreto.com.br","date":"6 de June de 2025","format":false,"excerpt":"Come\u00e7a na pr\u00f3xima ter\u00e7a-feira (10), a segunda edi\u00e7\u00e3o do Papo Jo\u00e3o Rock no Shopping Iguatemi, em Ribeir\u00e3o Preto. O projeto que prop\u00f5e ampliar o di\u00e1logo sobre cultura, comportamento e transforma\u00e7\u00e3o social, tendo a m\u00fasica como ponto de partida. O evento segue at\u00e9 quinta-feira (12) e conta com entrada gratuita, mediante\u2026","rel":"","context":"In &quot;Not\u00edcias de Ribeir\u00e3o Preto-SP e Regi\u00e3o&quot;","block_context":{"text":"Not\u00edcias de Ribeir\u00e3o Preto-SP e Regi\u00e3o","link":"https:\/\/noticiasribeiraopreto.com.br\/index.php\/category\/noticias-de-ribeirao-preto-sp-e-regiao-ismael-colosi\/"},"img":{"alt_text":"","src":"https:\/\/i0.wp.com\/noticiasribeiraopreto.com.br\/wp-content\/uploads\/2025\/06\/papo-joao-rock_2025-06-06_20-21-27.webp.webp?fit=1200%2C800&ssl=1&resize=350%2C200","width":350,"height":200,"srcset":"https:\/\/i0.wp.com\/noticiasribeiraopreto.com.br\/wp-content\/uploads\/2025\/06\/papo-joao-rock_2025-06-06_20-21-27.webp.webp?fit=1200%2C800&ssl=1&resize=350%2C200 1x, https:\/\/i0.wp.com\/noticiasribeiraopreto.com.br\/wp-content\/uploads\/2025\/06\/papo-joao-rock_2025-06-06_20-21-27.webp.webp?fit=1200%2C800&ssl=1&resize=525%2C300 1.5x, https:\/\/i0.wp.com\/noticiasribeiraopreto.com.br\/wp-content\/uploads\/2025\/06\/papo-joao-rock_2025-06-06_20-21-27.webp.webp?fit=1200%2C800&ssl=1&resize=700%2C400 2x, https:\/\/i0.wp.com\/noticiasribeiraopreto.com.br\/wp-content\/uploads\/2025\/06\/papo-joao-rock_2025-06-06_20-21-27.webp.webp?fit=1200%2C800&ssl=1&resize=1050%2C600 3x"},"classes":[]},{"id":67083,"url":"https:\/\/noticiasribeiraopreto.com.br\/index.php\/2025\/04\/09\/gosta-de-blues-shopping-de-ribeirao-preto-tera-shows-com-entrada-gratuita\/","url_meta":{"origin":6902,"position":3},"title":"Gosta de blues? Shopping de Ribeir\u00e3o Preto ter\u00e1 shows com entrada gratuita","author":"noticiasribeiraopreto.com.br","date":"9 de April de 2025","format":false,"excerpt":"Nesta quinta-feira (10) o\u00a0Shopping Iguatemi, em Ribeir\u00e3o Preto ser\u00e1 palco do\u00a0Iguatemi Music em parceria com a Arena Blues Festival, um dos maiores festivais de blues da cidade. O evento\u00a0\u201cAquecimento Arena Blues\u201d\u00a0ter\u00e1 shows de blues gratuitos para o p\u00fablico. O primeiro show aconteceu na semana passada, com a apresenta\u00e7\u00e3o da banda\u00a0Mississippi\u2026","rel":"","context":"In &quot;Not\u00edcias de Ribeir\u00e3o Preto-SP e Regi\u00e3o&quot;","block_context":{"text":"Not\u00edcias de Ribeir\u00e3o Preto-SP e Regi\u00e3o","link":"https:\/\/noticiasribeiraopreto.com.br\/index.php\/category\/noticias-de-ribeirao-preto-sp-e-regiao-ismael-colosi\/"},"img":{"alt_text":"","src":"https:\/\/i0.wp.com\/noticiasribeiraopreto.com.br\/wp-content\/uploads\/2025\/04\/Copia-de-Copia-de-Copia-de-TAMANHO-EXATO-PARA-FOTOS-NO-SISTEMA-NOVO-2025-04-09T151941.620_2025-04-09_18-20-35_png_2025-04-09_18-20-35.webp.webp?fit=1200%2C675&ssl=1&resize=350%2C200","width":350,"height":200,"srcset":"https:\/\/i0.wp.com\/noticiasribeiraopreto.com.br\/wp-content\/uploads\/2025\/04\/Copia-de-Copia-de-Copia-de-TAMANHO-EXATO-PARA-FOTOS-NO-SISTEMA-NOVO-2025-04-09T151941.620_2025-04-09_18-20-35_png_2025-04-09_18-20-35.webp.webp?fit=1200%2C675&ssl=1&resize=350%2C200 1x, https:\/\/i0.wp.com\/noticiasribeiraopreto.com.br\/wp-content\/uploads\/2025\/04\/Copia-de-Copia-de-Copia-de-TAMANHO-EXATO-PARA-FOTOS-NO-SISTEMA-NOVO-2025-04-09T151941.620_2025-04-09_18-20-35_png_2025-04-09_18-20-35.webp.webp?fit=1200%2C675&ssl=1&resize=525%2C300 1.5x, https:\/\/i0.wp.com\/noticiasribeiraopreto.com.br\/wp-content\/uploads\/2025\/04\/Copia-de-Copia-de-Copia-de-TAMANHO-EXATO-PARA-FOTOS-NO-SISTEMA-NOVO-2025-04-09T151941.620_2025-04-09_18-20-35_png_2025-04-09_18-20-35.webp.webp?fit=1200%2C675&ssl=1&resize=700%2C400 2x, https:\/\/i0.wp.com\/noticiasribeiraopreto.com.br\/wp-content\/uploads\/2025\/04\/Copia-de-Copia-de-Copia-de-TAMANHO-EXATO-PARA-FOTOS-NO-SISTEMA-NOVO-2025-04-09T151941.620_2025-04-09_18-20-35_png_2025-04-09_18-20-35.webp.webp?fit=1200%2C675&ssl=1&resize=1050%2C600 3x"},"classes":[]},{"id":66634,"url":"https:\/\/noticiasribeiraopreto.com.br\/index.php\/2025\/04\/03\/shopping-de-ribeirao-preto-tera-shows-de-blues-com-entrada-gratuita\/","url_meta":{"origin":6902,"position":4},"title":"Shopping de Ribeir\u00e3o Preto ter\u00e1 shows de blues com entrada gratuita","author":"noticiasribeiraopreto.com.br","date":"3 de April de 2025","format":false,"excerpt":"A partir desta quinta-feira (3) o Shopping Iguatemi, em Ribeir\u00e3o Preto ser\u00e1 palco do Iguatemi Music em parceria com a Arena Blues Festival, um dos maiores festivais de blues da cidade. O evento \u201cAquecimento Arena Blues\u201d ter\u00e1 shows de blues gratuitos para o p\u00fablico. O primeiro show acontece nesta quinta-feira,\u2026","rel":"","context":"In &quot;Not\u00edcias de Ribeir\u00e3o Preto-SP e Regi\u00e3o&quot;","block_context":{"text":"Not\u00edcias de Ribeir\u00e3o Preto-SP e Regi\u00e3o","link":"https:\/\/noticiasribeiraopreto.com.br\/index.php\/category\/noticias-de-ribeirao-preto-sp-e-regiao-ismael-colosi\/"},"img":{"alt_text":"","src":"https:\/\/i0.wp.com\/noticiasribeiraopreto.com.br\/wp-content\/uploads\/2025\/04\/Copia-de-Copia-de-Copia-de-TAMANHO-EXATO-PARA-FOTOS-NO-SISTEMA-NOVO-2025-04-03T153825.886_2025-04-03_18-38-44_png_2025-04-03_18-38-44.webp.webp?fit=1200%2C675&ssl=1&resize=350%2C200","width":350,"height":200,"srcset":"https:\/\/i0.wp.com\/noticiasribeiraopreto.com.br\/wp-content\/uploads\/2025\/04\/Copia-de-Copia-de-Copia-de-TAMANHO-EXATO-PARA-FOTOS-NO-SISTEMA-NOVO-2025-04-03T153825.886_2025-04-03_18-38-44_png_2025-04-03_18-38-44.webp.webp?fit=1200%2C675&ssl=1&resize=350%2C200 1x, https:\/\/i0.wp.com\/noticiasribeiraopreto.com.br\/wp-content\/uploads\/2025\/04\/Copia-de-Copia-de-Copia-de-TAMANHO-EXATO-PARA-FOTOS-NO-SISTEMA-NOVO-2025-04-03T153825.886_2025-04-03_18-38-44_png_2025-04-03_18-38-44.webp.webp?fit=1200%2C675&ssl=1&resize=525%2C300 1.5x, https:\/\/i0.wp.com\/noticiasribeiraopreto.com.br\/wp-content\/uploads\/2025\/04\/Copia-de-Copia-de-Copia-de-TAMANHO-EXATO-PARA-FOTOS-NO-SISTEMA-NOVO-2025-04-03T153825.886_2025-04-03_18-38-44_png_2025-04-03_18-38-44.webp.webp?fit=1200%2C675&ssl=1&resize=700%2C400 2x, https:\/\/i0.wp.com\/noticiasribeiraopreto.com.br\/wp-content\/uploads\/2025\/04\/Copia-de-Copia-de-Copia-de-TAMANHO-EXATO-PARA-FOTOS-NO-SISTEMA-NOVO-2025-04-03T153825.886_2025-04-03_18-38-44_png_2025-04-03_18-38-44.webp.webp?fit=1200%2C675&ssl=1&resize=1050%2C600 3x"},"classes":[]},{"id":69729,"url":"https:\/\/noticiasribeiraopreto.com.br\/index.php\/2025\/05\/08\/shopping-de-ribeirao-preto-promove-apresentacao-de-blues-aberta-ao-publico\/","url_meta":{"origin":6902,"position":5},"title":"Shopping de Ribeir\u00e3o Preto promove apresenta\u00e7\u00e3o de blues aberta ao p\u00fablico","author":"noticiasribeiraopreto.com.br","date":"8 de May de 2025","format":false,"excerpt":"Nesta sexta-feira (8) o\u00a0Shopping Iguatemi, em Ribeir\u00e3o Preto ser\u00e1 palco do\u00a0Iguatemi Music em parceria com a Arena Blues Festival, um dos maiores festivais de blues da cidade. O evento\u00a0\u201cAquecimento Arena Blues\u201d\u00a0ter\u00e1 show de blues gratuito para o p\u00fablico. O primeiro show aconteceu na semana passada, com a apresenta\u00e7\u00e3o de Rodrigo\u2026","rel":"","context":"In &quot;Not\u00edcias de Ribeir\u00e3o Preto-SP e Regi\u00e3o&quot;","block_context":{"text":"Not\u00edcias de Ribeir\u00e3o Preto-SP e Regi\u00e3o","link":"https:\/\/noticiasribeiraopreto.com.br\/index.php\/category\/noticias-de-ribeirao-preto-sp-e-regiao-ismael-colosi\/"},"img":{"alt_text":"","src":"https:\/\/i0.wp.com\/noticiasribeiraopreto.com.br\/wp-content\/uploads\/2025\/05\/man-plays-acoustic-guitar-dark-room-live-performance-acoustic-concert_2025-05-08_19-24-02.webp.webp?fit=1200%2C675&ssl=1&resize=350%2C200","width":350,"height":200,"srcset":"https:\/\/i0.wp.com\/noticiasribeiraopreto.com.br\/wp-content\/uploads\/2025\/05\/man-plays-acoustic-guitar-dark-room-live-performance-acoustic-concert_2025-05-08_19-24-02.webp.webp?fit=1200%2C675&ssl=1&resize=350%2C200 1x, https:\/\/i0.wp.com\/noticiasribeiraopreto.com.br\/wp-content\/uploads\/2025\/05\/man-plays-acoustic-guitar-dark-room-live-performance-acoustic-concert_2025-05-08_19-24-02.webp.webp?fit=1200%2C675&ssl=1&resize=525%2C300 1.5x, https:\/\/i0.wp.com\/noticiasribeiraopreto.com.br\/wp-content\/uploads\/2025\/05\/man-plays-acoustic-guitar-dark-room-live-performance-acoustic-concert_2025-05-08_19-24-02.webp.webp?fit=1200%2C675&ssl=1&resize=700%2C400 2x, https:\/\/i0.wp.com\/noticiasribeiraopreto.com.br\/wp-content\/uploads\/2025\/05\/man-plays-acoustic-guitar-dark-room-live-performance-acoustic-concert_2025-05-08_19-24-02.webp.webp?fit=1200%2C675&ssl=1&resize=1050%2C600 3x"},"classes":[]}],"jetpack_sharing_enabled":true,"jetpack_shortlink":"https:\/\/wp.me\/peQAOb-1Nk","_links":{"self":[{"href":"https:\/\/noticiasribeiraopreto.com.br\/index.php\/wp-json\/wp\/v2\/posts\/6902","targetHints":{"allow":["GET"]}}],"collection":[{"href":"https:\/\/noticiasribeiraopreto.com.br\/index.php\/wp-json\/wp\/v2\/posts"}],"about":[{"href":"https:\/\/noticiasribeiraopreto.com.br\/index.php\/wp-json\/wp\/v2\/types\/post"}],"author":[{"embeddable":true,"href":"https:\/\/noticiasribeiraopreto.com.br\/index.php\/wp-json\/wp\/v2\/users\/1"}],"replies":[{"embeddable":true,"href":"https:\/\/noticiasribeiraopreto.com.br\/index.php\/wp-json\/wp\/v2\/comments?post=6902"}],"version-history":[{"count":0,"href":"https:\/\/noticiasribeiraopreto.com.br\/index.php\/wp-json\/wp\/v2\/posts\/6902\/revisions"}],"wp:featuredmedia":[{"embeddable":true,"href":"https:\/\/noticiasribeiraopreto.com.br\/index.php\/wp-json\/wp\/v2\/media\/6903"}],"wp:attachment":[{"href":"https:\/\/noticiasribeiraopreto.com.br\/index.php\/wp-json\/wp\/v2\/media?parent=6902"}],"wp:term":[{"taxonomy":"category","embeddable":true,"href":"https:\/\/noticiasribeiraopreto.com.br\/index.php\/wp-json\/wp\/v2\/categories?post=6902"},{"taxonomy":"post_tag","embeddable":true,"href":"https:\/\/noticiasribeiraopreto.com.br\/index.php\/wp-json\/wp\/v2\/tags?post=6902"}],"curies":[{"name":"wp","href":"https:\/\/api.w.org\/{rel}","templated":true}]}}