{"id":6906,"date":"2023-11-27T09:06:07","date_gmt":"2023-11-27T12:06:07","guid":{"rendered":"https:\/\/noticiasribeiraopreto.com.br\/index.php\/2023\/11\/27\/entenda-como-as-ondas-de-calor-afetam-o-corpo-e-a-saude\/"},"modified":"2023-11-27T09:06:07","modified_gmt":"2023-11-27T12:06:07","slug":"entenda-como-as-ondas-de-calor-afetam-o-corpo-e-a-saude","status":"publish","type":"post","link":"https:\/\/noticiasribeiraopreto.com.br\/index.php\/2023\/11\/27\/entenda-como-as-ondas-de-calor-afetam-o-corpo-e-a-saude\/","title":{"rendered":"Entenda como as ondas de calor afetam o corpo e a sa\u00fade"},"content":{"rendered":"<div class='code-block code-block-1' style='margin: 8px 0 8px auto; text-align: right; display: block; clear: both;'>\n<p><a href=\"https:\/\/wa.link\/vpicfd\"><img data-recalc-dims=\"1\" class=\"wp-image-4922\" style=\"aspect-ratio: 2.0253164556962027; width: 561px; height: auto;\" src=\"https:\/\/i0.wp.com\/ismaelcolosi.com.br\/wp-content\/uploads\/2023\/11\/grupo-de-empregos-whatsapp-e-facebook-ismael-colosi-vagas.jpg?ssl=1\" alt=\"\" \/><\/a><\/p>\n<!-- \/wp:image -->\n<\/div>\n<p> <br \/>\n<\/p>\n<div>\n<div id=\"attachment_2313510\" class=\"wp-caption alignnone\">\n<div class=\"d-flex justify-content-center\" data-attachment-id=\"2313510\">\n<div class=\"position-relative d-inline-block\"><img data-recalc-dims=\"1\" data-portal-copyright=\"Getty Images\/iStockphoto\" decoding=\"async\" fetchpriority=\"high\" class=\"size-full wp-image-2313510\" src=\"https:\/\/i0.wp.com\/catracalivre.com.br\/wp-content\/uploads\/2023\/11\/istock-1182206228.jpg?resize=1254%2C836&#038;ssl=1\" alt=\"Com altas temperaturas, o organismo realiza uma s\u00e9rie de adapta\u00e7\u00f5es fisiol\u00f3gicas para tentar regular a temperatura interna e resfriar \u2013 iStock\/Getty Images\" width=\"1254\" height=\"836\" srcset=\"https:\/\/catracalivre.com.br\/wp-content\/uploads\/2023\/11\/istock-1182206228.jpg 1254w, https:\/\/catracalivre.com.br\/wp-content\/uploads\/2023\/11\/istock-1182206228-450x300.jpg 450w, https:\/\/catracalivre.com.br\/wp-content\/uploads\/2023\/11\/istock-1182206228-768x512.jpg 768w\" sizes=\"(max-width: 1254px) 100vw, 1254px\"\/><\/p>\n<p>Cr\u00e9ditos: Getty Images\/iStockphoto<\/p>\n<\/div>\n<\/div>\n<p><span class=\"post-imagem__legenda\">Com altas temperaturas, o organismo realiza uma s\u00e9rie de adapta\u00e7\u00f5es fisiol\u00f3gicas para tentar regular a temperatura interna e resfriar \u2013 iStock\/Getty Images<\/span><\/p>\n<\/div>\n<p>Com as ondas de calor intenso, e a tend\u00eancia ao agravamento das altas temperaturas devido ao <strong><a href=\"https:\/\/catracalivre.com.br\/cidadania\/7-atitudes-aquecimento-global\/\" target=\"_blank\" rel=\"noopener\">aquecimento global<\/a><\/strong> e outro fen\u00f4menos ligados ao clima, estar exposto ao calor extremo pode causar altera\u00e7\u00f5es no organismo que trazem riscos \u00e0 sa\u00fade (especialmente para crian\u00e7as, idosos e pessoas com a sa\u00fade mais fragilizada). Por isso, todo cuidado \u00e9 pouco.<\/p>\n<p>O nosso corpo mant\u00e9m uma temperatura interna em torno de 36 graus. Por isso, quando somos expostos a um estresse t\u00e9rmico (altas temperaturas), o organismo realiza uma s\u00e9rie de adapta\u00e7\u00f5es fisiol\u00f3gicas para tentar regular a temperatura interna e resfriar. A primeira rea\u00e7\u00e3o \u00e9 eliminar o calor por meio do suor, que \u00e9 um mecanismo natural.<\/p>\n<p>O cardiologista Marcelo Franken, do<strong><a href=\"https:\/\/www.einstein.br\/Pages\/Home.aspx\" target=\"_blank\" rel=\"noopener\"> Hospital Albert Einstein<\/a><\/strong>, explica como o calor pode comprometer o funcionamento do corpo humano.\u00a0\u201cO calor intenso pode ter impactos significativos no sistema cardiovascular, representando uma preocupa\u00e7\u00e3o crescente \u00e0 medida que as temperaturas globais continuam a aumentar devido \u00e0s mudan\u00e7as clim\u00e1ticas. Quando o term\u00f4metro sobe, nosso corpo enfrenta desafios para regular a temperatura interna, o que pode resultar em uma s\u00e9rie de efeitos adversos no sistema cardiovascular\u201d.<\/p>\n<h2>Mantenha-se hidratado<\/h2>\n<p>O problema, segundo o especialista, \u00e9 que o excesso de suor, quando n\u00e3o acompanhado da hidrata\u00e7\u00e3o oral adequada, pode levar a quadros de desidrata\u00e7\u00e3o. Isso porque a desidrata\u00e7\u00e3o diminui o volume sangu\u00edneo e, por sua vez, afeta a press\u00e3o arterial. A desidrata\u00e7\u00e3o tamb\u00e9m torna o sangue mais espesso, aumentando o risco de forma\u00e7\u00e3o de co\u00e1gulos sangu\u00edneos. Al\u00e9m disso, o estresse t\u00e9rmico coloca uma carga adicional sobre o cora\u00e7\u00e3o, fazendo com que ele bombeie mais r\u00e1pido para dissipar o calor do corpo.<\/p>\n<p>Pessoas com condi\u00e7\u00f5es card\u00edacas pr\u00e9-existentes, como hipertens\u00e3o arterial, doen\u00e7a coronariana, e insufici\u00eancia card\u00edaca est\u00e3o em maior risco de complica\u00e7\u00f5es relacionadas ao calor intenso. \u201cAs altas temperaturas podem desencadear ataques card\u00edacos e arritmias, pois o cora\u00e7\u00e3o precisa trabalhar mais para manter a temperatura corporal sob controle. \u00c9 essencial tomar precau\u00e7\u00f5es durante ondas de calor, como manter-se hidratado, evitar a exposi\u00e7\u00e3o direta ao sol e buscar ambientes com ar-condicionado ou ventila\u00e7\u00e3o adequada\u201d, recomenda Franken.<\/p>\n<h2>Risco de insola\u00e7\u00e3o<\/h2>\n<p>Quando a temperatura est\u00e1 muito alta e a pessoa est\u00e1 exposta ao sol, o corpo pode entrar num quadro de insola\u00e7\u00e3o. A condi\u00e7\u00e3o se caracteriza pelo aumento da temperatura corporal, pele avermelhada e quente, pele seca, dor de cabe\u00e7a, confus\u00e3o, n\u00e1useas e at\u00e9 mesmo desmaios. \u201cEssa condi\u00e7\u00e3o \u00e9 potencialmente perigosa e requer aten\u00e7\u00e3o imediata, pois pode levar a danos graves ao organismo e, em casos extremos, risco de morte. \u00c9 fundamental buscar abrigo \u00e0 sombra, hidratar-se e resfriar o corpo em casos suspeitos de insola\u00e7\u00e3o\u201d, orienta Franken.<\/p>\n<p>Al\u00e9m disso, h\u00e1 um fator capaz de agravar os impactos dos dias mais quentes, que \u00e9 o ar seco. Temperatura muito alta associada ao ar seco e polu\u00eddo leva ao ressecamento das mucosas, especialmente do nariz e da boca, que podem causar o sangramento nasal, dificuldade para respirar, tosse e at\u00e9 mesmo crises asm\u00e1ticas em pessoas predispostas.<\/p>\n<p>\u201cSempre que temos mudan\u00e7as extremas de umidade do ar ou de temperatura, algumas quest\u00f5es respirat\u00f3rias podem surgir por causa da altera\u00e7\u00e3o das mucosas. Por isso o ideal \u00e9 tentar ficar em ambientes onde a umidade relativa do ar est\u00e1 adequada [usar um umidificador \u00e9 uma op\u00e7\u00e3o] e utilizar soro fisiol\u00f3gico quando o tempo est\u00e1 muito quente e seco tamb\u00e9m ajuda a prevenir doen\u00e7as respirat\u00f3rias\u201d, destacou a infectologista Emy Akiyama Gouveia, do Hospital Israelita Albert Einstein.<\/p>\n<h2>Como se proteger do calor?<\/h2>\n<p>\u00c9 fundamental se proteger do calor e manter-se hidratado em dias de temperaturas muito altas. Entre as principais recomenda\u00e7\u00f5es est\u00e3o:<\/p>\n<p>Beba bastante \u00e1gua e n\u00e3o a substitua por bebidas alco\u00f3licas;<br \/>Fa\u00e7a refei\u00e7\u00f5es leves e frias mais vezes ao dia;<br \/>Mantenha a sua casa fresca, com janelas abertas;<br \/>Tome banhos mais frios;<br \/>Prefira ambientes arejados e evite aglomera\u00e7\u00f5es;<br \/>Proteja-se do sol com chap\u00e9u, \u00f3culos escuros, roupas leves e protetor solar;<br \/>Use soro fisiol\u00f3gico nos olhos e narinas;<br \/>N\u00e3o fa\u00e7a exerc\u00edcios f\u00edsicos em hor\u00e1rios com maior incid\u00eancia de raios UV, das 11h \u00e0s 17h.<\/p>\n<p>Com informa\u00e7\u00f5es do<strong><a href=\"https:\/\/vidasaudavel.einstein.br\/\" target=\"_blank\" rel=\"noopener\"> site Vida Saud\u00e1vel<\/a><\/strong>, do Hospital Albert Einstein.<\/p>\n<\/div>\n<p><script>\n\t\t! function(f, b, e, v, n, t, s) {\n\t\t\tif (f.fbq) return;\n\t\t\tn = f.fbq = function() {\n\t\t\t\tn.callMethod ?\n\t\t\t\t\tn.callMethod.apply(n, arguments) : n.queue.push(arguments)\n\t\t\t};\n\t\t\tif (!f._fbq) f._fbq = n;\n\t\t\tn.push = n;\n\t\t\tn.loaded = !0;\n\t\t\tn.version = '2.0';\n\t\t\tn.queue = [];\n\t\t\tt = b.createElement(e);\n\t\t\tt.async = !0;\n\t\t\tt.src = v;\n\t\t\ts = b.getElementsByTagName(e)[0];\n\t\t\ts.parentNode.insertBefore(t, s)\n\t\t}(window, document, 'script',\n\t\t\t'https:\/\/connect.facebook.net\/en_US\/fbevents.js');\n\t\tfbq('init', '338315473262380');\n\t\tfbq('track', 'PageView');\n\t<\/script><br \/>\n<br \/><br \/>\n<br \/><a href=\"https:\/\/catracalivre.com.br\/saude-bem-estar\/entenda-como-as-ondas-de-calor-afetam-o-corpo-e-a-saude\/\">Source link <\/a><\/p>\n<!-- CONTENT END 1 -->\n","protected":false},"excerpt":{"rendered":"<p>Cr\u00e9ditos: Getty Images\/iStockphoto Com altas temperaturas, o organismo realiza uma s\u00e9rie de adapta\u00e7\u00f5es fisiol\u00f3gicas para tentar regular a temperatura interna e resfriar \u2013 iStock\/Getty Images&#8230;<\/p>\n","protected":false},"author":1,"featured_media":6907,"comment_status":"open","ping_status":"open","sticky":false,"template":"","format":"standard","meta":{"advanced_seo_description":"","jetpack_seo_html_title":"","jetpack_seo_noindex":false,"jetpack_post_was_ever_published":false,"_jetpack_newsletter_access":"","_jetpack_dont_email_post_to_subs":false,"_jetpack_newsletter_tier_id":0,"_jetpack_memberships_contains_paywalled_content":false,"_jetpack_memberships_contains_paid_content":false,"footnotes":"","jetpack_publicize_message":"","jetpack_publicize_feature_enabled":true,"jetpack_social_post_already_shared":true,"jetpack_social_options":{"image_generator_settings":{"template":"highway","default_image_id":0,"font":"","enabled":false},"version":2}},"categories":[19],"tags":[],"class_list":["post-6906","post","type-post","status-publish","format-standard","has-post-thumbnail","hentry","category-variedades"],"jetpack_publicize_connections":[],"jetpack_featured_media_url":"https:\/\/i0.wp.com\/noticiasribeiraopreto.com.br\/wp-content\/uploads\/2023\/11\/istock-1182206228.jpg?fit=1200%2C638&ssl=1","jetpack-related-posts":[{"id":4669,"url":"https:\/\/noticiasribeiraopreto.com.br\/index.php\/2023\/11\/22\/padre-fabio-de-melo-expoe-o-motivo-de-ter-deixado-de-assinar-o-seu-novo-livro-como-padre-video\/","url_meta":{"origin":6906,"position":0},"title":"Padre F\u00e1bio de Melo exp\u00f5e o motivo de ter deixado de assinar o seu novo livro como &#8216;padre&#8217;; v\u00eddeo","author":"noticiasribeiraopreto.com.br","date":"22 de November de 2023","format":false,"excerpt":"Recentemente, diversos canais de comunica\u00e7\u00e3o noticiaram que o padre F\u00e1bio de Melo deixou de assinar o seu livro \u2018A Vida \u00c9 Cruel, Ana Maria\u2019, da editora Record, da maneira que costumava.Em todas as suas outras publica\u00e7\u00f5es, ele assinou como \u2018Padre F\u00e1bio de Melo\u2019. Contudo, no livro que conta a hist\u00f3ria\u2026","rel":"","context":"In &quot;Blog&quot;","block_context":{"text":"Blog","link":"https:\/\/noticiasribeiraopreto.com.br\/index.php\/category\/blog\/"},"img":{"alt_text":"","src":"https:\/\/i0.wp.com\/noticiasribeiraopreto.com.br\/wp-content\/uploads\/2023\/11\/postimg-655d88ec546af6587.jpg?fit=1200%2C628&ssl=1&resize=350%2C200","width":350,"height":200,"srcset":"https:\/\/i0.wp.com\/noticiasribeiraopreto.com.br\/wp-content\/uploads\/2023\/11\/postimg-655d88ec546af6587.jpg?fit=1200%2C628&ssl=1&resize=350%2C200 1x, https:\/\/i0.wp.com\/noticiasribeiraopreto.com.br\/wp-content\/uploads\/2023\/11\/postimg-655d88ec546af6587.jpg?fit=1200%2C628&ssl=1&resize=525%2C300 1.5x, https:\/\/i0.wp.com\/noticiasribeiraopreto.com.br\/wp-content\/uploads\/2023\/11\/postimg-655d88ec546af6587.jpg?fit=1200%2C628&ssl=1&resize=700%2C400 2x, https:\/\/i0.wp.com\/noticiasribeiraopreto.com.br\/wp-content\/uploads\/2023\/11\/postimg-655d88ec546af6587.jpg?fit=1200%2C628&ssl=1&resize=1050%2C600 3x"},"classes":[]},{"id":22975,"url":"https:\/\/noticiasribeiraopreto.com.br\/index.php\/2023\/12\/31\/fgts-2024-confira-as-mudancas-aprovadas-para-o-saque-aniversario\/","url_meta":{"origin":6906,"position":1},"title":"FGTS 2024: Confira as MUDAN\u00c7AS aprovadas para o Saque-Anivers\u00e1rio","author":"noticiasribeiraopreto.com.br","date":"31 de December de 2023","format":false,"excerpt":"Em 2024, o FGTS pode ganhar maior flexibilidade, especialmente para os que optaram pelo saque-anivers\u00e1rio. Uma importante proposta \u00e9 a possibilidade de saque integral em casos de demiss\u00e3o sem justa causa, semelhante ao saque por rescis\u00e3o. Atualmente, quem optou pelo saque-anivers\u00e1rio s\u00f3 pode retirar a multa rescis\u00f3ria de 40% em\u2026","rel":"","context":"In &quot;Vagas de Emprego em Ribeir\u00e3o Preto-SP&quot;","block_context":{"text":"Vagas de Emprego em Ribeir\u00e3o Preto-SP","link":"https:\/\/noticiasribeiraopreto.com.br\/index.php\/category\/empregos-classificados-vagas-trabalho\/vagas-de-empregos-em-ribeirao-preto-regiao-brasil\/"},"img":{"alt_text":"","src":"","width":0,"height":0},"classes":[]},{"id":11391,"url":"https:\/\/noticiasribeiraopreto.com.br\/index.php\/2023\/12\/06\/qual-e-a-diferenca-entre-o-score-e-o-historico-de-credito\/","url_meta":{"origin":6906,"position":2},"title":"Qual \u00e9 a diferen\u00e7a entre o score e o hist\u00f3rico de cr\u00e9dito?","author":"noticiasribeiraopreto.com.br","date":"6 de December de 2023","format":false,"excerpt":"Muitas pessoas confundem os conceitos de score e hist\u00f3rico de cr\u00e9dito, mas eles n\u00e3o s\u00e3o a mesma coisa. Saber diferenci\u00e1-los \u00e9 fundamental para manter o controle dos gastos pessoais, a fim de obter um melhor controle financeiro. Estas s\u00e3o duas ferramentas que as empresas utilizam para fazer a avalia\u00e7\u00e3o de\u2026","rel":"","context":"Similar post","block_context":{"text":"Similar post","link":""},"img":{"alt_text":"Diferen\u00e7a entre score e hist\u00f3rico de cr\u00e9dito","src":"https:\/\/i0.wp.com\/noticiasconcursos.com.br\/wp-content\/uploads\/2023\/12\/noticiasconcursos.com.br-qual-e-a-diferenca-entre-o-score-e-o-historico-de-credito-reproducao-canva-15.jpg?resize=350%2C200&ssl=1","width":350,"height":200,"srcset":"https:\/\/i0.wp.com\/noticiasconcursos.com.br\/wp-content\/uploads\/2023\/12\/noticiasconcursos.com.br-qual-e-a-diferenca-entre-o-score-e-o-historico-de-credito-reproducao-canva-15.jpg?resize=350%2C200&ssl=1 1x, https:\/\/i0.wp.com\/noticiasconcursos.com.br\/wp-content\/uploads\/2023\/12\/noticiasconcursos.com.br-qual-e-a-diferenca-entre-o-score-e-o-historico-de-credito-reproducao-canva-15.jpg?resize=525%2C300&ssl=1 1.5x, https:\/\/i0.wp.com\/noticiasconcursos.com.br\/wp-content\/uploads\/2023\/12\/noticiasconcursos.com.br-qual-e-a-diferenca-entre-o-score-e-o-historico-de-credito-reproducao-canva-15.jpg?resize=700%2C400&ssl=1 2x, https:\/\/i0.wp.com\/noticiasconcursos.com.br\/wp-content\/uploads\/2023\/12\/noticiasconcursos.com.br-qual-e-a-diferenca-entre-o-score-e-o-historico-de-credito-reproducao-canva-15.jpg?resize=1050%2C600&ssl=1 3x"},"classes":[]},{"id":70402,"url":"https:\/\/noticiasribeiraopreto.com.br\/index.php\/2025\/05\/26\/jornal-da-franca-quanto-tempo-e-preciso-esperar-para-dirigir-depois-de-beber-entenda-o-calculo\/","url_meta":{"origin":6906,"position":3},"title":"Jornal da Franca &#8211; Quanto tempo \u00e9 preciso esperar para dirigir depois de beber? Entenda o c\u00e1lculo","author":"noticiasribeiraopreto.com.br","date":"26 de May de 2025","format":false,"excerpt":"compartilhar no whatsapp compartilhar no telegram compartilhar no facebook compartilhar no linkedin O efeito do \u00e1lcool em cada motorista depende de muitos fatores, como o g\u00eanero, a idade, a quantidade e o tipo de bebida ingerida. Com o n\u00famero de acidentes fatais envolvendo motoristas alcoolizados est\u00e1 cada vez maior, a\u2026","rel":"","context":"In &quot;Not\u00edcias de Franca-SP&quot;","block_context":{"text":"Not\u00edcias de Franca-SP","link":"https:\/\/noticiasribeiraopreto.com.br\/index.php\/category\/noticias-de-ribeirao-preto-sp-e-regiao-ismael-colosi\/noticias-franca-sp\/"},"img":{"alt_text":"","src":"https:\/\/i0.wp.com\/noticiasribeiraopreto.com.br\/wp-content\/uploads\/2025\/05\/policial-rodoviario-aplica-teste-do-bafometro-em-motorista-na-rodovia-adhemar-de-barros-sp-1582729431651_v2_900x506.jpg?fit=900%2C506&ssl=1&resize=350%2C200","width":350,"height":200,"srcset":"https:\/\/i0.wp.com\/noticiasribeiraopreto.com.br\/wp-content\/uploads\/2025\/05\/policial-rodoviario-aplica-teste-do-bafometro-em-motorista-na-rodovia-adhemar-de-barros-sp-1582729431651_v2_900x506.jpg?fit=900%2C506&ssl=1&resize=350%2C200 1x, https:\/\/i0.wp.com\/noticiasribeiraopreto.com.br\/wp-content\/uploads\/2025\/05\/policial-rodoviario-aplica-teste-do-bafometro-em-motorista-na-rodovia-adhemar-de-barros-sp-1582729431651_v2_900x506.jpg?fit=900%2C506&ssl=1&resize=525%2C300 1.5x, https:\/\/i0.wp.com\/noticiasribeiraopreto.com.br\/wp-content\/uploads\/2025\/05\/policial-rodoviario-aplica-teste-do-bafometro-em-motorista-na-rodovia-adhemar-de-barros-sp-1582729431651_v2_900x506.jpg?fit=900%2C506&ssl=1&resize=700%2C400 2x"},"classes":[]},{"id":37941,"url":"https:\/\/noticiasribeiraopreto.com.br\/index.php\/2024\/02\/19\/previa-do-pib-registra-crescimento-de-245-na-economia\/","url_meta":{"origin":6906,"position":4},"title":"&#8220;Pr\u00e9via do PIB&#8221; registra crescimento de 2,45% na economia","author":"noticiasribeiraopreto.com.br","date":"19 de February de 2024","format":false,"excerpt":"A economia brasileira avan\u00e7ou 2,45% em 2023, conforme o \u00cdndice de Atividade do Banco Central (IBC-Br), divulgado nesta segunda-feira pela autoridade monet\u00e1ria. O dado do IBC-Br foi melhor que a mediana das expectativas do mercado financeiro coletadas pelo Proje\u00e7\u00f5es Broadcast, de avan\u00e7o de 2,30% no indicador no ano. O intervalo\u2026","rel":"","context":"In &quot;Not\u00edcias de Ribeir\u00e3o Preto-SP e Regi\u00e3o&quot;","block_context":{"text":"Not\u00edcias de Ribeir\u00e3o Preto-SP e Regi\u00e3o","link":"https:\/\/noticiasribeiraopreto.com.br\/index.php\/category\/noticias-de-ribeirao-preto-sp-e-regiao-ismael-colosi\/"},"img":{"alt_text":"","src":"https:\/\/i0.wp.com\/noticiasribeiraopreto.com.br\/wp-content\/uploads\/2024\/02\/2ed6adb1-e26c-4bd1-9956-1707fa311d96.png?fit=768%2C512&ssl=1&resize=350%2C200","width":350,"height":200,"srcset":"https:\/\/i0.wp.com\/noticiasribeiraopreto.com.br\/wp-content\/uploads\/2024\/02\/2ed6adb1-e26c-4bd1-9956-1707fa311d96.png?fit=768%2C512&ssl=1&resize=350%2C200 1x, https:\/\/i0.wp.com\/noticiasribeiraopreto.com.br\/wp-content\/uploads\/2024\/02\/2ed6adb1-e26c-4bd1-9956-1707fa311d96.png?fit=768%2C512&ssl=1&resize=525%2C300 1.5x, https:\/\/i0.wp.com\/noticiasribeiraopreto.com.br\/wp-content\/uploads\/2024\/02\/2ed6adb1-e26c-4bd1-9956-1707fa311d96.png?fit=768%2C512&ssl=1&resize=700%2C400 2x"},"classes":[]},{"id":80104,"url":"https:\/\/noticiasribeiraopreto.com.br\/index.php\/2025\/11\/14\/chuva-forte-e-rajadas-intensas-de-vento-frente-fria-deve-mudar-o-tempo-em-todo-o-estado-de-sp\/","url_meta":{"origin":6906,"position":5},"title":"Chuva forte e rajadas intensas de vento: frente fria deve mudar o tempo em todo o estado de SP","author":"noticiasribeiraopreto.com.br","date":"14 de November de 2025","format":false,"excerpt":"Uma nova frente fria deve avan\u00e7ar pelo Brasil neste fim de semana e mudar o tempo em v\u00e1rias regi\u00f5es. O encontro da massa de ar frio com o ar quente e inst\u00e1vel aumenta o risco de tempestades severas, chuva intensa e rajadas de vento. De acordo com a Climatempo, no\u2026","rel":"","context":"In &quot;Not\u00edcias de Ribeir\u00e3o Preto-SP e Regi\u00e3o&quot;","block_context":{"text":"Not\u00edcias de Ribeir\u00e3o Preto-SP e Regi\u00e3o","link":"https:\/\/noticiasribeiraopreto.com.br\/index.php\/category\/noticias-de-ribeirao-preto-sp-e-regiao-ismael-colosi\/"},"img":{"alt_text":"","src":"https:\/\/i0.wp.com\/noticiasribeiraopreto.com.br\/wp-content\/uploads\/2025\/11\/anhangabau_chuva_03_0.webp.webp?fit=1170%2C700&ssl=1&resize=350%2C200","width":350,"height":200,"srcset":"https:\/\/i0.wp.com\/noticiasribeiraopreto.com.br\/wp-content\/uploads\/2025\/11\/anhangabau_chuva_03_0.webp.webp?fit=1170%2C700&ssl=1&resize=350%2C200 1x, https:\/\/i0.wp.com\/noticiasribeiraopreto.com.br\/wp-content\/uploads\/2025\/11\/anhangabau_chuva_03_0.webp.webp?fit=1170%2C700&ssl=1&resize=525%2C300 1.5x, https:\/\/i0.wp.com\/noticiasribeiraopreto.com.br\/wp-content\/uploads\/2025\/11\/anhangabau_chuva_03_0.webp.webp?fit=1170%2C700&ssl=1&resize=700%2C400 2x, https:\/\/i0.wp.com\/noticiasribeiraopreto.com.br\/wp-content\/uploads\/2025\/11\/anhangabau_chuva_03_0.webp.webp?fit=1170%2C700&ssl=1&resize=1050%2C600 3x"},"classes":[]}],"jetpack_sharing_enabled":true,"jetpack_shortlink":"https:\/\/wp.me\/peQAOb-1No","_links":{"self":[{"href":"https:\/\/noticiasribeiraopreto.com.br\/index.php\/wp-json\/wp\/v2\/posts\/6906","targetHints":{"allow":["GET"]}}],"collection":[{"href":"https:\/\/noticiasribeiraopreto.com.br\/index.php\/wp-json\/wp\/v2\/posts"}],"about":[{"href":"https:\/\/noticiasribeiraopreto.com.br\/index.php\/wp-json\/wp\/v2\/types\/post"}],"author":[{"embeddable":true,"href":"https:\/\/noticiasribeiraopreto.com.br\/index.php\/wp-json\/wp\/v2\/users\/1"}],"replies":[{"embeddable":true,"href":"https:\/\/noticiasribeiraopreto.com.br\/index.php\/wp-json\/wp\/v2\/comments?post=6906"}],"version-history":[{"count":0,"href":"https:\/\/noticiasribeiraopreto.com.br\/index.php\/wp-json\/wp\/v2\/posts\/6906\/revisions"}],"wp:featuredmedia":[{"embeddable":true,"href":"https:\/\/noticiasribeiraopreto.com.br\/index.php\/wp-json\/wp\/v2\/media\/6907"}],"wp:attachment":[{"href":"https:\/\/noticiasribeiraopreto.com.br\/index.php\/wp-json\/wp\/v2\/media?parent=6906"}],"wp:term":[{"taxonomy":"category","embeddable":true,"href":"https:\/\/noticiasribeiraopreto.com.br\/index.php\/wp-json\/wp\/v2\/categories?post=6906"},{"taxonomy":"post_tag","embeddable":true,"href":"https:\/\/noticiasribeiraopreto.com.br\/index.php\/wp-json\/wp\/v2\/tags?post=6906"}],"curies":[{"name":"wp","href":"https:\/\/api.w.org\/{rel}","templated":true}]}}