{"id":69289,"date":"2025-05-04T15:59:51","date_gmt":"2025-05-04T18:59:51","guid":{"rendered":"https:\/\/noticiasribeiraopreto.com.br\/index.php\/2025\/05\/04\/vitimas-que-morreram-apos-batida-entre-carro-e-moto-em-rodovia-sao-identificadas\/"},"modified":"2025-05-04T15:59:51","modified_gmt":"2025-05-04T18:59:51","slug":"vitimas-que-morreram-apos-batida-entre-carro-e-moto-em-rodovia-sao-identificadas","status":"publish","type":"post","link":"https:\/\/noticiasribeiraopreto.com.br\/index.php\/2025\/05\/04\/vitimas-que-morreram-apos-batida-entre-carro-e-moto-em-rodovia-sao-identificadas\/","title":{"rendered":"V\u00edtimas que morreram ap\u00f3s batida entre carro e moto em rodovia s\u00e3o identificadas"},"content":{"rendered":"<p> <br \/>\n<\/p>\n<div data-td-block-uid=\"tdi_95\">\n<div class=\"tdb-block-inner td-fix-index\">\n<p><strong>As duas v\u00edtimas que morreram ap\u00f3s uma batida entre um carro e uma moto na madrugada deste domingo (4), no km 88 da rodovia Carlos Tonani (SP-333), em Sert\u00e3ozinho, na regi\u00e3o de Ribeir\u00e3o Preto, foram identificadas.<\/strong><\/p>\n<p><mark style=\"background-color:#abb8c3\" class=\"has-inline-color has-black-color\">Segundo informa\u00e7\u00f5es, S\u00e9rgio Murilo Correia de Oliveira J\u00fanior, de 33 anos, e Michel Aparecido Souza de Jesus, de 32 anos, estavam na moto e morreram no local.<\/mark><\/p>\n<p>A Pol\u00edcia Militar Rodovi\u00e1ria (PMR) informou a Artesp que o carro atingiu a traseira da moto e as v\u00edtimas foram arrastadas por aproximadamente 200 metros, e a moto por 350 metros no sentido Leste da via.<\/p>\n<p>Ainda segundo as informa\u00e7\u00f5es, a motorista do carro apresentava sinais de embriaguez. Ela tamb\u00e9m ficou ferida e foi socorrida.<\/p>\n<p>Depois da colis\u00e3o, o ve\u00edculo atravessou o canteiro central e bateu contra uma cerca na lateral da rodovia.<\/p>\n<p>N\u00e3o h\u00e1, por\u00e9m, a informa\u00e7\u00e3o se a condutora foi presa.<\/p>\n<p>SAIBA MAIS<\/p>\n<p>Batida entre carro e moto deixa dois mortos em rodovia na regi\u00e3o de Ribeir\u00e3o Preto<\/p>\n<h2 class=\"wp-block-heading\"><strong>FIQUE ON<\/strong><\/h2>\n<p>Fique ligado em tudo que acontece em Ribeir\u00e3o Preto e regi\u00e3o. Siga os perfis do\u00a0<strong>acidade on<\/strong>\u00a0no\u00a0<a href=\"https:\/\/www.instagram.com\/acidadeonribeirao\">Instagram<\/a>\u00a0e no\u00a0<a href=\"https:\/\/www.facebook.com\/acidadeonribeirao\/\">Facebook<\/a>.<\/p>\n<p>Receba not\u00edcias do\u00a0<strong>acidade on<\/strong>\u00a0no WhatsApp.\u00a0<a href=\"https:\/\/chat.whatsapp.com\/BjKQZ9oJwlz8VVT50NuePq\">Para entrar no grupo, basta clicar aqui.<\/a><\/p>\n<p>Fa\u00e7a uma den\u00fancia ou sugira uma reportagem sobre Ribeir\u00e3o Preto e regi\u00e3o pelo WhatsApp: 16 99117 7802.<\/p>\n<p>VEJA TAMB\u00c9M<\/p>\n<p>Quem pode participar do Projeto Mais M\u00e9dicos?<\/p>\n<p><!-- CONTENT END 1 -->\n<\/div>\n<\/div>\n<p><script async src=\"\/\/www.instagram.com\/embed.js\"><\/script><br \/>\n<br \/><br \/>\n<br \/><a href=\"https:\/\/www.acidadeon.com\/ribeiraopreto\/cotidiano\/vitimas-que-morreram-apos-batida-entre-carro-e-moto-em-rodovia-sao-identificadas\/\">Source link <\/a><\/p>\n","protected":false},"excerpt":{"rendered":"<p>As duas v\u00edtimas que morreram ap\u00f3s uma batida entre um carro e uma moto na madrugada deste domingo (4), no km 88 da rodovia Carlos&#8230;<\/p>\n","protected":false},"author":1,"featured_media":69290,"comment_status":"open","ping_status":"open","sticky":false,"template":"","format":"standard","meta":{"advanced_seo_description":"","jetpack_seo_html_title":"","jetpack_seo_noindex":false,"jetpack_post_was_ever_published":false,"_jetpack_newsletter_access":"","_jetpack_dont_email_post_to_subs":false,"_jetpack_newsletter_tier_id":0,"_jetpack_memberships_contains_paywalled_content":false,"_jetpack_memberships_contains_paid_content":false,"footnotes":"","jetpack_publicize_message":"","jetpack_publicize_feature_enabled":true,"jetpack_social_post_already_shared":true,"jetpack_social_options":{"image_generator_settings":{"template":"highway","default_image_id":0,"font":"","enabled":false},"version":2}},"categories":[11],"tags":[],"class_list":["post-69289","post","type-post","status-publish","format-standard","has-post-thumbnail","hentry","category-noticias-de-ribeirao-preto-sp-e-regiao-ismael-colosi"],"jetpack_publicize_connections":[],"jetpack_featured_media_url":"https:\/\/i0.wp.com\/noticiasribeiraopreto.com.br\/wp-content\/uploads\/2025\/05\/ACIDENTE_2025-05-04_15-59-52.webp.webp?fit=1200%2C652&ssl=1","jetpack-related-posts":[{"id":69277,"url":"https:\/\/noticiasribeiraopreto.com.br\/index.php\/2025\/05\/04\/batida-entre-carro-e-moto-deixa-dois-mortos-em-rodovia-na-regiao-de-ribeirao-preto\/","url_meta":{"origin":69289,"position":0},"title":"Batida entre carro e moto deixa dois mortos em rodovia na regi\u00e3o de Ribeir\u00e3o Preto","author":"noticiasribeiraopreto.com.br","date":"4 de May de 2025","format":false,"excerpt":"Duas pessoas morreram ap\u00f3s uma batida que envolveu um carro e uma moto na madrugada deste domingo (4), no km 88 da rodovia Carlos Tonani (SP-333), entre Sert\u00e3ozinho e Barrinha, na regi\u00e3o de Ribeir\u00e3o Preto. Segundo informa\u00e7\u00f5es da Pol\u00edcia Militar Rodovi\u00e1ria (PMR) divulgados pela Artesp, o carro atingiu a traseira\u2026","rel":"","context":"In &quot;Not\u00edcias de Ribeir\u00e3o Preto-SP e Regi\u00e3o&quot;","block_context":{"text":"Not\u00edcias de Ribeir\u00e3o Preto-SP e Regi\u00e3o","link":"https:\/\/noticiasribeiraopreto.com.br\/index.php\/category\/noticias-de-ribeirao-preto-sp-e-regiao-ismael-colosi\/"},"img":{"alt_text":"","src":"https:\/\/i0.wp.com\/noticiasribeiraopreto.com.br\/wp-content\/uploads\/2025\/05\/WhatsApp-Image-2025-05-04-at-09.46.55_2025-05-04_12-47-49.webp.webp?fit=1200%2C804&ssl=1&resize=350%2C200","width":350,"height":200,"srcset":"https:\/\/i0.wp.com\/noticiasribeiraopreto.com.br\/wp-content\/uploads\/2025\/05\/WhatsApp-Image-2025-05-04-at-09.46.55_2025-05-04_12-47-49.webp.webp?fit=1200%2C804&ssl=1&resize=350%2C200 1x, https:\/\/i0.wp.com\/noticiasribeiraopreto.com.br\/wp-content\/uploads\/2025\/05\/WhatsApp-Image-2025-05-04-at-09.46.55_2025-05-04_12-47-49.webp.webp?fit=1200%2C804&ssl=1&resize=525%2C300 1.5x, https:\/\/i0.wp.com\/noticiasribeiraopreto.com.br\/wp-content\/uploads\/2025\/05\/WhatsApp-Image-2025-05-04-at-09.46.55_2025-05-04_12-47-49.webp.webp?fit=1200%2C804&ssl=1&resize=700%2C400 2x, https:\/\/i0.wp.com\/noticiasribeiraopreto.com.br\/wp-content\/uploads\/2025\/05\/WhatsApp-Image-2025-05-04-at-09.46.55_2025-05-04_12-47-49.webp.webp?fit=1200%2C804&ssl=1&resize=1050%2C600 3x"},"classes":[]},{"id":66598,"url":"https:\/\/noticiasribeiraopreto.com.br\/index.php\/2025\/04\/03\/dois-morrem-apos-batida-entre-carro-e-moto-na-rodovia-abrao-assed\/","url_meta":{"origin":69289,"position":1},"title":"Dois morrem ap\u00f3s batida entre carro e moto na rodovia Abr\u00e3o Assed","author":"noticiasribeiraopreto.com.br","date":"3 de April de 2025","format":false,"excerpt":"Duas pessoas morreram no in\u00edcio da noite desta quarta-feira (2), depois da batida entre uma picape e uma moto, no km 17 de rodovia Abr\u00e3o Assed (SP-333), em Santa Cruz da Esperan\u00e7a, cidade a aproximadamente 40 quil\u00f4metros de Ribeir\u00e3o Preto. Segundo o boletim de ocorr\u00eancia (BO), as v\u00edtimas, identificadas como\u2026","rel":"","context":"In &quot;Not\u00edcias de Ribeir\u00e3o Preto-SP e Regi\u00e3o&quot;","block_context":{"text":"Not\u00edcias de Ribeir\u00e3o Preto-SP e Regi\u00e3o","link":"https:\/\/noticiasribeiraopreto.com.br\/index.php\/category\/noticias-de-ribeirao-preto-sp-e-regiao-ismael-colosi\/"},"img":{"alt_text":"","src":"https:\/\/i0.wp.com\/noticiasribeiraopreto.com.br\/wp-content\/uploads\/2025\/04\/20220809_065618844_policia_rodoviaria_1200x675_21062022083038.jpg?fit=1200%2C675&ssl=1&resize=350%2C200","width":350,"height":200,"srcset":"https:\/\/i0.wp.com\/noticiasribeiraopreto.com.br\/wp-content\/uploads\/2025\/04\/20220809_065618844_policia_rodoviaria_1200x675_21062022083038.jpg?fit=1200%2C675&ssl=1&resize=350%2C200 1x, https:\/\/i0.wp.com\/noticiasribeiraopreto.com.br\/wp-content\/uploads\/2025\/04\/20220809_065618844_policia_rodoviaria_1200x675_21062022083038.jpg?fit=1200%2C675&ssl=1&resize=525%2C300 1.5x, https:\/\/i0.wp.com\/noticiasribeiraopreto.com.br\/wp-content\/uploads\/2025\/04\/20220809_065618844_policia_rodoviaria_1200x675_21062022083038.jpg?fit=1200%2C675&ssl=1&resize=700%2C400 2x, https:\/\/i0.wp.com\/noticiasribeiraopreto.com.br\/wp-content\/uploads\/2025\/04\/20220809_065618844_policia_rodoviaria_1200x675_21062022083038.jpg?fit=1200%2C675&ssl=1&resize=1050%2C600 3x"},"classes":[]},{"id":52523,"url":"https:\/\/noticiasribeiraopreto.com.br\/index.php\/2024\/06\/08\/identificadas-vitimas-que-morreram-em-acidente-na-rodovia-abrao-assed-em-ribeirao\/","url_meta":{"origin":69289,"position":2},"title":"Identificadas v\u00edtimas que morreram em acidente na rodovia Abr\u00e3o Assed em Ribeir\u00e3o","author":"noticiasribeiraopreto.com.br","date":"8 de June de 2024","format":false,"excerpt":"O casal que morreu, ap\u00f3s a moto em que estava ser atingida por um carro, na rodovia Abr\u00e3o Assed (SP-333) em Ribeir\u00e3o Preto, foi identificado. Segundo o boletim de ocorr\u00eancia, o motociclista era Fernando Lu\u00eds Martins, de 40 anos, e a passageira Gisele Cristina Barbosa, de 30 anos. Eles eram\u2026","rel":"","context":"In &quot;Not\u00edcias de Ribeir\u00e3o Preto-SP e Regi\u00e3o&quot;","block_context":{"text":"Not\u00edcias de Ribeir\u00e3o Preto-SP e Regi\u00e3o","link":"https:\/\/noticiasribeiraopreto.com.br\/index.php\/category\/noticias-de-ribeirao-preto-sp-e-regiao-ismael-colosi\/"},"img":{"alt_text":"","src":"https:\/\/i0.wp.com\/noticiasribeiraopreto.com.br\/wp-content\/uploads\/2024\/06\/Copia-de-Copia-de-TAMANHO-EXATO-PARA-FOTOS-NO-SISTEMA-NOVO_2024-06-08_20-08-20_jpg_2024-06-08_20-08-20.webp.webp?fit=1200%2C675&ssl=1&resize=350%2C200","width":350,"height":200,"srcset":"https:\/\/i0.wp.com\/noticiasribeiraopreto.com.br\/wp-content\/uploads\/2024\/06\/Copia-de-Copia-de-TAMANHO-EXATO-PARA-FOTOS-NO-SISTEMA-NOVO_2024-06-08_20-08-20_jpg_2024-06-08_20-08-20.webp.webp?fit=1200%2C675&ssl=1&resize=350%2C200 1x, https:\/\/i0.wp.com\/noticiasribeiraopreto.com.br\/wp-content\/uploads\/2024\/06\/Copia-de-Copia-de-TAMANHO-EXATO-PARA-FOTOS-NO-SISTEMA-NOVO_2024-06-08_20-08-20_jpg_2024-06-08_20-08-20.webp.webp?fit=1200%2C675&ssl=1&resize=525%2C300 1.5x, https:\/\/i0.wp.com\/noticiasribeiraopreto.com.br\/wp-content\/uploads\/2024\/06\/Copia-de-Copia-de-TAMANHO-EXATO-PARA-FOTOS-NO-SISTEMA-NOVO_2024-06-08_20-08-20_jpg_2024-06-08_20-08-20.webp.webp?fit=1200%2C675&ssl=1&resize=700%2C400 2x, https:\/\/i0.wp.com\/noticiasribeiraopreto.com.br\/wp-content\/uploads\/2024\/06\/Copia-de-Copia-de-TAMANHO-EXATO-PARA-FOTOS-NO-SISTEMA-NOVO_2024-06-08_20-08-20_jpg_2024-06-08_20-08-20.webp.webp?fit=1200%2C675&ssl=1&resize=1050%2C600 3x"},"classes":[]},{"id":54874,"url":"https:\/\/noticiasribeiraopreto.com.br\/index.php\/2024\/07\/25\/identificadas-vitimas-que-morreram-em-batida-entre-carro-e-caminhao-na-regiao-de-ribeirao\/","url_meta":{"origin":69289,"position":3},"title":"Identificadas v\u00edtimas que morreram em batida entre carro e caminh\u00e3o na regi\u00e3o de Ribeir\u00e3o","author":"noticiasribeiraopreto.com.br","date":"25 de July de 2024","format":false,"excerpt":"Dois jovens morreram, na noite de quarta-feira (24), ap\u00f3s o carro em que estavam bater contra um caminh\u00e3o, no quil\u00f4metro 24 da rodovia Altino Arantes\u00a0(SP-351), em\u00a0Altin\u00f3polis, na regi\u00e3o de\u00a0Ribeir\u00e3o Preto. As v\u00edtimas foram identificadas como Breno Edmar Luz Teixeira, de 22 anos, e Jo\u00e3o Pedro Fortunato da Silva, de 24\u2026","rel":"","context":"In &quot;Not\u00edcias de Ribeir\u00e3o Preto-SP e Regi\u00e3o&quot;","block_context":{"text":"Not\u00edcias de Ribeir\u00e3o Preto-SP e Regi\u00e3o","link":"https:\/\/noticiasribeiraopreto.com.br\/index.php\/category\/noticias-de-ribeirao-preto-sp-e-regiao-ismael-colosi\/"},"img":{"alt_text":"","src":"https:\/\/i0.wp.com\/noticiasribeiraopreto.com.br\/wp-content\/uploads\/2024\/07\/Copia-de-Copia-de-TAMANHO-EXATO-PARA-FOTOS-NO-SISTEMA-NOVO-28_2024-07-25_00-31-56_jpg_2024-07-25_00-31-56.webp.webp?fit=1200%2C675&ssl=1&resize=350%2C200","width":350,"height":200,"srcset":"https:\/\/i0.wp.com\/noticiasribeiraopreto.com.br\/wp-content\/uploads\/2024\/07\/Copia-de-Copia-de-TAMANHO-EXATO-PARA-FOTOS-NO-SISTEMA-NOVO-28_2024-07-25_00-31-56_jpg_2024-07-25_00-31-56.webp.webp?fit=1200%2C675&ssl=1&resize=350%2C200 1x, https:\/\/i0.wp.com\/noticiasribeiraopreto.com.br\/wp-content\/uploads\/2024\/07\/Copia-de-Copia-de-TAMANHO-EXATO-PARA-FOTOS-NO-SISTEMA-NOVO-28_2024-07-25_00-31-56_jpg_2024-07-25_00-31-56.webp.webp?fit=1200%2C675&ssl=1&resize=525%2C300 1.5x, https:\/\/i0.wp.com\/noticiasribeiraopreto.com.br\/wp-content\/uploads\/2024\/07\/Copia-de-Copia-de-TAMANHO-EXATO-PARA-FOTOS-NO-SISTEMA-NOVO-28_2024-07-25_00-31-56_jpg_2024-07-25_00-31-56.webp.webp?fit=1200%2C675&ssl=1&resize=700%2C400 2x, https:\/\/i0.wp.com\/noticiasribeiraopreto.com.br\/wp-content\/uploads\/2024\/07\/Copia-de-Copia-de-TAMANHO-EXATO-PARA-FOTOS-NO-SISTEMA-NOVO-28_2024-07-25_00-31-56_jpg_2024-07-25_00-31-56.webp.webp?fit=1200%2C675&ssl=1&resize=1050%2C600 3x"},"classes":[]},{"id":71351,"url":"https:\/\/noticiasribeiraopreto.com.br\/index.php\/2025\/06\/05\/mulher-morre-apos-batida-entre-carro-e-moto-em-estrada-na-regiao-de-ribeirao-preto\/","url_meta":{"origin":69289,"position":4},"title":"Mulher morre ap\u00f3s batida entre carro e moto em estrada na regi\u00e3o de Ribeir\u00e3o Preto","author":"noticiasribeiraopreto.com.br","date":"5 de June de 2025","format":false,"excerpt":"Uma mulher morreu na noite desta quarta-feira (4), depois de se envolver em uma batida entre a moto que ela pilotava e um carro na estrada Alc\u00eddio Balbo, entre Sert\u00e3ozinho e Cruz das Posses. Segundo informa\u00e7\u00f5es iniciais da GCM (Guarda Civil Municipal), a suspeita \u00e9 que a motociclista tenha tentado\u2026","rel":"","context":"In &quot;Not\u00edcias de Ribeir\u00e3o Preto-SP e Regi\u00e3o&quot;","block_context":{"text":"Not\u00edcias de Ribeir\u00e3o Preto-SP e Regi\u00e3o","link":"https:\/\/noticiasribeiraopreto.com.br\/index.php\/category\/noticias-de-ribeirao-preto-sp-e-regiao-ismael-colosi\/"},"img":{"alt_text":"","src":"https:\/\/i0.wp.com\/noticiasribeiraopreto.com.br\/wp-content\/uploads\/2025\/06\/WhatsApp-Image-2025-06-05-at-06.37.25_2025-06-05_09-43-50.webp.webp?fit=1200%2C675&ssl=1&resize=350%2C200","width":350,"height":200,"srcset":"https:\/\/i0.wp.com\/noticiasribeiraopreto.com.br\/wp-content\/uploads\/2025\/06\/WhatsApp-Image-2025-06-05-at-06.37.25_2025-06-05_09-43-50.webp.webp?fit=1200%2C675&ssl=1&resize=350%2C200 1x, https:\/\/i0.wp.com\/noticiasribeiraopreto.com.br\/wp-content\/uploads\/2025\/06\/WhatsApp-Image-2025-06-05-at-06.37.25_2025-06-05_09-43-50.webp.webp?fit=1200%2C675&ssl=1&resize=525%2C300 1.5x, https:\/\/i0.wp.com\/noticiasribeiraopreto.com.br\/wp-content\/uploads\/2025\/06\/WhatsApp-Image-2025-06-05-at-06.37.25_2025-06-05_09-43-50.webp.webp?fit=1200%2C675&ssl=1&resize=700%2C400 2x, https:\/\/i0.wp.com\/noticiasribeiraopreto.com.br\/wp-content\/uploads\/2025\/06\/WhatsApp-Image-2025-06-05-at-06.37.25_2025-06-05_09-43-50.webp.webp?fit=1200%2C675&ssl=1&resize=1050%2C600 3x"},"classes":[]},{"id":62460,"url":"https:\/\/noticiasribeiraopreto.com.br\/index.php\/2025\/01\/15\/batida-entre-carro-e-moto-deixa-vitima-e-trava-transito-na-anhanguera-em-ribeirao-preto\/","url_meta":{"origin":69289,"position":5},"title":"Batida entre carro e moto deixa v\u00edtima e trava tr\u00e2nsito na Anhanguera em Ribeir\u00e3o Preto","author":"noticiasribeiraopreto.com.br","date":"15 de January de 2025","format":false,"excerpt":"Uma batida entre um carro e uma moto deixou uma v\u00edtima na manh\u00e3 desta quarta-feira (15), no km 308 da rodovia Anhanguera (SP-330), em Ribeir\u00e3o Preto. Segundo relato de motoristas, o tr\u00e2nsito ficou parado na pista sentido Sul (Capital) desde a altura da liga\u00e7\u00e3o com a avenida Brasil. A concession\u00e1ria\u2026","rel":"","context":"In &quot;Not\u00edcias de Ribeir\u00e3o Preto-SP e Regi\u00e3o&quot;","block_context":{"text":"Not\u00edcias de Ribeir\u00e3o Preto-SP e Regi\u00e3o","link":"https:\/\/noticiasribeiraopreto.com.br\/index.php\/category\/noticias-de-ribeirao-preto-sp-e-regiao-ismael-colosi\/"},"img":{"alt_text":"","src":"https:\/\/i0.wp.com\/noticiasribeiraopreto.com.br\/wp-content\/uploads\/2025\/01\/policia_rodoviaria_1200x675_01042022100400_x1x.jpg?fit=1200%2C675&ssl=1&resize=350%2C200","width":350,"height":200,"srcset":"https:\/\/i0.wp.com\/noticiasribeiraopreto.com.br\/wp-content\/uploads\/2025\/01\/policia_rodoviaria_1200x675_01042022100400_x1x.jpg?fit=1200%2C675&ssl=1&resize=350%2C200 1x, https:\/\/i0.wp.com\/noticiasribeiraopreto.com.br\/wp-content\/uploads\/2025\/01\/policia_rodoviaria_1200x675_01042022100400_x1x.jpg?fit=1200%2C675&ssl=1&resize=525%2C300 1.5x, https:\/\/i0.wp.com\/noticiasribeiraopreto.com.br\/wp-content\/uploads\/2025\/01\/policia_rodoviaria_1200x675_01042022100400_x1x.jpg?fit=1200%2C675&ssl=1&resize=700%2C400 2x, https:\/\/i0.wp.com\/noticiasribeiraopreto.com.br\/wp-content\/uploads\/2025\/01\/policia_rodoviaria_1200x675_01042022100400_x1x.jpg?fit=1200%2C675&ssl=1&resize=1050%2C600 3x"},"classes":[]}],"jetpack_sharing_enabled":true,"jetpack_shortlink":"https:\/\/wp.me\/peQAOb-i1z","_links":{"self":[{"href":"https:\/\/noticiasribeiraopreto.com.br\/index.php\/wp-json\/wp\/v2\/posts\/69289","targetHints":{"allow":["GET"]}}],"collection":[{"href":"https:\/\/noticiasribeiraopreto.com.br\/index.php\/wp-json\/wp\/v2\/posts"}],"about":[{"href":"https:\/\/noticiasribeiraopreto.com.br\/index.php\/wp-json\/wp\/v2\/types\/post"}],"author":[{"embeddable":true,"href":"https:\/\/noticiasribeiraopreto.com.br\/index.php\/wp-json\/wp\/v2\/users\/1"}],"replies":[{"embeddable":true,"href":"https:\/\/noticiasribeiraopreto.com.br\/index.php\/wp-json\/wp\/v2\/comments?post=69289"}],"version-history":[{"count":0,"href":"https:\/\/noticiasribeiraopreto.com.br\/index.php\/wp-json\/wp\/v2\/posts\/69289\/revisions"}],"wp:featuredmedia":[{"embeddable":true,"href":"https:\/\/noticiasribeiraopreto.com.br\/index.php\/wp-json\/wp\/v2\/media\/69290"}],"wp:attachment":[{"href":"https:\/\/noticiasribeiraopreto.com.br\/index.php\/wp-json\/wp\/v2\/media?parent=69289"}],"wp:term":[{"taxonomy":"category","embeddable":true,"href":"https:\/\/noticiasribeiraopreto.com.br\/index.php\/wp-json\/wp\/v2\/categories?post=69289"},{"taxonomy":"post_tag","embeddable":true,"href":"https:\/\/noticiasribeiraopreto.com.br\/index.php\/wp-json\/wp\/v2\/tags?post=69289"}],"curies":[{"name":"wp","href":"https:\/\/api.w.org\/{rel}","templated":true}]}}