{"id":69293,"date":"2025-05-04T16:10:20","date_gmt":"2025-05-04T19:10:20","guid":{"rendered":"https:\/\/noticiasribeiraopreto.com.br\/index.php\/2025\/05\/04\/cruzeiro-vira-sobre-o-campinas-e-e-campeao-da-superliga-masculina\/"},"modified":"2025-05-04T16:10:20","modified_gmt":"2025-05-04T19:10:20","slug":"cruzeiro-vira-sobre-o-campinas-e-e-campeao-da-superliga-masculina","status":"publish","type":"post","link":"https:\/\/noticiasribeiraopreto.com.br\/index.php\/2025\/05\/04\/cruzeiro-vira-sobre-o-campinas-e-e-campeao-da-superliga-masculina\/","title":{"rendered":"Cruzeiro vira sobre o Campinas e \u00e9 campe\u00e3o da Superliga Masculina"},"content":{"rendered":"<div class='code-block code-block-1' style='margin: 8px 0 8px auto; text-align: right; display: block; clear: both;'>\n<p><a href=\"https:\/\/wa.link\/vpicfd\"><img data-recalc-dims=\"1\" class=\"wp-image-4922\" style=\"aspect-ratio: 2.0253164556962027; width: 561px; height: auto;\" src=\"https:\/\/i0.wp.com\/ismaelcolosi.com.br\/wp-content\/uploads\/2023\/11\/grupo-de-empregos-whatsapp-e-facebook-ismael-colosi-vagas.jpg?ssl=1\" alt=\"\" \/><\/a><\/p>\n<!-- \/wp:image -->\n<\/div>\n<p> <br \/>\n<\/p>\n<p><strong>O Sada Cruzeiro venceu de virada o V\u00f4lei Renata\/Campinas \u00e9 faturou a Superliga por 3 sets a 1 neste domingo (4), no Gin\u00e1sio do Ibirapuera, em S\u00e3o Paulo.<\/strong> As <strong>parciais <\/strong>foram de <strong>18-25, 25-23, 25-23 e 25-21<\/strong>.<\/p>\n<p><mark style=\"background-color:#abb8c3\" class=\"has-inline-color has-black-color\">Pela segunda vez seguida, o time de Campinas ficou com o vice do principal torneio do pa\u00eds.<\/mark><\/p>\n<p>O Sada Cruzeiro fecha a temporada 2024\/2025 com cinco t\u00edtulos: Campeonato Mineiro, Supercopa, Sul-Americano, Mundial e agora a Superliga.<\/p>\n<p>SAIBA MAIS<\/p>\n<p>Empres\u00e1rio preso pela PF investiu em time da regi\u00e3o de Ribeir\u00e3o ligado a Neymar Pai<\/p>\n<h2 class=\"wp-block-heading\"><strong>FIQUE ON<\/strong><\/h2>\n<p>Fique ligado em tudo que acontece em Ribeir\u00e3o Preto e regi\u00e3o. Siga os perfis do\u00a0<strong>acidade on\u00a0<\/strong>no\u00a0<a href=\"https:\/\/www.instagram.com\/acidadeonribeirao\">Instagram\u00a0<\/a>e no\u00a0<a href=\"https:\/\/www.facebook.com\/acidadeonribeirao\/\">Facebook.<\/a><\/p>\n<p>Receba not\u00edcias do<strong>\u00a0acidade on<\/strong>\u00a0no WhatsApp.\u00a0<a href=\"https:\/\/chat.whatsapp.com\/BjKQZ9oJwlz8VVT50NuePq\">Para entrar no grupo, basta clicar aqui.<\/a><\/p>\n<p>Fa\u00e7a uma den\u00fancia ou sugira uma reportagem sobre Ribeir\u00e3o Preto e regi\u00e3o pelo WhatsApp: 16 99117 7802.<\/p>\n<p>VEJA TAMB\u00c9M<\/p>\n<p>Come-Fogo na Copa Paulista 2025: FPF define tabela da competi\u00e7\u00e3o<\/p>\n<p>O post Cruzeiro vira sobre o Campinas e \u00e9 campe\u00e3o da Superliga Masculina apareceu primeiro em ACidade ON Ribeir\u00e3o Preto.<\/p>\n<p><script async src=\"\/\/www.instagram.com\/embed.js\"><\/script><br \/>\n<br \/><br \/>\n<br \/><a href=\"https:\/\/www.acidadeon.com\/ribeiraopreto\/esportes\/cruzeiro-vira-sobre-o-campinas-e-e-campeao-da-superliga-masculina\/\">Source link <\/a><\/p>\n<!-- CONTENT END 1 -->\n","protected":false},"excerpt":{"rendered":"<p>O Sada Cruzeiro venceu de virada o V\u00f4lei Renata\/Campinas \u00e9 faturou a Superliga por 3 sets a 1 neste domingo (4), no Gin\u00e1sio do Ibirapuera,&#8230;<\/p>\n","protected":false},"author":1,"featured_media":69294,"comment_status":"open","ping_status":"open","sticky":false,"template":"","format":"standard","meta":{"advanced_seo_description":"","jetpack_seo_html_title":"","jetpack_seo_noindex":false,"jetpack_post_was_ever_published":false,"_jetpack_newsletter_access":"","_jetpack_dont_email_post_to_subs":false,"_jetpack_newsletter_tier_id":0,"_jetpack_memberships_contains_paywalled_content":false,"_jetpack_memberships_contains_paid_content":false,"footnotes":"","jetpack_publicize_message":"","jetpack_publicize_feature_enabled":true,"jetpack_social_post_already_shared":true,"jetpack_social_options":{"image_generator_settings":{"template":"highway","default_image_id":0,"font":"","enabled":false},"version":2}},"categories":[11],"tags":[],"class_list":["post-69293","post","type-post","status-publish","format-standard","has-post-thumbnail","hentry","category-noticias-de-ribeirao-preto-sp-e-regiao-ismael-colosi"],"jetpack_publicize_connections":[],"jetpack_featured_media_url":"https:\/\/i0.wp.com\/noticiasribeiraopreto.com.br\/wp-content\/uploads\/2025\/05\/VOLEI_2025-05-04_16-41-12.webp.webp?fit=1200%2C775&ssl=1","jetpack-related-posts":[{"id":61927,"url":"https:\/\/noticiasribeiraopreto.com.br\/index.php\/2024\/12\/27\/chefe-do-pcc-em-cidade-do-interior-de-sp-e-preso-ao-desembarcar-de-cruzeiro\/","url_meta":{"origin":69293,"position":0},"title":"Chefe do PCC em cidade do interior de SP \u00e9 preso ao desembarcar de cruzeiro","author":"noticiasribeiraopreto.com.br","date":"27 de December de 2024","format":false,"excerpt":"Rog\u00e9rio Faria da Silva, de 44 anos, conhecido como \u201cMorceg\u00e3o\u201d e apontado como um dos cofundadores do Primeiro Comando da Capital (PCC) em Limeira, no interior de S\u00e3o Paulo, foi preso na \u00faltima quinta-feira (26) em Santos, ao desembarcar de um cruzeiro. A pris\u00e3o ocorreu ap\u00f3s o cumprimento de um\u2026","rel":"","context":"In &quot;Not\u00edcias de Ribeir\u00e3o Preto-SP e Regi\u00e3o&quot;","block_context":{"text":"Not\u00edcias de Ribeir\u00e3o Preto-SP e Regi\u00e3o","link":"https:\/\/noticiasribeiraopreto.com.br\/index.php\/category\/noticias-de-ribeirao-preto-sp-e-regiao-ismael-colosi\/"},"img":{"alt_text":"","src":"https:\/\/i0.wp.com\/noticiasribeiraopreto.com.br\/wp-content\/uploads\/2024\/12\/Copia-de-Copia-de-Copia-de-TAMANHO-EXATO-PARA-FOTOS-NO-SISTEMA-NOVO-2024-12-27T212434.801_2024-12-28_00-26-40_png_2024-12-28_00-26-40.webp.webp?fit=1200%2C675&ssl=1&resize=350%2C200","width":350,"height":200,"srcset":"https:\/\/i0.wp.com\/noticiasribeiraopreto.com.br\/wp-content\/uploads\/2024\/12\/Copia-de-Copia-de-Copia-de-TAMANHO-EXATO-PARA-FOTOS-NO-SISTEMA-NOVO-2024-12-27T212434.801_2024-12-28_00-26-40_png_2024-12-28_00-26-40.webp.webp?fit=1200%2C675&ssl=1&resize=350%2C200 1x, https:\/\/i0.wp.com\/noticiasribeiraopreto.com.br\/wp-content\/uploads\/2024\/12\/Copia-de-Copia-de-Copia-de-TAMANHO-EXATO-PARA-FOTOS-NO-SISTEMA-NOVO-2024-12-27T212434.801_2024-12-28_00-26-40_png_2024-12-28_00-26-40.webp.webp?fit=1200%2C675&ssl=1&resize=525%2C300 1.5x, https:\/\/i0.wp.com\/noticiasribeiraopreto.com.br\/wp-content\/uploads\/2024\/12\/Copia-de-Copia-de-Copia-de-TAMANHO-EXATO-PARA-FOTOS-NO-SISTEMA-NOVO-2024-12-27T212434.801_2024-12-28_00-26-40_png_2024-12-28_00-26-40.webp.webp?fit=1200%2C675&ssl=1&resize=700%2C400 2x, https:\/\/i0.wp.com\/noticiasribeiraopreto.com.br\/wp-content\/uploads\/2024\/12\/Copia-de-Copia-de-Copia-de-TAMANHO-EXATO-PARA-FOTOS-NO-SISTEMA-NOVO-2024-12-27T212434.801_2024-12-28_00-26-40_png_2024-12-28_00-26-40.webp.webp?fit=1200%2C675&ssl=1&resize=1050%2C600 3x"},"classes":[]},{"id":63955,"url":"https:\/\/noticiasribeiraopreto.com.br\/index.php\/2025\/02\/26\/apostadores-do-interior-de-sp-levam-premios-na-mega-sena-veja-os-numeros\/","url_meta":{"origin":69293,"position":1},"title":"Apostadores do interior de SP levam pr\u00eamios na Mega-Sena; Veja os n\u00fameros","author":"noticiasribeiraopreto.com.br","date":"26 de February de 2025","format":false,"excerpt":"Uma aposta feita no Rio de Janeiro acertou as seis dezenas da Mega-Sena sorteadas nesta ter\u00e7a-feira (25) e o ganhador levar\u00e1 o pr\u00eamio de R$ 131.361.519,85. Al\u00e9m disso, 23 apostados do interior de S\u00e3o Paulo fizeram cinco acertos e v\u00e3o levar pr\u00eamios entre R$ 35,6 mil e R$ 71,2 mil,\u2026","rel":"","context":"In &quot;Not\u00edcias de Ribeir\u00e3o Preto-SP e Regi\u00e3o&quot;","block_context":{"text":"Not\u00edcias de Ribeir\u00e3o Preto-SP e Regi\u00e3o","link":"https:\/\/noticiasribeiraopreto.com.br\/index.php\/category\/noticias-de-ribeirao-preto-sp-e-regiao-ismael-colosi\/"},"img":{"alt_text":"","src":"https:\/\/i0.wp.com\/noticiasribeiraopreto.com.br\/wp-content\/uploads\/2023\/11\/20230622_182751.webp.webp?fit=1170%2C700&ssl=1&resize=350%2C200","width":350,"height":200,"srcset":"https:\/\/i0.wp.com\/noticiasribeiraopreto.com.br\/wp-content\/uploads\/2023\/11\/20230622_182751.webp.webp?fit=1170%2C700&ssl=1&resize=350%2C200 1x, https:\/\/i0.wp.com\/noticiasribeiraopreto.com.br\/wp-content\/uploads\/2023\/11\/20230622_182751.webp.webp?fit=1170%2C700&ssl=1&resize=525%2C300 1.5x, https:\/\/i0.wp.com\/noticiasribeiraopreto.com.br\/wp-content\/uploads\/2023\/11\/20230622_182751.webp.webp?fit=1170%2C700&ssl=1&resize=700%2C400 2x, https:\/\/i0.wp.com\/noticiasribeiraopreto.com.br\/wp-content\/uploads\/2023\/11\/20230622_182751.webp.webp?fit=1170%2C700&ssl=1&resize=1050%2C600 3x"},"classes":[]},{"id":66853,"url":"https:\/\/noticiasribeiraopreto.com.br\/index.php\/2025\/04\/06\/aposta-do-interior-de-sp-leva-premio-de-r-60-milhoes-da-mega-sena\/","url_meta":{"origin":69293,"position":2},"title":"Aposta do interior de SP leva pr\u00eamio de R$ 60 milh\u00f5es da Mega-Sena","author":"noticiasribeiraopreto.com.br","date":"6 de April de 2025","format":false,"excerpt":"Uma aposta realizada em Cruzeiro, no interior de S\u00e3o Paulo, levou o pr\u00eamio de quase R$ 60 milh\u00f5es da Mega-Sena, sorteado pela Caixa Econ\u00f4mica Federal na noite de s\u00e1bado (5). Al\u00e9m disso, outras 21 apostas fizeram cinco acertos e v\u00e3o levar pr\u00eamios entre R$ 28.753,18 e R$ 86.259,40. Os n\u00fameros\u2026","rel":"","context":"In &quot;Not\u00edcias de Ribeir\u00e3o Preto-SP e Regi\u00e3o&quot;","block_context":{"text":"Not\u00edcias de Ribeir\u00e3o Preto-SP e Regi\u00e3o","link":"https:\/\/noticiasribeiraopreto.com.br\/index.php\/category\/noticias-de-ribeirao-preto-sp-e-regiao-ismael-colosi\/"},"img":{"alt_text":"","src":"https:\/\/i0.wp.com\/noticiasribeiraopreto.com.br\/wp-content\/uploads\/2025\/04\/20230622_182658.jpg?fit=1024%2C768&ssl=1&resize=350%2C200","width":350,"height":200,"srcset":"https:\/\/i0.wp.com\/noticiasribeiraopreto.com.br\/wp-content\/uploads\/2025\/04\/20230622_182658.jpg?fit=1024%2C768&ssl=1&resize=350%2C200 1x, https:\/\/i0.wp.com\/noticiasribeiraopreto.com.br\/wp-content\/uploads\/2025\/04\/20230622_182658.jpg?fit=1024%2C768&ssl=1&resize=525%2C300 1.5x, https:\/\/i0.wp.com\/noticiasribeiraopreto.com.br\/wp-content\/uploads\/2025\/04\/20230622_182658.jpg?fit=1024%2C768&ssl=1&resize=700%2C400 2x"},"classes":[]},{"id":11003,"url":"https:\/\/noticiasribeiraopreto.com.br\/index.php\/2023\/12\/05\/sp-vai-ouvir-a-populacao-sobre-trem-turistico-em-ribeirao-preto\/","url_meta":{"origin":69293,"position":3},"title":"SP vai ouvir a popula\u00e7\u00e3o sobre trem tur\u00edstico em Ribeir\u00e3o Preto","author":"noticiasribeiraopreto.com.br","date":"5 de December de 2023","format":false,"excerpt":"A Secretaria de Turismo e Viagens de S\u00e3o Paulo abriu uma audi\u00eancia p\u00fablica virtual para ouvir a popula\u00e7\u00e3o sobre o projeto do trem tur\u00edstico entre Ribeir\u00e3o Preto e Tamba\u00fa. Os interessados podem participar da consulta pela internet (clique aqui). De acordo com a pasta, a consulta tem o objetivo de\u2026","rel":"","context":"In &quot;Not\u00edcias de Ribeir\u00e3o Preto-SP e Regi\u00e3o&quot;","block_context":{"text":"Not\u00edcias de Ribeir\u00e3o Preto-SP e Regi\u00e3o","link":"https:\/\/noticiasribeiraopreto.com.br\/index.php\/category\/noticias-de-ribeirao-preto-sp-e-regiao-ismael-colosi\/"},"img":{"alt_text":"","src":"https:\/\/i0.wp.com\/noticiasribeiraopreto.com.br\/wp-content\/uploads\/2023\/12\/locomotiva-amalia.jpg?fit=1200%2C800&ssl=1&resize=350%2C200","width":350,"height":200,"srcset":"https:\/\/i0.wp.com\/noticiasribeiraopreto.com.br\/wp-content\/uploads\/2023\/12\/locomotiva-amalia.jpg?fit=1200%2C800&ssl=1&resize=350%2C200 1x, https:\/\/i0.wp.com\/noticiasribeiraopreto.com.br\/wp-content\/uploads\/2023\/12\/locomotiva-amalia.jpg?fit=1200%2C800&ssl=1&resize=525%2C300 1.5x, https:\/\/i0.wp.com\/noticiasribeiraopreto.com.br\/wp-content\/uploads\/2023\/12\/locomotiva-amalia.jpg?fit=1200%2C800&ssl=1&resize=700%2C400 2x, https:\/\/i0.wp.com\/noticiasribeiraopreto.com.br\/wp-content\/uploads\/2023\/12\/locomotiva-amalia.jpg?fit=1200%2C800&ssl=1&resize=1050%2C600 3x"},"classes":[]},{"id":59526,"url":"https:\/\/noticiasribeiraopreto.com.br\/index.php\/2024\/10\/25\/tres-pessoas-estao-desaparecidas-apos-chuvas-no-estado-de-sp\/","url_meta":{"origin":69293,"position":4},"title":"Tr\u00eas pessoas est\u00e3o desaparecidas ap\u00f3s chuvas no estado de SP","author":"noticiasribeiraopreto.com.br","date":"25 de October de 2024","format":false,"excerpt":"Tr\u00eas pessoas est\u00e3o desaparecidas no estado de S\u00e3o Paulo, ap\u00f3s as chuvas que ocorreram nesta semana. Segundo a Defesa Civil do Estado de S\u00e3o Paulo, s\u00e3o dois desaparecidos em Campinas e uma terceira pessoa em Jandira, na Regi\u00e3o Metropolitana de S\u00e3o Paulo. Em Campinas, um homem, de 22 anos, sumiu\u2026","rel":"","context":"In &quot;Not\u00edcias de Ribeir\u00e3o Preto-SP e Regi\u00e3o&quot;","block_context":{"text":"Not\u00edcias de Ribeir\u00e3o Preto-SP e Regi\u00e3o","link":"https:\/\/noticiasribeiraopreto.com.br\/index.php\/category\/noticias-de-ribeirao-preto-sp-e-regiao-ismael-colosi\/"},"img":{"alt_text":"","src":"https:\/\/i0.wp.com\/noticiasribeiraopreto.com.br\/wp-content\/uploads\/2024\/10\/CAMPINAS_2024-10-25_12-37-25_jpg_2024-10-25_12-37-25.webp.webp?fit=1200%2C655&ssl=1&resize=350%2C200","width":350,"height":200,"srcset":"https:\/\/i0.wp.com\/noticiasribeiraopreto.com.br\/wp-content\/uploads\/2024\/10\/CAMPINAS_2024-10-25_12-37-25_jpg_2024-10-25_12-37-25.webp.webp?fit=1200%2C655&ssl=1&resize=350%2C200 1x, https:\/\/i0.wp.com\/noticiasribeiraopreto.com.br\/wp-content\/uploads\/2024\/10\/CAMPINAS_2024-10-25_12-37-25_jpg_2024-10-25_12-37-25.webp.webp?fit=1200%2C655&ssl=1&resize=525%2C300 1.5x, https:\/\/i0.wp.com\/noticiasribeiraopreto.com.br\/wp-content\/uploads\/2024\/10\/CAMPINAS_2024-10-25_12-37-25_jpg_2024-10-25_12-37-25.webp.webp?fit=1200%2C655&ssl=1&resize=700%2C400 2x, https:\/\/i0.wp.com\/noticiasribeiraopreto.com.br\/wp-content\/uploads\/2024\/10\/CAMPINAS_2024-10-25_12-37-25_jpg_2024-10-25_12-37-25.webp.webp?fit=1200%2C655&ssl=1&resize=1050%2C600 3x"},"classes":[]},{"id":81424,"url":"https:\/\/noticiasribeiraopreto.com.br\/index.php\/2026\/01\/05\/botafogo-contrata-zagueiro-que-tinha-acerto-com-ponte-preta\/","url_meta":{"origin":69293,"position":5},"title":"Botafogo contrata zagueiro que tinha acerto com Ponte Preta","author":"noticiasribeiraopreto.com.br","date":"5 de January de 2026","format":false,"excerpt":"\r Com experi\u00eancia internacional, Wallace defendeu o Atl\u00e9tico-GO em 2025\r \r 5 de janeiro de 2026 17:045 de janeiro de 2026 17:06 \r Compartilhar1 Por Hugo Luque O Botafogo anunciou, na tarde desta segunda-feira (5), seu primeiro refor\u00e7o no ano de 2026 e o d\u00e9cimo oficializado para a temporada que\u2026","rel":"","context":"In &quot;Not\u00edcias de Ribeir\u00e3o Preto-SP e Regi\u00e3o&quot;","block_context":{"text":"Not\u00edcias de Ribeir\u00e3o Preto-SP e Regi\u00e3o","link":"https:\/\/noticiasribeiraopreto.com.br\/index.php\/category\/noticias-de-ribeirao-preto-sp-e-regiao-ismael-colosi\/"},"img":{"alt_text":"","src":"https:\/\/i0.wp.com\/noticiasribeiraopreto.com.br\/wp-content\/uploads\/2026\/01\/ZAG-Wallace-Bruno-Corsino_ACG.jpeg?fit=984%2C593&ssl=1&resize=350%2C200","width":350,"height":200,"srcset":"https:\/\/i0.wp.com\/noticiasribeiraopreto.com.br\/wp-content\/uploads\/2026\/01\/ZAG-Wallace-Bruno-Corsino_ACG.jpeg?fit=984%2C593&ssl=1&resize=350%2C200 1x, https:\/\/i0.wp.com\/noticiasribeiraopreto.com.br\/wp-content\/uploads\/2026\/01\/ZAG-Wallace-Bruno-Corsino_ACG.jpeg?fit=984%2C593&ssl=1&resize=525%2C300 1.5x, https:\/\/i0.wp.com\/noticiasribeiraopreto.com.br\/wp-content\/uploads\/2026\/01\/ZAG-Wallace-Bruno-Corsino_ACG.jpeg?fit=984%2C593&ssl=1&resize=700%2C400 2x"},"classes":[]}],"jetpack_sharing_enabled":true,"jetpack_shortlink":"https:\/\/wp.me\/peQAOb-i1D","_links":{"self":[{"href":"https:\/\/noticiasribeiraopreto.com.br\/index.php\/wp-json\/wp\/v2\/posts\/69293","targetHints":{"allow":["GET"]}}],"collection":[{"href":"https:\/\/noticiasribeiraopreto.com.br\/index.php\/wp-json\/wp\/v2\/posts"}],"about":[{"href":"https:\/\/noticiasribeiraopreto.com.br\/index.php\/wp-json\/wp\/v2\/types\/post"}],"author":[{"embeddable":true,"href":"https:\/\/noticiasribeiraopreto.com.br\/index.php\/wp-json\/wp\/v2\/users\/1"}],"replies":[{"embeddable":true,"href":"https:\/\/noticiasribeiraopreto.com.br\/index.php\/wp-json\/wp\/v2\/comments?post=69293"}],"version-history":[{"count":0,"href":"https:\/\/noticiasribeiraopreto.com.br\/index.php\/wp-json\/wp\/v2\/posts\/69293\/revisions"}],"wp:featuredmedia":[{"embeddable":true,"href":"https:\/\/noticiasribeiraopreto.com.br\/index.php\/wp-json\/wp\/v2\/media\/69294"}],"wp:attachment":[{"href":"https:\/\/noticiasribeiraopreto.com.br\/index.php\/wp-json\/wp\/v2\/media?parent=69293"}],"wp:term":[{"taxonomy":"category","embeddable":true,"href":"https:\/\/noticiasribeiraopreto.com.br\/index.php\/wp-json\/wp\/v2\/categories?post=69293"},{"taxonomy":"post_tag","embeddable":true,"href":"https:\/\/noticiasribeiraopreto.com.br\/index.php\/wp-json\/wp\/v2\/tags?post=69293"}],"curies":[{"name":"wp","href":"https:\/\/api.w.org\/{rel}","templated":true}]}}