{"id":69297,"date":"2025-05-04T16:46:21","date_gmt":"2025-05-04T19:46:21","guid":{"rendered":"https:\/\/noticiasribeiraopreto.com.br\/index.php\/2025\/05\/04\/meia-internacional-de-ribeirao-tera-novo-percurso-mais-plano\/"},"modified":"2025-05-04T16:46:21","modified_gmt":"2025-05-04T19:46:21","slug":"meia-internacional-de-ribeirao-tera-novo-percurso-mais-plano","status":"publish","type":"post","link":"https:\/\/noticiasribeiraopreto.com.br\/index.php\/2025\/05\/04\/meia-internacional-de-ribeirao-tera-novo-percurso-mais-plano\/","title":{"rendered":"Meia Internacional de Ribeir\u00e3o ter\u00e1 novo percurso mais plano\u00a0\u00a0"},"content":{"rendered":"<div class='code-block code-block-1' style='margin: 8px 0 8px auto; text-align: right; display: block; clear: both;'>\n<p><a href=\"https:\/\/wa.link\/vpicfd\"><img data-recalc-dims=\"1\" class=\"wp-image-4922\" style=\"aspect-ratio: 2.0253164556962027; width: 561px; height: auto;\" src=\"https:\/\/i0.wp.com\/ismaelcolosi.com.br\/wp-content\/uploads\/2023\/11\/grupo-de-empregos-whatsapp-e-facebook-ismael-colosi-vagas.jpg?ssl=1\" alt=\"\" \/><\/a><\/p>\n<!-- \/wp:image -->\n<\/div>\n<p> <br \/>\n<\/p>\n<div>\n<p><span data-contrast=\"auto\">O percurso da Meia Maratona Internacional de Ribeir\u00e3o Preto (MMIRP) passou por mudan\u00e7as importantes para a edi\u00e7\u00e3o deste ano, a 13\u00aa. A principal altera\u00e7\u00e3o ser\u00e1 a retirada da subida completa da avenida Jos\u00e9 Adolfo Bianco Molina, o que deixar\u00e1 a prova mais plana e, consequentemente, mais r\u00e1pida e acess\u00edvel para os atletas. A prova acontecer\u00e1 no dia 13 de julho, no estacionamento do Ribeir\u00e3oShopping, com largada \u00e0s 6 horas.<\/span><span data-ccp-props=\"{}\">\u00a0<\/span><\/p>\n<p><span data-contrast=\"auto\">Outra novidade do novo tra\u00e7ado \u00e9 a inclus\u00e3o de um trecho da rua Joaquim Sim\u00f5es Gomes, que margeia o Parque das Artes, criando um cen\u00e1rio mais arborizado e agrad\u00e1vel para os corredores. O local de largada e chegada tamb\u00e9m foi alterado devido \u00e0s obras que ocorrem onde a estrutura era montada em edi\u00e7\u00f5es anteriores.<\/span><span data-ccp-props=\"{}\">\u00a0<\/span><\/p>\n<p><span data-contrast=\"auto\">Agora, a largada e a chegada da prova acontecer\u00e3o no estacionamento descoberto ao lado do Carrefour, no Ribeir\u00e3oShopping.\u00a0<\/span><span data-ccp-props=\"{}\">\u00a0<\/span><\/p>\n<p><span data-contrast=\"auto\">Para garantir que a dist\u00e2ncia oficial dos 21.097,5 metros fosse mantida, o \u00e1rbitro da Confedera\u00e7\u00e3o Brasileira de Atletismo (CBAt), Ivan Gomes, percorreu metro por metro do trajeto com um equipamento de medi\u00e7\u00e3o acoplado em uma bicicleta especial. A aferi\u00e7\u00e3o foi realizada na \u00faltima ter\u00e7a-feira, 29 de abril, com supervis\u00e3o do \u00e1rbitro da Federa\u00e7\u00e3o Paulista de Atletismo (FPA), professor Cl\u00e1udio Ribeiro.<\/span><span data-ccp-props=\"{}\">\u00a0<\/span><\/p>\n<p><span data-contrast=\"auto\">\u201cEsse trabalho garante que a prova mantenha seu selo internacional e que os tempos registrados tenham validade oficial em rankings e classifica\u00e7\u00f5es para outras competi\u00e7\u00f5es\u201d, destaca Fabiano Ribeiro, organizador da MMIRP, que tamb\u00e9m acompanhou a aferi\u00e7\u00e3o.<\/span><span data-ccp-props=\"{}\">\u00a0<\/span><\/p>\n<p><span data-contrast=\"auto\">A aferi\u00e7\u00e3o e a homologa\u00e7\u00e3o s\u00e3o exig\u00eancias da CBAt, da FPA e da World Athletics para que a prova continue reconhecida como internacional. O novo percurso ser\u00e1 divulgado oficialmente nos pr\u00f3ximos dias.<\/span><span data-ccp-props=\"{}\">\u00a0<\/span><\/p>\n<p><span data-contrast=\"auto\">\u201cDepois da aferi\u00e7\u00e3o, o \u00e1rbitro tem que preencher um protocolo e colocar o percurso em um mapa a ser enviado \u00e0s entidades. Esse trabalho demora alguns dias\u201d, explica Fabiano Ribeiro.<\/span><span data-ccp-props=\"{}\">\u00a0<\/span><\/p>\n<p><b><span data-contrast=\"auto\">Elite<\/span><\/b><span data-ccp-props=\"{}\">\u00a0<\/span><\/p>\n<p><span data-contrast=\"auto\">A prova contar\u00e1 com a tradicional categoria Elite, exclusiva para os 21 km. A participa\u00e7\u00e3o de atletas estrangeiros seguir\u00e1 a Norma 9 da CBAt, dispon\u00edvel no regulamento da corrida no site oficial: www.mmirp.com.br. As inscri\u00e7\u00f5es para o pelot\u00e3o de elite ser\u00e3o feitas via googleforms com an\u00e1lise da FPA. A coordena\u00e7\u00e3o da Elite mais uma ver ser\u00e1 feita pelo ex-atleta profissional e treinador Gladson Barbosa.<\/span><span data-ccp-props=\"{}\">\u00a0<\/span><\/p>\n<p><b><span data-contrast=\"auto\">Calend\u00e1rios oficiais\u00a0<\/span><\/b><span data-ccp-props=\"{}\">\u00a0<\/span><\/p>\n<p><span data-contrast=\"auto\">A Meia Maratona Internacional de Ribeir\u00e3o Preto est\u00e1, por lei, nos calend\u00e1rios de eventos esportivos de Ribeir\u00e3o Preto (Lei 12.686, de 27 de outubro de 2011, de autoria do vereador Jos\u00e9 Carlos de Oliveira) e do estado de S\u00e3o Paulo (Lei 15.894, de 17 de setembro de 2015, de autoria do deputado Baleia Rossi).\u00a0<\/span><span data-ccp-props=\"{}\">\u00a0<\/span><\/p>\n<p><span data-contrast=\"auto\">A Meia de Ribeir\u00e3o re\u00fane patrocinadores tradicionais e de peso, como o Ribeir\u00e3oShopping, GS Inima Brasil, Rede Ideal, Savoy Leil\u00f5es, al\u00e9m de uma grande rede de apoio log\u00edstico e parceiros de m\u00eddia como Viva M\u00eddia OOH, r\u00e1dio Di\u00e1rio FM, gr\u00e1fica New Cores, DTP Comunica\u00e7\u00e3o Visual e Fonte Assessoria de Imprensa.\u00a0<\/span><span data-ccp-props=\"{}\">\u00a0<\/span><\/p>\n<p><span data-contrast=\"auto\">A prova tamb\u00e9m mant\u00e9m uma parceria com o Convention &amp; Visitors Bureau, entidade presente em 140 cidades brasileiras. Al\u00e9m disso, tem apoio log\u00edstico da Pol\u00edcia Militar, Secretaria de Esportes, RP Mobi, Pol\u00edcia Civil Metropolitana, Estre e KA2RP Eventos.<\/span><span data-ccp-props=\"{}\">\u00a0<\/span><\/p>\n<p><span data-ccp-props=\"{}\">\u00a0<\/span><\/p>\n<p><b><span data-contrast=\"auto\">Conhe\u00e7a o novo percurso dos 21km<\/span><\/b><span data-ccp-props=\"{}\">\u00a0<\/span><\/p>\n<p><span data-contrast=\"auto\">Enquanto o mapa n\u00e3o \u00e9 oficialmente liberado, e para que os corredores possam mentalizar ou mesmo analisarem o percurso, a organiza\u00e7\u00e3o da MMIRP detalha o trajeto. O percurso consiste em duas voltas iguais:<\/span><span data-ccp-props=\"{}\">\u00a0<\/span><\/p>\n<p><span data-contrast=\"auto\">\u2013 Largada \u2013 Estacionamento do Ribeir\u00e3oShopping (\u00e1rea descoberta ao lado do Carrefour);<\/span><span data-ccp-props=\"{}\">\u00a0<\/span><\/p>\n<p><span data-contrast=\"auto\">\u2013 Avenida Jos\u00e9 Ces\u00e1rio Monteiro da Silva (sentido Parque das Artes);<\/span><span data-ccp-props=\"{}\">\u00a0<\/span><\/p>\n<p><span data-contrast=\"auto\">\u2013 Rua Joaquim Sim\u00f5es Gomes at\u00e9 pr\u00f3ximo \u00e0 Avenida Braz Olaia Acosta. Retorno pela mesma rua at\u00e9 Avenida Jos\u00e9 Ces\u00e1rio Monteiro da Silva;<\/span><span data-ccp-props=\"{}\">\u00a0<\/span><\/p>\n<p><span data-contrast=\"auto\">\u2013 Avenida Jos\u00e9 Ces\u00e1rio Monteiro da Silva at\u00e9 rotat\u00f3ria do Novo Mercado;<\/span><span data-ccp-props=\"{}\">\u00a0<\/span><\/p>\n<p><span data-contrast=\"auto\">\u2013 Retorno pela Avenida Jos\u00e9 Ces\u00e1rio Monteiro da Silva at\u00e9 Rotat\u00f3ria Nair Nogueira (Rotat\u00f3ria da Unip);<\/span><span data-ccp-props=\"{}\">\u00a0<\/span><\/p>\n<p><span data-contrast=\"auto\">\u2013 Avenida Presidente Vargas at\u00e9 a Avenida Jos\u00e9 Adolfo Bianco Molina;<\/span><span data-ccp-props=\"{}\">\u00a0<\/span><\/p>\n<p><span data-contrast=\"auto\">\u2013 Avenida Jos\u00e9 Adolfo Bianco Molina (pequeno trecho) e retorno \u00e0 Avenida Presidente Vargas;<\/span><span data-ccp-props=\"{}\">\u00a0<\/span><\/p>\n<p><span data-contrast=\"auto\">\u2013 Avenida Presidente Vargas at\u00e9 a rua Altino Arantes, onde os corredores mudam de via, para adentrarem ao T\u00fanel Jos\u00e9 Bonif\u00e1cio em dire\u00e7\u00e3o \u00e0 rua Rui Barbosa;<\/span><span data-ccp-props=\"{}\">\u00a0<\/span><\/p>\n<p><span data-contrast=\"auto\">\u2013 Retorno ao T\u00fanel Jos\u00e9 Bonif\u00e1cio e Avenida Presidente Vargas at\u00e9 o Ribeir\u00e3oShopping.<\/span><span data-ccp-props=\"{}\">\u00a0<\/span><\/p>\n<p><span data-ccp-props=\"{}\">\u00a0<\/span><\/p>\n<p><b><span data-contrast=\"auto\">Inscri\u00e7\u00f5es abertas<\/span><\/b><span data-ccp-props=\"{}\">\u00a0<\/span><\/p>\n<p><b><span data-contrast=\"auto\">Inscri\u00e7\u00f5es para a MMIRP est\u00e3o abertas\u202f<\/span><\/b><span data-ccp-props=\"{}\">\u00a0<\/span><\/p>\n<p><span data-contrast=\"auto\">As inscri\u00e7\u00f5es para a 13\u00aa Meia Maratona Internacional de Ribeir\u00e3o Preto 2025 (MMIRP) 2025 v\u00e3o at\u00e9 23 de junho ou at\u00e9 o limite de vagas. Neste ano, al\u00e9m das provas de 5 e 21 km masculinas e femininas, a novidade fica por conta do revezamento em duplas de 21 km.<\/span><span data-ccp-props=\"{}\">\u00a0<\/span><\/p>\n<p><span data-contrast=\"auto\">No revezamento, cada corredor completar\u00e1 10,5 km [um de cada vez], com op\u00e7\u00f5es de revezamento masculino, feminino e misto. \u00c9 a oportunidade ideal para compartilhar a experi\u00eancia da Meia com um parceiro (a) de corrida.\u202f<\/span><span data-ccp-props=\"{}\">\u00a0<\/span><\/p>\n<hr\/>\n<p>Jornal Tribuna Ribeir\u00e3o<\/p>\n<p>Um Jornal com a cara de Ribeir\u00e3o!<\/p>\n<p>Impresso | WEB | Redes sociais<\/p>\n<p>\u00a0<\/p>\n<p>Tribuna Ribeir\u00e3o \u2013 Fone: (16) 3632-2200 \u2013 Whatsapp: (16) 98161-8743<\/p>\n<p>Av. Bar\u00e3o do Bananal, 880 \u2013 Jardim Anhanguera, Ribeir\u00e3o Preto<\/p>\n<p>\u00a0<\/p>\n<p>@tribunaribeirao @jornaltribuna<\/p>\n<p>@jornaltribunaribeirao @jornalribeiraopreto<\/p>\n<p>@noticiasribeiraopreto @meiamaratona<\/p>\n<p>@meiamaratonainternacionalderibeiraopreto<\/p>\n<p>@meiamaratonatribunaribeirao<\/p>\n<p>\u00a0<\/p>\n<p>#TribunaRibeir\u00e3o #News #Not\u00edcia #Ribeir\u00e3oPreto #Not\u00edciasDeRibeir\u00e3oPreto #ClassificadosTribunaRibeir\u00e3o #Jornalismo #ClassificadosRibeir\u00e3o<\/p>\n<\/div>\n<p><br \/>\n<br \/><a href=\"https:\/\/www.tribunaribeirao.com.br\/meia-internacional-de-ribeirao-tera-novo-percurso-mais-plano\/\">Source link <\/a><\/p>\n<!-- CONTENT END 1 -->\n","protected":false},"excerpt":{"rendered":"<p>O percurso da Meia Maratona Internacional de Ribeir\u00e3o Preto (MMIRP) passou por mudan\u00e7as importantes para a edi\u00e7\u00e3o deste ano, a 13\u00aa. A principal altera\u00e7\u00e3o ser\u00e1&#8230;<\/p>\n","protected":false},"author":1,"featured_media":69298,"comment_status":"open","ping_status":"open","sticky":false,"template":"","format":"standard","meta":{"advanced_seo_description":"","jetpack_seo_html_title":"","jetpack_seo_noindex":false,"jetpack_post_was_ever_published":false,"_jetpack_newsletter_access":"","_jetpack_dont_email_post_to_subs":false,"_jetpack_newsletter_tier_id":0,"_jetpack_memberships_contains_paywalled_content":false,"_jetpack_memberships_contains_paid_content":false,"footnotes":"","jetpack_publicize_message":"","jetpack_publicize_feature_enabled":true,"jetpack_social_post_already_shared":true,"jetpack_social_options":{"image_generator_settings":{"template":"highway","default_image_id":0,"font":"","enabled":false},"version":2}},"categories":[11],"tags":[],"class_list":["post-69297","post","type-post","status-publish","format-standard","has-post-thumbnail","hentry","category-noticias-de-ribeirao-preto-sp-e-regiao-ismael-colosi"],"jetpack_publicize_connections":[],"jetpack_featured_media_url":"https:\/\/i0.wp.com\/noticiasribeiraopreto.com.br\/wp-content\/uploads\/2025\/05\/foto-box-albertogonzaga_meiarp24-7511_1158913_103796-scaled.jpg?fit=2560%2C1707&ssl=1","jetpack-related-posts":[{"id":73621,"url":"https:\/\/noticiasribeiraopreto.com.br\/index.php\/2025\/07\/06\/kits-comecam-a-ser-entregues-na-sexta-feira\/","url_meta":{"origin":69297,"position":0},"title":"Kits come\u00e7am a ser entregues na sexta-feira","author":"noticiasribeiraopreto.com.br","date":"6 de July de 2025","format":false,"excerpt":"A entrega dos kits da 13\u00aa Meia Maratona Internacional de Ribeir\u00e3o Preto (MMIRP), a Corrida do Dino, acontecer\u00e1 nos dias 11 e 12 de julho (sexta-feira e s\u00e1bado), no Setor Imigrantes (pr\u00f3ximo \u00e0 Starbucks) do Ribeir\u00e3oShopping, Av. Cel. Fernando Ferreira Leite 1540, Ribeir\u00e3o Preto. As provas de 21km, 5km e\u2026","rel":"","context":"In &quot;Not\u00edcias de Ribeir\u00e3o Preto-SP e Regi\u00e3o&quot;","block_context":{"text":"Not\u00edcias de Ribeir\u00e3o Preto-SP e Regi\u00e3o","link":"https:\/\/noticiasribeiraopreto.com.br\/index.php\/category\/noticias-de-ribeirao-preto-sp-e-regiao-ismael-colosi\/"},"img":{"alt_text":"","src":"https:\/\/i0.wp.com\/noticiasribeiraopreto.com.br\/wp-content\/uploads\/2025\/07\/1-tillmannfotografia-meiarp2024-r6-1722_156955_103796-scaled.jpg?fit=1200%2C800&ssl=1&resize=350%2C200","width":350,"height":200,"srcset":"https:\/\/i0.wp.com\/noticiasribeiraopreto.com.br\/wp-content\/uploads\/2025\/07\/1-tillmannfotografia-meiarp2024-r6-1722_156955_103796-scaled.jpg?fit=1200%2C800&ssl=1&resize=350%2C200 1x, https:\/\/i0.wp.com\/noticiasribeiraopreto.com.br\/wp-content\/uploads\/2025\/07\/1-tillmannfotografia-meiarp2024-r6-1722_156955_103796-scaled.jpg?fit=1200%2C800&ssl=1&resize=525%2C300 1.5x, https:\/\/i0.wp.com\/noticiasribeiraopreto.com.br\/wp-content\/uploads\/2025\/07\/1-tillmannfotografia-meiarp2024-r6-1722_156955_103796-scaled.jpg?fit=1200%2C800&ssl=1&resize=700%2C400 2x, https:\/\/i0.wp.com\/noticiasribeiraopreto.com.br\/wp-content\/uploads\/2025\/07\/1-tillmannfotografia-meiarp2024-r6-1722_156955_103796-scaled.jpg?fit=1200%2C800&ssl=1&resize=1050%2C600 3x"},"classes":[]},{"id":73582,"url":"https:\/\/noticiasribeiraopreto.com.br\/index.php\/2025\/07\/05\/ultimo-dia-para-retirada-dos-kits-da-meia-internacional-de-rp\/","url_meta":{"origin":69297,"position":1},"title":"\u00daltimo dia para retirada dos kits da Meia Internacional de RP","author":"noticiasribeiraopreto.com.br","date":"5 de July de 2025","format":false,"excerpt":"5 de julho de 2025 09:304 de julho de 2025 17:198 Compartilhar0 A retirada dos kits da 13\u00aa edi\u00e7\u00e3o da Meia Maratona Internacional de Ribeir\u00e3o Preto (MMIRP) termina neste s\u00e1bado (5). Os atletas inscritos devem comparecer ao Ribeir\u00e3oShopping, no Setor Imigrantes, das 10h \u00e0s 18h. Para a retirada, \u00e9 necess\u00e1rio\u2026","rel":"","context":"In &quot;Not\u00edcias de Ribeir\u00e3o Preto-SP e Regi\u00e3o&quot;","block_context":{"text":"Not\u00edcias de Ribeir\u00e3o Preto-SP e Regi\u00e3o","link":"https:\/\/noticiasribeiraopreto.com.br\/index.php\/category\/noticias-de-ribeirao-preto-sp-e-regiao-ismael-colosi\/"},"img":{"alt_text":"","src":"https:\/\/i0.wp.com\/noticiasribeiraopreto.com.br\/wp-content\/uploads\/2025\/07\/3-MMIRP-Alfredo-Risk.jpeg?fit=800%2C533&ssl=1&resize=350%2C200","width":350,"height":200,"srcset":"https:\/\/i0.wp.com\/noticiasribeiraopreto.com.br\/wp-content\/uploads\/2025\/07\/3-MMIRP-Alfredo-Risk.jpeg?fit=800%2C533&ssl=1&resize=350%2C200 1x, https:\/\/i0.wp.com\/noticiasribeiraopreto.com.br\/wp-content\/uploads\/2025\/07\/3-MMIRP-Alfredo-Risk.jpeg?fit=800%2C533&ssl=1&resize=525%2C300 1.5x, https:\/\/i0.wp.com\/noticiasribeiraopreto.com.br\/wp-content\/uploads\/2025\/07\/3-MMIRP-Alfredo-Risk.jpeg?fit=800%2C533&ssl=1&resize=700%2C400 2x"},"classes":[]},{"id":84385,"url":"https:\/\/noticiasribeiraopreto.com.br\/index.php\/2026\/04\/08\/prefeito-recebe-organizadores-da-meia-maratona-internacional-de-ribeirao-preto\/","url_meta":{"origin":69297,"position":2},"title":"Prefeito recebe organizadores da Meia Maratona Internacional de Ribeir\u00e3o Preto","author":"noticiasribeiraopreto.com.br","date":"8 de April de 2026","format":false,"excerpt":"Prova acontecer\u00e1 no dia 19 de julho, no estacionamento do Ribeir\u00e3oShopping; inscri\u00e7\u00f5es podem ser feitas pelo site meiaderibeirao.com.br O prefeito de Ribeir\u00e3o Preto, Ricardo Silva, recebeu nesta quarta-feira (8), no Centro Administrativo, os organizadores da Meia Maratona Internacional de Ribeir\u00e3o Preto, Eduardo Ferrari e Fabiano Ribeiro, para apresenta\u00e7\u00e3o oficial da\u2026","rel":"","context":"In &quot;Not\u00edcias de Ribeir\u00e3o Preto-SP e Regi\u00e3o&quot;","block_context":{"text":"Not\u00edcias de Ribeir\u00e3o Preto-SP e Regi\u00e3o","link":"https:\/\/noticiasribeiraopreto.com.br\/index.php\/category\/noticias-de-ribeirao-preto-sp-e-regiao-ismael-colosi\/"},"img":{"alt_text":"","src":"https:\/\/i0.wp.com\/noticiasribeiraopreto.com.br\/wp-content\/uploads\/2026\/04\/meia-de-rp-prefeito-scaled.jpeg?fit=1170%2C780&ssl=1&resize=350%2C200","width":350,"height":200,"srcset":"https:\/\/i0.wp.com\/noticiasribeiraopreto.com.br\/wp-content\/uploads\/2026\/04\/meia-de-rp-prefeito-scaled.jpeg?fit=1170%2C780&ssl=1&resize=350%2C200 1x, https:\/\/i0.wp.com\/noticiasribeiraopreto.com.br\/wp-content\/uploads\/2026\/04\/meia-de-rp-prefeito-scaled.jpeg?fit=1170%2C780&ssl=1&resize=525%2C300 1.5x, https:\/\/i0.wp.com\/noticiasribeiraopreto.com.br\/wp-content\/uploads\/2026\/04\/meia-de-rp-prefeito-scaled.jpeg?fit=1170%2C780&ssl=1&resize=700%2C400 2x, https:\/\/i0.wp.com\/noticiasribeiraopreto.com.br\/wp-content\/uploads\/2026\/04\/meia-de-rp-prefeito-scaled.jpeg?fit=1170%2C780&ssl=1&resize=1050%2C600 3x"},"classes":[]},{"id":81938,"url":"https:\/\/noticiasribeiraopreto.com.br\/index.php\/2026\/01\/30\/primeiro-lote-da-meia-internacional-de-ribeirao-termina-em-8-de-fevereiro\/","url_meta":{"origin":69297,"position":3},"title":"Primeiro lote da Meia Internacional de Ribeir\u00e3o termina em 8 de fevereiro","author":"noticiasribeiraopreto.com.br","date":"30 de January de 2026","format":false,"excerpt":"\r \r \r 30 de janeiro de 2026 13:49 \r Compartilhar0 Prazo para inscri\u00e7\u00f5es com valor promocional se encerra na pr\u00f3xima semana; prova ser\u00e1 realizada em julho O primeiro lote de inscri\u00e7\u00f5es para a 14\u00aa Meia Maratona Internacional de Ribeir\u00e3o Preto entra em reta final e termina no pr\u00f3ximo dia\u2026","rel":"","context":"In &quot;Not\u00edcias de Ribeir\u00e3o Preto-SP e Regi\u00e3o&quot;","block_context":{"text":"Not\u00edcias de Ribeir\u00e3o Preto-SP e Regi\u00e3o","link":"https:\/\/noticiasribeiraopreto.com.br\/index.php\/category\/noticias-de-ribeirao-preto-sp-e-regiao-ismael-colosi\/"},"img":{"alt_text":"","src":"https:\/\/i0.wp.com\/noticiasribeiraopreto.com.br\/wp-content\/uploads\/2026\/01\/Maratona251-scaled.jpg?fit=1170%2C780&ssl=1&resize=350%2C200","width":350,"height":200,"srcset":"https:\/\/i0.wp.com\/noticiasribeiraopreto.com.br\/wp-content\/uploads\/2026\/01\/Maratona251-scaled.jpg?fit=1170%2C780&ssl=1&resize=350%2C200 1x, https:\/\/i0.wp.com\/noticiasribeiraopreto.com.br\/wp-content\/uploads\/2026\/01\/Maratona251-scaled.jpg?fit=1170%2C780&ssl=1&resize=525%2C300 1.5x, https:\/\/i0.wp.com\/noticiasribeiraopreto.com.br\/wp-content\/uploads\/2026\/01\/Maratona251-scaled.jpg?fit=1170%2C780&ssl=1&resize=700%2C400 2x, https:\/\/i0.wp.com\/noticiasribeiraopreto.com.br\/wp-content\/uploads\/2026\/01\/Maratona251-scaled.jpg?fit=1170%2C780&ssl=1&resize=1050%2C600 3x"},"classes":[]},{"id":81706,"url":"https:\/\/noticiasribeiraopreto.com.br\/index.php\/2026\/01\/14\/inscricoes-abertas-para-a-meia-internacional-de-ribeirao\/","url_meta":{"origin":69297,"position":4},"title":"Inscri\u00e7\u00f5es abertas para a Meia Internacional de Ribeir\u00e3o","author":"noticiasribeiraopreto.com.br","date":"14 de January de 2026","format":false,"excerpt":"\r \r \r 14 de janeiro de 2026 19:2414 de janeiro de 2026 19:24 \r Compartilhar0 Prova acontecer\u00e1 no dia 19 de julho, com premia\u00e7\u00e3o em dinheiro nas categorias elite e amador A expectativa \u00e9 de mais uma edi\u00e7\u00e3o hist\u00f3rica de uma das principais provas de rua do interior paulista.\u2026","rel":"","context":"In &quot;Not\u00edcias de Ribeir\u00e3o Preto-SP e Regi\u00e3o&quot;","block_context":{"text":"Not\u00edcias de Ribeir\u00e3o Preto-SP e Regi\u00e3o","link":"https:\/\/noticiasribeiraopreto.com.br\/index.php\/category\/noticias-de-ribeirao-preto-sp-e-regiao-ismael-colosi\/"},"img":{"alt_text":"","src":"https:\/\/i0.wp.com\/noticiasribeiraopreto.com.br\/wp-content\/uploads\/2026\/01\/Meia-de-RP-25-scaled.jpeg?fit=1170%2C780&ssl=1&resize=350%2C200","width":350,"height":200,"srcset":"https:\/\/i0.wp.com\/noticiasribeiraopreto.com.br\/wp-content\/uploads\/2026\/01\/Meia-de-RP-25-scaled.jpeg?fit=1170%2C780&ssl=1&resize=350%2C200 1x, https:\/\/i0.wp.com\/noticiasribeiraopreto.com.br\/wp-content\/uploads\/2026\/01\/Meia-de-RP-25-scaled.jpeg?fit=1170%2C780&ssl=1&resize=525%2C300 1.5x, https:\/\/i0.wp.com\/noticiasribeiraopreto.com.br\/wp-content\/uploads\/2026\/01\/Meia-de-RP-25-scaled.jpeg?fit=1170%2C780&ssl=1&resize=700%2C400 2x, https:\/\/i0.wp.com\/noticiasribeiraopreto.com.br\/wp-content\/uploads\/2026\/01\/Meia-de-RP-25-scaled.jpeg?fit=1170%2C780&ssl=1&resize=1050%2C600 3x"},"classes":[]},{"id":73939,"url":"https:\/\/noticiasribeiraopreto.com.br\/index.php\/2025\/07\/12\/meia-maratona-internacional-movimenta-ribeirao-preto\/","url_meta":{"origin":69297,"position":5},"title":"Meia Maratona Internacional movimenta Ribeir\u00e3o Preto","author":"noticiasribeiraopreto.com.br","date":"12 de July de 2025","format":false,"excerpt":"A Meia Maratona Internacional de Ribeir\u00e3o Preto (MMIRP) toma conta das avenidas da zona Sul da cidade neste domingo, 13 de julho, com as provas de 21 km, 5 km e revezamento. Ser\u00e1 a 13\u00aa edi\u00e7\u00e3o em 15 anos de organiza\u00e7\u00e3o. O evento esportivo j\u00e1 se firmou como um dos\u2026","rel":"","context":"In &quot;Not\u00edcias de Ribeir\u00e3o Preto-SP e Regi\u00e3o&quot;","block_context":{"text":"Not\u00edcias de Ribeir\u00e3o Preto-SP e Regi\u00e3o","link":"https:\/\/noticiasribeiraopreto.com.br\/index.php\/category\/noticias-de-ribeirao-preto-sp-e-regiao-ismael-colosi\/"},"img":{"alt_text":"","src":"https:\/\/i0.wp.com\/noticiasribeiraopreto.com.br\/wp-content\/uploads\/2025\/07\/MMIRP-24-127-scaled.jpg?fit=750%2C500&ssl=1&resize=350%2C200","width":350,"height":200,"srcset":"https:\/\/i0.wp.com\/noticiasribeiraopreto.com.br\/wp-content\/uploads\/2025\/07\/MMIRP-24-127-scaled.jpg?fit=750%2C500&ssl=1&resize=350%2C200 1x, https:\/\/i0.wp.com\/noticiasribeiraopreto.com.br\/wp-content\/uploads\/2025\/07\/MMIRP-24-127-scaled.jpg?fit=750%2C500&ssl=1&resize=525%2C300 1.5x, https:\/\/i0.wp.com\/noticiasribeiraopreto.com.br\/wp-content\/uploads\/2025\/07\/MMIRP-24-127-scaled.jpg?fit=750%2C500&ssl=1&resize=700%2C400 2x"},"classes":[]}],"jetpack_sharing_enabled":true,"jetpack_shortlink":"https:\/\/wp.me\/peQAOb-i1H","_links":{"self":[{"href":"https:\/\/noticiasribeiraopreto.com.br\/index.php\/wp-json\/wp\/v2\/posts\/69297","targetHints":{"allow":["GET"]}}],"collection":[{"href":"https:\/\/noticiasribeiraopreto.com.br\/index.php\/wp-json\/wp\/v2\/posts"}],"about":[{"href":"https:\/\/noticiasribeiraopreto.com.br\/index.php\/wp-json\/wp\/v2\/types\/post"}],"author":[{"embeddable":true,"href":"https:\/\/noticiasribeiraopreto.com.br\/index.php\/wp-json\/wp\/v2\/users\/1"}],"replies":[{"embeddable":true,"href":"https:\/\/noticiasribeiraopreto.com.br\/index.php\/wp-json\/wp\/v2\/comments?post=69297"}],"version-history":[{"count":0,"href":"https:\/\/noticiasribeiraopreto.com.br\/index.php\/wp-json\/wp\/v2\/posts\/69297\/revisions"}],"wp:featuredmedia":[{"embeddable":true,"href":"https:\/\/noticiasribeiraopreto.com.br\/index.php\/wp-json\/wp\/v2\/media\/69298"}],"wp:attachment":[{"href":"https:\/\/noticiasribeiraopreto.com.br\/index.php\/wp-json\/wp\/v2\/media?parent=69297"}],"wp:term":[{"taxonomy":"category","embeddable":true,"href":"https:\/\/noticiasribeiraopreto.com.br\/index.php\/wp-json\/wp\/v2\/categories?post=69297"},{"taxonomy":"post_tag","embeddable":true,"href":"https:\/\/noticiasribeiraopreto.com.br\/index.php\/wp-json\/wp\/v2\/tags?post=69297"}],"curies":[{"name":"wp","href":"https:\/\/api.w.org\/{rel}","templated":true}]}}