{"id":69305,"date":"2025-05-04T18:52:54","date_gmt":"2025-05-04T21:52:54","guid":{"rendered":"https:\/\/noticiasribeiraopreto.com.br\/index.php\/2025\/05\/04\/homem-e-preso-por-matar-dupla-que-dizia-ser-do-pcc-e-teria-ameacado-atear-fogo-em-rancho\/"},"modified":"2025-05-04T18:52:54","modified_gmt":"2025-05-04T21:52:54","slug":"homem-e-preso-por-matar-dupla-que-dizia-ser-do-pcc-e-teria-ameacado-atear-fogo-em-rancho","status":"publish","type":"post","link":"https:\/\/noticiasribeiraopreto.com.br\/index.php\/2025\/05\/04\/homem-e-preso-por-matar-dupla-que-dizia-ser-do-pcc-e-teria-ameacado-atear-fogo-em-rancho\/","title":{"rendered":"Homem \u00e9 preso por matar dupla que dizia ser do PCC e teria amea\u00e7ado atear fogo em rancho"},"content":{"rendered":"<p> <br \/>\n<\/p>\n<div data-td-block-uid=\"tdi_95\">\n<div class=\"tdb-block-inner td-fix-index\">\n<p><strong>Dois homens foram mortos na tarde deste s\u00e1bado (3) em um racho de Igarapava, cidade a aproximadamente 130 quil\u00f4metros de Ribeir\u00e3o Preto.<\/strong><\/p>\n<p>Segundo o <strong>boletim de ocorr\u00eancia (BO)<\/strong>, <mark style=\"background-color:#abb8c3\" class=\"has-inline-color has-black-color\">o indiciado pelo duplo homic\u00eddio disse que os dois foram at\u00e9 o local de propriedade de seus pais, na zona rural do munic\u00edpio, dizendo que seriam integrantes da fac\u00e7\u00e3o PCC (Primeiro Comando da Capital), que a partir daquele momento o rancho seria deles e, se os moradores n\u00e3o sa\u00edssem, iriam atear fogo no im\u00f3vel.<\/mark><\/p>\n<p>Ainda conforme a declara\u00e7\u00e3o dada \u00e0 pol\u00edcia, ao retornar mais tarde ao rancho, encontrou\u00a0a dupla amea\u00e7ando seu pai.<\/p>\n<p>O indiciado afirmou \u00e0 pol\u00edcia que atropelou um deles com um carro, enquanto o outro pegou\u00a0um canivete e foi em sua dire\u00e7\u00e3o. Para se defender, disse que desferiu golpes de faca contra o segundo homem. Os dois morreram no local.<\/p>\n<p>Ele acabou preso em flagrante. <\/p>\n<p>O caso foi registrado no Plant\u00e3o Policial de Franca como homic\u00eddio e amea\u00e7a para investiga\u00e7\u00e3o da Pol\u00edcia Civil.<\/p>\n<p>SAIBA MAIS<\/p>\n<p>Reboque que transportava animais se desprende de carro\u00a0em rodovia de Ribeir\u00e3o Preto<\/p>\n<h2 class=\"wp-block-heading\"><strong>FIQUE ON<\/strong><\/h2>\n<p>Fique ligado em tudo que acontece em Ribeir\u00e3o Preto e regi\u00e3o. Siga os perfis do\u00a0<strong>acidade on<\/strong>\u00a0no\u00a0<a href=\"https:\/\/www.instagram.com\/acidadeonribeirao\">Instagram<\/a>\u00a0e no\u00a0<a href=\"https:\/\/www.facebook.com\/acidadeonribeirao\/\">Facebook<\/a>.<\/p>\n<p>Receba not\u00edcias do\u00a0<strong>acidade on<\/strong>\u00a0no WhatsApp.\u00a0<a href=\"https:\/\/chat.whatsapp.com\/BjKQZ9oJwlz8VVT50NuePq\">Para entrar no grupo, basta clicar aqui.<\/a><\/p>\n<p>Fa\u00e7a uma den\u00fancia ou sugira uma reportagem sobre Ribeir\u00e3o Preto e regi\u00e3o pelo WhatsApp: 16 99117 7802.<\/p>\n<p>VEJA TAMB\u00c9M<\/p>\n<p>Quem pode participar do Projeto Mais M\u00e9dicos?<\/p>\n<p><!-- CONTENT END 1 -->\n<\/div>\n<\/div>\n<p><script async src=\"\/\/www.instagram.com\/embed.js\"><\/script><br \/>\n<br \/><br \/>\n<br \/><a href=\"https:\/\/www.acidadeon.com\/ribeiraopreto\/cotidiano\/homem-e-preso-por-matar-dupla-que-dizia-ser-do-pcc-e-teria-ameacado-atear-fogo-em-rancho\/\">Source link <\/a><\/p>\n","protected":false},"excerpt":{"rendered":"<p>Dois homens foram mortos na tarde deste s\u00e1bado (3) em um racho de Igarapava, cidade a aproximadamente 130 quil\u00f4metros de Ribeir\u00e3o Preto. Segundo o boletim&#8230;<\/p>\n","protected":false},"author":1,"featured_media":69306,"comment_status":"open","ping_status":"open","sticky":false,"template":"","format":"standard","meta":{"advanced_seo_description":"","jetpack_seo_html_title":"","jetpack_seo_noindex":false,"jetpack_post_was_ever_published":false,"_jetpack_newsletter_access":"","_jetpack_dont_email_post_to_subs":false,"_jetpack_newsletter_tier_id":0,"_jetpack_memberships_contains_paywalled_content":false,"_jetpack_memberships_contains_paid_content":false,"footnotes":"","jetpack_publicize_message":"","jetpack_publicize_feature_enabled":true,"jetpack_social_post_already_shared":true,"jetpack_social_options":{"image_generator_settings":{"template":"highway","default_image_id":0,"font":"","enabled":false},"version":2}},"categories":[11],"tags":[],"class_list":["post-69305","post","type-post","status-publish","format-standard","has-post-thumbnail","hentry","category-noticias-de-ribeirao-preto-sp-e-regiao-ismael-colosi"],"jetpack_publicize_connections":[],"jetpack_featured_media_url":"https:\/\/i0.wp.com\/noticiasribeiraopreto.com.br\/wp-content\/uploads\/2025\/05\/policia_2.jpg?fit=1200%2C900&ssl=1","jetpack-related-posts":[{"id":57275,"url":"https:\/\/noticiasribeiraopreto.com.br\/index.php\/2024\/08\/27\/policia-prende-6o-suspeito-de-atear-fogo-em-vegetacao-no-interior-de-sp\/","url_meta":{"origin":69305,"position":0},"title":"Pol\u00edcia prende 6\u00ba suspeito de atear fogo em vegeta\u00e7\u00e3o no interior de SP","author":"noticiasribeiraopreto.com.br","date":"27 de August de 2024","format":false,"excerpt":"Um homem de 49 anos foi preso sob a suspeita de incendiar uma \u00e1rea de mata em Jales, no interior de S\u00e3o Paulo, nesta segunda-feira (26). Ele \u00e9 o sexto suspeito detido no Estado em menos de uma semana por ocorr\u00eancias semelhantes. A a\u00e7\u00e3o dele fez com que as chamas\u2026","rel":"","context":"In &quot;Not\u00edcias de Ribeir\u00e3o Preto-SP e Regi\u00e3o&quot;","block_context":{"text":"Not\u00edcias de Ribeir\u00e3o Preto-SP e Regi\u00e3o","link":"https:\/\/noticiasribeiraopreto.com.br\/index.php\/category\/noticias-de-ribeirao-preto-sp-e-regiao-ismael-colosi\/"},"img":{"alt_text":"","src":"https:\/\/i0.wp.com\/noticiasribeiraopreto.com.br\/wp-content\/uploads\/2024\/08\/interdicao-antonio-machado-santana_2024-08-23_21-32-23_jpg_2024-08-23_21-32-23.webp.webp?fit=1200%2C921&ssl=1&resize=350%2C200","width":350,"height":200,"srcset":"https:\/\/i0.wp.com\/noticiasribeiraopreto.com.br\/wp-content\/uploads\/2024\/08\/interdicao-antonio-machado-santana_2024-08-23_21-32-23_jpg_2024-08-23_21-32-23.webp.webp?fit=1200%2C921&ssl=1&resize=350%2C200 1x, https:\/\/i0.wp.com\/noticiasribeiraopreto.com.br\/wp-content\/uploads\/2024\/08\/interdicao-antonio-machado-santana_2024-08-23_21-32-23_jpg_2024-08-23_21-32-23.webp.webp?fit=1200%2C921&ssl=1&resize=525%2C300 1.5x, https:\/\/i0.wp.com\/noticiasribeiraopreto.com.br\/wp-content\/uploads\/2024\/08\/interdicao-antonio-machado-santana_2024-08-23_21-32-23_jpg_2024-08-23_21-32-23.webp.webp?fit=1200%2C921&ssl=1&resize=700%2C400 2x, https:\/\/i0.wp.com\/noticiasribeiraopreto.com.br\/wp-content\/uploads\/2024\/08\/interdicao-antonio-machado-santana_2024-08-23_21-32-23_jpg_2024-08-23_21-32-23.webp.webp?fit=1200%2C921&ssl=1&resize=1050%2C600 3x"},"classes":[]},{"id":69348,"url":"https:\/\/noticiasribeiraopreto.com.br\/index.php\/2025\/05\/05\/periodo-de-tempo-seco-comeca-e-queda-na-umidade-preocupa-interior-de-sp\/","url_meta":{"origin":69305,"position":1},"title":"Per\u00edodo de tempo seco\u00a0come\u00e7a e queda na umidade preocupa interior de SP","author":"noticiasribeiraopreto.com.br","date":"5 de May de 2025","format":false,"excerpt":"As condi\u00e7\u00f5es de tempo firme est\u00e3o mantidas nos pr\u00f3ximos dias na regi\u00e3o de Ribeir\u00e3o Preto, segundo a Climatempo. A meteorologia explica que um padr\u00e3o de bloqueio atmosf\u00e9rico come\u00e7a a se estabelecer sobre o pa\u00eds e impede a forma\u00e7\u00e3o de instabilidades e a ocorr\u00eancia de chuva no Sudeste. O amanhecer tem\u2026","rel":"","context":"In &quot;Not\u00edcias de Ribeir\u00e3o Preto-SP e Regi\u00e3o&quot;","block_context":{"text":"Not\u00edcias de Ribeir\u00e3o Preto-SP e Regi\u00e3o","link":"https:\/\/noticiasribeiraopreto.com.br\/index.php\/category\/noticias-de-ribeirao-preto-sp-e-regiao-ismael-colosi\/"},"img":{"alt_text":"","src":"https:\/\/i0.wp.com\/noticiasribeiraopreto.com.br\/wp-content\/uploads\/2025\/05\/WhatsApp-Image-2025-05-05-at-06.32.17_2025-05-05_10-22-24.webp.webp?fit=1200%2C900&ssl=1&resize=350%2C200","width":350,"height":200,"srcset":"https:\/\/i0.wp.com\/noticiasribeiraopreto.com.br\/wp-content\/uploads\/2025\/05\/WhatsApp-Image-2025-05-05-at-06.32.17_2025-05-05_10-22-24.webp.webp?fit=1200%2C900&ssl=1&resize=350%2C200 1x, https:\/\/i0.wp.com\/noticiasribeiraopreto.com.br\/wp-content\/uploads\/2025\/05\/WhatsApp-Image-2025-05-05-at-06.32.17_2025-05-05_10-22-24.webp.webp?fit=1200%2C900&ssl=1&resize=525%2C300 1.5x, https:\/\/i0.wp.com\/noticiasribeiraopreto.com.br\/wp-content\/uploads\/2025\/05\/WhatsApp-Image-2025-05-05-at-06.32.17_2025-05-05_10-22-24.webp.webp?fit=1200%2C900&ssl=1&resize=700%2C400 2x, https:\/\/i0.wp.com\/noticiasribeiraopreto.com.br\/wp-content\/uploads\/2025\/05\/WhatsApp-Image-2025-05-05-at-06.32.17_2025-05-05_10-22-24.webp.webp?fit=1200%2C900&ssl=1&resize=1050%2C600 3x"},"classes":[]},{"id":73998,"url":"https:\/\/noticiasribeiraopreto.com.br\/index.php\/2025\/07\/14\/homem-e-preso-por-atear-fogo-em-terreno-assista-ao-video\/","url_meta":{"origin":69305,"position":2},"title":"Homem \u00e9 preso por atear fogo em terreno; Assista ao v\u00eddeo","author":"noticiasribeiraopreto.com.br","date":"14 de July de 2025","format":false,"excerpt":"Um homem foi preso suspeito de atear fogo em um terreno ao lado de resid\u00eancias na madrugada deste domingo (13), em S\u00e3o Joaquim da Barra. Assista ao v\u00eddeo abaixo. A PM (Pol\u00edcia Militar) disse que, quando a equipe chegou ao endere\u00e7o, na rua Goi\u00e1s, o homem tentou se desfazer de\u2026","rel":"","context":"In &quot;Not\u00edcias de Ribeir\u00e3o Preto-SP e Regi\u00e3o&quot;","block_context":{"text":"Not\u00edcias de Ribeir\u00e3o Preto-SP e Regi\u00e3o","link":"https:\/\/noticiasribeiraopreto.com.br\/index.php\/category\/noticias-de-ribeirao-preto-sp-e-regiao-ismael-colosi\/"},"img":{"alt_text":"","src":"https:\/\/i0.wp.com\/noticiasribeiraopreto.com.br\/wp-content\/uploads\/2025\/07\/WhatsApp-Image-2025-07-14-at-10.00.17_2025-07-14_13-03-50.webp.webp?fit=1200%2C675&ssl=1&resize=350%2C200","width":350,"height":200,"srcset":"https:\/\/i0.wp.com\/noticiasribeiraopreto.com.br\/wp-content\/uploads\/2025\/07\/WhatsApp-Image-2025-07-14-at-10.00.17_2025-07-14_13-03-50.webp.webp?fit=1200%2C675&ssl=1&resize=350%2C200 1x, https:\/\/i0.wp.com\/noticiasribeiraopreto.com.br\/wp-content\/uploads\/2025\/07\/WhatsApp-Image-2025-07-14-at-10.00.17_2025-07-14_13-03-50.webp.webp?fit=1200%2C675&ssl=1&resize=525%2C300 1.5x, https:\/\/i0.wp.com\/noticiasribeiraopreto.com.br\/wp-content\/uploads\/2025\/07\/WhatsApp-Image-2025-07-14-at-10.00.17_2025-07-14_13-03-50.webp.webp?fit=1200%2C675&ssl=1&resize=700%2C400 2x, https:\/\/i0.wp.com\/noticiasribeiraopreto.com.br\/wp-content\/uploads\/2025\/07\/WhatsApp-Image-2025-07-14-at-10.00.17_2025-07-14_13-03-50.webp.webp?fit=1200%2C675&ssl=1&resize=1050%2C600 3x"},"classes":[]},{"id":83855,"url":"https:\/\/noticiasribeiraopreto.com.br\/index.php\/2026\/03\/27\/video-empresario-filma-momento-em-que-e-roubado\/","url_meta":{"origin":69305,"position":3},"title":"V\u00cdDEO &#8211; Empres\u00e1rio filma momento em que \u00e9 roubado","author":"noticiasribeiraopreto.com.br","date":"27 de March de 2026","format":false,"excerpt":"\r \r \r Ladr\u00f5es chegaram de moto e levaram corrente e alian\u00e7a da v\u00edtima, que foi amea\u00e7ada com arma de fogo\r \r 27 de mar\u00e7o de 2026 12:59 \r Compartilhar2 \r Por: Adalberto Luque \u2013 Um homem foi v\u00edtima de um roubo a m\u00e3o armada, na tarde desta quinta-feira (26).\u2026","rel":"","context":"In &quot;Not\u00edcias de Ribeir\u00e3o Preto-SP e Regi\u00e3o&quot;","block_context":{"text":"Not\u00edcias de Ribeir\u00e3o Preto-SP e Regi\u00e3o","link":"https:\/\/noticiasribeiraopreto.com.br\/index.php\/category\/noticias-de-ribeirao-preto-sp-e-regiao-ismael-colosi\/"},"img":{"alt_text":"","src":"https:\/\/i0.wp.com\/noticiasribeiraopreto.com.br\/wp-content\/uploads\/2026\/03\/27-mar-2026-roubocorrente1.jpg?fit=481%2C545&ssl=1&resize=350%2C200","width":350,"height":200},"classes":[]},{"id":2163,"url":"https:\/\/noticiasribeiraopreto.com.br\/index.php\/2023\/11\/14\/policia-prende-suspeito-de-matar-empresario-em-rancho-na-regiao-de-ribeirao\/","url_meta":{"origin":69305,"position":4},"title":"Pol\u00edcia prende suspeito de matar empres\u00e1rio em rancho na regi\u00e3o de Ribeir\u00e3o","author":"noticiasribeiraopreto.com.br","date":"14 de November de 2023","format":false,"excerpt":"A Pol\u00edcia Civil informou que prendeu o homem suspeito das mortes do empres\u00e1rio Heli Gomes dos Santos, de Uberaba, e da namorada dele, Lucineide Luiza da Silva, no in\u00edcio do m\u00eas de novembro, em um rancho de Miguel\u00f3polis, na regi\u00e3o de Ribeir\u00e3o Preto. De acordo com Delegacia de Investiga\u00e7\u00f5es Gerais\u2026","rel":"","context":"In &quot;Not\u00edcias de Ribeir\u00e3o Preto-SP e Regi\u00e3o&quot;","block_context":{"text":"Not\u00edcias de Ribeir\u00e3o Preto-SP e Regi\u00e3o","link":"https:\/\/noticiasribeiraopreto.com.br\/index.php\/category\/noticias-de-ribeirao-preto-sp-e-regiao-ismael-colosi\/"},"img":{"alt_text":"","src":"https:\/\/i0.wp.com\/noticiasribeiraopreto.com.br\/wp-content\/uploads\/2023\/11\/heli-lopes-empresario.jpg?fit=1200%2C676&ssl=1&resize=350%2C200","width":350,"height":200,"srcset":"https:\/\/i0.wp.com\/noticiasribeiraopreto.com.br\/wp-content\/uploads\/2023\/11\/heli-lopes-empresario.jpg?fit=1200%2C676&ssl=1&resize=350%2C200 1x, https:\/\/i0.wp.com\/noticiasribeiraopreto.com.br\/wp-content\/uploads\/2023\/11\/heli-lopes-empresario.jpg?fit=1200%2C676&ssl=1&resize=525%2C300 1.5x, https:\/\/i0.wp.com\/noticiasribeiraopreto.com.br\/wp-content\/uploads\/2023\/11\/heli-lopes-empresario.jpg?fit=1200%2C676&ssl=1&resize=700%2C400 2x, https:\/\/i0.wp.com\/noticiasribeiraopreto.com.br\/wp-content\/uploads\/2023\/11\/heli-lopes-empresario.jpg?fit=1200%2C676&ssl=1&resize=1050%2C600 3x"},"classes":[]},{"id":83947,"url":"https:\/\/noticiasribeiraopreto.com.br\/index.php\/2026\/03\/29\/confusao-tem-disparo-de-arma-e-termina-com-um-preso-pelo-baep-em-ribeirao-preto\/","url_meta":{"origin":69305,"position":5},"title":"Confus\u00e3o tem disparo de arma e termina com um preso pelo Baep em Ribeir\u00e3o Preto","author":"noticiasribeiraopreto.com.br","date":"29 de March de 2026","format":false,"excerpt":"Um desentendimento entre dois homens terminou com um deles preso por disparo de arma de fogo neste s\u00e1bado (28), no bairro Campos El\u00edseos, zona Norte de Ribeir\u00e3o Preto. Segundo o 11\u00ba Baep (Batalh\u00e3o de A\u00e7\u00f5es Especiais de Pol\u00edcia), um dos envolvidos foi encontrado ca\u00eddo em frente a uma casa na\u2026","rel":"","context":"In &quot;Not\u00edcias de Ribeir\u00e3o Preto-SP e Regi\u00e3o&quot;","block_context":{"text":"Not\u00edcias de Ribeir\u00e3o Preto-SP e Regi\u00e3o","link":"https:\/\/noticiasribeiraopreto.com.br\/index.php\/category\/noticias-de-ribeirao-preto-sp-e-regiao-ismael-colosi\/"},"img":{"alt_text":"","src":"https:\/\/i0.wp.com\/noticiasribeiraopreto.com.br\/wp-content\/uploads\/2026\/03\/armas_2026-03-29_18-30-39.webp.webp?fit=1200%2C979&ssl=1&resize=350%2C200","width":350,"height":200,"srcset":"https:\/\/i0.wp.com\/noticiasribeiraopreto.com.br\/wp-content\/uploads\/2026\/03\/armas_2026-03-29_18-30-39.webp.webp?fit=1200%2C979&ssl=1&resize=350%2C200 1x, https:\/\/i0.wp.com\/noticiasribeiraopreto.com.br\/wp-content\/uploads\/2026\/03\/armas_2026-03-29_18-30-39.webp.webp?fit=1200%2C979&ssl=1&resize=525%2C300 1.5x, https:\/\/i0.wp.com\/noticiasribeiraopreto.com.br\/wp-content\/uploads\/2026\/03\/armas_2026-03-29_18-30-39.webp.webp?fit=1200%2C979&ssl=1&resize=700%2C400 2x, https:\/\/i0.wp.com\/noticiasribeiraopreto.com.br\/wp-content\/uploads\/2026\/03\/armas_2026-03-29_18-30-39.webp.webp?fit=1200%2C979&ssl=1&resize=1050%2C600 3x"},"classes":[]}],"jetpack_sharing_enabled":true,"jetpack_shortlink":"https:\/\/wp.me\/peQAOb-i1P","_links":{"self":[{"href":"https:\/\/noticiasribeiraopreto.com.br\/index.php\/wp-json\/wp\/v2\/posts\/69305","targetHints":{"allow":["GET"]}}],"collection":[{"href":"https:\/\/noticiasribeiraopreto.com.br\/index.php\/wp-json\/wp\/v2\/posts"}],"about":[{"href":"https:\/\/noticiasribeiraopreto.com.br\/index.php\/wp-json\/wp\/v2\/types\/post"}],"author":[{"embeddable":true,"href":"https:\/\/noticiasribeiraopreto.com.br\/index.php\/wp-json\/wp\/v2\/users\/1"}],"replies":[{"embeddable":true,"href":"https:\/\/noticiasribeiraopreto.com.br\/index.php\/wp-json\/wp\/v2\/comments?post=69305"}],"version-history":[{"count":0,"href":"https:\/\/noticiasribeiraopreto.com.br\/index.php\/wp-json\/wp\/v2\/posts\/69305\/revisions"}],"wp:featuredmedia":[{"embeddable":true,"href":"https:\/\/noticiasribeiraopreto.com.br\/index.php\/wp-json\/wp\/v2\/media\/69306"}],"wp:attachment":[{"href":"https:\/\/noticiasribeiraopreto.com.br\/index.php\/wp-json\/wp\/v2\/media?parent=69305"}],"wp:term":[{"taxonomy":"category","embeddable":true,"href":"https:\/\/noticiasribeiraopreto.com.br\/index.php\/wp-json\/wp\/v2\/categories?post=69305"},{"taxonomy":"post_tag","embeddable":true,"href":"https:\/\/noticiasribeiraopreto.com.br\/index.php\/wp-json\/wp\/v2\/tags?post=69305"}],"curies":[{"name":"wp","href":"https:\/\/api.w.org\/{rel}","templated":true}]}}