{"id":69307,"date":"2025-05-04T18:59:57","date_gmt":"2025-05-04T21:59:57","guid":{"rendered":"https:\/\/noticiasribeiraopreto.com.br\/index.php\/2025\/05\/04\/qual-foi-o-publico-do-show-de-lady-gaga-na-praia-de-copacabana\/"},"modified":"2025-05-04T18:59:57","modified_gmt":"2025-05-04T21:59:57","slug":"qual-foi-o-publico-do-show-de-lady-gaga-na-praia-de-copacabana","status":"publish","type":"post","link":"https:\/\/noticiasribeiraopreto.com.br\/index.php\/2025\/05\/04\/qual-foi-o-publico-do-show-de-lady-gaga-na-praia-de-copacabana\/","title":{"rendered":"Qual foi o p\u00fablico do show de Lady Gaga na praia\u00a0de Copacabana?"},"content":{"rendered":"<p> <br \/>\n<\/p>\n<div>\n<p><strong>A praia de Copacabana, no Rio de Janeiro, presenciou <strong>na noite deste s\u00e1bado (3)<\/strong> e madrugada deste domingo (4) um show hist\u00f3rico de\u00a0Lady Gaga. <\/strong><\/p>\n<p>A <strong>Prefeitura do Rio<\/strong>, com informa\u00e7\u00f5es da <strong>Riotur <\/strong>(empresa municipal de promo\u00e7\u00e3o ao turismo), da <strong>Pol\u00edcia Militar<\/strong> e dos produtores do show, estimou que <strong>2,1 milh\u00f5es de pessoas<\/strong> acompanharam o a<strong> apresenta\u00e7\u00e3o<\/strong>. A multid\u00e3o supera 1,6 milh\u00e3o de pessoas que acompanharam, em maio de 2024, outra\u00a0popstar americana, Madonna, tamb\u00e9m em Copacabana.<\/p>\n<p>Com a multid\u00e3o reunida por Lady Gaga, Copacabana entra para a hist\u00f3ria como palco do recorde de p\u00fablico da estrela americana, dona de sucessos como\u00a0Bad Romance,\u00a0Poker Face\u00a0e\u00a0Born This Way.<\/p>\n<p>Neste domingo,\u00a0Lady Gaga publicou um\u00a0<a href=\"https:\/\/www.instagram.com\/p\/DJPMNIGNGS-\/?utm_source=ig_embed&amp;ig_rid=e9201490-5d81-42a5-87bb-b3018dccaff5\" target=\"_blank\" rel=\"noreferrer noopener\">agradecimento nas redes sociais<\/a>. Ela destacou que o p\u00fablico superior a 2 milh\u00f5es de pessoas \u00e9 o maior j\u00e1 registrado para uma artista mulher na hist\u00f3ria.<\/p>\n<p>\u201cNada poderia me preparar para o que senti durante o show da noite passada \u2014 o orgulho e a alegria absolutos que senti ao cantar para o povo do Brasil. Ver a multid\u00e3o durante as minhas primeiras m\u00fasicas tirou o meu f\u00f4lego\u201d, escreveu a cantora.<\/p>\n<p>O c\u00e1lculo inicial da prefeitura era de que o p\u00fablico de 1,6 milh\u00e3o se repetiria, mas os organizadores foram surpreendidos pela procura dos f\u00e3s. (Com Ag\u00eancia Brasil)<\/p>\n<p>SAIBA MAIS<\/p>\n<p>Sarau, cinema e design: Veja programa\u00e7\u00e3o de maio da funda\u00e7\u00e3o do livro e leitura<\/p>\n<h4 class=\"wp-block-heading\"><strong>FIQUE ON<\/strong><\/h4>\n<p>Fique ligado em tudo que acontece em Ribeir\u00e3o Preto e regi\u00e3o. Siga os perfis do\u00a0<strong>acidade on\u00a0<\/strong>no\u00a0<a href=\"https:\/\/www.instagram.com\/acidadeonribeirao\" target=\"_blank\" rel=\"noreferrer noopener\">Instagram<\/a>\u00a0e no\u00a0<a href=\"https:\/\/www.facebook.com\/acidadeonribeirao\" target=\"_blank\" rel=\"noreferrer noopener\">Facebook<\/a>.<\/p>\n<p>Receba not\u00edcias do acidade on no WhatsApp. Para entrar no grupo, basta\u00a0<a href=\"https:\/\/chat.whatsapp.com\/BjKQZ9oJwlz8VVT50NuePq\" target=\"_blank\" rel=\"noreferrer noopener\">clicar aqui<\/a>.<\/p>\n<p>Fa\u00e7a uma den\u00fancia ou sugira uma reportagem sobre Ribeir\u00e3o Preto e regi\u00e3o pelo WhatsApp: 16 99117 7802.<\/p>\n<p>VEJA TAMB\u00c9M<\/p>\n<p>Foto do Trump vestido de papa \u00e9 IA?<\/p>\n<p><!-- CONTENT END 1 -->\n<\/div>\n<p><script async src=\"\/\/www.instagram.com\/embed.js\"><\/script><br \/>\n<br \/><br \/>\n<br \/><a href=\"https:\/\/www.acidadeon.com\/ribeiraopreto\/lazer-e-cultura\/qual-foi-o-publico-do-show-de-lady-gaga-na-praia-de-copacabana\/\">Source link <\/a><\/p>\n","protected":false},"excerpt":{"rendered":"<p>A praia de Copacabana, no Rio de Janeiro, presenciou na noite deste s\u00e1bado (3) e madrugada deste domingo (4) um show hist\u00f3rico de\u00a0Lady Gaga. A&#8230;<\/p>\n","protected":false},"author":1,"featured_media":69308,"comment_status":"open","ping_status":"open","sticky":false,"template":"","format":"standard","meta":{"advanced_seo_description":"","jetpack_seo_html_title":"","jetpack_seo_noindex":false,"jetpack_post_was_ever_published":false,"_jetpack_newsletter_access":"","_jetpack_dont_email_post_to_subs":false,"_jetpack_newsletter_tier_id":0,"_jetpack_memberships_contains_paywalled_content":false,"_jetpack_memberships_contains_paid_content":false,"footnotes":"","jetpack_publicize_message":"","jetpack_publicize_feature_enabled":true,"jetpack_social_post_already_shared":true,"jetpack_social_options":{"image_generator_settings":{"template":"highway","default_image_id":0,"font":"","enabled":false},"version":2}},"categories":[11],"tags":[],"class_list":["post-69307","post","type-post","status-publish","format-standard","has-post-thumbnail","hentry","category-noticias-de-ribeirao-preto-sp-e-regiao-ismael-colosi"],"jetpack_publicize_connections":[],"jetpack_featured_media_url":"https:\/\/i0.wp.com\/noticiasribeiraopreto.com.br\/wp-content\/uploads\/2025\/05\/03-05-2025_-_drone_-_show_lady_gaga_-_foto_fabio_motta_2_2025-05-04_21-39-42.webp.webp?fit=1170%2C700&ssl=1","jetpack-related-posts":[{"id":69211,"url":"https:\/\/noticiasribeiraopreto.com.br\/index.php\/2025\/05\/03\/nao-vai-ao-show-veja-como-assistir-apresentacao-de-lady-gaga-de-casa\/","url_meta":{"origin":69307,"position":0},"title":"N\u00e3o vai ao show? Veja como assistir apresenta\u00e7\u00e3o de Lady Gaga de casa","author":"noticiasribeiraopreto.com.br","date":"3 de May de 2025","format":false,"excerpt":"A cantora, compositora e atriz Lady Gaga far\u00e1 um show gratuito neste s\u00e1bado (3), na praia de Copacabana, no Rio de Janeiro. De acordo com a prefeitura da cidade, s\u00e3o esperadas cerca de 1,6 milh\u00f5es de pessoas. Este deve ser o maior show da carreira da artista. As atra\u00e7\u00f5es de\u2026","rel":"","context":"In &quot;Not\u00edcias de Ribeir\u00e3o Preto-SP e Regi\u00e3o&quot;","block_context":{"text":"Not\u00edcias de Ribeir\u00e3o Preto-SP e Regi\u00e3o","link":"https:\/\/noticiasribeiraopreto.com.br\/index.php\/category\/noticias-de-ribeirao-preto-sp-e-regiao-ismael-colosi\/"},"img":{"alt_text":"","src":"https:\/\/i0.wp.com\/noticiasribeiraopreto.com.br\/wp-content\/uploads\/2025\/05\/lady-gaga-no-oscar-750x450-1_2025-05-03_13-41-00.webp.webp?fit=750%2C450&ssl=1&resize=350%2C200","width":350,"height":200,"srcset":"https:\/\/i0.wp.com\/noticiasribeiraopreto.com.br\/wp-content\/uploads\/2025\/05\/lady-gaga-no-oscar-750x450-1_2025-05-03_13-41-00.webp.webp?fit=750%2C450&ssl=1&resize=350%2C200 1x, https:\/\/i0.wp.com\/noticiasribeiraopreto.com.br\/wp-content\/uploads\/2025\/05\/lady-gaga-no-oscar-750x450-1_2025-05-03_13-41-00.webp.webp?fit=750%2C450&ssl=1&resize=525%2C300 1.5x, https:\/\/i0.wp.com\/noticiasribeiraopreto.com.br\/wp-content\/uploads\/2025\/05\/lady-gaga-no-oscar-750x450-1_2025-05-03_13-41-00.webp.webp?fit=750%2C450&ssl=1&resize=700%2C400 2x"},"classes":[]},{"id":69295,"url":"https:\/\/noticiasribeiraopreto.com.br\/index.php\/2025\/05\/04\/policia-desmantela-plano-de-atentado-durante-show-de-lady-gaga\/","url_meta":{"origin":69307,"position":1},"title":"Pol\u00edcia desmantela plano de atentado durante show de Lady Gaga","author":"noticiasribeiraopreto.com.br","date":"4 de May de 2025","format":false,"excerpt":"4 de maio de 2025 16:334 de maio de 2025 16:340 Compartilhar0 A Pol\u00edcia Civil do Rio de Janeiro frustrou um plano de atentado a bomba que seria executado durante o show da cantora Lady Gaga, realizado na noite de s\u00e1bado (3) na Praia de Copacabana. O evento gratuito reuniu\u2026","rel":"","context":"In &quot;Not\u00edcias de Ribeir\u00e3o Preto-SP e Regi\u00e3o&quot;","block_context":{"text":"Not\u00edcias de Ribeir\u00e3o Preto-SP e Regi\u00e3o","link":"https:\/\/noticiasribeiraopreto.com.br\/index.php\/category\/noticias-de-ribeirao-preto-sp-e-regiao-ismael-colosi\/"},"img":{"alt_text":"","src":"https:\/\/i0.wp.com\/noticiasribeiraopreto.com.br\/wp-content\/uploads\/2025\/05\/gaga_terror_2.jpeg?fit=800%2C533&ssl=1&resize=350%2C200","width":350,"height":200,"srcset":"https:\/\/i0.wp.com\/noticiasribeiraopreto.com.br\/wp-content\/uploads\/2025\/05\/gaga_terror_2.jpeg?fit=800%2C533&ssl=1&resize=350%2C200 1x, https:\/\/i0.wp.com\/noticiasribeiraopreto.com.br\/wp-content\/uploads\/2025\/05\/gaga_terror_2.jpeg?fit=800%2C533&ssl=1&resize=525%2C300 1.5x, https:\/\/i0.wp.com\/noticiasribeiraopreto.com.br\/wp-content\/uploads\/2025\/05\/gaga_terror_2.jpeg?fit=800%2C533&ssl=1&resize=700%2C400 2x"},"classes":[]},{"id":47397,"url":"https:\/\/noticiasribeiraopreto.com.br\/index.php\/2024\/04\/25\/madonna-no-rio-de-janeiro-informacoes-sobre-o-palco-da-artista-na-praia-de-copacabana\/","url_meta":{"origin":69307,"position":2},"title":"Madonna no Rio de Janeiro \u2013 Informa\u00e7\u00f5es sobre o palco da artista na Praia de Copacabana","author":"noticiasribeiraopreto.com.br","date":"25 de April de 2024","format":false,"excerpt":"Madonna no Rio de Janeiro \u2013 Informa\u00e7\u00f5es sobre o palco da artista na Praia de CopacabanaRainha do pop se apresenta no Rio de Janeiro no dia 04 de maio O palco da cantora Madonna na Praia de Copacabana ter\u00e1 o dobro do tamanho do palco usado na turn\u00ea mundial, que\u2026","rel":"","context":"In &quot;Not\u00edcias de Ribeir\u00e3o Preto-SP e Regi\u00e3o&quot;","block_context":{"text":"Not\u00edcias de Ribeir\u00e3o Preto-SP e Regi\u00e3o","link":"https:\/\/noticiasribeiraopreto.com.br\/index.php\/category\/noticias-de-ribeirao-preto-sp-e-regiao-ismael-colosi\/"},"img":{"alt_text":"","src":"https:\/\/i0.wp.com\/popito.com.br\/wp-content\/uploads\/2024\/04\/11a09ddd0748dd4c1f53eaa0936dd3f2.jpeg?resize=350%2C200&ssl=1","width":350,"height":200,"srcset":"https:\/\/i0.wp.com\/popito.com.br\/wp-content\/uploads\/2024\/04\/11a09ddd0748dd4c1f53eaa0936dd3f2.jpeg?resize=350%2C200&ssl=1 1x, https:\/\/i0.wp.com\/popito.com.br\/wp-content\/uploads\/2024\/04\/11a09ddd0748dd4c1f53eaa0936dd3f2.jpeg?resize=525%2C300&ssl=1 1.5x, https:\/\/i0.wp.com\/popito.com.br\/wp-content\/uploads\/2024\/04\/11a09ddd0748dd4c1f53eaa0936dd3f2.jpeg?resize=700%2C400&ssl=1 2x, https:\/\/i0.wp.com\/popito.com.br\/wp-content\/uploads\/2024\/04\/11a09ddd0748dd4c1f53eaa0936dd3f2.jpeg?resize=1050%2C600&ssl=1 3x, https:\/\/i0.wp.com\/popito.com.br\/wp-content\/uploads\/2024\/04\/11a09ddd0748dd4c1f53eaa0936dd3f2.jpeg?resize=1400%2C800&ssl=1 4x"},"classes":[]},{"id":49220,"url":"https:\/\/noticiasribeiraopreto.com.br\/index.php\/2024\/05\/09\/concerto-especial-da-hbo-gaga-chromatica-ball-estreia-no-dia-25-de-maio-na-max-e-na-hbo\/","url_meta":{"origin":69307,"position":3},"title":"Concerto especial da HBO &#8216;Gaga Chromatica Ball&#8217; estreia no dia 25 de maio na Max e na HBO","author":"noticiasribeiraopreto.com.br","date":"9 de May de 2024","format":false,"excerpt":"Exclusivamente na Max e na HBO, o show apresenta performances ao vivo de alguns dos maiores sucessos de Lady Gaga durante sua turn\u00ea de grande sucesso em 2022.\u00a0 Diante de um p\u00fablico de 52 mil pessoas, a vencedora de 13 pr\u00eamios GRAMMY\u00ae e do Oscar\u00ae, Lady Gaga, oferece uma performance\u2026","rel":"","context":"In &quot;Not\u00edcias de Ribeir\u00e3o Preto-SP e Regi\u00e3o&quot;","block_context":{"text":"Not\u00edcias de Ribeir\u00e3o Preto-SP e Regi\u00e3o","link":"https:\/\/noticiasribeiraopreto.com.br\/index.php\/category\/noticias-de-ribeirao-preto-sp-e-regiao-ismael-colosi\/"},"img":{"alt_text":"","src":"https:\/\/i0.wp.com\/noticiasribeiraopreto.com.br\/wp-content\/uploads\/2024\/05\/Lady-Gaga-Chromatica-Ball_KA_16X9_BRA_PL.jpg?fit=1200%2C675&ssl=1&resize=350%2C200","width":350,"height":200,"srcset":"https:\/\/i0.wp.com\/noticiasribeiraopreto.com.br\/wp-content\/uploads\/2024\/05\/Lady-Gaga-Chromatica-Ball_KA_16X9_BRA_PL.jpg?fit=1200%2C675&ssl=1&resize=350%2C200 1x, https:\/\/i0.wp.com\/noticiasribeiraopreto.com.br\/wp-content\/uploads\/2024\/05\/Lady-Gaga-Chromatica-Ball_KA_16X9_BRA_PL.jpg?fit=1200%2C675&ssl=1&resize=525%2C300 1.5x, https:\/\/i0.wp.com\/noticiasribeiraopreto.com.br\/wp-content\/uploads\/2024\/05\/Lady-Gaga-Chromatica-Ball_KA_16X9_BRA_PL.jpg?fit=1200%2C675&ssl=1&resize=700%2C400 2x, https:\/\/i0.wp.com\/noticiasribeiraopreto.com.br\/wp-content\/uploads\/2024\/05\/Lady-Gaga-Chromatica-Ball_KA_16X9_BRA_PL.jpg?fit=1200%2C675&ssl=1&resize=1050%2C600 3x"},"classes":[]},{"id":69112,"url":"https:\/\/noticiasribeiraopreto.com.br\/index.php\/2025\/05\/02\/fios-de-cobre-sao-furtados-no-quartel-do-corpo-de-bombeiros-de-ribeirao-preto\/","url_meta":{"origin":69307,"position":4},"title":"Fios de cobre s\u00e3o furtados no quartel do Corpo de Bombeiros de Ribeir\u00e3o Preto","author":"noticiasribeiraopreto.com.br","date":"2 de May de 2025","format":false,"excerpt":"Na manh\u00e3 desta quinta-feira (1\u00ba), fios de cobre foram furtados no estacionamento do quartel do Corpo de Bombeiros, localizado no bairro Jardim Iraj\u00e1, em Ribeir\u00e3o Preto. Segundo o boletim de ocorr\u00eancia, a equipe do Corpo de Bombeiros identificou a falta da fia\u00e7\u00e3o el\u00e9trica de um compressor inativo, instalado na \u00e1rea\u2026","rel":"","context":"In &quot;Not\u00edcias de Ribeir\u00e3o Preto-SP e Regi\u00e3o&quot;","block_context":{"text":"Not\u00edcias de Ribeir\u00e3o Preto-SP e Regi\u00e3o","link":"https:\/\/noticiasribeiraopreto.com.br\/index.php\/category\/noticias-de-ribeirao-preto-sp-e-regiao-ismael-colosi\/"},"img":{"alt_text":"","src":"https:\/\/i0.wp.com\/noticiasribeiraopreto.com.br\/wp-content\/uploads\/2024\/06\/BOMBEIROS-1024x575-1_2024-05-31_13-44-44_jpg_2024-05-31_13-44-44.webp.webp?fit=1024%2C575&ssl=1&resize=350%2C200","width":350,"height":200,"srcset":"https:\/\/i0.wp.com\/noticiasribeiraopreto.com.br\/wp-content\/uploads\/2024\/06\/BOMBEIROS-1024x575-1_2024-05-31_13-44-44_jpg_2024-05-31_13-44-44.webp.webp?fit=1024%2C575&ssl=1&resize=350%2C200 1x, https:\/\/i0.wp.com\/noticiasribeiraopreto.com.br\/wp-content\/uploads\/2024\/06\/BOMBEIROS-1024x575-1_2024-05-31_13-44-44_jpg_2024-05-31_13-44-44.webp.webp?fit=1024%2C575&ssl=1&resize=525%2C300 1.5x, https:\/\/i0.wp.com\/noticiasribeiraopreto.com.br\/wp-content\/uploads\/2024\/06\/BOMBEIROS-1024x575-1_2024-05-31_13-44-44_jpg_2024-05-31_13-44-44.webp.webp?fit=1024%2C575&ssl=1&resize=700%2C400 2x"},"classes":[]},{"id":4362,"url":"https:\/\/noticiasribeiraopreto.com.br\/index.php\/2023\/11\/21\/prima-desabafa-sobre-injustica-apos-morte-em-assalto-no-rio-de-janeiro-apos-show-de-taylor-swift-levando-meu-primo-morto\/","url_meta":{"origin":69307,"position":5},"title":"Prima Desabafa sobre Injusti\u00e7a ap\u00f3s Morte em Assalto no Rio de Janeiro Ap\u00f3s Show de Taylor Swift: &#8220;Levando meu primo morto&#8221;","author":"noticiasribeiraopreto.com.br","date":"21 de November de 2023","format":false,"excerpt":"Na madrugada de domingo, o estudante Gabriel Mongenot Santana Milhomem Santos, que integrava um grupo de f\u00e3s da cantora Taylor Swift, foi brutalmente atacado na Praia de Copacabana. As c\u00e2meras de seguran\u00e7a capturaram os instantes de desespero e a subsequente tentativa de socorro por parte de seus amigos.O grupo, que\u2026","rel":"","context":"In &quot;Blog&quot;","block_context":{"text":"Blog","link":"https:\/\/noticiasribeiraopreto.com.br\/index.php\/category\/blog\/"},"img":{"alt_text":"","src":"https:\/\/i0.wp.com\/noticiasribeiraopreto.com.br\/wp-content\/uploads\/2023\/11\/postimg-655cbea1d32c25707.jpg?fit=1200%2C628&ssl=1&resize=350%2C200","width":350,"height":200,"srcset":"https:\/\/i0.wp.com\/noticiasribeiraopreto.com.br\/wp-content\/uploads\/2023\/11\/postimg-655cbea1d32c25707.jpg?fit=1200%2C628&ssl=1&resize=350%2C200 1x, https:\/\/i0.wp.com\/noticiasribeiraopreto.com.br\/wp-content\/uploads\/2023\/11\/postimg-655cbea1d32c25707.jpg?fit=1200%2C628&ssl=1&resize=525%2C300 1.5x, https:\/\/i0.wp.com\/noticiasribeiraopreto.com.br\/wp-content\/uploads\/2023\/11\/postimg-655cbea1d32c25707.jpg?fit=1200%2C628&ssl=1&resize=700%2C400 2x, https:\/\/i0.wp.com\/noticiasribeiraopreto.com.br\/wp-content\/uploads\/2023\/11\/postimg-655cbea1d32c25707.jpg?fit=1200%2C628&ssl=1&resize=1050%2C600 3x"},"classes":[]}],"jetpack_sharing_enabled":true,"jetpack_shortlink":"https:\/\/wp.me\/peQAOb-i1R","_links":{"self":[{"href":"https:\/\/noticiasribeiraopreto.com.br\/index.php\/wp-json\/wp\/v2\/posts\/69307","targetHints":{"allow":["GET"]}}],"collection":[{"href":"https:\/\/noticiasribeiraopreto.com.br\/index.php\/wp-json\/wp\/v2\/posts"}],"about":[{"href":"https:\/\/noticiasribeiraopreto.com.br\/index.php\/wp-json\/wp\/v2\/types\/post"}],"author":[{"embeddable":true,"href":"https:\/\/noticiasribeiraopreto.com.br\/index.php\/wp-json\/wp\/v2\/users\/1"}],"replies":[{"embeddable":true,"href":"https:\/\/noticiasribeiraopreto.com.br\/index.php\/wp-json\/wp\/v2\/comments?post=69307"}],"version-history":[{"count":0,"href":"https:\/\/noticiasribeiraopreto.com.br\/index.php\/wp-json\/wp\/v2\/posts\/69307\/revisions"}],"wp:featuredmedia":[{"embeddable":true,"href":"https:\/\/noticiasribeiraopreto.com.br\/index.php\/wp-json\/wp\/v2\/media\/69308"}],"wp:attachment":[{"href":"https:\/\/noticiasribeiraopreto.com.br\/index.php\/wp-json\/wp\/v2\/media?parent=69307"}],"wp:term":[{"taxonomy":"category","embeddable":true,"href":"https:\/\/noticiasribeiraopreto.com.br\/index.php\/wp-json\/wp\/v2\/categories?post=69307"},{"taxonomy":"post_tag","embeddable":true,"href":"https:\/\/noticiasribeiraopreto.com.br\/index.php\/wp-json\/wp\/v2\/tags?post=69307"}],"curies":[{"name":"wp","href":"https:\/\/api.w.org\/{rel}","templated":true}]}}