{"id":69310,"date":"2025-05-04T19:10:15","date_gmt":"2025-05-04T22:10:15","guid":{"rendered":"https:\/\/noticiasribeiraopreto.com.br\/index.php\/2025\/05\/04\/jornal-da-franca-conheca-sete-profissoes-que-ganham-bem-em-2025-mesmo-sem-precisar-de-diploma\/"},"modified":"2025-05-04T19:10:15","modified_gmt":"2025-05-04T22:10:15","slug":"jornal-da-franca-conheca-sete-profissoes-que-ganham-bem-em-2025-mesmo-sem-precisar-de-diploma","status":"publish","type":"post","link":"https:\/\/noticiasribeiraopreto.com.br\/index.php\/2025\/05\/04\/jornal-da-franca-conheca-sete-profissoes-que-ganham-bem-em-2025-mesmo-sem-precisar-de-diploma\/","title":{"rendered":"Jornal da Franca &#8211; Conhe\u00e7a sete profiss\u00f5es que ganham bem em 2025 mesmo sem precisar de diploma"},"content":{"rendered":"<div class='code-block code-block-1' style='margin: 8px 0 8px auto; text-align: right; display: block; clear: both;'>\n<p><a href=\"https:\/\/wa.link\/vpicfd\"><img data-recalc-dims=\"1\" class=\"wp-image-4922\" style=\"aspect-ratio: 2.0253164556962027; width: 561px; height: auto;\" src=\"https:\/\/i0.wp.com\/ismaelcolosi.com.br\/wp-content\/uploads\/2023\/11\/grupo-de-empregos-whatsapp-e-facebook-ismael-colosi-vagas.jpg?ssl=1\" alt=\"\" \/><\/a><\/p>\n<!-- \/wp:image -->\n<\/div>\n<p> <br \/>\n<\/p>\n<div>\n<p>Mesmo sem diploma, investir em qualifica\u00e7\u00e3o constante e manter um bom networking \u00e9 essencial para crescer em qualquer carreira.<\/p>\n<\/p><\/div>\n<div>\n<p><img data-recalc-dims=\"1\" decoding=\"async\" src=\"https:\/\/i0.wp.com\/www.jornaldafranca.com.br\/wp-content\/uploads\/2025\/05\/1689.jpg?ssl=1\" alt=\"\"\/><\/p>\n<p>Segundo levantamento do IBGE, cerca de 46% da popula\u00e7\u00e3o ocupada no Brasil trabalha em fun\u00e7\u00f5es que n\u00e3o exigem forma\u00e7\u00e3o superior. E, ao contr\u00e1rio do que muitos pensam, h\u00e1 diversas carreiras bem remuneradas acess\u00edveis mesmo sem um diploma universit\u00e1rio.<\/p>\n<p>Com base em dados de plataformas como\u00a0<a href=\"https:\/\/www.glassdoor.com.br\/index.htm\" target=\"_blank\" rel=\"noreferrer noopener\">Glassdoor<\/a>,\u00a0Catho\u00a0e\u00a0LinkedIn, veja as profiss\u00f5es em alta que oferecem bons sal\u00e1rios e oportunidades reais de crescimento em 2025.<\/p>\n<p><strong>1. Desenvolvedor web (autodidata ou formado por bootcamp)<\/strong><\/p>\n<p>Com a alta demanda por digitaliza\u00e7\u00e3o, muitas empresas contratam desenvolvedores com forma\u00e7\u00e3o alternativa. Cursos t\u00e9cnicos e bootcamps substituem a faculdade tradicional.<\/p>\n<p>Sal\u00e1rio m\u00e9dio: R$ 5.000 a R$ 9.000<\/p>\n<div class=\"ad-wrapper-div\">\n<div id=\"ad_paragraph_2\" data-google-query-id=\"CMSUxO_Bh40DFXZtuAQdLlgHIw\">\n<p><strong>2. Gestor de tr\u00e1fego pago<\/strong><\/p>\n<\/div>\n<\/div>\n<p>Essa profiss\u00e3o cresceu com o marketing digital. O gestor \u00e9 respons\u00e1vel por campanhas em Google Ads, Facebook Ads e afins. O conhecimento pode ser adquirido por cursos online.<\/p>\n<p>Sal\u00e1rio m\u00e9dio: R$ 4.000 a R$ 10.000<\/p>\n<p><strong>3. Corretor de im\u00f3veis<\/strong><\/p>\n<p>Basta ter registro no CRECI para atuar. A renda varia conforme desempenho, mas h\u00e1 casos de ganhos acima de R$ 15 mil mensais em grandes centros.<\/p>\n<div class=\"ad-wrapper-div\">\n<div id=\"ad_paragraph_3\" data-google-query-id=\"CLHb1qHCh40DFQ9ouAQdywoVLA\">\n<p>Sal\u00e1rio m\u00e9dio: R$ 3.000 a R$ 12.000 (comissionado)<\/p>\n<p><strong>4. Designer gr\u00e1fico freelancer<\/strong><\/p>\n<\/div>\n<\/div>\n<p>A atua\u00e7\u00e3o pode ser iniciada com portf\u00f3lio e cursos livres. Profissionais experientes conseguem bons contratos mesmo sem diploma.<\/p>\n<p>Sal\u00e1rio m\u00e9dio: R$ 3.500 a R$ 8.000<\/p>\n<p><strong>5. Mec\u00e2nico automotivo especializado<\/strong><\/p>\n<p>Com cursos t\u00e9cnicos e experi\u00eancia pr\u00e1tica, \u00e9 poss\u00edvel atuar em oficinas de alta performance ou abrir o pr\u00f3prio neg\u00f3cio.<\/p>\n<div class=\"ad-wrapper-div\">\n<div id=\"ad_paragraph_4\" data-google-query-id=\"CNfRkqnCh40DFfpSuAQd5eUL0Q\">\n<p>Sal\u00e1rio m\u00e9dio: R$ 4.000 a R$ 7.000<\/p>\n<p><strong>6. Representante comercial aut\u00f4nomo<\/strong><\/p>\n<\/div>\n<\/div>\n<p>Profiss\u00e3o cl\u00e1ssica que segue valorizada. O segredo est\u00e1 no networking e conhecimento do produto. O ganho \u00e9 comissionado, e pode ser alto.<\/p>\n<p>Sal\u00e1rio m\u00e9dio: R$ 5.000 a R$ 12.000<\/p>\n<p><strong>7. Criador de conte\u00fado digital<\/strong><\/p>\n<p>Youtubers, influencers e produtores de conte\u00fado para redes sociais t\u00eam alcan\u00e7ado rendimentos altos. A profissionaliza\u00e7\u00e3o do setor aumentou a demanda por criadores qualificados.<\/p>\n<div class=\"ad-wrapper-div\">\n<div id=\"ad_paragraph_5\" data-google-query-id=\"CK_Qj6rCh40DFcptuAQdzvoh5Q\">\n<p>Sal\u00e1rio m\u00e9dio: varia de R$ 2.000 a R$ 20.000, dependendo do nicho<\/p>\n<p><strong>O que explica essa tend\u00eancia?<\/strong><\/p>\n<\/div>\n<\/div>\n<p>A valoriza\u00e7\u00e3o da experi\u00eancia pr\u00e1tica e do portf\u00f3lio \u00e9 cada vez mais comum em empresas modernas. Plataformas como LinkedIn, Upwork e Workana permitem que profissionais sem diploma mostrem compet\u00eancias reais.<\/p>\n<p>Essa tend\u00eancia tamb\u00e9m acompanha o crescimento da educa\u00e7\u00e3o online, que democratiza o acesso ao conhecimento.<\/p>\n<div id=\"content_post\" class=\"post-interna__content__corpo\">\n<p>Segundo o portal<b><a href=\"https:\/\/oantagonista.com.br\/brasil\/7-profissoes-que-ganham-bem-em-2025-sem-precisar-de-diploma\/\" target=\"_blank\" rel=\"noopener\"> O Antagonista<\/a>, <\/b>mesmo sem diploma, investir em qualifica\u00e7\u00e3o constante e manter um bom networking \u00e9 essencial para crescer em qualquer carreira.<\/p>\n<\/div>\n<\/div>\n<p><br \/>\n<br \/><a href=\"https:\/\/www.jornaldafranca.com.br\/conheca-sete-profissoes-que-ganham-bem-em-2025-sem-precisar-de-diploma\/\">Source link <\/a><\/p>\n<!-- CONTENT END 1 -->\n","protected":false},"excerpt":{"rendered":"<p>Mesmo sem diploma, investir em qualifica\u00e7\u00e3o constante e manter um bom networking \u00e9 essencial para crescer em qualquer carreira. Segundo levantamento do IBGE, cerca de&#8230;<\/p>\n","protected":false},"author":1,"featured_media":69311,"comment_status":"open","ping_status":"open","sticky":false,"template":"","format":"standard","meta":{"advanced_seo_description":"","jetpack_seo_html_title":"","jetpack_seo_noindex":false,"jetpack_post_was_ever_published":false,"_jetpack_newsletter_access":"","_jetpack_dont_email_post_to_subs":false,"_jetpack_newsletter_tier_id":0,"_jetpack_memberships_contains_paywalled_content":false,"_jetpack_memberships_contains_paid_content":false,"footnotes":"","jetpack_publicize_message":"","jetpack_publicize_feature_enabled":true,"jetpack_social_post_already_shared":true,"jetpack_social_options":{"image_generator_settings":{"template":"highway","default_image_id":0,"font":"","enabled":false},"version":2}},"categories":[3597],"tags":[],"class_list":["post-69310","post","type-post","status-publish","format-standard","has-post-thumbnail","hentry","category-noticias-franca-sp"],"jetpack_publicize_connections":[],"jetpack_featured_media_url":"https:\/\/i0.wp.com\/noticiasribeiraopreto.com.br\/wp-content\/uploads\/2025\/05\/1689.jpg?fit=1000%2C667&ssl=1","jetpack-related-posts":[{"id":52313,"url":"https:\/\/noticiasribeiraopreto.com.br\/index.php\/2024\/06\/06\/estudo-mostra-profissoes-e-salarios-que-mais-cresceram-no-brasil-veja-rankings\/","url_meta":{"origin":69310,"position":0},"title":"Estudo mostra profiss\u00f5es e sal\u00e1rios que mais cresceram no Brasil; veja rankings","author":"noticiasribeiraopreto.com.br","date":"6 de June de 2024","format":false,"excerpt":"Matheus Almeidai Matheus Almeida 06\/06\/2024 - 6:50 Desenhistas e administradores de bases de dados foram os profissionais com a maior valoriza\u00e7\u00e3o salarial e crescimento no n\u00famero de trabalhadores no Brasil nos \u00faltimos 12 anos. \u00c9 o que mostra levantamento da pesquisadora da consultoria IDados, Ana Tereza Pires, especialista em economia\u2026","rel":"","context":"In &quot;Empregos - Classificados&quot;","block_context":{"text":"Empregos - Classificados","link":"https:\/\/noticiasribeiraopreto.com.br\/index.php\/category\/empregos-classificados-vagas-trabalho\/"},"img":{"alt_text":"","src":"https:\/\/i0.wp.com\/noticiasribeiraopreto.com.br\/wp-content\/uploads\/2024\/06\/pexels-christina-morillo-1181271-scaled-e1675369650222.jpg?fit=1000%2C668&ssl=1&resize=350%2C200","width":350,"height":200,"srcset":"https:\/\/i0.wp.com\/noticiasribeiraopreto.com.br\/wp-content\/uploads\/2024\/06\/pexels-christina-morillo-1181271-scaled-e1675369650222.jpg?fit=1000%2C668&ssl=1&resize=350%2C200 1x, https:\/\/i0.wp.com\/noticiasribeiraopreto.com.br\/wp-content\/uploads\/2024\/06\/pexels-christina-morillo-1181271-scaled-e1675369650222.jpg?fit=1000%2C668&ssl=1&resize=525%2C300 1.5x, https:\/\/i0.wp.com\/noticiasribeiraopreto.com.br\/wp-content\/uploads\/2024\/06\/pexels-christina-morillo-1181271-scaled-e1675369650222.jpg?fit=1000%2C668&ssl=1&resize=700%2C400 2x"},"classes":[]},{"id":52212,"url":"https:\/\/noticiasribeiraopreto.com.br\/index.php\/2024\/06\/05\/ranking-mostra-as-profissoes-com-melhores-e-piores-salarios-no-brasil-para-quem-tem-diploma\/","url_meta":{"origin":69310,"position":1},"title":"Ranking mostra as profiss\u00f5es com melhores e piores sal\u00e1rios no Brasil para quem tem diploma","author":"noticiasribeiraopreto.com.br","date":"5 de June de 2024","format":false,"excerpt":"Matheus Almeidai Matheus Almeida 05\/06\/2024 - 6:50 Os sal\u00e1rios mais altos no Brasil em 2024 permanecem ligados a profiss\u00f5es \u201chistoricamente mais bem remuneradas\u201d, aponta levantamento feito pela pesquisadora da consultoria IDados, Ana Tereza Pires, a pedido da Isto\u00c9 Dinheiro.O ranking, elaborado a partir dos dados do primeiro trimestre de 2024,\u2026","rel":"","context":"In &quot;Empregos - Classificados&quot;","block_context":{"text":"Empregos - Classificados","link":"https:\/\/noticiasribeiraopreto.com.br\/index.php\/category\/empregos-classificados-vagas-trabalho\/"},"img":{"alt_text":"","src":"https:\/\/i0.wp.com\/noticiasribeiraopreto.com.br\/wp-content\/uploads\/2024\/06\/artigo-rossi-rodnae-productions-pexels-scaled-e1648489010886.jpg?fit=640%2C427&ssl=1&resize=350%2C200","width":350,"height":200,"srcset":"https:\/\/i0.wp.com\/noticiasribeiraopreto.com.br\/wp-content\/uploads\/2024\/06\/artigo-rossi-rodnae-productions-pexels-scaled-e1648489010886.jpg?fit=640%2C427&ssl=1&resize=350%2C200 1x, https:\/\/i0.wp.com\/noticiasribeiraopreto.com.br\/wp-content\/uploads\/2024\/06\/artigo-rossi-rodnae-productions-pexels-scaled-e1648489010886.jpg?fit=640%2C427&ssl=1&resize=525%2C300 1.5x"},"classes":[]},{"id":19814,"url":"https:\/\/noticiasribeiraopreto.com.br\/index.php\/2023\/12\/23\/15-profissoes-com-emprego-garantido-no-canada-meu-valor-digital\/","url_meta":{"origin":69310,"position":2},"title":"15 profiss\u00f5es com emprego garantido no Canad\u00e1 &#8211; Meu Valor Digital","author":"noticiasribeiraopreto.com.br","date":"23 de December de 2023","format":false,"excerpt":"O sonho de muitos brasileiros \u00e9 conseguir um emprego, uma nova oportunidade em outro pa\u00eds, um pa\u00eds onde a economia seja mais justa, e mesmo com sal\u00e1rio m\u00ednimo seja poss\u00edvel levar uma vida digna com possibilidades de acesso \u00e0 casa, carro, tecnologia, seguran\u00e7a, dentre v\u00e1rias outras quest\u00f5es mesmo com sal\u00e1rio\u2026","rel":"","context":"In &quot;Vagas de Emprego em Ribeir\u00e3o Preto-SP&quot;","block_context":{"text":"Vagas de Emprego em Ribeir\u00e3o Preto-SP","link":"https:\/\/noticiasribeiraopreto.com.br\/index.php\/category\/empregos-classificados-vagas-trabalho\/vagas-de-empregos-em-ribeirao-preto-regiao-brasil\/"},"img":{"alt_text":"","src":"https:\/\/i0.wp.com\/noticiasribeiraopreto.com.br\/wp-content\/uploads\/2023\/12\/casal-no-canada.jpg?fit=1200%2C801&ssl=1&resize=350%2C200","width":350,"height":200,"srcset":"https:\/\/i0.wp.com\/noticiasribeiraopreto.com.br\/wp-content\/uploads\/2023\/12\/casal-no-canada.jpg?fit=1200%2C801&ssl=1&resize=350%2C200 1x, https:\/\/i0.wp.com\/noticiasribeiraopreto.com.br\/wp-content\/uploads\/2023\/12\/casal-no-canada.jpg?fit=1200%2C801&ssl=1&resize=525%2C300 1.5x, https:\/\/i0.wp.com\/noticiasribeiraopreto.com.br\/wp-content\/uploads\/2023\/12\/casal-no-canada.jpg?fit=1200%2C801&ssl=1&resize=700%2C400 2x, https:\/\/i0.wp.com\/noticiasribeiraopreto.com.br\/wp-content\/uploads\/2023\/12\/casal-no-canada.jpg?fit=1200%2C801&ssl=1&resize=1050%2C600 3x"},"classes":[]},{"id":22833,"url":"https:\/\/noticiasribeiraopreto.com.br\/index.php\/2023\/12\/31\/8-profissoes-onde-voce-e-pago-para-viajar-o-mundo-meu-valor-digital\/","url_meta":{"origin":69310,"position":3},"title":"8 profiss\u00f5es onde voc\u00ea \u00e9 pago para viajar o mundo &#8211; Meu Valor Digital","author":"noticiasribeiraopreto.com.br","date":"31 de December de 2023","format":false,"excerpt":"Para muitas pessoas, pensar em ficar preso em um escrit\u00f3rio de segunda a sexta, das 09h \u00e0s 18h, parece uma verdadeira tortura devido ao confinamento. Afinal, n\u00e3o s\u00e3o somente 8 horas presos no mesmo lugar, mas frequentemente a pessoa est\u00e1 \u201cconfinada\u201d e sobre press\u00e3o para resolver problemas e mais problemas,\u2026","rel":"","context":"In &quot;Vagas de Emprego em Ribeir\u00e3o Preto-SP&quot;","block_context":{"text":"Vagas de Emprego em Ribeir\u00e3o Preto-SP","link":"https:\/\/noticiasribeiraopreto.com.br\/index.php\/category\/empregos-classificados-vagas-trabalho\/vagas-de-empregos-em-ribeirao-preto-regiao-brasil\/"},"img":{"alt_text":"","src":"https:\/\/i0.wp.com\/noticiasribeiraopreto.com.br\/wp-content\/uploads\/2023\/12\/rapaz-viajante.jpg?fit=1200%2C800&ssl=1&resize=350%2C200","width":350,"height":200,"srcset":"https:\/\/i0.wp.com\/noticiasribeiraopreto.com.br\/wp-content\/uploads\/2023\/12\/rapaz-viajante.jpg?fit=1200%2C800&ssl=1&resize=350%2C200 1x, https:\/\/i0.wp.com\/noticiasribeiraopreto.com.br\/wp-content\/uploads\/2023\/12\/rapaz-viajante.jpg?fit=1200%2C800&ssl=1&resize=525%2C300 1.5x, https:\/\/i0.wp.com\/noticiasribeiraopreto.com.br\/wp-content\/uploads\/2023\/12\/rapaz-viajante.jpg?fit=1200%2C800&ssl=1&resize=700%2C400 2x, https:\/\/i0.wp.com\/noticiasribeiraopreto.com.br\/wp-content\/uploads\/2023\/12\/rapaz-viajante.jpg?fit=1200%2C800&ssl=1&resize=1050%2C600 3x"},"classes":[]},{"id":17838,"url":"https:\/\/noticiasribeiraopreto.com.br\/index.php\/2023\/12\/19\/10-faculdades-que-nao-valem-mais-a-pena-fazer-em-2024-meu-valor-digital\/","url_meta":{"origin":69310,"position":4},"title":"10 faculdades que n\u00e3o valem mais a pena fazer em 2024 &#8211; Meu Valor Digital","author":"noticiasribeiraopreto.com.br","date":"19 de December de 2023","format":false,"excerpt":"At\u00e9 algum tempo atr\u00e1s, ter qualquer tipo de diploma universit\u00e1rio era algo que definitivamente o diferenciaria da multid\u00e3o, afinal, destacaria sua capacidade intelectual, al\u00e9m de abrir v\u00e1rias portas no mercado de trabalho em potencial. No entanto, devido a mudan\u00e7a do mercado de trabalho, e a satura\u00e7\u00e3o para algumas \u00e1reas, \u00e9\u2026","rel":"","context":"In &quot;Vagas de Emprego em Ribeir\u00e3o Preto-SP&quot;","block_context":{"text":"Vagas de Emprego em Ribeir\u00e3o Preto-SP","link":"https:\/\/noticiasribeiraopreto.com.br\/index.php\/category\/empregos-classificados-vagas-trabalho\/vagas-de-empregos-em-ribeirao-preto-regiao-brasil\/"},"img":{"alt_text":"","src":"https:\/\/i0.wp.com\/noticiasribeiraopreto.com.br\/wp-content\/uploads\/2023\/12\/estudante-triste.jpg?fit=1200%2C800&ssl=1&resize=350%2C200","width":350,"height":200,"srcset":"https:\/\/i0.wp.com\/noticiasribeiraopreto.com.br\/wp-content\/uploads\/2023\/12\/estudante-triste.jpg?fit=1200%2C800&ssl=1&resize=350%2C200 1x, https:\/\/i0.wp.com\/noticiasribeiraopreto.com.br\/wp-content\/uploads\/2023\/12\/estudante-triste.jpg?fit=1200%2C800&ssl=1&resize=525%2C300 1.5x, https:\/\/i0.wp.com\/noticiasribeiraopreto.com.br\/wp-content\/uploads\/2023\/12\/estudante-triste.jpg?fit=1200%2C800&ssl=1&resize=700%2C400 2x, https:\/\/i0.wp.com\/noticiasribeiraopreto.com.br\/wp-content\/uploads\/2023\/12\/estudante-triste.jpg?fit=1200%2C800&ssl=1&resize=1050%2C600 3x"},"classes":[]},{"id":19598,"url":"https:\/\/noticiasribeiraopreto.com.br\/index.php\/2023\/12\/22\/curso-gratuito-de-kotlin-em-back-end-e-lancado-pela-dio-e-ntt-data-2\/","url_meta":{"origin":69310,"position":5},"title":"Curso gratuito de Kotlin em Back-end \u00e9 lan\u00e7ado pela DIO e NTT DATA","author":"noticiasribeiraopreto.com.br","date":"22 de December de 2023","format":false,"excerpt":"Voc\u00ea quer aprender uma das linguagens de programa\u00e7\u00e3o mais usadas no mundo para desenvolver aplica\u00e7\u00f5es web em um curso gratuito?\u00a0 Ent\u00e3o, n\u00e3o perca essa oportunidade: a DIO, plataforma open education de tecnologia, e a NTT DATA, uma das maiores consultorias de tecnologia e neg\u00f3cios do mundo, est\u00e3o lan\u00e7ando um bootcamp\u2026","rel":"","context":"In &quot;Vagas de Emprego em Ribeir\u00e3o Preto-SP&quot;","block_context":{"text":"Vagas de Emprego em Ribeir\u00e3o Preto-SP","link":"https:\/\/noticiasribeiraopreto.com.br\/index.php\/category\/empregos-classificados-vagas-trabalho\/vagas-de-empregos-em-ribeirao-preto-regiao-brasil\/"},"img":{"alt_text":"","src":"https:\/\/i0.wp.com\/noticiasribeiraopreto.com.br\/wp-content\/uploads\/2023\/12\/ntt-data.jpg?fit=1200%2C675&ssl=1&resize=350%2C200","width":350,"height":200,"srcset":"https:\/\/i0.wp.com\/noticiasribeiraopreto.com.br\/wp-content\/uploads\/2023\/12\/ntt-data.jpg?fit=1200%2C675&ssl=1&resize=350%2C200 1x, https:\/\/i0.wp.com\/noticiasribeiraopreto.com.br\/wp-content\/uploads\/2023\/12\/ntt-data.jpg?fit=1200%2C675&ssl=1&resize=525%2C300 1.5x, https:\/\/i0.wp.com\/noticiasribeiraopreto.com.br\/wp-content\/uploads\/2023\/12\/ntt-data.jpg?fit=1200%2C675&ssl=1&resize=700%2C400 2x, https:\/\/i0.wp.com\/noticiasribeiraopreto.com.br\/wp-content\/uploads\/2023\/12\/ntt-data.jpg?fit=1200%2C675&ssl=1&resize=1050%2C600 3x"},"classes":[]}],"jetpack_sharing_enabled":true,"jetpack_shortlink":"https:\/\/wp.me\/peQAOb-i1U","_links":{"self":[{"href":"https:\/\/noticiasribeiraopreto.com.br\/index.php\/wp-json\/wp\/v2\/posts\/69310","targetHints":{"allow":["GET"]}}],"collection":[{"href":"https:\/\/noticiasribeiraopreto.com.br\/index.php\/wp-json\/wp\/v2\/posts"}],"about":[{"href":"https:\/\/noticiasribeiraopreto.com.br\/index.php\/wp-json\/wp\/v2\/types\/post"}],"author":[{"embeddable":true,"href":"https:\/\/noticiasribeiraopreto.com.br\/index.php\/wp-json\/wp\/v2\/users\/1"}],"replies":[{"embeddable":true,"href":"https:\/\/noticiasribeiraopreto.com.br\/index.php\/wp-json\/wp\/v2\/comments?post=69310"}],"version-history":[{"count":0,"href":"https:\/\/noticiasribeiraopreto.com.br\/index.php\/wp-json\/wp\/v2\/posts\/69310\/revisions"}],"wp:featuredmedia":[{"embeddable":true,"href":"https:\/\/noticiasribeiraopreto.com.br\/index.php\/wp-json\/wp\/v2\/media\/69311"}],"wp:attachment":[{"href":"https:\/\/noticiasribeiraopreto.com.br\/index.php\/wp-json\/wp\/v2\/media?parent=69310"}],"wp:term":[{"taxonomy":"category","embeddable":true,"href":"https:\/\/noticiasribeiraopreto.com.br\/index.php\/wp-json\/wp\/v2\/categories?post=69310"},{"taxonomy":"post_tag","embeddable":true,"href":"https:\/\/noticiasribeiraopreto.com.br\/index.php\/wp-json\/wp\/v2\/tags?post=69310"}],"curies":[{"name":"wp","href":"https:\/\/api.w.org\/{rel}","templated":true}]}}