{"id":69314,"date":"2025-05-04T20:51:20","date_gmt":"2025-05-04T23:51:20","guid":{"rendered":"https:\/\/noticiasribeiraopreto.com.br\/index.php\/2025\/05\/04\/botafogo-surpreende-e-goleia-athletico-pr-em-curitiba\/"},"modified":"2025-05-04T20:51:20","modified_gmt":"2025-05-04T23:51:20","slug":"botafogo-surpreende-e-goleia-athletico-pr-em-curitiba","status":"publish","type":"post","link":"https:\/\/noticiasribeiraopreto.com.br\/index.php\/2025\/05\/04\/botafogo-surpreende-e-goleia-athletico-pr-em-curitiba\/","title":{"rendered":"Botafogo surpreende e goleia Athletico-PR em Curitiba"},"content":{"rendered":"<div class='code-block code-block-1' style='margin: 8px 0 8px auto; text-align: right; display: block; clear: both;'>\n<p><a href=\"https:\/\/wa.link\/vpicfd\"><img data-recalc-dims=\"1\" class=\"wp-image-4922\" style=\"aspect-ratio: 2.0253164556962027; width: 561px; height: auto;\" src=\"https:\/\/i0.wp.com\/ismaelcolosi.com.br\/wp-content\/uploads\/2023\/11\/grupo-de-empregos-whatsapp-e-facebook-ismael-colosi-vagas.jpg?ssl=1\" alt=\"\" \/><\/a><\/p>\n<!-- \/wp:image -->\n<\/div>\n<p> <br \/>\n<\/p>\n<div>\n<p><em><strong>Por Hugo Luque<\/strong><\/em><\/p>\n<p>O Botafogo fez o que talvez nem seu torcedor mais otimista esperava neste domingo (4), ao bater o Athletico-PR na Ligga Arena, em Curitiba (PR), por 4 a 1. O duelo foi v\u00e1lido pela sexta rodada da S\u00e9rie B do Campeonato Brasileiro.<\/p>\n<p>A vit\u00f3ria, primeira no nacional, quebrou mais de um tabu. O primeiro foi o tempo sem triunfos do Tricolor, que n\u00e3o levava a melhor desde 11 de fevereiro, quando derrotou o Red Bull Bragantino, pelo Paulist\u00e3o.<\/p>\n<p>O segundo foi o fim de uma longa sequ\u00eancia do Furac\u00e3o sem ser goleado desta forma em casa. O \u00faltimo rev\u00e9s do Rubro-Negro com quatro gols sofridos em casa foi no Campeonato Paranaense de 2021, diante do Oper\u00e1rio, em 17 de abril daquele ano.<\/p>\n<p>O resultado, conquistado pelo Botafogo de virada e com um homem a mais durante 80 minutos, tira o conjunto ribeir\u00e3o-pretano da zona de rebaixamento. A equipe agora ocupa, ao menos momentaneamente, a 15\u00aa posi\u00e7\u00e3o, com seis pontos.<\/p>\n<p>O pr\u00f3ximo desafio \u00e9 um confronto direto contra o Athletic-MG, na segunda-feira da pr\u00f3xima semana (12), \u00e0s 19h, no Est\u00e1dio Santa Cruz\/Arena Nicnet.<\/p>\n<p><strong>O jogo<\/strong><\/p>\n<p>Teve de jogar longe de sua torcida o Botafogo para, finalmente, dar uma resposta. E que resposta. Mas n\u00e3o sem algum sofrimento no come\u00e7o, que foi uma verdadeira montanha-russa.<\/p>\n<p>Logo aos dez minutos, Habra\u00e3o recebeu o vermelho direto depois de consulta do VAR. Com o bra\u00e7o, ele impediu Alexandre Jesus, de volta ao 11 inicial, de sair na cara do gol. Mesmo assim, Tevis conseguiu abrir o placar para os mandantes aos 15, em batida cruzada ap\u00f3s contra-ataque.<\/p>\n<p>Cinco minutos depois, por\u00e9m, o argentino Gabriel Risso sofreu p\u00eanalti, convertido pelo conterr\u00e2neo Leandro Maciel, que empatou. O Athletico ainda teve a chance de marcar o segundo em uma finaliza\u00e7\u00e3o no travess\u00e3o, aos 26. Na sequ\u00eancia, Victor Souza fez a defesa.<\/p>\n<p>Para a surpresa da Ligga arena, Alejo Dramisino chutou de longe e Jonathan Cafu pegou o rebote para marcar, aos 47. O veterano, autor da virada, ainda recebeu o cart\u00e3o vermelho logo depois, mas o VAR reverteu a expuls\u00e3o.<\/p>\n<p>No segundo tempo, Alexandre Jesus quase marcou um gola\u00e7o de cobertura, mas parou em defesa de Mycael, aos cinco. No minuto seguinte, o centroavante perdeu o que seria mais um belo gol ao finalizar para fora.<\/p>\n<p>Mas a terceira vez \u00e9 o charme. Oito minutos mais tarde, o camisa 9 recebeu bela assist\u00eancia de Leandro Maciel e ampliou. Irritada, a torcida athleticana come\u00e7ou a gritar \u201col\u00e9\u201d durante as trocas de passes do Botafogo.<\/p>\n<p>Se perdeu duas grandes oportunidades, Jesus tamb\u00e9m fez outras duas. A segunda foi aos 22 minutos, em cabe\u00e7ada que completou cruzamento de Gabriel Bispo. Ainda deu tempo de Isaac, do Athletico, ser expulso por atingir o rosto de Wallison em uma disputa de bola.<\/p>\n<\/div>\n<p><br \/>\n<br \/><a href=\"https:\/\/www.tribunaribeirao.com.br\/botafogo-surpreende-e-goleia-athletico-pr-em-curitiba\/\">Source link <\/a><\/p>\n<!-- CONTENT END 1 -->\n","protected":false},"excerpt":{"rendered":"<p>Por Hugo Luque O Botafogo fez o que talvez nem seu torcedor mais otimista esperava neste domingo (4), ao bater o Athletico-PR na Ligga Arena,&#8230;<\/p>\n","protected":false},"author":1,"featured_media":69315,"comment_status":"open","ping_status":"open","sticky":false,"template":"","format":"standard","meta":{"advanced_seo_description":"","jetpack_seo_html_title":"","jetpack_seo_noindex":false,"jetpack_post_was_ever_published":false,"_jetpack_newsletter_access":"","_jetpack_dont_email_post_to_subs":false,"_jetpack_newsletter_tier_id":0,"_jetpack_memberships_contains_paywalled_content":false,"_jetpack_memberships_contains_paid_content":false,"footnotes":"","jetpack_publicize_message":"","jetpack_publicize_feature_enabled":true,"jetpack_social_post_already_shared":true,"jetpack_social_options":{"image_generator_settings":{"template":"highway","default_image_id":0,"font":"","enabled":false},"version":2}},"categories":[11],"tags":[],"class_list":["post-69314","post","type-post","status-publish","format-standard","has-post-thumbnail","hentry","category-noticias-de-ribeirao-preto-sp-e-regiao-ismael-colosi"],"jetpack_publicize_connections":[],"jetpack_featured_media_url":"https:\/\/i0.wp.com\/noticiasribeiraopreto.com.br\/wp-content\/uploads\/2025\/05\/WhatsApp-Image-2025-05-04-at-19.46.05-scaled.jpeg?fit=2560%2C1707&ssl=1","jetpack-related-posts":[{"id":69320,"url":"https:\/\/noticiasribeiraopreto.com.br\/index.php\/2025\/05\/04\/botafogo-goleia-athletico-pr-fora-de-casa-pela-serie-b-do-brasileiro\/","url_meta":{"origin":69314,"position":0},"title":"Botafogo goleia Athletico-PR fora de casa pela S\u00e9rie B do Brasileiro","author":"noticiasribeiraopreto.com.br","date":"4 de May de 2025","format":false,"excerpt":"O Botafogo goleou por 4 a 1 o Athletico-PR fora de casa, na noite deste domingo (4). A partida disputada na Ligga Arena, em Curitiba, foi v\u00e1lida pela sexta rodada do Campeonato Brasileiro da S\u00e9rie B 2025. A equipe de Ribeir\u00e3o Preto conquistou a primeira vit\u00f3ria na disputa de virada.\u2026","rel":"","context":"In &quot;Not\u00edcias de Ribeir\u00e3o Preto-SP e Regi\u00e3o&quot;","block_context":{"text":"Not\u00edcias de Ribeir\u00e3o Preto-SP e Regi\u00e3o","link":"https:\/\/noticiasribeiraopreto.com.br\/index.php\/category\/noticias-de-ribeirao-preto-sp-e-regiao-ismael-colosi\/"},"img":{"alt_text":"","src":"https:\/\/i0.wp.com\/noticiasribeiraopreto.com.br\/wp-content\/uploads\/2025\/05\/leandro-maciel_2025-05-04_23-20-25.webp.webp?fit=1200%2C800&ssl=1&resize=350%2C200","width":350,"height":200,"srcset":"https:\/\/i0.wp.com\/noticiasribeiraopreto.com.br\/wp-content\/uploads\/2025\/05\/leandro-maciel_2025-05-04_23-20-25.webp.webp?fit=1200%2C800&ssl=1&resize=350%2C200 1x, https:\/\/i0.wp.com\/noticiasribeiraopreto.com.br\/wp-content\/uploads\/2025\/05\/leandro-maciel_2025-05-04_23-20-25.webp.webp?fit=1200%2C800&ssl=1&resize=525%2C300 1.5x, https:\/\/i0.wp.com\/noticiasribeiraopreto.com.br\/wp-content\/uploads\/2025\/05\/leandro-maciel_2025-05-04_23-20-25.webp.webp?fit=1200%2C800&ssl=1&resize=700%2C400 2x, https:\/\/i0.wp.com\/noticiasribeiraopreto.com.br\/wp-content\/uploads\/2025\/05\/leandro-maciel_2025-05-04_23-20-25.webp.webp?fit=1200%2C800&ssl=1&resize=1050%2C600 3x"},"classes":[]},{"id":69263,"url":"https:\/\/noticiasribeiraopreto.com.br\/index.php\/2025\/05\/04\/botafogo-enfrenta-athletico-pr-em-curitiba\/","url_meta":{"origin":69314,"position":1},"title":"Botafogo enfrenta Athletico-PR em Curitiba\u00a0","author":"noticiasribeiraopreto.com.br","date":"4 de May de 2025","format":false,"excerpt":"Por Hugo Luque\u00a0 O Botafogo encara o Athletico-PR neste domingo (4), \u00e0s 18h30, na Liga Arena, pela sexta rodada da S\u00e9rie B do Campeonato Brasileiro. Em Curitiba, o Pantera tenta dar uma resposta para evitar mais uma competi\u00e7\u00e3o marcada pela briga contra a queda.\u00a0 A equipe de M\u00e1rcio Zanardi est\u00e1\u2026","rel":"","context":"In &quot;Not\u00edcias de Ribeir\u00e3o Preto-SP e Regi\u00e3o&quot;","block_context":{"text":"Not\u00edcias de Ribeir\u00e3o Preto-SP e Regi\u00e3o","link":"https:\/\/noticiasribeiraopreto.com.br\/index.php\/category\/noticias-de-ribeirao-preto-sp-e-regiao-ismael-colosi\/"},"img":{"alt_text":"","src":"https:\/\/i0.wp.com\/noticiasribeiraopreto.com.br\/wp-content\/uploads\/2025\/05\/Foto-01-BOTA.jpg?fit=799%2C533&ssl=1&resize=350%2C200","width":350,"height":200,"srcset":"https:\/\/i0.wp.com\/noticiasribeiraopreto.com.br\/wp-content\/uploads\/2025\/05\/Foto-01-BOTA.jpg?fit=799%2C533&ssl=1&resize=350%2C200 1x, https:\/\/i0.wp.com\/noticiasribeiraopreto.com.br\/wp-content\/uploads\/2025\/05\/Foto-01-BOTA.jpg?fit=799%2C533&ssl=1&resize=525%2C300 1.5x, https:\/\/i0.wp.com\/noticiasribeiraopreto.com.br\/wp-content\/uploads\/2025\/05\/Foto-01-BOTA.jpg?fit=799%2C533&ssl=1&resize=700%2C400 2x"},"classes":[]},{"id":76842,"url":"https:\/\/noticiasribeiraopreto.com.br\/index.php\/2025\/09\/06\/com-um-a-mais-botafogo-e-derrotado-pelo-athletico-pr\/","url_meta":{"origin":69314,"position":2},"title":"Com um a mais, Botafogo \u00e9 derrotado pelo Athletico-PR","author":"noticiasribeiraopreto.com.br","date":"6 de September de 2025","format":false,"excerpt":"Por Hugo Luque Uma tarde que come\u00e7ou com festa pelo retorno de Pedro Severino ao Est\u00e1dio Santa Cruz\/Arena Nicnet terminou com uma dura derrota do Botafogo para o Athletico-PR por 3 a 1, neste s\u00e1bado (6), pela 25\u00aa rodada da S\u00e9rie B do Campeonato Brasileiro. Mesmo com um a mais\u2026","rel":"","context":"In &quot;Not\u00edcias de Ribeir\u00e3o Preto-SP e Regi\u00e3o&quot;","block_context":{"text":"Not\u00edcias de Ribeir\u00e3o Preto-SP e Regi\u00e3o","link":"https:\/\/noticiasribeiraopreto.com.br\/index.php\/category\/noticias-de-ribeirao-preto-sp-e-regiao-ismael-colosi\/"},"img":{"alt_text":"","src":"","width":0,"height":0},"classes":[]},{"id":85000,"url":"https:\/\/noticiasribeiraopreto.com.br\/index.php\/2026\/04\/19\/botafogo-fica-no-empate-em-confronto-com-o-atletico-go-pela-serie-b-2026\/","url_meta":{"origin":69314,"position":3},"title":"Botafogo fica no empate em confronto com o Atl\u00e9tico-GO pela S\u00e9rie B 2026","author":"noticiasribeiraopreto.com.br","date":"19 de April de 2026","format":false,"excerpt":"Ler o resumo da not\u00edcia Botafogo e Atl\u00e9tico\u2011GO empataram em 1 a 1 na 5\u00aa rodada da S\u00e9rie B 2026, no Est\u00e1dio Santa Cruz\/Arena Nicnet, em Ribeir\u00e3o Preto. Everton Morelli abriu o placar aos 4\u202fmin do 1\u00ba tempo; Gustavo Coutinho empatou aos 23\u202fmin com p\u00eanalti. O Botafogo soma 7 pontos\u2026","rel":"","context":"In &quot;Not\u00edcias de Ribeir\u00e3o Preto-SP e Regi\u00e3o&quot;","block_context":{"text":"Not\u00edcias de Ribeir\u00e3o Preto-SP e Regi\u00e3o","link":"https:\/\/noticiasribeiraopreto.com.br\/index.php\/category\/noticias-de-ribeirao-preto-sp-e-regiao-ismael-colosi\/"},"img":{"alt_text":"","src":"https:\/\/i0.wp.com\/noticiasribeiraopreto.com.br\/wp-content\/uploads\/2026\/04\/Botafogo-atletico-go-1_2026-04-19_20-45-54.webp.webp?fit=1200%2C800&ssl=1&resize=350%2C200","width":350,"height":200,"srcset":"https:\/\/i0.wp.com\/noticiasribeiraopreto.com.br\/wp-content\/uploads\/2026\/04\/Botafogo-atletico-go-1_2026-04-19_20-45-54.webp.webp?fit=1200%2C800&ssl=1&resize=350%2C200 1x, https:\/\/i0.wp.com\/noticiasribeiraopreto.com.br\/wp-content\/uploads\/2026\/04\/Botafogo-atletico-go-1_2026-04-19_20-45-54.webp.webp?fit=1200%2C800&ssl=1&resize=525%2C300 1.5x, https:\/\/i0.wp.com\/noticiasribeiraopreto.com.br\/wp-content\/uploads\/2026\/04\/Botafogo-atletico-go-1_2026-04-19_20-45-54.webp.webp?fit=1200%2C800&ssl=1&resize=700%2C400 2x, https:\/\/i0.wp.com\/noticiasribeiraopreto.com.br\/wp-content\/uploads\/2026\/04\/Botafogo-atletico-go-1_2026-04-19_20-45-54.webp.webp?fit=1200%2C800&ssl=1&resize=1050%2C600 3x"},"classes":[]},{"id":76531,"url":"https:\/\/noticiasribeiraopreto.com.br\/index.php\/2025\/08\/30\/de-virada-botafogo-vence-o-goias-fora-de-casa-pelo-brasileiro-da-serie-b\/","url_meta":{"origin":69314,"position":4},"title":"De virada! Botafogo vence o Goi\u00e1s fora de casa pelo Brasileiro da S\u00e9rie B","author":"noticiasribeiraopreto.com.br","date":"30 de August de 2025","format":false,"excerpt":"De virada, o Botafogo venceu o Goi\u00e1s, por 3 a 2, na noite deste s\u00e1bado (30), pelo Campeonato Brasileiro da S\u00e9rie B. A partida foi realizada no est\u00e1dio da Serrinha, em Goi\u00e2nia. Os gols O Goi\u00e1s abriu o placar logo aos 17 segundos de partida com Wellinton Rato. O Botafogo\u2026","rel":"","context":"In &quot;Not\u00edcias de Ribeir\u00e3o Preto-SP e Regi\u00e3o&quot;","block_context":{"text":"Not\u00edcias de Ribeir\u00e3o Preto-SP e Regi\u00e3o","link":"https:\/\/noticiasribeiraopreto.com.br\/index.php\/category\/noticias-de-ribeirao-preto-sp-e-regiao-ismael-colosi\/"},"img":{"alt_text":"","src":"https:\/\/i0.wp.com\/noticiasribeiraopreto.com.br\/wp-content\/uploads\/2025\/08\/goias-botafogo-serie-b_2025-08-30_22-52-42.webp.webp?fit=1200%2C800&ssl=1&resize=350%2C200","width":350,"height":200,"srcset":"https:\/\/i0.wp.com\/noticiasribeiraopreto.com.br\/wp-content\/uploads\/2025\/08\/goias-botafogo-serie-b_2025-08-30_22-52-42.webp.webp?fit=1200%2C800&ssl=1&resize=350%2C200 1x, https:\/\/i0.wp.com\/noticiasribeiraopreto.com.br\/wp-content\/uploads\/2025\/08\/goias-botafogo-serie-b_2025-08-30_22-52-42.webp.webp?fit=1200%2C800&ssl=1&resize=525%2C300 1.5x, https:\/\/i0.wp.com\/noticiasribeiraopreto.com.br\/wp-content\/uploads\/2025\/08\/goias-botafogo-serie-b_2025-08-30_22-52-42.webp.webp?fit=1200%2C800&ssl=1&resize=700%2C400 2x, https:\/\/i0.wp.com\/noticiasribeiraopreto.com.br\/wp-content\/uploads\/2025\/08\/goias-botafogo-serie-b_2025-08-30_22-52-42.webp.webp?fit=1200%2C800&ssl=1&resize=1050%2C600 3x"},"classes":[]},{"id":76843,"url":"https:\/\/noticiasribeiraopreto.com.br\/index.php\/2025\/09\/06\/botafogo-perde-para-o-athletico-em-partida-marcada-por-homenagem-a-pedro-severino\/","url_meta":{"origin":69314,"position":5},"title":"Botafogo perde para o Athletico em partida marcada por homenagem a Pedro Severino","author":"noticiasribeiraopreto.com.br","date":"6 de September de 2025","format":false,"excerpt":"O Botafogo perdeu para o Athletico por 3 a 1 neste s\u00e1bado (6), pela S\u00e9rie B do Campeonato Brasileiro, em um jogo marcado por uma emocionante homenagem a Pedro Severino. O Pantera prestou uma s\u00e9rie de tributos ao atacante, que se recupera de um grave acidente, antes do in\u00edcio da\u2026","rel":"","context":"In &quot;Not\u00edcias de Ribeir\u00e3o Preto-SP e Regi\u00e3o&quot;","block_context":{"text":"Not\u00edcias de Ribeir\u00e3o Preto-SP e Regi\u00e3o","link":"https:\/\/noticiasribeiraopreto.com.br\/index.php\/category\/noticias-de-ribeirao-preto-sp-e-regiao-ismael-colosi\/"},"img":{"alt_text":"","src":"https:\/\/i0.wp.com\/noticiasribeiraopreto.com.br\/wp-content\/uploads\/2025\/09\/Copia-de-Copia-de-Copia-de-TAMANHO-EXATO-PARA-FOTOS-NO-SISTEMA-NOVO-2025-09-06T173414.173_2025-09-06_20-34-59.webp.webp?fit=1200%2C675&ssl=1&resize=350%2C200","width":350,"height":200,"srcset":"https:\/\/i0.wp.com\/noticiasribeiraopreto.com.br\/wp-content\/uploads\/2025\/09\/Copia-de-Copia-de-Copia-de-TAMANHO-EXATO-PARA-FOTOS-NO-SISTEMA-NOVO-2025-09-06T173414.173_2025-09-06_20-34-59.webp.webp?fit=1200%2C675&ssl=1&resize=350%2C200 1x, https:\/\/i0.wp.com\/noticiasribeiraopreto.com.br\/wp-content\/uploads\/2025\/09\/Copia-de-Copia-de-Copia-de-TAMANHO-EXATO-PARA-FOTOS-NO-SISTEMA-NOVO-2025-09-06T173414.173_2025-09-06_20-34-59.webp.webp?fit=1200%2C675&ssl=1&resize=525%2C300 1.5x, https:\/\/i0.wp.com\/noticiasribeiraopreto.com.br\/wp-content\/uploads\/2025\/09\/Copia-de-Copia-de-Copia-de-TAMANHO-EXATO-PARA-FOTOS-NO-SISTEMA-NOVO-2025-09-06T173414.173_2025-09-06_20-34-59.webp.webp?fit=1200%2C675&ssl=1&resize=700%2C400 2x, https:\/\/i0.wp.com\/noticiasribeiraopreto.com.br\/wp-content\/uploads\/2025\/09\/Copia-de-Copia-de-Copia-de-TAMANHO-EXATO-PARA-FOTOS-NO-SISTEMA-NOVO-2025-09-06T173414.173_2025-09-06_20-34-59.webp.webp?fit=1200%2C675&ssl=1&resize=1050%2C600 3x"},"classes":[]}],"jetpack_sharing_enabled":true,"jetpack_shortlink":"https:\/\/wp.me\/peQAOb-i1Y","_links":{"self":[{"href":"https:\/\/noticiasribeiraopreto.com.br\/index.php\/wp-json\/wp\/v2\/posts\/69314","targetHints":{"allow":["GET"]}}],"collection":[{"href":"https:\/\/noticiasribeiraopreto.com.br\/index.php\/wp-json\/wp\/v2\/posts"}],"about":[{"href":"https:\/\/noticiasribeiraopreto.com.br\/index.php\/wp-json\/wp\/v2\/types\/post"}],"author":[{"embeddable":true,"href":"https:\/\/noticiasribeiraopreto.com.br\/index.php\/wp-json\/wp\/v2\/users\/1"}],"replies":[{"embeddable":true,"href":"https:\/\/noticiasribeiraopreto.com.br\/index.php\/wp-json\/wp\/v2\/comments?post=69314"}],"version-history":[{"count":0,"href":"https:\/\/noticiasribeiraopreto.com.br\/index.php\/wp-json\/wp\/v2\/posts\/69314\/revisions"}],"wp:featuredmedia":[{"embeddable":true,"href":"https:\/\/noticiasribeiraopreto.com.br\/index.php\/wp-json\/wp\/v2\/media\/69315"}],"wp:attachment":[{"href":"https:\/\/noticiasribeiraopreto.com.br\/index.php\/wp-json\/wp\/v2\/media?parent=69314"}],"wp:term":[{"taxonomy":"category","embeddable":true,"href":"https:\/\/noticiasribeiraopreto.com.br\/index.php\/wp-json\/wp\/v2\/categories?post=69314"},{"taxonomy":"post_tag","embeddable":true,"href":"https:\/\/noticiasribeiraopreto.com.br\/index.php\/wp-json\/wp\/v2\/tags?post=69314"}],"curies":[{"name":"wp","href":"https:\/\/api.w.org\/{rel}","templated":true}]}}