{"id":69414,"date":"2025-05-06T01:32:21","date_gmt":"2025-05-06T04:32:21","guid":{"rendered":"https:\/\/noticiasribeiraopreto.com.br\/index.php\/2025\/05\/06\/pesquisa-identifica-que-queijo-e-lixo-eletronico-podem-transformar-se-em-ouro\/"},"modified":"2025-05-06T01:32:21","modified_gmt":"2025-05-06T04:32:21","slug":"pesquisa-identifica-que-queijo-e-lixo-eletronico-podem-transformar-se-em-ouro","status":"publish","type":"post","link":"https:\/\/noticiasribeiraopreto.com.br\/index.php\/2025\/05\/06\/pesquisa-identifica-que-queijo-e-lixo-eletronico-podem-transformar-se-em-ouro\/","title":{"rendered":"Pesquisa identifica que queijo e lixo eletr\u00f4nico podem transformar-se em ouro"},"content":{"rendered":"<p> <br \/>\n<\/p>\n<div>\n<p>O ouro, um dos metais mais valiosos do mundo, n\u00e3o est\u00e1 apenas em joias ou cofres \u2013 ele pode estar dentro da sua casa, escondido em eletr\u00f4nicos que voc\u00ea usa todos os dias.<\/p>\n<p>Pesquisadores da ETH Zurich, na Su\u00ed\u00e7a, desenvolveram uma t\u00e9cnica revolucion\u00e1ria para extrair esse ouro de forma sustent\u00e1vel, e o segredo est\u00e1 em um ingrediente surpreendente: o queijo.<\/p>\n<p>O ouro \u00e9 um excelente condutor el\u00e9trico e n\u00e3o corr\u00f3i, por isso \u00e9 usado em placas de circuito, celulares, computadores e at\u00e9 micro-ondas.<\/p>\n<p>Apesar de cada dispositivo ter apenas uma pequena quantidade, o descarte incorreto faz com que toneladas desse metal precioso sejam perdidas anualmente.<\/p>\n<p>Em 2023, foram descartadas 53 milh\u00f5es de toneladas de lixo eletr\u00f4nico \u2013 um desperd\u00edcio que polui o meio ambiente e enterra riqueza. A solu\u00e7\u00e3o? Reciclagem inteligente com ajuda da ind\u00fastria aliment\u00edcia.<\/p>\n<p>Os cientistas descobriram que prote\u00ednas do soro do leite, um res\u00edduo da produ\u00e7\u00e3o de queijo, podem ser transformadas em uma \u201cesponja\u201d capaz de filtrar ouro. O processo \u00e9 eficiente e ecologicamente correto:<\/p>\n<p>Transforma\u00e7\u00e3o da prote\u00edna \u2192 Res\u00edduos do queijo viram uma esponja ap\u00f3s tratamento qu\u00edmico.<\/p>\n<p>Dissolu\u00e7\u00e3o dos componentes \u2192 Placas de circuito s\u00e3o dissolvidas em \u00e1cido, liberando metais.<\/p>\n<p>Filtragem seletiva \u2192 A esponja captura apenas o ouro, separando-o de outros metais.<\/p>\n<p>Recupera\u00e7\u00e3o do metal \u2192 O ouro \u00e9 purificado e vira pepitas de 22 quilates (91% de pureza).<\/p>\n<p>Resultado impressionante: Com apenas 10 placas de circuito, os pesquisadores extra\u00edram ouro no valor de R$ 170 mil (cota\u00e7\u00e3o atual).<\/p>\n<p>Apesar de parecer uma forma f\u00e1cil de \u201cgarimpar\u201d ouro, o m\u00e9todo usa \u00e1cidos perigosos e alta temperatura, exigindo controle especializado.<\/p>\n<p>O objetivo da pesquisa n\u00e3o \u00e9 incentivar experimentos caseiros, mas criar uma solu\u00e7\u00e3o industrial sustent\u00e1vel para reduzir o lixo eletr\u00f4nico e recuperar metais valiosos.<\/p>\n<p>Essa t\u00e9cnica abre portas para a economia circular, onde res\u00edduos viram recursos. No futuro, poderemos ver centros de reciclagem usando m\u00e9todos similares para extrair ouro, prata e outros metais preciosos do lixo eletr\u00f4nico \u2013 tudo de forma limpa e eficiente.<\/p>\n<p>*Ag\u00eancia Hora<\/p>\n<p><!-- CONTENT END 1 --><\/p><\/div>\n<p><br \/>\n<br \/><a href=\"https:\/\/www.f3noticias.com.br\/pesquisa-identifica-que-queijo-e-lixo-eletronico-podem-transformar-se-em-ouro\/\">Source link <\/a><\/p>\n","protected":false},"excerpt":{"rendered":"<p>O ouro, um dos metais mais valiosos do mundo, n\u00e3o est\u00e1 apenas em joias ou cofres \u2013 ele pode estar dentro da sua casa, escondido&#8230;<\/p>\n","protected":false},"author":1,"featured_media":69415,"comment_status":"open","ping_status":"open","sticky":false,"template":"","format":"standard","meta":{"advanced_seo_description":"","jetpack_seo_html_title":"","jetpack_seo_noindex":false,"jetpack_post_was_ever_published":false,"_jetpack_newsletter_access":"","_jetpack_dont_email_post_to_subs":false,"_jetpack_newsletter_tier_id":0,"_jetpack_memberships_contains_paywalled_content":false,"_jetpack_memberships_contains_paid_content":false,"footnotes":"","jetpack_publicize_message":"","jetpack_publicize_feature_enabled":true,"jetpack_social_post_already_shared":true,"jetpack_social_options":{"image_generator_settings":{"template":"highway","default_image_id":0,"font":"","enabled":false},"version":2}},"categories":[3597],"tags":[],"class_list":["post-69414","post","type-post","status-publish","format-standard","has-post-thumbnail","hentry","category-noticias-franca-sp"],"jetpack_publicize_connections":[],"jetpack_featured_media_url":"https:\/\/i0.wp.com\/noticiasribeiraopreto.com.br\/wp-content\/uploads\/2025\/05\/allan_kardec_pedagio_eletronicos.jpeg?fit=1280%2C622&ssl=1","jetpack-related-posts":[{"id":71235,"url":"https:\/\/noticiasribeiraopreto.com.br\/index.php\/2025\/06\/04\/jornal-da-franca-como-o-lixo-eletronico-virou-a-nova-fronteira-de-disputa-por-materias-primas\/","url_meta":{"origin":69414,"position":0},"title":"Jornal da Franca &#8211; Como o lixo eletr\u00f4nico virou a nova fronteira de disputa por mat\u00e9rias-primas","author":"noticiasribeiraopreto.com.br","date":"4 de June de 2025","format":false,"excerpt":"compartilhar no whatsapp compartilhar no telegram compartilhar no facebook compartilhar no linkedin Muitos aparelhos eletr\u00f4nicos que s\u00e3o descart\u00e1veis cont\u00e9m mat\u00e9rias primas estrat\u00e9gicas, como l\u00edtio, cobalto e terra raras O avan\u00e7o acelerado da\u00a0tecnologia\u00a0traz um problema crescente: o\u00a0aumento\u00a0do\u00a0lixo eletr\u00f4nico.\u00a0Smartphones, notebooks, fones, cabos e baterias se acumulam nas gavetas, aguardando um destino. A\u00a0ONU\u00a0alerta\u2026","rel":"","context":"In &quot;Not\u00edcias de Franca-SP&quot;","block_context":{"text":"Not\u00edcias de Franca-SP","link":"https:\/\/noticiasribeiraopreto.com.br\/index.php\/category\/noticias-de-ribeirao-preto-sp-e-regiao-ismael-colosi\/noticias-franca-sp\/"},"img":{"alt_text":"","src":"https:\/\/i0.wp.com\/noticiasribeiraopreto.com.br\/wp-content\/uploads\/2025\/06\/4ead636f-f9a4-4ae3-b36d-1600ec3c6019.jpg?fit=1170%2C698&ssl=1&resize=350%2C200","width":350,"height":200,"srcset":"https:\/\/i0.wp.com\/noticiasribeiraopreto.com.br\/wp-content\/uploads\/2025\/06\/4ead636f-f9a4-4ae3-b36d-1600ec3c6019.jpg?fit=1170%2C698&ssl=1&resize=350%2C200 1x, https:\/\/i0.wp.com\/noticiasribeiraopreto.com.br\/wp-content\/uploads\/2025\/06\/4ead636f-f9a4-4ae3-b36d-1600ec3c6019.jpg?fit=1170%2C698&ssl=1&resize=525%2C300 1.5x, https:\/\/i0.wp.com\/noticiasribeiraopreto.com.br\/wp-content\/uploads\/2025\/06\/4ead636f-f9a4-4ae3-b36d-1600ec3c6019.jpg?fit=1170%2C698&ssl=1&resize=700%2C400 2x, https:\/\/i0.wp.com\/noticiasribeiraopreto.com.br\/wp-content\/uploads\/2025\/06\/4ead636f-f9a4-4ae3-b36d-1600ec3c6019.jpg?fit=1170%2C698&ssl=1&resize=1050%2C600 3x"},"classes":[]},{"id":29536,"url":"https:\/\/noticiasribeiraopreto.com.br\/index.php\/2024\/01\/18\/ecoponto-tera-local-para-lixo-eletronico\/","url_meta":{"origin":69414,"position":1},"title":"Ecoponto ter\u00e1 local\u00a0para lixo eletr\u00f4nico\u00a0","author":"noticiasribeiraopreto.com.br","date":"18 de January de 2024","format":false,"excerpt":"18 de janeiro de 2024 | 16:0018 de janeiro de 2024 | 9:52 0O consumo crescente de eletroeletr\u00f4nicos no Brasil acende um alerta quando se pensa no descarte correto dos equipamentos em desuso. Quinto maior produtor deste tipo de lixo no mundo, segundo dados da pesquisa \u201cRes\u00edduos eletr\u00f4nicos no Brasil\u2026","rel":"","context":"In &quot;Not\u00edcias de Ribeir\u00e3o Preto-SP e Regi\u00e3o&quot;","block_context":{"text":"Not\u00edcias de Ribeir\u00e3o Preto-SP e Regi\u00e3o","link":"https:\/\/noticiasribeiraopreto.com.br\/index.php\/category\/noticias-de-ribeirao-preto-sp-e-regiao-ismael-colosi\/"},"img":{"alt_text":"","src":"https:\/\/i0.wp.com\/noticiasribeiraopreto.com.br\/wp-content\/uploads\/2024\/01\/Ecoponto-Detalhe-Divulgacao-01-scaled.jpeg?fit=968%2C645&ssl=1&resize=350%2C200","width":350,"height":200,"srcset":"https:\/\/i0.wp.com\/noticiasribeiraopreto.com.br\/wp-content\/uploads\/2024\/01\/Ecoponto-Detalhe-Divulgacao-01-scaled.jpeg?fit=968%2C645&ssl=1&resize=350%2C200 1x, https:\/\/i0.wp.com\/noticiasribeiraopreto.com.br\/wp-content\/uploads\/2024\/01\/Ecoponto-Detalhe-Divulgacao-01-scaled.jpeg?fit=968%2C645&ssl=1&resize=525%2C300 1.5x, https:\/\/i0.wp.com\/noticiasribeiraopreto.com.br\/wp-content\/uploads\/2024\/01\/Ecoponto-Detalhe-Divulgacao-01-scaled.jpeg?fit=968%2C645&ssl=1&resize=700%2C400 2x"},"classes":[]},{"id":35168,"url":"https:\/\/noticiasribeiraopreto.com.br\/index.php\/2024\/02\/05\/ouro-nas-alturas-outro-metal-vai-disparar-mais-daqui-para-frente\/","url_meta":{"origin":69414,"position":2},"title":"Ouro nas alturas? Outro metal vai disparar mais daqui para frente","author":"noticiasribeiraopreto.com.br","date":"5 de February de 2024","format":false,"excerpt":"Em uma busca r\u00e1pida no dicion\u00e1rio, um porto \u00e9 definido como \u201ctrecho de mar, rio ou lago pr\u00f3ximo \u00e0 costa, que \u00e9 protegido por ba\u00eda ou enseada, onde as embarca\u00e7\u00f5es podem ter acesso \u00e0 margem\u201d. No mercado financeiro, tamb\u00e9m existem ativos considerados portos \u2014 seguros \u2014 e entre eles est\u00e3o\u2026","rel":"","context":"In &quot;Dinheiro e Investimento&quot;","block_context":{"text":"Dinheiro e Investimento","link":"https:\/\/noticiasribeiraopreto.com.br\/index.php\/category\/dinheiro-e-investimento-como-fazer-como-ganhar\/"},"img":{"alt_text":"","src":"https:\/\/i0.wp.com\/noticiasribeiraopreto.com.br\/wp-content\/uploads\/2024\/02\/shutterstock_1507309259-628x353.jpg?fit=628%2C353&ssl=1&resize=350%2C200","width":350,"height":200,"srcset":"https:\/\/i0.wp.com\/noticiasribeiraopreto.com.br\/wp-content\/uploads\/2024\/02\/shutterstock_1507309259-628x353.jpg?fit=628%2C353&ssl=1&resize=350%2C200 1x, https:\/\/i0.wp.com\/noticiasribeiraopreto.com.br\/wp-content\/uploads\/2024\/02\/shutterstock_1507309259-628x353.jpg?fit=628%2C353&ssl=1&resize=525%2C300 1.5x"},"classes":[]},{"id":36110,"url":"https:\/\/noticiasribeiraopreto.com.br\/index.php\/2024\/02\/08\/ecopontos-recebem-30-toneladas-de-eletronicos-em-cinco-meses\/","url_meta":{"origin":69414,"position":3},"title":"Ecopontos recebem 30 toneladas de eletr\u00f4nicos\u00a0em cinco meses","author":"noticiasribeiraopreto.com.br","date":"8 de February de 2024","format":false,"excerpt":"Para atender \u00e0 popula\u00e7\u00e3o, a prefeitura de Ribeir\u00e3o Preto, em parceria com a Associa\u00e7\u00e3o Brasileira de Reciclagem de Eletroeletr\u00f4nicos e Eletrodom\u00e9sticos (Abree), realiza, desde 23 de setembro do ano passado, a coleta gratuita de eletr\u00f4nicos em todos os ecopontos da cidade.\u00a0 De acordo com a secret\u00e1ria municipal de Infraestrutura, Catherine\u2026","rel":"","context":"In &quot;Not\u00edcias de Ribeir\u00e3o Preto-SP e Regi\u00e3o&quot;","block_context":{"text":"Not\u00edcias de Ribeir\u00e3o Preto-SP e Regi\u00e3o","link":"https:\/\/noticiasribeiraopreto.com.br\/index.php\/category\/noticias-de-ribeirao-preto-sp-e-regiao-ismael-colosi\/"},"img":{"alt_text":"","src":"https:\/\/i0.wp.com\/noticiasribeiraopreto.com.br\/wp-content\/uploads\/2024\/02\/Ecoponto-Divulgacao-01-scaled.jpeg?fit=1000%2C562&ssl=1&resize=350%2C200","width":350,"height":200,"srcset":"https:\/\/i0.wp.com\/noticiasribeiraopreto.com.br\/wp-content\/uploads\/2024\/02\/Ecoponto-Divulgacao-01-scaled.jpeg?fit=1000%2C562&ssl=1&resize=350%2C200 1x, https:\/\/i0.wp.com\/noticiasribeiraopreto.com.br\/wp-content\/uploads\/2024\/02\/Ecoponto-Divulgacao-01-scaled.jpeg?fit=1000%2C562&ssl=1&resize=525%2C300 1.5x, https:\/\/i0.wp.com\/noticiasribeiraopreto.com.br\/wp-content\/uploads\/2024\/02\/Ecoponto-Divulgacao-01-scaled.jpeg?fit=1000%2C562&ssl=1&resize=700%2C400 2x"},"classes":[]},{"id":70385,"url":"https:\/\/noticiasribeiraopreto.com.br\/index.php\/2025\/05\/25\/jornal-da-franca-cruzeiro-basquete-e-basket-osasco-disputam-titulo-da-liga-ouro-e-vaga-para-o-nbb\/","url_meta":{"origin":69414,"position":4},"title":"Jornal da Franca &#8211; Cruzeiro Basquete e Basket Osasco disputam t\u00edtulo da Liga Ouro e vaga para o NBB","author":"noticiasribeiraopreto.com.br","date":"25 de May de 2025","format":false,"excerpt":"compartilhar no whatsapp compartilhar no telegram compartilhar no facebook compartilhar no linkedin As equipes se enfrentam em uma melhor de cinco jogos para definir o campe\u00e3o A Liga Ouro est\u00e1 chegando ao seu momento mais importante, com o Cruzeiro Basquete e o Basket Osasco se enfrentando em uma melhor de\u2026","rel":"","context":"In &quot;Not\u00edcias de Franca-SP&quot;","block_context":{"text":"Not\u00edcias de Franca-SP","link":"https:\/\/noticiasribeiraopreto.com.br\/index.php\/category\/noticias-de-ribeirao-preto-sp-e-regiao-ismael-colosi\/noticias-franca-sp\/"},"img":{"alt_text":"","src":"https:\/\/i0.wp.com\/noticiasribeiraopreto.com.br\/wp-content\/uploads\/2025\/05\/1K0A8698-1200x802-1.jpg?fit=1200%2C802&ssl=1&resize=350%2C200","width":350,"height":200,"srcset":"https:\/\/i0.wp.com\/noticiasribeiraopreto.com.br\/wp-content\/uploads\/2025\/05\/1K0A8698-1200x802-1.jpg?fit=1200%2C802&ssl=1&resize=350%2C200 1x, https:\/\/i0.wp.com\/noticiasribeiraopreto.com.br\/wp-content\/uploads\/2025\/05\/1K0A8698-1200x802-1.jpg?fit=1200%2C802&ssl=1&resize=525%2C300 1.5x, https:\/\/i0.wp.com\/noticiasribeiraopreto.com.br\/wp-content\/uploads\/2025\/05\/1K0A8698-1200x802-1.jpg?fit=1200%2C802&ssl=1&resize=700%2C400 2x, https:\/\/i0.wp.com\/noticiasribeiraopreto.com.br\/wp-content\/uploads\/2025\/05\/1K0A8698-1200x802-1.jpg?fit=1200%2C802&ssl=1&resize=1050%2C600 3x"},"classes":[]},{"id":10320,"url":"https:\/\/noticiasribeiraopreto.com.br\/index.php\/2023\/12\/04\/ouro-bate-recorde-e-analistas-veem-espaco-para-alta-maior-ainda\/","url_meta":{"origin":69414,"position":5},"title":"Ouro bate recorde e analistas veem espa\u00e7o para alta maior ainda","author":"noticiasribeiraopreto.com.br","date":"4 de December de 2023","format":false,"excerpt":"O ouro \u00e9 a cor m\u00e1xima dos recordes. Quando uma marca ol\u00edmpica ou mundial \u00e9 superada e leva a uma conquista ou um atleta ou time se sagra campe\u00e3o, \u00e9 a medalha de ouro que adorna o peito no alto do p\u00f3dio. Hoje, por\u00e9m, \u00e9 o ouro que bate seus\u2026","rel":"","context":"In &quot;Dinheiro e Investimento&quot;","block_context":{"text":"Dinheiro e Investimento","link":"https:\/\/noticiasribeiraopreto.com.br\/index.php\/category\/dinheiro-e-investimento-como-fazer-como-ganhar\/"},"img":{"alt_text":"","src":"https:\/\/i0.wp.com\/noticiasribeiraopreto.com.br\/wp-content\/uploads\/2023\/12\/Bitcoin-BTC-perde-para-a-valorizacao-do-ouro-hoje-628x353.png?fit=628%2C353&ssl=1&resize=350%2C200","width":350,"height":200,"srcset":"https:\/\/i0.wp.com\/noticiasribeiraopreto.com.br\/wp-content\/uploads\/2023\/12\/Bitcoin-BTC-perde-para-a-valorizacao-do-ouro-hoje-628x353.png?fit=628%2C353&ssl=1&resize=350%2C200 1x, https:\/\/i0.wp.com\/noticiasribeiraopreto.com.br\/wp-content\/uploads\/2023\/12\/Bitcoin-BTC-perde-para-a-valorizacao-do-ouro-hoje-628x353.png?fit=628%2C353&ssl=1&resize=525%2C300 1.5x"},"classes":[]}],"jetpack_sharing_enabled":true,"jetpack_shortlink":"https:\/\/wp.me\/peQAOb-i3A","_links":{"self":[{"href":"https:\/\/noticiasribeiraopreto.com.br\/index.php\/wp-json\/wp\/v2\/posts\/69414","targetHints":{"allow":["GET"]}}],"collection":[{"href":"https:\/\/noticiasribeiraopreto.com.br\/index.php\/wp-json\/wp\/v2\/posts"}],"about":[{"href":"https:\/\/noticiasribeiraopreto.com.br\/index.php\/wp-json\/wp\/v2\/types\/post"}],"author":[{"embeddable":true,"href":"https:\/\/noticiasribeiraopreto.com.br\/index.php\/wp-json\/wp\/v2\/users\/1"}],"replies":[{"embeddable":true,"href":"https:\/\/noticiasribeiraopreto.com.br\/index.php\/wp-json\/wp\/v2\/comments?post=69414"}],"version-history":[{"count":0,"href":"https:\/\/noticiasribeiraopreto.com.br\/index.php\/wp-json\/wp\/v2\/posts\/69414\/revisions"}],"wp:featuredmedia":[{"embeddable":true,"href":"https:\/\/noticiasribeiraopreto.com.br\/index.php\/wp-json\/wp\/v2\/media\/69415"}],"wp:attachment":[{"href":"https:\/\/noticiasribeiraopreto.com.br\/index.php\/wp-json\/wp\/v2\/media?parent=69414"}],"wp:term":[{"taxonomy":"category","embeddable":true,"href":"https:\/\/noticiasribeiraopreto.com.br\/index.php\/wp-json\/wp\/v2\/categories?post=69414"},{"taxonomy":"post_tag","embeddable":true,"href":"https:\/\/noticiasribeiraopreto.com.br\/index.php\/wp-json\/wp\/v2\/tags?post=69414"}],"curies":[{"name":"wp","href":"https:\/\/api.w.org\/{rel}","templated":true}]}}