{"id":69429,"date":"2025-05-06T08:32:04","date_gmt":"2025-05-06T11:32:04","guid":{"rendered":"https:\/\/noticiasribeiraopreto.com.br\/index.php\/2025\/05\/06\/usuarios-amargam-prejuizo-de-r-93-mi\/"},"modified":"2025-05-06T08:32:04","modified_gmt":"2025-05-06T11:32:04","slug":"usuarios-amargam-prejuizo-de-r-93-mi","status":"publish","type":"post","link":"https:\/\/noticiasribeiraopreto.com.br\/index.php\/2025\/05\/06\/usuarios-amargam-prejuizo-de-r-93-mi\/","title":{"rendered":"Usu\u00e1rios amargam preju\u00edzo de R$ 9,3 mi \u00a0"},"content":{"rendered":"<div class='code-block code-block-1' style='margin: 8px 0 8px auto; text-align: right; display: block; clear: both;'>\n<p><a href=\"https:\/\/wa.link\/vpicfd\"><img data-recalc-dims=\"1\" class=\"wp-image-4922\" style=\"aspect-ratio: 2.0253164556962027; width: 561px; height: auto;\" src=\"https:\/\/i0.wp.com\/ismaelcolosi.com.br\/wp-content\/uploads\/2023\/11\/grupo-de-empregos-whatsapp-e-facebook-ismael-colosi-vagas.jpg?ssl=1\" alt=\"\" \/><\/a><\/p>\n<!-- \/wp:image -->\n<\/div>\n<p> <br \/>\n<\/p>\n<div id=\"\">\n<p>\n\t\t\t\t\t\t\t\t\t<span class=\"entry-meta-item penci-posted-on\"><i class=\"fa fa-clock-o\"\/><time class=\"entry-date published\" datetime=\"2025-05-06T08:30:51-03:00\">6 de maio de 2025 08:30<\/time><time class=\"updated\" datetime=\"2025-05-05T23:05:14-03:00\">5 de maio de 2025 23:05<\/time><\/span><span class=\"entry-meta-item penci-post-countview\"><span class=\"entry-meta-item penci-post-countview penci_post-meta_item\"><i class=\"fa fa-eye\"\/><span class=\"penci-post-countview-number penci-post-countview-p424834\">0<\/span><\/span><\/span>\t\t\t\t\t\t\t\t<\/p>\n<p><!-- .entry-meta --><br \/>\n\t\t\t\t\t\t\t\t<span class=\"penci-social-buttons penci-social-share-footer\"><span class=\"penci-social-share-text\">Compartilhar<\/span><a href=\"#\" class=\"penci-post-like penci_post-meta_item  single-like-button penci-social-item like\" data-post_id=\"424834\" title=\"Like\" data-like=\"Like\" data-unlike=\"Unlike\"><i class=\"fa fa-thumbs-o-up\"\/><span class=\"penci-share-number\">0<\/span><\/a><i class=\"fa fa-facebook\"\/><a class=\"penci-social-item twitter\" target=\"_blank\" rel=\"noopener\" title=\"\" href=\"https:\/\/twitter.com\/intent\/tweet?text=Usu\u00e1rios%20amargam%20preju\u00edzo%20de%20R$%209,3%20mi%20\u00a0%20-%20https:\/\/www.tribunaribeirao.com.br\/usuarios-amargam-prejuizo-de-r-93-mi\/\"><i class=\"fa fa-twitter\"\/><\/a><i class=\"fa fa-linkedin\"\/><i class=\"fa fa-whatsapp\"\/><i class=\"fa fa-telegram\"\/><i class=\"fa fa-envelope\"\/><\/span>\t\t\t\t\t\t\t<\/div>\n<div>\n<p><span class=\"TextRun SCXW146020214 BCX0\" lang=\"PT-BR\" xml:lang=\"PT-BR\" data-contrast=\"auto\"><span class=\"NormalTextRun SCXW146020214 BCX0\">Desde 12 <\/span><span class=\"NormalTextRun SCXW146020214 BCX0\">de <\/span><span class=\"NormalTextRun SCXW146020214 BCX0\">dezembro de 2022<\/span><span class=\"NormalTextRun SCXW146020214 BCX0\">,<\/span><span class=\"NormalTextRun SCXW146020214 BCX0\"> quando a C\u00e2mara de Vereadores aprovou e o ent\u00e3o prefeito Duarte Nogueira (PSDB) sancionou a lei que estabeleceu o prazo m\u00e1ximo de dois anos para que os usu\u00e1rios do transporte coletivo utilizem os cr\u00e9ditos do Cart\u00e3o Nosso, <\/span><span class=\"NormalTextRun SCXW146020214 BCX0\">R$ 9.337.343,74 <\/span><span class=\"NormalTextRun SCXW146020214 BCX0\">j\u00e1 foram retidos pela prefeitura<\/span> <span class=\"NormalTextRun SCXW146020214 BCX0\">de Ribeir\u00e3o Preto<\/span><span class=\"NormalTextRun SCXW146020214 BCX0\">.<\/span><\/span><span class=\"LineBreakBlob BlobObject DragDrop SCXW146020214 BCX0\"><span class=\"SCXW146020214 BCX0\">\u00a0<\/span><br class=\"SCXW146020214 BCX0\"\/><\/span><span class=\"LineBreakBlob BlobObject DragDrop SCXW146020214 BCX0\"><span class=\"SCXW146020214 BCX0\">\u00a0<\/span><br class=\"SCXW146020214 BCX0\"\/><\/span><span class=\"TextRun SCXW146020214 BCX0\" lang=\"PT-BR\" xml:lang=\"PT-BR\" data-contrast=\"auto\"><span class=\"NormalTextRun SCXW146020214 BCX0\">S\u00e3o <\/span><span class=\"NormalTextRun SCXW146020214 BCX0\">8.891 cart\u00f5es. Ou seja, usu\u00e1rios<\/span><span class=\"NormalTextRun SCXW146020214 BCX0\"> que n\u00e3o utili<\/span><span class=\"NormalTextRun SCXW146020214 BCX0\">zaram os cr\u00e9ditos nos \u00f4nibus do<\/span><\/span><span class=\"TextRun SCXW146020214 BCX0\" lang=\"PT-BR\" xml:lang=\"PT-BR\" data-contrast=\"none\"> <span class=\"NormalTextRun SCXW146020214 BCX0\">Cons\u00f3rcio <\/span><span class=\"NormalTextRun SpellingErrorV2Themed SCXW146020214 BCX0\">Pr\u00f3Urbano<\/span><span class=\"NormalTextRun SCXW146020214 BCX0\"> \u2013 grupo concession\u00e1rio do transporte coletivo urbano na cidade formado <\/span><span class=\"NormalTextRun ContextualSpellingAndGrammarErrorV2Themed SCXW146020214 BCX0\">por R\u00e1pido<\/span><span class=\"NormalTextRun SCXW146020214 BCX0\"> D\u2019Oeste (50%) e <\/span><span class=\"NormalTextRun SpellingErrorV2Themed SCXW146020214 BCX0\">Transcorp<\/span><span class=\"NormalTextRun SCXW146020214 BCX0\"> (50%). <\/span><\/span><span class=\"TextRun SCXW146020214 BCX0\" lang=\"PT-BR\" xml:lang=\"PT-BR\" data-contrast=\"auto\"><span class=\"NormalTextRun SCXW146020214 BCX0\">Os dados incluem os valores vencidos at\u00e9 o m\u00eas de mar\u00e7o deste ano e foram levantados<\/span> <span class=\"NormalTextRun SCXW146020214 BCX0\">\u2013<\/span> <span class=\"NormalTextRun SCXW146020214 BCX0\">a pedido <\/span><span class=\"NormalTextRun SCXW146020214 BCX0\">do Tribuna<\/span> <span class=\"NormalTextRun SCXW146020214 BCX0\">\u2013<\/span> <span class=\"NormalTextRun SCXW146020214 BCX0\">pela atual <\/span><span class=\"NormalTextRun SCXW146020214 BCX0\">gest\u00e3o<\/span><span class=\"NormalTextRun SCXW146020214 BCX0\">, por meio da Secretaria de Administra\u00e7\u00e3o.<\/span><\/span><span class=\"LineBreakBlob BlobObject DragDrop SCXW146020214 BCX0\"><span class=\"SCXW146020214 BCX0\">\u00a0<\/span><br class=\"SCXW146020214 BCX0\"\/><\/span><span class=\"LineBreakBlob BlobObject DragDrop SCXW146020214 BCX0\"><span class=\"SCXW146020214 BCX0\">\u00a0<\/span><br class=\"SCXW146020214 BCX0\"\/><\/span><span class=\"TextRun SCXW146020214 BCX0\" lang=\"PT-BR\" xml:lang=\"PT-BR\" data-contrast=\"auto\"><span class=\"NormalTextRun SCXW146020214 BCX0\">Somente nos tr\u00eas primeiros meses deste ano, venceram cr\u00e9ditos no total de R$ 2.846.967,66, sendo R$ 663.460,67 no m\u00eas de janeiro, R$ 1.335.692,15 <\/span><span class=\"NormalTextRun SpellingErrorV2Themed SCXW146020214 BCX0\">ekjm<\/span><span class=\"NormalTextRun SCXW146020214 BCX0\"> fevereiro <\/span><span class=\"NormalTextRun SCXW146020214 BCX0\">e R$ 847.814,84 em mar\u00e7o. <\/span><span class=\"NormalTextRun SCXW146020214 BCX0\">N<\/span><span class=\"NormalTextRun SCXW146020214 BCX0\">o mesmo per\u00edodo foram depositadas pelos usu\u00e1rios<\/span><span class=\"NormalTextRun SCXW146020214 BCX0\">, em <\/span><span class=\"NormalTextRun SCXW146020214 BCX0\">cerca de 415<\/span><span class=\"NormalTextRun SCXW146020214 BCX0\"> mil car<\/span><span class=\"NormalTextRun SCXW146020214 BCX0\">t<\/span><span class=\"NormalTextRun SCXW146020214 BCX0\">\u00f5es ativos na cidade<\/span><span class=\"NormalTextRun SCXW146020214 BCX0\">,<\/span><span class=\"NormalTextRun SCXW146020214 BCX0\"> R$ 28.983.577,10. A maior parte dos dep\u00f3sitos foi feita pelas empresas pelo Programa Vale Transporte, a que os trabalhadores t\u00eam direito. <\/span><\/span><span class=\"LineBreakBlob BlobObject DragDrop SCXW146020214 BCX0\"><span class=\"SCXW146020214 BCX0\">\u00a0<\/span><br class=\"SCXW146020214 BCX0\"\/><\/span><span class=\"LineBreakBlob BlobObject DragDrop SCXW146020214 BCX0\"><span class=\"SCXW146020214 BCX0\">\u00a0<\/span><br class=\"SCXW146020214 BCX0\"\/><\/span><span class=\"TextRun SCXW146020214 BCX0\" lang=\"PT-BR\" xml:lang=\"PT-BR\" data-contrast=\"auto\"><span class=\"NormalTextRun SCXW146020214 BCX0\">A lei que criou a reten\u00e7\u00e3o do dinheiro estabeleceu que os valores vencidos <\/span><span class=\"NormalTextRun SCXW146020214 BCX0\">sejam<\/span><span class=\"NormalTextRun SCXW146020214 BCX0\"> repassados ao Cons\u00f3rcio <\/span><span class=\"NormalTextRun SpellingErrorV2Themed SCXW146020214 BCX0\">Pr\u00f3Urbano<\/span><span class=\"NormalTextRun SCXW146020214 BCX0\">, <\/span><span class=\"NormalTextRun SCXW146020214 BCX0\">concession\u00e1rio do transporte coletivo urbano na cidade <\/span><span class=\"NormalTextRun SCXW146020214 BCX0\">desde <\/span><span class=\"NormalTextRun SCXW146020214 BCX0\">maio de 2012. <\/span><span class=\"NormalTextRun SCXW146020214 BCX0\">O grupo <\/span><span class=\"NormalTextRun SCXW146020214 BCX0\">opera em Ribeir\u00e3o Preto com <\/span><span class=\"NormalTextRun SCXW146020214 BCX0\">362 \u00f4nibus distribu\u00eddos em 119 linhas. Por dia<\/span><span class=\"NormalTextRun SCXW146020214 BCX0\">,<\/span><span class=\"NormalTextRun SCXW146020214 BCX0\"> transporta cerca de 150 mil passageiros \u2013 n\u00famero de vezes que a catraca gira. <\/span><\/span><span class=\"LineBreakBlob BlobObject DragDrop SCXW146020214 BCX0\"><span class=\"SCXW146020214 BCX0\">\u00a0<\/span><br class=\"SCXW146020214 BCX0\"\/><\/span><span class=\"LineBreakBlob BlobObject DragDrop SCXW146020214 BCX0\"><span class=\"SCXW146020214 BCX0\">\u00a0<\/span><br class=\"SCXW146020214 BCX0\"\/><\/span><span class=\"TextRun SCXW146020214 BCX0\" lang=\"PT-BR\" xml:lang=\"PT-BR\" data-contrast=\"auto\"><span class=\"NormalTextRun SCXW146020214 BCX0\">O<\/span><span class=\"NormalTextRun SCXW146020214 BCX0\">s valores s\u00e3o descontados do subs<\/span><span class=\"NormalTextRun SCXW146020214 BCX0\">\u00ed<\/span><span class=\"NormalTextRun SCXW146020214 BCX0\">dio que a prefeitura faz ao <\/span><span class=\"NormalTextRun SCXW146020214 BCX0\">g<\/span><span class=\"NormalTextRun SCXW146020214 BCX0\">rupo para a manuten\u00e7\u00e3o do transporte coletivo. Em Ribeir\u00e3o Preto, para <\/span><span class=\"NormalTextRun SCXW146020214 BCX0\">n\u00e3o elevar o valor <\/span><span class=\"NormalTextRun SCXW146020214 BCX0\">atual <\/span><span class=\"NormalTextRun SCXW146020214 BCX0\">da <\/span><span class=\"NormalTextRun SCXW146020214 BCX0\">tarifa <\/span><span class=\"NormalTextRun SCXW146020214 BCX0\">e manter a <\/span><span class=\"NormalTextRun SCXW146020214 BCX0\">passagem <\/span><span class=\"NormalTextRun SCXW146020214 BCX0\">em <\/span><span class=\"NormalTextRun SCXW146020214 BCX0\">R$ 5, <\/span><span class=\"NormalTextRun SCXW146020214 BCX0\">o munic\u00edpio desembolsa <\/span><span class=\"NormalTextRun SCXW146020214 BCX0\">R$ 3,45, j\u00e1 que o custo real seria de R$ 8,45. <\/span><\/span><span class=\"LineBreakBlob BlobObject DragDrop SCXW146020214 BCX0\"><span class=\"SCXW146020214 BCX0\">\u00a0<\/span><br class=\"SCXW146020214 BCX0\"\/><\/span><span class=\"LineBreakBlob BlobObject DragDrop SCXW146020214 BCX0\"><span class=\"SCXW146020214 BCX0\">\u00a0<\/span><br class=\"SCXW146020214 BCX0\"\/><\/span><span class=\"TextRun SCXW146020214 BCX0\" lang=\"PT-BR\" xml:lang=\"PT-BR\" data-contrast=\"auto\"><span class=\"NormalTextRun SCXW146020214 BCX0\">Tamb\u00e9m repassa recursos pela gratuidade dos estudantes. Idosos e deficientes. Para saber se tem <\/span><span class=\"NormalTextRun ContextualSpellingAndGrammarErrorV2Themed SCXW146020214 BCX0\">credito<\/span><span class=\"NormalTextRun SCXW146020214 BCX0\"> para vencer o usu\u00e1rio pode procurar os postos de venda do Cons\u00f3rcio <\/span><span class=\"NormalTextRun SpellingErrorV2Themed SCXW146020214 BCX0\">Pr\u00f3Urbano<\/span><span class=\"NormalTextRun SCXW146020214 BCX0\">,<\/span><span class=\"NormalTextRun SCXW146020214 BCX0\"> na <\/span><span class=\"NormalTextRun SCXW146020214 BCX0\">r<\/span><span class=\"NormalTextRun SCXW146020214 BCX0\">ua S\u00e3o Sebasti\u00e3o n\u00ba 1<\/span><span class=\"NormalTextRun SCXW146020214 BCX0\">.<\/span><span class=\"NormalTextRun SCXW146020214 BCX0\">020<\/span><span class=\"NormalTextRun SCXW146020214 BCX0\">.<\/span> <span class=\"NormalTextRun SCXW146020214 BCX0\">no<\/span> <span class=\"NormalTextRun SCXW146020214 BCX0\">C<\/span><span class=\"NormalTextRun SCXW146020214 BCX0\">entro da cidade.<\/span><\/span><span class=\"LineBreakBlob BlobObject DragDrop SCXW146020214 BCX0\"><span class=\"SCXW146020214 BCX0\">\u00a0<\/span><br class=\"SCXW146020214 BCX0\"\/><\/span><span class=\"LineBreakBlob BlobObject DragDrop SCXW146020214 BCX0\"><span class=\"SCXW146020214 BCX0\">\u00a0<\/span><br class=\"SCXW146020214 BCX0\"\/><\/span><span class=\"TextRun SCXW146020214 BCX0\" lang=\"PT-BR\" xml:lang=\"PT-BR\" data-contrast=\"auto\"><span class=\"NormalTextRun SCXW146020214 BCX0\">Discuss\u00e3o antiga<\/span><span class=\"NormalTextRun SCXW146020214 BCX0\"> \u2013 <\/span><\/span><span class=\"TextRun SCXW146020214 BCX0\" lang=\"PT-BR\" xml:lang=\"PT-BR\" data-contrast=\"auto\"><span class=\"NormalTextRun SCXW146020214 BCX0\">O destino dos recursos <\/span><span class=\"NormalTextRun SCXW146020214 BCX0\">d<\/span><span class=\"NormalTextRun SCXW146020214 BCX0\">os cart\u00f5es do transporte coletivo \u00e9 uma discuss\u00e3o antiga na cidade. Em 2019, a C\u00e2mara aprovou decreto legislativo apresentado pelo<\/span><span class=\"NormalTextRun SCXW146020214 BCX0\">s<\/span><span class=\"NormalTextRun SCXW146020214 BCX0\"> ent\u00e3o vereadores Marcos Papa (ent\u00e3o na Rede<\/span><span class=\"NormalTextRun SCXW146020214 BCX0\">, <\/span><span class=\"NormalTextRun SpellingErrorV2Themed SCXW146020214 BCX0\">hije<\/span><span class=\"NormalTextRun SCXW146020214 BCX0\"> no Podemos<\/span><span class=\"NormalTextRun SCXW146020214 BCX0\">) e Nelson <\/span><span class=\"NormalTextRun SCXW146020214 BCX0\">Stefanelli<\/span><span class=\"NormalTextRun SCXW146020214 BCX0\">, o \u201cNelson das Placas\u201d (<\/span><span class=\"NormalTextRun SCXW146020214 BCX0\">ent\u00e3o no <\/span><span class=\"NormalTextRun SCXW146020214 BCX0\">PDT), estabelecendo que o Cons\u00f3rcio <\/span><span class=\"NormalTextRun SpellingErrorV2Themed SCXW146020214 BCX0\">Pr\u00f3Urbano<\/span><span class=\"NormalTextRun SCXW146020214 BCX0\"> fizesse a devolu\u00e7\u00e3o em dinheiro aos usu\u00e1rios com cr\u00e9ditos monet\u00e1rios n\u00e3o utilizados no Cart\u00e3o Nosso. <\/span><\/span><span class=\"LineBreakBlob BlobObject DragDrop SCXW146020214 BCX0\"><span class=\"SCXW146020214 BCX0\">\u00a0<\/span><br class=\"SCXW146020214 BCX0\"\/><\/span><span class=\"LineBreakBlob BlobObject DragDrop SCXW146020214 BCX0\"><span class=\"SCXW146020214 BCX0\">\u00a0<\/span><br class=\"SCXW146020214 BCX0\"\/><\/span><span class=\"TextRun SCXW146020214 BCX0\" lang=\"PT-BR\" xml:lang=\"PT-BR\" data-contrast=\"auto\"><span class=\"NormalTextRun SCXW146020214 BCX0\">Na \u00e9poca, o levantamento indicava que o montante chegava a R$ 21 milh\u00f5es.\u00a0<\/span> <span class=\"NormalTextRun SCXW146020214 BCX0\">O decreto argumentava que, ao proibir a devolu\u00e7\u00e3o, a administra\u00e7\u00e3o municipal desrespeitou o princ\u00edpio da veda\u00e7\u00e3o ao enriquecimento sem causa, por proibir a devolu\u00e7\u00e3o a quem tem direito a estes valores. O assunto acabou indo parar no Minist\u00e9rio P\u00fablico <\/span><span class=\"NormalTextRun SCXW146020214 BCX0\">de S\u00e3o Paulo <\/span><span class=\"NormalTextRun SCXW146020214 BCX0\">(MP<\/span><span class=\"NormalTextRun SCXW146020214 BCX0\">SP<\/span><span class=\"NormalTextRun SCXW146020214 BCX0\">), mas com a aprova\u00e7\u00e3o da lei que criou a reten\u00e7\u00e3o, o assunto foi esquecido pelos parlamentares.<\/span><\/span><span class=\"LineBreakBlob BlobObject DragDrop SCXW146020214 BCX0\"><span class=\"SCXW146020214 BCX0\">\u00a0<\/span><br class=\"SCXW146020214 BCX0\"\/><\/span><span class=\"LineBreakBlob BlobObject DragDrop SCXW146020214 BCX0\"><span class=\"SCXW146020214 BCX0\">\u00a0\u2014-<\/span><br class=\"SCXW146020214 BCX0\"\/><\/span><\/p>\n<p>Jornal Tribuna Ribeir\u00e3o<\/p>\n<p>Um Jornal com a cara de Ribeir\u00e3o!<\/p>\n<p>Impresso | WEB | Redes sociais<\/p>\n<p>\u00a0<\/p>\n<p>Tribuna Ribeir\u00e3o \u2013 Fone: (16) 3632-2200 \u2013 Whatsapp: (16) 98161-8743<\/p>\n<p>Av. Bar\u00e3o do Bananal, 880 \u2013 Jardim Anhanguera, Ribeir\u00e3o Preto<\/p>\n<p>\u00a0<\/p>\n<p>@tribunaribeirao @jornaltribuna<\/p>\n<p>@jornaltribunaribeirao @jornalribeiraopreto<\/p>\n<p>@noticiasribeiraopreto @meiamaratona<\/p>\n<p>@meiamaratonainternacionalderibeiraopreto<\/p>\n<p>@meiamaratonatribunaribeirao<\/p>\n<p>\u00a0<\/p>\n<p>#TribunaRibeir\u00e3o #News #Not\u00edcia #Ribeir\u00e3oPreto #Not\u00edciasDeRibeir\u00e3oPreto #ClassificadosTribunaRibeir\u00e3o #Jornalismo #ClassificadosRibeir\u00e3o<\/p>\n<\/div>\n<p><script async src=\"\/\/platform.twitter.com\/widgets.js\" charset=\"utf-8\"><\/script><br \/>\n<br \/><br \/>\n<br \/><a href=\"https:\/\/www.tribunaribeirao.com.br\/usuarios-amargam-prejuizo-de-r-93-mi\/\">Source link <\/a><\/p>\n<!-- CONTENT END 1 -->\n","protected":false},"excerpt":{"rendered":"<p>6 de maio de 2025 08:305 de maio de 2025 23:050 Compartilhar0 Desde 12 de dezembro de 2022, quando a C\u00e2mara de Vereadores aprovou e&#8230;<\/p>\n","protected":false},"author":1,"featured_media":69430,"comment_status":"open","ping_status":"open","sticky":false,"template":"","format":"standard","meta":{"advanced_seo_description":"","jetpack_seo_html_title":"","jetpack_seo_noindex":false,"jetpack_post_was_ever_published":false,"_jetpack_newsletter_access":"","_jetpack_dont_email_post_to_subs":false,"_jetpack_newsletter_tier_id":0,"_jetpack_memberships_contains_paywalled_content":false,"_jetpack_memberships_contains_paid_content":false,"footnotes":"","jetpack_publicize_message":"","jetpack_publicize_feature_enabled":true,"jetpack_social_post_already_shared":true,"jetpack_social_options":{"image_generator_settings":{"template":"highway","default_image_id":0,"font":"","enabled":false},"version":2}},"categories":[11],"tags":[],"class_list":["post-69429","post","type-post","status-publish","format-standard","has-post-thumbnail","hentry","category-noticias-de-ribeirao-preto-sp-e-regiao-ismael-colosi"],"jetpack_publicize_connections":[],"jetpack_featured_media_url":"https:\/\/i0.wp.com\/noticiasribeiraopreto.com.br\/wp-content\/uploads\/2025\/05\/OnibusRP-Cat-Alfredo-Risk-scaled.jpg?fit=2560%2C1707&ssl=1","jetpack-related-posts":[{"id":47341,"url":"https:\/\/noticiasribeiraopreto.com.br\/index.php\/2024\/04\/25\/bolsa-familia-oferece-r-2-mil-em-maio-descubra-se-voce-esta-na-lista\/","url_meta":{"origin":69429,"position":0},"title":"Bolsa Fam\u00edlia oferece R$ 2 Mil em Maio: Descubra se voc\u00ea est\u00e1 na lista","author":"noticiasribeiraopreto.com.br","date":"25 de April de 2024","format":false,"excerpt":"A recente decis\u00e3o de permitir o ac\u00famulo do Bolsa Fam\u00edlia e dos Benef\u00edcios de Pagamento Cont\u00ednuo (BPC) \u00e9 uma not\u00edcia positiva para os benefici\u00e1rios, pois aumenta a probabilidade de receber mais de 2 mil reais a partir de maio de 2024. O BPC \u00e9 um benef\u00edcio eleg\u00edvel para idosos e\u2026","rel":"","context":"In &quot;Dinheiro e Investimento&quot;","block_context":{"text":"Dinheiro e Investimento","link":"https:\/\/noticiasribeiraopreto.com.br\/index.php\/category\/dinheiro-e-investimento-como-fazer-como-ganhar\/"},"img":{"alt_text":"","src":"https:\/\/i0.wp.com\/noticiasribeiraopreto.com.br\/wp-content\/uploads\/2024\/04\/Design-sem-nome-3.webp.webp?fit=1200%2C630&ssl=1&resize=350%2C200","width":350,"height":200,"srcset":"https:\/\/i0.wp.com\/noticiasribeiraopreto.com.br\/wp-content\/uploads\/2024\/04\/Design-sem-nome-3.webp.webp?fit=1200%2C630&ssl=1&resize=350%2C200 1x, https:\/\/i0.wp.com\/noticiasribeiraopreto.com.br\/wp-content\/uploads\/2024\/04\/Design-sem-nome-3.webp.webp?fit=1200%2C630&ssl=1&resize=525%2C300 1.5x, https:\/\/i0.wp.com\/noticiasribeiraopreto.com.br\/wp-content\/uploads\/2024\/04\/Design-sem-nome-3.webp.webp?fit=1200%2C630&ssl=1&resize=700%2C400 2x, https:\/\/i0.wp.com\/noticiasribeiraopreto.com.br\/wp-content\/uploads\/2024\/04\/Design-sem-nome-3.webp.webp?fit=1200%2C630&ssl=1&resize=1050%2C600 3x"},"classes":[]},{"id":47242,"url":"https:\/\/noticiasribeiraopreto.com.br\/index.php\/2024\/04\/25\/bolsa-familia-governo-divulga-nova-lista-nis-de-contemplados-para-receber-r-800-em-maio-confira-calendario\/","url_meta":{"origin":69429,"position":1},"title":"Bolsa Fam\u00edlia: Governo divulga nova lista NIS de contemplados para receber R$ 800 em MAIO; Confira calend\u00e1rio","author":"noticiasribeiraopreto.com.br","date":"25 de April de 2024","format":false,"excerpt":"O programa Bolsa Fam\u00edlia, que j\u00e1 se tornou parte importante do apoio socioecon\u00f4mico a milhares de fam\u00edlias no Brasil, apresenta novos pagamentos e benef\u00edcios adicionais que ter\u00e3o in\u00edcio no pr\u00f3ximo m\u00eas. Entenda agora como \u00e9 o pagamento e quais s\u00e3o os novos benef\u00edcios para os benefici\u00e1rios. 1. Quando come\u00e7am os\u2026","rel":"","context":"In &quot;Dinheiro e Investimento&quot;","block_context":{"text":"Dinheiro e Investimento","link":"https:\/\/noticiasribeiraopreto.com.br\/index.php\/category\/dinheiro-e-investimento-como-fazer-como-ganhar\/"},"img":{"alt_text":"","src":"https:\/\/i0.wp.com\/noticiasribeiraopreto.com.br\/wp-content\/uploads\/2024\/04\/STARTUP-2.webp.webp?fit=1200%2C630&ssl=1&resize=350%2C200","width":350,"height":200,"srcset":"https:\/\/i0.wp.com\/noticiasribeiraopreto.com.br\/wp-content\/uploads\/2024\/04\/STARTUP-2.webp.webp?fit=1200%2C630&ssl=1&resize=350%2C200 1x, https:\/\/i0.wp.com\/noticiasribeiraopreto.com.br\/wp-content\/uploads\/2024\/04\/STARTUP-2.webp.webp?fit=1200%2C630&ssl=1&resize=525%2C300 1.5x, https:\/\/i0.wp.com\/noticiasribeiraopreto.com.br\/wp-content\/uploads\/2024\/04\/STARTUP-2.webp.webp?fit=1200%2C630&ssl=1&resize=700%2C400 2x, https:\/\/i0.wp.com\/noticiasribeiraopreto.com.br\/wp-content\/uploads\/2024\/04\/STARTUP-2.webp.webp?fit=1200%2C630&ssl=1&resize=1050%2C600 3x"},"classes":[]},{"id":68932,"url":"https:\/\/noticiasribeiraopreto.com.br\/index.php\/2025\/04\/30\/frente-fria-e-queda-da-temperatura-em-maio-veja-previsao-para-o-mes-no-estado-de-sp\/","url_meta":{"origin":69429,"position":2},"title":"Frente fria e queda da temperatura em maio? Veja previs\u00e3o para o m\u00eas no estado de SP","author":"noticiasribeiraopreto.com.br","date":"30 de April de 2025","format":false,"excerpt":"O m\u00eas de maio come\u00e7a nesta quinta-feira (1), feriado do Dia do Trabalho, e a meteorologia divulgou a previs\u00e3o clim\u00e1tica para o per\u00edodo. A Climatempo diz que em maio de 2025 n\u00e3o haver\u00e1 a influ\u00eancia de fen\u00f4menos como El Ni\u00f1o e La Ni\u00f1a, pois ser\u00e1 de neutralidade t\u00e9rmica no Oceano\u2026","rel":"","context":"In &quot;Not\u00edcias de Ribeir\u00e3o Preto-SP e Regi\u00e3o&quot;","block_context":{"text":"Not\u00edcias de Ribeir\u00e3o Preto-SP e Regi\u00e3o","link":"https:\/\/noticiasribeiraopreto.com.br\/index.php\/category\/noticias-de-ribeirao-preto-sp-e-regiao-ismael-colosi\/"},"img":{"alt_text":"","src":"https:\/\/i0.wp.com\/noticiasribeiraopreto.com.br\/wp-content\/uploads\/2025\/04\/ceu_nublado_e_tempo_frio_em_campinas_cxdigo_19_166036-scaled.jpg?fit=1200%2C800&ssl=1&resize=350%2C200","width":350,"height":200,"srcset":"https:\/\/i0.wp.com\/noticiasribeiraopreto.com.br\/wp-content\/uploads\/2025\/04\/ceu_nublado_e_tempo_frio_em_campinas_cxdigo_19_166036-scaled.jpg?fit=1200%2C800&ssl=1&resize=350%2C200 1x, https:\/\/i0.wp.com\/noticiasribeiraopreto.com.br\/wp-content\/uploads\/2025\/04\/ceu_nublado_e_tempo_frio_em_campinas_cxdigo_19_166036-scaled.jpg?fit=1200%2C800&ssl=1&resize=525%2C300 1.5x, https:\/\/i0.wp.com\/noticiasribeiraopreto.com.br\/wp-content\/uploads\/2025\/04\/ceu_nublado_e_tempo_frio_em_campinas_cxdigo_19_166036-scaled.jpg?fit=1200%2C800&ssl=1&resize=700%2C400 2x, https:\/\/i0.wp.com\/noticiasribeiraopreto.com.br\/wp-content\/uploads\/2025\/04\/ceu_nublado_e_tempo_frio_em_campinas_cxdigo_19_166036-scaled.jpg?fit=1200%2C800&ssl=1&resize=1050%2C600 3x"},"classes":[]},{"id":14115,"url":"https:\/\/noticiasribeiraopreto.com.br\/index.php\/2023\/12\/11\/obras-do-corredor-de-onibus-castelo-branco-13-de-maio-estao-em-andamento\/","url_meta":{"origin":69429,"position":3},"title":"Obras do corredor de \u00f4nibus Castelo Branco\/ 13 de Maio est\u00e3o em andamento \u2013 Folha de Ribeir\u00e3o","author":"noticiasribeiraopreto.com.br","date":"11 de December de 2023","format":false,"excerpt":"As obras do corredor de \u00f4nibus das avenidas Castelo Branco\/ 13 de Maio est\u00e3o\u00a0em ritmo acelerado, com mais de 40% do projeto conclu\u00eddo. Com previs\u00e3o para ser entregue em setembro de 2024, os trabalhos est\u00e3o concentrados na reconstru\u00e7\u00e3o do pavimento dos corredores na avenida Le\u00e3o XIII e, nas marginais da\u2026","rel":"","context":"In &quot;Not\u00edcias de Ribeir\u00e3o Preto-SP e Regi\u00e3o&quot;","block_context":{"text":"Not\u00edcias de Ribeir\u00e3o Preto-SP e Regi\u00e3o","link":"https:\/\/noticiasribeiraopreto.com.br\/index.php\/category\/noticias-de-ribeirao-preto-sp-e-regiao-ismael-colosi\/"},"img":{"alt_text":"","src":"https:\/\/i0.wp.com\/noticiasribeiraopreto.com.br\/wp-content\/uploads\/2023\/12\/obras_corredor_castelo_branco_-_foto_guilherme_sircili_5.jpg?fit=1200%2C800&ssl=1&resize=350%2C200","width":350,"height":200,"srcset":"https:\/\/i0.wp.com\/noticiasribeiraopreto.com.br\/wp-content\/uploads\/2023\/12\/obras_corredor_castelo_branco_-_foto_guilherme_sircili_5.jpg?fit=1200%2C800&ssl=1&resize=350%2C200 1x, https:\/\/i0.wp.com\/noticiasribeiraopreto.com.br\/wp-content\/uploads\/2023\/12\/obras_corredor_castelo_branco_-_foto_guilherme_sircili_5.jpg?fit=1200%2C800&ssl=1&resize=525%2C300 1.5x, https:\/\/i0.wp.com\/noticiasribeiraopreto.com.br\/wp-content\/uploads\/2023\/12\/obras_corredor_castelo_branco_-_foto_guilherme_sircili_5.jpg?fit=1200%2C800&ssl=1&resize=700%2C400 2x, https:\/\/i0.wp.com\/noticiasribeiraopreto.com.br\/wp-content\/uploads\/2023\/12\/obras_corredor_castelo_branco_-_foto_guilherme_sircili_5.jpg?fit=1200%2C800&ssl=1&resize=1050%2C600 3x"},"classes":[]},{"id":70198,"url":"https:\/\/noticiasribeiraopreto.com.br\/index.php\/2025\/05\/23\/inss-devolvera-descontos-indevidos-de-abril-a-partir-de-segunda-feira\/","url_meta":{"origin":69429,"position":4},"title":"INSS devolver\u00e1 descontos indevidos de abril a partir de segunda-feira","author":"noticiasribeiraopreto.com.br","date":"23 de May de 2025","format":false,"excerpt":"23 de maio de 2025 15:551 Compartilhar0 Todos os aposentados e pensionistas do INSS que sofreram algum desconto de mensalidade associativa na folha de pagamentos referente a abril ter\u00e3o os valores devolvidos a partir desta segunda-feira, 26 de maio. Ser\u00e3o reembolsados, ao todo, R$ 292 milh\u00f5es aos benefici\u00e1rios. No fim\u2026","rel":"","context":"In &quot;Not\u00edcias de Ribeir\u00e3o Preto-SP e Regi\u00e3o&quot;","block_context":{"text":"Not\u00edcias de Ribeir\u00e3o Preto-SP e Regi\u00e3o","link":"https:\/\/noticiasribeiraopreto.com.br\/index.php\/category\/noticias-de-ribeirao-preto-sp-e-regiao-ismael-colosi\/"},"img":{"alt_text":"","src":"https:\/\/i0.wp.com\/noticiasribeiraopreto.com.br\/wp-content\/uploads\/2025\/05\/Como-consultar-beneficio-por-incapacidade-INSS.jpg?fit=1200%2C729&ssl=1&resize=350%2C200","width":350,"height":200,"srcset":"https:\/\/i0.wp.com\/noticiasribeiraopreto.com.br\/wp-content\/uploads\/2025\/05\/Como-consultar-beneficio-por-incapacidade-INSS.jpg?fit=1200%2C729&ssl=1&resize=350%2C200 1x, https:\/\/i0.wp.com\/noticiasribeiraopreto.com.br\/wp-content\/uploads\/2025\/05\/Como-consultar-beneficio-por-incapacidade-INSS.jpg?fit=1200%2C729&ssl=1&resize=525%2C300 1.5x, https:\/\/i0.wp.com\/noticiasribeiraopreto.com.br\/wp-content\/uploads\/2025\/05\/Como-consultar-beneficio-por-incapacidade-INSS.jpg?fit=1200%2C729&ssl=1&resize=700%2C400 2x, https:\/\/i0.wp.com\/noticiasribeiraopreto.com.br\/wp-content\/uploads\/2025\/05\/Como-consultar-beneficio-por-incapacidade-INSS.jpg?fit=1200%2C729&ssl=1&resize=1050%2C600 3x"},"classes":[]},{"id":69907,"url":"https:\/\/noticiasribeiraopreto.com.br\/index.php\/2025\/05\/10\/ribeirao-preto-recebe-projeto-que-leva-palestras-cientificas-aos-bares\/","url_meta":{"origin":69429,"position":5},"title":"Ribeir\u00e3o Preto recebe projeto que leva palestras cient\u00edficas aos bares","author":"noticiasribeiraopreto.com.br","date":"10 de May de 2025","format":false,"excerpt":"Entre os dias 19 a 21 de maio, sempre \u00e0s 19h, cientistas e pesquisadores do projeto Pint Of Science ir\u00e3o se apresentar em quatro bares e cervejarias de Ribeir\u00e3o Preto com palestras e mesas redondas sobre suas descobertas e \u00e1reas de conhecimento. Neste ano, o projeto comemora 10 anos no\u2026","rel":"","context":"In &quot;Not\u00edcias de Ribeir\u00e3o Preto-SP e Regi\u00e3o&quot;","block_context":{"text":"Not\u00edcias de Ribeir\u00e3o Preto-SP e Regi\u00e3o","link":"https:\/\/noticiasribeiraopreto.com.br\/index.php\/category\/noticias-de-ribeirao-preto-sp-e-regiao-ismael-colosi\/"},"img":{"alt_text":"","src":"https:\/\/i0.wp.com\/noticiasribeiraopreto.com.br\/wp-content\/uploads\/2025\/05\/Pint-Of-Science-158-_2025-05-10_14-18-29.webp.webp?fit=1200%2C675&ssl=1&resize=350%2C200","width":350,"height":200,"srcset":"https:\/\/i0.wp.com\/noticiasribeiraopreto.com.br\/wp-content\/uploads\/2025\/05\/Pint-Of-Science-158-_2025-05-10_14-18-29.webp.webp?fit=1200%2C675&ssl=1&resize=350%2C200 1x, https:\/\/i0.wp.com\/noticiasribeiraopreto.com.br\/wp-content\/uploads\/2025\/05\/Pint-Of-Science-158-_2025-05-10_14-18-29.webp.webp?fit=1200%2C675&ssl=1&resize=525%2C300 1.5x, https:\/\/i0.wp.com\/noticiasribeiraopreto.com.br\/wp-content\/uploads\/2025\/05\/Pint-Of-Science-158-_2025-05-10_14-18-29.webp.webp?fit=1200%2C675&ssl=1&resize=700%2C400 2x, https:\/\/i0.wp.com\/noticiasribeiraopreto.com.br\/wp-content\/uploads\/2025\/05\/Pint-Of-Science-158-_2025-05-10_14-18-29.webp.webp?fit=1200%2C675&ssl=1&resize=1050%2C600 3x"},"classes":[]}],"jetpack_sharing_enabled":true,"jetpack_shortlink":"https:\/\/wp.me\/peQAOb-i3P","_links":{"self":[{"href":"https:\/\/noticiasribeiraopreto.com.br\/index.php\/wp-json\/wp\/v2\/posts\/69429","targetHints":{"allow":["GET"]}}],"collection":[{"href":"https:\/\/noticiasribeiraopreto.com.br\/index.php\/wp-json\/wp\/v2\/posts"}],"about":[{"href":"https:\/\/noticiasribeiraopreto.com.br\/index.php\/wp-json\/wp\/v2\/types\/post"}],"author":[{"embeddable":true,"href":"https:\/\/noticiasribeiraopreto.com.br\/index.php\/wp-json\/wp\/v2\/users\/1"}],"replies":[{"embeddable":true,"href":"https:\/\/noticiasribeiraopreto.com.br\/index.php\/wp-json\/wp\/v2\/comments?post=69429"}],"version-history":[{"count":0,"href":"https:\/\/noticiasribeiraopreto.com.br\/index.php\/wp-json\/wp\/v2\/posts\/69429\/revisions"}],"wp:featuredmedia":[{"embeddable":true,"href":"https:\/\/noticiasribeiraopreto.com.br\/index.php\/wp-json\/wp\/v2\/media\/69430"}],"wp:attachment":[{"href":"https:\/\/noticiasribeiraopreto.com.br\/index.php\/wp-json\/wp\/v2\/media?parent=69429"}],"wp:term":[{"taxonomy":"category","embeddable":true,"href":"https:\/\/noticiasribeiraopreto.com.br\/index.php\/wp-json\/wp\/v2\/categories?post=69429"},{"taxonomy":"post_tag","embeddable":true,"href":"https:\/\/noticiasribeiraopreto.com.br\/index.php\/wp-json\/wp\/v2\/tags?post=69429"}],"curies":[{"name":"wp","href":"https:\/\/api.w.org\/{rel}","templated":true}]}}