{"id":69433,"date":"2025-05-06T09:31:29","date_gmt":"2025-05-06T12:31:29","guid":{"rendered":"https:\/\/noticiasribeiraopreto.com.br\/index.php\/2025\/05\/06\/ressarcimento-para-aposentados-pode-envolver-o-tesouro\/"},"modified":"2025-05-06T09:31:29","modified_gmt":"2025-05-06T12:31:29","slug":"ressarcimento-para-aposentados-pode-envolver-o-tesouro","status":"publish","type":"post","link":"https:\/\/noticiasribeiraopreto.com.br\/index.php\/2025\/05\/06\/ressarcimento-para-aposentados-pode-envolver-o-tesouro\/","title":{"rendered":"Ressarcimento para aposentados pode envolver o Tesouro\u00a0"},"content":{"rendered":"<div class='code-block code-block-1' style='margin: 8px 0 8px auto; text-align: right; display: block; clear: both;'>\n<p><a href=\"https:\/\/wa.link\/vpicfd\"><img data-recalc-dims=\"1\" class=\"wp-image-4922\" style=\"aspect-ratio: 2.0253164556962027; width: 561px; height: auto;\" src=\"https:\/\/i0.wp.com\/ismaelcolosi.com.br\/wp-content\/uploads\/2023\/11\/grupo-de-empregos-whatsapp-e-facebook-ismael-colosi-vagas.jpg?ssl=1\" alt=\"\" \/><\/a><\/p>\n<!-- \/wp:image -->\n<\/div>\n<p> <br \/>\n<\/p>\n<div id=\"\">\n<p>\n\t\t\t\t\t\t\t\t\t<span class=\"entry-meta-item penci-posted-on\"><i class=\"fa fa-clock-o\"\/><time class=\"entry-date published\" datetime=\"2025-05-06T09:30:52-03:00\">6 de maio de 2025 09:30<\/time><time class=\"updated\" datetime=\"2025-05-05T23:04:28-03:00\">5 de maio de 2025 23:04<\/time><\/span><span class=\"entry-meta-item penci-post-countview\"><span class=\"entry-meta-item penci-post-countview penci_post-meta_item\"><i class=\"fa fa-eye\"\/><span class=\"penci-post-countview-number penci-post-countview-p424837\">7<\/span><\/span><\/span>\t\t\t\t\t\t\t\t<\/p>\n<p><!-- .entry-meta --><br \/>\n\t\t\t\t\t\t\t\t<span class=\"penci-social-buttons penci-social-share-footer\"><span class=\"penci-social-share-text\">Compartilhar<\/span><a href=\"#\" class=\"penci-post-like penci_post-meta_item  single-like-button penci-social-item like\" data-post_id=\"424837\" title=\"Like\" data-like=\"Like\" data-unlike=\"Unlike\"><i class=\"fa fa-thumbs-o-up\"\/><span class=\"penci-share-number\">0<\/span><\/a><i class=\"fa fa-facebook\"\/><a class=\"penci-social-item twitter\" target=\"_blank\" rel=\"noopener\" title=\"\" href=\"https:\/\/twitter.com\/intent\/tweet?text=Ressarcimento%20para%20aposentados%20pode%20envolver%20o%20Tesouro\u00a0%20-%20https:\/\/www.tribunaribeirao.com.br\/ressarcimento-para-os-aposentados-pode-envolver-o-tesouro\/\"><i class=\"fa fa-twitter\"\/><\/a><i class=\"fa fa-linkedin\"\/><i class=\"fa fa-whatsapp\"\/><i class=\"fa fa-telegram\"\/><i class=\"fa fa-envelope\"\/><\/span>\t\t\t\t\t\t\t<\/div>\n<div>\n<p><span class=\"TextRun SCXW180378643 BCX0\" lang=\"PT-BR\" xml:lang=\"PT-BR\" data-contrast=\"auto\"><span class=\"NormalTextRun SCXW180378643 BCX0\">O novo presidente do Instituto Nacional do Seguro Social (INSS), Gilberto <\/span><span class=\"NormalTextRun SCXW180378643 BCX0\">Waller<\/span><span class=\"NormalTextRun SCXW180378643 BCX0\"> J\u00fanior, afirmou, nesta segunda-feira, 5<\/span><span class=\"NormalTextRun SCXW180378643 BCX0\"> de maio<\/span><span class=\"NormalTextRun SCXW180378643 BCX0\">, que o governo ir\u00e1 cobrar ressarcimento dos conglomerados de empresas envolvidos nos descontos indevidos em aposentadorias e pens\u00f5es. \u201cVamos buscar recursos nos s\u00f3cios e conglomerados de empresas para ressarcir\u201d, declarou. <\/span><\/span><span class=\"LineBreakBlob BlobObject DragDrop SCXW180378643 BCX0\"><span class=\"SCXW180378643 BCX0\">\u00a0<\/span><br class=\"SCXW180378643 BCX0\"\/><\/span><span class=\"LineBreakBlob BlobObject DragDrop SCXW180378643 BCX0\"><span class=\"SCXW180378643 BCX0\">\u00a0<\/span><br class=\"SCXW180378643 BCX0\"\/><\/span><span class=\"TextRun SCXW180378643 BCX0\" lang=\"PT-BR\" xml:lang=\"PT-BR\" data-contrast=\"auto\"><span class=\"NormalTextRun SCXW180378643 BCX0\">Segundo ele, o pagamento aos segurados prejudicados deve come\u00e7ar ainda nesta semana.<\/span> <span class=\"NormalTextRun SCXW180378643 BCX0\">As declara\u00e7\u00f5es foram dadas em entrevista \u00e0 <\/span><span class=\"NormalTextRun SCXW180378643 BCX0\">GloboNews<\/span><span class=\"NormalTextRun SCXW180378643 BCX0\">, na qual <\/span><span class=\"NormalTextRun SCXW180378643 BCX0\">Waller<\/span><span class=\"NormalTextRun SCXW180378643 BCX0\"> J\u00fanior afirmou que caso os recursos n\u00e3o sejam suficientes ou dispon\u00edveis de imediato, a administra\u00e7\u00e3o p\u00fablica poder\u00e1 assumir a responsabilidade pelo pagamento. <\/span><\/span><span class=\"LineBreakBlob BlobObject DragDrop SCXW180378643 BCX0\"><span class=\"SCXW180378643 BCX0\">\u00a0<\/span><br class=\"SCXW180378643 BCX0\"\/><\/span><span class=\"LineBreakBlob BlobObject DragDrop SCXW180378643 BCX0\"><span class=\"SCXW180378643 BCX0\">\u00a0<\/span><br class=\"SCXW180378643 BCX0\"\/><\/span><span class=\"TextRun SCXW180378643 BCX0\" lang=\"PT-BR\" xml:lang=\"PT-BR\" data-contrast=\"auto\"><span class=\"NormalTextRun SCXW180378643 BCX0\">\u201cO segundo passo \u00e9 que a administra\u00e7\u00e3o p\u00fablica vai arcar com o restante que n\u00e3o conseguiu essa restitui\u00e7\u00e3o. Aparentemente sim, aparentemente isso \u00e9 uma <\/span><span class=\"NormalTextRun SCXW180378643 BCX0\">consequ\u00eancia<\/span><span class=\"NormalTextRun SCXW180378643 BCX0\">\u201c, disse.<\/span> <span class=\"NormalTextRun SCXW180378643 BCX0\">Questionado sobre a possibilidade de o Tesouro Nacional ser acionado para viabilizar os pagamentos, <\/span><span class=\"NormalTextRun SCXW180378643 BCX0\">Waller<\/span><span class=\"NormalTextRun SCXW180378643 BCX0\"> n\u00e3o descartou a hip\u00f3tese. <\/span><\/span><span class=\"LineBreakBlob BlobObject DragDrop SCXW180378643 BCX0\"><span class=\"SCXW180378643 BCX0\">\u00a0<\/span><br class=\"SCXW180378643 BCX0\"\/><\/span><span class=\"LineBreakBlob BlobObject DragDrop SCXW180378643 BCX0\"><span class=\"SCXW180378643 BCX0\">\u00a0<\/span><br class=\"SCXW180378643 BCX0\"\/><\/span><span class=\"TextRun SCXW180378643 BCX0\" lang=\"PT-BR\" xml:lang=\"PT-BR\" data-contrast=\"auto\"><span class=\"NormalTextRun SCXW180378643 BCX0\">\u201cN\u00e3o d\u00e1 para garantir que Tesouro fique fora; estamos estudando m\u00e9todo de ressarcimento\u201d, disse. O tema \u00e9 acompanhado de perto por integrantes da equipe econ\u00f4mica por seu potencial impacto fiscal.<\/span> <span class=\"NormalTextRun SCXW180378643 BCX0\">Ele indicou tamb\u00e9m que o formato do pagamento ainda est\u00e1 sendo debatido. \u201cEstamos discutindo como ressarcir, se parcelado, ou n\u00e3o\u201d.<\/span><\/span><span class=\"LineBreakBlob BlobObject DragDrop SCXW180378643 BCX0\"><span class=\"SCXW180378643 BCX0\">\u00a0<\/span><br class=\"SCXW180378643 BCX0\"\/><\/span><span class=\"LineBreakBlob BlobObject DragDrop SCXW180378643 BCX0\"><span class=\"SCXW180378643 BCX0\">\u00a0<\/span><br class=\"SCXW180378643 BCX0\"\/><\/span><span class=\"TextRun SCXW180378643 BCX0\" lang=\"PT-BR\" xml:lang=\"PT-BR\" data-contrast=\"auto\"><span class=\"NormalTextRun SCXW180378643 BCX0\">O presidente do INSS tamb\u00e9m destacou que a prioridade do governo federal, segundo orienta\u00e7\u00e3o direta do presidente Luiz In\u00e1cio Lula da Silva, \u00e9 proteger os aposentados e pensionistas prejudicados. \u201cA determina\u00e7\u00e3o de Lula \u00e9 que segurado seja colhido, protegido\u201d, afirmou. \u201cO presidente exigiu agilidade no ressarcimento de aposentados e pensionistas\u201d.<\/span><\/span><span class=\"LineBreakBlob BlobObject DragDrop SCXW180378643 BCX0\"><span class=\"SCXW180378643 BCX0\">\u00a0<\/span><br class=\"SCXW180378643 BCX0\"\/><\/span><span class=\"LineBreakBlob BlobObject DragDrop SCXW180378643 BCX0\"><span class=\"SCXW180378643 BCX0\">\u00a0<\/span><br class=\"SCXW180378643 BCX0\"\/><\/span><span class=\"TextRun SCXW180378643 BCX0\" lang=\"PT-BR\" xml:lang=\"PT-BR\" data-contrast=\"auto\"><span class=\"NormalTextRun SCXW180378643 BCX0\">Waller<\/span><span class=\"NormalTextRun SCXW180378643 BCX0\"> J\u00fanior tamb\u00e9m reconheceu falhas internas no sistema de dados da autarquia e prometeu medidas corretivas. \u201cVamos disciplinar o INSS em rela\u00e7\u00e3o \u00e0s fragilidades de dados cadastrais dos segurados\u201d, prometeu. Segundo ele, h\u00e1 reuni\u00f5es <\/span><span class=\"NormalTextRun SCXW180378643 BCX0\">frequentes<\/span><span class=\"NormalTextRun SCXW180378643 BCX0\"> com \u00f3rg\u00e3os de controle para monitorar a situa\u00e7\u00e3o. \u201cTodo final de semana estamos nos reunindo com os \u00f3rg\u00e3os de <\/span><span class=\"NormalTextRun SCXW180378643 BCX0\">controle para identificar fragilidades\u201d.<\/span><\/span><span class=\"LineBreakBlob BlobObject DragDrop SCXW180378643 BCX0\"><span class=\"SCXW180378643 BCX0\">\u00a0<\/span><br class=\"SCXW180378643 BCX0\"\/><\/span><span class=\"LineBreakBlob BlobObject DragDrop SCXW180378643 BCX0\"><span class=\"SCXW180378643 BCX0\">\u00a0<\/span><br class=\"SCXW180378643 BCX0\"\/><\/span><span class=\"TextRun SCXW180378643 BCX0\" lang=\"PT-BR\" xml:lang=\"PT-BR\" data-contrast=\"auto\"><span class=\"NormalTextRun SCXW180378643 BCX0\">O ministro da Previd\u00eancia Social, Carlos <\/span><span class=\"NormalTextRun SCXW180378643 BCX0\">Lupi<\/span><span class=\"NormalTextRun SCXW180378643 BCX0\">, pediu demiss\u00e3o do cargo na sexta-feira<\/span><span class=\"NormalTextRun SCXW180378643 BCX0\"> (2) <\/span><span class=\"NormalTextRun SCXW180378643 BCX0\">ap\u00f3s reuni\u00e3o com o presidente Luiz In\u00e1cio Lula da Silva (PT). A sa\u00edda \u00e9 <\/span><span class=\"NormalTextRun SCXW180378643 BCX0\">consequ\u00eancia<\/span><span class=\"NormalTextRun SCXW180378643 BCX0\"> do esc\u00e2ndalo dos descontos indevidos de aposentados e pensionistas do <\/span><span class=\"NormalTextRun SCXW180378643 BCX0\">INSS.<\/span><span class=\"NormalTextRun SCXW180378643 BCX0\">O<\/span><span class=\"NormalTextRun SCXW180378643 BCX0\"> atual secret\u00e1rio-executivo da pasta, <\/span><span class=\"NormalTextRun SCXW180378643 BCX0\">Wolney<\/span><span class=\"NormalTextRun SCXW180378643 BCX0\"> Queiroz, que tamb\u00e9m \u00e9 um quadro do PDT<\/span><span class=\"NormalTextRun SCXW180378643 BCX0\">, assumiu o cargo<\/span><span class=\"NormalTextRun SCXW180378643 BCX0\">. <\/span><\/span><span class=\"LineBreakBlob BlobObject DragDrop SCXW180378643 BCX0\"><span class=\"SCXW180378643 BCX0\">\u00a0<\/span><br class=\"SCXW180378643 BCX0\"\/><\/span><span class=\"LineBreakBlob BlobObject DragDrop SCXW180378643 BCX0\"><span class=\"SCXW180378643 BCX0\">\u00a0<\/span><br class=\"SCXW180378643 BCX0\"\/><\/span><span class=\"TextRun SCXW180378643 BCX0\" lang=\"PT-BR\" xml:lang=\"PT-BR\" data-contrast=\"auto\"><span class=\"NormalTextRun SCXW180378643 BCX0\">A Pol\u00edcia Federal e a Controladoria-Geral da Uni\u00e3o (CGU) realizaram, em 23 de abril, a Opera\u00e7\u00e3o Sem Desconto, fruto de uma investiga\u00e7\u00e3o que aponta um esquema fraudulento de dedu\u00e7\u00f5es indevidas em benef\u00edcios de aposentados e pensionistas do INSS.<\/span><\/span><span class=\"LineBreakBlob BlobObject DragDrop SCXW180378643 BCX0\"><span class=\"SCXW180378643 BCX0\">\u00a0<\/span><br class=\"SCXW180378643 BCX0\"\/><\/span><span class=\"LineBreakBlob BlobObject DragDrop SCXW180378643 BCX0\"><span class=\"SCXW180378643 BCX0\">\u00a0<\/span><br class=\"SCXW180378643 BCX0\"\/><\/span><span class=\"TextRun SCXW180378643 BCX0\" lang=\"PT-BR\" xml:lang=\"PT-BR\" data-contrast=\"auto\"><span class=\"NormalTextRun SCXW180378643 BCX0\">Associa\u00e7\u00f5es e sindicatos faziam descontos em folha dos benef\u00edcios a partir de acordos de coopera\u00e7\u00e3o t\u00e9cnica firmados com o INSS. Em muitos casos, as retiradas mensais ocorriam sem qualquer aval ou ci\u00eancia do benefici\u00e1rio.<\/span> <span class=\"NormalTextRun SCXW180378643 BCX0\">O valor estimado em cobran\u00e7as irregulares soma R$ 6,3 bilh\u00f5es entre 2019 e 2024, segundo a PF. <\/span><\/span><span class=\"LineBreakBlob BlobObject DragDrop SCXW180378643 BCX0\"><span class=\"SCXW180378643 BCX0\">\u00a0<\/span><br class=\"SCXW180378643 BCX0\"\/><\/span><span class=\"LineBreakBlob BlobObject DragDrop SCXW180378643 BCX0\"><span class=\"SCXW180378643 BCX0\">\u00a0<\/span><br class=\"SCXW180378643 BCX0\"\/><\/span><span class=\"TextRun SCXW180378643 BCX0\" lang=\"PT-BR\" xml:lang=\"PT-BR\" data-contrast=\"auto\"><span class=\"NormalTextRun SCXW180378643 BCX0\">Se retroagir a data at\u00e9 2016, esse valor sobe para quase R$ 8 bilh\u00f5es referentes a descontos sem autoriza\u00e7\u00e3o. <\/span><span class=\"NormalTextRun SCXW180378643 BCX0\">Cerca de 4,1 milh\u00f5es de benefici\u00e1rios foram lesados, 10% dos 41 milh\u00f5es atendidos pelo INSS. <\/span><span class=\"NormalTextRun SCXW180378643 BCX0\">Cerca de 97,5<\/span><span class=\"NormalTextRun SCXW180378643 BCX0\">% n\u00e3o autorizaram os descontos.<\/span><\/span><span class=\"LineBreakBlob BlobObject DragDrop SCXW180378643 BCX0\"><span class=\"SCXW180378643 BCX0\">\u00a0<\/span><br class=\"SCXW180378643 BCX0\"\/><\/span><span class=\"LineBreakBlob BlobObject DragDrop SCXW180378643 BCX0\"><span class=\"SCXW180378643 BCX0\">\u00a0<\/span><br class=\"SCXW180378643 BCX0\"\/><\/span><span class=\"TextRun Underlined SCXW180378643 BCX0\" lang=\"PT-BR\" xml:lang=\"PT-BR\" data-contrast=\"auto\"><span class=\"NormalTextRun SCXW180378643 BCX0\">Mateus Cerqueira<\/span><span class=\"NormalTextRun SCXW180378643 BCX0\"> (AE<\/span><span class=\"NormalTextRun SCXW180378643 BCX0\">)<\/span><\/span><span class=\"LineBreakBlob BlobObject DragDrop SCXW180378643 BCX0\"><span class=\"SCXW180378643 BCX0\">\u00a0<\/span><\/span><\/p>\n<\/div>\n<p><script async src=\"\/\/platform.twitter.com\/widgets.js\" charset=\"utf-8\"><\/script><br \/>\n<br \/><br \/>\n<br \/><a href=\"https:\/\/www.tribunaribeirao.com.br\/ressarcimento-para-os-aposentados-pode-envolver-o-tesouro\/\">Source link <\/a><\/p>\n<!-- CONTENT END 1 -->\n","protected":false},"excerpt":{"rendered":"<p>6 de maio de 2025 09:305 de maio de 2025 23:047 Compartilhar0 O novo presidente do Instituto Nacional do Seguro Social (INSS), Gilberto Waller J\u00fanior,&#8230;<\/p>\n","protected":false},"author":1,"featured_media":69434,"comment_status":"open","ping_status":"open","sticky":false,"template":"","format":"standard","meta":{"advanced_seo_description":"","jetpack_seo_html_title":"","jetpack_seo_noindex":false,"jetpack_post_was_ever_published":false,"_jetpack_newsletter_access":"","_jetpack_dont_email_post_to_subs":false,"_jetpack_newsletter_tier_id":0,"_jetpack_memberships_contains_paywalled_content":false,"_jetpack_memberships_contains_paid_content":false,"footnotes":"","jetpack_publicize_message":"","jetpack_publicize_feature_enabled":true,"jetpack_social_post_already_shared":true,"jetpack_social_options":{"image_generator_settings":{"template":"highway","default_image_id":0,"font":"","enabled":false},"version":2}},"categories":[11],"tags":[],"class_list":["post-69433","post","type-post","status-publish","format-standard","has-post-thumbnail","hentry","category-noticias-de-ribeirao-preto-sp-e-regiao-ismael-colosi"],"jetpack_publicize_connections":[],"jetpack_featured_media_url":"https:\/\/i0.wp.com\/noticiasribeiraopreto.com.br\/wp-content\/uploads\/2025\/05\/FraudeINSS-CGU-Divulgacao.jpg?fit=1170%2C700&ssl=1","jetpack-related-posts":[{"id":47341,"url":"https:\/\/noticiasribeiraopreto.com.br\/index.php\/2024\/04\/25\/bolsa-familia-oferece-r-2-mil-em-maio-descubra-se-voce-esta-na-lista\/","url_meta":{"origin":69433,"position":0},"title":"Bolsa Fam\u00edlia oferece R$ 2 Mil em Maio: Descubra se voc\u00ea est\u00e1 na lista","author":"noticiasribeiraopreto.com.br","date":"25 de April de 2024","format":false,"excerpt":"A recente decis\u00e3o de permitir o ac\u00famulo do Bolsa Fam\u00edlia e dos Benef\u00edcios de Pagamento Cont\u00ednuo (BPC) \u00e9 uma not\u00edcia positiva para os benefici\u00e1rios, pois aumenta a probabilidade de receber mais de 2 mil reais a partir de maio de 2024. O BPC \u00e9 um benef\u00edcio eleg\u00edvel para idosos e\u2026","rel":"","context":"In &quot;Dinheiro e Investimento&quot;","block_context":{"text":"Dinheiro e Investimento","link":"https:\/\/noticiasribeiraopreto.com.br\/index.php\/category\/dinheiro-e-investimento-como-fazer-como-ganhar\/"},"img":{"alt_text":"","src":"https:\/\/i0.wp.com\/noticiasribeiraopreto.com.br\/wp-content\/uploads\/2024\/04\/Design-sem-nome-3.webp.webp?fit=1200%2C630&ssl=1&resize=350%2C200","width":350,"height":200,"srcset":"https:\/\/i0.wp.com\/noticiasribeiraopreto.com.br\/wp-content\/uploads\/2024\/04\/Design-sem-nome-3.webp.webp?fit=1200%2C630&ssl=1&resize=350%2C200 1x, https:\/\/i0.wp.com\/noticiasribeiraopreto.com.br\/wp-content\/uploads\/2024\/04\/Design-sem-nome-3.webp.webp?fit=1200%2C630&ssl=1&resize=525%2C300 1.5x, https:\/\/i0.wp.com\/noticiasribeiraopreto.com.br\/wp-content\/uploads\/2024\/04\/Design-sem-nome-3.webp.webp?fit=1200%2C630&ssl=1&resize=700%2C400 2x, https:\/\/i0.wp.com\/noticiasribeiraopreto.com.br\/wp-content\/uploads\/2024\/04\/Design-sem-nome-3.webp.webp?fit=1200%2C630&ssl=1&resize=1050%2C600 3x"},"classes":[]},{"id":47242,"url":"https:\/\/noticiasribeiraopreto.com.br\/index.php\/2024\/04\/25\/bolsa-familia-governo-divulga-nova-lista-nis-de-contemplados-para-receber-r-800-em-maio-confira-calendario\/","url_meta":{"origin":69433,"position":1},"title":"Bolsa Fam\u00edlia: Governo divulga nova lista NIS de contemplados para receber R$ 800 em MAIO; Confira calend\u00e1rio","author":"noticiasribeiraopreto.com.br","date":"25 de April de 2024","format":false,"excerpt":"O programa Bolsa Fam\u00edlia, que j\u00e1 se tornou parte importante do apoio socioecon\u00f4mico a milhares de fam\u00edlias no Brasil, apresenta novos pagamentos e benef\u00edcios adicionais que ter\u00e3o in\u00edcio no pr\u00f3ximo m\u00eas. Entenda agora como \u00e9 o pagamento e quais s\u00e3o os novos benef\u00edcios para os benefici\u00e1rios. 1. Quando come\u00e7am os\u2026","rel":"","context":"In &quot;Dinheiro e Investimento&quot;","block_context":{"text":"Dinheiro e Investimento","link":"https:\/\/noticiasribeiraopreto.com.br\/index.php\/category\/dinheiro-e-investimento-como-fazer-como-ganhar\/"},"img":{"alt_text":"","src":"https:\/\/i0.wp.com\/noticiasribeiraopreto.com.br\/wp-content\/uploads\/2024\/04\/STARTUP-2.webp.webp?fit=1200%2C630&ssl=1&resize=350%2C200","width":350,"height":200,"srcset":"https:\/\/i0.wp.com\/noticiasribeiraopreto.com.br\/wp-content\/uploads\/2024\/04\/STARTUP-2.webp.webp?fit=1200%2C630&ssl=1&resize=350%2C200 1x, https:\/\/i0.wp.com\/noticiasribeiraopreto.com.br\/wp-content\/uploads\/2024\/04\/STARTUP-2.webp.webp?fit=1200%2C630&ssl=1&resize=525%2C300 1.5x, https:\/\/i0.wp.com\/noticiasribeiraopreto.com.br\/wp-content\/uploads\/2024\/04\/STARTUP-2.webp.webp?fit=1200%2C630&ssl=1&resize=700%2C400 2x, https:\/\/i0.wp.com\/noticiasribeiraopreto.com.br\/wp-content\/uploads\/2024\/04\/STARTUP-2.webp.webp?fit=1200%2C630&ssl=1&resize=1050%2C600 3x"},"classes":[]},{"id":68932,"url":"https:\/\/noticiasribeiraopreto.com.br\/index.php\/2025\/04\/30\/frente-fria-e-queda-da-temperatura-em-maio-veja-previsao-para-o-mes-no-estado-de-sp\/","url_meta":{"origin":69433,"position":2},"title":"Frente fria e queda da temperatura em maio? Veja previs\u00e3o para o m\u00eas no estado de SP","author":"noticiasribeiraopreto.com.br","date":"30 de April de 2025","format":false,"excerpt":"O m\u00eas de maio come\u00e7a nesta quinta-feira (1), feriado do Dia do Trabalho, e a meteorologia divulgou a previs\u00e3o clim\u00e1tica para o per\u00edodo. A Climatempo diz que em maio de 2025 n\u00e3o haver\u00e1 a influ\u00eancia de fen\u00f4menos como El Ni\u00f1o e La Ni\u00f1a, pois ser\u00e1 de neutralidade t\u00e9rmica no Oceano\u2026","rel":"","context":"In &quot;Not\u00edcias de Ribeir\u00e3o Preto-SP e Regi\u00e3o&quot;","block_context":{"text":"Not\u00edcias de Ribeir\u00e3o Preto-SP e Regi\u00e3o","link":"https:\/\/noticiasribeiraopreto.com.br\/index.php\/category\/noticias-de-ribeirao-preto-sp-e-regiao-ismael-colosi\/"},"img":{"alt_text":"","src":"https:\/\/i0.wp.com\/noticiasribeiraopreto.com.br\/wp-content\/uploads\/2025\/04\/ceu_nublado_e_tempo_frio_em_campinas_cxdigo_19_166036-scaled.jpg?fit=1200%2C800&ssl=1&resize=350%2C200","width":350,"height":200,"srcset":"https:\/\/i0.wp.com\/noticiasribeiraopreto.com.br\/wp-content\/uploads\/2025\/04\/ceu_nublado_e_tempo_frio_em_campinas_cxdigo_19_166036-scaled.jpg?fit=1200%2C800&ssl=1&resize=350%2C200 1x, https:\/\/i0.wp.com\/noticiasribeiraopreto.com.br\/wp-content\/uploads\/2025\/04\/ceu_nublado_e_tempo_frio_em_campinas_cxdigo_19_166036-scaled.jpg?fit=1200%2C800&ssl=1&resize=525%2C300 1.5x, https:\/\/i0.wp.com\/noticiasribeiraopreto.com.br\/wp-content\/uploads\/2025\/04\/ceu_nublado_e_tempo_frio_em_campinas_cxdigo_19_166036-scaled.jpg?fit=1200%2C800&ssl=1&resize=700%2C400 2x, https:\/\/i0.wp.com\/noticiasribeiraopreto.com.br\/wp-content\/uploads\/2025\/04\/ceu_nublado_e_tempo_frio_em_campinas_cxdigo_19_166036-scaled.jpg?fit=1200%2C800&ssl=1&resize=1050%2C600 3x"},"classes":[]},{"id":14115,"url":"https:\/\/noticiasribeiraopreto.com.br\/index.php\/2023\/12\/11\/obras-do-corredor-de-onibus-castelo-branco-13-de-maio-estao-em-andamento\/","url_meta":{"origin":69433,"position":3},"title":"Obras do corredor de \u00f4nibus Castelo Branco\/ 13 de Maio est\u00e3o em andamento \u2013 Folha de Ribeir\u00e3o","author":"noticiasribeiraopreto.com.br","date":"11 de December de 2023","format":false,"excerpt":"As obras do corredor de \u00f4nibus das avenidas Castelo Branco\/ 13 de Maio est\u00e3o\u00a0em ritmo acelerado, com mais de 40% do projeto conclu\u00eddo. Com previs\u00e3o para ser entregue em setembro de 2024, os trabalhos est\u00e3o concentrados na reconstru\u00e7\u00e3o do pavimento dos corredores na avenida Le\u00e3o XIII e, nas marginais da\u2026","rel":"","context":"In &quot;Not\u00edcias de Ribeir\u00e3o Preto-SP e Regi\u00e3o&quot;","block_context":{"text":"Not\u00edcias de Ribeir\u00e3o Preto-SP e Regi\u00e3o","link":"https:\/\/noticiasribeiraopreto.com.br\/index.php\/category\/noticias-de-ribeirao-preto-sp-e-regiao-ismael-colosi\/"},"img":{"alt_text":"","src":"https:\/\/i0.wp.com\/noticiasribeiraopreto.com.br\/wp-content\/uploads\/2023\/12\/obras_corredor_castelo_branco_-_foto_guilherme_sircili_5.jpg?fit=1200%2C800&ssl=1&resize=350%2C200","width":350,"height":200,"srcset":"https:\/\/i0.wp.com\/noticiasribeiraopreto.com.br\/wp-content\/uploads\/2023\/12\/obras_corredor_castelo_branco_-_foto_guilherme_sircili_5.jpg?fit=1200%2C800&ssl=1&resize=350%2C200 1x, https:\/\/i0.wp.com\/noticiasribeiraopreto.com.br\/wp-content\/uploads\/2023\/12\/obras_corredor_castelo_branco_-_foto_guilherme_sircili_5.jpg?fit=1200%2C800&ssl=1&resize=525%2C300 1.5x, https:\/\/i0.wp.com\/noticiasribeiraopreto.com.br\/wp-content\/uploads\/2023\/12\/obras_corredor_castelo_branco_-_foto_guilherme_sircili_5.jpg?fit=1200%2C800&ssl=1&resize=700%2C400 2x, https:\/\/i0.wp.com\/noticiasribeiraopreto.com.br\/wp-content\/uploads\/2023\/12\/obras_corredor_castelo_branco_-_foto_guilherme_sircili_5.jpg?fit=1200%2C800&ssl=1&resize=1050%2C600 3x"},"classes":[]},{"id":69907,"url":"https:\/\/noticiasribeiraopreto.com.br\/index.php\/2025\/05\/10\/ribeirao-preto-recebe-projeto-que-leva-palestras-cientificas-aos-bares\/","url_meta":{"origin":69433,"position":4},"title":"Ribeir\u00e3o Preto recebe projeto que leva palestras cient\u00edficas aos bares","author":"noticiasribeiraopreto.com.br","date":"10 de May de 2025","format":false,"excerpt":"Entre os dias 19 a 21 de maio, sempre \u00e0s 19h, cientistas e pesquisadores do projeto Pint Of Science ir\u00e3o se apresentar em quatro bares e cervejarias de Ribeir\u00e3o Preto com palestras e mesas redondas sobre suas descobertas e \u00e1reas de conhecimento. Neste ano, o projeto comemora 10 anos no\u2026","rel":"","context":"In &quot;Not\u00edcias de Ribeir\u00e3o Preto-SP e Regi\u00e3o&quot;","block_context":{"text":"Not\u00edcias de Ribeir\u00e3o Preto-SP e Regi\u00e3o","link":"https:\/\/noticiasribeiraopreto.com.br\/index.php\/category\/noticias-de-ribeirao-preto-sp-e-regiao-ismael-colosi\/"},"img":{"alt_text":"","src":"https:\/\/i0.wp.com\/noticiasribeiraopreto.com.br\/wp-content\/uploads\/2025\/05\/Pint-Of-Science-158-_2025-05-10_14-18-29.webp.webp?fit=1200%2C675&ssl=1&resize=350%2C200","width":350,"height":200,"srcset":"https:\/\/i0.wp.com\/noticiasribeiraopreto.com.br\/wp-content\/uploads\/2025\/05\/Pint-Of-Science-158-_2025-05-10_14-18-29.webp.webp?fit=1200%2C675&ssl=1&resize=350%2C200 1x, https:\/\/i0.wp.com\/noticiasribeiraopreto.com.br\/wp-content\/uploads\/2025\/05\/Pint-Of-Science-158-_2025-05-10_14-18-29.webp.webp?fit=1200%2C675&ssl=1&resize=525%2C300 1.5x, https:\/\/i0.wp.com\/noticiasribeiraopreto.com.br\/wp-content\/uploads\/2025\/05\/Pint-Of-Science-158-_2025-05-10_14-18-29.webp.webp?fit=1200%2C675&ssl=1&resize=700%2C400 2x, https:\/\/i0.wp.com\/noticiasribeiraopreto.com.br\/wp-content\/uploads\/2025\/05\/Pint-Of-Science-158-_2025-05-10_14-18-29.webp.webp?fit=1200%2C675&ssl=1&resize=1050%2C600 3x"},"classes":[]},{"id":70198,"url":"https:\/\/noticiasribeiraopreto.com.br\/index.php\/2025\/05\/23\/inss-devolvera-descontos-indevidos-de-abril-a-partir-de-segunda-feira\/","url_meta":{"origin":69433,"position":5},"title":"INSS devolver\u00e1 descontos indevidos de abril a partir de segunda-feira","author":"noticiasribeiraopreto.com.br","date":"23 de May de 2025","format":false,"excerpt":"23 de maio de 2025 15:551 Compartilhar0 Todos os aposentados e pensionistas do INSS que sofreram algum desconto de mensalidade associativa na folha de pagamentos referente a abril ter\u00e3o os valores devolvidos a partir desta segunda-feira, 26 de maio. Ser\u00e3o reembolsados, ao todo, R$ 292 milh\u00f5es aos benefici\u00e1rios. No fim\u2026","rel":"","context":"In &quot;Not\u00edcias de Ribeir\u00e3o Preto-SP e Regi\u00e3o&quot;","block_context":{"text":"Not\u00edcias de Ribeir\u00e3o Preto-SP e Regi\u00e3o","link":"https:\/\/noticiasribeiraopreto.com.br\/index.php\/category\/noticias-de-ribeirao-preto-sp-e-regiao-ismael-colosi\/"},"img":{"alt_text":"","src":"https:\/\/i0.wp.com\/noticiasribeiraopreto.com.br\/wp-content\/uploads\/2025\/05\/Como-consultar-beneficio-por-incapacidade-INSS.jpg?fit=1200%2C729&ssl=1&resize=350%2C200","width":350,"height":200,"srcset":"https:\/\/i0.wp.com\/noticiasribeiraopreto.com.br\/wp-content\/uploads\/2025\/05\/Como-consultar-beneficio-por-incapacidade-INSS.jpg?fit=1200%2C729&ssl=1&resize=350%2C200 1x, https:\/\/i0.wp.com\/noticiasribeiraopreto.com.br\/wp-content\/uploads\/2025\/05\/Como-consultar-beneficio-por-incapacidade-INSS.jpg?fit=1200%2C729&ssl=1&resize=525%2C300 1.5x, https:\/\/i0.wp.com\/noticiasribeiraopreto.com.br\/wp-content\/uploads\/2025\/05\/Como-consultar-beneficio-por-incapacidade-INSS.jpg?fit=1200%2C729&ssl=1&resize=700%2C400 2x, https:\/\/i0.wp.com\/noticiasribeiraopreto.com.br\/wp-content\/uploads\/2025\/05\/Como-consultar-beneficio-por-incapacidade-INSS.jpg?fit=1200%2C729&ssl=1&resize=1050%2C600 3x"},"classes":[]}],"jetpack_sharing_enabled":true,"jetpack_shortlink":"https:\/\/wp.me\/peQAOb-i3T","_links":{"self":[{"href":"https:\/\/noticiasribeiraopreto.com.br\/index.php\/wp-json\/wp\/v2\/posts\/69433","targetHints":{"allow":["GET"]}}],"collection":[{"href":"https:\/\/noticiasribeiraopreto.com.br\/index.php\/wp-json\/wp\/v2\/posts"}],"about":[{"href":"https:\/\/noticiasribeiraopreto.com.br\/index.php\/wp-json\/wp\/v2\/types\/post"}],"author":[{"embeddable":true,"href":"https:\/\/noticiasribeiraopreto.com.br\/index.php\/wp-json\/wp\/v2\/users\/1"}],"replies":[{"embeddable":true,"href":"https:\/\/noticiasribeiraopreto.com.br\/index.php\/wp-json\/wp\/v2\/comments?post=69433"}],"version-history":[{"count":0,"href":"https:\/\/noticiasribeiraopreto.com.br\/index.php\/wp-json\/wp\/v2\/posts\/69433\/revisions"}],"wp:featuredmedia":[{"embeddable":true,"href":"https:\/\/noticiasribeiraopreto.com.br\/index.php\/wp-json\/wp\/v2\/media\/69434"}],"wp:attachment":[{"href":"https:\/\/noticiasribeiraopreto.com.br\/index.php\/wp-json\/wp\/v2\/media?parent=69433"}],"wp:term":[{"taxonomy":"category","embeddable":true,"href":"https:\/\/noticiasribeiraopreto.com.br\/index.php\/wp-json\/wp\/v2\/categories?post=69433"},{"taxonomy":"post_tag","embeddable":true,"href":"https:\/\/noticiasribeiraopreto.com.br\/index.php\/wp-json\/wp\/v2\/tags?post=69433"}],"curies":[{"name":"wp","href":"https:\/\/api.w.org\/{rel}","templated":true}]}}