{"id":69435,"date":"2025-05-06T09:59:18","date_gmt":"2025-05-06T12:59:18","guid":{"rendered":"https:\/\/noticiasribeiraopreto.com.br\/index.php\/2025\/05\/06\/jornal-da-franca-veja-os-destaques-do-sesc-franca-que-vao-desta-terca-feira-6-ate-o-dia-11-de-maio\/"},"modified":"2025-05-06T09:59:18","modified_gmt":"2025-05-06T12:59:18","slug":"jornal-da-franca-veja-os-destaques-do-sesc-franca-que-vao-desta-terca-feira-6-ate-o-dia-11-de-maio","status":"publish","type":"post","link":"https:\/\/noticiasribeiraopreto.com.br\/index.php\/2025\/05\/06\/jornal-da-franca-veja-os-destaques-do-sesc-franca-que-vao-desta-terca-feira-6-ate-o-dia-11-de-maio\/","title":{"rendered":"Jornal da Franca &#8211; Veja os destaques do Sesc Franca que v\u00e3o desta ter\u00e7a-feira (6) at\u00e9 o dia 11 de maio"},"content":{"rendered":"<p> <br \/>\n<\/p>\n<div>\n\t                            <a class=\"mb-1\" href=\"https:\/\/api.whatsapp.com\/send?text=Olha essa Not\u00edcia no Jornal da Franca.%0D%0D*Veja os destaques do Sesc Franca que v\u00e3o desta ter\u00e7a-feira (6) at\u00e9 o dia 11 de maio*%0D%0Dclique na url abaixo%0Dhttps:\/\/www.jornaldafranca.com.br\/veja-os-destaques-da-programacao-do-sesc-franca-desta-terca-6-ate-o-dia-11-de-maio\/\" target=\"_blank\"><span class=\"text-12 badge badge-pill badge-success\"><i class=\"fa fa-whatsapp\"\/> compartilhar no whatsapp<\/span><\/a><\/p>\n<p>\t                            <a class=\"mb-1\" href=\"https:\/\/telegram.me\/share\/url?url=https:\/\/www.jornaldafranca.com.br\/veja-os-destaques-da-programacao-do-sesc-franca-desta-terca-6-ate-o-dia-11-de-maio\/&amp;text=Olha essa Not\u00edcia no Jornal da Franca.\" target=\"_blank\"><span class=\"text-12 badge badge-pill badge-info\"><i class=\"fa fa-telegram\"\/> compartilhar no telegram<\/span><\/a><\/p>\n<p>\t                            <a class=\"mb-1\" href=\"https:\/\/www.facebook.com\/sharer\/sharer.php?u=https:\/\/www.jornaldafranca.com.br\/veja-os-destaques-da-programacao-do-sesc-franca-desta-terca-6-ate-o-dia-11-de-maio\/\" target=\"_blank\"><span class=\"text-12 badge badge-pill badge-primary\"><i class=\"fa fa-facebook\"\/> compartilhar no facebook<\/span><\/a><\/p>\n<p>\t                            <a class=\"mb-1\" href=\"https:\/\/www.linkedin.com\/shareArticle?mini=true&amp;url=https:\/\/www.jornaldafranca.com.br\/veja-os-destaques-da-programacao-do-sesc-franca-desta-terca-6-ate-o-dia-11-de-maio\/&amp;title=Veja os destaques do Sesc Franca que v\u00e3o desta ter\u00e7a-feira (6) at\u00e9 o dia 11 de maio&amp;source=JORNAL DA FRANCA\" target=\"_blank\"><span class=\"text-12 badge badge-pill badge-secondary\"><i class=\"fa fa-linkedin\"\/> compartilhar no linkedin<\/span><\/a><\/p>\n<div class=\"lead text-20\">\n<p>Programa\u00e7\u00e3o contempla a\u00e7\u00f5es como Conversas P\u00fablicas, tributo a Bob Marley com a Banda Reggae Club e o espet\u00e1culo infanto-juvenil Coc\u00f4 de Passarinho. <\/p>\n<\/p><\/div>\n<p><img data-recalc-dims=\"1\" decoding=\"async\" src=\"https:\/\/i0.wp.com\/www.jornaldafranca.com.br\/wp-content\/uploads\/2025\/05\/f304b2f6-614c-48be-85a7-3bc15ca9de6b.jpg?ssl=1\" alt=\"\"\/><\/p>\n<h6>Coc\u00f4 de Passarinho (Foto: Rodrigo Hypolhito)<\/h6>\n<p>A programa\u00e7\u00e3o cultural da semana contempla a\u00e7\u00f5es para a cidadania com Conversas P\u00fablicas, tributo a Bob Marley com a Banda Reggae Club e o espet\u00e1culo infanto-juvenil Coc\u00f4 de Passarinho. Todos gratuitos, para todas as pessoas.<\/p>\n<p><strong>A\u00c7\u00d5ES PARA A CIDADANIA | CONVERSAS P\u00daBLICAS<\/strong><\/p>\n<p>Com Allan da Rosa e Ju\u00e3o N\u00ffn<\/p>\n<p>Integrando a programa\u00e7\u00e3o do m\u00eas de maio, e promovendo as A\u00e7\u00f5es para a Cidadania, a atividade Conversas P\u00fablicas traz ao V\u00e3o do Sesc Franca, no pr\u00f3ximo dia 08, Allan da Rosa e Ju\u00e3o N\u00ffn em um bate-papo onde o p\u00fablico escolhe na hora um tema de interesse comum e as pessoas convidadas, num encontro in\u00e9dito, falam a partir de suas<br \/>experi\u00eancias, viv\u00eancias e estudos.<\/p>\n<p>Allan da Rosa \u00e9 escritor, angoleiro, historiador e arte\/educador. \u00c9 mestre e doutor pela Faculdade de Educa\u00e7\u00e3o da USP. Cursou p\u00f3s-doutorado em Est\u00e9tica pela Universidade de Col\u00f4nia, na Alemanha.<\/p>\n<p>Ju\u00e3o N\u00ffn \u00e9 multiartista, atua na performance, no teatro, no cinema e na m\u00fasica. \u00c9 integrante do Coletivo Estop\u00f4 Balaio de Cria\u00e7\u00e3o, Mem\u00f3ria e Narrativa, da Cia. de Arte Teatro Interrompido e da banda Androyde Sem Par.<\/p>\n<p>Servi\u00e7o<\/p>\n<p>Data: 08 de maio. Quinta, 19h30 \u00e0s 21h30<br \/>Classifica\u00e7\u00e3o indicativa: 12 anos<br \/>Local: V\u00e3o do Sesc Franca<br \/>Gr\u00e1tis | Tradu\u00e7\u00e3o em Libras<\/p>\n<p><strong>M\u00daSICA | BANDA REGGAE CLUB<\/strong><\/p>\n<p><strong>Marley Legend<\/strong><\/p>\n<p><img data-recalc-dims=\"1\" decoding=\"async\" src=\"https:\/\/i0.wp.com\/www.jornaldafranca.com.br\/wp-content\/uploads\/2025\/05\/fb933fe6-d451-44f5-94e1-37bd5e1852d9.jpg?ssl=1\" alt=\"\"\/><\/p>\n<h6>Banda Reggae Club (Foto: Ismael Derruci)<\/h6>\n<p>O Sesc Franca promove, a partir das 16h do dia 10 (s\u00e1bado), um tributo com o objetivo de levar atrav\u00e9s da m\u00fasica um melhor entendimento sobre a obra do maior \u00edcone do reggae mundial, Bob Marley, e sobre esse g\u00eanero que prega a igualdade e a liberdade entre os povos trazendo uma mensagem positiva de paz, amor e esperan\u00e7a.<\/p>\n<p>A banda surgiu em 2016, em Franca (SP), e \u00e9 formada por Carlos Xaves (vocal), Dani Magoo (guitarra), Gil Reis (teclado), Eduardo Machado (baixo) e Marquinho Sabino (bateria).<\/p>\n<p>A entrada \u00e9 gratuita e o show \u00e9 livre para todos os p\u00fablicos, sem a necessidade de retirada antecipada de ingresso.<\/p>\n<p><strong>Servi\u00e7o<\/strong><\/p>\n<p>Data: 10 de maio. S\u00e1bado, 16h<br \/>Classifica\u00e7\u00e3o indicativa: Livre<br \/>Local: Comedoria do Sesc Franca<br \/>Gr\u00e1tis<\/p>\n<p><strong>CRIAN\u00c7AS | COC\u00d4 DE PASSARINHO<\/strong><\/p>\n<p><strong>Com Cia. Noz de Teatro<\/strong><\/p>\n<p>No dia 11 de maio o p\u00fablico poder\u00e1 conferir, na Conviv\u00eancia do Sesc Franca, o espet\u00e1culo inspirado no livro hom\u00f4nimo de Eva Furnari \u2014 e encenado por personagens\/bonecos do tamanho humano, que ganham vida atrav\u00e9s da t\u00e9cnica de manipula\u00e7\u00e3o direta, constru\u00eddos conforme as ilustra\u00e7\u00f5es do livro.<\/p>\n<p>A apresenta\u00e7\u00e3o narra a hist\u00f3ria dos poucos moradores de uma vila que se encontram todos os dias na pra\u00e7a para conversar. Eles tinham dois problemas: nunca tinha um assunto novo para conversar e, por isso, reclamavam de tudo; e, o segundo problema \u00e9 que em cima de suas cabe\u00e7as moravam uns p\u00e1ssaros que comiam, cuidavam dos seus<br \/>filhotes e, \u00e9 claro, faziam coc\u00f4.<\/p>\n<p>Estavam dedicados a resolver essa quest\u00e3o quando um estranho vendedor chegou na cidade e virou tudo de cabe\u00e7a para baixo, deixando a vida de todos bem agitada.<\/p>\n<p>O espet\u00e1culo \u201cCoc\u00f4 de Passarinho\u201d completou 10 anos de exist\u00eancia e tem um repert\u00f3rio de apresenta\u00e7\u00f5es importantes, tais como: PROART 2022, Filo (Festival Internacional de Londrina) 2022, Viagem Teatral do Sesi 2023, Divers\u00e3o em Cena 2023, Festival de Formas Animadas de Jaragu\u00e1 do Sul 2013, Festival Internacional de Teatro de S\u00e3o Jos\u00e9 do Rio Preto 2014, entre outros.<\/p>\n<p>Al\u00e9m disso, foi premiado pelo APCA 2013 como Melhor Espet\u00e1culo de Anima\u00e7\u00e3o\/bonecos e com tr\u00eas indica\u00e7\u00f5es ao Pr\u00eamio FEMSA 2013 de Teatro Infantil e Jovem (melhor cen\u00e1rio, melhor adapta\u00e7\u00e3o e melhor espet\u00e1culo<br \/>infantil).<\/p>\n<p>A Cia. Noz de Teatro, Dan\u00e7a e Anima\u00e7\u00e3o, desde 2004, se dedica \u00e0 cria\u00e7\u00e3o de espet\u00e1culos teatrais contempor\u00e2neos direcionados \u00e0 inf\u00e2ncia e juventude. Sua proposta de linguagem prioriza a ressignifica\u00e7\u00e3o dos objetos como condu\u00e7\u00e3o da narrativa, a investiga\u00e7\u00e3o e utiliza\u00e7\u00e3o de novos materiais na confec\u00e7\u00e3o de bonecos, adere\u00e7os e<br \/>cen\u00e1rios e cria possibilidades c\u00eanicas inusitadas. A combina\u00e7\u00e3o das linguagens de teatro, dan\u00e7a, m\u00fasica, artes pl\u00e1sticas, formas animadas e bonecos resulta em espet\u00e1culos criativos e imag\u00e9ticos.<\/p>\n<p><strong>Ficha T\u00e9cnica:<\/strong><\/p>\n<p>Dire\u00e7\u00e3o: Anie Welter<br \/>Cria\u00e7\u00e3o (inspirado na obra hom\u00f4nima de Eva Furnari): GpeteaH, Anie Welter, Rafael Petri, Renata Andrade, Jota Rafaelli, Valcrez Siqueira, Lais Trovarelli, Luciana Ven\u00e2ncio e Carla Mercado<\/p>\n<p>M\u00fasica Original: Morris Picciotto<br \/>Cen\u00e1rio, Figurino e Bonecos: Anie Welter e Renata Andrade<\/p>\n<p>Atores Manipuladores: Dri\u00e9lly Moyano, Zi Arrais, Igor Armucho, Valcrez Siqueira, Carol Tello e Lucas Padovan<\/p>\n<p>Confec\u00e7\u00e3o de Cen\u00e1rios, Figurinos e Bonecos: Cia Noz de Teatro, Dan\u00e7a e Anima\u00e7\u00e3o<\/p>\n<p>Produ\u00e7\u00e3o: J\u00falia Iwanaga | MoviCena Produ\u00e7\u00f5es<\/p>\n<p>Servi\u00e7o<\/p>\n<p>Data: 11 de maio. Domingo, 16h<\/p>\n<p>Classifica\u00e7\u00e3o indicativa: Livre<\/p>\n<p>Local: Conviv\u00eancia do Sesc Franca<\/p>\n<p>Gr\u00e1tis<br \/>\u2022\u2022\u2022<br \/>Endere\u00e7o: Av. Dr. Ismael Alonso Y Alonso, 3071<br \/>Site: sescsp.org.br\/franca<br \/>Instagram: @sescfranca<\/p>\n<p><!-- CONTENT END 1 --><\/p>\n<hr\/><\/div>\n<p><br \/>\n<br \/><a href=\"https:\/\/www.jornaldafranca.com.br\/veja-os-destaques-da-programacao-do-sesc-franca-desta-terca-6-ate-o-dia-11-de-maio\/\">Source link <\/a><\/p>\n","protected":false},"excerpt":{"rendered":"<p>compartilhar no whatsapp compartilhar no telegram compartilhar no facebook compartilhar no linkedin Programa\u00e7\u00e3o contempla a\u00e7\u00f5es como Conversas P\u00fablicas, tributo a Bob Marley com a Banda&#8230;<\/p>\n","protected":false},"author":1,"featured_media":69436,"comment_status":"open","ping_status":"open","sticky":false,"template":"","format":"standard","meta":{"advanced_seo_description":"","jetpack_seo_html_title":"","jetpack_seo_noindex":false,"jetpack_post_was_ever_published":false,"_jetpack_newsletter_access":"","_jetpack_dont_email_post_to_subs":false,"_jetpack_newsletter_tier_id":0,"_jetpack_memberships_contains_paywalled_content":false,"_jetpack_memberships_contains_paid_content":false,"footnotes":"","jetpack_publicize_message":"","jetpack_publicize_feature_enabled":true,"jetpack_social_post_already_shared":true,"jetpack_social_options":{"image_generator_settings":{"template":"highway","default_image_id":0,"font":"","enabled":false},"version":2}},"categories":[3597],"tags":[],"class_list":["post-69435","post","type-post","status-publish","format-standard","has-post-thumbnail","hentry","category-noticias-franca-sp"],"jetpack_publicize_connections":[],"jetpack_featured_media_url":"https:\/\/i0.wp.com\/noticiasribeiraopreto.com.br\/wp-content\/uploads\/2025\/05\/f304b2f6-614c-48be-85a7-3bc15ca9de6b.jpg?fit=1600%2C1067&ssl=1","jetpack-related-posts":[{"id":73017,"url":"https:\/\/noticiasribeiraopreto.com.br\/index.php\/2025\/06\/24\/jornal-da-franca-clima-sera-de-frio-porem-agradavel-e-fresco-em-franca-nesta-terca-deve-chover\/","url_meta":{"origin":69435,"position":0},"title":"Jornal da Franca &#8211; Clima ser\u00e1 de frio, por\u00e9m agrad\u00e1vel e fresco em Franca nesta ter\u00e7a: deve chover","author":"noticiasribeiraopreto.com.br","date":"24 de June de 2025","format":false,"excerpt":"compartilhar no whatsapp compartilhar no telegram compartilhar no facebook compartilhar no linkedin Cidade tem previs\u00e3o de chuva de at\u00e9 12 mil\u00edmetros A previs\u00e3o do tempo para Franca indica um dia agrad\u00e1vel, com temperatura m\u00ednima de 5\u00b0C e m\u00e1xima de 22\u00b0C. H\u00e1 grande possibilidade de chuva, com volume de at\u00e9 12\u2026","rel":"","context":"In &quot;Not\u00edcias de Franca-SP&quot;","block_context":{"text":"Not\u00edcias de Franca-SP","link":"https:\/\/noticiasribeiraopreto.com.br\/index.php\/category\/noticias-de-ribeirao-preto-sp-e-regiao-ismael-colosi\/noticias-franca-sp\/"},"img":{"alt_text":"","src":"https:\/\/i0.wp.com\/noticiasribeiraopreto.com.br\/wp-content\/uploads\/2025\/06\/1750758766_Franca.jpeg?fit=1200%2C806&ssl=1&resize=350%2C200","width":350,"height":200,"srcset":"https:\/\/i0.wp.com\/noticiasribeiraopreto.com.br\/wp-content\/uploads\/2025\/06\/1750758766_Franca.jpeg?fit=1200%2C806&ssl=1&resize=350%2C200 1x, https:\/\/i0.wp.com\/noticiasribeiraopreto.com.br\/wp-content\/uploads\/2025\/06\/1750758766_Franca.jpeg?fit=1200%2C806&ssl=1&resize=525%2C300 1.5x, https:\/\/i0.wp.com\/noticiasribeiraopreto.com.br\/wp-content\/uploads\/2025\/06\/1750758766_Franca.jpeg?fit=1200%2C806&ssl=1&resize=700%2C400 2x, https:\/\/i0.wp.com\/noticiasribeiraopreto.com.br\/wp-content\/uploads\/2025\/06\/1750758766_Franca.jpeg?fit=1200%2C806&ssl=1&resize=1050%2C600 3x"},"classes":[]},{"id":67756,"url":"https:\/\/noticiasribeiraopreto.com.br\/index.php\/2025\/04\/18\/jornal-da-franca-vereadores-aprovam-reconhecimento-a-profissionais-e-entidades-que-atuam-em-franca\/","url_meta":{"origin":69435,"position":1},"title":"Jornal da Franca &#8211; Vereadores aprovam reconhecimento a profissionais e entidades que atuam em Franca\u00a0","author":"noticiasribeiraopreto.com.br","date":"18 de April de 2025","format":false,"excerpt":"compartilhar no whatsapp compartilhar no telegram compartilhar no facebook compartilhar no linkedin Mo\u00e7\u00f5es de aplausos e congratula\u00e7\u00f5es s\u00e3o apresentadas em reconhecimento a servi\u00e7os prestados A C\u00e2mara Municipal de Franca aprovou na sess\u00e3o desta ter\u00e7a-feira mo\u00e7\u00f5es de aplausos e congratula\u00e7\u00f5es em reconhecimento a profissionais, entidades e sindicatos que se destacaram em\u2026","rel":"","context":"In &quot;Not\u00edcias de Franca-SP&quot;","block_context":{"text":"Not\u00edcias de Franca-SP","link":"https:\/\/noticiasribeiraopreto.com.br\/index.php\/category\/noticias-de-ribeirao-preto-sp-e-regiao-ismael-colosi\/noticias-franca-sp\/"},"img":{"alt_text":"","src":"https:\/\/i0.wp.com\/noticiasribeiraopreto.com.br\/wp-content\/uploads\/2025\/04\/reuniaodecomissoes-2.jpg?fit=930%2C558&ssl=1&resize=350%2C200","width":350,"height":200,"srcset":"https:\/\/i0.wp.com\/noticiasribeiraopreto.com.br\/wp-content\/uploads\/2025\/04\/reuniaodecomissoes-2.jpg?fit=930%2C558&ssl=1&resize=350%2C200 1x, https:\/\/i0.wp.com\/noticiasribeiraopreto.com.br\/wp-content\/uploads\/2025\/04\/reuniaodecomissoes-2.jpg?fit=930%2C558&ssl=1&resize=525%2C300 1.5x, https:\/\/i0.wp.com\/noticiasribeiraopreto.com.br\/wp-content\/uploads\/2025\/04\/reuniaodecomissoes-2.jpg?fit=930%2C558&ssl=1&resize=700%2C400 2x"},"classes":[]},{"id":69340,"url":"https:\/\/noticiasribeiraopreto.com.br\/index.php\/2025\/05\/05\/jornal-da-franca-implantacao-de-escola-civico-militar-em-franca-e-tema-de-debates-na-camara-municipal\/","url_meta":{"origin":69435,"position":2},"title":"Jornal da Franca &#8211; Implanta\u00e7\u00e3o de escola c\u00edvico-militar em Franca \u00e9 tema de debates na C\u00e2mara Municipal","author":"noticiasribeiraopreto.com.br","date":"5 de May de 2025","format":false,"excerpt":"compartilhar no whatsapp compartilhar no telegram compartilhar no facebook compartilhar no linkedin Mun\u00edcipe agradece apoio de vereadores e parlamentares para que Franca fosse contemplada com o modelo educacional A implanta\u00e7\u00e3o do Programa das Escolas C\u00edvico-Militares em Franca, pauta defendida pela direita, foi tema abordado durante a sess\u00e3o ordin\u00e1ria da C\u00e2mara\u2026","rel":"","context":"In &quot;Not\u00edcias de Franca-SP&quot;","block_context":{"text":"Not\u00edcias de Franca-SP","link":"https:\/\/noticiasribeiraopreto.com.br\/index.php\/category\/noticias-de-ribeirao-preto-sp-e-regiao-ismael-colosi\/noticias-franca-sp\/"},"img":{"alt_text":"","src":"https:\/\/i0.wp.com\/noticiasribeiraopreto.com.br\/wp-content\/uploads\/2025\/05\/1746449336_plenariodiagonal_0.jpg?fit=930%2C558&ssl=1&resize=350%2C200","width":350,"height":200,"srcset":"https:\/\/i0.wp.com\/noticiasribeiraopreto.com.br\/wp-content\/uploads\/2025\/05\/1746449336_plenariodiagonal_0.jpg?fit=930%2C558&ssl=1&resize=350%2C200 1x, https:\/\/i0.wp.com\/noticiasribeiraopreto.com.br\/wp-content\/uploads\/2025\/05\/1746449336_plenariodiagonal_0.jpg?fit=930%2C558&ssl=1&resize=525%2C300 1.5x, https:\/\/i0.wp.com\/noticiasribeiraopreto.com.br\/wp-content\/uploads\/2025\/05\/1746449336_plenariodiagonal_0.jpg?fit=930%2C558&ssl=1&resize=700%2C400 2x"},"classes":[]},{"id":64747,"url":"https:\/\/noticiasribeiraopreto.com.br\/index.php\/2025\/03\/12\/jornal-da-franca-autoridades-e-produtores-rurais-de-franca-fazem-abertura-da-16-edicao-do-simcafe\/","url_meta":{"origin":69435,"position":3},"title":"Jornal da Franca &#8211; Autoridades e produtores rurais de Franca fazem abertura da 16\u00b0 edi\u00e7\u00e3o do SimCaf\u00e9","author":"noticiasribeiraopreto.com.br","date":"12 de March de 2025","format":false,"excerpt":"compartilhar no whatsapp compartilhar no telegram compartilhar no facebook compartilhar no linkedin Evento re\u00fane cafeicultores e empresas do setor de agro de Franca e regi\u00e3o O Simcaf\u00e9 \u2013 Simp\u00f3sio do Agroneg\u00f3cio Caf\u00e9 da Alta Mogiana \u2013 teve sua 16\u00b0 edi\u00e7\u00e3o aberta nesta ter\u00e7a-feira com a presen\u00e7a de diversas autoridades pol\u00edticas.\u2026","rel":"","context":"In &quot;Not\u00edcias de Franca-SP&quot;","block_context":{"text":"Not\u00edcias de Franca-SP","link":"https:\/\/noticiasribeiraopreto.com.br\/index.php\/category\/noticias-de-ribeirao-preto-sp-e-regiao-ismael-colosi\/noticias-franca-sp\/"},"img":{"alt_text":"","src":"https:\/\/i0.wp.com\/noticiasribeiraopreto.com.br\/wp-content\/uploads\/2025\/03\/IMG_20250311_180004.jpg?fit=804%2C730&ssl=1&resize=350%2C200","width":350,"height":200,"srcset":"https:\/\/i0.wp.com\/noticiasribeiraopreto.com.br\/wp-content\/uploads\/2025\/03\/IMG_20250311_180004.jpg?fit=804%2C730&ssl=1&resize=350%2C200 1x, https:\/\/i0.wp.com\/noticiasribeiraopreto.com.br\/wp-content\/uploads\/2025\/03\/IMG_20250311_180004.jpg?fit=804%2C730&ssl=1&resize=525%2C300 1.5x, https:\/\/i0.wp.com\/noticiasribeiraopreto.com.br\/wp-content\/uploads\/2025\/03\/IMG_20250311_180004.jpg?fit=804%2C730&ssl=1&resize=700%2C400 2x"},"classes":[]},{"id":69220,"url":"https:\/\/noticiasribeiraopreto.com.br\/index.php\/2025\/05\/03\/jornal-da-franca-socorristas-que-salvaram-crianca-em-franca-recebem-mocao-de-aplausos-da-camara\/","url_meta":{"origin":69435,"position":4},"title":"Jornal da Franca &#8211; Socorristas que salvaram crian\u00e7a em Franca\u00a0recebem Mo\u00e7\u00e3o de Aplausos da C\u00e2mara","author":"noticiasribeiraopreto.com.br","date":"3 de May de 2025","format":false,"excerpt":"compartilhar no whatsapp compartilhar no telegram compartilhar no facebook compartilhar no linkedin Mo\u00e7\u00e3o reconhece trabalho de equipe de sa\u00fade que atuou no salvamento de beb\u00ea A C\u00e2mara aprovou a Mo\u00e7\u00e3o de Aplausos n\u00ba 41 de 2025, de autoria do vereador Walker Bombeiro da Libras, para a equipe de sa\u00fade da\u2026","rel":"","context":"In &quot;Not\u00edcias de Franca-SP&quot;","block_context":{"text":"Not\u00edcias de Franca-SP","link":"https:\/\/noticiasribeiraopreto.com.br\/index.php\/category\/noticias-de-ribeirao-preto-sp-e-regiao-ismael-colosi\/noticias-franca-sp\/"},"img":{"alt_text":"","src":"https:\/\/i0.wp.com\/noticiasribeiraopreto.com.br\/wp-content\/uploads\/2025\/05\/mocaoravi17sessao.jpg?fit=1000%2C562&ssl=1&resize=350%2C200","width":350,"height":200,"srcset":"https:\/\/i0.wp.com\/noticiasribeiraopreto.com.br\/wp-content\/uploads\/2025\/05\/mocaoravi17sessao.jpg?fit=1000%2C562&ssl=1&resize=350%2C200 1x, https:\/\/i0.wp.com\/noticiasribeiraopreto.com.br\/wp-content\/uploads\/2025\/05\/mocaoravi17sessao.jpg?fit=1000%2C562&ssl=1&resize=525%2C300 1.5x, https:\/\/i0.wp.com\/noticiasribeiraopreto.com.br\/wp-content\/uploads\/2025\/05\/mocaoravi17sessao.jpg?fit=1000%2C562&ssl=1&resize=700%2C400 2x"},"classes":[]},{"id":70143,"url":"https:\/\/noticiasribeiraopreto.com.br\/index.php\/2025\/05\/23\/jornal-da-franca-chegou-a-sexta-feira-dia-sera-seco-mas-sem-muito-frio-em-franca-e-regiao\/","url_meta":{"origin":69435,"position":5},"title":"Jornal da Franca &#8211; Chegou a sexta-feira! Dia ser\u00e1 seco, mas sem muito frio em Franca e regi\u00e3o","author":"noticiasribeiraopreto.com.br","date":"23 de May de 2025","format":false,"excerpt":"compartilhar no whatsapp compartilhar no telegram compartilhar no facebook compartilhar no linkedin Previs\u00e3o do tempo para Franca nesta sexta-feira indica temperaturas amenas e c\u00e9u parcialmente nublado A sexta-feira chegou e a previs\u00e3o do tempo para Franca \u00e9 de um dia agrad\u00e1vel, com temperaturas amenas e c\u00e9u parcialmente nublado. De acordo\u2026","rel":"","context":"In &quot;Not\u00edcias de Franca-SP&quot;","block_context":{"text":"Not\u00edcias de Franca-SP","link":"https:\/\/noticiasribeiraopreto.com.br\/index.php\/category\/noticias-de-ribeirao-preto-sp-e-regiao-ismael-colosi\/noticias-franca-sp\/"},"img":{"alt_text":"","src":"https:\/\/i0.wp.com\/noticiasribeiraopreto.com.br\/wp-content\/uploads\/2025\/05\/campanha-do-agasalho.jpg?fit=1086%2C652&ssl=1&resize=350%2C200","width":350,"height":200,"srcset":"https:\/\/i0.wp.com\/noticiasribeiraopreto.com.br\/wp-content\/uploads\/2025\/05\/campanha-do-agasalho.jpg?fit=1086%2C652&ssl=1&resize=350%2C200 1x, https:\/\/i0.wp.com\/noticiasribeiraopreto.com.br\/wp-content\/uploads\/2025\/05\/campanha-do-agasalho.jpg?fit=1086%2C652&ssl=1&resize=525%2C300 1.5x, https:\/\/i0.wp.com\/noticiasribeiraopreto.com.br\/wp-content\/uploads\/2025\/05\/campanha-do-agasalho.jpg?fit=1086%2C652&ssl=1&resize=700%2C400 2x, https:\/\/i0.wp.com\/noticiasribeiraopreto.com.br\/wp-content\/uploads\/2025\/05\/campanha-do-agasalho.jpg?fit=1086%2C652&ssl=1&resize=1050%2C600 3x"},"classes":[]}],"jetpack_sharing_enabled":true,"jetpack_shortlink":"https:\/\/wp.me\/peQAOb-i3V","_links":{"self":[{"href":"https:\/\/noticiasribeiraopreto.com.br\/index.php\/wp-json\/wp\/v2\/posts\/69435","targetHints":{"allow":["GET"]}}],"collection":[{"href":"https:\/\/noticiasribeiraopreto.com.br\/index.php\/wp-json\/wp\/v2\/posts"}],"about":[{"href":"https:\/\/noticiasribeiraopreto.com.br\/index.php\/wp-json\/wp\/v2\/types\/post"}],"author":[{"embeddable":true,"href":"https:\/\/noticiasribeiraopreto.com.br\/index.php\/wp-json\/wp\/v2\/users\/1"}],"replies":[{"embeddable":true,"href":"https:\/\/noticiasribeiraopreto.com.br\/index.php\/wp-json\/wp\/v2\/comments?post=69435"}],"version-history":[{"count":0,"href":"https:\/\/noticiasribeiraopreto.com.br\/index.php\/wp-json\/wp\/v2\/posts\/69435\/revisions"}],"wp:featuredmedia":[{"embeddable":true,"href":"https:\/\/noticiasribeiraopreto.com.br\/index.php\/wp-json\/wp\/v2\/media\/69436"}],"wp:attachment":[{"href":"https:\/\/noticiasribeiraopreto.com.br\/index.php\/wp-json\/wp\/v2\/media?parent=69435"}],"wp:term":[{"taxonomy":"category","embeddable":true,"href":"https:\/\/noticiasribeiraopreto.com.br\/index.php\/wp-json\/wp\/v2\/categories?post=69435"},{"taxonomy":"post_tag","embeddable":true,"href":"https:\/\/noticiasribeiraopreto.com.br\/index.php\/wp-json\/wp\/v2\/tags?post=69435"}],"curies":[{"name":"wp","href":"https:\/\/api.w.org\/{rel}","templated":true}]}}