{"id":69437,"date":"2025-05-06T10:03:03","date_gmt":"2025-05-06T13:03:03","guid":{"rendered":"https:\/\/noticiasribeiraopreto.com.br\/index.php\/2025\/05\/06\/confessionario-tribuna-ribeirao-17\/"},"modified":"2025-05-06T10:03:03","modified_gmt":"2025-05-06T13:03:03","slug":"confessionario-tribuna-ribeirao-17","status":"publish","type":"post","link":"https:\/\/noticiasribeiraopreto.com.br\/index.php\/2025\/05\/06\/confessionario-tribuna-ribeirao-17\/","title":{"rendered":"Confession\u00e1rio &#8211; Tribuna Ribeir\u00e3o"},"content":{"rendered":"<div class='code-block code-block-1' style='margin: 8px 0 8px auto; text-align: right; display: block; clear: both;'>\n<p><a href=\"https:\/\/wa.link\/vpicfd\"><img data-recalc-dims=\"1\" class=\"wp-image-4922\" style=\"aspect-ratio: 2.0253164556962027; width: 561px; height: auto;\" src=\"https:\/\/i0.wp.com\/ismaelcolosi.com.br\/wp-content\/uploads\/2023\/11\/grupo-de-empregos-whatsapp-e-facebook-ismael-colosi-vagas.jpg?ssl=1\" alt=\"\" \/><\/a><\/p>\n<!-- \/wp:image -->\n<\/div>\n<p> <br \/>\n<\/p>\n<div id=\"post-424882\">\n<header class=\"entry-header penci-entry-header penci-title-center\">\n<p>\n\t\t\t\t\t\t\t\t\t<span class=\"entry-meta-item penci-posted-on\"><i class=\"fa fa-clock-o\"\/><time class=\"entry-date published updated\" datetime=\"2025-05-06T09:50:14-03:00\">6 de maio de 2025 09:50<\/time><\/span><span class=\"entry-meta-item penci-post-countview\"><span class=\"entry-meta-item penci-post-countview penci_post-meta_item\"><i class=\"fa fa-eye\"\/><span class=\"penci-post-countview-number penci-post-countview-p424882\">5<\/span><\/span><\/span>\t\t\t\t\t\t\t\t<\/p>\n<p><!-- .entry-meta --><br \/>\n\t\t\t\t\t\t\t\t<span class=\"penci-social-buttons penci-social-share-footer\"><span class=\"penci-social-share-text\">Compartilhar<\/span><a href=\"#\" class=\"penci-post-like penci_post-meta_item  single-like-button penci-social-item like\" data-post_id=\"424882\" title=\"Like\" data-like=\"Like\" data-unlike=\"Unlike\"><i class=\"fa fa-thumbs-o-up\"\/><span class=\"penci-share-number\">0<\/span><\/a><i class=\"fa fa-facebook\"\/><a class=\"penci-social-item twitter\" target=\"_blank\" rel=\"noopener\" title=\"\" href=\"https:\/\/twitter.com\/intent\/tweet?text=Confession\u00e1rio%20-%20https:\/\/www.tribunaribeirao.com.br\/confessionario-33\/\"><i class=\"fa fa-twitter\"\/><\/a><i class=\"fa fa-linkedin\"\/><i class=\"fa fa-whatsapp\"\/><i class=\"fa fa-telegram\"\/><i class=\"fa fa-envelope\"\/><\/span>\t\t\t\t\t\t\t<\/header>\n<p><!-- .entry-header --><\/p>\n<div class=\"penci-entry-content entry-content\">\n<p><b><span data-contrast=\"auto\">\u00c9 o copo meio cheio ou meio vazio?<\/span><\/b><span data-ccp-props=\"{}\">\u00a0<\/span><\/p>\n<p><span data-contrast=\"auto\">Um levantamento do Pantera Cast revela que depois que virou SAF (2019), o Botafogo teve 39,93% de aproveitamento (387 pontos de 969 disputados) nos jogos em que disputou. Foram 100 vit\u00f3rias, 87 empates e 136 derrotas em 323 jogos. Para efeito de compara\u00e7\u00e3o, desde que o clube voltou a disputar divis\u00f5es nacionais de forma consecutiva, em 2015 at\u00e9 2018 (\u00faltimo ano antes da S\/A assumir de vez), o aproveitamento foi de 49,62%, com dois acessos e bem menos derrotas do que vit\u00f3rias. \u00c9 fato que o time disputou divis\u00f5es inferiores (S\u00e9rie C e S\u00e9rie D), mas, com o aproveitamento da era S\/A, o Botafogo tem o suficiente apenas para brigar para n\u00e3o cair na S\u00e9rie B. Considerando as promessas de briga por acesso \u00e0 S\u00e9rie A da diretoria, al\u00e9m do investimento e da busca pela profissionaliza\u00e7\u00e3o do futebol, \u00e9 uma decep\u00e7\u00e3o, sobretudo pelo futebol apresentado ultimamente\u2026<\/span><span data-ccp-props=\"{}\">\u00a0<\/span><\/p>\n<p><span data-contrast=\"auto\">(***)<\/span><span data-ccp-props=\"{}\">\u00a0<\/span><\/p>\n<p><span data-contrast=\"auto\">Marcio Almeida n\u00e3o faz mais parte da equipe de marketing do Novo Shopping Ribeir\u00e3o Preto.<\/span><span data-ccp-props=\"{}\">\u00a0<\/span><\/p>\n<\/div>\n<p><!-- .entry-content --><\/p>\n<footer class=\"penci-entry-footer\">\n\t\t\t\t\t\t\t\t<span class=\"penci-social-buttons penci-social-share-footer\"><span class=\"penci-social-share-text\">Compartilhar<\/span><a href=\"#\" class=\"penci-post-like penci_post-meta_item  single-like-button penci-social-item like\" data-post_id=\"424882\" title=\"Like\" data-like=\"Like\" data-unlike=\"Unlike\"><i class=\"fa fa-thumbs-o-up\"\/><span class=\"penci-share-number\">0<\/span><\/a><i class=\"fa fa-facebook\"\/><a class=\"penci-social-item twitter\" target=\"_blank\" rel=\"noopener\" title=\"\" href=\"https:\/\/twitter.com\/intent\/tweet?text=Confession\u00e1rio%20-%20https:\/\/www.tribunaribeirao.com.br\/confessionario-33\/\"><i class=\"fa fa-twitter\"\/><\/a><i class=\"fa fa-linkedin\"\/><i class=\"fa fa-whatsapp\"\/><i class=\"fa fa-telegram\"\/><i class=\"fa fa-envelope\"\/><\/span>\t\t\t\t\t\t\t<\/footer>\n<p><!-- .entry-footer -->\n\t\t\t\t\t\t<\/div>\n<p><script async src=\"\/\/platform.twitter.com\/widgets.js\" charset=\"utf-8\"><\/script><br \/>\n<br \/><br \/>\n<br \/><a href=\"https:\/\/www.tribunaribeirao.com.br\/confessionario-33\/\">Source link <\/a><\/p>\n<!-- CONTENT END 1 -->\n","protected":false},"excerpt":{"rendered":"<p>6 de maio de 2025 09:505 Compartilhar0 \u00c9 o copo meio cheio ou meio vazio?\u00a0 Um levantamento do Pantera Cast revela que depois que virou&#8230;<\/p>\n","protected":false},"author":1,"featured_media":69438,"comment_status":"open","ping_status":"open","sticky":false,"template":"","format":"standard","meta":{"advanced_seo_description":"","jetpack_seo_html_title":"","jetpack_seo_noindex":false,"jetpack_post_was_ever_published":false,"_jetpack_newsletter_access":"","_jetpack_dont_email_post_to_subs":false,"_jetpack_newsletter_tier_id":0,"_jetpack_memberships_contains_paywalled_content":false,"_jetpack_memberships_contains_paid_content":false,"footnotes":"","jetpack_publicize_message":"","jetpack_publicize_feature_enabled":true,"jetpack_social_post_already_shared":true,"jetpack_social_options":{"image_generator_settings":{"template":"highway","default_image_id":0,"font":"","enabled":false},"version":2}},"categories":[11],"tags":[],"class_list":["post-69437","post","type-post","status-publish","format-standard","has-post-thumbnail","hentry","category-noticias-de-ribeirao-preto-sp-e-regiao-ismael-colosi"],"jetpack_publicize_connections":[],"jetpack_featured_media_url":"https:\/\/i0.wp.com\/noticiasribeiraopreto.com.br\/wp-content\/uploads\/2025\/05\/botafogo_santa_cruz_arena_eurobike-scaled-1.jpg?fit=700%2C406&ssl=1","jetpack-related-posts":[{"id":70811,"url":"https:\/\/noticiasribeiraopreto.com.br\/index.php\/2025\/05\/30\/confessionario-tribuna-ribeirao-23\/","url_meta":{"origin":69437,"position":0},"title":"Confession\u00e1rio &#8211; Tribuna Ribeir\u00e3o","author":"noticiasribeiraopreto.com.br","date":"30 de May de 2025","format":false,"excerpt":"30 de maio de 2025 09:0029 de maio de 2025 20:207 Compartilhar0 Lan\u00e7amento\u00a0 A construtora Copema anuncia, na pr\u00f3xima segunda-feira, dia 2, para jornalistas e influenciadores o lan\u00e7amento de seu projeto comercial\/residencial acoplado \u00e0 \u00e1rea do Ribeir\u00e3oShopping.\u00a0 Compartilhar0 Source link","rel":"","context":"In &quot;Not\u00edcias de Ribeir\u00e3o Preto-SP e Regi\u00e3o&quot;","block_context":{"text":"Not\u00edcias de Ribeir\u00e3o Preto-SP e Regi\u00e3o","link":"https:\/\/noticiasribeiraopreto.com.br\/index.php\/category\/noticias-de-ribeirao-preto-sp-e-regiao-ismael-colosi\/"},"img":{"alt_text":"","src":"https:\/\/i0.wp.com\/noticiasribeiraopreto.com.br\/wp-content\/uploads\/2025\/05\/1748606491_CagedRP-JF-Pimenta-Arquivo-scaled.jpg?fit=778%2C500&ssl=1&resize=350%2C200","width":350,"height":200,"srcset":"https:\/\/i0.wp.com\/noticiasribeiraopreto.com.br\/wp-content\/uploads\/2025\/05\/1748606491_CagedRP-JF-Pimenta-Arquivo-scaled.jpg?fit=778%2C500&ssl=1&resize=350%2C200 1x, https:\/\/i0.wp.com\/noticiasribeiraopreto.com.br\/wp-content\/uploads\/2025\/05\/1748606491_CagedRP-JF-Pimenta-Arquivo-scaled.jpg?fit=778%2C500&ssl=1&resize=525%2C300 1.5x, https:\/\/i0.wp.com\/noticiasribeiraopreto.com.br\/wp-content\/uploads\/2025\/05\/1748606491_CagedRP-JF-Pimenta-Arquivo-scaled.jpg?fit=778%2C500&ssl=1&resize=700%2C400 2x"},"classes":[]},{"id":70709,"url":"https:\/\/noticiasribeiraopreto.com.br\/index.php\/2025\/05\/29\/confessionario-tribuna-ribeirao-22\/","url_meta":{"origin":69437,"position":1},"title":"Confession\u00e1rio &#8211; Tribuna Ribeir\u00e3o","author":"noticiasribeiraopreto.com.br","date":"29 de May de 2025","format":false,"excerpt":"29 de maio de 2025 09:122 Compartilhar0 O jornalista e o escritor Jos\u00e9 Manoel n\u00e3o pertence mais ao quadro da Comunica\u00e7\u00e3o da ACIRP. Em mar\u00e7o, o Departamento j\u00e1 havia sido desfalcado com a sa\u00edda do experiente Carlos Ferreira, o Kak\u00e1. Compartilhar0 Source link","rel":"","context":"In &quot;Not\u00edcias de Ribeir\u00e3o Preto-SP e Regi\u00e3o&quot;","block_context":{"text":"Not\u00edcias de Ribeir\u00e3o Preto-SP e Regi\u00e3o","link":"https:\/\/noticiasribeiraopreto.com.br\/index.php\/category\/noticias-de-ribeirao-preto-sp-e-regiao-ismael-colosi\/"},"img":{"alt_text":"","src":"https:\/\/i0.wp.com\/noticiasribeiraopreto.com.br\/wp-content\/uploads\/2025\/05\/Acirp120-Pal-Divulgacao-Acrip-01-scaled.jpg?fit=444%2C500&ssl=1&resize=350%2C200","width":350,"height":200},"classes":[]},{"id":69191,"url":"https:\/\/noticiasribeiraopreto.com.br\/index.php\/2025\/05\/03\/confessionario-tribuna-ribeirao-15\/","url_meta":{"origin":69437,"position":2},"title":"Confession\u00e1rio &#8211; Tribuna Ribeir\u00e3o","author":"noticiasribeiraopreto.com.br","date":"3 de May de 2025","format":false,"excerpt":"3 de maio de 2025 09:002 de maio de 2025 21:028 Compartilhar0 Toca Zez\u00e9\u2026\u00a0 \u00a0 Na \u00faltima semana formadores de opini\u00e3o, como jornalistas, influenciadores digitais, membros de entidades representativas, empres\u00e1rios e ocupantes de cargos p\u00fablicos foram convidados para o evento de reabertura da Toca do Urso \u2013 um dos bares\u2026","rel":"","context":"In &quot;Not\u00edcias de Ribeir\u00e3o Preto-SP e Regi\u00e3o&quot;","block_context":{"text":"Not\u00edcias de Ribeir\u00e3o Preto-SP e Regi\u00e3o","link":"https:\/\/noticiasribeiraopreto.com.br\/index.php\/category\/noticias-de-ribeirao-preto-sp-e-regiao-ismael-colosi\/"},"img":{"alt_text":"","src":"https:\/\/i0.wp.com\/noticiasribeiraopreto.com.br\/wp-content\/uploads\/2025\/05\/toca.jpg?fit=1200%2C517&ssl=1&resize=350%2C200","width":350,"height":200,"srcset":"https:\/\/i0.wp.com\/noticiasribeiraopreto.com.br\/wp-content\/uploads\/2025\/05\/toca.jpg?fit=1200%2C517&ssl=1&resize=350%2C200 1x, https:\/\/i0.wp.com\/noticiasribeiraopreto.com.br\/wp-content\/uploads\/2025\/05\/toca.jpg?fit=1200%2C517&ssl=1&resize=525%2C300 1.5x, https:\/\/i0.wp.com\/noticiasribeiraopreto.com.br\/wp-content\/uploads\/2025\/05\/toca.jpg?fit=1200%2C517&ssl=1&resize=700%2C400 2x, https:\/\/i0.wp.com\/noticiasribeiraopreto.com.br\/wp-content\/uploads\/2025\/05\/toca.jpg?fit=1200%2C517&ssl=1&resize=1050%2C600 3x"},"classes":[]},{"id":69259,"url":"https:\/\/noticiasribeiraopreto.com.br\/index.php\/2025\/05\/04\/confessionario-tribuna-ribeirao-16\/","url_meta":{"origin":69437,"position":3},"title":"Confession\u00e1rio &#8211; Tribuna Ribeir\u00e3o","author":"noticiasribeiraopreto.com.br","date":"4 de May de 2025","format":false,"excerpt":"4 de maio de 2025 09:003 de maio de 2025 18:438 Compartilhar0 Aten\u00e7\u00e3o fiscais da Prefeitura!\u00a0 98115-5479 \u00e9 o n\u00famero do telefone do beneficiado por essa propaganda ilegal em postes pela cidade. A propaganda emporcalhou dezenas de postes na Bar\u00e3o do Amazonas e no Jardim Iraj\u00e1, por exemplo\u2026 \u00c9 s\u00f3\u2026","rel":"","context":"In &quot;Not\u00edcias de Ribeir\u00e3o Preto-SP e Regi\u00e3o&quot;","block_context":{"text":"Not\u00edcias de Ribeir\u00e3o Preto-SP e Regi\u00e3o","link":"https:\/\/noticiasribeiraopreto.com.br\/index.php\/category\/noticias-de-ribeirao-preto-sp-e-regiao-ismael-colosi\/"},"img":{"alt_text":"","src":"https:\/\/i0.wp.com\/noticiasribeiraopreto.com.br\/wp-content\/uploads\/2025\/05\/b7c878fd-f2e3-4846-abe6-36f21242434e.jpeg?fit=1200%2C924&ssl=1&resize=350%2C200","width":350,"height":200,"srcset":"https:\/\/i0.wp.com\/noticiasribeiraopreto.com.br\/wp-content\/uploads\/2025\/05\/b7c878fd-f2e3-4846-abe6-36f21242434e.jpeg?fit=1200%2C924&ssl=1&resize=350%2C200 1x, https:\/\/i0.wp.com\/noticiasribeiraopreto.com.br\/wp-content\/uploads\/2025\/05\/b7c878fd-f2e3-4846-abe6-36f21242434e.jpeg?fit=1200%2C924&ssl=1&resize=525%2C300 1.5x, https:\/\/i0.wp.com\/noticiasribeiraopreto.com.br\/wp-content\/uploads\/2025\/05\/b7c878fd-f2e3-4846-abe6-36f21242434e.jpeg?fit=1200%2C924&ssl=1&resize=700%2C400 2x, https:\/\/i0.wp.com\/noticiasribeiraopreto.com.br\/wp-content\/uploads\/2025\/05\/b7c878fd-f2e3-4846-abe6-36f21242434e.jpeg?fit=1200%2C924&ssl=1&resize=1050%2C600 3x"},"classes":[]},{"id":71459,"url":"https:\/\/noticiasribeiraopreto.com.br\/index.php\/2025\/06\/06\/confessionario-tribuna-ribeirao-26\/","url_meta":{"origin":69437,"position":4},"title":"Confession\u00e1rio &#8211; Tribuna Ribeir\u00e3o","author":"noticiasribeiraopreto.com.br","date":"6 de June de 2025","format":false,"excerpt":"6 de junho de 2025 09:356 de junho de 2025 09:309 Compartilhar0 R\u00e1dio 79\u00a0vira TH+ Prime FM O\u00a0Grupo Thathi de Comunica\u00e7\u00e3o\u00a0lan\u00e7ou nesta quinta-feira, dia 05 de junho em\u00a0Ribeir\u00e3o Preto, a\u00a0TH+ Prime FM 104.7 (antiga 79 AM 590, agora migrada ao FM). A esta\u00e7\u00e3o, que j\u00e1 estava em opera\u00e7\u00e3o em formato\u2026","rel":"","context":"In &quot;Not\u00edcias de Ribeir\u00e3o Preto-SP e Regi\u00e3o&quot;","block_context":{"text":"Not\u00edcias de Ribeir\u00e3o Preto-SP e Regi\u00e3o","link":"https:\/\/noticiasribeiraopreto.com.br\/index.php\/category\/noticias-de-ribeirao-preto-sp-e-regiao-ismael-colosi\/"},"img":{"alt_text":"","src":"https:\/\/i0.wp.com\/noticiasribeiraopreto.com.br\/wp-content\/uploads\/2025\/06\/melhores_microfones_para_estudios_de_radios1-1320x880-1-scaled.jpg?fit=750%2C500&ssl=1&resize=350%2C200","width":350,"height":200,"srcset":"https:\/\/i0.wp.com\/noticiasribeiraopreto.com.br\/wp-content\/uploads\/2025\/06\/melhores_microfones_para_estudios_de_radios1-1320x880-1-scaled.jpg?fit=750%2C500&ssl=1&resize=350%2C200 1x, https:\/\/i0.wp.com\/noticiasribeiraopreto.com.br\/wp-content\/uploads\/2025\/06\/melhores_microfones_para_estudios_de_radios1-1320x880-1-scaled.jpg?fit=750%2C500&ssl=1&resize=525%2C300 1.5x, https:\/\/i0.wp.com\/noticiasribeiraopreto.com.br\/wp-content\/uploads\/2025\/06\/melhores_microfones_para_estudios_de_radios1-1320x880-1-scaled.jpg?fit=750%2C500&ssl=1&resize=700%2C400 2x"},"classes":[]},{"id":69789,"url":"https:\/\/noticiasribeiraopreto.com.br\/index.php\/2025\/05\/09\/confessionario-tribuna-ribeirao-18\/","url_meta":{"origin":69437,"position":5},"title":"Confession\u00e1rio &#8211; Tribuna Ribeir\u00e3o","author":"noticiasribeiraopreto.com.br","date":"9 de May de 2025","format":false,"excerpt":"9 de maio de 2025 09:009 de maio de 2025 08:457 Compartilhar0 Fuga da balan\u00e7a!\u00a0 Sem \u00e1reas p\u00fablicas adequadas para esporte e lazer, a popula\u00e7\u00e3o encontrou na vicinal da Rodovia Abr\u00e3o Assed, entre Ribeir\u00e3o Preto e Serrana, um espa\u00e7o improvisado para caminhar, correr e pedalar. Com cerca de 10 km\u2026","rel":"","context":"In &quot;Not\u00edcias de Ribeir\u00e3o Preto-SP e Regi\u00e3o&quot;","block_context":{"text":"Not\u00edcias de Ribeir\u00e3o Preto-SP e Regi\u00e3o","link":"https:\/\/noticiasribeiraopreto.com.br\/index.php\/category\/noticias-de-ribeirao-preto-sp-e-regiao-ismael-colosi\/"},"img":{"alt_text":"","src":"https:\/\/i0.wp.com\/noticiasribeiraopreto.com.br\/wp-content\/uploads\/2025\/05\/rodovia.jpeg?fit=626%2C417&ssl=1&resize=350%2C200","width":350,"height":200,"srcset":"https:\/\/i0.wp.com\/noticiasribeiraopreto.com.br\/wp-content\/uploads\/2025\/05\/rodovia.jpeg?fit=626%2C417&ssl=1&resize=350%2C200 1x, https:\/\/i0.wp.com\/noticiasribeiraopreto.com.br\/wp-content\/uploads\/2025\/05\/rodovia.jpeg?fit=626%2C417&ssl=1&resize=525%2C300 1.5x"},"classes":[]}],"jetpack_sharing_enabled":true,"jetpack_shortlink":"https:\/\/wp.me\/peQAOb-i3X","_links":{"self":[{"href":"https:\/\/noticiasribeiraopreto.com.br\/index.php\/wp-json\/wp\/v2\/posts\/69437","targetHints":{"allow":["GET"]}}],"collection":[{"href":"https:\/\/noticiasribeiraopreto.com.br\/index.php\/wp-json\/wp\/v2\/posts"}],"about":[{"href":"https:\/\/noticiasribeiraopreto.com.br\/index.php\/wp-json\/wp\/v2\/types\/post"}],"author":[{"embeddable":true,"href":"https:\/\/noticiasribeiraopreto.com.br\/index.php\/wp-json\/wp\/v2\/users\/1"}],"replies":[{"embeddable":true,"href":"https:\/\/noticiasribeiraopreto.com.br\/index.php\/wp-json\/wp\/v2\/comments?post=69437"}],"version-history":[{"count":0,"href":"https:\/\/noticiasribeiraopreto.com.br\/index.php\/wp-json\/wp\/v2\/posts\/69437\/revisions"}],"wp:featuredmedia":[{"embeddable":true,"href":"https:\/\/noticiasribeiraopreto.com.br\/index.php\/wp-json\/wp\/v2\/media\/69438"}],"wp:attachment":[{"href":"https:\/\/noticiasribeiraopreto.com.br\/index.php\/wp-json\/wp\/v2\/media?parent=69437"}],"wp:term":[{"taxonomy":"category","embeddable":true,"href":"https:\/\/noticiasribeiraopreto.com.br\/index.php\/wp-json\/wp\/v2\/categories?post=69437"},{"taxonomy":"post_tag","embeddable":true,"href":"https:\/\/noticiasribeiraopreto.com.br\/index.php\/wp-json\/wp\/v2\/tags?post=69437"}],"curies":[{"name":"wp","href":"https:\/\/api.w.org\/{rel}","templated":true}]}}