{"id":69439,"date":"2025-05-06T10:31:18","date_gmt":"2025-05-06T13:31:18","guid":{"rendered":"https:\/\/noticiasribeiraopreto.com.br\/index.php\/2025\/05\/06\/ribeirao-preto-recebe-projeto-audiovisual-gratuito-com-producao-de-longa-metragem\/"},"modified":"2025-05-06T10:31:18","modified_gmt":"2025-05-06T13:31:18","slug":"ribeirao-preto-recebe-projeto-audiovisual-gratuito-com-producao-de-longa-metragem","status":"publish","type":"post","link":"https:\/\/noticiasribeiraopreto.com.br\/index.php\/2025\/05\/06\/ribeirao-preto-recebe-projeto-audiovisual-gratuito-com-producao-de-longa-metragem\/","title":{"rendered":"Ribeir\u00e3o Preto recebe projeto audiovisual gratuito com produ\u00e7\u00e3o de longa-metragem"},"content":{"rendered":"<p> <br \/>\n<\/p>\n<div>\n<p>O <strong>Coletivo Fuligem<\/strong> dar\u00e1 in\u00edcio ao projeto de audiovisual \u201c<strong>O Pico Mais Alto<\/strong>\u201d na pr\u00f3xima <strong>sexta-feira (9)<\/strong>, em <strong>Ribeir\u00e3o Preto<\/strong>. As atividades incluem produ\u00e7\u00e3o de longa metragem e \u00e9 aberto ao p\u00fablico. A <strong>entrada \u00e9 gratuita<\/strong>. <\/p>\n<p>A sede do Coletivo Fuligem fica localizada na rua Doutor Loiola, 532, na Vila Tib\u00e9rio. Veja a programa\u00e7\u00e3o abaixo.<\/p>\n<h2 class=\"wp-block-heading\"><strong>Oficina<\/strong><\/h2>\n<p>Abrindo as atividades deste projeto, na <strong>sexta-feira (9)<\/strong>, \u00e0s <strong>14h<\/strong>, acontece a \u201c<strong>Oficina de Introdu\u00e7\u00e3o ao Roteiro e ao Storyboard<\/strong>\u201d. Direcionada para alunos de escolas p\u00fablicas e universidades que contemplem o ProUni. A atividade \u00e9 ministrada por <strong>Allan Barbosa<\/strong> e <strong>Renato Vital<\/strong>.<\/p>\n<h2 class=\"wp-block-heading\"><strong>Sess\u00e3o Desenho<\/strong><\/h2>\n<p>J\u00e1 no <strong>s\u00e1bado (10)<\/strong>, \u00e0s <strong>20h<\/strong>, acontece o evento \u201c<strong>Sess\u00e3o Desenho<\/strong>\u201d, voltado para profissionais de ilustra\u00e7\u00e3o e p\u00fablico em geral. O ambiente contar\u00e1 com ilumina\u00e7\u00e3o e DJ para que os participantes possam praticar ilustra\u00e7\u00f5es e trocar ideias sobre arte.<\/p>\n<h2 class=\"wp-block-heading\"><strong>Videocast<\/strong><\/h2>\n<p>Encerrando as atividades do projeto, nos dias <strong>26 e 29 de maio<\/strong>, a partir das <strong>20h<\/strong>, acontecer\u00e1 o \u201c<strong>Videocast Pico Mais Alto<\/strong>\u201d. O evento ter\u00e1 encontros para compartilhar processos produtivos a partir de rodas de bate-papo. O evento poder\u00e1 ser <strong>on-line<\/strong> ou <strong>presencial<\/strong>.<\/p>\n<p>Os bate-papos ser\u00e3o divididos em quatro temas, sendo eles: Cinema de Anima\u00e7\u00e3o no Interior de SP, Trilha Sonora e SFX no Interior de SP,\u00a0 Capta\u00e7\u00e3o de Recursos no Interior de SP e 22 \u2013 Pixa\u00e7\u00e3o e Cinema no Interior de SP.\u00a0<\/p>\n<h2 class=\"wp-block-heading\"><strong>Produ\u00e7\u00e3o de longa-metragem<\/strong><\/h2>\n<p>Todas essas atividades s\u00e3o a\u00e7\u00f5es de contrapartida da produ\u00e7\u00e3o do filme, que levar\u00e1 o mesmo nome do projeto.<\/p>\n<p>SAIBA MAIS<br \/>Cinema de Ribeir\u00e3o Preto ter\u00e1 sess\u00e3o adaptada para pessoas com TEA; Veja quando<\/p>\n<h2 class=\"wp-block-heading\"><strong>FIQUE ON<\/strong><\/h2>\n<p>Fique ligado em tudo que acontece em Ribeir\u00e3o Preto e regi\u00e3o. Siga os perfis do\u00a0<strong>acidade on\u00a0<\/strong>no<a href=\"https:\/\/www.instagram.com\/acidadeonribeirao\">\u00a0Instagram<\/a>\u00a0e no\u00a0<a href=\"https:\/\/www.facebook.com\/acidadeonribeirao\/\">Facebook<\/a>.<\/p>\n<p>Receba not\u00edcias do<strong>\u00a0acidade on<\/strong>\u00a0no WhatsApp.<a href=\"https:\/\/chat.whatsapp.com\/BjKQZ9oJwlz8VVT50NuePq\">\u00a0Para entrar no grupo, basta clicar aqui.<\/a><\/p>\n<p>Fa\u00e7a uma den\u00fancia ou sugira uma reportagem sobre Ribeir\u00e3o Preto e regi\u00e3o pelo WhatsApp: 16 99117 7802.<\/p>\n<p>VEJA TAMB\u00c9M<br \/>Qual o sal\u00e1rio do Mais M\u00e9dicos?<\/p>\n<p><!-- CONTENT END 1 -->\n<\/div>\n<p><script async src=\"\/\/www.instagram.com\/embed.js\"><\/script><br \/>\n<br \/><br \/>\n<br \/><a href=\"https:\/\/www.acidadeon.com\/ribeiraopreto\/lazer-e-cultura\/ribeirao-preto-recebe-projeto-audiovisual-gratuito-com-producao-de-longa-metragem\/\">Source link <\/a><\/p>\n","protected":false},"excerpt":{"rendered":"<p>O Coletivo Fuligem dar\u00e1 in\u00edcio ao projeto de audiovisual \u201cO Pico Mais Alto\u201d na pr\u00f3xima sexta-feira (9), em Ribeir\u00e3o Preto. As atividades incluem produ\u00e7\u00e3o de&#8230;<\/p>\n","protected":false},"author":1,"featured_media":69440,"comment_status":"open","ping_status":"open","sticky":false,"template":"","format":"standard","meta":{"advanced_seo_description":"","jetpack_seo_html_title":"","jetpack_seo_noindex":false,"jetpack_post_was_ever_published":false,"_jetpack_newsletter_access":"","_jetpack_dont_email_post_to_subs":false,"_jetpack_newsletter_tier_id":0,"_jetpack_memberships_contains_paywalled_content":false,"_jetpack_memberships_contains_paid_content":false,"footnotes":"","jetpack_publicize_message":"","jetpack_publicize_feature_enabled":true,"jetpack_social_post_already_shared":true,"jetpack_social_options":{"image_generator_settings":{"template":"highway","default_image_id":0,"font":"","enabled":false},"version":2}},"categories":[11],"tags":[],"class_list":["post-69439","post","type-post","status-publish","format-standard","has-post-thumbnail","hentry","category-noticias-de-ribeirao-preto-sp-e-regiao-ismael-colosi"],"jetpack_publicize_connections":[],"jetpack_featured_media_url":"https:\/\/i0.wp.com\/noticiasribeiraopreto.com.br\/wp-content\/uploads\/2025\/05\/Design-sem-nome-3_2025-05-06_11-50-45.webp.webp?fit=1200%2C675&ssl=1","jetpack-related-posts":[{"id":79234,"url":"https:\/\/noticiasribeiraopreto.com.br\/index.php\/2025\/10\/27\/ribeirao-preto-tem-sessoes-gratuitas-de-cinema-no-dia-internacional-da-animacao\/","url_meta":{"origin":69439,"position":0},"title":"Ribeir\u00e3o Preto tem sess\u00f5es gratuitas de cinema no Dia Internacional da Anima\u00e7\u00e3o","author":"noticiasribeiraopreto.com.br","date":"27 de October de 2025","format":false,"excerpt":"Ribeir\u00e3o Preto recebe, a partir desta segunda-feira (27), diversas atividades culturais em comemora\u00e7\u00e3o ao Dia Internacional da Anima\u00e7\u00e3o. Com entrada gratuita, o evento acontece no Cineclube Cauim e re\u00fane uma mostra de curtas-metragens, al\u00e9m de palestras e oficinas voltadas \u00e0 arte da anima\u00e7\u00e3o e ao cinema nacional. As exibi\u00e7\u00f5es acontecem\u2026","rel":"","context":"In &quot;Not\u00edcias de Ribeir\u00e3o Preto-SP e Regi\u00e3o&quot;","block_context":{"text":"Not\u00edcias de Ribeir\u00e3o Preto-SP e Regi\u00e3o","link":"https:\/\/noticiasribeiraopreto.com.br\/index.php\/category\/noticias-de-ribeirao-preto-sp-e-regiao-ismael-colosi\/"},"img":{"alt_text":"","src":"https:\/\/i0.wp.com\/noticiasribeiraopreto.com.br\/wp-content\/uploads\/2025\/10\/Copia-de-Copia-de-Copia-de-TAMANHO-EXATO-PARA-FOTOS-NO-SISTEMA-NOVO-2025-10-27T152852.187_2025-10-27_18-30-38.webp.webp?fit=1200%2C675&ssl=1&resize=350%2C200","width":350,"height":200,"srcset":"https:\/\/i0.wp.com\/noticiasribeiraopreto.com.br\/wp-content\/uploads\/2025\/10\/Copia-de-Copia-de-Copia-de-TAMANHO-EXATO-PARA-FOTOS-NO-SISTEMA-NOVO-2025-10-27T152852.187_2025-10-27_18-30-38.webp.webp?fit=1200%2C675&ssl=1&resize=350%2C200 1x, https:\/\/i0.wp.com\/noticiasribeiraopreto.com.br\/wp-content\/uploads\/2025\/10\/Copia-de-Copia-de-Copia-de-TAMANHO-EXATO-PARA-FOTOS-NO-SISTEMA-NOVO-2025-10-27T152852.187_2025-10-27_18-30-38.webp.webp?fit=1200%2C675&ssl=1&resize=525%2C300 1.5x, https:\/\/i0.wp.com\/noticiasribeiraopreto.com.br\/wp-content\/uploads\/2025\/10\/Copia-de-Copia-de-Copia-de-TAMANHO-EXATO-PARA-FOTOS-NO-SISTEMA-NOVO-2025-10-27T152852.187_2025-10-27_18-30-38.webp.webp?fit=1200%2C675&ssl=1&resize=700%2C400 2x, https:\/\/i0.wp.com\/noticiasribeiraopreto.com.br\/wp-content\/uploads\/2025\/10\/Copia-de-Copia-de-Copia-de-TAMANHO-EXATO-PARA-FOTOS-NO-SISTEMA-NOVO-2025-10-27T152852.187_2025-10-27_18-30-38.webp.webp?fit=1200%2C675&ssl=1&resize=1050%2C600 3x"},"classes":[]},{"id":69801,"url":"https:\/\/noticiasribeiraopreto.com.br\/index.php\/2025\/05\/09\/festival-de-circo-musicais-e-feira-de-artesanato-veja-as-opcoes-para-curtir-o-fim-de-semana-em-ribeirao-e-regiao\/","url_meta":{"origin":69439,"position":1},"title":"Festival de circo, musicais e feira de artesanato: Veja as op\u00e7\u00f5es para curtir o fim de semana em Ribeir\u00e3o e regi\u00e3o","author":"noticiasribeiraopreto.com.br","date":"9 de May de 2025","format":false,"excerpt":"A regi\u00e3o de Ribeir\u00e3o Preto conta com diversas atividades pagas e gratuitas para aproveitar o fim de semana. Os destaques da agenda cultural s\u00e3o: a primeira edi\u00e7\u00e3o do Festival Internacional de Circo de Ribeir\u00e3o Preto, a Feira do Livro de Guar\u00e1 e cinema gratuito.\u00a0Confira o que acontece no fim de\u2026","rel":"","context":"In &quot;Not\u00edcias de Ribeir\u00e3o Preto-SP e Regi\u00e3o&quot;","block_context":{"text":"Not\u00edcias de Ribeir\u00e3o Preto-SP e Regi\u00e3o","link":"https:\/\/noticiasribeiraopreto.com.br\/index.php\/category\/noticias-de-ribeirao-preto-sp-e-regiao-ismael-colosi\/"},"img":{"alt_text":"","src":"https:\/\/i0.wp.com\/noticiasribeiraopreto.com.br\/wp-content\/uploads\/2025\/05\/festival-de-circo_2025-05-09_13-09-33.webp.webp?fit=1200%2C900&ssl=1&resize=350%2C200","width":350,"height":200,"srcset":"https:\/\/i0.wp.com\/noticiasribeiraopreto.com.br\/wp-content\/uploads\/2025\/05\/festival-de-circo_2025-05-09_13-09-33.webp.webp?fit=1200%2C900&ssl=1&resize=350%2C200 1x, https:\/\/i0.wp.com\/noticiasribeiraopreto.com.br\/wp-content\/uploads\/2025\/05\/festival-de-circo_2025-05-09_13-09-33.webp.webp?fit=1200%2C900&ssl=1&resize=525%2C300 1.5x, https:\/\/i0.wp.com\/noticiasribeiraopreto.com.br\/wp-content\/uploads\/2025\/05\/festival-de-circo_2025-05-09_13-09-33.webp.webp?fit=1200%2C900&ssl=1&resize=700%2C400 2x, https:\/\/i0.wp.com\/noticiasribeiraopreto.com.br\/wp-content\/uploads\/2025\/05\/festival-de-circo_2025-05-09_13-09-33.webp.webp?fit=1200%2C900&ssl=1&resize=1050%2C600 3x"},"classes":[]},{"id":34554,"url":"https:\/\/noticiasribeiraopreto.com.br\/index.php\/2024\/02\/02\/projeto-leva-atividades-culturais-gratuitas-a-bairro-da-zona-oeste-de-ribeirao\/","url_meta":{"origin":69439,"position":2},"title":"Projeto leva atividades culturais gratuitas a bairro da zona Oeste de Ribeir\u00e3o","author":"noticiasribeiraopreto.com.br","date":"2 de February de 2024","format":false,"excerpt":"O projeto \u201cCultura em Todo Lugar\u201d chega neste s\u00e1bado (3) ao bairro Parque Ribeir\u00e3o, na zona Oeste de Ribeir\u00e3o Preto. O evento acontece na rua Em\u00edlio Gullaci, 600, entre 9h e 12h, com atividades culturais e art\u00edsticas gratuitas. Entre as atividades est\u00e3o oficinas de desenho, pintura facial, conta\u00e7\u00f5es de hist\u00f3rias,\u2026","rel":"","context":"In &quot;Not\u00edcias de Ribeir\u00e3o Preto-SP e Regi\u00e3o&quot;","block_context":{"text":"Not\u00edcias de Ribeir\u00e3o Preto-SP e Regi\u00e3o","link":"https:\/\/noticiasribeiraopreto.com.br\/index.php\/category\/noticias-de-ribeirao-preto-sp-e-regiao-ismael-colosi\/"},"img":{"alt_text":"","src":"https:\/\/i0.wp.com\/noticiasribeiraopreto.com.br\/wp-content\/uploads\/2024\/02\/cultura_parque_ribeirao_preto11.jpeg?fit=1200%2C800&ssl=1&resize=350%2C200","width":350,"height":200,"srcset":"https:\/\/i0.wp.com\/noticiasribeiraopreto.com.br\/wp-content\/uploads\/2024\/02\/cultura_parque_ribeirao_preto11.jpeg?fit=1200%2C800&ssl=1&resize=350%2C200 1x, https:\/\/i0.wp.com\/noticiasribeiraopreto.com.br\/wp-content\/uploads\/2024\/02\/cultura_parque_ribeirao_preto11.jpeg?fit=1200%2C800&ssl=1&resize=525%2C300 1.5x, https:\/\/i0.wp.com\/noticiasribeiraopreto.com.br\/wp-content\/uploads\/2024\/02\/cultura_parque_ribeirao_preto11.jpeg?fit=1200%2C800&ssl=1&resize=700%2C400 2x, https:\/\/i0.wp.com\/noticiasribeiraopreto.com.br\/wp-content\/uploads\/2024\/02\/cultura_parque_ribeirao_preto11.jpeg?fit=1200%2C800&ssl=1&resize=1050%2C600 3x"},"classes":[]},{"id":57122,"url":"https:\/\/noticiasribeiraopreto.com.br\/index.php\/2024\/08\/23\/sepultura-exposicao-de-carros-e-peter-pan-veja-programacao-do-fim-de-semana-em-ribeirao\/","url_meta":{"origin":69439,"position":3},"title":"Sepultura, exposi\u00e7\u00e3o de carros e Peter Pan: Veja programa\u00e7\u00e3o do fim de semana em Ribeir\u00e3o","author":"noticiasribeiraopreto.com.br","date":"23 de August de 2024","format":false,"excerpt":"A programa\u00e7\u00e3o do fim de semana em Ribeir\u00e3o Preto est\u00e1 a todo vapor! Entre os destaques est\u00e3o shows, musicais e pe\u00e7as de teatro. Confira a agenda cultural abaixo: Sepultura A banda\u00a0Sepultura se apresenta no Alcans Hall, na rodovia Anhanguera (SP-330), em Ribeir\u00e3o Preto, neste s\u00e1bado (24), com sua turn\u00ea de\u2026","rel":"","context":"In &quot;Not\u00edcias de Ribeir\u00e3o Preto-SP e Regi\u00e3o&quot;","block_context":{"text":"Not\u00edcias de Ribeir\u00e3o Preto-SP e Regi\u00e3o","link":"https:\/\/noticiasribeiraopreto.com.br\/index.php\/category\/noticias-de-ribeirao-preto-sp-e-regiao-ismael-colosi\/"},"img":{"alt_text":"","src":"https:\/\/i0.wp.com\/noticiasribeiraopreto.com.br\/wp-content\/uploads\/2024\/08\/Copia-de-Copia-de-Copia-de-TAMANHO-EXATO-PARA-FOTOS-NO-SISTEMA-NOVO-4_2024-08-23_13-58-50_jpg_2024-08-23_13-58-50.webp.webp?fit=1200%2C675&ssl=1&resize=350%2C200","width":350,"height":200,"srcset":"https:\/\/i0.wp.com\/noticiasribeiraopreto.com.br\/wp-content\/uploads\/2024\/08\/Copia-de-Copia-de-Copia-de-TAMANHO-EXATO-PARA-FOTOS-NO-SISTEMA-NOVO-4_2024-08-23_13-58-50_jpg_2024-08-23_13-58-50.webp.webp?fit=1200%2C675&ssl=1&resize=350%2C200 1x, https:\/\/i0.wp.com\/noticiasribeiraopreto.com.br\/wp-content\/uploads\/2024\/08\/Copia-de-Copia-de-Copia-de-TAMANHO-EXATO-PARA-FOTOS-NO-SISTEMA-NOVO-4_2024-08-23_13-58-50_jpg_2024-08-23_13-58-50.webp.webp?fit=1200%2C675&ssl=1&resize=525%2C300 1.5x, https:\/\/i0.wp.com\/noticiasribeiraopreto.com.br\/wp-content\/uploads\/2024\/08\/Copia-de-Copia-de-Copia-de-TAMANHO-EXATO-PARA-FOTOS-NO-SISTEMA-NOVO-4_2024-08-23_13-58-50_jpg_2024-08-23_13-58-50.webp.webp?fit=1200%2C675&ssl=1&resize=700%2C400 2x, https:\/\/i0.wp.com\/noticiasribeiraopreto.com.br\/wp-content\/uploads\/2024\/08\/Copia-de-Copia-de-Copia-de-TAMANHO-EXATO-PARA-FOTOS-NO-SISTEMA-NOVO-4_2024-08-23_13-58-50_jpg_2024-08-23_13-58-50.webp.webp?fit=1200%2C675&ssl=1&resize=1050%2C600 3x"},"classes":[]},{"id":66706,"url":"https:\/\/noticiasribeiraopreto.com.br\/index.php\/2025\/04\/04\/shoppings-de-ribeirao-tem-programacao-gratuita-de-pascoa-veja-como-participar\/","url_meta":{"origin":69439,"position":4},"title":"Shoppings de Ribeir\u00e3o t\u00eam programa\u00e7\u00e3o gratuita de P\u00e1scoa; Veja como participar","author":"noticiasribeiraopreto.com.br","date":"4 de April de 2025","format":false,"excerpt":"Os shoppings de Ribeir\u00e3o Preto est\u00e3o se preparando para celebrar a P\u00e1scoa, que acontece no dia 20 de abril neste ano. Na programa\u00e7\u00e3o est\u00e3o oficinas especiais, pintura facial tem\u00e1tica, visita do \u2018Coelhinho da P\u00e1scoa\u2019, personaliza\u00e7\u00e3o de biscoitos amanteigados e parada especial de P\u00e1scoa. Confira: Ribeir\u00e3o Shopping At\u00e9 o dia 20\u2026","rel":"","context":"In &quot;Not\u00edcias de Ribeir\u00e3o Preto-SP e Regi\u00e3o&quot;","block_context":{"text":"Not\u00edcias de Ribeir\u00e3o Preto-SP e Regi\u00e3o","link":"https:\/\/noticiasribeiraopreto.com.br\/index.php\/category\/noticias-de-ribeirao-preto-sp-e-regiao-ismael-colosi\/"},"img":{"alt_text":"","src":"https:\/\/i0.wp.com\/noticiasribeiraopreto.com.br\/wp-content\/uploads\/2025\/04\/Copia-de-Copia-de-Copia-de-TAMANHO-EXATO-PARA-FOTOS-NO-SISTEMA-NOVO-2025-04-04T132036.531_2025-04-04_16-20-39_png_2025-04-04_16-20-39.webp.webp?fit=1200%2C675&ssl=1&resize=350%2C200","width":350,"height":200,"srcset":"https:\/\/i0.wp.com\/noticiasribeiraopreto.com.br\/wp-content\/uploads\/2025\/04\/Copia-de-Copia-de-Copia-de-TAMANHO-EXATO-PARA-FOTOS-NO-SISTEMA-NOVO-2025-04-04T132036.531_2025-04-04_16-20-39_png_2025-04-04_16-20-39.webp.webp?fit=1200%2C675&ssl=1&resize=350%2C200 1x, https:\/\/i0.wp.com\/noticiasribeiraopreto.com.br\/wp-content\/uploads\/2025\/04\/Copia-de-Copia-de-Copia-de-TAMANHO-EXATO-PARA-FOTOS-NO-SISTEMA-NOVO-2025-04-04T132036.531_2025-04-04_16-20-39_png_2025-04-04_16-20-39.webp.webp?fit=1200%2C675&ssl=1&resize=525%2C300 1.5x, https:\/\/i0.wp.com\/noticiasribeiraopreto.com.br\/wp-content\/uploads\/2025\/04\/Copia-de-Copia-de-Copia-de-TAMANHO-EXATO-PARA-FOTOS-NO-SISTEMA-NOVO-2025-04-04T132036.531_2025-04-04_16-20-39_png_2025-04-04_16-20-39.webp.webp?fit=1200%2C675&ssl=1&resize=700%2C400 2x, https:\/\/i0.wp.com\/noticiasribeiraopreto.com.br\/wp-content\/uploads\/2025\/04\/Copia-de-Copia-de-Copia-de-TAMANHO-EXATO-PARA-FOTOS-NO-SISTEMA-NOVO-2025-04-04T132036.531_2025-04-04_16-20-39_png_2025-04-04_16-20-39.webp.webp?fit=1200%2C675&ssl=1&resize=1050%2C600 3x"},"classes":[]},{"id":54552,"url":"https:\/\/noticiasribeiraopreto.com.br\/index.php\/2024\/07\/12\/ferias-no-museu-casa-de-portinari-promove-programacao-gratuita-confira\/","url_meta":{"origin":69439,"position":5},"title":"F\u00e9rias no Museu: Casa de Portinari promove programa\u00e7\u00e3o gratuita; Confira","author":"noticiasribeiraopreto.com.br","date":"12 de July de 2024","format":false,"excerpt":"O Museu Casa de Portinari promove uma programa\u00e7\u00e3o gratuita para o projeto \u201cF\u00e9rias no Museu\u201d que acontece at\u00e9 o dia 31 de julho. Entre as principais atividades est\u00e3o: oficinas, ateli\u00ea ao vivo, palestra e brincadeiras . Confira a agenda completa: Oficina de fantoche A oficina \u201cMenina de Fita e Palaninho\u201d\u2026","rel":"","context":"In &quot;Not\u00edcias de Ribeir\u00e3o Preto-SP e Regi\u00e3o&quot;","block_context":{"text":"Not\u00edcias de Ribeir\u00e3o Preto-SP e Regi\u00e3o","link":"https:\/\/noticiasribeiraopreto.com.br\/index.php\/category\/noticias-de-ribeirao-preto-sp-e-regiao-ismael-colosi\/"},"img":{"alt_text":"","src":"https:\/\/i0.wp.com\/noticiasribeiraopreto.com.br\/wp-content\/uploads\/2024\/07\/e592a339-3e52-4970-943d-2d20643e9b7b_2024-07-12_14-30-44_jpeg_2024-07-12_14-30-45.webp.webp?fit=1200%2C1200&ssl=1&resize=350%2C200","width":350,"height":200,"srcset":"https:\/\/i0.wp.com\/noticiasribeiraopreto.com.br\/wp-content\/uploads\/2024\/07\/e592a339-3e52-4970-943d-2d20643e9b7b_2024-07-12_14-30-44_jpeg_2024-07-12_14-30-45.webp.webp?fit=1200%2C1200&ssl=1&resize=350%2C200 1x, https:\/\/i0.wp.com\/noticiasribeiraopreto.com.br\/wp-content\/uploads\/2024\/07\/e592a339-3e52-4970-943d-2d20643e9b7b_2024-07-12_14-30-44_jpeg_2024-07-12_14-30-45.webp.webp?fit=1200%2C1200&ssl=1&resize=525%2C300 1.5x, https:\/\/i0.wp.com\/noticiasribeiraopreto.com.br\/wp-content\/uploads\/2024\/07\/e592a339-3e52-4970-943d-2d20643e9b7b_2024-07-12_14-30-44_jpeg_2024-07-12_14-30-45.webp.webp?fit=1200%2C1200&ssl=1&resize=700%2C400 2x, https:\/\/i0.wp.com\/noticiasribeiraopreto.com.br\/wp-content\/uploads\/2024\/07\/e592a339-3e52-4970-943d-2d20643e9b7b_2024-07-12_14-30-44_jpeg_2024-07-12_14-30-45.webp.webp?fit=1200%2C1200&ssl=1&resize=1050%2C600 3x"},"classes":[]}],"jetpack_sharing_enabled":true,"jetpack_shortlink":"https:\/\/wp.me\/peQAOb-i3Z","_links":{"self":[{"href":"https:\/\/noticiasribeiraopreto.com.br\/index.php\/wp-json\/wp\/v2\/posts\/69439","targetHints":{"allow":["GET"]}}],"collection":[{"href":"https:\/\/noticiasribeiraopreto.com.br\/index.php\/wp-json\/wp\/v2\/posts"}],"about":[{"href":"https:\/\/noticiasribeiraopreto.com.br\/index.php\/wp-json\/wp\/v2\/types\/post"}],"author":[{"embeddable":true,"href":"https:\/\/noticiasribeiraopreto.com.br\/index.php\/wp-json\/wp\/v2\/users\/1"}],"replies":[{"embeddable":true,"href":"https:\/\/noticiasribeiraopreto.com.br\/index.php\/wp-json\/wp\/v2\/comments?post=69439"}],"version-history":[{"count":0,"href":"https:\/\/noticiasribeiraopreto.com.br\/index.php\/wp-json\/wp\/v2\/posts\/69439\/revisions"}],"wp:featuredmedia":[{"embeddable":true,"href":"https:\/\/noticiasribeiraopreto.com.br\/index.php\/wp-json\/wp\/v2\/media\/69440"}],"wp:attachment":[{"href":"https:\/\/noticiasribeiraopreto.com.br\/index.php\/wp-json\/wp\/v2\/media?parent=69439"}],"wp:term":[{"taxonomy":"category","embeddable":true,"href":"https:\/\/noticiasribeiraopreto.com.br\/index.php\/wp-json\/wp\/v2\/categories?post=69439"},{"taxonomy":"post_tag","embeddable":true,"href":"https:\/\/noticiasribeiraopreto.com.br\/index.php\/wp-json\/wp\/v2\/tags?post=69439"}],"curies":[{"name":"wp","href":"https:\/\/api.w.org\/{rel}","templated":true}]}}