{"id":69441,"date":"2025-05-06T10:40:25","date_gmt":"2025-05-06T13:40:25","guid":{"rendered":"https:\/\/noticiasribeiraopreto.com.br\/index.php\/2025\/05\/06\/projeto-em-rp-cria-aulas-extraordinarias\/"},"modified":"2025-05-06T10:40:25","modified_gmt":"2025-05-06T13:40:25","slug":"projeto-em-rp-cria-aulas-extraordinarias","status":"publish","type":"post","link":"https:\/\/noticiasribeiraopreto.com.br\/index.php\/2025\/05\/06\/projeto-em-rp-cria-aulas-extraordinarias\/","title":{"rendered":"Projeto em RP cria aulas extraordin\u00e1rias \u00a0"},"content":{"rendered":"<div class='code-block code-block-1' style='margin: 8px 0 8px auto; text-align: right; display: block; clear: both;'>\n<p><a href=\"https:\/\/wa.link\/vpicfd\"><img data-recalc-dims=\"1\" class=\"wp-image-4922\" style=\"aspect-ratio: 2.0253164556962027; width: 561px; height: auto;\" src=\"https:\/\/i0.wp.com\/ismaelcolosi.com.br\/wp-content\/uploads\/2023\/11\/grupo-de-empregos-whatsapp-e-facebook-ismael-colosi-vagas.jpg?ssl=1\" alt=\"\" \/><\/a><\/p>\n<!-- \/wp:image -->\n<\/div>\n<p> <br \/>\n<\/p>\n<div id=\"\">\n<p>\n\t\t\t\t\t\t\t\t\t<span class=\"entry-meta-item penci-posted-on\"><i class=\"fa fa-clock-o\"\/><time class=\"entry-date published\" datetime=\"2025-05-06T10:30:14-03:00\">6 de maio de 2025 10:30<\/time><time class=\"updated\" datetime=\"2025-05-06T09:32:03-03:00\">6 de maio de 2025 09:32<\/time><\/span><span class=\"entry-meta-item penci-post-countview\"><span class=\"entry-meta-item penci-post-countview penci_post-meta_item\"><i class=\"fa fa-eye\"\/><span class=\"penci-post-countview-number penci-post-countview-p424862\">8<\/span><\/span><\/span>\t\t\t\t\t\t\t\t<\/p>\n<p><!-- .entry-meta --><br \/>\n\t\t\t\t\t\t\t\t<span class=\"penci-social-buttons penci-social-share-footer\"><span class=\"penci-social-share-text\">Compartilhar<\/span><a href=\"#\" class=\"penci-post-like penci_post-meta_item  single-like-button penci-social-item like\" data-post_id=\"424862\" title=\"Like\" data-like=\"Like\" data-unlike=\"Unlike\"><i class=\"fa fa-thumbs-o-up\"\/><span class=\"penci-share-number\">0<\/span><\/a><i class=\"fa fa-facebook\"\/><a class=\"penci-social-item twitter\" target=\"_blank\" rel=\"noopener\" title=\"\" href=\"https:\/\/twitter.com\/intent\/tweet?text=Projeto%20em%20RP%20cria%20aulas%20extraordin\u00e1rias%20\u00a0%20-%20https:\/\/www.tribunaribeirao.com.br\/projeto-em-rp-cria-aulas-extraordinarias\/\"><i class=\"fa fa-twitter\"\/><\/a><i class=\"fa fa-linkedin\"\/><i class=\"fa fa-whatsapp\"\/><i class=\"fa fa-telegram\"\/><i class=\"fa fa-envelope\"\/><\/span>\t\t\t\t\t\t\t<\/div>\n<div>\n<p><span class=\"TextRun SCXW33980904 BCX0\" lang=\"PT-BR\" xml:lang=\"PT-BR\" data-contrast=\"auto\"><span class=\"NormalTextRun SCXW33980904 BCX0\">A <\/span><span class=\"NormalTextRun SCXW33980904 BCX0\">p<\/span><span class=\"NormalTextRun SCXW33980904 BCX0\">refeitura de Ribeir\u00e3o Preto encaminhou para an\u00e1lise <\/span><span class=\"NormalTextRun SCXW33980904 BCX0\">da C\u00e2mara de Vereadores <\/span><span class=\"NormalTextRun SCXW33980904 BCX0\">projeto de lei que cria a Aula Extraordin\u00e1ria de Trabalho Direto com Aluno.\u00a0 <\/span><span class=\"NormalTextRun SCXW33980904 BCX0\">O objetivo \u00e9 adequar <\/span><span class=\"NormalTextRun SCXW33980904 BCX0\">o munic\u00edpio <\/span><span class=\"NormalTextRun SCXW33980904 BCX0\">\u00e0 <\/span><span class=\"NormalTextRun SCXW33980904 BCX0\">decis\u00e3o <\/span><span class=\"NormalTextRun SCXW33980904 BCX0\">judicial <\/span><span class=\"NormalTextRun SCXW33980904 BCX0\">que barrou a jornada regular excessiva dos professores.<\/span><\/span><span class=\"LineBreakBlob BlobObject DragDrop SCXW33980904 BCX0\"><span class=\"SCXW33980904 BCX0\">\u00a0<\/span><br class=\"SCXW33980904 BCX0\"\/><\/span><span class=\"LineBreakBlob BlobObject DragDrop SCXW33980904 BCX0\"><span class=\"SCXW33980904 BCX0\">\u00a0<\/span><br class=\"SCXW33980904 BCX0\"\/><\/span><span class=\"TextRun SCXW33980904 BCX0\" lang=\"PT-BR\" xml:lang=\"PT-BR\" data-contrast=\"auto\"><span class=\"NormalTextRun SCXW33980904 BCX0\">Em 2012, na gest\u00e3o da ent\u00e3o prefeita Darcy Vera, <\/span><span class=\"NormalTextRun SCXW33980904 BCX0\">a lei <\/span><span class=\"NormalTextRun SCXW33980904 BCX0\">n\u00famero <\/span><span class=\"NormalTextRun SCXW33980904 BCX0\">2.524\/2012<\/span> <span class=\"NormalTextRun SCXW33980904 BCX0\">foi aprovada <\/span><span class=\"NormalTextRun SCXW33980904 BCX0\">na <\/span><span class=\"NormalTextRun SCXW33980904 BCX0\">C\u00e2mara de Vereadores e sancionada pelo Executivo, que estabeleceu em 58 horas-aula a jornada de trabalho dos professores da rede municipal de Ribeir\u00e3o Preto. <\/span><\/span><span class=\"LineBreakBlob BlobObject DragDrop SCXW33980904 BCX0\"><span class=\"SCXW33980904 BCX0\">\u00a0<\/span><br class=\"SCXW33980904 BCX0\"\/><\/span><span class=\"LineBreakBlob BlobObject DragDrop SCXW33980904 BCX0\"><span class=\"SCXW33980904 BCX0\">\u00a0<\/span><br class=\"SCXW33980904 BCX0\"\/><\/span><span class=\"TextRun SCXW33980904 BCX0\" lang=\"PT-BR\" xml:lang=\"PT-BR\" data-contrast=\"auto\"><span class=\"NormalTextRun SCXW33980904 BCX0\">A lei foi<\/span><span class=\"NormalTextRun SCXW33980904 BCX0\"> questionada na Justi\u00e7a em uma a<\/span><span class=\"NormalTextRun SCXW33980904 BCX0\">\u00e7\u00e3o <\/span><span class=\"NormalTextRun SCXW33980904 BCX0\">d<\/span><span class=\"NormalTextRun SCXW33980904 BCX0\">ireta <\/span><span class=\"NormalTextRun SCXW33980904 BCX0\">d<\/span><span class=\"NormalTextRun SCXW33980904 BCX0\">e <\/span><span class=\"NormalTextRun SCXW33980904 BCX0\">i<\/span><span class=\"NormalTextRun SCXW33980904 BCX0\">nconstitucionalidade (Adi) e, no final do ano passado, o Tribunal de Justi\u00e7a de S\u00e3o Paulo (TJSP) a <\/span><span class=\"NormalTextRun SCXW33980904 BCX0\">c<\/span><span class=\"NormalTextRun SCXW33980904 BCX0\">onsiderou inconstitucional. Atualmente<\/span><span class=\"NormalTextRun SCXW33980904 BCX0\">,<\/span><span class=\"NormalTextRun SCXW33980904 BCX0\"> a prefeitura tem cerca de <\/span><span class=\"NormalTextRun SCXW33980904 BCX0\">quatro<\/span><span class=\"NormalTextRun SCXW33980904 BCX0\"> mil professores e 517 foram atingidos pela decis\u00e3o. <\/span><\/span><span class=\"LineBreakBlob BlobObject DragDrop SCXW33980904 BCX0\"><span class=\"SCXW33980904 BCX0\">\u00a0<\/span><br class=\"SCXW33980904 BCX0\"\/><\/span><span class=\"LineBreakBlob BlobObject DragDrop SCXW33980904 BCX0\"><span class=\"SCXW33980904 BCX0\">\u00a0<\/span><br class=\"SCXW33980904 BCX0\"\/><\/span><span class=\"TextRun SCXW33980904 BCX0\" lang=\"PT-BR\" xml:lang=\"PT-BR\" data-contrast=\"auto\"><span class=\"NormalTextRun SCXW33980904 BCX0\">No entendimento do TJ<\/span><span class=\"NormalTextRun SCXW33980904 BCX0\">,<\/span><span class=\"NormalTextRun SCXW33980904 BCX0\"> a Constitui\u00e7\u00e3o Federal estabelece o limite de 44 horas semanais de trabalho. De acordo com o projeto do Executivo, as aulas extraordin\u00e1rias s\u00e3o aquelas fora da jornada regular de trabalho que n\u00e3o s\u00e3o incorporadas na jornada regular dos professores e nem \u00e0 remunera\u00e7\u00e3o mensal normal deles <\/span><\/span><span class=\"LineBreakBlob BlobObject DragDrop SCXW33980904 BCX0\"><span class=\"SCXW33980904 BCX0\">\u00a0<\/span><br class=\"SCXW33980904 BCX0\"\/><\/span><span class=\"LineBreakBlob BlobObject DragDrop SCXW33980904 BCX0\"><span class=\"SCXW33980904 BCX0\">\u00a0<\/span><br class=\"SCXW33980904 BCX0\"\/><\/span><span class=\"TextRun SCXW33980904 BCX0\" lang=\"PT-BR\" xml:lang=\"PT-BR\" data-contrast=\"auto\"><span class=\"NormalTextRun SCXW33980904 BCX0\">O valor a ser pago por cada aula vai ter como base o valor da hora-aula eventual acrescido de 50%.<\/span> <span class=\"NormalTextRun SCXW33980904 BCX0\">Na justificativa do projeto, a prefeitura destaca que a medida garante que os professores n\u00e3o tenham perda salarial, al\u00e9m de conseguir manter o controle da jornada e o equil\u00edbrio financeiro. Antes de elaborar o projeto, a medida foi discutida com o Sindicato dos Servidores Municipais, na data<\/span><span class=\"NormalTextRun SCXW33980904 BCX0\">-b<\/span><span class=\"NormalTextRun SCXW33980904 BCX0\">ase do<\/span><span class=\"NormalTextRun SCXW33980904 BCX0\"> funcionalismo, em <\/span><span class=\"NormalTextRun SCXW33980904 BCX0\">mar\u00e7o.<\/span><\/span><span class=\"LineBreakBlob BlobObject DragDrop SCXW33980904 BCX0\"><span class=\"SCXW33980904 BCX0\">\u00a0<\/span><br class=\"SCXW33980904 BCX0\"\/><\/span><span class=\"LineBreakBlob BlobObject DragDrop SCXW33980904 BCX0\"><span class=\"SCXW33980904 BCX0\">\u00a0<\/span><br class=\"SCXW33980904 BCX0\"\/><\/span><span class=\"TextRun SCXW33980904 BCX0\" lang=\"PT-BR\" xml:lang=\"PT-BR\" data-contrast=\"auto\"><span class=\"NormalTextRun SCXW33980904 BCX0\">O projeto de lei tamb\u00e9m cria um sistema de credenciamento de profissionais para atua\u00e7\u00e3o emergencial e tempor\u00e1ria, destinado a candidatos sem v\u00ednculo com o quadro de profissionais da rede municipal.<\/span> <span class=\"NormalTextRun SCXW33980904 BCX0\">A Secretaria Municipal da Educa\u00e7\u00e3o divulgou que a medida \u00e9 provis\u00f3ria e evita preju\u00edzos ao funcionamento das escolas. <\/span><span class=\"NormalTextRun SCXW33980904 BCX0\">O<\/span><span class=\"NormalTextRun SCXW33980904 BCX0\"> Executivo trabalha na elabora\u00e7\u00e3o de um projeto definitivo para reestruturar a jornada dos profissionais.<\/span><\/span><span class=\"EOP SCXW33980904 BCX0\" data-ccp-props=\"{}\">\u00a0<\/span><\/p>\n<hr\/>\n<p>Jornal Tribuna Ribeir\u00e3o<\/p>\n<p>Um Jornal com a cara de Ribeir\u00e3o!<\/p>\n<p>Impresso | WEB | Redes sociais<\/p>\n<p>\u00a0<\/p>\n<p>Tribuna Ribeir\u00e3o \u2013 Fone: (16) 3632-2200 \u2013 Whatsapp: (16) 98161-8743<\/p>\n<p>Av. Bar\u00e3o do Bananal, 880 \u2013 Jardim Anhanguera, Ribeir\u00e3o Preto<\/p>\n<p>\u00a0<\/p>\n<p>@tribunaribeirao @jornaltribuna<\/p>\n<p>@jornaltribunaribeirao @jornalribeiraopreto<\/p>\n<p>@noticiasribeiraopreto @meiamaratona<\/p>\n<p>@meiamaratonainternacionalderibeiraopreto<\/p>\n<p>@meiamaratonatribunaribeirao<\/p>\n<p>\u00a0<\/p>\n<p>#TribunaRibeir\u00e3o #News #Not\u00edcia #Ribeir\u00e3oPreto #Not\u00edciasDeRibeir\u00e3oPreto #ClassificadosTribunaRibeir\u00e3o #Jornalismo #ClassificadosRibeir\u00e3o<\/p>\n<\/div>\n<p><script async src=\"\/\/platform.twitter.com\/widgets.js\" charset=\"utf-8\"><\/script><br \/>\n<br \/><br \/>\n<br \/><a href=\"https:\/\/www.tribunaribeirao.com.br\/projeto-em-rp-cria-aulas-extraordinarias\/\">Source link <\/a><\/p>\n<!-- CONTENT END 1 -->\n","protected":false},"excerpt":{"rendered":"<p>6 de maio de 2025 10:306 de maio de 2025 09:328 Compartilhar0 A prefeitura de Ribeir\u00e3o Preto encaminhou para an\u00e1lise da C\u00e2mara de Vereadores projeto&#8230;<\/p>\n","protected":false},"author":1,"featured_media":69442,"comment_status":"open","ping_status":"open","sticky":false,"template":"","format":"standard","meta":{"advanced_seo_description":"","jetpack_seo_html_title":"","jetpack_seo_noindex":false,"jetpack_post_was_ever_published":false,"_jetpack_newsletter_access":"","_jetpack_dont_email_post_to_subs":false,"_jetpack_newsletter_tier_id":0,"_jetpack_memberships_contains_paywalled_content":false,"_jetpack_memberships_contains_paid_content":false,"footnotes":"","jetpack_publicize_message":"","jetpack_publicize_feature_enabled":true,"jetpack_social_post_already_shared":true,"jetpack_social_options":{"image_generator_settings":{"template":"highway","default_image_id":0,"font":"","enabled":false},"version":2}},"categories":[11],"tags":[],"class_list":["post-69441","post","type-post","status-publish","format-standard","has-post-thumbnail","hentry","category-noticias-de-ribeirao-preto-sp-e-regiao-ismael-colosi"],"jetpack_publicize_connections":[],"jetpack_featured_media_url":"https:\/\/i0.wp.com\/noticiasribeiraopreto.com.br\/wp-content\/uploads\/2025\/05\/AulaRP-Fernando-Gonzaga-scaled.jpg?fit=750%2C500&ssl=1","jetpack-related-posts":[{"id":47341,"url":"https:\/\/noticiasribeiraopreto.com.br\/index.php\/2024\/04\/25\/bolsa-familia-oferece-r-2-mil-em-maio-descubra-se-voce-esta-na-lista\/","url_meta":{"origin":69441,"position":0},"title":"Bolsa Fam\u00edlia oferece R$ 2 Mil em Maio: Descubra se voc\u00ea est\u00e1 na lista","author":"noticiasribeiraopreto.com.br","date":"25 de April de 2024","format":false,"excerpt":"A recente decis\u00e3o de permitir o ac\u00famulo do Bolsa Fam\u00edlia e dos Benef\u00edcios de Pagamento Cont\u00ednuo (BPC) \u00e9 uma not\u00edcia positiva para os benefici\u00e1rios, pois aumenta a probabilidade de receber mais de 2 mil reais a partir de maio de 2024. O BPC \u00e9 um benef\u00edcio eleg\u00edvel para idosos e\u2026","rel":"","context":"In &quot;Dinheiro e Investimento&quot;","block_context":{"text":"Dinheiro e Investimento","link":"https:\/\/noticiasribeiraopreto.com.br\/index.php\/category\/dinheiro-e-investimento-como-fazer-como-ganhar\/"},"img":{"alt_text":"","src":"https:\/\/i0.wp.com\/noticiasribeiraopreto.com.br\/wp-content\/uploads\/2024\/04\/Design-sem-nome-3.webp.webp?fit=1200%2C630&ssl=1&resize=350%2C200","width":350,"height":200,"srcset":"https:\/\/i0.wp.com\/noticiasribeiraopreto.com.br\/wp-content\/uploads\/2024\/04\/Design-sem-nome-3.webp.webp?fit=1200%2C630&ssl=1&resize=350%2C200 1x, https:\/\/i0.wp.com\/noticiasribeiraopreto.com.br\/wp-content\/uploads\/2024\/04\/Design-sem-nome-3.webp.webp?fit=1200%2C630&ssl=1&resize=525%2C300 1.5x, https:\/\/i0.wp.com\/noticiasribeiraopreto.com.br\/wp-content\/uploads\/2024\/04\/Design-sem-nome-3.webp.webp?fit=1200%2C630&ssl=1&resize=700%2C400 2x, https:\/\/i0.wp.com\/noticiasribeiraopreto.com.br\/wp-content\/uploads\/2024\/04\/Design-sem-nome-3.webp.webp?fit=1200%2C630&ssl=1&resize=1050%2C600 3x"},"classes":[]},{"id":47242,"url":"https:\/\/noticiasribeiraopreto.com.br\/index.php\/2024\/04\/25\/bolsa-familia-governo-divulga-nova-lista-nis-de-contemplados-para-receber-r-800-em-maio-confira-calendario\/","url_meta":{"origin":69441,"position":1},"title":"Bolsa Fam\u00edlia: Governo divulga nova lista NIS de contemplados para receber R$ 800 em MAIO; Confira calend\u00e1rio","author":"noticiasribeiraopreto.com.br","date":"25 de April de 2024","format":false,"excerpt":"O programa Bolsa Fam\u00edlia, que j\u00e1 se tornou parte importante do apoio socioecon\u00f4mico a milhares de fam\u00edlias no Brasil, apresenta novos pagamentos e benef\u00edcios adicionais que ter\u00e3o in\u00edcio no pr\u00f3ximo m\u00eas. Entenda agora como \u00e9 o pagamento e quais s\u00e3o os novos benef\u00edcios para os benefici\u00e1rios. 1. Quando come\u00e7am os\u2026","rel":"","context":"In &quot;Dinheiro e Investimento&quot;","block_context":{"text":"Dinheiro e Investimento","link":"https:\/\/noticiasribeiraopreto.com.br\/index.php\/category\/dinheiro-e-investimento-como-fazer-como-ganhar\/"},"img":{"alt_text":"","src":"https:\/\/i0.wp.com\/noticiasribeiraopreto.com.br\/wp-content\/uploads\/2024\/04\/STARTUP-2.webp.webp?fit=1200%2C630&ssl=1&resize=350%2C200","width":350,"height":200,"srcset":"https:\/\/i0.wp.com\/noticiasribeiraopreto.com.br\/wp-content\/uploads\/2024\/04\/STARTUP-2.webp.webp?fit=1200%2C630&ssl=1&resize=350%2C200 1x, https:\/\/i0.wp.com\/noticiasribeiraopreto.com.br\/wp-content\/uploads\/2024\/04\/STARTUP-2.webp.webp?fit=1200%2C630&ssl=1&resize=525%2C300 1.5x, https:\/\/i0.wp.com\/noticiasribeiraopreto.com.br\/wp-content\/uploads\/2024\/04\/STARTUP-2.webp.webp?fit=1200%2C630&ssl=1&resize=700%2C400 2x, https:\/\/i0.wp.com\/noticiasribeiraopreto.com.br\/wp-content\/uploads\/2024\/04\/STARTUP-2.webp.webp?fit=1200%2C630&ssl=1&resize=1050%2C600 3x"},"classes":[]},{"id":68932,"url":"https:\/\/noticiasribeiraopreto.com.br\/index.php\/2025\/04\/30\/frente-fria-e-queda-da-temperatura-em-maio-veja-previsao-para-o-mes-no-estado-de-sp\/","url_meta":{"origin":69441,"position":2},"title":"Frente fria e queda da temperatura em maio? Veja previs\u00e3o para o m\u00eas no estado de SP","author":"noticiasribeiraopreto.com.br","date":"30 de April de 2025","format":false,"excerpt":"O m\u00eas de maio come\u00e7a nesta quinta-feira (1), feriado do Dia do Trabalho, e a meteorologia divulgou a previs\u00e3o clim\u00e1tica para o per\u00edodo. A Climatempo diz que em maio de 2025 n\u00e3o haver\u00e1 a influ\u00eancia de fen\u00f4menos como El Ni\u00f1o e La Ni\u00f1a, pois ser\u00e1 de neutralidade t\u00e9rmica no Oceano\u2026","rel":"","context":"In &quot;Not\u00edcias de Ribeir\u00e3o Preto-SP e Regi\u00e3o&quot;","block_context":{"text":"Not\u00edcias de Ribeir\u00e3o Preto-SP e Regi\u00e3o","link":"https:\/\/noticiasribeiraopreto.com.br\/index.php\/category\/noticias-de-ribeirao-preto-sp-e-regiao-ismael-colosi\/"},"img":{"alt_text":"","src":"https:\/\/i0.wp.com\/noticiasribeiraopreto.com.br\/wp-content\/uploads\/2025\/04\/ceu_nublado_e_tempo_frio_em_campinas_cxdigo_19_166036-scaled.jpg?fit=1200%2C800&ssl=1&resize=350%2C200","width":350,"height":200,"srcset":"https:\/\/i0.wp.com\/noticiasribeiraopreto.com.br\/wp-content\/uploads\/2025\/04\/ceu_nublado_e_tempo_frio_em_campinas_cxdigo_19_166036-scaled.jpg?fit=1200%2C800&ssl=1&resize=350%2C200 1x, https:\/\/i0.wp.com\/noticiasribeiraopreto.com.br\/wp-content\/uploads\/2025\/04\/ceu_nublado_e_tempo_frio_em_campinas_cxdigo_19_166036-scaled.jpg?fit=1200%2C800&ssl=1&resize=525%2C300 1.5x, https:\/\/i0.wp.com\/noticiasribeiraopreto.com.br\/wp-content\/uploads\/2025\/04\/ceu_nublado_e_tempo_frio_em_campinas_cxdigo_19_166036-scaled.jpg?fit=1200%2C800&ssl=1&resize=700%2C400 2x, https:\/\/i0.wp.com\/noticiasribeiraopreto.com.br\/wp-content\/uploads\/2025\/04\/ceu_nublado_e_tempo_frio_em_campinas_cxdigo_19_166036-scaled.jpg?fit=1200%2C800&ssl=1&resize=1050%2C600 3x"},"classes":[]},{"id":14115,"url":"https:\/\/noticiasribeiraopreto.com.br\/index.php\/2023\/12\/11\/obras-do-corredor-de-onibus-castelo-branco-13-de-maio-estao-em-andamento\/","url_meta":{"origin":69441,"position":3},"title":"Obras do corredor de \u00f4nibus Castelo Branco\/ 13 de Maio est\u00e3o em andamento \u2013 Folha de Ribeir\u00e3o","author":"noticiasribeiraopreto.com.br","date":"11 de December de 2023","format":false,"excerpt":"As obras do corredor de \u00f4nibus das avenidas Castelo Branco\/ 13 de Maio est\u00e3o\u00a0em ritmo acelerado, com mais de 40% do projeto conclu\u00eddo. Com previs\u00e3o para ser entregue em setembro de 2024, os trabalhos est\u00e3o concentrados na reconstru\u00e7\u00e3o do pavimento dos corredores na avenida Le\u00e3o XIII e, nas marginais da\u2026","rel":"","context":"In &quot;Not\u00edcias de Ribeir\u00e3o Preto-SP e Regi\u00e3o&quot;","block_context":{"text":"Not\u00edcias de Ribeir\u00e3o Preto-SP e Regi\u00e3o","link":"https:\/\/noticiasribeiraopreto.com.br\/index.php\/category\/noticias-de-ribeirao-preto-sp-e-regiao-ismael-colosi\/"},"img":{"alt_text":"","src":"https:\/\/i0.wp.com\/noticiasribeiraopreto.com.br\/wp-content\/uploads\/2023\/12\/obras_corredor_castelo_branco_-_foto_guilherme_sircili_5.jpg?fit=1200%2C800&ssl=1&resize=350%2C200","width":350,"height":200,"srcset":"https:\/\/i0.wp.com\/noticiasribeiraopreto.com.br\/wp-content\/uploads\/2023\/12\/obras_corredor_castelo_branco_-_foto_guilherme_sircili_5.jpg?fit=1200%2C800&ssl=1&resize=350%2C200 1x, https:\/\/i0.wp.com\/noticiasribeiraopreto.com.br\/wp-content\/uploads\/2023\/12\/obras_corredor_castelo_branco_-_foto_guilherme_sircili_5.jpg?fit=1200%2C800&ssl=1&resize=525%2C300 1.5x, https:\/\/i0.wp.com\/noticiasribeiraopreto.com.br\/wp-content\/uploads\/2023\/12\/obras_corredor_castelo_branco_-_foto_guilherme_sircili_5.jpg?fit=1200%2C800&ssl=1&resize=700%2C400 2x, https:\/\/i0.wp.com\/noticiasribeiraopreto.com.br\/wp-content\/uploads\/2023\/12\/obras_corredor_castelo_branco_-_foto_guilherme_sircili_5.jpg?fit=1200%2C800&ssl=1&resize=1050%2C600 3x"},"classes":[]},{"id":69907,"url":"https:\/\/noticiasribeiraopreto.com.br\/index.php\/2025\/05\/10\/ribeirao-preto-recebe-projeto-que-leva-palestras-cientificas-aos-bares\/","url_meta":{"origin":69441,"position":4},"title":"Ribeir\u00e3o Preto recebe projeto que leva palestras cient\u00edficas aos bares","author":"noticiasribeiraopreto.com.br","date":"10 de May de 2025","format":false,"excerpt":"Entre os dias 19 a 21 de maio, sempre \u00e0s 19h, cientistas e pesquisadores do projeto Pint Of Science ir\u00e3o se apresentar em quatro bares e cervejarias de Ribeir\u00e3o Preto com palestras e mesas redondas sobre suas descobertas e \u00e1reas de conhecimento. Neste ano, o projeto comemora 10 anos no\u2026","rel":"","context":"In &quot;Not\u00edcias de Ribeir\u00e3o Preto-SP e Regi\u00e3o&quot;","block_context":{"text":"Not\u00edcias de Ribeir\u00e3o Preto-SP e Regi\u00e3o","link":"https:\/\/noticiasribeiraopreto.com.br\/index.php\/category\/noticias-de-ribeirao-preto-sp-e-regiao-ismael-colosi\/"},"img":{"alt_text":"","src":"https:\/\/i0.wp.com\/noticiasribeiraopreto.com.br\/wp-content\/uploads\/2025\/05\/Pint-Of-Science-158-_2025-05-10_14-18-29.webp.webp?fit=1200%2C675&ssl=1&resize=350%2C200","width":350,"height":200,"srcset":"https:\/\/i0.wp.com\/noticiasribeiraopreto.com.br\/wp-content\/uploads\/2025\/05\/Pint-Of-Science-158-_2025-05-10_14-18-29.webp.webp?fit=1200%2C675&ssl=1&resize=350%2C200 1x, https:\/\/i0.wp.com\/noticiasribeiraopreto.com.br\/wp-content\/uploads\/2025\/05\/Pint-Of-Science-158-_2025-05-10_14-18-29.webp.webp?fit=1200%2C675&ssl=1&resize=525%2C300 1.5x, https:\/\/i0.wp.com\/noticiasribeiraopreto.com.br\/wp-content\/uploads\/2025\/05\/Pint-Of-Science-158-_2025-05-10_14-18-29.webp.webp?fit=1200%2C675&ssl=1&resize=700%2C400 2x, https:\/\/i0.wp.com\/noticiasribeiraopreto.com.br\/wp-content\/uploads\/2025\/05\/Pint-Of-Science-158-_2025-05-10_14-18-29.webp.webp?fit=1200%2C675&ssl=1&resize=1050%2C600 3x"},"classes":[]},{"id":70198,"url":"https:\/\/noticiasribeiraopreto.com.br\/index.php\/2025\/05\/23\/inss-devolvera-descontos-indevidos-de-abril-a-partir-de-segunda-feira\/","url_meta":{"origin":69441,"position":5},"title":"INSS devolver\u00e1 descontos indevidos de abril a partir de segunda-feira","author":"noticiasribeiraopreto.com.br","date":"23 de May de 2025","format":false,"excerpt":"23 de maio de 2025 15:551 Compartilhar0 Todos os aposentados e pensionistas do INSS que sofreram algum desconto de mensalidade associativa na folha de pagamentos referente a abril ter\u00e3o os valores devolvidos a partir desta segunda-feira, 26 de maio. Ser\u00e3o reembolsados, ao todo, R$ 292 milh\u00f5es aos benefici\u00e1rios. No fim\u2026","rel":"","context":"In &quot;Not\u00edcias de Ribeir\u00e3o Preto-SP e Regi\u00e3o&quot;","block_context":{"text":"Not\u00edcias de Ribeir\u00e3o Preto-SP e Regi\u00e3o","link":"https:\/\/noticiasribeiraopreto.com.br\/index.php\/category\/noticias-de-ribeirao-preto-sp-e-regiao-ismael-colosi\/"},"img":{"alt_text":"","src":"https:\/\/i0.wp.com\/noticiasribeiraopreto.com.br\/wp-content\/uploads\/2025\/05\/Como-consultar-beneficio-por-incapacidade-INSS.jpg?fit=1200%2C729&ssl=1&resize=350%2C200","width":350,"height":200,"srcset":"https:\/\/i0.wp.com\/noticiasribeiraopreto.com.br\/wp-content\/uploads\/2025\/05\/Como-consultar-beneficio-por-incapacidade-INSS.jpg?fit=1200%2C729&ssl=1&resize=350%2C200 1x, https:\/\/i0.wp.com\/noticiasribeiraopreto.com.br\/wp-content\/uploads\/2025\/05\/Como-consultar-beneficio-por-incapacidade-INSS.jpg?fit=1200%2C729&ssl=1&resize=525%2C300 1.5x, https:\/\/i0.wp.com\/noticiasribeiraopreto.com.br\/wp-content\/uploads\/2025\/05\/Como-consultar-beneficio-por-incapacidade-INSS.jpg?fit=1200%2C729&ssl=1&resize=700%2C400 2x, https:\/\/i0.wp.com\/noticiasribeiraopreto.com.br\/wp-content\/uploads\/2025\/05\/Como-consultar-beneficio-por-incapacidade-INSS.jpg?fit=1200%2C729&ssl=1&resize=1050%2C600 3x"},"classes":[]}],"jetpack_sharing_enabled":true,"jetpack_shortlink":"https:\/\/wp.me\/peQAOb-i41","_links":{"self":[{"href":"https:\/\/noticiasribeiraopreto.com.br\/index.php\/wp-json\/wp\/v2\/posts\/69441","targetHints":{"allow":["GET"]}}],"collection":[{"href":"https:\/\/noticiasribeiraopreto.com.br\/index.php\/wp-json\/wp\/v2\/posts"}],"about":[{"href":"https:\/\/noticiasribeiraopreto.com.br\/index.php\/wp-json\/wp\/v2\/types\/post"}],"author":[{"embeddable":true,"href":"https:\/\/noticiasribeiraopreto.com.br\/index.php\/wp-json\/wp\/v2\/users\/1"}],"replies":[{"embeddable":true,"href":"https:\/\/noticiasribeiraopreto.com.br\/index.php\/wp-json\/wp\/v2\/comments?post=69441"}],"version-history":[{"count":0,"href":"https:\/\/noticiasribeiraopreto.com.br\/index.php\/wp-json\/wp\/v2\/posts\/69441\/revisions"}],"wp:featuredmedia":[{"embeddable":true,"href":"https:\/\/noticiasribeiraopreto.com.br\/index.php\/wp-json\/wp\/v2\/media\/69442"}],"wp:attachment":[{"href":"https:\/\/noticiasribeiraopreto.com.br\/index.php\/wp-json\/wp\/v2\/media?parent=69441"}],"wp:term":[{"taxonomy":"category","embeddable":true,"href":"https:\/\/noticiasribeiraopreto.com.br\/index.php\/wp-json\/wp\/v2\/categories?post=69441"},{"taxonomy":"post_tag","embeddable":true,"href":"https:\/\/noticiasribeiraopreto.com.br\/index.php\/wp-json\/wp\/v2\/tags?post=69441"}],"curies":[{"name":"wp","href":"https:\/\/api.w.org\/{rel}","templated":true}]}}