{"id":69443,"date":"2025-05-06T10:43:41","date_gmt":"2025-05-06T13:43:41","guid":{"rendered":"https:\/\/noticiasribeiraopreto.com.br\/index.php\/2025\/05\/06\/briga-entre-irmaos-termina-com-um-ferido-grave-na-zona-oeste-de-ribeirao-preto\/"},"modified":"2025-05-06T10:43:41","modified_gmt":"2025-05-06T13:43:41","slug":"briga-entre-irmaos-termina-com-um-ferido-grave-na-zona-oeste-de-ribeirao-preto","status":"publish","type":"post","link":"https:\/\/noticiasribeiraopreto.com.br\/index.php\/2025\/05\/06\/briga-entre-irmaos-termina-com-um-ferido-grave-na-zona-oeste-de-ribeirao-preto\/","title":{"rendered":"Briga entre irm\u00e3os termina com um ferido grave na zona Oeste de Ribeir\u00e3o Preto"},"content":{"rendered":"<p> <br \/>\n<\/p>\n<div data-td-block-uid=\"tdi_95\">\n<div class=\"tdb-block-inner td-fix-index\">\n<p><strong>Um homem de 48 anos ficou gravemente ferido em uma briga na noite desta segunda-feira (5), no Jardim Paulo Gomes Romeo, zona Oeste de Ribeir\u00e3o Preto.<\/strong><\/p>\n<p><mark style=\"background-color:#abb8c3\" class=\"has-inline-color has-black-color\">Segundo o boletim de ocorr\u00eancia (BO), o irm\u00e3o, de 43 anos, \u00e9 suspeito de atingir a v\u00edtima na cabe\u00e7a com um peda\u00e7o de ferro, na rua Dirceu Peixoto. Ele n\u00e3o foi localizado pela PM (Pol\u00edcia Militar).<\/mark><\/p>\n<p>Consta no registro que a v\u00edtima apresentava sangramento intenso na cabe\u00e7a e foi socorrida por uma equipe do Samu at\u00e9 o Hospital das Cl\u00ednicas \u2013 Unidade de Emerg\u00eancia (HC-UE).<\/p>\n<p>Um documento de identidade, que seria do suspeito, foi encontrado por vizinhos ca\u00eddo no ch\u00e3o e entregue \u00e0 pol\u00edcia.<\/p>\n<p>O caso foi registrado na CPJ (Central de Pol\u00edcia Judici\u00e1ria) Permanente como tentativa de homic\u00eddio para investiga\u00e7\u00e3o da Pol\u00edcia Civil.<\/p>\n<p>SAIBA MAIS<\/p>\n<p>Veranico no outono: Entenda o bloqueio que causa temperaturas elevadas no interior de SP<\/p>\n<h2 class=\"wp-block-heading\"><strong>FIQUE ON<\/strong><\/h2>\n<p>Fique ligado em tudo que acontece em Ribeir\u00e3o Preto e regi\u00e3o. Siga os perfis do\u00a0<strong>acidade on\u00a0<\/strong>no<a href=\"https:\/\/www.instagram.com\/acidadeonribeirao\">\u00a0Instagram<\/a>\u00a0e no\u00a0<a href=\"https:\/\/www.facebook.com\/acidadeonribeirao\/\">Facebook<\/a>.<\/p>\n<p>Receba not\u00edcias do<strong>\u00a0acidade on<\/strong>\u00a0no WhatsApp.<a href=\"https:\/\/chat.whatsapp.com\/BjKQZ9oJwlz8VVT50NuePq\">\u00a0Para entrar no grupo, basta clicar aqui.<\/a><\/p>\n<p>Fa\u00e7a uma den\u00fancia ou sugira uma reportagem sobre Ribeir\u00e3o Preto e regi\u00e3o pelo WhatsApp: 16 99117 7802.<\/p>\n<p>VEJA TAMB\u00c9M<\/p>\n<p>Quando ser\u00e1 o concurso do TCU?<\/p>\n<p><!-- CONTENT END 1 -->\n<\/div>\n<\/div>\n<p><script async src=\"\/\/www.instagram.com\/embed.js\"><\/script><br \/>\n<br \/><br \/>\n<br \/><a href=\"https:\/\/www.acidadeon.com\/ribeiraopreto\/cotidiano\/briga-entre-irmaos-termina-com-um-ferido-grave-na-zona-oeste-de-ribeirao-preto\/\">Source link <\/a><\/p>\n","protected":false},"excerpt":{"rendered":"<p>Um homem de 48 anos ficou gravemente ferido em uma briga na noite desta segunda-feira (5), no Jardim Paulo Gomes Romeo, zona Oeste de Ribeir\u00e3o&#8230;<\/p>\n","protected":false},"author":1,"featured_media":69444,"comment_status":"open","ping_status":"open","sticky":false,"template":"","format":"standard","meta":{"advanced_seo_description":"","jetpack_seo_html_title":"","jetpack_seo_noindex":false,"jetpack_post_was_ever_published":false,"_jetpack_newsletter_access":"","_jetpack_dont_email_post_to_subs":false,"_jetpack_newsletter_tier_id":0,"_jetpack_memberships_contains_paywalled_content":false,"_jetpack_memberships_contains_paid_content":false,"footnotes":"","jetpack_publicize_message":"","jetpack_publicize_feature_enabled":true,"jetpack_social_post_already_shared":true,"jetpack_social_options":{"image_generator_settings":{"template":"highway","default_image_id":0,"font":"","enabled":false},"version":2}},"categories":[11],"tags":[],"class_list":["post-69443","post","type-post","status-publish","format-standard","has-post-thumbnail","hentry","category-noticias-de-ribeirao-preto-sp-e-regiao-ismael-colosi"],"jetpack_publicize_connections":[],"jetpack_featured_media_url":"https:\/\/i0.wp.com\/noticiasribeiraopreto.com.br\/wp-content\/uploads\/2025\/05\/policia_militar_500x320_13072018192433.jpg?fit=500%2C322&ssl=1","jetpack-related-posts":[{"id":84030,"url":"https:\/\/noticiasribeiraopreto.com.br\/index.php\/2026\/03\/31\/homem-e-preso-suspeito-de-matar-irmao-com-tesoura-na-zona-norte-de-ribeirao-preto\/","url_meta":{"origin":69443,"position":0},"title":"Homem \u00e9 preso suspeito de matar irm\u00e3o com tesoura na zona Norte de Ribeir\u00e3o Preto","author":"noticiasribeiraopreto.com.br","date":"31 de March de 2026","format":false,"excerpt":"Ler o resumo da not\u00edcia Um homem morreu ap\u00f3s briga entre irm\u00e3os na zona Norte de Ribeir\u00e3o Preto. Caso foi registrado como homic\u00eddio e investigado pela pol\u00edcia. Detalhes sobre a identidade das v\u00edtimas e circunst\u00e2ncias ainda n\u00e3o foram divulgados. A pol\u00edcia investiga o caso para esclarecer as causas do conflito.\u2026","rel":"","context":"In &quot;Not\u00edcias de Ribeir\u00e3o Preto-SP e Regi\u00e3o&quot;","block_context":{"text":"Not\u00edcias de Ribeir\u00e3o Preto-SP e Regi\u00e3o","link":"https:\/\/noticiasribeiraopreto.com.br\/index.php\/category\/noticias-de-ribeirao-preto-sp-e-regiao-ismael-colosi\/"},"img":{"alt_text":"","src":"https:\/\/i0.wp.com\/noticiasribeiraopreto.com.br\/wp-content\/uploads\/2026\/03\/WhatsApp-Image-2026-03-31-at-10.33.25_2026-03-31_14-06-09.webp.webp?fit=1200%2C900&ssl=1&resize=350%2C200","width":350,"height":200,"srcset":"https:\/\/i0.wp.com\/noticiasribeiraopreto.com.br\/wp-content\/uploads\/2026\/03\/WhatsApp-Image-2026-03-31-at-10.33.25_2026-03-31_14-06-09.webp.webp?fit=1200%2C900&ssl=1&resize=350%2C200 1x, https:\/\/i0.wp.com\/noticiasribeiraopreto.com.br\/wp-content\/uploads\/2026\/03\/WhatsApp-Image-2026-03-31-at-10.33.25_2026-03-31_14-06-09.webp.webp?fit=1200%2C900&ssl=1&resize=525%2C300 1.5x, https:\/\/i0.wp.com\/noticiasribeiraopreto.com.br\/wp-content\/uploads\/2026\/03\/WhatsApp-Image-2026-03-31-at-10.33.25_2026-03-31_14-06-09.webp.webp?fit=1200%2C900&ssl=1&resize=700%2C400 2x, https:\/\/i0.wp.com\/noticiasribeiraopreto.com.br\/wp-content\/uploads\/2026\/03\/WhatsApp-Image-2026-03-31-at-10.33.25_2026-03-31_14-06-09.webp.webp?fit=1200%2C900&ssl=1&resize=1050%2C600 3x"},"classes":[]},{"id":62664,"url":"https:\/\/noticiasribeiraopreto.com.br\/index.php\/2025\/01\/21\/homem-morre-apos-ser-baleado-na-cabeca-em-forro-na-zona-oeste-de-ribeirao-preto\/","url_meta":{"origin":69443,"position":1},"title":"Homem morre ap\u00f3s ser baleado na cabe\u00e7a em forr\u00f3 na zona Oeste de Ribeir\u00e3o Preto","author":"noticiasribeiraopreto.com.br","date":"21 de January de 2025","format":false,"excerpt":"Um homem de 31 anos morreu na madrugada desta ter\u00e7a-feira (21), depois de ser baleado na cabe\u00e7a em um forr\u00f3 na zona Oeste de Ribeir\u00e3o Preto. Segundo o boletim de ocorr\u00eancia (BO), Ozildo Soares da Silva foi atingido na madrugada do \u00faltimo domingo (19), na avenida Manoel Ant\u00f4nio Dias, no\u2026","rel":"","context":"In &quot;Not\u00edcias de Ribeir\u00e3o Preto-SP e Regi\u00e3o&quot;","block_context":{"text":"Not\u00edcias de Ribeir\u00e3o Preto-SP e Regi\u00e3o","link":"https:\/\/noticiasribeiraopreto.com.br\/index.php\/category\/noticias-de-ribeirao-preto-sp-e-regiao-ismael-colosi\/"},"img":{"alt_text":"","src":"https:\/\/i0.wp.com\/noticiasribeiraopreto.com.br\/wp-content\/uploads\/2025\/01\/1737469269_20220620_114539075_policia_qru_1024x576_25052021184749_jpg_715985292.jpg?fit=1200%2C606&ssl=1&resize=350%2C200","width":350,"height":200,"srcset":"https:\/\/i0.wp.com\/noticiasribeiraopreto.com.br\/wp-content\/uploads\/2025\/01\/1737469269_20220620_114539075_policia_qru_1024x576_25052021184749_jpg_715985292.jpg?fit=1200%2C606&ssl=1&resize=350%2C200 1x, https:\/\/i0.wp.com\/noticiasribeiraopreto.com.br\/wp-content\/uploads\/2025\/01\/1737469269_20220620_114539075_policia_qru_1024x576_25052021184749_jpg_715985292.jpg?fit=1200%2C606&ssl=1&resize=525%2C300 1.5x, https:\/\/i0.wp.com\/noticiasribeiraopreto.com.br\/wp-content\/uploads\/2025\/01\/1737469269_20220620_114539075_policia_qru_1024x576_25052021184749_jpg_715985292.jpg?fit=1200%2C606&ssl=1&resize=700%2C400 2x, https:\/\/i0.wp.com\/noticiasribeiraopreto.com.br\/wp-content\/uploads\/2025\/01\/1737469269_20220620_114539075_policia_qru_1024x576_25052021184749_jpg_715985292.jpg?fit=1200%2C606&ssl=1&resize=1050%2C600 3x"},"classes":[]},{"id":79869,"url":"https:\/\/noticiasribeiraopreto.com.br\/index.php\/2025\/11\/10\/atirador-em-carro-mata-um-e-deixa-outro-ferido-na-zona-norte-de-ribeirao-preto\/","url_meta":{"origin":69443,"position":2},"title":"Atirador em carro mata um e deixa outro ferido na zona Norte de Ribeir\u00e3o Preto","author":"noticiasribeiraopreto.com.br","date":"10 de November de 2025","format":false,"excerpt":"Um jovem de 25 anos foi morto a tiros e um homem, de 37 anos, ficou ferido na madrugada desta segunda-feira (10), no Jardim Maria Casagande Lopes, zona Norte de Ribeir\u00e3o Preto. Segundo o boletim de ocorr\u00eancia (BO), um atirador em um carro Fiat Uno branco passou pela rua Ant\u00f4nio\u2026","rel":"","context":"In &quot;Not\u00edcias de Ribeir\u00e3o Preto-SP e Regi\u00e3o&quot;","block_context":{"text":"Not\u00edcias de Ribeir\u00e3o Preto-SP e Regi\u00e3o","link":"https:\/\/noticiasribeiraopreto.com.br\/index.php\/category\/noticias-de-ribeirao-preto-sp-e-regiao-ismael-colosi\/"},"img":{"alt_text":"","src":"https:\/\/i0.wp.com\/noticiasribeiraopreto.com.br\/wp-content\/uploads\/2025\/10\/POLICIA_2025-10-28_11-14-06.webp.webp?fit=1200%2C763&ssl=1&resize=350%2C200","width":350,"height":200,"srcset":"https:\/\/i0.wp.com\/noticiasribeiraopreto.com.br\/wp-content\/uploads\/2025\/10\/POLICIA_2025-10-28_11-14-06.webp.webp?fit=1200%2C763&ssl=1&resize=350%2C200 1x, https:\/\/i0.wp.com\/noticiasribeiraopreto.com.br\/wp-content\/uploads\/2025\/10\/POLICIA_2025-10-28_11-14-06.webp.webp?fit=1200%2C763&ssl=1&resize=525%2C300 1.5x, https:\/\/i0.wp.com\/noticiasribeiraopreto.com.br\/wp-content\/uploads\/2025\/10\/POLICIA_2025-10-28_11-14-06.webp.webp?fit=1200%2C763&ssl=1&resize=700%2C400 2x, https:\/\/i0.wp.com\/noticiasribeiraopreto.com.br\/wp-content\/uploads\/2025\/10\/POLICIA_2025-10-28_11-14-06.webp.webp?fit=1200%2C763&ssl=1&resize=1050%2C600 3x"},"classes":[]},{"id":59910,"url":"https:\/\/noticiasribeiraopreto.com.br\/index.php\/2024\/11\/01\/morre-homem-encontrado-ferido-em-rotatoria-de-ribeirao-preto\/","url_meta":{"origin":69443,"position":3},"title":"Morre homem encontrado ferido em rotat\u00f3ria de Ribeir\u00e3o Preto","author":"noticiasribeiraopreto.com.br","date":"1 de November de 2024","format":false,"excerpt":"O homem encontrado ferido e inconsciente na \u00faltima ter\u00e7a-feira (29), em uma rotat\u00f3ria da avenida Luis Galv\u00e3o C\u00e9sar, no Parque das Figueiras, zona Oeste de Ribeir\u00e3o Preto, n\u00e3o resistiu e morreu nesta quinta-feira (31). Segundo o boletim de ocorr\u00eancia (BO), a v\u00edtima, identificada como F\u00e1bio Ara\u00fajo de Lima, de 44\u2026","rel":"","context":"In &quot;Not\u00edcias de Ribeir\u00e3o Preto-SP e Regi\u00e3o&quot;","block_context":{"text":"Not\u00edcias de Ribeir\u00e3o Preto-SP e Regi\u00e3o","link":"https:\/\/noticiasribeiraopreto.com.br\/index.php\/category\/noticias-de-ribeirao-preto-sp-e-regiao-ismael-colosi\/"},"img":{"alt_text":"","src":"https:\/\/noticiasribeiraopreto.com.br\/wp-content\/uploads\/2024\/02\/whatsapp_image_2022-08-14_at_12_10_03.jpe","width":350,"height":200,"srcset":"https:\/\/noticiasribeiraopreto.com.br\/wp-content\/uploads\/2024\/02\/whatsapp_image_2022-08-14_at_12_10_03.jpe 1x, https:\/\/noticiasribeiraopreto.com.br\/wp-content\/uploads\/2024\/02\/whatsapp_image_2022-08-14_at_12_10_03.jpe 1.5x, https:\/\/noticiasribeiraopreto.com.br\/wp-content\/uploads\/2024\/02\/whatsapp_image_2022-08-14_at_12_10_03.jpe 2x, https:\/\/noticiasribeiraopreto.com.br\/wp-content\/uploads\/2024\/02\/whatsapp_image_2022-08-14_at_12_10_03.jpe 3x"},"classes":[]},{"id":61605,"url":"https:\/\/noticiasribeiraopreto.com.br\/index.php\/2024\/12\/17\/homem-morto-a-pauladas-em-briga-por-droga-e-identificado-em-ribeirao-preto\/","url_meta":{"origin":69443,"position":4},"title":"Homem morto a pauladas em briga por droga \u00e9 identificado em Ribeir\u00e3o Preto","author":"noticiasribeiraopreto.com.br","date":"17 de December de 2024","format":false,"excerpt":"A Pol\u00edcia Civil identificou o homem morto a pauladas na madrugada desta ter\u00e7a-feira (17), na Vila Virg\u00ednia, zona Oeste de Ribeir\u00e3o Preto. Segundo boletim de ocorr\u00eancia (BO), Matheus Galli Muraoka, 40 anos, foi encontrado pela PM (Pol\u00edcia Militar) com ferimentos na cabe\u00e7a e j\u00e1 sem vida, na avenida Bandeirantes. Ainda\u2026","rel":"","context":"In &quot;Not\u00edcias de Ribeir\u00e3o Preto-SP e Regi\u00e3o&quot;","block_context":{"text":"Not\u00edcias de Ribeir\u00e3o Preto-SP e Regi\u00e3o","link":"https:\/\/noticiasribeiraopreto.com.br\/index.php\/category\/noticias-de-ribeirao-preto-sp-e-regiao-ismael-colosi\/"},"img":{"alt_text":"","src":"https:\/\/i0.wp.com\/noticiasribeiraopreto.com.br\/wp-content\/uploads\/2024\/12\/cpj_1024x576_21012021092745.jpg?fit=1024%2C575&ssl=1&resize=350%2C200","width":350,"height":200,"srcset":"https:\/\/i0.wp.com\/noticiasribeiraopreto.com.br\/wp-content\/uploads\/2024\/12\/cpj_1024x576_21012021092745.jpg?fit=1024%2C575&ssl=1&resize=350%2C200 1x, https:\/\/i0.wp.com\/noticiasribeiraopreto.com.br\/wp-content\/uploads\/2024\/12\/cpj_1024x576_21012021092745.jpg?fit=1024%2C575&ssl=1&resize=525%2C300 1.5x, https:\/\/i0.wp.com\/noticiasribeiraopreto.com.br\/wp-content\/uploads\/2024\/12\/cpj_1024x576_21012021092745.jpg?fit=1024%2C575&ssl=1&resize=700%2C400 2x"},"classes":[]},{"id":51978,"url":"https:\/\/noticiasribeiraopreto.com.br\/index.php\/2024\/06\/02\/briga-por-causa-de-mesa-na-frente-de-bar-acaba-com-idosa-atingida-por-garrafa-em-ribeirao\/","url_meta":{"origin":69443,"position":5},"title":"Briga por causa de mesa na frente de bar acaba com idosa atingida por garrafa em Ribeir\u00e3o","author":"noticiasribeiraopreto.com.br","date":"2 de June de 2024","format":false,"excerpt":"Uma mulher de 65 anos foi atingida por uma garrafa de vidro na cabe\u00e7a na noite deste s\u00e1bado (1\u00ba), durante uma confus\u00e3o na frente em um bar, na zona Leste de Ribeir\u00e3o Preto. Segundo o boletim de ocorr\u00eancia (BO), duas mulheres afirmaram \u00e0 PM (Pol\u00edcia Militar) que estavam em uma\u2026","rel":"","context":"In &quot;Not\u00edcias de Ribeir\u00e3o Preto-SP e Regi\u00e3o&quot;","block_context":{"text":"Not\u00edcias de Ribeir\u00e3o Preto-SP e Regi\u00e3o","link":"https:\/\/noticiasribeiraopreto.com.br\/index.php\/category\/noticias-de-ribeirao-preto-sp-e-regiao-ismael-colosi\/"},"img":{"alt_text":"","src":"https:\/\/i0.wp.com\/noticiasribeiraopreto.com.br\/wp-content\/uploads\/2024\/06\/BAR_2024-06-02_19-54-35_jpg_2024-06-02_19-54-36.webp.webp?fit=1200%2C894&ssl=1&resize=350%2C200","width":350,"height":200,"srcset":"https:\/\/i0.wp.com\/noticiasribeiraopreto.com.br\/wp-content\/uploads\/2024\/06\/BAR_2024-06-02_19-54-35_jpg_2024-06-02_19-54-36.webp.webp?fit=1200%2C894&ssl=1&resize=350%2C200 1x, https:\/\/i0.wp.com\/noticiasribeiraopreto.com.br\/wp-content\/uploads\/2024\/06\/BAR_2024-06-02_19-54-35_jpg_2024-06-02_19-54-36.webp.webp?fit=1200%2C894&ssl=1&resize=525%2C300 1.5x, https:\/\/i0.wp.com\/noticiasribeiraopreto.com.br\/wp-content\/uploads\/2024\/06\/BAR_2024-06-02_19-54-35_jpg_2024-06-02_19-54-36.webp.webp?fit=1200%2C894&ssl=1&resize=700%2C400 2x, https:\/\/i0.wp.com\/noticiasribeiraopreto.com.br\/wp-content\/uploads\/2024\/06\/BAR_2024-06-02_19-54-35_jpg_2024-06-02_19-54-36.webp.webp?fit=1200%2C894&ssl=1&resize=1050%2C600 3x"},"classes":[]}],"jetpack_sharing_enabled":true,"jetpack_shortlink":"https:\/\/wp.me\/peQAOb-i43","_links":{"self":[{"href":"https:\/\/noticiasribeiraopreto.com.br\/index.php\/wp-json\/wp\/v2\/posts\/69443","targetHints":{"allow":["GET"]}}],"collection":[{"href":"https:\/\/noticiasribeiraopreto.com.br\/index.php\/wp-json\/wp\/v2\/posts"}],"about":[{"href":"https:\/\/noticiasribeiraopreto.com.br\/index.php\/wp-json\/wp\/v2\/types\/post"}],"author":[{"embeddable":true,"href":"https:\/\/noticiasribeiraopreto.com.br\/index.php\/wp-json\/wp\/v2\/users\/1"}],"replies":[{"embeddable":true,"href":"https:\/\/noticiasribeiraopreto.com.br\/index.php\/wp-json\/wp\/v2\/comments?post=69443"}],"version-history":[{"count":0,"href":"https:\/\/noticiasribeiraopreto.com.br\/index.php\/wp-json\/wp\/v2\/posts\/69443\/revisions"}],"wp:featuredmedia":[{"embeddable":true,"href":"https:\/\/noticiasribeiraopreto.com.br\/index.php\/wp-json\/wp\/v2\/media\/69444"}],"wp:attachment":[{"href":"https:\/\/noticiasribeiraopreto.com.br\/index.php\/wp-json\/wp\/v2\/media?parent=69443"}],"wp:term":[{"taxonomy":"category","embeddable":true,"href":"https:\/\/noticiasribeiraopreto.com.br\/index.php\/wp-json\/wp\/v2\/categories?post=69443"},{"taxonomy":"post_tag","embeddable":true,"href":"https:\/\/noticiasribeiraopreto.com.br\/index.php\/wp-json\/wp\/v2\/tags?post=69443"}],"curies":[{"name":"wp","href":"https:\/\/api.w.org\/{rel}","templated":true}]}}