{"id":69467,"date":"2025-05-06T15:38:01","date_gmt":"2025-05-06T18:38:01","guid":{"rendered":"https:\/\/noticiasribeiraopreto.com.br\/index.php\/2025\/05\/06\/festival-internacional-de-circo-em-rp\/"},"modified":"2025-05-06T15:38:01","modified_gmt":"2025-05-06T18:38:01","slug":"festival-internacional-de-circo-em-rp","status":"publish","type":"post","link":"https:\/\/noticiasribeiraopreto.com.br\/index.php\/2025\/05\/06\/festival-internacional-de-circo-em-rp\/","title":{"rendered":"Festival Internacional de Circo\u00a0em RP\u00a0"},"content":{"rendered":"<div class='code-block code-block-1' style='margin: 8px 0 8px auto; text-align: right; display: block; clear: both;'>\n<p><a href=\"https:\/\/wa.link\/vpicfd\"><img data-recalc-dims=\"1\" class=\"wp-image-4922\" style=\"aspect-ratio: 2.0253164556962027; width: 561px; height: auto;\" src=\"https:\/\/i0.wp.com\/ismaelcolosi.com.br\/wp-content\/uploads\/2023\/11\/grupo-de-empregos-whatsapp-e-facebook-ismael-colosi-vagas.jpg?ssl=1\" alt=\"\" \/><\/a><\/p>\n<!-- \/wp:image -->\n<\/div>\n<p> <br \/>\n<\/p>\n<div>\n<p><span data-contrast=\"auto\">A partir de quinta-feira, 8 de maio, e at\u00e9 7 de junho, a cidade de Ribeir\u00e3o Preto vivenciar\u00e1 um marco cultural com a realiza\u00e7\u00e3o da primeira edi\u00e7\u00e3o do Festival Internacional de Circo de Ribeir\u00e3o Preto (FIC RP). O evento promete revolucionar a cena circense local e oferecer \u00e0 popula\u00e7\u00e3o uma programa\u00e7\u00e3o diversa, com atra\u00e7\u00f5es de renome internacional e com entrada gratuita para todas as apresenta\u00e7\u00f5es. <\/span><\/p>\n<p><span data-contrast=\"auto\">A abertura acontece no dia 8 de maio, no Teatro Municipal, com programa\u00e7\u00e3o distribu\u00edda nos tr\u00eas per\u00edodos do dia, incluindo apresenta\u00e7\u00f5es diurnas para escolas da cidade e regi\u00e3o e, noturnas \u2013 abertas para o p\u00fablico em geral. A realiza\u00e7\u00e3o do festival de abrang\u00eancia internacional \u00e9 uma novidade para a cidade. <\/span><\/p>\n<p><span data-contrast=\"auto\">O evento \u00e9 uma produ\u00e7\u00e3o independente, com a curadoria e idealiza\u00e7\u00e3o exclusiva da Eu Sou Brasileiro Produ\u00e7\u00f5es Culturais, sob a coordena\u00e7\u00e3o do artista circense e produtor cultural, F\u00e1bio Brasileiro, idealizador do festival. A proposta, segundo ele, \u201c\u00e9 inovar e trazer para Ribeir\u00e3o Preto um festival de circo aut\u00eantico e de qualidade internacional, com um foco em diversidade de espet\u00e1culos e descentraliza\u00e7\u00e3o da programa\u00e7\u00e3o\u201d.<\/span><\/p>\n<p><span data-contrast=\"auto\">Brasileiro destaca a hist\u00f3ria singular de Ribeir\u00e3o Preto com o circo brasileiro, tradi\u00e7\u00e3o que o incentivou a criar o festival. Segundo ele, a cidade foi ber\u00e7o de Abelardo Pinto, o lend\u00e1rio palha\u00e7o Piolin, nascido em 27 de mar\u00e7o de 1887, que tornou-se um s\u00edmbolo do circo nacional, sendo exaltado por expoentes do Modernismo como Tarsila do Amaral e M\u00e1rio de Andrade, que viam nele a ess\u00eancia do artista brasileiro. <\/span><\/p>\n<p><span data-contrast=\"auto\">\u201cNas \u00faltimas d\u00e9cadas, nossa cidade consolidou-se como um celeiro de talentos circenses, sendo lar de diversos grupos e companhias que percorrem o Brasil encantando p\u00fablicos com suas performances e espet\u00e1culos. Vimos neste cen\u00e1rio um campo aberto para a cria\u00e7\u00e3o do festival\u201d. Outro fator preponderante para a cria\u00e7\u00e3o do festival em Ribeir\u00e3o Preto \u00e9 que trata-se de polo cultural e sede da regi\u00e3o metropolitana que congrega 34 munic\u00edpios, com ampla rede educacional.<\/span><\/p>\n<p><span data-contrast=\"auto\">Nesta primeira fase da programa\u00e7\u00e3o, o festival come\u00e7a na pr\u00f3xima quinta-feira (8\/), \u00e0s nove horas, no palco do Teatro Municipal de Ribeir\u00e3o Preto com o espet\u00e1culo \u201cReciclown Circus\u201d, da Cia Raros Circo e Teatro. Durante a tarde, \u00e0s 15 horas, ser\u00e1 a vez da pe\u00e7a \u201cMalabaRindo\u201d, com a Cia MB Circo \u2013 as duas atividades ser\u00e3o exclusivas para escolas agendadas. <\/span><\/p>\n<p><span data-contrast=\"auto\">A partir das 19h30, a atra\u00e7\u00e3o da noite conta com participa\u00e7\u00e3o da \u201cCia O Circo de Hist\u00f3rias\u201d que apresenta o espet\u00e1culo \u201cUm Conto Chamado Circo\u201d. A atividade \u00e9 aberta e gratuita ao p\u00fablico, com entrada por ordem de chegada e sujeita \u00e0 lota\u00e7\u00e3o do espa\u00e7o. <\/span><\/p>\n<p><span data-contrast=\"auto\">Na sexta-feira (9), \u00e0s nove horas, a Cia P\u00e9 de Chinelo traz o espet\u00e1culo \u201cCirco de Dois\u201d e, \u00e0s 15 horas, \u00e9 a vez da companhia O Circo de Hist\u00f3rias, voltar ao palco do teatro com \u201cUm Conto Chamado Circo\u201d \u2013 as duas apresenta\u00e7\u00f5es tamb\u00e9m ser\u00e3o direcionadas para escolas da cidade e regi\u00e3o. \u00c0s 19h30, o festival ter\u00e1 participa\u00e7\u00e3o da companhia A Grande Lona com o espet\u00e1culo \u201cCabaret LUX\u201d.<\/span><\/p>\n<p><span data-contrast=\"auto\">J\u00e1 no s\u00e1bado (10\/5), o Festival Internacional de Circo tem outra proposta \u2013 ser\u00e1 aberto ao p\u00fablico da cidade e regi\u00e3o, no Parque Municipal Doutor Luis Carlos Raya. Trata-se de uma apresenta\u00e7\u00e3o internacional \u00fanica do artista argentino Sebastian Godoy, \u00e0s 16h30. <\/span><\/p>\n<p><span data-contrast=\"auto\">O artista apresenta o espet\u00e1culo \u201cYO-YO\u201d, que retrata um personagem exc\u00eantrico, acompanhado de sua insepar\u00e1vel mala e que faz de tudo para entreter o p\u00fablico enquanto o show n\u00e3o come\u00e7a. Com classifica\u00e7\u00e3o livre e linguagem universal, \u201cYO-YO\u201d \u00e9 uma experi\u00eancia \u00fanica para toda a fam\u00edlia, com performances que incluem palha\u00e7aria e patina\u00e7\u00e3o.<\/span><\/p>\n<p><span data-contrast=\"none\">O Teatro Municipal fica na pra\u00e7a Alto do S\u00e3o Bento s\/n\u00ba, Jardim Mosteiro. <\/span><span data-contrast=\"none\">O local <\/span><span data-contrast=\"none\">tem capacidade para receber 515 pessoas \u2013 o estacionamento tem 40 vagas. O <\/span><span data-contrast=\"auto\">Parque Municipal Doutor Luis Carlos Raya fica na rua Severiano Amaro dos Santos s\/n\u00ba, no Jardim Bot\u00e2nico<\/span><\/p>\n<\/div>\n<p><br \/>\n<br \/><a href=\"https:\/\/www.tribunaribeirao.com.br\/festival-internacional-de-circo-em-rp\/\">Source link <\/a><\/p>\n<!-- CONTENT END 1 -->\n","protected":false},"excerpt":{"rendered":"<p>A partir de quinta-feira, 8 de maio, e at\u00e9 7 de junho, a cidade de Ribeir\u00e3o Preto vivenciar\u00e1 um marco cultural com a realiza\u00e7\u00e3o da&#8230;<\/p>\n","protected":false},"author":1,"featured_media":69468,"comment_status":"open","ping_status":"open","sticky":false,"template":"","format":"standard","meta":{"advanced_seo_description":"","jetpack_seo_html_title":"","jetpack_seo_noindex":false,"jetpack_post_was_ever_published":false,"_jetpack_newsletter_access":"","_jetpack_dont_email_post_to_subs":false,"_jetpack_newsletter_tier_id":0,"_jetpack_memberships_contains_paywalled_content":false,"_jetpack_memberships_contains_paid_content":false,"footnotes":"","jetpack_publicize_message":"","jetpack_publicize_feature_enabled":true,"jetpack_social_post_already_shared":true,"jetpack_social_options":{"image_generator_settings":{"template":"highway","default_image_id":0,"font":"","enabled":false},"version":2}},"categories":[11],"tags":[],"class_list":["post-69467","post","type-post","status-publish","format-standard","has-post-thumbnail","hentry","category-noticias-de-ribeirao-preto-sp-e-regiao-ismael-colosi"],"jetpack_publicize_connections":[],"jetpack_featured_media_url":"https:\/\/i0.wp.com\/noticiasribeiraopreto.com.br\/wp-content\/uploads\/2025\/05\/Circo-Rin-Vinicius-Mena-scaled.jpg?fit=2560%2C1707&ssl=1","jetpack-related-posts":[{"id":70885,"url":"https:\/\/noticiasribeiraopreto.com.br\/index.php\/2025\/05\/30\/festival-internacional-de-circo-segue-ate-junho-com-atracoes-gratuitas-em-ribeirao\/","url_meta":{"origin":69467,"position":0},"title":"Festival Internacional de Circo segue at\u00e9 junho com atra\u00e7\u00f5es gratuitas em Ribeir\u00e3o","author":"noticiasribeiraopreto.com.br","date":"30 de May de 2025","format":false,"excerpt":"A programa\u00e7\u00e3o do FIC (Festival Internacional de Circo) de Ribeir\u00e3o Preto segue at\u00e9 o in\u00edcio de junho, levando a magia do picadeiro para diversos bairros da cidade. Com entrada gratuita, o evento re\u00fane espet\u00e1culos nacionais e internacionais, oficinas e apresenta\u00e7\u00f5es com foco na inclus\u00e3o, descentraliza\u00e7\u00e3o e valoriza\u00e7\u00e3o da arte circense.\u2026","rel":"","context":"In &quot;Not\u00edcias de Ribeir\u00e3o Preto-SP e Regi\u00e3o&quot;","block_context":{"text":"Not\u00edcias de Ribeir\u00e3o Preto-SP e Regi\u00e3o","link":"https:\/\/noticiasribeiraopreto.com.br\/index.php\/category\/noticias-de-ribeirao-preto-sp-e-regiao-ismael-colosi\/"},"img":{"alt_text":"","src":"https:\/\/i0.wp.com\/noticiasribeiraopreto.com.br\/wp-content\/uploads\/2025\/05\/272ad4e3-b9e5-4281-b6b3-cc827283fa21_2025-05-30_19-16-51.webp.webp?fit=1200%2C800&ssl=1&resize=350%2C200","width":350,"height":200,"srcset":"https:\/\/i0.wp.com\/noticiasribeiraopreto.com.br\/wp-content\/uploads\/2025\/05\/272ad4e3-b9e5-4281-b6b3-cc827283fa21_2025-05-30_19-16-51.webp.webp?fit=1200%2C800&ssl=1&resize=350%2C200 1x, https:\/\/i0.wp.com\/noticiasribeiraopreto.com.br\/wp-content\/uploads\/2025\/05\/272ad4e3-b9e5-4281-b6b3-cc827283fa21_2025-05-30_19-16-51.webp.webp?fit=1200%2C800&ssl=1&resize=525%2C300 1.5x, https:\/\/i0.wp.com\/noticiasribeiraopreto.com.br\/wp-content\/uploads\/2025\/05\/272ad4e3-b9e5-4281-b6b3-cc827283fa21_2025-05-30_19-16-51.webp.webp?fit=1200%2C800&ssl=1&resize=700%2C400 2x, https:\/\/i0.wp.com\/noticiasribeiraopreto.com.br\/wp-content\/uploads\/2025\/05\/272ad4e3-b9e5-4281-b6b3-cc827283fa21_2025-05-30_19-16-51.webp.webp?fit=1200%2C800&ssl=1&resize=1050%2C600 3x"},"classes":[]},{"id":69342,"url":"https:\/\/noticiasribeiraopreto.com.br\/index.php\/2025\/05\/05\/festival-internacional-de-circo-chega-a-ribeirao-seis-espetaculos-gratuitos-no-teatro-municipal\/","url_meta":{"origin":69467,"position":1},"title":"Festival Internacional de Circo chega a Ribeir\u00e3o: seis espet\u00e1culos gratuitos no Teatro Municipal","author":"noticiasribeiraopreto.com.br","date":"5 de May de 2025","format":false,"excerpt":"Entre os dias 8 e 9 de maio, Ribeir\u00e3o Preto recebe a primeira edi\u00e7\u00e3o do \u201cFestival Internacional de Circo\u201d. Ao todo, s\u00e3o seis espet\u00e1culos, com entrada gratuita. As apresenta\u00e7\u00f5es acontecem no Teatro Municipal de Ribeir\u00e3o Preto. Veja a programa\u00e7\u00e3o: Reciclow Circus Na quinta-feira (8), a programa\u00e7\u00e3o come\u00e7a \u00e0s 9h com\u2026","rel":"","context":"In &quot;Not\u00edcias de Ribeir\u00e3o Preto-SP e Regi\u00e3o&quot;","block_context":{"text":"Not\u00edcias de Ribeir\u00e3o Preto-SP e Regi\u00e3o","link":"https:\/\/noticiasribeiraopreto.com.br\/index.php\/category\/noticias-de-ribeirao-preto-sp-e-regiao-ismael-colosi\/"},"img":{"alt_text":"","src":"https:\/\/i0.wp.com\/noticiasribeiraopreto.com.br\/wp-content\/uploads\/2025\/05\/Foto-198_OK_2025-05-05_12-15-38.webp.webp?fit=1200%2C800&ssl=1&resize=350%2C200","width":350,"height":200,"srcset":"https:\/\/i0.wp.com\/noticiasribeiraopreto.com.br\/wp-content\/uploads\/2025\/05\/Foto-198_OK_2025-05-05_12-15-38.webp.webp?fit=1200%2C800&ssl=1&resize=350%2C200 1x, https:\/\/i0.wp.com\/noticiasribeiraopreto.com.br\/wp-content\/uploads\/2025\/05\/Foto-198_OK_2025-05-05_12-15-38.webp.webp?fit=1200%2C800&ssl=1&resize=525%2C300 1.5x, https:\/\/i0.wp.com\/noticiasribeiraopreto.com.br\/wp-content\/uploads\/2025\/05\/Foto-198_OK_2025-05-05_12-15-38.webp.webp?fit=1200%2C800&ssl=1&resize=700%2C400 2x, https:\/\/i0.wp.com\/noticiasribeiraopreto.com.br\/wp-content\/uploads\/2025\/05\/Foto-198_OK_2025-05-05_12-15-38.webp.webp?fit=1200%2C800&ssl=1&resize=1050%2C600 3x"},"classes":[]},{"id":85368,"url":"https:\/\/noticiasribeiraopreto.com.br\/index.php\/2026\/05\/01\/ribeirao-preto-sedia-festa-do-trabalhador\/","url_meta":{"origin":69467,"position":2},"title":"Ribeir\u00e3o Preto sedia \u2028Festa do Trabalhador","author":"noticiasribeiraopreto.com.br","date":"1 de May de 2026","format":false,"excerpt":"Evento ser\u00e1 nesta sexta-feira (1\u00ba) no Parque Maur\u00edlio Biagi e contar\u00e1 com shows, sorteios e mutir\u00e3o de empregos A prefeitura de Ribeir\u00e3o Preto e a Uni\u00e3o Sindical, que re\u00fane entidades de diversos setores, realizam nesta sexta-feira, feriado do Primeiro de Maio, a 15\u00aa Festa do Trabalhador, em celebra\u00e7\u00e3o do Dia\u2026","rel":"","context":"In &quot;Not\u00edcias de Ribeir\u00e3o Preto-SP e Regi\u00e3o&quot;","block_context":{"text":"Not\u00edcias de Ribeir\u00e3o Preto-SP e Regi\u00e3o","link":"https:\/\/noticiasribeiraopreto.com.br\/index.php\/category\/noticias-de-ribeirao-preto-sp-e-regiao-ismael-colosi\/"},"img":{"alt_text":"","src":"https:\/\/i0.wp.com\/noticiasribeiraopreto.com.br\/wp-content\/uploads\/2026\/05\/TrabalhoRP-Detalhe-Divulgacao.jpg?fit=1200%2C1200&ssl=1&resize=350%2C200","width":350,"height":200,"srcset":"https:\/\/i0.wp.com\/noticiasribeiraopreto.com.br\/wp-content\/uploads\/2026\/05\/TrabalhoRP-Detalhe-Divulgacao.jpg?fit=1200%2C1200&ssl=1&resize=350%2C200 1x, https:\/\/i0.wp.com\/noticiasribeiraopreto.com.br\/wp-content\/uploads\/2026\/05\/TrabalhoRP-Detalhe-Divulgacao.jpg?fit=1200%2C1200&ssl=1&resize=525%2C300 1.5x, https:\/\/i0.wp.com\/noticiasribeiraopreto.com.br\/wp-content\/uploads\/2026\/05\/TrabalhoRP-Detalhe-Divulgacao.jpg?fit=1200%2C1200&ssl=1&resize=700%2C400 2x, https:\/\/i0.wp.com\/noticiasribeiraopreto.com.br\/wp-content\/uploads\/2026\/05\/TrabalhoRP-Detalhe-Divulgacao.jpg?fit=1200%2C1200&ssl=1&resize=1050%2C600 3x"},"classes":[]},{"id":73665,"url":"https:\/\/noticiasribeiraopreto.com.br\/index.php\/2025\/07\/07\/ribeirao-preto-recebe-dois-dias-de-festival-de-circo-e-pole-dance\/","url_meta":{"origin":69467,"position":3},"title":"Ribeir\u00e3o Preto recebe dois dias de festival de circo e pole dance","author":"noticiasribeiraopreto.com.br","date":"7 de July de 2025","format":false,"excerpt":"Ribeir\u00e3o Preto recebe a segunda edi\u00e7\u00e3o do ConectArte \u2013 Festival de Arte Circo e Pole, no Teatro Municipal. O evento acontece nos dias 16 e 17 de julho, \u00e0s 19h30, e conta com apresenta\u00e7\u00f5es de pole dance e circenses. O festival re\u00fane alunos de cinco escolas de pole dance e\u2026","rel":"","context":"In &quot;Not\u00edcias de Ribeir\u00e3o Preto-SP e Regi\u00e3o&quot;","block_context":{"text":"Not\u00edcias de Ribeir\u00e3o Preto-SP e Regi\u00e3o","link":"https:\/\/noticiasribeiraopreto.com.br\/index.php\/category\/noticias-de-ribeirao-preto-sp-e-regiao-ismael-colosi\/"},"img":{"alt_text":"","src":"https:\/\/i0.wp.com\/noticiasribeiraopreto.com.br\/wp-content\/uploads\/2025\/07\/TEATRO-MUNICIPAL_2025-01-21_14-13-47_jpg_2025-01-21_14-13-47.webp.webp?fit=1200%2C675&ssl=1&resize=350%2C200","width":350,"height":200,"srcset":"https:\/\/i0.wp.com\/noticiasribeiraopreto.com.br\/wp-content\/uploads\/2025\/07\/TEATRO-MUNICIPAL_2025-01-21_14-13-47_jpg_2025-01-21_14-13-47.webp.webp?fit=1200%2C675&ssl=1&resize=350%2C200 1x, https:\/\/i0.wp.com\/noticiasribeiraopreto.com.br\/wp-content\/uploads\/2025\/07\/TEATRO-MUNICIPAL_2025-01-21_14-13-47_jpg_2025-01-21_14-13-47.webp.webp?fit=1200%2C675&ssl=1&resize=525%2C300 1.5x, https:\/\/i0.wp.com\/noticiasribeiraopreto.com.br\/wp-content\/uploads\/2025\/07\/TEATRO-MUNICIPAL_2025-01-21_14-13-47_jpg_2025-01-21_14-13-47.webp.webp?fit=1200%2C675&ssl=1&resize=700%2C400 2x, https:\/\/i0.wp.com\/noticiasribeiraopreto.com.br\/wp-content\/uploads\/2025\/07\/TEATRO-MUNICIPAL_2025-01-21_14-13-47_jpg_2025-01-21_14-13-47.webp.webp?fit=1200%2C675&ssl=1&resize=1050%2C600 3x"},"classes":[]},{"id":77647,"url":"https:\/\/noticiasribeiraopreto.com.br\/index.php\/2025\/09\/23\/ribeirao-preto-recebe-festival-circense-com-espetaculos-e-oficina-confira\/","url_meta":{"origin":69467,"position":4},"title":"Ribeir\u00e3o Preto recebe festival circense com espet\u00e1culos e oficina; confira","author":"noticiasribeiraopreto.com.br","date":"23 de September de 2025","format":false,"excerpt":"A companhia circense de\u00a0Piracicaba, MB Circo traz o festival circense gratuito \u201cInterioranos\u201d para Ribeir\u00e3o Preto com espet\u00e1culos e oficina. O evento acontece entre os dias 26 a 28 de setembro, em diversos pontos da cidade, entre os quais, a Central de Circo RP, a Biblioteca Sinh\u00e1 Junqueira e o Parque\u2026","rel":"","context":"In &quot;Not\u00edcias de Ribeir\u00e3o Preto-SP e Regi\u00e3o&quot;","block_context":{"text":"Not\u00edcias de Ribeir\u00e3o Preto-SP e Regi\u00e3o","link":"https:\/\/noticiasribeiraopreto.com.br\/index.php\/category\/noticias-de-ribeirao-preto-sp-e-regiao-ismael-colosi\/"},"img":{"alt_text":"","src":"https:\/\/i0.wp.com\/noticiasribeiraopreto.com.br\/wp-content\/uploads\/2025\/09\/Interioranos_Xinfrim_credito_Diego-Delariva_2025-09-23_13-49-27.webp.webp?fit=1200%2C801&ssl=1&resize=350%2C200","width":350,"height":200,"srcset":"https:\/\/i0.wp.com\/noticiasribeiraopreto.com.br\/wp-content\/uploads\/2025\/09\/Interioranos_Xinfrim_credito_Diego-Delariva_2025-09-23_13-49-27.webp.webp?fit=1200%2C801&ssl=1&resize=350%2C200 1x, https:\/\/i0.wp.com\/noticiasribeiraopreto.com.br\/wp-content\/uploads\/2025\/09\/Interioranos_Xinfrim_credito_Diego-Delariva_2025-09-23_13-49-27.webp.webp?fit=1200%2C801&ssl=1&resize=525%2C300 1.5x, https:\/\/i0.wp.com\/noticiasribeiraopreto.com.br\/wp-content\/uploads\/2025\/09\/Interioranos_Xinfrim_credito_Diego-Delariva_2025-09-23_13-49-27.webp.webp?fit=1200%2C801&ssl=1&resize=700%2C400 2x, https:\/\/i0.wp.com\/noticiasribeiraopreto.com.br\/wp-content\/uploads\/2025\/09\/Interioranos_Xinfrim_credito_Diego-Delariva_2025-09-23_13-49-27.webp.webp?fit=1200%2C801&ssl=1&resize=1050%2C600 3x"},"classes":[]},{"id":69801,"url":"https:\/\/noticiasribeiraopreto.com.br\/index.php\/2025\/05\/09\/festival-de-circo-musicais-e-feira-de-artesanato-veja-as-opcoes-para-curtir-o-fim-de-semana-em-ribeirao-e-regiao\/","url_meta":{"origin":69467,"position":5},"title":"Festival de circo, musicais e feira de artesanato: Veja as op\u00e7\u00f5es para curtir o fim de semana em Ribeir\u00e3o e regi\u00e3o","author":"noticiasribeiraopreto.com.br","date":"9 de May de 2025","format":false,"excerpt":"A regi\u00e3o de Ribeir\u00e3o Preto conta com diversas atividades pagas e gratuitas para aproveitar o fim de semana. Os destaques da agenda cultural s\u00e3o: a primeira edi\u00e7\u00e3o do Festival Internacional de Circo de Ribeir\u00e3o Preto, a Feira do Livro de Guar\u00e1 e cinema gratuito.\u00a0Confira o que acontece no fim de\u2026","rel":"","context":"In &quot;Not\u00edcias de Ribeir\u00e3o Preto-SP e Regi\u00e3o&quot;","block_context":{"text":"Not\u00edcias de Ribeir\u00e3o Preto-SP e Regi\u00e3o","link":"https:\/\/noticiasribeiraopreto.com.br\/index.php\/category\/noticias-de-ribeirao-preto-sp-e-regiao-ismael-colosi\/"},"img":{"alt_text":"","src":"https:\/\/i0.wp.com\/noticiasribeiraopreto.com.br\/wp-content\/uploads\/2025\/05\/festival-de-circo_2025-05-09_13-09-33.webp.webp?fit=1200%2C900&ssl=1&resize=350%2C200","width":350,"height":200,"srcset":"https:\/\/i0.wp.com\/noticiasribeiraopreto.com.br\/wp-content\/uploads\/2025\/05\/festival-de-circo_2025-05-09_13-09-33.webp.webp?fit=1200%2C900&ssl=1&resize=350%2C200 1x, https:\/\/i0.wp.com\/noticiasribeiraopreto.com.br\/wp-content\/uploads\/2025\/05\/festival-de-circo_2025-05-09_13-09-33.webp.webp?fit=1200%2C900&ssl=1&resize=525%2C300 1.5x, https:\/\/i0.wp.com\/noticiasribeiraopreto.com.br\/wp-content\/uploads\/2025\/05\/festival-de-circo_2025-05-09_13-09-33.webp.webp?fit=1200%2C900&ssl=1&resize=700%2C400 2x, https:\/\/i0.wp.com\/noticiasribeiraopreto.com.br\/wp-content\/uploads\/2025\/05\/festival-de-circo_2025-05-09_13-09-33.webp.webp?fit=1200%2C900&ssl=1&resize=1050%2C600 3x"},"classes":[]}],"jetpack_sharing_enabled":true,"jetpack_shortlink":"https:\/\/wp.me\/peQAOb-i4r","_links":{"self":[{"href":"https:\/\/noticiasribeiraopreto.com.br\/index.php\/wp-json\/wp\/v2\/posts\/69467","targetHints":{"allow":["GET"]}}],"collection":[{"href":"https:\/\/noticiasribeiraopreto.com.br\/index.php\/wp-json\/wp\/v2\/posts"}],"about":[{"href":"https:\/\/noticiasribeiraopreto.com.br\/index.php\/wp-json\/wp\/v2\/types\/post"}],"author":[{"embeddable":true,"href":"https:\/\/noticiasribeiraopreto.com.br\/index.php\/wp-json\/wp\/v2\/users\/1"}],"replies":[{"embeddable":true,"href":"https:\/\/noticiasribeiraopreto.com.br\/index.php\/wp-json\/wp\/v2\/comments?post=69467"}],"version-history":[{"count":0,"href":"https:\/\/noticiasribeiraopreto.com.br\/index.php\/wp-json\/wp\/v2\/posts\/69467\/revisions"}],"wp:featuredmedia":[{"embeddable":true,"href":"https:\/\/noticiasribeiraopreto.com.br\/index.php\/wp-json\/wp\/v2\/media\/69468"}],"wp:attachment":[{"href":"https:\/\/noticiasribeiraopreto.com.br\/index.php\/wp-json\/wp\/v2\/media?parent=69467"}],"wp:term":[{"taxonomy":"category","embeddable":true,"href":"https:\/\/noticiasribeiraopreto.com.br\/index.php\/wp-json\/wp\/v2\/categories?post=69467"},{"taxonomy":"post_tag","embeddable":true,"href":"https:\/\/noticiasribeiraopreto.com.br\/index.php\/wp-json\/wp\/v2\/tags?post=69467"}],"curies":[{"name":"wp","href":"https:\/\/api.w.org\/{rel}","templated":true}]}}