{"id":69469,"date":"2025-05-06T15:47:30","date_gmt":"2025-05-06T18:47:30","guid":{"rendered":"https:\/\/noticiasribeiraopreto.com.br\/index.php\/2025\/05\/06\/video-dise-prende-homem-com-drogas-armas-e-dinheiro-na-zona-norte\/"},"modified":"2025-05-06T15:47:30","modified_gmt":"2025-05-06T18:47:30","slug":"video-dise-prende-homem-com-drogas-armas-e-dinheiro-na-zona-norte","status":"publish","type":"post","link":"https:\/\/noticiasribeiraopreto.com.br\/index.php\/2025\/05\/06\/video-dise-prende-homem-com-drogas-armas-e-dinheiro-na-zona-norte\/","title":{"rendered":"V\u00cdDEO: Dise prende homem com drogas, armas e dinheiro na zona Norte"},"content":{"rendered":"<div class='code-block code-block-1' style='margin: 8px 0 8px auto; text-align: right; display: block; clear: both;'>\n<p><a href=\"https:\/\/wa.link\/vpicfd\"><img data-recalc-dims=\"1\" class=\"wp-image-4922\" style=\"aspect-ratio: 2.0253164556962027; width: 561px; height: auto;\" src=\"https:\/\/i0.wp.com\/ismaelcolosi.com.br\/wp-content\/uploads\/2023\/11\/grupo-de-empregos-whatsapp-e-facebook-ismael-colosi-vagas.jpg?ssl=1\" alt=\"\" \/><\/a><\/p>\n<!-- \/wp:image -->\n<\/div>\n<p> <br \/>\n<\/p>\n<div>\n<p><iframe loading=\"lazy\" title=\"DISE prende homem com drogas, armas e dinheiro nos Campos El\u00edseos\" width=\"500\" height=\"281\" src=\"https:\/\/www.youtube.com\/embed\/VHbEVirB48w?feature=oembed\" frameborder=\"0\" allow=\"accelerometer; autoplay; clipboard-write; encrypted-media; gyroscope; picture-in-picture; web-share\" referrerpolicy=\"strict-origin-when-cross-origin\" allowfullscreen><\/iframe><\/p>\n<p>Policiais civis da Delegacia de Investiga\u00e7\u00f5es sobre Entorpecentes (DISE) de Ribeir\u00e3o Preto prenderam na manh\u00e3 desta ter\u00e7a-feira (6) um homem de 48 anos, durante uma opera\u00e7\u00e3o realizada em uma resid\u00eancia no bairro Campos El\u00edseos, zona Norte da cidade. No local, foram apreendidas drogas, armas de fogo, muni\u00e7\u00f5es, apetrechos para embalo de entorpecentes e uma quantia significativa em dinheiro em esp\u00e9cie.<\/p>\n<p>De acordo com o delegado Eduardo Martinez, a investiga\u00e7\u00e3o teve in\u00edcio ap\u00f3s den\u00fancias indicando que o suspeito era respons\u00e1vel pela distribui\u00e7\u00e3o de drogas nos bairros Jardim Jandaia e Alto do Ipiranga. A partir dessas informa\u00e7\u00f5es, os policiais passaram a monitorar o homem e identificaram rapidamente o im\u00f3vel em que ele residia.<\/p>\n<p>Com base nas evid\u00eancias, a Justi\u00e7a expediu um mandado de busca e apreens\u00e3o. Durante o cumprimento da ordem judicial, os agentes encontraram crack, pasta base de coca\u00edna, avaliada em cerca de R$ 25 mil por tijolo, um rev\u00f3lver calibre .454, uma pistola calibre .22 e diversos utens\u00edlios usados no preparo e embalagem da droga.<\/p>\n<p>Inicialmente, o suspeito negou envolvimento, mas ao ser confrontado com as provas, admitiu que o material era destinado ao tr\u00e1fico na regi\u00e3o e que as armas eram usadas para sua pr\u00f3pria seguran\u00e7a. Ele j\u00e1 possui antecedentes por tr\u00e1fico de drogas e roubo.<\/p>\n<p>O detido foi conduzido \u00e0 Central de Pol\u00edcia Judici\u00e1ria no centro de Ribeir\u00e3o Preto, onde permanece \u00e0 disposi\u00e7\u00e3o da Justi\u00e7a.<\/p>\n<p>__<\/p>\n<p>Jornal Tribuna Ribeir\u00e3o<\/p>\n<p>Um Jornal com a cara de Ribeir\u00e3o!<\/p>\n<p>\u00a0<\/p>\n<p>Impresso | WEB | Redes sociais<\/p>\n<p>Tribuna Ribeir\u00e3o \u2013 Fone: (16) 3632-2200 \u2013 Whatsapp: (16) 98161-8743<\/p>\n<p>Av. Bar\u00e3o do Bananal, 880 \u2013 Jardim Anhanguera, Ribeir\u00e3o Preto<\/p>\n<p>\u00a0<\/p>\n<p>@tribunaribeirao @jornaltribuna<\/p>\n<p>@jornaltribunaribeirao @jornalribeiraopreto<\/p>\n<p>@noticiasribeiraopreto @meiamaratona<\/p>\n<p>@meiamaratonainternacionalderibeiraopreto<\/p>\n<p>@meiamaratonatribunaribeirao<\/p>\n<p>#TribunaRibeir\u00e3o #News #Not\u00edcia #Ribeir\u00e3oPreto #Not\u00edciasDeRibeir\u00e3oPreto<\/p>\n<p>#ClassificadosTribunaRibeir\u00e3o #Jornalismo #ClassificadosRibeir\u00e3o<\/p>\n<p>\u00a0<\/p>\n<p>\u00a0<\/p>\n<\/div>\n<p><br \/>\n<br \/><a href=\"https:\/\/www.tribunaribeirao.com.br\/video-dise-prende-homem-com-drogas-armas-e-dinheiro-na-zona-norte\/\">Source link <\/a><\/p>\n<!-- CONTENT END 1 -->\n","protected":false},"excerpt":{"rendered":"<p>Policiais civis da Delegacia de Investiga\u00e7\u00f5es sobre Entorpecentes (DISE) de Ribeir\u00e3o Preto prenderam na manh\u00e3 desta ter\u00e7a-feira (6) um homem de 48 anos, durante uma&#8230;<\/p>\n","protected":false},"author":1,"featured_media":69471,"comment_status":"open","ping_status":"open","sticky":false,"template":"","format":"standard","meta":{"advanced_seo_description":"","jetpack_seo_html_title":"","jetpack_seo_noindex":false,"jetpack_post_was_ever_published":false,"_jetpack_newsletter_access":"","_jetpack_dont_email_post_to_subs":false,"_jetpack_newsletter_tier_id":0,"_jetpack_memberships_contains_paywalled_content":false,"_jetpack_memberships_contains_paid_content":false,"footnotes":"","jetpack_publicize_message":"","jetpack_publicize_feature_enabled":true,"jetpack_social_post_already_shared":true,"jetpack_social_options":{"image_generator_settings":{"template":"highway","default_image_id":0,"font":"","enabled":false},"version":2}},"categories":[11],"tags":[],"class_list":["post-69469","post","type-post","status-publish","format-standard","has-post-thumbnail","hentry","category-noticias-de-ribeirao-preto-sp-e-regiao-ismael-colosi"],"jetpack_publicize_connections":[],"jetpack_featured_media_url":"https:\/\/i0.wp.com\/noticiasribeiraopreto.com.br\/wp-content\/uploads\/2025\/05\/dise_campos_jandaia1.jpeg?fit=600%2C390&ssl=1","jetpack-related-posts":[{"id":80651,"url":"https:\/\/noticiasribeiraopreto.com.br\/index.php\/2025\/12\/09\/policia-localiza-casa-bomba-na-zona-norte\/","url_meta":{"origin":69469,"position":0},"title":"Pol\u00edcia localiza \u2018casa bomba\u2019 na zona Norte","author":"noticiasribeiraopreto.com.br","date":"9 de December de 2025","format":false,"excerpt":"\r Local era utilizado para deposito e fracionamento de drogas e respons\u00e1vel pela casa foi preso\r \r 9 de dezembro de 2025 07:13 \r Compartilhar0 Por: Adalberto Luque Um homem foi preso, nesta segunda-feira (8) e uma grande apreens\u00e3o de drogas foi realizada em uma casa usada para dep\u00f3sito, armazenamento\u2026","rel":"","context":"In &quot;Not\u00edcias de Ribeir\u00e3o Preto-SP e Regi\u00e3o&quot;","block_context":{"text":"Not\u00edcias de Ribeir\u00e3o Preto-SP e Regi\u00e3o","link":"https:\/\/noticiasribeiraopreto.com.br\/index.php\/category\/noticias-de-ribeirao-preto-sp-e-regiao-ismael-colosi\/"},"img":{"alt_text":"","src":"","width":0,"height":0},"classes":[]},{"id":38492,"url":"https:\/\/noticiasribeiraopreto.com.br\/index.php\/2024\/02\/20\/homem-e-preso-com-pistola-automatica\/","url_meta":{"origin":69469,"position":1},"title":"Homem \u00e9 preso com pistola autom\u00e1tica","author":"noticiasribeiraopreto.com.br","date":"20 de February de 2024","format":false,"excerpt":"Suspeito era investigado por tr\u00e1fico de drogas e arma foi encontrada durante buscas em sua casa 20 de fevereiro de 2024 | 12:11 0Por: Adalberto LuqueUm homem foi preso ap\u00f3s uma arma ser localizada em sua resid\u00eancia, na tarde desta segunda-feira (19). A pris\u00e3o ocorreu na Rua Jo\u00e3o Carlos de\u2026","rel":"","context":"In &quot;Not\u00edcias de Ribeir\u00e3o Preto-SP e Regi\u00e3o&quot;","block_context":{"text":"Not\u00edcias de Ribeir\u00e3o Preto-SP e Regi\u00e3o","link":"https:\/\/noticiasribeiraopreto.com.br\/index.php\/category\/noticias-de-ribeirao-preto-sp-e-regiao-ismael-colosi\/"},"img":{"alt_text":"","src":"https:\/\/i0.wp.com\/noticiasribeiraopreto.com.br\/wp-content\/uploads\/2024\/02\/00-20-fev-2024-pistola-dise-foto-divulgacao.jpg?fit=348%2C316&ssl=1&resize=350%2C200","width":350,"height":200},"classes":[]},{"id":60102,"url":"https:\/\/noticiasribeiraopreto.com.br\/index.php\/2024\/11\/06\/homem-e-preso-com-mais-de-4-mil-capsulas-com-cocaina-em-ribeirao\/","url_meta":{"origin":69469,"position":2},"title":"Homem \u00e9 preso com mais de 4 mil c\u00e1psulas com coca\u00edna em Ribeir\u00e3o","author":"noticiasribeiraopreto.com.br","date":"6 de November de 2024","format":false,"excerpt":"Um homem foi preso com 4.838 c\u00e1psulas com coca\u00edna, al\u00e9m de 200 gramas da droga nesta ter\u00e7a-feira (5), no bairro Ipiranga, zona Norte de Ribeir\u00e3o Preto. A Pol\u00edcia Civil informou que a pris\u00e3o em flagrante ocorreu em um im\u00f3vel na rua Itajub\u00e1. A coca\u00edna totalizou 3,425 quilos. As investiga\u00e7\u00f5es foram\u2026","rel":"","context":"In &quot;Not\u00edcias de Ribeir\u00e3o Preto-SP e Regi\u00e3o&quot;","block_context":{"text":"Not\u00edcias de Ribeir\u00e3o Preto-SP e Regi\u00e3o","link":"https:\/\/noticiasribeiraopreto.com.br\/index.php\/category\/noticias-de-ribeirao-preto-sp-e-regiao-ismael-colosi\/"},"img":{"alt_text":"","src":"https:\/\/i0.wp.com\/noticiasribeiraopreto.com.br\/wp-content\/uploads\/2024\/11\/WhatsApp-Image-2024-11-06-at-06.42.09_2024-11-06_11-44-51_jpeg_2024-11-06_11-44-51.webp.webp?fit=762%2C375&ssl=1&resize=350%2C200","width":350,"height":200,"srcset":"https:\/\/i0.wp.com\/noticiasribeiraopreto.com.br\/wp-content\/uploads\/2024\/11\/WhatsApp-Image-2024-11-06-at-06.42.09_2024-11-06_11-44-51_jpeg_2024-11-06_11-44-51.webp.webp?fit=762%2C375&ssl=1&resize=350%2C200 1x, https:\/\/i0.wp.com\/noticiasribeiraopreto.com.br\/wp-content\/uploads\/2024\/11\/WhatsApp-Image-2024-11-06-at-06.42.09_2024-11-06_11-44-51_jpeg_2024-11-06_11-44-51.webp.webp?fit=762%2C375&ssl=1&resize=525%2C300 1.5x, https:\/\/i0.wp.com\/noticiasribeiraopreto.com.br\/wp-content\/uploads\/2024\/11\/WhatsApp-Image-2024-11-06-at-06.42.09_2024-11-06_11-44-51_jpeg_2024-11-06_11-44-51.webp.webp?fit=762%2C375&ssl=1&resize=700%2C400 2x"},"classes":[]},{"id":34013,"url":"https:\/\/noticiasribeiraopreto.com.br\/index.php\/2024\/01\/31\/homem-e-preso-com-drogas-na-anhanguera\/","url_meta":{"origin":69469,"position":3},"title":"Homem \u00e9 preso com drogas na Anhanguera","author":"noticiasribeiraopreto.com.br","date":"31 de January de 2024","format":false,"excerpt":"Ele era investigado pela Pol\u00edcia Civil de Sert\u00e3ozinho e foi surpreendido com v\u00e1rios tijolos de maconha 31 de janeiro de 2024 | 16:33 0Por: Adalberto LuqueUm homem foi preso, na manh\u00e3 desta quarta-feira (31), com v\u00e1rios tijolos de maconha. Ele trafegava pela Rodovia Anhanguera, altura do km 309, sentido Capital,\u2026","rel":"","context":"In &quot;Not\u00edcias de Ribeir\u00e3o Preto-SP e Regi\u00e3o&quot;","block_context":{"text":"Not\u00edcias de Ribeir\u00e3o Preto-SP e Regi\u00e3o","link":"https:\/\/noticiasribeiraopreto.com.br\/index.php\/category\/noticias-de-ribeirao-preto-sp-e-regiao-ismael-colosi\/"},"img":{"alt_text":"","src":"https:\/\/i0.wp.com\/noticiasribeiraopreto.com.br\/wp-content\/uploads\/2024\/01\/00-31-jan-2024-traficante-sertaozinho-foto-redes-sociais.jpg?fit=586%2C352&ssl=1&resize=350%2C200","width":350,"height":200,"srcset":"https:\/\/i0.wp.com\/noticiasribeiraopreto.com.br\/wp-content\/uploads\/2024\/01\/00-31-jan-2024-traficante-sertaozinho-foto-redes-sociais.jpg?fit=586%2C352&ssl=1&resize=350%2C200 1x, https:\/\/i0.wp.com\/noticiasribeiraopreto.com.br\/wp-content\/uploads\/2024\/01\/00-31-jan-2024-traficante-sertaozinho-foto-redes-sociais.jpg?fit=586%2C352&ssl=1&resize=525%2C300 1.5x"},"classes":[]},{"id":42378,"url":"https:\/\/noticiasribeiraopreto.com.br\/index.php\/2024\/03\/14\/baep-apreende-25-kg-de-drogas-na-zona-norte\/","url_meta":{"origin":69469,"position":4},"title":"BAEP apreende 25 kg de drogas na zona Norte","author":"noticiasribeiraopreto.com.br","date":"14 de March de 2024","format":false,"excerpt":"A\u00e7\u00f5es ocorreram nos bairros Jardim Salgado Filho 1 e 2 14 de mar\u00e7o de 2024 | 11:16 0Por: Adalberto LuqueEm duas a\u00e7\u00f5es distintas, realizadas nesta quarta-feira (13), o Batalh\u00e3o de A\u00e7\u00f5es Especiais de Pol\u00edcia (BAEP) apreendeu quase 25 quilos de drogas em duas opera\u00e7\u00f5es. As a\u00e7\u00f5es ocorreram em bairros da\u2026","rel":"","context":"In &quot;Not\u00edcias de Ribeir\u00e3o Preto-SP e Regi\u00e3o&quot;","block_context":{"text":"Not\u00edcias de Ribeir\u00e3o Preto-SP e Regi\u00e3o","link":"https:\/\/noticiasribeiraopreto.com.br\/index.php\/category\/noticias-de-ribeirao-preto-sp-e-regiao-ismael-colosi\/"},"img":{"alt_text":"","src":"https:\/\/i0.wp.com\/noticiasribeiraopreto.com.br\/wp-content\/uploads\/2024\/03\/00-14-mar-2024-Drogas-Salgado-Filho-02-foto-baep-scaled.jpg?fit=1000%2C573&ssl=1&resize=350%2C200","width":350,"height":200,"srcset":"https:\/\/i0.wp.com\/noticiasribeiraopreto.com.br\/wp-content\/uploads\/2024\/03\/00-14-mar-2024-Drogas-Salgado-Filho-02-foto-baep-scaled.jpg?fit=1000%2C573&ssl=1&resize=350%2C200 1x, https:\/\/i0.wp.com\/noticiasribeiraopreto.com.br\/wp-content\/uploads\/2024\/03\/00-14-mar-2024-Drogas-Salgado-Filho-02-foto-baep-scaled.jpg?fit=1000%2C573&ssl=1&resize=525%2C300 1.5x, https:\/\/i0.wp.com\/noticiasribeiraopreto.com.br\/wp-content\/uploads\/2024\/03\/00-14-mar-2024-Drogas-Salgado-Filho-02-foto-baep-scaled.jpg?fit=1000%2C573&ssl=1&resize=700%2C400 2x"},"classes":[]},{"id":77145,"url":"https:\/\/noticiasribeiraopreto.com.br\/index.php\/2025\/09\/12\/fim-dos-tempos-e-preso-na-zona-norte\/","url_meta":{"origin":69469,"position":5},"title":"\u201cFim dos Tempos\u201d \u00e9 preso na zona Norte","author":"noticiasribeiraopreto.com.br","date":"12 de September de 2025","format":false,"excerpt":"Homem era investigado por suspeita de ser l\u00edder de fac\u00e7\u00e3o criminosa e comercializar grande quantidade de drogas 12 de setembro de 2025 10:515 Compartilhar1 Por: Adalberto Luque Dois homens foram presos, nesta quinta-feira (11), por envolvimento com o tr\u00e1fico de drogas. As pris\u00f5es ocorreram no Jardim Aeroporto, zona Norte de\u2026","rel":"","context":"In &quot;Not\u00edcias de Ribeir\u00e3o Preto-SP e Regi\u00e3o&quot;","block_context":{"text":"Not\u00edcias de Ribeir\u00e3o Preto-SP e Regi\u00e3o","link":"https:\/\/noticiasribeiraopreto.com.br\/index.php\/category\/noticias-de-ribeirao-preto-sp-e-regiao-ismael-colosi\/"},"img":{"alt_text":"","src":"https:\/\/i0.wp.com\/noticiasribeiraopreto.com.br\/wp-content\/uploads\/2025\/09\/12-set-2025-drogasjdaeroporto3.jpg?fit=862%2C491&ssl=1&resize=350%2C200","width":350,"height":200,"srcset":"https:\/\/i0.wp.com\/noticiasribeiraopreto.com.br\/wp-content\/uploads\/2025\/09\/12-set-2025-drogasjdaeroporto3.jpg?fit=862%2C491&ssl=1&resize=350%2C200 1x, https:\/\/i0.wp.com\/noticiasribeiraopreto.com.br\/wp-content\/uploads\/2025\/09\/12-set-2025-drogasjdaeroporto3.jpg?fit=862%2C491&ssl=1&resize=525%2C300 1.5x, https:\/\/i0.wp.com\/noticiasribeiraopreto.com.br\/wp-content\/uploads\/2025\/09\/12-set-2025-drogasjdaeroporto3.jpg?fit=862%2C491&ssl=1&resize=700%2C400 2x"},"classes":[]}],"jetpack_sharing_enabled":true,"jetpack_shortlink":"https:\/\/wp.me\/peQAOb-i4t","_links":{"self":[{"href":"https:\/\/noticiasribeiraopreto.com.br\/index.php\/wp-json\/wp\/v2\/posts\/69469","targetHints":{"allow":["GET"]}}],"collection":[{"href":"https:\/\/noticiasribeiraopreto.com.br\/index.php\/wp-json\/wp\/v2\/posts"}],"about":[{"href":"https:\/\/noticiasribeiraopreto.com.br\/index.php\/wp-json\/wp\/v2\/types\/post"}],"author":[{"embeddable":true,"href":"https:\/\/noticiasribeiraopreto.com.br\/index.php\/wp-json\/wp\/v2\/users\/1"}],"replies":[{"embeddable":true,"href":"https:\/\/noticiasribeiraopreto.com.br\/index.php\/wp-json\/wp\/v2\/comments?post=69469"}],"version-history":[{"count":0,"href":"https:\/\/noticiasribeiraopreto.com.br\/index.php\/wp-json\/wp\/v2\/posts\/69469\/revisions"}],"wp:featuredmedia":[{"embeddable":true,"href":"https:\/\/noticiasribeiraopreto.com.br\/index.php\/wp-json\/wp\/v2\/media\/69471"}],"wp:attachment":[{"href":"https:\/\/noticiasribeiraopreto.com.br\/index.php\/wp-json\/wp\/v2\/media?parent=69469"}],"wp:term":[{"taxonomy":"category","embeddable":true,"href":"https:\/\/noticiasribeiraopreto.com.br\/index.php\/wp-json\/wp\/v2\/categories?post=69469"},{"taxonomy":"post_tag","embeddable":true,"href":"https:\/\/noticiasribeiraopreto.com.br\/index.php\/wp-json\/wp\/v2\/tags?post=69469"}],"curies":[{"name":"wp","href":"https:\/\/api.w.org\/{rel}","templated":true}]}}