{"id":69474,"date":"2025-05-06T16:32:47","date_gmt":"2025-05-06T19:32:47","guid":{"rendered":"https:\/\/noticiasribeiraopreto.com.br\/index.php\/2025\/05\/06\/desafios-climaticos-no-agro-serao-tema-de-forum-em-ribeirao-preto-saiba-mais\/"},"modified":"2025-05-06T16:32:47","modified_gmt":"2025-05-06T19:32:47","slug":"desafios-climaticos-no-agro-serao-tema-de-forum-em-ribeirao-preto-saiba-mais","status":"publish","type":"post","link":"https:\/\/noticiasribeiraopreto.com.br\/index.php\/2025\/05\/06\/desafios-climaticos-no-agro-serao-tema-de-forum-em-ribeirao-preto-saiba-mais\/","title":{"rendered":"Desafios clim\u00e1ticos no agro ser\u00e3o tema de F\u00f3rum em Ribeir\u00e3o Preto; saiba mais"},"content":{"rendered":"<p> <br \/>\n<\/p>\n<div>\n<p>O impacto clim\u00e1tico no agroneg\u00f3cio ser\u00e1 discutido no <strong>F\u00f3rum Agro Regional<\/strong>, que acontece nesta quarta-feira (7), em <strong>Ribeir\u00e3o Preto<\/strong>. O evento come\u00e7a a partir das 8h30, no Dabi Business Park.<\/p>\n<p>Com o tema \u201cImpacto Clim\u00e1tico no Agro: estrat\u00e9gias de adapta\u00e7\u00e3o e resili\u00eancia\u201d, <mark style=\"background-color:#fcb900\" class=\"has-inline-color has-black-color\">o encontro vai reunir produtores, especialistas e representantes de empresas para discutir solu\u00e7\u00f5es frente aos desafios clim\u00e1ticos que afetam a produ\u00e7\u00e3o agr\u00edcola e pecu\u00e1ria na regi\u00e3o.<\/mark><\/p>\n<p>As inscri\u00e7\u00f5es s\u00e3o gratuitas e limitadas e devem ser feitas pela internet <a href=\"https:\/\/www.sympla.com.br\/evento\/forum-agro-regional-2-edicao-impacto-climatico-no-agro\/2887239\">(clique aqui)<\/a>.<\/p>\n<p>\u201cRibeir\u00e3o Preto sofreu grande impacto com as queimadas recentes. A ideia \u00e9 trazer uma retrospectiva e dar voz aos produtores que vivenciaram essa realidade\u201d, afirma Maira Zampi\u00e9r, uma das organizadoras do F\u00f3rum.<\/p>\n<h2 class=\"wp-block-heading\"><strong>Foco em pr\u00e1ticas e inova\u00e7\u00e3o<\/strong><\/h2>\n<p>A programa\u00e7\u00e3o inclui pain\u00e9is, estudos de caso e espa\u00e7os de intera\u00e7\u00e3o com o p\u00fablico. Na abertura, Maira e Diego Siqueira (Quanticum) ir\u00e3o trazer uma retrospectiva clim\u00e1tica.<\/p>\n<p>Em seguida, acontece o painel \u201cImpactos clim\u00e1ticos na agroeconomia regional\u201d, com a participa\u00e7\u00e3o de Alex Foga\u00e7a (Pedra Agroindustrial), Enison Lopes (Enin Caf\u00e9s Especiais) e Luciana Dalmagro (Fazenda Alta Conquista). A media\u00e7\u00e3o ser\u00e1 de Henrique Galvani (Arara Seed).<\/p>\n<p>A produtora rural e empreendedora Luciana Dalmagro destaca que <mark style=\"background-color:#fcb900\" class=\"has-inline-color has-black-color\">a sustentabilidade deixou de ser uma op\u00e7\u00e3o e se tornou uma necessidade central para quem quer garantir a continuidade dos neg\u00f3cios no campo<\/mark>, principalmente diante dos desafios clim\u00e1ticos.<\/p>\n<p>\u201cAs novas gera\u00e7\u00f5es j\u00e1 enxergam a sustentabilidade como uma condi\u00e7\u00e3o indispens\u00e1vel para qualquer atividade econ\u00f4mica. Se n\u00e3o houver esse compromisso, o neg\u00f3cio perde o seu valor\u201d, afirma Luciana.<\/p>\n<p>SAIBA MAIS<br \/>Ribeir\u00e3o Preto amplia oferta de voos para S\u00e3o Paulo; veja os hor\u00e1rios<\/p>\n<h2 class=\"wp-block-heading\"><strong>FIQUE ON<\/strong><\/h2>\n<p>Fique ligado em tudo que acontece em Ribeir\u00e3o Preto e regi\u00e3o. Siga os perfis do<strong> acidade on <\/strong>no <a href=\"https:\/\/www.instagram.com\/acidadeonribeirao\">Instagram<\/a> e no <a href=\"https:\/\/www.facebook.com\/acidadeonribeirao\/\">Facebook<\/a>.<\/p>\n<p>Receba not\u00edcias do <strong>acidade on <\/strong>no WhatsApp. <a href=\"https:\/\/chat.whatsapp.com\/BjKQZ9oJwlz8VVT50NuePq\">Para entrar no grupo, basta clicar aqui.<\/a><\/p>\n<p>Fa\u00e7a uma den\u00fancia ou sugira uma reportagem sobre Ribeir\u00e3o Preto e regi\u00e3o pelo WhatsApp: 16 99117 7802.<\/p>\n<p>VEJA TAMB\u00c9M<br \/>Veja como est\u00e1 parque aqu\u00e1tico de Ribeir\u00e3o abandonado h\u00e1 17 anos<\/p>\n<p><!-- CONTENT END 1 -->\n<\/div>\n<p><script async src=\"\/\/www.instagram.com\/embed.js\"><\/script><br \/>\n<br \/><br \/>\n<br \/><a href=\"https:\/\/www.acidadeon.com\/ribeiraopreto\/economia\/desafios-climaticos-no-agro-serao-tema-de-forum-em-ribeirao-preto-saiba-mais\/\">Source link <\/a><\/p>\n","protected":false},"excerpt":{"rendered":"<p>O impacto clim\u00e1tico no agroneg\u00f3cio ser\u00e1 discutido no F\u00f3rum Agro Regional, que acontece nesta quarta-feira (7), em Ribeir\u00e3o Preto. O evento come\u00e7a a partir das&#8230;<\/p>\n","protected":false},"author":1,"featured_media":57142,"comment_status":"open","ping_status":"open","sticky":false,"template":"","format":"standard","meta":{"advanced_seo_description":"","jetpack_seo_html_title":"","jetpack_seo_noindex":false,"jetpack_post_was_ever_published":false,"_jetpack_newsletter_access":"","_jetpack_dont_email_post_to_subs":false,"_jetpack_newsletter_tier_id":0,"_jetpack_memberships_contains_paywalled_content":false,"_jetpack_memberships_contains_paid_content":false,"footnotes":"","jetpack_publicize_message":"","jetpack_publicize_feature_enabled":true,"jetpack_social_post_already_shared":true,"jetpack_social_options":{"image_generator_settings":{"template":"highway","default_image_id":0,"font":"","enabled":false},"version":2}},"categories":[11],"tags":[],"class_list":["post-69474","post","type-post","status-publish","format-standard","has-post-thumbnail","hentry","category-noticias-de-ribeirao-preto-sp-e-regiao-ismael-colosi"],"jetpack_publicize_connections":[],"jetpack_featured_media_url":"https:\/\/i0.wp.com\/noticiasribeiraopreto.com.br\/wp-content\/uploads\/2024\/08\/incendio-interior-de-sp_2024-08-23_22-59-14_jpg_2024-08-23_22-59-15.webp.webp?fit=1200%2C671&ssl=1","jetpack-related-posts":[{"id":79440,"url":"https:\/\/noticiasribeiraopreto.com.br\/index.php\/2025\/10\/31\/palestra-do-banco-abc-reforca-forca-e-futuro-do-agro\/","url_meta":{"origin":69474,"position":0},"title":"Palestra do Banco ABC refor\u00e7a for\u00e7a e futuro do agro","author":"noticiasribeiraopreto.com.br","date":"31 de October de 2025","format":false,"excerpt":"Uma palestra proferida pelo engenheiro agr\u00f4nomo Marcos Fava para um seleto grupo de empres\u00e1rios do agroneg\u00f3cio da regi\u00e3o de Ribeir\u00e3o Preto mostrou que o setor vai muito bem e o progn\u00f3stico \u00e9 de crescimento. O Brasil \u00e9 o maior produtor do mundo e tamb\u00e9m o maior exportador. Nossas exporta\u00e7\u00f5es se\u2026","rel":"","context":"In &quot;Not\u00edcias de Ribeir\u00e3o Preto-SP e Regi\u00e3o&quot;","block_context":{"text":"Not\u00edcias de Ribeir\u00e3o Preto-SP e Regi\u00e3o","link":"https:\/\/noticiasribeiraopreto.com.br\/index.php\/category\/noticias-de-ribeirao-preto-sp-e-regiao-ismael-colosi\/"},"img":{"alt_text":"","src":"https:\/\/i0.wp.com\/noticiasribeiraopreto.com.br\/wp-content\/uploads\/2025\/10\/1-2025-10-31T125916.677_2025-10-31_16-00-19.webp.webp?fit=1200%2C800&ssl=1&resize=350%2C200","width":350,"height":200,"srcset":"https:\/\/i0.wp.com\/noticiasribeiraopreto.com.br\/wp-content\/uploads\/2025\/10\/1-2025-10-31T125916.677_2025-10-31_16-00-19.webp.webp?fit=1200%2C800&ssl=1&resize=350%2C200 1x, https:\/\/i0.wp.com\/noticiasribeiraopreto.com.br\/wp-content\/uploads\/2025\/10\/1-2025-10-31T125916.677_2025-10-31_16-00-19.webp.webp?fit=1200%2C800&ssl=1&resize=525%2C300 1.5x, https:\/\/i0.wp.com\/noticiasribeiraopreto.com.br\/wp-content\/uploads\/2025\/10\/1-2025-10-31T125916.677_2025-10-31_16-00-19.webp.webp?fit=1200%2C800&ssl=1&resize=700%2C400 2x, https:\/\/i0.wp.com\/noticiasribeiraopreto.com.br\/wp-content\/uploads\/2025\/10\/1-2025-10-31T125916.677_2025-10-31_16-00-19.webp.webp?fit=1200%2C800&ssl=1&resize=1050%2C600 3x"},"classes":[]},{"id":76752,"url":"https:\/\/noticiasribeiraopreto.com.br\/index.php\/2025\/09\/04\/conferencia-em-ribeirao-discute-os-efeitos-do-tarifaco-de-trump-no-agro\/","url_meta":{"origin":69474,"position":1},"title":"Confer\u00eancia em Ribeir\u00e3o discute os efeitos do Tarifa\u00e7o de Trump no agro","author":"noticiasribeiraopreto.com.br","date":"4 de September de 2025","format":false,"excerpt":"Os efeitos do Tarifa\u00e7o imposto pelo presidente dos Estados Unidos, Donald Trump, no agroneg\u00f3cio ser\u00e3o discutidos na 2\u00aa Confer\u00eancia Estadual de Direito e Agroneg\u00f3cio, que acontece nos dias 18 e 19 de setembro, em Ribeir\u00e3o Preto. O evento \u00e9 realizado pela OAB-SP (Ordem dos Advogados do Brasil Se\u00e7\u00e3o S\u00e3o Paulo)\u2026","rel":"","context":"In &quot;Not\u00edcias de Ribeir\u00e3o Preto-SP e Regi\u00e3o&quot;","block_context":{"text":"Not\u00edcias de Ribeir\u00e3o Preto-SP e Regi\u00e3o","link":"https:\/\/noticiasribeiraopreto.com.br\/index.php\/category\/noticias-de-ribeirao-preto-sp-e-regiao-ismael-colosi\/"},"img":{"alt_text":"","src":"https:\/\/i0.wp.com\/noticiasribeiraopreto.com.br\/wp-content\/uploads\/2025\/07\/Copia-de-Copia-de-Copia-de-TAMANHO-EXATO-PARA-FOTOS-NO-SISTEMA-NOVO-2025-07-18T194849.427_2025-07-18_22-48-58.webp.webp?fit=1200%2C675&ssl=1&resize=350%2C200","width":350,"height":200,"srcset":"https:\/\/i0.wp.com\/noticiasribeiraopreto.com.br\/wp-content\/uploads\/2025\/07\/Copia-de-Copia-de-Copia-de-TAMANHO-EXATO-PARA-FOTOS-NO-SISTEMA-NOVO-2025-07-18T194849.427_2025-07-18_22-48-58.webp.webp?fit=1200%2C675&ssl=1&resize=350%2C200 1x, https:\/\/i0.wp.com\/noticiasribeiraopreto.com.br\/wp-content\/uploads\/2025\/07\/Copia-de-Copia-de-Copia-de-TAMANHO-EXATO-PARA-FOTOS-NO-SISTEMA-NOVO-2025-07-18T194849.427_2025-07-18_22-48-58.webp.webp?fit=1200%2C675&ssl=1&resize=525%2C300 1.5x, https:\/\/i0.wp.com\/noticiasribeiraopreto.com.br\/wp-content\/uploads\/2025\/07\/Copia-de-Copia-de-Copia-de-TAMANHO-EXATO-PARA-FOTOS-NO-SISTEMA-NOVO-2025-07-18T194849.427_2025-07-18_22-48-58.webp.webp?fit=1200%2C675&ssl=1&resize=700%2C400 2x, https:\/\/i0.wp.com\/noticiasribeiraopreto.com.br\/wp-content\/uploads\/2025\/07\/Copia-de-Copia-de-Copia-de-TAMANHO-EXATO-PARA-FOTOS-NO-SISTEMA-NOVO-2025-07-18T194849.427_2025-07-18_22-48-58.webp.webp?fit=1200%2C675&ssl=1&resize=1050%2C600 3x"},"classes":[]},{"id":67284,"url":"https:\/\/noticiasribeiraopreto.com.br\/index.php\/2025\/04\/11\/ribeirao-preto-assume-presidencia-de-forum-sobre-mobilidade-urbana\/","url_meta":{"origin":69474,"position":2},"title":"Ribeir\u00e3o Preto assume presid\u00eancia de f\u00f3rum sobre mobilidade\u00a0urbana","author":"noticiasribeiraopreto.com.br","date":"11 de April de 2025","format":false,"excerpt":"O diretor superintendente da RP Mobi, Marcelo Galli, foi eleito presidente do F\u00f3rum Paulista de Secret\u00e1rios e Dirigentes P\u00fablicos de Mobilidade Urbana para o bi\u00eanio 2025\/2026. A elei\u00e7\u00e3o aconteceu durante a 92\u00aa edi\u00e7\u00e3o do f\u00f3rum. Durante o encontro, tamb\u00e9m foram definidos os demais integrantes da nova gest\u00e3o do f\u00f3rum. As\u2026","rel":"","context":"In &quot;Not\u00edcias de Ribeir\u00e3o Preto-SP e Regi\u00e3o&quot;","block_context":{"text":"Not\u00edcias de Ribeir\u00e3o Preto-SP e Regi\u00e3o","link":"https:\/\/noticiasribeiraopreto.com.br\/index.php\/category\/noticias-de-ribeirao-preto-sp-e-regiao-ismael-colosi\/"},"img":{"alt_text":"","src":"https:\/\/i0.wp.com\/noticiasribeiraopreto.com.br\/wp-content\/uploads\/2025\/04\/Copia-de-Copia-de-Copia-de-TAMANHO-EXATO-PARA-FOTOS-NO-SISTEMA-NOVO-2025-04-11T180625.007_2025-04-11_21-07-12_png_2025-04-11_21-07-12.webp.webp?fit=1200%2C675&ssl=1&resize=350%2C200","width":350,"height":200,"srcset":"https:\/\/i0.wp.com\/noticiasribeiraopreto.com.br\/wp-content\/uploads\/2025\/04\/Copia-de-Copia-de-Copia-de-TAMANHO-EXATO-PARA-FOTOS-NO-SISTEMA-NOVO-2025-04-11T180625.007_2025-04-11_21-07-12_png_2025-04-11_21-07-12.webp.webp?fit=1200%2C675&ssl=1&resize=350%2C200 1x, https:\/\/i0.wp.com\/noticiasribeiraopreto.com.br\/wp-content\/uploads\/2025\/04\/Copia-de-Copia-de-Copia-de-TAMANHO-EXATO-PARA-FOTOS-NO-SISTEMA-NOVO-2025-04-11T180625.007_2025-04-11_21-07-12_png_2025-04-11_21-07-12.webp.webp?fit=1200%2C675&ssl=1&resize=525%2C300 1.5x, https:\/\/i0.wp.com\/noticiasribeiraopreto.com.br\/wp-content\/uploads\/2025\/04\/Copia-de-Copia-de-Copia-de-TAMANHO-EXATO-PARA-FOTOS-NO-SISTEMA-NOVO-2025-04-11T180625.007_2025-04-11_21-07-12_png_2025-04-11_21-07-12.webp.webp?fit=1200%2C675&ssl=1&resize=700%2C400 2x, https:\/\/i0.wp.com\/noticiasribeiraopreto.com.br\/wp-content\/uploads\/2025\/04\/Copia-de-Copia-de-Copia-de-TAMANHO-EXATO-PARA-FOTOS-NO-SISTEMA-NOVO-2025-04-11T180625.007_2025-04-11_21-07-12_png_2025-04-11_21-07-12.webp.webp?fit=1200%2C675&ssl=1&resize=1050%2C600 3x"},"classes":[]},{"id":50780,"url":"https:\/\/noticiasribeiraopreto.com.br\/index.php\/2024\/05\/19\/ribeirao-preto-aparece-em-lista-de-cidades-com-risco-de-desastres-climaticos\/","url_meta":{"origin":69474,"position":3},"title":"Ribeir\u00e3o Preto aparece em lista de cidades com risco de desastres clim\u00e1ticos","author":"noticiasribeiraopreto.com.br","date":"19 de May de 2024","format":false,"excerpt":"Um levantamento do Governo Federal mostra que Ribeir\u00e3o Preto est\u00e1 entre as 1.942 cidades brasileiras com risco de desastres clim\u00e1ticos, como as enchentes que afetaram o Rio Grande do Sul. De acordo com os dados revelados pelo jornal O Estado de S\u00e3o Paulo, Ribeir\u00e3o Preto \u00e9 um dos munic\u00edpios suscet\u00edveis\u2026","rel":"","context":"In &quot;Not\u00edcias de Ribeir\u00e3o Preto-SP e Regi\u00e3o&quot;","block_context":{"text":"Not\u00edcias de Ribeir\u00e3o Preto-SP e Regi\u00e3o","link":"https:\/\/noticiasribeiraopreto.com.br\/index.php\/category\/noticias-de-ribeirao-preto-sp-e-regiao-ismael-colosi\/"},"img":{"alt_text":"","src":"https:\/\/i0.wp.com\/noticiasribeiraopreto.com.br\/wp-content\/uploads\/2024\/05\/WhatsApp-Image-2024-04-17-at-21.57.48.webp.webp?fit=750%2C417&ssl=1&resize=350%2C200","width":350,"height":200,"srcset":"https:\/\/i0.wp.com\/noticiasribeiraopreto.com.br\/wp-content\/uploads\/2024\/05\/WhatsApp-Image-2024-04-17-at-21.57.48.webp.webp?fit=750%2C417&ssl=1&resize=350%2C200 1x, https:\/\/i0.wp.com\/noticiasribeiraopreto.com.br\/wp-content\/uploads\/2024\/05\/WhatsApp-Image-2024-04-17-at-21.57.48.webp.webp?fit=750%2C417&ssl=1&resize=525%2C300 1.5x, https:\/\/i0.wp.com\/noticiasribeiraopreto.com.br\/wp-content\/uploads\/2024\/05\/WhatsApp-Image-2024-04-17-at-21.57.48.webp.webp?fit=750%2C417&ssl=1&resize=700%2C400 2x"},"classes":[]},{"id":8788,"url":"https:\/\/noticiasribeiraopreto.com.br\/index.php\/2023\/11\/30\/cop28-aprova-fundo-climatico-para-paises-vulneraveis\/","url_meta":{"origin":69474,"position":4},"title":"COP28 aprova fundo clim\u00e1tico para pa\u00edses vulner\u00e1veis","author":"noticiasribeiraopreto.com.br","date":"30 de November de 2023","format":false,"excerpt":"30 de novembro de 2023 | 14:33 0Em seu primeiro dia, a Confer\u00eancia das Na\u00e7\u00f5es Unidas sobre Mudan\u00e7as Clim\u00e1ticas (COP28),\u00a0realizada\u00a0em Dubai, nos Emirados \u00c1rabes, aprovou nesta quinta-feira (30) um fundo clim\u00e1tico para financiar perdas e danos de pa\u00edses vulner\u00e1veis. \u00a0Os Emirados \u00c1rabes anunciaram imediatamente uma contribui\u00e7\u00e3o de US$ 100 milh\u00f5es.\u2026","rel":"","context":"In &quot;Not\u00edcias de Ribeir\u00e3o Preto-SP e Regi\u00e3o&quot;","block_context":{"text":"Not\u00edcias de Ribeir\u00e3o Preto-SP e Regi\u00e3o","link":"https:\/\/noticiasribeiraopreto.com.br\/index.php\/category\/noticias-de-ribeirao-preto-sp-e-regiao-ismael-colosi\/"},"img":{"alt_text":"","src":"https:\/\/i0.wp.com\/noticiasribeiraopreto.com.br\/wp-content\/uploads\/2023\/11\/fundo-scaled.jpg?fit=1000%2C598&ssl=1&resize=350%2C200","width":350,"height":200,"srcset":"https:\/\/i0.wp.com\/noticiasribeiraopreto.com.br\/wp-content\/uploads\/2023\/11\/fundo-scaled.jpg?fit=1000%2C598&ssl=1&resize=350%2C200 1x, https:\/\/i0.wp.com\/noticiasribeiraopreto.com.br\/wp-content\/uploads\/2023\/11\/fundo-scaled.jpg?fit=1000%2C598&ssl=1&resize=525%2C300 1.5x, https:\/\/i0.wp.com\/noticiasribeiraopreto.com.br\/wp-content\/uploads\/2023\/11\/fundo-scaled.jpg?fit=1000%2C598&ssl=1&resize=700%2C400 2x"},"classes":[]},{"id":67271,"url":"https:\/\/noticiasribeiraopreto.com.br\/index.php\/2025\/04\/11\/entenda-o-que-significa-o-fim-do-fenomeno-climatico-la-nina\/","url_meta":{"origin":69474,"position":5},"title":"Entenda o que significa o fim do fen\u00f4meno clim\u00e1tico La Ni\u00f1a","author":"noticiasribeiraopreto.com.br","date":"11 de April de 2025","format":false,"excerpt":"A NOAA (Administra\u00e7\u00e3o Oce\u00e2nica e Atmosf\u00e9rica dos Estados Unidos) informou, na \u00faltima quinta-feira (10), que o fen\u00f4meno clim\u00e1tico La Ni\u00f1a chegou ao fim. Segundo a Climatempo, isso significa que, no momento, n\u00e3o h\u00e1 nem La Ni\u00f1a nem El Ni\u00f1o influenciando o clima global \u2013 uma situa\u00e7\u00e3o chamada de fase neutra.\u2026","rel":"","context":"In &quot;Not\u00edcias de Ribeir\u00e3o Preto-SP e Regi\u00e3o&quot;","block_context":{"text":"Not\u00edcias de Ribeir\u00e3o Preto-SP e Regi\u00e3o","link":"https:\/\/noticiasribeiraopreto.com.br\/index.php\/category\/noticias-de-ribeirao-preto-sp-e-regiao-ismael-colosi\/"},"img":{"alt_text":"","src":"https:\/\/i0.wp.com\/noticiasribeiraopreto.com.br\/wp-content\/uploads\/2025\/03\/WhatsApp-Image-2025-03-09-at-09.46.21_2025-03-09_12-46-30_jpeg_2025-03-09_12-46-30.webp.webp?fit=1200%2C738&ssl=1&resize=350%2C200","width":350,"height":200,"srcset":"https:\/\/i0.wp.com\/noticiasribeiraopreto.com.br\/wp-content\/uploads\/2025\/03\/WhatsApp-Image-2025-03-09-at-09.46.21_2025-03-09_12-46-30_jpeg_2025-03-09_12-46-30.webp.webp?fit=1200%2C738&ssl=1&resize=350%2C200 1x, https:\/\/i0.wp.com\/noticiasribeiraopreto.com.br\/wp-content\/uploads\/2025\/03\/WhatsApp-Image-2025-03-09-at-09.46.21_2025-03-09_12-46-30_jpeg_2025-03-09_12-46-30.webp.webp?fit=1200%2C738&ssl=1&resize=525%2C300 1.5x, https:\/\/i0.wp.com\/noticiasribeiraopreto.com.br\/wp-content\/uploads\/2025\/03\/WhatsApp-Image-2025-03-09-at-09.46.21_2025-03-09_12-46-30_jpeg_2025-03-09_12-46-30.webp.webp?fit=1200%2C738&ssl=1&resize=700%2C400 2x, https:\/\/i0.wp.com\/noticiasribeiraopreto.com.br\/wp-content\/uploads\/2025\/03\/WhatsApp-Image-2025-03-09-at-09.46.21_2025-03-09_12-46-30_jpeg_2025-03-09_12-46-30.webp.webp?fit=1200%2C738&ssl=1&resize=1050%2C600 3x"},"classes":[]}],"jetpack_sharing_enabled":true,"jetpack_shortlink":"https:\/\/wp.me\/peQAOb-i4y","_links":{"self":[{"href":"https:\/\/noticiasribeiraopreto.com.br\/index.php\/wp-json\/wp\/v2\/posts\/69474","targetHints":{"allow":["GET"]}}],"collection":[{"href":"https:\/\/noticiasribeiraopreto.com.br\/index.php\/wp-json\/wp\/v2\/posts"}],"about":[{"href":"https:\/\/noticiasribeiraopreto.com.br\/index.php\/wp-json\/wp\/v2\/types\/post"}],"author":[{"embeddable":true,"href":"https:\/\/noticiasribeiraopreto.com.br\/index.php\/wp-json\/wp\/v2\/users\/1"}],"replies":[{"embeddable":true,"href":"https:\/\/noticiasribeiraopreto.com.br\/index.php\/wp-json\/wp\/v2\/comments?post=69474"}],"version-history":[{"count":0,"href":"https:\/\/noticiasribeiraopreto.com.br\/index.php\/wp-json\/wp\/v2\/posts\/69474\/revisions"}],"wp:featuredmedia":[{"embeddable":true,"href":"https:\/\/noticiasribeiraopreto.com.br\/index.php\/wp-json\/wp\/v2\/media\/57142"}],"wp:attachment":[{"href":"https:\/\/noticiasribeiraopreto.com.br\/index.php\/wp-json\/wp\/v2\/media?parent=69474"}],"wp:term":[{"taxonomy":"category","embeddable":true,"href":"https:\/\/noticiasribeiraopreto.com.br\/index.php\/wp-json\/wp\/v2\/categories?post=69474"},{"taxonomy":"post_tag","embeddable":true,"href":"https:\/\/noticiasribeiraopreto.com.br\/index.php\/wp-json\/wp\/v2\/tags?post=69474"}],"curies":[{"name":"wp","href":"https:\/\/api.w.org\/{rel}","templated":true}]}}