{"id":69475,"date":"2025-05-06T16:40:37","date_gmt":"2025-05-06T19:40:37","guid":{"rendered":"https:\/\/noticiasribeiraopreto.com.br\/index.php\/2025\/05\/06\/ribeirao-preto-amplia-oferta-de-voos-para-sao-paulo-veja-os-horarios\/"},"modified":"2025-05-06T16:40:37","modified_gmt":"2025-05-06T19:40:37","slug":"ribeirao-preto-amplia-oferta-de-voos-para-sao-paulo-veja-os-horarios","status":"publish","type":"post","link":"https:\/\/noticiasribeiraopreto.com.br\/index.php\/2025\/05\/06\/ribeirao-preto-amplia-oferta-de-voos-para-sao-paulo-veja-os-horarios\/","title":{"rendered":"Ribeir\u00e3o Preto amplia oferta de voos para S\u00e3o Paulo; veja os hor\u00e1rios"},"content":{"rendered":"<p> <br \/>\n<\/p>\n<div data-td-block-uid=\"tdi_95\">\n<div class=\"tdb-block-inner td-fix-index\">\n<p>A <strong>Gol Linhas A\u00e9reas <\/strong>anunciou nesta ter\u00e7a-feira (6) a amplia\u00e7\u00e3o da oferta de voos entre <strong>Ribeir\u00e3o Preto<\/strong> e <strong>S\u00e3o Paulo<\/strong>. Os voos s\u00e3o operados com as aeronaves <strong>Boeing 737<\/strong>, com capacidade para 186 passageiros.<\/p>\n<p>Segundo a companhia, seis novas frequ\u00eancias foram acrescentadas \u00e0 rota entre os aeroportos de Congonhas e Leite Lopes, <mark style=\"background-color:#fcb900\" class=\"has-inline-color has-black-color\">totalizando 12 sa\u00eddas semanais em cada sentido<\/mark>.<\/p>\n<h2 class=\"wp-block-heading\"><strong>Ajustes nos hor\u00e1rios<\/strong><\/h2>\n<p>Desde maio de 2023, a Gol mant\u00e9m opera\u00e7\u00f5es di\u00e1rias entre o aeroporto na capital e Ribeir\u00e3o Preto. Com a expans\u00e3o das frequ\u00eancias, houve tamb\u00e9m ajustes nos hor\u00e1rios de partidas e chegadas.<\/p>\n<p>Os passageiros da rota S\u00e3o Paulo\/Congonhas-Ribeir\u00e3o Preto passam a ter \u00e0 disposi\u00e7\u00e3o dois hor\u00e1rios de voos, um de manh\u00e3 e outro no per\u00edodo da tarde, a partir das duas cidades.<\/p>\n<p>No per\u00edodo da manh\u00e3, o voo deixa Congonhas \u00e0s 8h05, pousando em Ribeir\u00e3o Preto \u00e0s 9h20. J\u00e1 no per\u00edodo da tarde, a sa\u00edda da capital paulista se d\u00e1 \u00e0s 16h55, e a aterrissagem no Leite Lopes, \u00e0s 18h.<\/p>\n<p>No sentido contr\u00e1rio (RAO-CGH), os voos partem de Ribeir\u00e3o Preto \u00e0s 10h e 18h40, com pouso em S\u00e3o Paulo \u00e0s 11h05, 19h40 e 19h55. Aos domingos h\u00e1 pequenos ajustes nos hor\u00e1rios \u2013 veja tabela abaixo.<\/p>\n<figure class=\"wp-block-image size-large\"><img data-recalc-dims=\"1\" fetchpriority=\"high\" decoding=\"async\" width=\"499\" height=\"1024\" src=\"https:\/\/i0.wp.com\/www.acidadeon.com\/ribeiraopreto\/wp-content\/uploads\/sites\/3\/2025\/05\/voos-gol_2025-05-06_18-01-01-499x1024.webp?resize=499%2C1024&#038;ssl=1\" alt=\"\" class=\"wp-image-115684\" srcset=\"https:\/\/www.acidadeon.com\/ribeiraopreto\/wp-content\/uploads\/sites\/3\/2025\/05\/voos-gol_2025-05-06_18-01-01-499x1024.webp 499w, https:\/\/www.acidadeon.com\/ribeiraopreto\/wp-content\/uploads\/sites\/3\/2025\/05\/voos-gol_2025-05-06_18-01-01-146x300.webp 146w, https:\/\/www.acidadeon.com\/ribeiraopreto\/wp-content\/uploads\/sites\/3\/2025\/05\/voos-gol_2025-05-06_18-01-01-768x1577.webp 768w, https:\/\/www.acidadeon.com\/ribeiraopreto\/wp-content\/uploads\/sites\/3\/2025\/05\/voos-gol_2025-05-06_18-01-01-748x1536.webp 748w, https:\/\/www.acidadeon.com\/ribeiraopreto\/wp-content\/uploads\/sites\/3\/2025\/05\/voos-gol_2025-05-06_18-01-01-696x1429.webp 696w, https:\/\/www.acidadeon.com\/ribeiraopreto\/wp-content\/uploads\/sites\/3\/2025\/05\/voos-gol_2025-05-06_18-01-01.webp 861w\" sizes=\"(max-width: 499px) 100vw, 499px\"\/><\/figure>\n<p>SAIBA MAIS<\/p>\n<p>Estudo da USP Ribeir\u00e3o acende alerta para dietas sem orienta\u00e7\u00e3o profissional<\/p>\n<h2 class=\"wp-block-heading\"><strong>FIQUE ON<\/strong><\/h2>\n<p>Fique ligado em tudo que acontece em Ribeir\u00e3o Preto e regi\u00e3o. Siga os perfis do<strong>\u00a0acidade on\u00a0<\/strong>no<a href=\"https:\/\/www.instagram.com\/acidadeonribeirao\">\u00a0Instagram<\/a>\u00a0e no\u00a0<a href=\"https:\/\/www.facebook.com\/acidadeonribeirao\/\">Facebook.<\/a><\/p>\n<p>Receba not\u00edcias do\u00a0<strong>acidade on\u00a0<\/strong>no WhatsApp.\u00a0<a href=\"https:\/\/chat.whatsapp.com\/BjKQZ9oJwlz8VVT50NuePq\">Para entrar no grupo, basta clicar aqui.<\/a><\/p>\n<p>Fa\u00e7a uma den\u00fancia ou sugira uma reportagem sobre Ribeir\u00e3o Preto e regi\u00e3o pelo WhatsApp: 16 99117 7802.<\/p>\n<p>VEJA TAMB\u00c9M<\/p>\n<p>Qual foi o conclave mais longo da hist\u00f3ria?<\/p>\n<p><!-- CONTENT END 1 -->\n<\/div>\n<\/div>\n<p><script async src=\"\/\/www.instagram.com\/embed.js\"><\/script><br \/>\n<br \/><br \/>\n<br \/><a href=\"https:\/\/www.acidadeon.com\/ribeiraopreto\/economia\/ribeirao-preto-mais-voos-para-sao-paulo-conheca-os-detalhes-das-novas-rotas\/\">Source link <\/a><\/p>\n","protected":false},"excerpt":{"rendered":"<p>A Gol Linhas A\u00e9reas anunciou nesta ter\u00e7a-feira (6) a amplia\u00e7\u00e3o da oferta de voos entre Ribeir\u00e3o Preto e S\u00e3o Paulo. Os voos s\u00e3o operados com&#8230;<\/p>\n","protected":false},"author":1,"featured_media":46691,"comment_status":"open","ping_status":"open","sticky":false,"template":"","format":"standard","meta":{"advanced_seo_description":"","jetpack_seo_html_title":"","jetpack_seo_noindex":false,"jetpack_post_was_ever_published":false,"_jetpack_newsletter_access":"","_jetpack_dont_email_post_to_subs":false,"_jetpack_newsletter_tier_id":0,"_jetpack_memberships_contains_paywalled_content":false,"_jetpack_memberships_contains_paid_content":false,"footnotes":"","jetpack_publicize_message":"","jetpack_publicize_feature_enabled":true,"jetpack_social_post_already_shared":true,"jetpack_social_options":{"image_generator_settings":{"template":"highway","default_image_id":0,"font":"","enabled":false},"version":2}},"categories":[11],"tags":[],"class_list":["post-69475","post","type-post","status-publish","format-standard","has-post-thumbnail","hentry","category-noticias-de-ribeirao-preto-sp-e-regiao-ismael-colosi"],"jetpack_publicize_connections":[],"jetpack_featured_media_url":"https:\/\/i0.wp.com\/noticiasribeiraopreto.com.br\/wp-content\/uploads\/2024\/04\/AnyConv.com__leite-lopes.webp.webp?fit=1019%2C572&ssl=1","jetpack-related-posts":[{"id":69590,"url":"https:\/\/noticiasribeiraopreto.com.br\/index.php\/2025\/05\/07\/gol-dobra-oferta-de-voos-para-sp\/","url_meta":{"origin":69475,"position":0},"title":"Gol dobra oferta de voos para SP \u00a0","author":"noticiasribeiraopreto.com.br","date":"7 de May de 2025","format":false,"excerpt":"7 de maio de 2025 12:007 de maio de 2025 11:376 Compartilhar0 A Gol Linhas A\u00e9reas ampliou a oferta de voos entre a capital paulista e Ribeir\u00e3o Preto, uma das mais pujantes cidades do interior de S\u00e3o Paulo, no nordeste paulista. Desde 30 de mar\u00e7o, seis novas frequ\u00eancias foram acrescentadas\u2026","rel":"","context":"In &quot;Not\u00edcias de Ribeir\u00e3o Preto-SP e Regi\u00e3o&quot;","block_context":{"text":"Not\u00edcias de Ribeir\u00e3o Preto-SP e Regi\u00e3o","link":"https:\/\/noticiasribeiraopreto.com.br\/index.php\/category\/noticias-de-ribeirao-preto-sp-e-regiao-ismael-colosi\/"},"img":{"alt_text":"","src":"https:\/\/i0.wp.com\/noticiasribeiraopreto.com.br\/wp-content\/uploads\/2025\/05\/Gol-Marcelo-Camargo-Ag.Br_.jpg?fit=1161%2C702&ssl=1&resize=350%2C200","width":350,"height":200,"srcset":"https:\/\/i0.wp.com\/noticiasribeiraopreto.com.br\/wp-content\/uploads\/2025\/05\/Gol-Marcelo-Camargo-Ag.Br_.jpg?fit=1161%2C702&ssl=1&resize=350%2C200 1x, https:\/\/i0.wp.com\/noticiasribeiraopreto.com.br\/wp-content\/uploads\/2025\/05\/Gol-Marcelo-Camargo-Ag.Br_.jpg?fit=1161%2C702&ssl=1&resize=525%2C300 1.5x, https:\/\/i0.wp.com\/noticiasribeiraopreto.com.br\/wp-content\/uploads\/2025\/05\/Gol-Marcelo-Camargo-Ag.Br_.jpg?fit=1161%2C702&ssl=1&resize=700%2C400 2x, https:\/\/i0.wp.com\/noticiasribeiraopreto.com.br\/wp-content\/uploads\/2025\/05\/Gol-Marcelo-Camargo-Ag.Br_.jpg?fit=1161%2C702&ssl=1&resize=1050%2C600 3x"},"classes":[]},{"id":79300,"url":"https:\/\/noticiasribeiraopreto.com.br\/index.php\/2025\/10\/29\/latam-anuncia-14-voos-para-ribeirao\/","url_meta":{"origin":69475,"position":1},"title":"Latam anuncia 14 voos \u2028para Ribeir\u00e3o","author":"noticiasribeiraopreto.com.br","date":"29 de October de 2025","format":false,"excerpt":"Do Aeroporto Internacional de Guarulhos sair\u00e3o 14 voos semanais (dois di\u00e1rios) para o Aeroporto Estadual Doutor Leite Lopes, em Ribeir\u00e3o Preto\u2028 \u2028Nesta semana, a Latam Airlines Brasil iniciou opera\u00e7\u00f5es em sete novas rotas dom\u00e9sticas que fortalecem a malha a\u00e9rea brasileira, ampliando as op\u00e7\u00f5es de hor\u00e1rios e as liga\u00e7\u00f5es diretas entre\u2026","rel":"","context":"In &quot;Not\u00edcias de Ribeir\u00e3o Preto-SP e Regi\u00e3o&quot;","block_context":{"text":"Not\u00edcias de Ribeir\u00e3o Preto-SP e Regi\u00e3o","link":"https:\/\/noticiasribeiraopreto.com.br\/index.php\/category\/noticias-de-ribeirao-preto-sp-e-regiao-ismael-colosi\/"},"img":{"alt_text":"","src":"https:\/\/i0.wp.com\/noticiasribeiraopreto.com.br\/wp-content\/uploads\/2025\/10\/Latam-Divulgacao-scaled.jpg?fit=1170%2C780&ssl=1&resize=350%2C200","width":350,"height":200,"srcset":"https:\/\/i0.wp.com\/noticiasribeiraopreto.com.br\/wp-content\/uploads\/2025\/10\/Latam-Divulgacao-scaled.jpg?fit=1170%2C780&ssl=1&resize=350%2C200 1x, https:\/\/i0.wp.com\/noticiasribeiraopreto.com.br\/wp-content\/uploads\/2025\/10\/Latam-Divulgacao-scaled.jpg?fit=1170%2C780&ssl=1&resize=525%2C300 1.5x, https:\/\/i0.wp.com\/noticiasribeiraopreto.com.br\/wp-content\/uploads\/2025\/10\/Latam-Divulgacao-scaled.jpg?fit=1170%2C780&ssl=1&resize=700%2C400 2x, https:\/\/i0.wp.com\/noticiasribeiraopreto.com.br\/wp-content\/uploads\/2025\/10\/Latam-Divulgacao-scaled.jpg?fit=1170%2C780&ssl=1&resize=1050%2C600 3x"},"classes":[]},{"id":39857,"url":"https:\/\/noticiasribeiraopreto.com.br\/index.php\/2024\/02\/28\/companhia-aerea-amplia-operacoes-no-aeroporto-de-ribeirao\/","url_meta":{"origin":69475,"position":2},"title":"Companhia a\u00e9rea amplia opera\u00e7\u00f5es no aeroporto de Ribeir\u00e3o","author":"noticiasribeiraopreto.com.br","date":"28 de February de 2024","format":false,"excerpt":"28 de fevereiro de 2024 | 15:1528 de fevereiro de 2024 | 15:28 0A GOL Linhas A\u00e9reas anunciou a expans\u00e3o das suas opera\u00e7\u00f5es na cidade de Ribeir\u00e3o Preto (RAO), um dos mais importantes polos econ\u00f4micos do interior paulista. Desde 18 de fevereiro de 2024, uma nova frequ\u00eancia di\u00e1ria de ida\u2026","rel":"","context":"In &quot;Not\u00edcias de Ribeir\u00e3o Preto-SP e Regi\u00e3o&quot;","block_context":{"text":"Not\u00edcias de Ribeir\u00e3o Preto-SP e Regi\u00e3o","link":"https:\/\/noticiasribeiraopreto.com.br\/index.php\/category\/noticias-de-ribeirao-preto-sp-e-regiao-ismael-colosi\/"},"img":{"alt_text":"","src":"https:\/\/i0.wp.com\/noticiasribeiraopreto.com.br\/wp-content\/uploads\/2024\/02\/4682bc8a-2fb5-4965-89d8-fa0b78ade553-scaled.jpg?fit=968%2C645&ssl=1&resize=350%2C200","width":350,"height":200,"srcset":"https:\/\/i0.wp.com\/noticiasribeiraopreto.com.br\/wp-content\/uploads\/2024\/02\/4682bc8a-2fb5-4965-89d8-fa0b78ade553-scaled.jpg?fit=968%2C645&ssl=1&resize=350%2C200 1x, https:\/\/i0.wp.com\/noticiasribeiraopreto.com.br\/wp-content\/uploads\/2024\/02\/4682bc8a-2fb5-4965-89d8-fa0b78ade553-scaled.jpg?fit=968%2C645&ssl=1&resize=525%2C300 1.5x, https:\/\/i0.wp.com\/noticiasribeiraopreto.com.br\/wp-content\/uploads\/2024\/02\/4682bc8a-2fb5-4965-89d8-fa0b78ade553-scaled.jpg?fit=968%2C645&ssl=1&resize=700%2C400 2x"},"classes":[]},{"id":65285,"url":"https:\/\/noticiasribeiraopreto.com.br\/index.php\/2025\/03\/18\/latam-inicia-voos-regulares-entre-ribeirao-preto-e-sao-paulo-veja-as-datas-e-horarios\/","url_meta":{"origin":69475,"position":3},"title":"Latam inicia voos regulares entre Ribeir\u00e3o Preto e S\u00e3o Paulo; veja as datas e hor\u00e1rios","author":"noticiasribeiraopreto.com.br","date":"18 de March de 2025","format":false,"excerpt":"A Latam Airlines Brasil anunciou, nesta ter\u00e7a-feira (18), a antecipa\u00e7\u00e3o do in\u00edcio de suas opera\u00e7\u00f5es regulares entre o Aeroporto Internacional de Guarulhos e Ribeir\u00e3o Preto. Inicialmente previstas para o final de mar\u00e7o, a rota come\u00e7ar\u00e1 j\u00e1 nesta semana. Entre os dias 18 e 31 de mar\u00e7o, a Latam realizar\u00e1 um\u2026","rel":"","context":"In &quot;Not\u00edcias de Ribeir\u00e3o Preto-SP e Regi\u00e3o&quot;","block_context":{"text":"Not\u00edcias de Ribeir\u00e3o Preto-SP e Regi\u00e3o","link":"https:\/\/noticiasribeiraopreto.com.br\/index.php\/category\/noticias-de-ribeirao-preto-sp-e-regiao-ismael-colosi\/"},"img":{"alt_text":"","src":"https:\/\/i0.wp.com\/noticiasribeiraopreto.com.br\/wp-content\/uploads\/2025\/03\/Copia-de-Copia-de-Copia-de-TAMANHO-EXATO-PARA-FOTOS-NO-SISTEMA-NOVO-2025-03-18T134227.396_2025-03-18_16-42-34_png_2025-03-18_16-42-34.webp.webp?fit=1200%2C675&ssl=1&resize=350%2C200","width":350,"height":200,"srcset":"https:\/\/i0.wp.com\/noticiasribeiraopreto.com.br\/wp-content\/uploads\/2025\/03\/Copia-de-Copia-de-Copia-de-TAMANHO-EXATO-PARA-FOTOS-NO-SISTEMA-NOVO-2025-03-18T134227.396_2025-03-18_16-42-34_png_2025-03-18_16-42-34.webp.webp?fit=1200%2C675&ssl=1&resize=350%2C200 1x, https:\/\/i0.wp.com\/noticiasribeiraopreto.com.br\/wp-content\/uploads\/2025\/03\/Copia-de-Copia-de-Copia-de-TAMANHO-EXATO-PARA-FOTOS-NO-SISTEMA-NOVO-2025-03-18T134227.396_2025-03-18_16-42-34_png_2025-03-18_16-42-34.webp.webp?fit=1200%2C675&ssl=1&resize=525%2C300 1.5x, https:\/\/i0.wp.com\/noticiasribeiraopreto.com.br\/wp-content\/uploads\/2025\/03\/Copia-de-Copia-de-Copia-de-TAMANHO-EXATO-PARA-FOTOS-NO-SISTEMA-NOVO-2025-03-18T134227.396_2025-03-18_16-42-34_png_2025-03-18_16-42-34.webp.webp?fit=1200%2C675&ssl=1&resize=700%2C400 2x, https:\/\/i0.wp.com\/noticiasribeiraopreto.com.br\/wp-content\/uploads\/2025\/03\/Copia-de-Copia-de-Copia-de-TAMANHO-EXATO-PARA-FOTOS-NO-SISTEMA-NOVO-2025-03-18T134227.396_2025-03-18_16-42-34_png_2025-03-18_16-42-34.webp.webp?fit=1200%2C675&ssl=1&resize=1050%2C600 3x"},"classes":[]},{"id":83995,"url":"https:\/\/noticiasribeiraopreto.com.br\/index.php\/2026\/03\/30\/ribeirao-preto-passa-a-contar-com-mais-opcoes-de-voos-para-sp\/","url_meta":{"origin":69475,"position":4},"title":"Ribeir\u00e3o Preto passa a contar com mais op\u00e7\u00f5es de voos para SP","author":"noticiasribeiraopreto.com.br","date":"30 de March de 2026","format":false,"excerpt":"Ler o resumo da not\u00edcia GOL Linhas A\u00e9reas ampliou a frequ\u00eancia de voos entre Ribeir\u00e3o Preto e Congonhas (SP) a partir de 29 de mar\u00e7o de 2026. A rota passou de 12 para 13 voos semanais em cada sentido, operando todos os dias da semana. O aumento representa crescimento de\u2026","rel":"","context":"In &quot;Not\u00edcias de Ribeir\u00e3o Preto-SP e Regi\u00e3o&quot;","block_context":{"text":"Not\u00edcias de Ribeir\u00e3o Preto-SP e Regi\u00e3o","link":"https:\/\/noticiasribeiraopreto.com.br\/index.php\/category\/noticias-de-ribeirao-preto-sp-e-regiao-ismael-colosi\/"},"img":{"alt_text":"","src":"https:\/\/i0.wp.com\/noticiasribeiraopreto.com.br\/wp-content\/uploads\/2026\/03\/gol_2025-10-01_19-10-00.webp.webp?fit=1200%2C791&ssl=1&resize=350%2C200","width":350,"height":200,"srcset":"https:\/\/i0.wp.com\/noticiasribeiraopreto.com.br\/wp-content\/uploads\/2026\/03\/gol_2025-10-01_19-10-00.webp.webp?fit=1200%2C791&ssl=1&resize=350%2C200 1x, https:\/\/i0.wp.com\/noticiasribeiraopreto.com.br\/wp-content\/uploads\/2026\/03\/gol_2025-10-01_19-10-00.webp.webp?fit=1200%2C791&ssl=1&resize=525%2C300 1.5x, https:\/\/i0.wp.com\/noticiasribeiraopreto.com.br\/wp-content\/uploads\/2026\/03\/gol_2025-10-01_19-10-00.webp.webp?fit=1200%2C791&ssl=1&resize=700%2C400 2x, https:\/\/i0.wp.com\/noticiasribeiraopreto.com.br\/wp-content\/uploads\/2026\/03\/gol_2025-10-01_19-10-00.webp.webp?fit=1200%2C791&ssl=1&resize=1050%2C600 3x"},"classes":[]},{"id":72572,"url":"https:\/\/noticiasribeiraopreto.com.br\/index.php\/2025\/06\/18\/latam-tera-14-voos-semanais-para-rp\/","url_meta":{"origin":69475,"position":5},"title":"Latam ter\u00e1 14 voos semanais para RP","author":"noticiasribeiraopreto.com.br","date":"18 de June de 2025","format":false,"excerpt":"18 de junho de 2025 16:0018 de junho de 2025 10:059 Compartilhar0 A Latam Airlines Brasil vai ampliar em 16% o volume de voos no Brasil a partir de outubro de 2025 ante igual per\u00edodo do ano passado. A adi\u00e7\u00e3o de 120 mil novos assentos vir\u00e1 da cria\u00e7\u00e3o de tr\u00eas\u2026","rel":"","context":"In &quot;Not\u00edcias de Ribeir\u00e3o Preto-SP e Regi\u00e3o&quot;","block_context":{"text":"Not\u00edcias de Ribeir\u00e3o Preto-SP e Regi\u00e3o","link":"https:\/\/noticiasribeiraopreto.com.br\/index.php\/category\/noticias-de-ribeirao-preto-sp-e-regiao-ismael-colosi\/"},"img":{"alt_text":"","src":"https:\/\/i0.wp.com\/noticiasribeiraopreto.com.br\/wp-content\/uploads\/2025\/06\/Latam-Divulgacao-02-scaled.jpg?fit=750%2C500&ssl=1&resize=350%2C200","width":350,"height":200,"srcset":"https:\/\/i0.wp.com\/noticiasribeiraopreto.com.br\/wp-content\/uploads\/2025\/06\/Latam-Divulgacao-02-scaled.jpg?fit=750%2C500&ssl=1&resize=350%2C200 1x, https:\/\/i0.wp.com\/noticiasribeiraopreto.com.br\/wp-content\/uploads\/2025\/06\/Latam-Divulgacao-02-scaled.jpg?fit=750%2C500&ssl=1&resize=525%2C300 1.5x, https:\/\/i0.wp.com\/noticiasribeiraopreto.com.br\/wp-content\/uploads\/2025\/06\/Latam-Divulgacao-02-scaled.jpg?fit=750%2C500&ssl=1&resize=700%2C400 2x"},"classes":[]}],"jetpack_sharing_enabled":true,"jetpack_shortlink":"https:\/\/wp.me\/peQAOb-i4z","_links":{"self":[{"href":"https:\/\/noticiasribeiraopreto.com.br\/index.php\/wp-json\/wp\/v2\/posts\/69475","targetHints":{"allow":["GET"]}}],"collection":[{"href":"https:\/\/noticiasribeiraopreto.com.br\/index.php\/wp-json\/wp\/v2\/posts"}],"about":[{"href":"https:\/\/noticiasribeiraopreto.com.br\/index.php\/wp-json\/wp\/v2\/types\/post"}],"author":[{"embeddable":true,"href":"https:\/\/noticiasribeiraopreto.com.br\/index.php\/wp-json\/wp\/v2\/users\/1"}],"replies":[{"embeddable":true,"href":"https:\/\/noticiasribeiraopreto.com.br\/index.php\/wp-json\/wp\/v2\/comments?post=69475"}],"version-history":[{"count":0,"href":"https:\/\/noticiasribeiraopreto.com.br\/index.php\/wp-json\/wp\/v2\/posts\/69475\/revisions"}],"wp:featuredmedia":[{"embeddable":true,"href":"https:\/\/noticiasribeiraopreto.com.br\/index.php\/wp-json\/wp\/v2\/media\/46691"}],"wp:attachment":[{"href":"https:\/\/noticiasribeiraopreto.com.br\/index.php\/wp-json\/wp\/v2\/media?parent=69475"}],"wp:term":[{"taxonomy":"category","embeddable":true,"href":"https:\/\/noticiasribeiraopreto.com.br\/index.php\/wp-json\/wp\/v2\/categories?post=69475"},{"taxonomy":"post_tag","embeddable":true,"href":"https:\/\/noticiasribeiraopreto.com.br\/index.php\/wp-json\/wp\/v2\/tags?post=69475"}],"curies":[{"name":"wp","href":"https:\/\/api.w.org\/{rel}","templated":true}]}}